{"id":21628,"date":"2021-08-09T18:25:21","date_gmt":"2021-08-09T21:25:21","guid":{"rendered":"https:\/\/jornalfatosenoticias.com.br\/?p=21628"},"modified":"2021-08-09T18:25:22","modified_gmt":"2021-08-09T21:25:22","slug":"seis-dicas-para-cuidar-do-nariz-ressecado-no-inverno","status":"publish","type":"post","link":"https:\/\/jornalfatosenoticias.com.br\/index.php\/2021\/08\/09\/seis-dicas-para-cuidar-do-nariz-ressecado-no-inverno\/","title":{"rendered":"Seis dicas para cuidar do nariz ressecado no inverno"},"content":{"rendered":"\n<p>Se voc\u00ea est\u00e1 sofrendo com o inverno, n\u00e3o apenas por causa das baixas temperaturas, mas tamb\u00e9m porque o ar seco deixa suas narinas ressecadas, esse texto \u00e9 para voc\u00ea. A sensa\u00e7\u00e3o \u00e9 de que o ar seco entra &#8220;rasgando&#8221; e, com frequ\u00eancia, incomoda nosso nariz. Ficar co\u00e7ando por cima da m\u00e1scara \u2014 ou, pior, tirando-a para co\u00e7ar! \u2014 n\u00e3o me parece algo seguro nessa <a href=\"https:\/\/www.megacurioso.com.br\/artes-cultura\/119430-tatuagens-da-pandemia-voce-faria-uma-para-imortalizar-esse-momento.htm\" rel=\"noreferrer noopener\" target=\"_blank\">pandemia<\/a> que estamos vivendo, n\u00e9?<br>No meu caso, a vil\u00e3 do nariz ressecado \u00e9 a rinite al\u00e9rgica, que sempre incomoda mais nessa \u00e9poca do ano, mas as outras &#8220;ites&#8221;, como a sinusite, tamb\u00e9m podem causar esses sintomas. O nariz ressecado tamb\u00e9m pode estar relacionado com <a href=\"https:\/\/www.megacurioso.com.br\/saude-e-beleza\/24281-passar-frio-faz-com-que-voce-fique-resfriado-.htm\" rel=\"noreferrer noopener\" target=\"_blank\">resfriados e gripes<\/a> (que fazem a pessoa assoar bastante o nariz), com o h\u00e1bito de fumar, al\u00e9m de ser comum em quem vive em lugares secos, de modo geral. At\u00e9 defici\u00eancias nutricionais e alguns rem\u00e9dios podem fazer com que seu nariz fique ressecado, ainda mais com o ar seco do inverno.<br>Mas, uma vez que o problema j\u00e1 est\u00e1 a\u00ed \u2014 e provavelmente vai continuar at\u00e9 o final do inverno \u2014, o que a gente pode fazer para evit\u00e1-lo ou, pelo menos, aliviar esse sofrimento?<\/p>\n\n\n\n<p><strong><span class=\"has-inline-color has-black-color\">1. Evite deixar o ar ainda mais seco<br><\/span><\/strong>A gente est\u00e1 reclamando que as narinas est\u00e3o secas, a\u00ed vamos l\u00e1 e deixamos o ar da nossa casa ainda mais seco: n\u00e3o d\u00e1, n\u00e9? A quest\u00e3o \u00e9 que muita gente faz isso sem saber, ainda mais no inverno. Ent\u00e3o a\u00ed vai a dica: aquecedores de ambientes e condicionadores de ar diminuem a umidade do ar e pioram seu nariz ressecado.<\/p>\n\n\n\n<figure class=\"wp-block-image size-large is-style-default\"><img loading=\"lazy\" decoding=\"async\" width=\"1000\" height=\"666\" src=\"https:\/\/jornalfatosenoticias.com.br\/wp-content\/uploads\/2021\/08\/air-conditioning-nariz-ressecado.jpg\" alt=\"\" class=\"wp-image-21629\" srcset=\"https:\/\/jornalfatosenoticias.com.br\/wp-content\/uploads\/2021\/08\/air-conditioning-nariz-ressecado.jpg 1000w, https:\/\/jornalfatosenoticias.com.br\/wp-content\/uploads\/2021\/08\/air-conditioning-nariz-ressecado-300x200.jpg 300w, https:\/\/jornalfatosenoticias.com.br\/wp-content\/uploads\/2021\/08\/air-conditioning-nariz-ressecado-768x511.jpg 768w\" sizes=\"auto, (max-width: 1000px) 100vw, 1000px\" \/><figcaption><em><span class=\"has-inline-color has-black-color\">(Foto: Freepik)<\/span><\/em><\/figcaption><\/figure>\n\n\n\n<p><strong><span class=\"has-inline-color has-black-color\">2. Umidifique o ar com uma vasilha de \u00e1gua<br><\/span><\/strong>H\u00e1 uma infinidade de aparelhos &#8220;umidificadores de ar&#8221; que voc\u00ea pode comprar para sua casa, especialmente para o quarto, que \u00e9 onde passamos mais tempo. Mas se voc\u00ea n\u00e3o tem um por a\u00ed (e n\u00e3o est\u00e1 querendo gastar comprando um), \u00e9 poss\u00edvel improvisar: coloque uma vasilha de \u00e1gua grande em um canto do quarto. N\u00e3o tem o mesmo efeito, mas j\u00e1 ajuda.<\/p>\n\n\n\n<figure class=\"wp-block-image size-large is-style-default\"><img loading=\"lazy\" decoding=\"async\" width=\"1000\" height=\"625\" src=\"https:\/\/jornalfatosenoticias.com.br\/wp-content\/uploads\/2021\/08\/diffusion_nariz-ressecado.jpeg\" alt=\"\" class=\"wp-image-21630\" srcset=\"https:\/\/jornalfatosenoticias.com.br\/wp-content\/uploads\/2021\/08\/diffusion_nariz-ressecado.jpeg 1000w, https:\/\/jornalfatosenoticias.com.br\/wp-content\/uploads\/2021\/08\/diffusion_nariz-ressecado-300x188.jpeg 300w, https:\/\/jornalfatosenoticias.com.br\/wp-content\/uploads\/2021\/08\/diffusion_nariz-ressecado-768x480.jpeg 768w, https:\/\/jornalfatosenoticias.com.br\/wp-content\/uploads\/2021\/08\/diffusion_nariz-ressecado-350x220.jpeg 350w\" sizes=\"auto, (max-width: 1000px) 100vw, 1000px\" \/><figcaption><em><span class=\"has-inline-color has-black-color\">(Foto: Freepik)<\/span><\/em><\/figcaption><\/figure>\n\n\n\n<p><strong><span class=\"has-inline-color has-black-color\">3. Aproveite um vapor<br><\/span><\/strong>Aquela \u00e1gua quente, que sobe um vapor quentinho, n\u00e3o \u00e9 boa apenas para aquecer o clima frio: ela tamb\u00e9m ajuda a hidratar nossas narinas, conforme respiramos esse vapor. Ent\u00e3o, voc\u00ea pode investir num chazinho bem quente, num banho, ou simplesmente enfiar a cara numa pia de \u00e1gua quente. O efeito n\u00e3o dura tanto, por\u00e9m d\u00e1 uma aliviada no ressecamento, quando ele est\u00e1 pegando demais.<\/p>\n\n\n\n<figure class=\"wp-block-image size-large is-style-default\"><img loading=\"lazy\" decoding=\"async\" width=\"1000\" height=\"667\" src=\"https:\/\/jornalfatosenoticias.com.br\/wp-content\/uploads\/2021\/08\/nariz-entupido_cha.jpg\" alt=\"\" class=\"wp-image-21631\" srcset=\"https:\/\/jornalfatosenoticias.com.br\/wp-content\/uploads\/2021\/08\/nariz-entupido_cha.jpg 1000w, https:\/\/jornalfatosenoticias.com.br\/wp-content\/uploads\/2021\/08\/nariz-entupido_cha-300x200.jpg 300w, https:\/\/jornalfatosenoticias.com.br\/wp-content\/uploads\/2021\/08\/nariz-entupido_cha-768x512.jpg 768w\" sizes=\"auto, (max-width: 1000px) 100vw, 1000px\" \/><figcaption><em><span class=\"has-inline-color has-black-color\">(Foto: Freepik)<\/span><\/em><\/figcaption><\/figure>\n\n\n\n<p><strong><span class=\"has-inline-color has-black-color\">4. Hidrate seu corpinho<br><\/span><\/strong>\u00c0s vezes seu nariz est\u00e1 ressecado porque seu corpo inteiro tamb\u00e9m est\u00e1, n\u00e9? Ainda mais com tempo frio, que muita gente se esquece de tomar \u00e1gua. Mesmo que voc\u00ea n\u00e3o sinta tanta sede, n\u00e3o se esquece de tomar seus dois litros de \u00e1gua. Al\u00e9m de aliviar esses ressecamentos, ajuda a evitar as temidas <a href=\"https:\/\/www.megacurioso.com.br\/saude-bem-estar\/103746-pedras-nos-rins-o-que-sao-como-se-multiplicam-e-possivel-evitar.htm\" rel=\"noreferrer noopener\" target=\"_blank\">pedras nos rins<\/a>. S\u00f3 benef\u00edcios.<\/p>\n\n\n\n<figure class=\"wp-block-image size-large is-style-default\"><img loading=\"lazy\" decoding=\"async\" width=\"1000\" height=\"666\" src=\"https:\/\/jornalfatosenoticias.com.br\/wp-content\/uploads\/2021\/08\/mulher-tomando-agua.jpg\" alt=\"\" class=\"wp-image-21632\" srcset=\"https:\/\/jornalfatosenoticias.com.br\/wp-content\/uploads\/2021\/08\/mulher-tomando-agua.jpg 1000w, https:\/\/jornalfatosenoticias.com.br\/wp-content\/uploads\/2021\/08\/mulher-tomando-agua-300x200.jpg 300w, https:\/\/jornalfatosenoticias.com.br\/wp-content\/uploads\/2021\/08\/mulher-tomando-agua-768x511.jpg 768w\" sizes=\"auto, (max-width: 1000px) 100vw, 1000px\" \/><figcaption><em><span class=\"has-inline-color has-black-color\">(Foto: Freepik)<\/span><\/em><\/figcaption><\/figure>\n\n\n\n<p><strong><span class=\"has-inline-color has-black-color\">5. Higienize o nariz corretamente<br><\/span><\/strong>N\u00e3o estamos dizendo que voc\u00ea \u00e9 porquinho, caro leitor. A quest\u00e3o \u00e9 que a gente deve usar os m\u00e9todos corretos para limpar o nariz para n\u00e3o piorar o ressecamento \u2014 ficar assoando o nariz o tempo todo \u00e9 algo que pode prejudicar, por exemplo. Os descongestionantes nasais comuns, que muita gente adora, tamb\u00e9m podem causar um efeito rebote.<br>Busque op\u00e7\u00f5es aprovadas pelos otorrinolaringologistas: o meu indica um descongestionante hipert\u00f4nico, s\u00f3 com cloreto de s\u00f3dio. Limpar o nariz com soro fisiol\u00f3gico (que nada mais \u00e9 do que \u00e1gua com cloreto de s\u00f3dio, tamb\u00e9m) \u00e9 uma \u00f3tima ideia, que os m\u00e9dicos recomendam.<br>Nos \u00faltimos tempos, tamb\u00e9m surgiram sprays nasais com xilitol, que podem ajudar na limpeza sem ressecar ainda mais o seu nariz.<\/p>\n\n\n\n<figure class=\"wp-block-image size-large is-style-default\"><img loading=\"lazy\" decoding=\"async\" width=\"1000\" height=\"667\" src=\"https:\/\/jornalfatosenoticias.com.br\/wp-content\/uploads\/2021\/08\/nariz-entupido_homem.jpg\" alt=\"\" class=\"wp-image-21633\" srcset=\"https:\/\/jornalfatosenoticias.com.br\/wp-content\/uploads\/2021\/08\/nariz-entupido_homem.jpg 1000w, https:\/\/jornalfatosenoticias.com.br\/wp-content\/uploads\/2021\/08\/nariz-entupido_homem-300x200.jpg 300w, https:\/\/jornalfatosenoticias.com.br\/wp-content\/uploads\/2021\/08\/nariz-entupido_homem-768x512.jpg 768w\" sizes=\"auto, (max-width: 1000px) 100vw, 1000px\" \/><figcaption><em><span class=\"has-inline-color has-black-color\">(Foto: Freepik)<\/span><\/em><\/figcaption><\/figure>\n\n\n\n<p><strong><span class=\"has-inline-color has-black-color\">6. Procure um m\u00e9dico<br><\/span><\/strong>A verdade \u00e9 que a pessoa mais indicada para cuidar do seu nariz \u00e9 o otorrinolaringologista, ent\u00e3o evite enfiar qualquer coisa dentro do seu antes de conversar com um. Se as dicas que demos aqui ajudarem, muito que bem, mas n\u00e3o hesite em procurar ajuda se os sintomas n\u00e3o melhorarem. Isso \u00e9 especialmente importante para quem j\u00e1 tem hist\u00f3rico de &#8220;ites&#8221; e outros problemas no aparelho respirat\u00f3rio.<\/p>\n\n\n\n<p><strong><em>Fonte: <a href=\"Fonte: Megacurioso\">Megacurioso<\/a><\/em><\/strong><\/p>\n","protected":false},"excerpt":{"rendered":"<p>Se voc\u00ea est\u00e1 sofrendo com o inverno, n\u00e3o apenas por causa das baixas temperaturas, mas tamb\u00e9m porque o ar seco deixa suas narinas ressecadas, esse texto \u00e9 para voc\u00ea. A sensa\u00e7\u00e3o \u00e9 de que o ar seco entra &#8220;rasgando&#8221; e, com frequ\u00eancia, incomoda nosso nariz. Ficar co\u00e7ando por cima da m\u00e1scara \u2014 ou, pior, tirando-a [&hellip;]<\/p>\n","protected":false},"author":2,"featured_media":21634,"comment_status":"open","ping_status":"open","sticky":false,"template":"","format":"standard","meta":{"footnotes":""},"categories":[42],"tags":[10550,2618,3453,10548,10549,2619],"class_list":["post-21628","post","type-post","status-publish","format-standard","has-post-thumbnail","hentry","category-bem-estar","tag-ar-seco","tag-gripes","tag-inverno","tag-nariz-entupido","tag-nariz-ressecado","tag-resfriados"],"yoast_head":"<!-- This site is optimized with the Yoast SEO plugin v26.5 - https:\/\/yoast.com\/wordpress\/plugins\/seo\/ -->\n<title>Seis dicas para cuidar do nariz ressecado no inverno - Jornal Fatos e Not\u00edcias<\/title>\n<meta name=\"robots\" content=\"index, follow, max-snippet:-1, max-image-preview:large, max-video-preview:-1\" \/>\n<link rel=\"canonical\" href=\"https:\/\/jornalfatosenoticias.com.br\/index.php\/2021\/08\/09\/seis-dicas-para-cuidar-do-nariz-ressecado-no-inverno\/\" \/>\n<meta property=\"og:locale\" content=\"pt_BR\" \/>\n<meta property=\"og:type\" content=\"article\" \/>\n<meta property=\"og:title\" content=\"Seis dicas para cuidar do nariz ressecado no inverno - Jornal Fatos e Not\u00edcias\" \/>\n<meta property=\"og:description\" content=\"Se voc\u00ea est\u00e1 sofrendo com o inverno, n\u00e3o apenas por causa das baixas temperaturas, mas tamb\u00e9m porque o ar seco deixa suas narinas ressecadas, esse texto \u00e9 para voc\u00ea. A sensa\u00e7\u00e3o \u00e9 de que o ar seco entra &#8220;rasgando&#8221; e, com frequ\u00eancia, incomoda nosso nariz. Ficar co\u00e7ando por cima da m\u00e1scara \u2014 ou, pior, tirando-a [&hellip;]\" \/>\n<meta property=\"og:url\" content=\"https:\/\/jornalfatosenoticias.com.br\/index.php\/2021\/08\/09\/seis-dicas-para-cuidar-do-nariz-ressecado-no-inverno\/\" \/>\n<meta property=\"og:site_name\" content=\"Jornal Fatos e Not\u00edcias\" \/>\n<meta property=\"article:published_time\" content=\"2021-08-09T21:25:21+00:00\" \/>\n<meta property=\"article:modified_time\" content=\"2021-08-09T21:25:22+00:00\" \/>\n<meta property=\"og:image\" content=\"https:\/\/jornalfatosenoticias.com.br\/wp-content\/uploads\/2021\/08\/nariz-entupido_capa.jpg\" \/>\n\t<meta property=\"og:image:width\" content=\"1000\" \/>\n\t<meta property=\"og:image:height\" content=\"666\" \/>\n\t<meta property=\"og:image:type\" content=\"image\/jpeg\" \/>\n<meta name=\"author\" content=\"Luzimara Fernandes\" \/>\n<meta name=\"twitter:card\" content=\"summary_large_image\" \/>\n<meta name=\"twitter:label1\" content=\"Escrito por\" \/>\n\t<meta name=\"twitter:data1\" content=\"Luzimara Fernandes\" \/>\n\t<meta name=\"twitter:label2\" content=\"Est. tempo de leitura\" \/>\n\t<meta name=\"twitter:data2\" content=\"3 minutos\" \/>\n<script type=\"application\/ld+json\" class=\"yoast-schema-graph\">{\"@context\":\"https:\/\/schema.org\",\"@graph\":[{\"@type\":\"Article\",\"@id\":\"https:\/\/jornalfatosenoticias.com.br\/index.php\/2021\/08\/09\/seis-dicas-para-cuidar-do-nariz-ressecado-no-inverno\/#article\",\"isPartOf\":{\"@id\":\"https:\/\/jornalfatosenoticias.com.br\/index.php\/2021\/08\/09\/seis-dicas-para-cuidar-do-nariz-ressecado-no-inverno\/\"},\"author\":{\"name\":\"Luzimara Fernandes\",\"@id\":\"https:\/\/jornalfatosenoticias.com.br\/#\/schema\/person\/d63837fa13ac8666eb9e74e0985d6f81\"},\"headline\":\"Seis dicas para cuidar do nariz ressecado no inverno\",\"datePublished\":\"2021-08-09T21:25:21+00:00\",\"dateModified\":\"2021-08-09T21:25:22+00:00\",\"mainEntityOfPage\":{\"@id\":\"https:\/\/jornalfatosenoticias.com.br\/index.php\/2021\/08\/09\/seis-dicas-para-cuidar-do-nariz-ressecado-no-inverno\/\"},\"wordCount\":709,\"commentCount\":0,\"publisher\":{\"@id\":\"https:\/\/jornalfatosenoticias.com.br\/#organization\"},\"image\":{\"@id\":\"https:\/\/jornalfatosenoticias.com.br\/index.php\/2021\/08\/09\/seis-dicas-para-cuidar-do-nariz-ressecado-no-inverno\/#primaryimage\"},\"thumbnailUrl\":\"https:\/\/jornalfatosenoticias.com.br\/wp-content\/uploads\/2021\/08\/nariz-entupido_capa.jpg\",\"keywords\":[\"ar seco\",\"gripes\",\"inverno\",\"nariz entupido\",\"nariz ressecado\",\"resfriados\"],\"articleSection\":[\"Bem-estar\"],\"inLanguage\":\"pt-BR\",\"potentialAction\":[{\"@type\":\"CommentAction\",\"name\":\"Comment\",\"target\":[\"https:\/\/jornalfatosenoticias.com.br\/index.php\/2021\/08\/09\/seis-dicas-para-cuidar-do-nariz-ressecado-no-inverno\/#respond\"]}]},{\"@type\":\"WebPage\",\"@id\":\"https:\/\/jornalfatosenoticias.com.br\/index.php\/2021\/08\/09\/seis-dicas-para-cuidar-do-nariz-ressecado-no-inverno\/\",\"url\":\"https:\/\/jornalfatosenoticias.com.br\/index.php\/2021\/08\/09\/seis-dicas-para-cuidar-do-nariz-ressecado-no-inverno\/\",\"name\":\"Seis dicas para cuidar do nariz ressecado no inverno - Jornal Fatos e Not\u00edcias\",\"isPartOf\":{\"@id\":\"https:\/\/jornalfatosenoticias.com.br\/#website\"},\"primaryImageOfPage\":{\"@id\":\"https:\/\/jornalfatosenoticias.com.br\/index.php\/2021\/08\/09\/seis-dicas-para-cuidar-do-nariz-ressecado-no-inverno\/#primaryimage\"},\"image\":{\"@id\":\"https:\/\/jornalfatosenoticias.com.br\/index.php\/2021\/08\/09\/seis-dicas-para-cuidar-do-nariz-ressecado-no-inverno\/#primaryimage\"},\"thumbnailUrl\":\"https:\/\/jornalfatosenoticias.com.br\/wp-content\/uploads\/2021\/08\/nariz-entupido_capa.jpg\",\"datePublished\":\"2021-08-09T21:25:21+00:00\",\"dateModified\":\"2021-08-09T21:25:22+00:00\",\"breadcrumb\":{\"@id\":\"https:\/\/jornalfatosenoticias.com.br\/index.php\/2021\/08\/09\/seis-dicas-para-cuidar-do-nariz-ressecado-no-inverno\/#breadcrumb\"},\"inLanguage\":\"pt-BR\",\"potentialAction\":[{\"@type\":\"ReadAction\",\"target\":[\"https:\/\/jornalfatosenoticias.com.br\/index.php\/2021\/08\/09\/seis-dicas-para-cuidar-do-nariz-ressecado-no-inverno\/\"]}]},{\"@type\":\"ImageObject\",\"inLanguage\":\"pt-BR\",\"@id\":\"https:\/\/jornalfatosenoticias.com.br\/index.php\/2021\/08\/09\/seis-dicas-para-cuidar-do-nariz-ressecado-no-inverno\/#primaryimage\",\"url\":\"https:\/\/jornalfatosenoticias.com.br\/wp-content\/uploads\/2021\/08\/nariz-entupido_capa.jpg\",\"contentUrl\":\"https:\/\/jornalfatosenoticias.com.br\/wp-content\/uploads\/2021\/08\/nariz-entupido_capa.jpg\",\"width\":1000,\"height\":666},{\"@type\":\"BreadcrumbList\",\"@id\":\"https:\/\/jornalfatosenoticias.com.br\/index.php\/2021\/08\/09\/seis-dicas-para-cuidar-do-nariz-ressecado-no-inverno\/#breadcrumb\",\"itemListElement\":[{\"@type\":\"ListItem\",\"position\":1,\"name\":\"In\u00edcio\",\"item\":\"https:\/\/jornalfatosenoticias.com.br\/\"},{\"@type\":\"ListItem\",\"position\":2,\"name\":\"Seis dicas para cuidar do nariz ressecado no inverno\"}]},{\"@type\":\"WebSite\",\"@id\":\"https:\/\/jornalfatosenoticias.com.br\/#website\",\"url\":\"https:\/\/jornalfatosenoticias.com.br\/\",\"name\":\"Jornal Fatos e Not\u00edcias\",\"description\":\"Not\u00edcias em geral\",\"publisher\":{\"@id\":\"https:\/\/jornalfatosenoticias.com.br\/#organization\"},\"potentialAction\":[{\"@type\":\"SearchAction\",\"target\":{\"@type\":\"EntryPoint\",\"urlTemplate\":\"https:\/\/jornalfatosenoticias.com.br\/?s={search_term_string}\"},\"query-input\":{\"@type\":\"PropertyValueSpecification\",\"valueRequired\":true,\"valueName\":\"search_term_string\"}}],\"inLanguage\":\"pt-BR\"},{\"@type\":\"Organization\",\"@id\":\"https:\/\/jornalfatosenoticias.com.br\/#organization\",\"name\":\"Jornal Fatos e Not\u00edcias\",\"url\":\"https:\/\/jornalfatosenoticias.com.br\/\",\"logo\":{\"@type\":\"ImageObject\",\"inLanguage\":\"pt-BR\",\"@id\":\"https:\/\/jornalfatosenoticias.com.br\/#\/schema\/logo\/image\/\",\"url\":\"https:\/\/jornalfatosenoticias.com.br\/wp-content\/uploads\/2020\/02\/logo120.png\",\"contentUrl\":\"https:\/\/jornalfatosenoticias.com.br\/wp-content\/uploads\/2020\/02\/logo120.png\",\"width\":1227,\"height\":120,\"caption\":\"Jornal Fatos e Not\u00edcias\"},\"image\":{\"@id\":\"https:\/\/jornalfatosenoticias.com.br\/#\/schema\/logo\/image\/\"}},{\"@type\":\"Person\",\"@id\":\"https:\/\/jornalfatosenoticias.com.br\/#\/schema\/person\/d63837fa13ac8666eb9e74e0985d6f81\",\"name\":\"Luzimara Fernandes\",\"image\":{\"@type\":\"ImageObject\",\"inLanguage\":\"pt-BR\",\"@id\":\"https:\/\/jornalfatosenoticias.com.br\/#\/schema\/person\/image\/\",\"url\":\"https:\/\/jornalfatosenoticias.com.br\/wp-content\/uploads\/2025\/05\/EU_portal.jpg\",\"contentUrl\":\"https:\/\/jornalfatosenoticias.com.br\/wp-content\/uploads\/2025\/05\/EU_portal.jpg\",\"caption\":\"Luzimara Fernandes\"},\"description\":\"Jornalista MTB 2358-ES\",\"sameAs\":[\"https:\/\/jornalfatosenoticias.com.br\"],\"url\":\"https:\/\/jornalfatosenoticias.com.br\/index.php\/author\/luzimara\/\"}]}<\/script>\n<!-- \/ Yoast SEO plugin. -->","yoast_head_json":{"title":"Seis dicas para cuidar do nariz ressecado no inverno - Jornal Fatos e Not\u00edcias","robots":{"index":"index","follow":"follow","max-snippet":"max-snippet:-1","max-image-preview":"max-image-preview:large","max-video-preview":"max-video-preview:-1"},"canonical":"https:\/\/jornalfatosenoticias.com.br\/index.php\/2021\/08\/09\/seis-dicas-para-cuidar-do-nariz-ressecado-no-inverno\/","og_locale":"pt_BR","og_type":"article","og_title":"Seis dicas para cuidar do nariz ressecado no inverno - Jornal Fatos e Not\u00edcias","og_description":"Se voc\u00ea est\u00e1 sofrendo com o inverno, n\u00e3o apenas por causa das baixas temperaturas, mas tamb\u00e9m porque o ar seco deixa suas narinas ressecadas, esse texto \u00e9 para voc\u00ea. A sensa\u00e7\u00e3o \u00e9 de que o ar seco entra &#8220;rasgando&#8221; e, com frequ\u00eancia, incomoda nosso nariz. Ficar co\u00e7ando por cima da m\u00e1scara \u2014 ou, pior, tirando-a [&hellip;]","og_url":"https:\/\/jornalfatosenoticias.com.br\/index.php\/2021\/08\/09\/seis-dicas-para-cuidar-do-nariz-ressecado-no-inverno\/","og_site_name":"Jornal Fatos e Not\u00edcias","article_published_time":"2021-08-09T21:25:21+00:00","article_modified_time":"2021-08-09T21:25:22+00:00","og_image":[{"width":1000,"height":666,"url":"https:\/\/jornalfatosenoticias.com.br\/wp-content\/uploads\/2021\/08\/nariz-entupido_capa.jpg","type":"image\/jpeg"}],"author":"Luzimara Fernandes","twitter_card":"summary_large_image","twitter_misc":{"Escrito por":"Luzimara Fernandes","Est. tempo de leitura":"3 minutos"},"schema":{"@context":"https:\/\/schema.org","@graph":[{"@type":"Article","@id":"https:\/\/jornalfatosenoticias.com.br\/index.php\/2021\/08\/09\/seis-dicas-para-cuidar-do-nariz-ressecado-no-inverno\/#article","isPartOf":{"@id":"https:\/\/jornalfatosenoticias.com.br\/index.php\/2021\/08\/09\/seis-dicas-para-cuidar-do-nariz-ressecado-no-inverno\/"},"author":{"name":"Luzimara Fernandes","@id":"https:\/\/jornalfatosenoticias.com.br\/#\/schema\/person\/d63837fa13ac8666eb9e74e0985d6f81"},"headline":"Seis dicas para cuidar do nariz ressecado no inverno","datePublished":"2021-08-09T21:25:21+00:00","dateModified":"2021-08-09T21:25:22+00:00","mainEntityOfPage":{"@id":"https:\/\/jornalfatosenoticias.com.br\/index.php\/2021\/08\/09\/seis-dicas-para-cuidar-do-nariz-ressecado-no-inverno\/"},"wordCount":709,"commentCount":0,"publisher":{"@id":"https:\/\/jornalfatosenoticias.com.br\/#organization"},"image":{"@id":"https:\/\/jornalfatosenoticias.com.br\/index.php\/2021\/08\/09\/seis-dicas-para-cuidar-do-nariz-ressecado-no-inverno\/#primaryimage"},"thumbnailUrl":"https:\/\/jornalfatosenoticias.com.br\/wp-content\/uploads\/2021\/08\/nariz-entupido_capa.jpg","keywords":["ar seco","gripes","inverno","nariz entupido","nariz ressecado","resfriados"],"articleSection":["Bem-estar"],"inLanguage":"pt-BR","potentialAction":[{"@type":"CommentAction","name":"Comment","target":["https:\/\/jornalfatosenoticias.com.br\/index.php\/2021\/08\/09\/seis-dicas-para-cuidar-do-nariz-ressecado-no-inverno\/#respond"]}]},{"@type":"WebPage","@id":"https:\/\/jornalfatosenoticias.com.br\/index.php\/2021\/08\/09\/seis-dicas-para-cuidar-do-nariz-ressecado-no-inverno\/","url":"https:\/\/jornalfatosenoticias.com.br\/index.php\/2021\/08\/09\/seis-dicas-para-cuidar-do-nariz-ressecado-no-inverno\/","name":"Seis dicas para cuidar do nariz ressecado no inverno - Jornal Fatos e Not\u00edcias","isPartOf":{"@id":"https:\/\/jornalfatosenoticias.com.br\/#website"},"primaryImageOfPage":{"@id":"https:\/\/jornalfatosenoticias.com.br\/index.php\/2021\/08\/09\/seis-dicas-para-cuidar-do-nariz-ressecado-no-inverno\/#primaryimage"},"image":{"@id":"https:\/\/jornalfatosenoticias.com.br\/index.php\/2021\/08\/09\/seis-dicas-para-cuidar-do-nariz-ressecado-no-inverno\/#primaryimage"},"thumbnailUrl":"https:\/\/jornalfatosenoticias.com.br\/wp-content\/uploads\/2021\/08\/nariz-entupido_capa.jpg","datePublished":"2021-08-09T21:25:21+00:00","dateModified":"2021-08-09T21:25:22+00:00","breadcrumb":{"@id":"https:\/\/jornalfatosenoticias.com.br\/index.php\/2021\/08\/09\/seis-dicas-para-cuidar-do-nariz-ressecado-no-inverno\/#breadcrumb"},"inLanguage":"pt-BR","potentialAction":[{"@type":"ReadAction","target":["https:\/\/jornalfatosenoticias.com.br\/index.php\/2021\/08\/09\/seis-dicas-para-cuidar-do-nariz-ressecado-no-inverno\/"]}]},{"@type":"ImageObject","inLanguage":"pt-BR","@id":"https:\/\/jornalfatosenoticias.com.br\/index.php\/2021\/08\/09\/seis-dicas-para-cuidar-do-nariz-ressecado-no-inverno\/#primaryimage","url":"https:\/\/jornalfatosenoticias.com.br\/wp-content\/uploads\/2021\/08\/nariz-entupido_capa.jpg","contentUrl":"https:\/\/jornalfatosenoticias.com.br\/wp-content\/uploads\/2021\/08\/nariz-entupido_capa.jpg","width":1000,"height":666},{"@type":"BreadcrumbList","@id":"https:\/\/jornalfatosenoticias.com.br\/index.php\/2021\/08\/09\/seis-dicas-para-cuidar-do-nariz-ressecado-no-inverno\/#breadcrumb","itemListElement":[{"@type":"ListItem","position":1,"name":"In\u00edcio","item":"https:\/\/jornalfatosenoticias.com.br\/"},{"@type":"ListItem","position":2,"name":"Seis dicas para cuidar do nariz ressecado no inverno"}]},{"@type":"WebSite","@id":"https:\/\/jornalfatosenoticias.com.br\/#website","url":"https:\/\/jornalfatosenoticias.com.br\/","name":"Jornal Fatos e Not\u00edcias","description":"Not\u00edcias em geral","publisher":{"@id":"https:\/\/jornalfatosenoticias.com.br\/#organization"},"potentialAction":[{"@type":"SearchAction","target":{"@type":"EntryPoint","urlTemplate":"https:\/\/jornalfatosenoticias.com.br\/?s={search_term_string}"},"query-input":{"@type":"PropertyValueSpecification","valueRequired":true,"valueName":"search_term_string"}}],"inLanguage":"pt-BR"},{"@type":"Organization","@id":"https:\/\/jornalfatosenoticias.com.br\/#organization","name":"Jornal Fatos e Not\u00edcias","url":"https:\/\/jornalfatosenoticias.com.br\/","logo":{"@type":"ImageObject","inLanguage":"pt-BR","@id":"https:\/\/jornalfatosenoticias.com.br\/#\/schema\/logo\/image\/","url":"https:\/\/jornalfatosenoticias.com.br\/wp-content\/uploads\/2020\/02\/logo120.png","contentUrl":"https:\/\/jornalfatosenoticias.com.br\/wp-content\/uploads\/2020\/02\/logo120.png","width":1227,"height":120,"caption":"Jornal Fatos e Not\u00edcias"},"image":{"@id":"https:\/\/jornalfatosenoticias.com.br\/#\/schema\/logo\/image\/"}},{"@type":"Person","@id":"https:\/\/jornalfatosenoticias.com.br\/#\/schema\/person\/d63837fa13ac8666eb9e74e0985d6f81","name":"Luzimara Fernandes","image":{"@type":"ImageObject","inLanguage":"pt-BR","@id":"https:\/\/jornalfatosenoticias.com.br\/#\/schema\/person\/image\/","url":"https:\/\/jornalfatosenoticias.com.br\/wp-content\/uploads\/2025\/05\/EU_portal.jpg","contentUrl":"https:\/\/jornalfatosenoticias.com.br\/wp-content\/uploads\/2025\/05\/EU_portal.jpg","caption":"Luzimara Fernandes"},"description":"Jornalista MTB 2358-ES","sameAs":["https:\/\/jornalfatosenoticias.com.br"],"url":"https:\/\/jornalfatosenoticias.com.br\/index.php\/author\/luzimara\/"}]}},"cc_featured_image_caption":{"caption_text":"(Foto: Freepik)","source_text":"","source_url":""},"jetpack_featured_media_url":"https:\/\/jornalfatosenoticias.com.br\/wp-content\/uploads\/2021\/08\/nariz-entupido_capa.jpg","_links":{"self":[{"href":"https:\/\/jornalfatosenoticias.com.br\/index.php\/wp-json\/wp\/v2\/posts\/21628","targetHints":{"allow":["GET"]}}],"collection":[{"href":"https:\/\/jornalfatosenoticias.com.br\/index.php\/wp-json\/wp\/v2\/posts"}],"about":[{"href":"https:\/\/jornalfatosenoticias.com.br\/index.php\/wp-json\/wp\/v2\/types\/post"}],"author":[{"embeddable":true,"href":"https:\/\/jornalfatosenoticias.com.br\/index.php\/wp-json\/wp\/v2\/users\/2"}],"replies":[{"embeddable":true,"href":"https:\/\/jornalfatosenoticias.com.br\/index.php\/wp-json\/wp\/v2\/comments?post=21628"}],"version-history":[{"count":0,"href":"https:\/\/jornalfatosenoticias.com.br\/index.php\/wp-json\/wp\/v2\/posts\/21628\/revisions"}],"wp:featuredmedia":[{"embeddable":true,"href":"https:\/\/jornalfatosenoticias.com.br\/index.php\/wp-json\/wp\/v2\/media\/21634"}],"wp:attachment":[{"href":"https:\/\/jornalfatosenoticias.com.br\/index.php\/wp-json\/wp\/v2\/media?parent=21628"}],"wp:term":[{"taxonomy":"category","embeddable":true,"href":"https:\/\/jornalfatosenoticias.com.br\/index.php\/wp-json\/wp\/v2\/categories?post=21628"},{"taxonomy":"post_tag","embeddable":true,"href":"https:\/\/jornalfatosenoticias.com.br\/index.php\/wp-json\/wp\/v2\/tags?post=21628"}],"curies":[{"name":"wp","href":"https:\/\/api.w.org\/{rel}","templated":true}]}}