{"id":21664,"date":"2021-08-10T09:38:32","date_gmt":"2021-08-10T12:38:32","guid":{"rendered":"https:\/\/jornalfatosenoticias.com.br\/?p=21664"},"modified":"2021-08-10T09:38:33","modified_gmt":"2021-08-10T12:38:33","slug":"projeto-premiado-da-usp-usa-restos-de-podas-para-fabricar-moveis-e-objetos","status":"publish","type":"post","link":"https:\/\/jornalfatosenoticias.com.br\/index.php\/2021\/08\/10\/projeto-premiado-da-usp-usa-restos-de-podas-para-fabricar-moveis-e-objetos\/","title":{"rendered":"Projeto premiado da USP usa restos de podas para fabricar m\u00f3veis e objetos"},"content":{"rendered":"\n<p><em><span class=\"has-inline-color has-black-color\">Laborat\u00f3rio Dapoda foi o \u00fanico brasileiro a vencer a competi\u00e7\u00e3o global No Waste Challenge<\/span><\/em><\/p>\n\n\n\n<p>De um lado, a alta demanda por produtos madeireiros tem levado o Brasil a figurar no vergonhoso mapa da explora\u00e7\u00e3o n\u00e3o autorizada. Somente no Estado do Par\u00e1, um dos nove Estados da Amaz\u00f4nia Legal, 70% da madeira explorada \u00e9 ilegal. Os dados s\u00e3o de <a href=\"https:\/\/imazon.org.br\/publicacoes\/sistema-de-monitoramento-da-exploracao-madeireira-simex-estado-do-para-2017-2018\/\" target=\"_blank\" rel=\"noreferrer noopener\">um estudo<\/a>\u00a0da ONG Imazon, que comparou as informa\u00e7\u00f5es oficiais com imagens de sat\u00e9lite. A situa\u00e7\u00e3o pode se agravar caso o Senado aprove o Projeto de Lei 2.633\/2020, que permitir\u00e1 a regulariza\u00e7\u00e3o fundi\u00e1ria de terras p\u00fablicas federais ocupadas sem a obrigatoriedade de vistoria pelo Incra (Instituto Nacional de Coloniza\u00e7\u00e3o e Reforma Agr\u00e1ria). A proposta\u00a0<a href=\"https:\/\/www.camara.leg.br\/noticias\/789100-deputados-aprovam-texto-base-de-projeto-sobre-regularizacao-fundiaria\" target=\"_blank\" rel=\"noreferrer noopener\">j\u00e1 foi votada<\/a> pela C\u00e2mara.<br>De outro, as \u00e1rvores que comp\u00f5em a floresta urbana n\u00e3o s\u00e3o alvo do mesmo interesse. O chamado lixo verde \u00e9 um desafio para a gest\u00e3o dos munic\u00edpios brasileiros, que descartam enormes quantidades de res\u00edduos provenientes da poda ou da remo\u00e7\u00e3o de \u00e1rvores das cidades.<br>A destina\u00e7\u00e3o dada a esses galhos, folhas e troncos de \u00e1rvores tamb\u00e9m aprofunda um problema ambiental. De acordo com a Associa\u00e7\u00e3o Brasileira de Empresas de Limpeza P\u00fablica e Res\u00edduos Especiais, cerca de 45% de todos os res\u00edduos gerados no Pa\u00eds correspondem \u00e0 fra\u00e7\u00e3o org\u00e2nica \u2014 pouco mais de 36 milh\u00f5es de toneladas de restos de alimentos e res\u00edduos de poda. Somente no ano de 2019, o munic\u00edpio de S\u00e3o Paulo gerou 50 mil toneladas de res\u00edduos provenientes dos servi\u00e7os de \u00e1reas verdes, que englobam poda e remo\u00e7\u00e3o de \u00e1rvores e conserva\u00e7\u00e3o de \u00e1reas ajardinadas.<br>Embora o munic\u00edpio realize compostagem de res\u00edduos org\u00e2nicos em pelo menos 34 parques municipais, a redu\u00e7\u00e3o do uso de trituradores aumenta a demanda da prefeitura pelo uso de aterros sanit\u00e1rios. Os res\u00edduos provenientes do manejo arb\u00f3reo pela Autoridade Municipal de Limpeza Urbana (Amlurb) encaminhados aos aterros passaram de pouco mais de 16 toneladas, em 2017, para cerca de 23 toneladas, em 2019.<br>Outra disposi\u00e7\u00e3o final dada ao res\u00edduo de poda \u00e9 a gera\u00e7\u00e3o de energia. Seja na produ\u00e7\u00e3o de briquetes, seja no uso de partes maiores dos troncos como lenha, ambos os casos n\u00e3o exploram o potencial dessa mat\u00e9ria-prima.<br>\u201cO que tamb\u00e9m gera g\u00e1s carb\u00f4nico. E do ponto de vista da economia circular, \u00e9 uma subutiliza\u00e7\u00e3o; voc\u00ea acelera a degrada\u00e7\u00e3o e n\u00e3o fixa o carbono\u201d, aponta Cyntia Malaguti. Professora da Faculdade de Arquitetura e Urbanismo (FAU) da USP nos cursos de gradua\u00e7\u00e3o e p\u00f3s-gradua\u00e7\u00e3o em Design, Cyntia \u00e9 uma das colaboradoras do Dapoda, iniciativa que prop\u00f5e valorizar a madeira rejeitada nas podas de \u00e1rvores da floresta urbana de S\u00e3o Paulo.<\/p>\n\n\n\n<p><strong><span class=\"has-inline-color has-vivid-green-cyan-color\">Laborat\u00f3rio Vivo<br><\/span><\/strong>O <a href=\"https:\/\/dapodadesign.com\/\" target=\"_blank\" rel=\"noreferrer noopener\">Dapoda \u2014 Laborat\u00f3rio Vivo de Design<\/a> re\u00fane estudantes de arquitetura e urbanismo, design, artistas pl\u00e1sticos e pesquisadores da USP. O projeto investiga novas formas de utiliza\u00e7\u00e3o do rejeito das podas na produ\u00e7\u00e3o de design experimental, entre elas a fabrica\u00e7\u00e3o de m\u00f3veis, brinquedos e pequenos objetos de madeira. Mas com um diferencial: tra\u00e7ar a rota tecnol\u00f3gica da madeira descartada \u2014 desde a poda, passando pelo transporte at\u00e9 seus usos potenciais.<br>O embri\u00e3o do projeto foi um semin\u00e1rio internacional no N\u00facleo de Pesquisa em Tecnologia da Arquitetura, do Urbanismo e do Design da USP (Nutau), do qual a professora Cyntia \u00e9 coordenadora cient\u00edfica. A <a href=\"http:\/\/nutau2020.webhostusp.sti.usp.br\/\" target=\"_blank\" rel=\"noreferrer noopener\">edi\u00e7\u00e3o de 2020 do semin\u00e1rio<\/a> abordou o potencial do res\u00edduo da arboriza\u00e7\u00e3o urbana para pesquisas e projetos de urbanismo, arquitetura e design.<\/p>\n\n\n\n<div class=\"wp-block-jetpack-slideshow aligncenter\" data-effect=\"slide\"><div class=\"wp-block-jetpack-slideshow_container swiper-container\"><ul class=\"wp-block-jetpack-slideshow_swiper-wrapper swiper-wrapper\"><li class=\"wp-block-jetpack-slideshow_slide swiper-slide\"><figure><img loading=\"lazy\" decoding=\"async\" width=\"1000\" height=\"776\" alt=\"\" class=\"wp-block-jetpack-slideshow_image wp-image-21665\" data-id=\"21665\" src=\"https:\/\/jornalfatosenoticias.com.br\/wp-content\/uploads\/2021\/08\/Dapoda-2.jpg\" srcset=\"https:\/\/jornalfatosenoticias.com.br\/wp-content\/uploads\/2021\/08\/Dapoda-2.jpg 1000w, https:\/\/jornalfatosenoticias.com.br\/wp-content\/uploads\/2021\/08\/Dapoda-2-300x233.jpg 300w, https:\/\/jornalfatosenoticias.com.br\/wp-content\/uploads\/2021\/08\/Dapoda-2-768x596.jpg 768w\" sizes=\"auto, (max-width: 1000px) 100vw, 1000px\" \/><figcaption class=\"wp-block-jetpack-slideshow_caption gallery-caption\">Cadeira de madeira produzida com res\u00edduos da esp\u00e9cie Leucaena leucocephala (Foto: Jornal da USP)<\/figcaption><\/figure><\/li><li class=\"wp-block-jetpack-slideshow_slide swiper-slide\"><figure><img loading=\"lazy\" decoding=\"async\" width=\"468\" height=\"387\" alt=\"\" class=\"wp-block-jetpack-slideshow_image wp-image-21666\" data-id=\"21666\" src=\"https:\/\/jornalfatosenoticias.com.br\/wp-content\/uploads\/2021\/08\/Dapoda3.jpg\" srcset=\"https:\/\/jornalfatosenoticias.com.br\/wp-content\/uploads\/2021\/08\/Dapoda3.jpg 468w, https:\/\/jornalfatosenoticias.com.br\/wp-content\/uploads\/2021\/08\/Dapoda3-300x248.jpg 300w\" sizes=\"auto, (max-width: 468px) 100vw, 468px\" \/><figcaption class=\"wp-block-jetpack-slideshow_caption gallery-caption\">Objetos elaborados pelos alunos da USP a partir dos res\u00edduos de poda (Foto: Jornal da USP)<\/figcaption><\/figure><\/li><\/ul><a class=\"wp-block-jetpack-slideshow_button-prev swiper-button-prev swiper-button-white\" role=\"button\"><\/a><a class=\"wp-block-jetpack-slideshow_button-next swiper-button-next swiper-button-white\" role=\"button\"><\/a><a aria-label=\"Pause Slideshow\" class=\"wp-block-jetpack-slideshow_button-pause\" role=\"button\"><\/a><div class=\"wp-block-jetpack-slideshow_pagination swiper-pagination swiper-pagination-white\"><\/div><\/div><\/div>\n\n\n\n<p>Ap\u00f3s a participa\u00e7\u00e3o no Nutau, o grupo que comp\u00f5e o Dapoda teve o projeto selecionado pela <a href=\"http:\/\/www.sga.usp.br\/\" target=\"_blank\" rel=\"noreferrer noopener\">Superintend\u00eancia de Gest\u00e3o Ambiental (SGA) da USP<\/a> para mitiga\u00e7\u00e3o e compensa\u00e7\u00e3o da emiss\u00e3o de gases do efeito estufa nos campi.<br>Estima-se que a Cidade Universit\u00e1ria Armando de Salles Oliveira (Cuaso), no Butant\u00e3, abrigue cerca de 24 mil exemplares arb\u00f3reos, totalizando 90 m\u00b3 de res\u00edduos de poda descartados mensalmente. O volume equivale a 18 ca\u00e7ambas de entulho de tamanho m\u00e9dio.<br>O projeto vai reutilizar as partes maiores dos res\u00edduos de poda e identificar os indiv\u00edduos arb\u00f3reos da Cuaso, que ainda n\u00e3o tem um invent\u00e1rio conclu\u00eddo. A ideia \u00e9 explorar as propriedades de cada esp\u00e9cie para diferentes usos e at\u00e9 combina\u00e7\u00f5es. Para isso, o Dapoda formou parcerias com outras unidades, dentro e fora da USP:<\/p>\n\n\n\n<ul class=\"wp-block-list\"><li>Laborat\u00f3rio de Anatomia Vegetal, do Instituto de Bioci\u00eancias da USP;<\/li><li>Laborat\u00f3rio de Movelaria e Res\u00edduos Florestais, da Esalq-USP, campus de Piracicaba;<\/li><li>Laborat\u00f3rio de \u00c1rvores, Madeira e M\u00f3veis, do IPT;<\/li><li>Est\u00fadio Pedro Petry, ecodesigner e empreendedor;<\/li><li>Marca Madeira Urbana, que auxilia o projeto no processamento da madeira.<\/li><\/ul>\n\n\n\n<blockquote class=\"wp-block-quote is-layout-flow wp-block-quote-is-layout-flow\"><p><span class=\"has-inline-color has-luminous-vivid-orange-color\">\u201cToda semana vamos ao campus para carregar os troncos e separar as pe\u00e7as, para, aos poucos, aprender a identificar as esp\u00e9cies, uma atividade que n\u00e3o \u00e9 da nossa \u00e1rea. Isso exigiu que busc\u00e1ssemos colaboradores\u201d, conta Tiago Sch\u00fctzer, aluno de gradua\u00e7\u00e3o de Arquitetura e Urbanismo e um dos l\u00edderes do projeto.<\/span><\/p><\/blockquote>\n\n\n\n<p>Ele destaca que a pr\u00f3pria condi\u00e7\u00e3o do res\u00edduo \u00e9 muito particular, o que torna o trabalho complexo e igualmente interessante para fugir das padroniza\u00e7\u00f5es da ind\u00fastria moveleira.<\/p>\n\n\n\n<div class=\"wp-block-image is-style-default\"><figure class=\"alignright size-large\"><img loading=\"lazy\" decoding=\"async\" width=\"300\" height=\"218\" src=\"https:\/\/jornalfatosenoticias.com.br\/wp-content\/uploads\/2021\/08\/dapoda-4.jpg\" alt=\"\" class=\"wp-image-21667\"\/><figcaption><em><span class=\"has-inline-color has-black-color\">Res\u00edduos de poda de \u00e1rvores no campus da USP<br> da capital, no bairro do Butant\u00e3 (Foto: Jornal da USP)<\/span><\/em><\/figcaption><\/figure><\/div>\n\n\n\n<p>O <em>Dapoda<\/em> participa ainda do <a href=\"https:\/\/jornal.usp.br\/institucional\/programa-usp-municipios-lanca-edital-para-financiar-projetos-de-estudantes-sobre-cidades-sustentaveis\/\" target=\"_blank\" rel=\"noreferrer noopener\">Desafio USP Cidades Sustent\u00e1veis<\/a>. A iniciativa do programa USP Munic\u00edpios visa \u00e0 apresenta\u00e7\u00e3o de propostas que possam ser implementadas por prefeituras e que contribuam para atingir algumas das dez metas estabelecidas no Objetivo de Desenvolvimento Sustent\u00e1vel n\u00famero 11 da ONU: Tornar as cidades e os assentamentos humanos inclusivos, seguros, resilientes e sustent\u00e1veis.<\/p>\n\n\n\n<blockquote class=\"wp-block-quote is-layout-flow wp-block-quote-is-layout-flow\"><p><span class=\"has-inline-color has-luminous-vivid-orange-color\">\u201c\u00c9 muito interessante que iniciativas internas de aproveitamento de madeira da USP possam sair dos muros da Universidade para alcan\u00e7ar o munic\u00edpio de S\u00e3o Paulo, com potencial para outras cidades. Ficamos felizes com a possibilidade de aumentar a escala de atua\u00e7\u00e3o do projeto\u201d, afirma Tom\u00e1s Queiroz Ferreira Barata.<\/span><\/p><\/blockquote>\n\n\n\n<p>Colega de Cyntia no Departamento de Tecnologia da Arquitetura da FAU, Barata \u00e9 um dos docentes colaboradores do projeto.<br>Para Cyntia, o Dapoda \u00e9 uma forma de incentivar alunos e futuros designers a buscarem uma abordagem mais sustent\u00e1vel para seus projetos, j\u00e1 que muitos estudantes concentram seu trabalho em marcenarias nos centros urbanos.<\/p>\n\n\n\n<blockquote class=\"wp-block-quote is-layout-flow wp-block-quote-is-layout-flow\"><p><span class=\"has-inline-color has-luminous-vivid-orange-color\">\u201cNossos estudos indicam que 20% da madeira utilizada em S\u00e3o Paulo v\u00eam da Amaz\u00f4nia. Seria importante colocar \u00e0 disposi\u00e7\u00e3o desses jovens designers a oportunidade de utilizar outros materiais, ainda que em pequena escala. Da mesma maneira que a gente tem a ideia de matriz energ\u00e9tica, eu acredito que a gente tamb\u00e9m deva trabalhar em cima da ideia de matriz de mat\u00e9ria-prima. E n\u00e3o nessa moda de sobrecarregar um \u00fanico recurso\u201d, refor\u00e7a.<\/span><\/p><\/blockquote>\n\n\n\n<p>Junto dos ganhos ecol\u00f3gicos, h\u00e1 ainda as oportunidades est\u00e9ticas, que arquitetos e designers sabem distinguir como ningu\u00e9m, e o impacto econ\u00f4mico estrutural.<\/p>\n\n\n\n<blockquote class=\"wp-block-quote is-layout-flow wp-block-quote-is-layout-flow\"><p><span class=\"has-inline-color has-luminous-vivid-orange-color\">\u201cA partir do momento que voc\u00ea tem uma mat\u00e9ria-prima na sua pra\u00e7a, no seu bairro, diminui a log\u00edstica de transporte e agrega valor para pequenas empresas. H\u00e1 uma vis\u00e3o de cadeia produtiva\u201d, argumenta Barata.<\/span><\/p><\/blockquote>\n\n\n\n<p><strong><span class=\"has-inline-color has-vivid-green-cyan-color\">No Waste Challenge<br><\/span><\/strong>Com a cidade de S\u00e3o Paulo na bagagem, o projeto amadureceu e conquistou solo internacional, sendo o \u00fanico ganhador brasileiro da competi\u00e7\u00e3o global <a href=\"https:\/\/nowaste.whatdesigncando.com\/\" target=\"_blank\" rel=\"noreferrer noopener\"><em>No waste challenge<\/em><\/a>. Promovido pela What DesignCan Do (WDCD) em parceria com a <em>Funda\u00e7\u00e3o Ikea<\/em>, o concurso recebeu mais de 1.400 inscri\u00e7\u00f5es do mundo todo e selecionou apenas 16 projetos vencedores.<br>O desafio buscou solu\u00e7\u00f5es inovadoras para reduzir o desperd\u00edcio e repensar o ciclo de produ\u00e7\u00e3o e consumo de materiais que poderiam ter um destino mais nobre do que os aterros. Entre as propostas para reduzir o desperd\u00edcio e combater as mudan\u00e7as clim\u00e1ticas, foram apresentadas solu\u00e7\u00f5es ousadas como biopl\u00e1stico feito de casca de banana, o primeiro <em>hub de upcycling <\/em>de flores e o projeto Dapoda.<\/p>\n\n\n\n<p>Saiba mais sobre o Dapoda em <a href=\"https:\/\/dapodadesign.com\/\" target=\"_blank\" rel=\"noreferrer noopener\">dapodadesign.com\u00a0<\/a>e\u00a0<a href=\"https:\/\/www.instagram.com\/dapoda.design\/\" target=\"_blank\" rel=\"noreferrer noopener\">www.instagram.com\/dapoda.design.<\/a><\/p>\n\n\n\n<p><strong><em>Fonte: <a href=\"https:\/\/ciclovivo.com.br\/arq-urb\/design\/dapodas-projeto-premiado-da-usp-podas-moveis-objetos\/\">CicloVivo<\/a><\/em><\/strong><\/p>\n","protected":false},"excerpt":{"rendered":"<p>Laborat\u00f3rio Dapoda foi o \u00fanico brasileiro a vencer a competi\u00e7\u00e3o global No Waste Challenge De um lado, a alta demanda por produtos madeireiros tem levado o Brasil a figurar no vergonhoso mapa da explora\u00e7\u00e3o n\u00e3o autorizada. Somente no Estado do Par\u00e1, um dos nove Estados da Amaz\u00f4nia Legal, 70% da madeira explorada \u00e9 ilegal. Os [&hellip;]<\/p>\n","protected":false},"author":2,"featured_media":21668,"comment_status":"open","ping_status":"open","sticky":false,"template":"","format":"standard","meta":{"footnotes":""},"categories":[744],"tags":[1812,10566,10564,10565,10567,10568,10569],"class_list":["post-21664","post","type-post","status-publish","format-standard","has-post-thumbnail","hentry","category-arq-urbanismo","tag-amazonia-legal","tag-competicao-global","tag-fabrica-de-moveis","tag-laboratorio-dapoda","tag-no-waste-challenge","tag-ong-imazon","tag-reaproveitamento-de-madeira"],"yoast_head":"<!-- This site is optimized with the Yoast SEO plugin v26.5 - https:\/\/yoast.com\/wordpress\/plugins\/seo\/ -->\n<title>Projeto premiado da USP usa restos de podas para fabricar m\u00f3veis e objetos - Jornal Fatos e Not\u00edcias<\/title>\n<meta name=\"robots\" content=\"index, follow, max-snippet:-1, max-image-preview:large, max-video-preview:-1\" \/>\n<link rel=\"canonical\" href=\"https:\/\/jornalfatosenoticias.com.br\/index.php\/2021\/08\/10\/projeto-premiado-da-usp-usa-restos-de-podas-para-fabricar-moveis-e-objetos\/\" \/>\n<meta property=\"og:locale\" content=\"pt_BR\" \/>\n<meta property=\"og:type\" content=\"article\" \/>\n<meta property=\"og:title\" content=\"Projeto premiado da USP usa restos de podas para fabricar m\u00f3veis e objetos - Jornal Fatos e Not\u00edcias\" \/>\n<meta property=\"og:description\" content=\"Laborat\u00f3rio Dapoda foi o \u00fanico brasileiro a vencer a competi\u00e7\u00e3o global No Waste Challenge De um lado, a alta demanda por produtos madeireiros tem levado o Brasil a figurar no vergonhoso mapa da explora\u00e7\u00e3o n\u00e3o autorizada. Somente no Estado do Par\u00e1, um dos nove Estados da Amaz\u00f4nia Legal, 70% da madeira explorada \u00e9 ilegal. Os [&hellip;]\" \/>\n<meta property=\"og:url\" content=\"https:\/\/jornalfatosenoticias.com.br\/index.php\/2021\/08\/10\/projeto-premiado-da-usp-usa-restos-de-podas-para-fabricar-moveis-e-objetos\/\" \/>\n<meta property=\"og:site_name\" content=\"Jornal Fatos e Not\u00edcias\" \/>\n<meta property=\"article:published_time\" content=\"2021-08-10T12:38:32+00:00\" \/>\n<meta property=\"article:modified_time\" content=\"2021-08-10T12:38:33+00:00\" \/>\n<meta property=\"og:image\" content=\"https:\/\/jornalfatosenoticias.com.br\/wp-content\/uploads\/2021\/08\/dapoda-cv.jpg\" \/>\n\t<meta property=\"og:image:width\" content=\"800\" \/>\n\t<meta property=\"og:image:height\" content=\"420\" \/>\n\t<meta property=\"og:image:type\" content=\"image\/jpeg\" \/>\n<meta name=\"author\" content=\"Luzimara Fernandes\" \/>\n<meta name=\"twitter:card\" content=\"summary_large_image\" \/>\n<meta name=\"twitter:label1\" content=\"Escrito por\" \/>\n\t<meta name=\"twitter:data1\" content=\"Luzimara Fernandes\" \/>\n\t<meta name=\"twitter:label2\" content=\"Est. tempo de leitura\" \/>\n\t<meta name=\"twitter:data2\" content=\"7 minutos\" \/>\n<script type=\"application\/ld+json\" class=\"yoast-schema-graph\">{\"@context\":\"https:\/\/schema.org\",\"@graph\":[{\"@type\":\"Article\",\"@id\":\"https:\/\/jornalfatosenoticias.com.br\/index.php\/2021\/08\/10\/projeto-premiado-da-usp-usa-restos-de-podas-para-fabricar-moveis-e-objetos\/#article\",\"isPartOf\":{\"@id\":\"https:\/\/jornalfatosenoticias.com.br\/index.php\/2021\/08\/10\/projeto-premiado-da-usp-usa-restos-de-podas-para-fabricar-moveis-e-objetos\/\"},\"author\":{\"name\":\"Luzimara Fernandes\",\"@id\":\"https:\/\/jornalfatosenoticias.com.br\/#\/schema\/person\/d63837fa13ac8666eb9e74e0985d6f81\"},\"headline\":\"Projeto premiado da USP usa restos de podas para fabricar m\u00f3veis e objetos\",\"datePublished\":\"2021-08-10T12:38:32+00:00\",\"dateModified\":\"2021-08-10T12:38:33+00:00\",\"mainEntityOfPage\":{\"@id\":\"https:\/\/jornalfatosenoticias.com.br\/index.php\/2021\/08\/10\/projeto-premiado-da-usp-usa-restos-de-podas-para-fabricar-moveis-e-objetos\/\"},\"wordCount\":1418,\"commentCount\":0,\"publisher\":{\"@id\":\"https:\/\/jornalfatosenoticias.com.br\/#organization\"},\"image\":{\"@id\":\"https:\/\/jornalfatosenoticias.com.br\/index.php\/2021\/08\/10\/projeto-premiado-da-usp-usa-restos-de-podas-para-fabricar-moveis-e-objetos\/#primaryimage\"},\"thumbnailUrl\":\"https:\/\/jornalfatosenoticias.com.br\/wp-content\/uploads\/2021\/08\/dapoda-cv.jpg\",\"keywords\":[\"Amaz\u00f4nia Legal\",\"competi\u00e7\u00e3o global\",\"f\u00e1brica de m\u00f3veis\",\"Laborat\u00f3rio Dapoda\",\"No Waste Challenge\",\"ONG Imazon\",\"reaproveitamento de madeira\"],\"articleSection\":[\"Arq &amp; Urb\"],\"inLanguage\":\"pt-BR\",\"potentialAction\":[{\"@type\":\"CommentAction\",\"name\":\"Comment\",\"target\":[\"https:\/\/jornalfatosenoticias.com.br\/index.php\/2021\/08\/10\/projeto-premiado-da-usp-usa-restos-de-podas-para-fabricar-moveis-e-objetos\/#respond\"]}]},{\"@type\":\"WebPage\",\"@id\":\"https:\/\/jornalfatosenoticias.com.br\/index.php\/2021\/08\/10\/projeto-premiado-da-usp-usa-restos-de-podas-para-fabricar-moveis-e-objetos\/\",\"url\":\"https:\/\/jornalfatosenoticias.com.br\/index.php\/2021\/08\/10\/projeto-premiado-da-usp-usa-restos-de-podas-para-fabricar-moveis-e-objetos\/\",\"name\":\"Projeto premiado da USP usa restos de podas para fabricar m\u00f3veis e objetos - Jornal Fatos e Not\u00edcias\",\"isPartOf\":{\"@id\":\"https:\/\/jornalfatosenoticias.com.br\/#website\"},\"primaryImageOfPage\":{\"@id\":\"https:\/\/jornalfatosenoticias.com.br\/index.php\/2021\/08\/10\/projeto-premiado-da-usp-usa-restos-de-podas-para-fabricar-moveis-e-objetos\/#primaryimage\"},\"image\":{\"@id\":\"https:\/\/jornalfatosenoticias.com.br\/index.php\/2021\/08\/10\/projeto-premiado-da-usp-usa-restos-de-podas-para-fabricar-moveis-e-objetos\/#primaryimage\"},\"thumbnailUrl\":\"https:\/\/jornalfatosenoticias.com.br\/wp-content\/uploads\/2021\/08\/dapoda-cv.jpg\",\"datePublished\":\"2021-08-10T12:38:32+00:00\",\"dateModified\":\"2021-08-10T12:38:33+00:00\",\"breadcrumb\":{\"@id\":\"https:\/\/jornalfatosenoticias.com.br\/index.php\/2021\/08\/10\/projeto-premiado-da-usp-usa-restos-de-podas-para-fabricar-moveis-e-objetos\/#breadcrumb\"},\"inLanguage\":\"pt-BR\",\"potentialAction\":[{\"@type\":\"ReadAction\",\"target\":[\"https:\/\/jornalfatosenoticias.com.br\/index.php\/2021\/08\/10\/projeto-premiado-da-usp-usa-restos-de-podas-para-fabricar-moveis-e-objetos\/\"]}]},{\"@type\":\"ImageObject\",\"inLanguage\":\"pt-BR\",\"@id\":\"https:\/\/jornalfatosenoticias.com.br\/index.php\/2021\/08\/10\/projeto-premiado-da-usp-usa-restos-de-podas-para-fabricar-moveis-e-objetos\/#primaryimage\",\"url\":\"https:\/\/jornalfatosenoticias.com.br\/wp-content\/uploads\/2021\/08\/dapoda-cv.jpg\",\"contentUrl\":\"https:\/\/jornalfatosenoticias.com.br\/wp-content\/uploads\/2021\/08\/dapoda-cv.jpg\",\"width\":800,\"height\":420},{\"@type\":\"BreadcrumbList\",\"@id\":\"https:\/\/jornalfatosenoticias.com.br\/index.php\/2021\/08\/10\/projeto-premiado-da-usp-usa-restos-de-podas-para-fabricar-moveis-e-objetos\/#breadcrumb\",\"itemListElement\":[{\"@type\":\"ListItem\",\"position\":1,\"name\":\"In\u00edcio\",\"item\":\"https:\/\/jornalfatosenoticias.com.br\/\"},{\"@type\":\"ListItem\",\"position\":2,\"name\":\"Projeto premiado da USP usa restos de podas para fabricar m\u00f3veis e objetos\"}]},{\"@type\":\"WebSite\",\"@id\":\"https:\/\/jornalfatosenoticias.com.br\/#website\",\"url\":\"https:\/\/jornalfatosenoticias.com.br\/\",\"name\":\"Jornal Fatos e Not\u00edcias\",\"description\":\"Not\u00edcias em geral\",\"publisher\":{\"@id\":\"https:\/\/jornalfatosenoticias.com.br\/#organization\"},\"potentialAction\":[{\"@type\":\"SearchAction\",\"target\":{\"@type\":\"EntryPoint\",\"urlTemplate\":\"https:\/\/jornalfatosenoticias.com.br\/?s={search_term_string}\"},\"query-input\":{\"@type\":\"PropertyValueSpecification\",\"valueRequired\":true,\"valueName\":\"search_term_string\"}}],\"inLanguage\":\"pt-BR\"},{\"@type\":\"Organization\",\"@id\":\"https:\/\/jornalfatosenoticias.com.br\/#organization\",\"name\":\"Jornal Fatos e Not\u00edcias\",\"url\":\"https:\/\/jornalfatosenoticias.com.br\/\",\"logo\":{\"@type\":\"ImageObject\",\"inLanguage\":\"pt-BR\",\"@id\":\"https:\/\/jornalfatosenoticias.com.br\/#\/schema\/logo\/image\/\",\"url\":\"https:\/\/jornalfatosenoticias.com.br\/wp-content\/uploads\/2020\/02\/logo120.png\",\"contentUrl\":\"https:\/\/jornalfatosenoticias.com.br\/wp-content\/uploads\/2020\/02\/logo120.png\",\"width\":1227,\"height\":120,\"caption\":\"Jornal Fatos e Not\u00edcias\"},\"image\":{\"@id\":\"https:\/\/jornalfatosenoticias.com.br\/#\/schema\/logo\/image\/\"}},{\"@type\":\"Person\",\"@id\":\"https:\/\/jornalfatosenoticias.com.br\/#\/schema\/person\/d63837fa13ac8666eb9e74e0985d6f81\",\"name\":\"Luzimara Fernandes\",\"image\":{\"@type\":\"ImageObject\",\"inLanguage\":\"pt-BR\",\"@id\":\"https:\/\/jornalfatosenoticias.com.br\/#\/schema\/person\/image\/\",\"url\":\"https:\/\/jornalfatosenoticias.com.br\/wp-content\/uploads\/2025\/05\/EU_portal.jpg\",\"contentUrl\":\"https:\/\/jornalfatosenoticias.com.br\/wp-content\/uploads\/2025\/05\/EU_portal.jpg\",\"caption\":\"Luzimara Fernandes\"},\"description\":\"Jornalista MTB 2358-ES\",\"sameAs\":[\"https:\/\/jornalfatosenoticias.com.br\"],\"url\":\"https:\/\/jornalfatosenoticias.com.br\/index.php\/author\/luzimara\/\"}]}<\/script>\n<!-- \/ Yoast SEO plugin. -->","yoast_head_json":{"title":"Projeto premiado da USP usa restos de podas para fabricar m\u00f3veis e objetos - Jornal Fatos e Not\u00edcias","robots":{"index":"index","follow":"follow","max-snippet":"max-snippet:-1","max-image-preview":"max-image-preview:large","max-video-preview":"max-video-preview:-1"},"canonical":"https:\/\/jornalfatosenoticias.com.br\/index.php\/2021\/08\/10\/projeto-premiado-da-usp-usa-restos-de-podas-para-fabricar-moveis-e-objetos\/","og_locale":"pt_BR","og_type":"article","og_title":"Projeto premiado da USP usa restos de podas para fabricar m\u00f3veis e objetos - Jornal Fatos e Not\u00edcias","og_description":"Laborat\u00f3rio Dapoda foi o \u00fanico brasileiro a vencer a competi\u00e7\u00e3o global No Waste Challenge De um lado, a alta demanda por produtos madeireiros tem levado o Brasil a figurar no vergonhoso mapa da explora\u00e7\u00e3o n\u00e3o autorizada. Somente no Estado do Par\u00e1, um dos nove Estados da Amaz\u00f4nia Legal, 70% da madeira explorada \u00e9 ilegal. Os [&hellip;]","og_url":"https:\/\/jornalfatosenoticias.com.br\/index.php\/2021\/08\/10\/projeto-premiado-da-usp-usa-restos-de-podas-para-fabricar-moveis-e-objetos\/","og_site_name":"Jornal Fatos e Not\u00edcias","article_published_time":"2021-08-10T12:38:32+00:00","article_modified_time":"2021-08-10T12:38:33+00:00","og_image":[{"width":800,"height":420,"url":"https:\/\/jornalfatosenoticias.com.br\/wp-content\/uploads\/2021\/08\/dapoda-cv.jpg","type":"image\/jpeg"}],"author":"Luzimara Fernandes","twitter_card":"summary_large_image","twitter_misc":{"Escrito por":"Luzimara Fernandes","Est. tempo de leitura":"7 minutos"},"schema":{"@context":"https:\/\/schema.org","@graph":[{"@type":"Article","@id":"https:\/\/jornalfatosenoticias.com.br\/index.php\/2021\/08\/10\/projeto-premiado-da-usp-usa-restos-de-podas-para-fabricar-moveis-e-objetos\/#article","isPartOf":{"@id":"https:\/\/jornalfatosenoticias.com.br\/index.php\/2021\/08\/10\/projeto-premiado-da-usp-usa-restos-de-podas-para-fabricar-moveis-e-objetos\/"},"author":{"name":"Luzimara Fernandes","@id":"https:\/\/jornalfatosenoticias.com.br\/#\/schema\/person\/d63837fa13ac8666eb9e74e0985d6f81"},"headline":"Projeto premiado da USP usa restos de podas para fabricar m\u00f3veis e objetos","datePublished":"2021-08-10T12:38:32+00:00","dateModified":"2021-08-10T12:38:33+00:00","mainEntityOfPage":{"@id":"https:\/\/jornalfatosenoticias.com.br\/index.php\/2021\/08\/10\/projeto-premiado-da-usp-usa-restos-de-podas-para-fabricar-moveis-e-objetos\/"},"wordCount":1418,"commentCount":0,"publisher":{"@id":"https:\/\/jornalfatosenoticias.com.br\/#organization"},"image":{"@id":"https:\/\/jornalfatosenoticias.com.br\/index.php\/2021\/08\/10\/projeto-premiado-da-usp-usa-restos-de-podas-para-fabricar-moveis-e-objetos\/#primaryimage"},"thumbnailUrl":"https:\/\/jornalfatosenoticias.com.br\/wp-content\/uploads\/2021\/08\/dapoda-cv.jpg","keywords":["Amaz\u00f4nia Legal","competi\u00e7\u00e3o global","f\u00e1brica de m\u00f3veis","Laborat\u00f3rio Dapoda","No Waste Challenge","ONG Imazon","reaproveitamento de madeira"],"articleSection":["Arq &amp; Urb"],"inLanguage":"pt-BR","potentialAction":[{"@type":"CommentAction","name":"Comment","target":["https:\/\/jornalfatosenoticias.com.br\/index.php\/2021\/08\/10\/projeto-premiado-da-usp-usa-restos-de-podas-para-fabricar-moveis-e-objetos\/#respond"]}]},{"@type":"WebPage","@id":"https:\/\/jornalfatosenoticias.com.br\/index.php\/2021\/08\/10\/projeto-premiado-da-usp-usa-restos-de-podas-para-fabricar-moveis-e-objetos\/","url":"https:\/\/jornalfatosenoticias.com.br\/index.php\/2021\/08\/10\/projeto-premiado-da-usp-usa-restos-de-podas-para-fabricar-moveis-e-objetos\/","name":"Projeto premiado da USP usa restos de podas para fabricar m\u00f3veis e objetos - Jornal Fatos e Not\u00edcias","isPartOf":{"@id":"https:\/\/jornalfatosenoticias.com.br\/#website"},"primaryImageOfPage":{"@id":"https:\/\/jornalfatosenoticias.com.br\/index.php\/2021\/08\/10\/projeto-premiado-da-usp-usa-restos-de-podas-para-fabricar-moveis-e-objetos\/#primaryimage"},"image":{"@id":"https:\/\/jornalfatosenoticias.com.br\/index.php\/2021\/08\/10\/projeto-premiado-da-usp-usa-restos-de-podas-para-fabricar-moveis-e-objetos\/#primaryimage"},"thumbnailUrl":"https:\/\/jornalfatosenoticias.com.br\/wp-content\/uploads\/2021\/08\/dapoda-cv.jpg","datePublished":"2021-08-10T12:38:32+00:00","dateModified":"2021-08-10T12:38:33+00:00","breadcrumb":{"@id":"https:\/\/jornalfatosenoticias.com.br\/index.php\/2021\/08\/10\/projeto-premiado-da-usp-usa-restos-de-podas-para-fabricar-moveis-e-objetos\/#breadcrumb"},"inLanguage":"pt-BR","potentialAction":[{"@type":"ReadAction","target":["https:\/\/jornalfatosenoticias.com.br\/index.php\/2021\/08\/10\/projeto-premiado-da-usp-usa-restos-de-podas-para-fabricar-moveis-e-objetos\/"]}]},{"@type":"ImageObject","inLanguage":"pt-BR","@id":"https:\/\/jornalfatosenoticias.com.br\/index.php\/2021\/08\/10\/projeto-premiado-da-usp-usa-restos-de-podas-para-fabricar-moveis-e-objetos\/#primaryimage","url":"https:\/\/jornalfatosenoticias.com.br\/wp-content\/uploads\/2021\/08\/dapoda-cv.jpg","contentUrl":"https:\/\/jornalfatosenoticias.com.br\/wp-content\/uploads\/2021\/08\/dapoda-cv.jpg","width":800,"height":420},{"@type":"BreadcrumbList","@id":"https:\/\/jornalfatosenoticias.com.br\/index.php\/2021\/08\/10\/projeto-premiado-da-usp-usa-restos-de-podas-para-fabricar-moveis-e-objetos\/#breadcrumb","itemListElement":[{"@type":"ListItem","position":1,"name":"In\u00edcio","item":"https:\/\/jornalfatosenoticias.com.br\/"},{"@type":"ListItem","position":2,"name":"Projeto premiado da USP usa restos de podas para fabricar m\u00f3veis e objetos"}]},{"@type":"WebSite","@id":"https:\/\/jornalfatosenoticias.com.br\/#website","url":"https:\/\/jornalfatosenoticias.com.br\/","name":"Jornal Fatos e Not\u00edcias","description":"Not\u00edcias em geral","publisher":{"@id":"https:\/\/jornalfatosenoticias.com.br\/#organization"},"potentialAction":[{"@type":"SearchAction","target":{"@type":"EntryPoint","urlTemplate":"https:\/\/jornalfatosenoticias.com.br\/?s={search_term_string}"},"query-input":{"@type":"PropertyValueSpecification","valueRequired":true,"valueName":"search_term_string"}}],"inLanguage":"pt-BR"},{"@type":"Organization","@id":"https:\/\/jornalfatosenoticias.com.br\/#organization","name":"Jornal Fatos e Not\u00edcias","url":"https:\/\/jornalfatosenoticias.com.br\/","logo":{"@type":"ImageObject","inLanguage":"pt-BR","@id":"https:\/\/jornalfatosenoticias.com.br\/#\/schema\/logo\/image\/","url":"https:\/\/jornalfatosenoticias.com.br\/wp-content\/uploads\/2020\/02\/logo120.png","contentUrl":"https:\/\/jornalfatosenoticias.com.br\/wp-content\/uploads\/2020\/02\/logo120.png","width":1227,"height":120,"caption":"Jornal Fatos e Not\u00edcias"},"image":{"@id":"https:\/\/jornalfatosenoticias.com.br\/#\/schema\/logo\/image\/"}},{"@type":"Person","@id":"https:\/\/jornalfatosenoticias.com.br\/#\/schema\/person\/d63837fa13ac8666eb9e74e0985d6f81","name":"Luzimara Fernandes","image":{"@type":"ImageObject","inLanguage":"pt-BR","@id":"https:\/\/jornalfatosenoticias.com.br\/#\/schema\/person\/image\/","url":"https:\/\/jornalfatosenoticias.com.br\/wp-content\/uploads\/2025\/05\/EU_portal.jpg","contentUrl":"https:\/\/jornalfatosenoticias.com.br\/wp-content\/uploads\/2025\/05\/EU_portal.jpg","caption":"Luzimara Fernandes"},"description":"Jornalista MTB 2358-ES","sameAs":["https:\/\/jornalfatosenoticias.com.br"],"url":"https:\/\/jornalfatosenoticias.com.br\/index.php\/author\/luzimara\/"}]}},"cc_featured_image_caption":{"caption_text":"(Foto: Jornal da USP)","source_text":"","source_url":""},"jetpack_featured_media_url":"https:\/\/jornalfatosenoticias.com.br\/wp-content\/uploads\/2021\/08\/dapoda-cv.jpg","_links":{"self":[{"href":"https:\/\/jornalfatosenoticias.com.br\/index.php\/wp-json\/wp\/v2\/posts\/21664","targetHints":{"allow":["GET"]}}],"collection":[{"href":"https:\/\/jornalfatosenoticias.com.br\/index.php\/wp-json\/wp\/v2\/posts"}],"about":[{"href":"https:\/\/jornalfatosenoticias.com.br\/index.php\/wp-json\/wp\/v2\/types\/post"}],"author":[{"embeddable":true,"href":"https:\/\/jornalfatosenoticias.com.br\/index.php\/wp-json\/wp\/v2\/users\/2"}],"replies":[{"embeddable":true,"href":"https:\/\/jornalfatosenoticias.com.br\/index.php\/wp-json\/wp\/v2\/comments?post=21664"}],"version-history":[{"count":0,"href":"https:\/\/jornalfatosenoticias.com.br\/index.php\/wp-json\/wp\/v2\/posts\/21664\/revisions"}],"wp:featuredmedia":[{"embeddable":true,"href":"https:\/\/jornalfatosenoticias.com.br\/index.php\/wp-json\/wp\/v2\/media\/21668"}],"wp:attachment":[{"href":"https:\/\/jornalfatosenoticias.com.br\/index.php\/wp-json\/wp\/v2\/media?parent=21664"}],"wp:term":[{"taxonomy":"category","embeddable":true,"href":"https:\/\/jornalfatosenoticias.com.br\/index.php\/wp-json\/wp\/v2\/categories?post=21664"},{"taxonomy":"post_tag","embeddable":true,"href":"https:\/\/jornalfatosenoticias.com.br\/index.php\/wp-json\/wp\/v2\/tags?post=21664"}],"curies":[{"name":"wp","href":"https:\/\/api.w.org\/{rel}","templated":true}]}}