{"id":21710,"date":"2021-08-11T15:48:58","date_gmt":"2021-08-11T18:48:58","guid":{"rendered":"https:\/\/jornalfatosenoticias.com.br\/?p=21710"},"modified":"2021-08-11T15:49:12","modified_gmt":"2021-08-11T18:49:12","slug":"conheca-uma-receita-pratica-e-deliciosa-de-pudim-de-acai","status":"publish","type":"post","link":"https:\/\/jornalfatosenoticias.com.br\/index.php\/2021\/08\/11\/conheca-uma-receita-pratica-e-deliciosa-de-pudim-de-acai\/","title":{"rendered":"Conhe\u00e7a uma receita pr\u00e1tica e deliciosa de pudim de a\u00e7a\u00ed"},"content":{"rendered":"\n<p><em><span class=\"has-inline-color has-black-color\">A\u00e7a\u00ed \u00e9 sem d\u00favidas um dos frutos preferidos dos amaz\u00f4nidas, seja no Amazonas ou Par\u00e1, o alimento vai bem com qualquer combina\u00e7\u00e3o, doce ou salgado<\/span><\/em><\/p>\n\n\n\n<p>A\u00e7a\u00ed \u00e9 sem d\u00favidas um dos frutos preferidos dos amaz\u00f4nidas, seja no Amazonas ou Par\u00e1, o alimento vai bem com qualquer combina\u00e7\u00e3o, doce ou salgado. Mas voc\u00ea j\u00e1 pensou em fazer um pudim de a\u00e7a\u00ed? <em><span class=\"has-inline-color has-black-color\">Confira a receita:<\/span><\/em><\/p>\n\n\n\n<p><strong><span class=\"has-inline-color has-black-color\">Ingredientes<br><\/span><\/strong><em><span class=\"has-inline-color has-black-color\">Para o pudim<br><\/span><\/em>1 \u00bc x\u00edcara (ch\u00e1) de polpa de a\u00e7a\u00ed<br>1 lata de leite condensado<br>4 ovos<br>Manteiga para untar<\/p>\n\n\n\n<p><strong><span class=\"has-inline-color has-black-color\">Para a cobertura<br><\/span><\/strong>1 potinho de iogurte natural<br>1 colher (sopa) de leite<br>2 colheres (sopa) de a\u00e7\u00facar<br>\u00bd x\u00edcara (ch\u00e1) de granola<\/p>\n\n\n\n<p><strong><span class=\"has-inline-color has-black-color\">Modo de preparo<br><\/span><\/strong>Bata no liquidificador os ingredientes do pudim at\u00e9 obter uma mistura homog\u00eanea. Unte uma f\u00f4rma para pudim de 20cm de di\u00e2metro e despeje a mistura. Leve ao forno m\u00e9dio (180\u00b0C), em banho-maria, para assar at\u00e9 ficar firme. Deixe esfriar e leve \u00e0 geladeira.<\/p>\n\n\n\n<p><strong><span class=\"has-inline-color has-black-color\">Cobertura<br><\/span><\/strong>Bata no liquidificador o iogurte com o leite e o a\u00e7\u00facar. Na hora de servir, desenforme o pudim, regue com a cobertura e polvilhe a granola.<\/p>\n\n\n\n<p><strong><span class=\"has-inline-color has-black-color\">Varia\u00e7\u00e3o<br><\/span><\/strong>Em vez de untar a f\u00f4rma, forre-a com uma calda de caramelo.<\/p>\n\n\n\n<p><strong><em>Fonte: <a href=\"https:\/\/portalamazonia.com\/cultura\/gastronomia\/conheca-uma-receita-pratica-e-deliciosa-de-pudim-de-acai\">Portal Amaz\u00f4nia<\/a><\/em><\/strong><\/p>\n","protected":false},"excerpt":{"rendered":"<p>A\u00e7a\u00ed \u00e9 sem d\u00favidas um dos frutos preferidos dos amaz\u00f4nidas, seja no Amazonas ou Par\u00e1, o alimento vai bem com qualquer combina\u00e7\u00e3o, doce ou salgado A\u00e7a\u00ed \u00e9 sem d\u00favidas um dos frutos preferidos dos amaz\u00f4nidas, seja no Amazonas ou Par\u00e1, o alimento vai bem com qualquer combina\u00e7\u00e3o, doce ou salgado. Mas voc\u00ea j\u00e1 pensou em [&hellip;]<\/p>\n","protected":false},"author":2,"featured_media":21711,"comment_status":"open","ping_status":"open","sticky":false,"template":"","format":"standard","meta":{"footnotes":""},"categories":[745],"tags":[4390,1068,713,2197,3856,10593,10595,10596,10594],"class_list":["post-21710","post","type-post","status-publish","format-standard","has-post-thumbnail","hentry","category-gastronomia","tag-acai","tag-amazonas","tag-cultura","tag-gastronomia","tag-manaus","tag-pudim","tag-pudim-de-acai","tag-receita-de-acai","tag-receita-pudim"],"yoast_head":"<!-- This site is optimized with the Yoast SEO plugin v26.5 - https:\/\/yoast.com\/wordpress\/plugins\/seo\/ -->\n<title>Conhe\u00e7a uma receita pr\u00e1tica e deliciosa de pudim de a\u00e7a\u00ed - Jornal Fatos e Not\u00edcias<\/title>\n<meta name=\"robots\" content=\"index, follow, max-snippet:-1, max-image-preview:large, max-video-preview:-1\" \/>\n<link rel=\"canonical\" href=\"https:\/\/jornalfatosenoticias.com.br\/index.php\/2021\/08\/11\/conheca-uma-receita-pratica-e-deliciosa-de-pudim-de-acai\/\" \/>\n<meta property=\"og:locale\" content=\"pt_BR\" \/>\n<meta property=\"og:type\" content=\"article\" \/>\n<meta property=\"og:title\" content=\"Conhe\u00e7a uma receita pr\u00e1tica e deliciosa de pudim de a\u00e7a\u00ed - Jornal Fatos e Not\u00edcias\" \/>\n<meta property=\"og:description\" content=\"A\u00e7a\u00ed \u00e9 sem d\u00favidas um dos frutos preferidos dos amaz\u00f4nidas, seja no Amazonas ou Par\u00e1, o alimento vai bem com qualquer combina\u00e7\u00e3o, doce ou salgado A\u00e7a\u00ed \u00e9 sem d\u00favidas um dos frutos preferidos dos amaz\u00f4nidas, seja no Amazonas ou Par\u00e1, o alimento vai bem com qualquer combina\u00e7\u00e3o, doce ou salgado. Mas voc\u00ea j\u00e1 pensou em [&hellip;]\" \/>\n<meta property=\"og:url\" content=\"https:\/\/jornalfatosenoticias.com.br\/index.php\/2021\/08\/11\/conheca-uma-receita-pratica-e-deliciosa-de-pudim-de-acai\/\" \/>\n<meta property=\"og:site_name\" content=\"Jornal Fatos e Not\u00edcias\" \/>\n<meta property=\"article:published_time\" content=\"2021-08-11T18:48:58+00:00\" \/>\n<meta property=\"article:modified_time\" content=\"2021-08-11T18:49:12+00:00\" \/>\n<meta property=\"og:image\" content=\"https:\/\/jornalfatosenoticias.com.br\/wp-content\/uploads\/2021\/08\/pudim-de-acai.jpg\" \/>\n\t<meta property=\"og:image:width\" content=\"1000\" \/>\n\t<meta property=\"og:image:height\" content=\"815\" \/>\n\t<meta property=\"og:image:type\" content=\"image\/jpeg\" \/>\n<meta name=\"author\" content=\"Luzimara Fernandes\" \/>\n<meta name=\"twitter:card\" content=\"summary_large_image\" \/>\n<meta name=\"twitter:label1\" content=\"Escrito por\" \/>\n\t<meta name=\"twitter:data1\" content=\"Luzimara Fernandes\" \/>\n\t<meta name=\"twitter:label2\" content=\"Est. tempo de leitura\" \/>\n\t<meta name=\"twitter:data2\" content=\"1 minuto\" \/>\n<script type=\"application\/ld+json\" class=\"yoast-schema-graph\">{\"@context\":\"https:\/\/schema.org\",\"@graph\":[{\"@type\":\"Article\",\"@id\":\"https:\/\/jornalfatosenoticias.com.br\/index.php\/2021\/08\/11\/conheca-uma-receita-pratica-e-deliciosa-de-pudim-de-acai\/#article\",\"isPartOf\":{\"@id\":\"https:\/\/jornalfatosenoticias.com.br\/index.php\/2021\/08\/11\/conheca-uma-receita-pratica-e-deliciosa-de-pudim-de-acai\/\"},\"author\":{\"name\":\"Luzimara Fernandes\",\"@id\":\"https:\/\/jornalfatosenoticias.com.br\/#\/schema\/person\/d63837fa13ac8666eb9e74e0985d6f81\"},\"headline\":\"Conhe\u00e7a uma receita pr\u00e1tica e deliciosa de pudim de a\u00e7a\u00ed\",\"datePublished\":\"2021-08-11T18:48:58+00:00\",\"dateModified\":\"2021-08-11T18:49:12+00:00\",\"mainEntityOfPage\":{\"@id\":\"https:\/\/jornalfatosenoticias.com.br\/index.php\/2021\/08\/11\/conheca-uma-receita-pratica-e-deliciosa-de-pudim-de-acai\/\"},\"wordCount\":219,\"commentCount\":0,\"publisher\":{\"@id\":\"https:\/\/jornalfatosenoticias.com.br\/#organization\"},\"image\":{\"@id\":\"https:\/\/jornalfatosenoticias.com.br\/index.php\/2021\/08\/11\/conheca-uma-receita-pratica-e-deliciosa-de-pudim-de-acai\/#primaryimage\"},\"thumbnailUrl\":\"https:\/\/jornalfatosenoticias.com.br\/wp-content\/uploads\/2021\/08\/pudim-de-acai.jpg\",\"keywords\":[\"a\u00e7a\u00ed\",\"Amazonas\",\"cultura\",\"gastronomia\",\"Manaus\",\"pudim\",\"pudim de a\u00e7a\u00ed\",\"receita de a\u00e7a\u00ed\",\"receita pudim\"],\"articleSection\":[\"Gastronomia\"],\"inLanguage\":\"pt-BR\",\"potentialAction\":[{\"@type\":\"CommentAction\",\"name\":\"Comment\",\"target\":[\"https:\/\/jornalfatosenoticias.com.br\/index.php\/2021\/08\/11\/conheca-uma-receita-pratica-e-deliciosa-de-pudim-de-acai\/#respond\"]}]},{\"@type\":\"WebPage\",\"@id\":\"https:\/\/jornalfatosenoticias.com.br\/index.php\/2021\/08\/11\/conheca-uma-receita-pratica-e-deliciosa-de-pudim-de-acai\/\",\"url\":\"https:\/\/jornalfatosenoticias.com.br\/index.php\/2021\/08\/11\/conheca-uma-receita-pratica-e-deliciosa-de-pudim-de-acai\/\",\"name\":\"Conhe\u00e7a uma receita pr\u00e1tica e deliciosa de pudim de a\u00e7a\u00ed - Jornal Fatos e Not\u00edcias\",\"isPartOf\":{\"@id\":\"https:\/\/jornalfatosenoticias.com.br\/#website\"},\"primaryImageOfPage\":{\"@id\":\"https:\/\/jornalfatosenoticias.com.br\/index.php\/2021\/08\/11\/conheca-uma-receita-pratica-e-deliciosa-de-pudim-de-acai\/#primaryimage\"},\"image\":{\"@id\":\"https:\/\/jornalfatosenoticias.com.br\/index.php\/2021\/08\/11\/conheca-uma-receita-pratica-e-deliciosa-de-pudim-de-acai\/#primaryimage\"},\"thumbnailUrl\":\"https:\/\/jornalfatosenoticias.com.br\/wp-content\/uploads\/2021\/08\/pudim-de-acai.jpg\",\"datePublished\":\"2021-08-11T18:48:58+00:00\",\"dateModified\":\"2021-08-11T18:49:12+00:00\",\"breadcrumb\":{\"@id\":\"https:\/\/jornalfatosenoticias.com.br\/index.php\/2021\/08\/11\/conheca-uma-receita-pratica-e-deliciosa-de-pudim-de-acai\/#breadcrumb\"},\"inLanguage\":\"pt-BR\",\"potentialAction\":[{\"@type\":\"ReadAction\",\"target\":[\"https:\/\/jornalfatosenoticias.com.br\/index.php\/2021\/08\/11\/conheca-uma-receita-pratica-e-deliciosa-de-pudim-de-acai\/\"]}]},{\"@type\":\"ImageObject\",\"inLanguage\":\"pt-BR\",\"@id\":\"https:\/\/jornalfatosenoticias.com.br\/index.php\/2021\/08\/11\/conheca-uma-receita-pratica-e-deliciosa-de-pudim-de-acai\/#primaryimage\",\"url\":\"https:\/\/jornalfatosenoticias.com.br\/wp-content\/uploads\/2021\/08\/pudim-de-acai.jpg\",\"contentUrl\":\"https:\/\/jornalfatosenoticias.com.br\/wp-content\/uploads\/2021\/08\/pudim-de-acai.jpg\",\"width\":1000,\"height\":815},{\"@type\":\"BreadcrumbList\",\"@id\":\"https:\/\/jornalfatosenoticias.com.br\/index.php\/2021\/08\/11\/conheca-uma-receita-pratica-e-deliciosa-de-pudim-de-acai\/#breadcrumb\",\"itemListElement\":[{\"@type\":\"ListItem\",\"position\":1,\"name\":\"In\u00edcio\",\"item\":\"https:\/\/jornalfatosenoticias.com.br\/\"},{\"@type\":\"ListItem\",\"position\":2,\"name\":\"Conhe\u00e7a uma receita pr\u00e1tica e deliciosa de pudim de a\u00e7a\u00ed\"}]},{\"@type\":\"WebSite\",\"@id\":\"https:\/\/jornalfatosenoticias.com.br\/#website\",\"url\":\"https:\/\/jornalfatosenoticias.com.br\/\",\"name\":\"Jornal Fatos e Not\u00edcias\",\"description\":\"Not\u00edcias em geral\",\"publisher\":{\"@id\":\"https:\/\/jornalfatosenoticias.com.br\/#organization\"},\"potentialAction\":[{\"@type\":\"SearchAction\",\"target\":{\"@type\":\"EntryPoint\",\"urlTemplate\":\"https:\/\/jornalfatosenoticias.com.br\/?s={search_term_string}\"},\"query-input\":{\"@type\":\"PropertyValueSpecification\",\"valueRequired\":true,\"valueName\":\"search_term_string\"}}],\"inLanguage\":\"pt-BR\"},{\"@type\":\"Organization\",\"@id\":\"https:\/\/jornalfatosenoticias.com.br\/#organization\",\"name\":\"Jornal Fatos e Not\u00edcias\",\"url\":\"https:\/\/jornalfatosenoticias.com.br\/\",\"logo\":{\"@type\":\"ImageObject\",\"inLanguage\":\"pt-BR\",\"@id\":\"https:\/\/jornalfatosenoticias.com.br\/#\/schema\/logo\/image\/\",\"url\":\"https:\/\/jornalfatosenoticias.com.br\/wp-content\/uploads\/2020\/02\/logo120.png\",\"contentUrl\":\"https:\/\/jornalfatosenoticias.com.br\/wp-content\/uploads\/2020\/02\/logo120.png\",\"width\":1227,\"height\":120,\"caption\":\"Jornal Fatos e Not\u00edcias\"},\"image\":{\"@id\":\"https:\/\/jornalfatosenoticias.com.br\/#\/schema\/logo\/image\/\"}},{\"@type\":\"Person\",\"@id\":\"https:\/\/jornalfatosenoticias.com.br\/#\/schema\/person\/d63837fa13ac8666eb9e74e0985d6f81\",\"name\":\"Luzimara Fernandes\",\"image\":{\"@type\":\"ImageObject\",\"inLanguage\":\"pt-BR\",\"@id\":\"https:\/\/jornalfatosenoticias.com.br\/#\/schema\/person\/image\/\",\"url\":\"https:\/\/jornalfatosenoticias.com.br\/wp-content\/uploads\/2025\/05\/EU_portal.jpg\",\"contentUrl\":\"https:\/\/jornalfatosenoticias.com.br\/wp-content\/uploads\/2025\/05\/EU_portal.jpg\",\"caption\":\"Luzimara Fernandes\"},\"description\":\"Jornalista MTB 2358-ES\",\"sameAs\":[\"https:\/\/jornalfatosenoticias.com.br\"],\"url\":\"https:\/\/jornalfatosenoticias.com.br\/index.php\/author\/luzimara\/\"}]}<\/script>\n<!-- \/ Yoast SEO plugin. -->","yoast_head_json":{"title":"Conhe\u00e7a uma receita pr\u00e1tica e deliciosa de pudim de a\u00e7a\u00ed - Jornal Fatos e Not\u00edcias","robots":{"index":"index","follow":"follow","max-snippet":"max-snippet:-1","max-image-preview":"max-image-preview:large","max-video-preview":"max-video-preview:-1"},"canonical":"https:\/\/jornalfatosenoticias.com.br\/index.php\/2021\/08\/11\/conheca-uma-receita-pratica-e-deliciosa-de-pudim-de-acai\/","og_locale":"pt_BR","og_type":"article","og_title":"Conhe\u00e7a uma receita pr\u00e1tica e deliciosa de pudim de a\u00e7a\u00ed - Jornal Fatos e Not\u00edcias","og_description":"A\u00e7a\u00ed \u00e9 sem d\u00favidas um dos frutos preferidos dos amaz\u00f4nidas, seja no Amazonas ou Par\u00e1, o alimento vai bem com qualquer combina\u00e7\u00e3o, doce ou salgado A\u00e7a\u00ed \u00e9 sem d\u00favidas um dos frutos preferidos dos amaz\u00f4nidas, seja no Amazonas ou Par\u00e1, o alimento vai bem com qualquer combina\u00e7\u00e3o, doce ou salgado. Mas voc\u00ea j\u00e1 pensou em [&hellip;]","og_url":"https:\/\/jornalfatosenoticias.com.br\/index.php\/2021\/08\/11\/conheca-uma-receita-pratica-e-deliciosa-de-pudim-de-acai\/","og_site_name":"Jornal Fatos e Not\u00edcias","article_published_time":"2021-08-11T18:48:58+00:00","article_modified_time":"2021-08-11T18:49:12+00:00","og_image":[{"width":1000,"height":815,"url":"https:\/\/jornalfatosenoticias.com.br\/wp-content\/uploads\/2021\/08\/pudim-de-acai.jpg","type":"image\/jpeg"}],"author":"Luzimara Fernandes","twitter_card":"summary_large_image","twitter_misc":{"Escrito por":"Luzimara Fernandes","Est. tempo de leitura":"1 minuto"},"schema":{"@context":"https:\/\/schema.org","@graph":[{"@type":"Article","@id":"https:\/\/jornalfatosenoticias.com.br\/index.php\/2021\/08\/11\/conheca-uma-receita-pratica-e-deliciosa-de-pudim-de-acai\/#article","isPartOf":{"@id":"https:\/\/jornalfatosenoticias.com.br\/index.php\/2021\/08\/11\/conheca-uma-receita-pratica-e-deliciosa-de-pudim-de-acai\/"},"author":{"name":"Luzimara Fernandes","@id":"https:\/\/jornalfatosenoticias.com.br\/#\/schema\/person\/d63837fa13ac8666eb9e74e0985d6f81"},"headline":"Conhe\u00e7a uma receita pr\u00e1tica e deliciosa de pudim de a\u00e7a\u00ed","datePublished":"2021-08-11T18:48:58+00:00","dateModified":"2021-08-11T18:49:12+00:00","mainEntityOfPage":{"@id":"https:\/\/jornalfatosenoticias.com.br\/index.php\/2021\/08\/11\/conheca-uma-receita-pratica-e-deliciosa-de-pudim-de-acai\/"},"wordCount":219,"commentCount":0,"publisher":{"@id":"https:\/\/jornalfatosenoticias.com.br\/#organization"},"image":{"@id":"https:\/\/jornalfatosenoticias.com.br\/index.php\/2021\/08\/11\/conheca-uma-receita-pratica-e-deliciosa-de-pudim-de-acai\/#primaryimage"},"thumbnailUrl":"https:\/\/jornalfatosenoticias.com.br\/wp-content\/uploads\/2021\/08\/pudim-de-acai.jpg","keywords":["a\u00e7a\u00ed","Amazonas","cultura","gastronomia","Manaus","pudim","pudim de a\u00e7a\u00ed","receita de a\u00e7a\u00ed","receita pudim"],"articleSection":["Gastronomia"],"inLanguage":"pt-BR","potentialAction":[{"@type":"CommentAction","name":"Comment","target":["https:\/\/jornalfatosenoticias.com.br\/index.php\/2021\/08\/11\/conheca-uma-receita-pratica-e-deliciosa-de-pudim-de-acai\/#respond"]}]},{"@type":"WebPage","@id":"https:\/\/jornalfatosenoticias.com.br\/index.php\/2021\/08\/11\/conheca-uma-receita-pratica-e-deliciosa-de-pudim-de-acai\/","url":"https:\/\/jornalfatosenoticias.com.br\/index.php\/2021\/08\/11\/conheca-uma-receita-pratica-e-deliciosa-de-pudim-de-acai\/","name":"Conhe\u00e7a uma receita pr\u00e1tica e deliciosa de pudim de a\u00e7a\u00ed - Jornal Fatos e Not\u00edcias","isPartOf":{"@id":"https:\/\/jornalfatosenoticias.com.br\/#website"},"primaryImageOfPage":{"@id":"https:\/\/jornalfatosenoticias.com.br\/index.php\/2021\/08\/11\/conheca-uma-receita-pratica-e-deliciosa-de-pudim-de-acai\/#primaryimage"},"image":{"@id":"https:\/\/jornalfatosenoticias.com.br\/index.php\/2021\/08\/11\/conheca-uma-receita-pratica-e-deliciosa-de-pudim-de-acai\/#primaryimage"},"thumbnailUrl":"https:\/\/jornalfatosenoticias.com.br\/wp-content\/uploads\/2021\/08\/pudim-de-acai.jpg","datePublished":"2021-08-11T18:48:58+00:00","dateModified":"2021-08-11T18:49:12+00:00","breadcrumb":{"@id":"https:\/\/jornalfatosenoticias.com.br\/index.php\/2021\/08\/11\/conheca-uma-receita-pratica-e-deliciosa-de-pudim-de-acai\/#breadcrumb"},"inLanguage":"pt-BR","potentialAction":[{"@type":"ReadAction","target":["https:\/\/jornalfatosenoticias.com.br\/index.php\/2021\/08\/11\/conheca-uma-receita-pratica-e-deliciosa-de-pudim-de-acai\/"]}]},{"@type":"ImageObject","inLanguage":"pt-BR","@id":"https:\/\/jornalfatosenoticias.com.br\/index.php\/2021\/08\/11\/conheca-uma-receita-pratica-e-deliciosa-de-pudim-de-acai\/#primaryimage","url":"https:\/\/jornalfatosenoticias.com.br\/wp-content\/uploads\/2021\/08\/pudim-de-acai.jpg","contentUrl":"https:\/\/jornalfatosenoticias.com.br\/wp-content\/uploads\/2021\/08\/pudim-de-acai.jpg","width":1000,"height":815},{"@type":"BreadcrumbList","@id":"https:\/\/jornalfatosenoticias.com.br\/index.php\/2021\/08\/11\/conheca-uma-receita-pratica-e-deliciosa-de-pudim-de-acai\/#breadcrumb","itemListElement":[{"@type":"ListItem","position":1,"name":"In\u00edcio","item":"https:\/\/jornalfatosenoticias.com.br\/"},{"@type":"ListItem","position":2,"name":"Conhe\u00e7a uma receita pr\u00e1tica e deliciosa de pudim de a\u00e7a\u00ed"}]},{"@type":"WebSite","@id":"https:\/\/jornalfatosenoticias.com.br\/#website","url":"https:\/\/jornalfatosenoticias.com.br\/","name":"Jornal Fatos e Not\u00edcias","description":"Not\u00edcias em geral","publisher":{"@id":"https:\/\/jornalfatosenoticias.com.br\/#organization"},"potentialAction":[{"@type":"SearchAction","target":{"@type":"EntryPoint","urlTemplate":"https:\/\/jornalfatosenoticias.com.br\/?s={search_term_string}"},"query-input":{"@type":"PropertyValueSpecification","valueRequired":true,"valueName":"search_term_string"}}],"inLanguage":"pt-BR"},{"@type":"Organization","@id":"https:\/\/jornalfatosenoticias.com.br\/#organization","name":"Jornal Fatos e Not\u00edcias","url":"https:\/\/jornalfatosenoticias.com.br\/","logo":{"@type":"ImageObject","inLanguage":"pt-BR","@id":"https:\/\/jornalfatosenoticias.com.br\/#\/schema\/logo\/image\/","url":"https:\/\/jornalfatosenoticias.com.br\/wp-content\/uploads\/2020\/02\/logo120.png","contentUrl":"https:\/\/jornalfatosenoticias.com.br\/wp-content\/uploads\/2020\/02\/logo120.png","width":1227,"height":120,"caption":"Jornal Fatos e Not\u00edcias"},"image":{"@id":"https:\/\/jornalfatosenoticias.com.br\/#\/schema\/logo\/image\/"}},{"@type":"Person","@id":"https:\/\/jornalfatosenoticias.com.br\/#\/schema\/person\/d63837fa13ac8666eb9e74e0985d6f81","name":"Luzimara Fernandes","image":{"@type":"ImageObject","inLanguage":"pt-BR","@id":"https:\/\/jornalfatosenoticias.com.br\/#\/schema\/person\/image\/","url":"https:\/\/jornalfatosenoticias.com.br\/wp-content\/uploads\/2025\/05\/EU_portal.jpg","contentUrl":"https:\/\/jornalfatosenoticias.com.br\/wp-content\/uploads\/2025\/05\/EU_portal.jpg","caption":"Luzimara Fernandes"},"description":"Jornalista MTB 2358-ES","sameAs":["https:\/\/jornalfatosenoticias.com.br"],"url":"https:\/\/jornalfatosenoticias.com.br\/index.php\/author\/luzimara\/"}]}},"cc_featured_image_caption":{"caption_text":"(Foto: Pinterest)","source_text":"","source_url":""},"jetpack_featured_media_url":"https:\/\/jornalfatosenoticias.com.br\/wp-content\/uploads\/2021\/08\/pudim-de-acai.jpg","_links":{"self":[{"href":"https:\/\/jornalfatosenoticias.com.br\/index.php\/wp-json\/wp\/v2\/posts\/21710","targetHints":{"allow":["GET"]}}],"collection":[{"href":"https:\/\/jornalfatosenoticias.com.br\/index.php\/wp-json\/wp\/v2\/posts"}],"about":[{"href":"https:\/\/jornalfatosenoticias.com.br\/index.php\/wp-json\/wp\/v2\/types\/post"}],"author":[{"embeddable":true,"href":"https:\/\/jornalfatosenoticias.com.br\/index.php\/wp-json\/wp\/v2\/users\/2"}],"replies":[{"embeddable":true,"href":"https:\/\/jornalfatosenoticias.com.br\/index.php\/wp-json\/wp\/v2\/comments?post=21710"}],"version-history":[{"count":0,"href":"https:\/\/jornalfatosenoticias.com.br\/index.php\/wp-json\/wp\/v2\/posts\/21710\/revisions"}],"wp:featuredmedia":[{"embeddable":true,"href":"https:\/\/jornalfatosenoticias.com.br\/index.php\/wp-json\/wp\/v2\/media\/21711"}],"wp:attachment":[{"href":"https:\/\/jornalfatosenoticias.com.br\/index.php\/wp-json\/wp\/v2\/media?parent=21710"}],"wp:term":[{"taxonomy":"category","embeddable":true,"href":"https:\/\/jornalfatosenoticias.com.br\/index.php\/wp-json\/wp\/v2\/categories?post=21710"},{"taxonomy":"post_tag","embeddable":true,"href":"https:\/\/jornalfatosenoticias.com.br\/index.php\/wp-json\/wp\/v2\/tags?post=21710"}],"curies":[{"name":"wp","href":"https:\/\/api.w.org\/{rel}","templated":true}]}}