{"id":21719,"date":"2021-08-11T16:16:14","date_gmt":"2021-08-11T19:16:14","guid":{"rendered":"https:\/\/jornalfatosenoticias.com.br\/?p=21719"},"modified":"2021-08-11T16:16:18","modified_gmt":"2021-08-11T19:16:18","slug":"na-turquia-arqueologos-acreditam-ter-encontrado-evidencias-do-cavalo-de-troia","status":"publish","type":"post","link":"https:\/\/jornalfatosenoticias.com.br\/index.php\/2021\/08\/11\/na-turquia-arqueologos-acreditam-ter-encontrado-evidencias-do-cavalo-de-troia\/","title":{"rendered":"Na Turquia, arque\u00f3logos acreditam ter encontrado evid\u00eancias do Cavalo de Troia"},"content":{"rendered":"\n<p><em><span class=\"has-inline-color has-black-color\">O presente deixado pelos gregos aos troianos ainda \u00e9 um mist\u00e9rio para pesquisadores<\/span><\/em><\/p>\n\n\n\n<p>A descoberta de uma estrutura de madeira que pode ter feito parte do <strong>Cavalo de Troia<\/strong> foi anunciada por arque\u00f3logos, de acordo com o portal de not\u00edcias <a href=\"https:\/\/noticias.uol.com.br\/internacional\/ultimas-noticias\/2021\/08\/11\/arqueologos-afirmam-ter-descoberto-vestigios-do-cavalo-de-troia-na-turquia.htm?cmpid=copiaecola\">UOL<\/a>. As escava\u00e7\u00f5es, que chegam at\u00e9 15 metros de profundidade, acontecem nas colinas de Hisarlik, <a href=\"https:\/\/aventurasnahistoria.uol.com.br\/noticias\/historia-hoje\/depois-de-anos-na-italia-artefato-de-1800-anos-e-devolvido-a-turquia.phtml\">territ\u00f3rio atualmente da Turquia<\/a>.<br>Por meio de testes, os cientistas encontraram vest\u00edgios que indicam que a estrutura corresponde ao per\u00edodo da <a href=\"https:\/\/aventurasnahistoria.uol.com.br\/noticias\/historia-hoje\/arqueologos-descobrem-evidencias-de-que-troia-e-600-anos-mais-antiga-do-que-se-sabia.phtml\">Guerra de Troia<\/a>\u00a0e aos registros de historiadores da \u00e9poca, segundo o\u00a0<a href=\"https:\/\/greekreporter.com\/2021\/08\/10\/archaeologists-discover-trojan-horse-in-turkey\/\">site Greek Reporter<\/a>. Al\u00e9m das ru\u00ednas, as antigas muralhas da cidade de <strong>Troia<\/strong> est\u00e3o no local.<br>Os professores da Universidade de Boston, <strong>Christine Morris<\/strong>\u00a0e\u00a0<strong>Chris Wilson<\/strong> relataram que a descoberta tem um \u201calto n\u00edvel de confian\u00e7a\u201d para assegurar que o fragmento seja parte do <strong>Cavalo de Troia<\/strong>.<br>\u201cOs testes de data\u00e7\u00e3o por carbono e outras an\u00e1lises sugeriram que as pe\u00e7as de madeira e outros artefatos datam dos s\u00e9culos 12 ou 11 a.C.\u201d, explica o professor Morris, segundo o <em>Geek Reporter<\/em>. \u201cIsso coincide com as datas citadas para a Guerra de Troia, por muitos historiadores antigos como <em>Erat\u00f3stenes<\/em> ou <em>Proclo<\/em>. A montagem da obra tamb\u00e9m coincide com a descri\u00e7\u00e3o feita por muitas fontes. N\u00e3o quero parecer muito confiante, mas tenho quase certeza de que encontramos a coisa real!\u201d.<br>Apesar do entusiasmo, a descoberta ainda causa controv\u00e9rsias. A estrutura n\u00e3o foi citada na Il\u00edada, poema de <strong>Homero<\/strong>\u00a0que \u00e9 refer\u00eancia por narrar a guerra entre gregos e troianos. Na <strong>Eneida de<\/strong>\u00a0<strong>Virg\u00edlio<\/strong>, o artif\u00edcio utilizado pelos\u00a0<a href=\"https:\/\/aventurasnahistoria.uol.com.br\/noticias\/acervo\/gregos-x-troianos-aceitar-cavalo-foi-burrice-435522.phtml\">gregos para atacar a cidade de Troia<\/a> foi incendiado no ato.<\/p>\n\n\n\n<p><strong><em>Fonte: <a href=\"https:\/\/aventurasnahistoria.uol.com.br\/noticias\/historia-hoje\/na-turquia-arqueologos-acreditam-ter-encontrado-evidencias-do-cavalo-de-troia.phtml\">Aventuras na Hist\u00f3ria<\/a><\/em><\/strong><\/p>\n","protected":false},"excerpt":{"rendered":"<p>O presente deixado pelos gregos aos troianos ainda \u00e9 um mist\u00e9rio para pesquisadores A descoberta de uma estrutura de madeira que pode ter feito parte do Cavalo de Troia foi anunciada por arque\u00f3logos, de acordo com o portal de not\u00edcias UOL. As escava\u00e7\u00f5es, que chegam at\u00e9 15 metros de profundidade, acontecem nas colinas de Hisarlik, [&hellip;]<\/p>\n","protected":false},"author":2,"featured_media":21720,"comment_status":"open","ping_status":"open","sticky":false,"template":"","format":"standard","meta":{"footnotes":""},"categories":[9808],"tags":[1478,10604,668,7054,145],"class_list":["post-21719","post","type-post","status-publish","format-standard","has-post-thumbnail","hentry","category-paleo-arqueologia","tag-arqueologia","tag-cavalo-de-troia","tag-grecia","tag-mitologia-grega","tag-turquia"],"yoast_head":"<!-- This site is optimized with the Yoast SEO plugin v26.5 - https:\/\/yoast.com\/wordpress\/plugins\/seo\/ -->\n<title>Na Turquia, arque\u00f3logos acreditam ter encontrado evid\u00eancias do Cavalo de Troia - Jornal Fatos e Not\u00edcias<\/title>\n<meta name=\"robots\" content=\"index, follow, max-snippet:-1, max-image-preview:large, max-video-preview:-1\" \/>\n<link rel=\"canonical\" href=\"https:\/\/jornalfatosenoticias.com.br\/index.php\/2021\/08\/11\/na-turquia-arqueologos-acreditam-ter-encontrado-evidencias-do-cavalo-de-troia\/\" \/>\n<meta property=\"og:locale\" content=\"pt_BR\" \/>\n<meta property=\"og:type\" content=\"article\" \/>\n<meta property=\"og:title\" content=\"Na Turquia, arque\u00f3logos acreditam ter encontrado evid\u00eancias do Cavalo de Troia - Jornal Fatos e Not\u00edcias\" \/>\n<meta property=\"og:description\" content=\"O presente deixado pelos gregos aos troianos ainda \u00e9 um mist\u00e9rio para pesquisadores A descoberta de uma estrutura de madeira que pode ter feito parte do Cavalo de Troia foi anunciada por arque\u00f3logos, de acordo com o portal de not\u00edcias UOL. As escava\u00e7\u00f5es, que chegam at\u00e9 15 metros de profundidade, acontecem nas colinas de Hisarlik, [&hellip;]\" \/>\n<meta property=\"og:url\" content=\"https:\/\/jornalfatosenoticias.com.br\/index.php\/2021\/08\/11\/na-turquia-arqueologos-acreditam-ter-encontrado-evidencias-do-cavalo-de-troia\/\" \/>\n<meta property=\"og:site_name\" content=\"Jornal Fatos e Not\u00edcias\" \/>\n<meta property=\"article:published_time\" content=\"2021-08-11T19:16:14+00:00\" \/>\n<meta property=\"article:modified_time\" content=\"2021-08-11T19:16:18+00:00\" \/>\n<meta property=\"og:image\" content=\"https:\/\/jornalfatosenoticias.com.br\/wp-content\/uploads\/2021\/08\/cavalo_de_troia_capa.jpg\" \/>\n\t<meta property=\"og:image:width\" content=\"1000\" \/>\n\t<meta property=\"og:image:height\" content=\"562\" \/>\n\t<meta property=\"og:image:type\" content=\"image\/jpeg\" \/>\n<meta name=\"author\" content=\"Luzimara Fernandes\" \/>\n<meta name=\"twitter:card\" content=\"summary_large_image\" \/>\n<meta name=\"twitter:label1\" content=\"Escrito por\" \/>\n\t<meta name=\"twitter:data1\" content=\"Luzimara Fernandes\" \/>\n\t<meta name=\"twitter:label2\" content=\"Est. tempo de leitura\" \/>\n\t<meta name=\"twitter:data2\" content=\"1 minuto\" \/>\n<script type=\"application\/ld+json\" class=\"yoast-schema-graph\">{\"@context\":\"https:\/\/schema.org\",\"@graph\":[{\"@type\":\"Article\",\"@id\":\"https:\/\/jornalfatosenoticias.com.br\/index.php\/2021\/08\/11\/na-turquia-arqueologos-acreditam-ter-encontrado-evidencias-do-cavalo-de-troia\/#article\",\"isPartOf\":{\"@id\":\"https:\/\/jornalfatosenoticias.com.br\/index.php\/2021\/08\/11\/na-turquia-arqueologos-acreditam-ter-encontrado-evidencias-do-cavalo-de-troia\/\"},\"author\":{\"name\":\"Luzimara Fernandes\",\"@id\":\"https:\/\/jornalfatosenoticias.com.br\/#\/schema\/person\/d63837fa13ac8666eb9e74e0985d6f81\"},\"headline\":\"Na Turquia, arque\u00f3logos acreditam ter encontrado evid\u00eancias do Cavalo de Troia\",\"datePublished\":\"2021-08-11T19:16:14+00:00\",\"dateModified\":\"2021-08-11T19:16:18+00:00\",\"mainEntityOfPage\":{\"@id\":\"https:\/\/jornalfatosenoticias.com.br\/index.php\/2021\/08\/11\/na-turquia-arqueologos-acreditam-ter-encontrado-evidencias-do-cavalo-de-troia\/\"},\"wordCount\":304,\"commentCount\":0,\"publisher\":{\"@id\":\"https:\/\/jornalfatosenoticias.com.br\/#organization\"},\"image\":{\"@id\":\"https:\/\/jornalfatosenoticias.com.br\/index.php\/2021\/08\/11\/na-turquia-arqueologos-acreditam-ter-encontrado-evidencias-do-cavalo-de-troia\/#primaryimage\"},\"thumbnailUrl\":\"https:\/\/jornalfatosenoticias.com.br\/wp-content\/uploads\/2021\/08\/cavalo_de_troia_capa.jpg\",\"keywords\":[\"arqueologia\",\"Cavalo de Troia\",\"Gr\u00e9cia\",\"mitologia grega\",\"Turquia\"],\"articleSection\":[\"Paleo &amp; Arqueologia\"],\"inLanguage\":\"pt-BR\",\"potentialAction\":[{\"@type\":\"CommentAction\",\"name\":\"Comment\",\"target\":[\"https:\/\/jornalfatosenoticias.com.br\/index.php\/2021\/08\/11\/na-turquia-arqueologos-acreditam-ter-encontrado-evidencias-do-cavalo-de-troia\/#respond\"]}]},{\"@type\":\"WebPage\",\"@id\":\"https:\/\/jornalfatosenoticias.com.br\/index.php\/2021\/08\/11\/na-turquia-arqueologos-acreditam-ter-encontrado-evidencias-do-cavalo-de-troia\/\",\"url\":\"https:\/\/jornalfatosenoticias.com.br\/index.php\/2021\/08\/11\/na-turquia-arqueologos-acreditam-ter-encontrado-evidencias-do-cavalo-de-troia\/\",\"name\":\"Na Turquia, arque\u00f3logos acreditam ter encontrado evid\u00eancias do Cavalo de Troia - Jornal Fatos e Not\u00edcias\",\"isPartOf\":{\"@id\":\"https:\/\/jornalfatosenoticias.com.br\/#website\"},\"primaryImageOfPage\":{\"@id\":\"https:\/\/jornalfatosenoticias.com.br\/index.php\/2021\/08\/11\/na-turquia-arqueologos-acreditam-ter-encontrado-evidencias-do-cavalo-de-troia\/#primaryimage\"},\"image\":{\"@id\":\"https:\/\/jornalfatosenoticias.com.br\/index.php\/2021\/08\/11\/na-turquia-arqueologos-acreditam-ter-encontrado-evidencias-do-cavalo-de-troia\/#primaryimage\"},\"thumbnailUrl\":\"https:\/\/jornalfatosenoticias.com.br\/wp-content\/uploads\/2021\/08\/cavalo_de_troia_capa.jpg\",\"datePublished\":\"2021-08-11T19:16:14+00:00\",\"dateModified\":\"2021-08-11T19:16:18+00:00\",\"breadcrumb\":{\"@id\":\"https:\/\/jornalfatosenoticias.com.br\/index.php\/2021\/08\/11\/na-turquia-arqueologos-acreditam-ter-encontrado-evidencias-do-cavalo-de-troia\/#breadcrumb\"},\"inLanguage\":\"pt-BR\",\"potentialAction\":[{\"@type\":\"ReadAction\",\"target\":[\"https:\/\/jornalfatosenoticias.com.br\/index.php\/2021\/08\/11\/na-turquia-arqueologos-acreditam-ter-encontrado-evidencias-do-cavalo-de-troia\/\"]}]},{\"@type\":\"ImageObject\",\"inLanguage\":\"pt-BR\",\"@id\":\"https:\/\/jornalfatosenoticias.com.br\/index.php\/2021\/08\/11\/na-turquia-arqueologos-acreditam-ter-encontrado-evidencias-do-cavalo-de-troia\/#primaryimage\",\"url\":\"https:\/\/jornalfatosenoticias.com.br\/wp-content\/uploads\/2021\/08\/cavalo_de_troia_capa.jpg\",\"contentUrl\":\"https:\/\/jornalfatosenoticias.com.br\/wp-content\/uploads\/2021\/08\/cavalo_de_troia_capa.jpg\",\"width\":1000,\"height\":562},{\"@type\":\"BreadcrumbList\",\"@id\":\"https:\/\/jornalfatosenoticias.com.br\/index.php\/2021\/08\/11\/na-turquia-arqueologos-acreditam-ter-encontrado-evidencias-do-cavalo-de-troia\/#breadcrumb\",\"itemListElement\":[{\"@type\":\"ListItem\",\"position\":1,\"name\":\"In\u00edcio\",\"item\":\"https:\/\/jornalfatosenoticias.com.br\/\"},{\"@type\":\"ListItem\",\"position\":2,\"name\":\"Na Turquia, arque\u00f3logos acreditam ter encontrado evid\u00eancias do Cavalo de Troia\"}]},{\"@type\":\"WebSite\",\"@id\":\"https:\/\/jornalfatosenoticias.com.br\/#website\",\"url\":\"https:\/\/jornalfatosenoticias.com.br\/\",\"name\":\"Jornal Fatos e Not\u00edcias\",\"description\":\"Not\u00edcias em geral\",\"publisher\":{\"@id\":\"https:\/\/jornalfatosenoticias.com.br\/#organization\"},\"potentialAction\":[{\"@type\":\"SearchAction\",\"target\":{\"@type\":\"EntryPoint\",\"urlTemplate\":\"https:\/\/jornalfatosenoticias.com.br\/?s={search_term_string}\"},\"query-input\":{\"@type\":\"PropertyValueSpecification\",\"valueRequired\":true,\"valueName\":\"search_term_string\"}}],\"inLanguage\":\"pt-BR\"},{\"@type\":\"Organization\",\"@id\":\"https:\/\/jornalfatosenoticias.com.br\/#organization\",\"name\":\"Jornal Fatos e Not\u00edcias\",\"url\":\"https:\/\/jornalfatosenoticias.com.br\/\",\"logo\":{\"@type\":\"ImageObject\",\"inLanguage\":\"pt-BR\",\"@id\":\"https:\/\/jornalfatosenoticias.com.br\/#\/schema\/logo\/image\/\",\"url\":\"https:\/\/jornalfatosenoticias.com.br\/wp-content\/uploads\/2020\/02\/logo120.png\",\"contentUrl\":\"https:\/\/jornalfatosenoticias.com.br\/wp-content\/uploads\/2020\/02\/logo120.png\",\"width\":1227,\"height\":120,\"caption\":\"Jornal Fatos e Not\u00edcias\"},\"image\":{\"@id\":\"https:\/\/jornalfatosenoticias.com.br\/#\/schema\/logo\/image\/\"}},{\"@type\":\"Person\",\"@id\":\"https:\/\/jornalfatosenoticias.com.br\/#\/schema\/person\/d63837fa13ac8666eb9e74e0985d6f81\",\"name\":\"Luzimara Fernandes\",\"image\":{\"@type\":\"ImageObject\",\"inLanguage\":\"pt-BR\",\"@id\":\"https:\/\/jornalfatosenoticias.com.br\/#\/schema\/person\/image\/\",\"url\":\"https:\/\/jornalfatosenoticias.com.br\/wp-content\/uploads\/2025\/05\/EU_portal.jpg\",\"contentUrl\":\"https:\/\/jornalfatosenoticias.com.br\/wp-content\/uploads\/2025\/05\/EU_portal.jpg\",\"caption\":\"Luzimara Fernandes\"},\"description\":\"Jornalista MTB 2358-ES\",\"sameAs\":[\"https:\/\/jornalfatosenoticias.com.br\"],\"url\":\"https:\/\/jornalfatosenoticias.com.br\/index.php\/author\/luzimara\/\"}]}<\/script>\n<!-- \/ Yoast SEO plugin. -->","yoast_head_json":{"title":"Na Turquia, arque\u00f3logos acreditam ter encontrado evid\u00eancias do Cavalo de Troia - Jornal Fatos e Not\u00edcias","robots":{"index":"index","follow":"follow","max-snippet":"max-snippet:-1","max-image-preview":"max-image-preview:large","max-video-preview":"max-video-preview:-1"},"canonical":"https:\/\/jornalfatosenoticias.com.br\/index.php\/2021\/08\/11\/na-turquia-arqueologos-acreditam-ter-encontrado-evidencias-do-cavalo-de-troia\/","og_locale":"pt_BR","og_type":"article","og_title":"Na Turquia, arque\u00f3logos acreditam ter encontrado evid\u00eancias do Cavalo de Troia - Jornal Fatos e Not\u00edcias","og_description":"O presente deixado pelos gregos aos troianos ainda \u00e9 um mist\u00e9rio para pesquisadores A descoberta de uma estrutura de madeira que pode ter feito parte do Cavalo de Troia foi anunciada por arque\u00f3logos, de acordo com o portal de not\u00edcias UOL. As escava\u00e7\u00f5es, que chegam at\u00e9 15 metros de profundidade, acontecem nas colinas de Hisarlik, [&hellip;]","og_url":"https:\/\/jornalfatosenoticias.com.br\/index.php\/2021\/08\/11\/na-turquia-arqueologos-acreditam-ter-encontrado-evidencias-do-cavalo-de-troia\/","og_site_name":"Jornal Fatos e Not\u00edcias","article_published_time":"2021-08-11T19:16:14+00:00","article_modified_time":"2021-08-11T19:16:18+00:00","og_image":[{"width":1000,"height":562,"url":"https:\/\/jornalfatosenoticias.com.br\/wp-content\/uploads\/2021\/08\/cavalo_de_troia_capa.jpg","type":"image\/jpeg"}],"author":"Luzimara Fernandes","twitter_card":"summary_large_image","twitter_misc":{"Escrito por":"Luzimara Fernandes","Est. tempo de leitura":"1 minuto"},"schema":{"@context":"https:\/\/schema.org","@graph":[{"@type":"Article","@id":"https:\/\/jornalfatosenoticias.com.br\/index.php\/2021\/08\/11\/na-turquia-arqueologos-acreditam-ter-encontrado-evidencias-do-cavalo-de-troia\/#article","isPartOf":{"@id":"https:\/\/jornalfatosenoticias.com.br\/index.php\/2021\/08\/11\/na-turquia-arqueologos-acreditam-ter-encontrado-evidencias-do-cavalo-de-troia\/"},"author":{"name":"Luzimara Fernandes","@id":"https:\/\/jornalfatosenoticias.com.br\/#\/schema\/person\/d63837fa13ac8666eb9e74e0985d6f81"},"headline":"Na Turquia, arque\u00f3logos acreditam ter encontrado evid\u00eancias do Cavalo de Troia","datePublished":"2021-08-11T19:16:14+00:00","dateModified":"2021-08-11T19:16:18+00:00","mainEntityOfPage":{"@id":"https:\/\/jornalfatosenoticias.com.br\/index.php\/2021\/08\/11\/na-turquia-arqueologos-acreditam-ter-encontrado-evidencias-do-cavalo-de-troia\/"},"wordCount":304,"commentCount":0,"publisher":{"@id":"https:\/\/jornalfatosenoticias.com.br\/#organization"},"image":{"@id":"https:\/\/jornalfatosenoticias.com.br\/index.php\/2021\/08\/11\/na-turquia-arqueologos-acreditam-ter-encontrado-evidencias-do-cavalo-de-troia\/#primaryimage"},"thumbnailUrl":"https:\/\/jornalfatosenoticias.com.br\/wp-content\/uploads\/2021\/08\/cavalo_de_troia_capa.jpg","keywords":["arqueologia","Cavalo de Troia","Gr\u00e9cia","mitologia grega","Turquia"],"articleSection":["Paleo &amp; Arqueologia"],"inLanguage":"pt-BR","potentialAction":[{"@type":"CommentAction","name":"Comment","target":["https:\/\/jornalfatosenoticias.com.br\/index.php\/2021\/08\/11\/na-turquia-arqueologos-acreditam-ter-encontrado-evidencias-do-cavalo-de-troia\/#respond"]}]},{"@type":"WebPage","@id":"https:\/\/jornalfatosenoticias.com.br\/index.php\/2021\/08\/11\/na-turquia-arqueologos-acreditam-ter-encontrado-evidencias-do-cavalo-de-troia\/","url":"https:\/\/jornalfatosenoticias.com.br\/index.php\/2021\/08\/11\/na-turquia-arqueologos-acreditam-ter-encontrado-evidencias-do-cavalo-de-troia\/","name":"Na Turquia, arque\u00f3logos acreditam ter encontrado evid\u00eancias do Cavalo de Troia - Jornal Fatos e Not\u00edcias","isPartOf":{"@id":"https:\/\/jornalfatosenoticias.com.br\/#website"},"primaryImageOfPage":{"@id":"https:\/\/jornalfatosenoticias.com.br\/index.php\/2021\/08\/11\/na-turquia-arqueologos-acreditam-ter-encontrado-evidencias-do-cavalo-de-troia\/#primaryimage"},"image":{"@id":"https:\/\/jornalfatosenoticias.com.br\/index.php\/2021\/08\/11\/na-turquia-arqueologos-acreditam-ter-encontrado-evidencias-do-cavalo-de-troia\/#primaryimage"},"thumbnailUrl":"https:\/\/jornalfatosenoticias.com.br\/wp-content\/uploads\/2021\/08\/cavalo_de_troia_capa.jpg","datePublished":"2021-08-11T19:16:14+00:00","dateModified":"2021-08-11T19:16:18+00:00","breadcrumb":{"@id":"https:\/\/jornalfatosenoticias.com.br\/index.php\/2021\/08\/11\/na-turquia-arqueologos-acreditam-ter-encontrado-evidencias-do-cavalo-de-troia\/#breadcrumb"},"inLanguage":"pt-BR","potentialAction":[{"@type":"ReadAction","target":["https:\/\/jornalfatosenoticias.com.br\/index.php\/2021\/08\/11\/na-turquia-arqueologos-acreditam-ter-encontrado-evidencias-do-cavalo-de-troia\/"]}]},{"@type":"ImageObject","inLanguage":"pt-BR","@id":"https:\/\/jornalfatosenoticias.com.br\/index.php\/2021\/08\/11\/na-turquia-arqueologos-acreditam-ter-encontrado-evidencias-do-cavalo-de-troia\/#primaryimage","url":"https:\/\/jornalfatosenoticias.com.br\/wp-content\/uploads\/2021\/08\/cavalo_de_troia_capa.jpg","contentUrl":"https:\/\/jornalfatosenoticias.com.br\/wp-content\/uploads\/2021\/08\/cavalo_de_troia_capa.jpg","width":1000,"height":562},{"@type":"BreadcrumbList","@id":"https:\/\/jornalfatosenoticias.com.br\/index.php\/2021\/08\/11\/na-turquia-arqueologos-acreditam-ter-encontrado-evidencias-do-cavalo-de-troia\/#breadcrumb","itemListElement":[{"@type":"ListItem","position":1,"name":"In\u00edcio","item":"https:\/\/jornalfatosenoticias.com.br\/"},{"@type":"ListItem","position":2,"name":"Na Turquia, arque\u00f3logos acreditam ter encontrado evid\u00eancias do Cavalo de Troia"}]},{"@type":"WebSite","@id":"https:\/\/jornalfatosenoticias.com.br\/#website","url":"https:\/\/jornalfatosenoticias.com.br\/","name":"Jornal Fatos e Not\u00edcias","description":"Not\u00edcias em geral","publisher":{"@id":"https:\/\/jornalfatosenoticias.com.br\/#organization"},"potentialAction":[{"@type":"SearchAction","target":{"@type":"EntryPoint","urlTemplate":"https:\/\/jornalfatosenoticias.com.br\/?s={search_term_string}"},"query-input":{"@type":"PropertyValueSpecification","valueRequired":true,"valueName":"search_term_string"}}],"inLanguage":"pt-BR"},{"@type":"Organization","@id":"https:\/\/jornalfatosenoticias.com.br\/#organization","name":"Jornal Fatos e Not\u00edcias","url":"https:\/\/jornalfatosenoticias.com.br\/","logo":{"@type":"ImageObject","inLanguage":"pt-BR","@id":"https:\/\/jornalfatosenoticias.com.br\/#\/schema\/logo\/image\/","url":"https:\/\/jornalfatosenoticias.com.br\/wp-content\/uploads\/2020\/02\/logo120.png","contentUrl":"https:\/\/jornalfatosenoticias.com.br\/wp-content\/uploads\/2020\/02\/logo120.png","width":1227,"height":120,"caption":"Jornal Fatos e Not\u00edcias"},"image":{"@id":"https:\/\/jornalfatosenoticias.com.br\/#\/schema\/logo\/image\/"}},{"@type":"Person","@id":"https:\/\/jornalfatosenoticias.com.br\/#\/schema\/person\/d63837fa13ac8666eb9e74e0985d6f81","name":"Luzimara Fernandes","image":{"@type":"ImageObject","inLanguage":"pt-BR","@id":"https:\/\/jornalfatosenoticias.com.br\/#\/schema\/person\/image\/","url":"https:\/\/jornalfatosenoticias.com.br\/wp-content\/uploads\/2025\/05\/EU_portal.jpg","contentUrl":"https:\/\/jornalfatosenoticias.com.br\/wp-content\/uploads\/2025\/05\/EU_portal.jpg","caption":"Luzimara Fernandes"},"description":"Jornalista MTB 2358-ES","sameAs":["https:\/\/jornalfatosenoticias.com.br"],"url":"https:\/\/jornalfatosenoticias.com.br\/index.php\/author\/luzimara\/"}]}},"cc_featured_image_caption":{"caption_text":"R\u00e9plica do Cavalo de Troia (Foto: Pixabay)","source_text":"","source_url":""},"jetpack_featured_media_url":"https:\/\/jornalfatosenoticias.com.br\/wp-content\/uploads\/2021\/08\/cavalo_de_troia_capa.jpg","_links":{"self":[{"href":"https:\/\/jornalfatosenoticias.com.br\/index.php\/wp-json\/wp\/v2\/posts\/21719","targetHints":{"allow":["GET"]}}],"collection":[{"href":"https:\/\/jornalfatosenoticias.com.br\/index.php\/wp-json\/wp\/v2\/posts"}],"about":[{"href":"https:\/\/jornalfatosenoticias.com.br\/index.php\/wp-json\/wp\/v2\/types\/post"}],"author":[{"embeddable":true,"href":"https:\/\/jornalfatosenoticias.com.br\/index.php\/wp-json\/wp\/v2\/users\/2"}],"replies":[{"embeddable":true,"href":"https:\/\/jornalfatosenoticias.com.br\/index.php\/wp-json\/wp\/v2\/comments?post=21719"}],"version-history":[{"count":0,"href":"https:\/\/jornalfatosenoticias.com.br\/index.php\/wp-json\/wp\/v2\/posts\/21719\/revisions"}],"wp:featuredmedia":[{"embeddable":true,"href":"https:\/\/jornalfatosenoticias.com.br\/index.php\/wp-json\/wp\/v2\/media\/21720"}],"wp:attachment":[{"href":"https:\/\/jornalfatosenoticias.com.br\/index.php\/wp-json\/wp\/v2\/media?parent=21719"}],"wp:term":[{"taxonomy":"category","embeddable":true,"href":"https:\/\/jornalfatosenoticias.com.br\/index.php\/wp-json\/wp\/v2\/categories?post=21719"},{"taxonomy":"post_tag","embeddable":true,"href":"https:\/\/jornalfatosenoticias.com.br\/index.php\/wp-json\/wp\/v2\/tags?post=21719"}],"curies":[{"name":"wp","href":"https:\/\/api.w.org\/{rel}","templated":true}]}}