{"id":21732,"date":"2021-08-11T17:17:22","date_gmt":"2021-08-11T20:17:22","guid":{"rendered":"https:\/\/jornalfatosenoticias.com.br\/?p=21732"},"modified":"2021-08-11T17:17:23","modified_gmt":"2021-08-11T20:17:23","slug":"abajur-fabricado-com-cascas-de-laranja-e-organico-e-compostavel","status":"publish","type":"post","link":"https:\/\/jornalfatosenoticias.com.br\/index.php\/2021\/08\/11\/abajur-fabricado-com-cascas-de-laranja-e-organico-e-compostavel\/","title":{"rendered":"Abajur fabricado com cascas de laranja \u00e9 org\u00e2nico e compost\u00e1vel"},"content":{"rendered":"\n<p><em><span class=\"has-inline-color has-black-color\">Lumin\u00e1ria impressa em 3D tem textura, cor e cheiro semelhantes aos de uma laranja real<\/span><\/em><\/p>\n\n\n\n<p>A startup italiana <a href=\"https:\/\/en.krilldesign.net\/chi-siamo\" target=\"_blank\" rel=\"noreferrer noopener\">Krill Design<\/a> desenvolve produtos que unem economia circular e design. S\u00e3o utilidades dom\u00e9sticas que reaproveitam res\u00edduos org\u00e2nicos, usados em um processo de impress\u00e3o 3D na fabrica\u00e7\u00e3o.<br>A ideia de um produtos de design ecol\u00f3gico ganhou ainda mais for\u00e7a no recente lan\u00e7amento da marca: um abajur impresso em 3D que usa cascas de laranja como mat\u00e9ria-prima.<\/p>\n\n\n\n<div class=\"wp-block-jetpack-tiled-gallery aligncenter is-style-columns\"><div class=\"tiled-gallery__gallery\"><div class=\"tiled-gallery__row\"><div class=\"tiled-gallery__col\" style=\"flex-basis:32.61165073491623%\"><figure class=\"tiled-gallery__item\"><img decoding=\"async\" alt=\"\" data-height=\"800\" data-id=\"21733\" data-link=\"https:\/\/jornalfatosenoticias.com.br\/?attachment_id=21733\" data-url=\"https:\/\/jornalfatosenoticias.com.br\/wp-content\/uploads\/2021\/08\/abajur-3D-laranja-2.jpg\" data-width=\"600\" src=\"https:\/\/i1.wp.com\/jornalfatosenoticias.com.br\/wp-content\/uploads\/2021\/08\/abajur-3D-laranja-2.jpg?ssl=1\" layout=\"responsive\"\/><\/figure><\/div><div class=\"tiled-gallery__col\" style=\"flex-basis:34.77669853016754%\"><figure class=\"tiled-gallery__item\"><img decoding=\"async\" alt=\"\" data-height=\"750\" data-id=\"21734\" data-link=\"https:\/\/jornalfatosenoticias.com.br\/?attachment_id=21734\" data-url=\"https:\/\/jornalfatosenoticias.com.br\/wp-content\/uploads\/2021\/08\/abajur-3D-laranja-3.jpg\" data-width=\"600\" src=\"https:\/\/i2.wp.com\/jornalfatosenoticias.com.br\/wp-content\/uploads\/2021\/08\/abajur-3D-laranja-3.jpg?ssl=1\" layout=\"responsive\"\/><\/figure><\/div><div class=\"tiled-gallery__col\" style=\"flex-basis:32.61165073491623%\"><figure class=\"tiled-gallery__item\"><img decoding=\"async\" alt=\"\" data-height=\"800\" data-id=\"21735\" data-link=\"https:\/\/jornalfatosenoticias.com.br\/?attachment_id=21735\" data-url=\"https:\/\/jornalfatosenoticias.com.br\/wp-content\/uploads\/2021\/08\/abajur-3D-laranja-4.jpg\" data-width=\"600\" src=\"https:\/\/i1.wp.com\/jornalfatosenoticias.com.br\/wp-content\/uploads\/2021\/08\/abajur-3D-laranja-4.jpg?ssl=1\" layout=\"responsive\"\/><\/figure><\/div><\/div><\/div><\/div>\n\n\n\n<p><em><span class=\"has-inline-color has-black-color\">(Fotos: Krill Design)<\/span><\/em><\/p>\n\n\n\n<p>Batizado de <a href=\"https:\/\/www.ohmie-krilldesign.net\/\" target=\"_blank\" rel=\"noreferrer noopener\"><em>Ohmie<\/em><\/a>, a lumin\u00e1ria de mesa \u00e9 feita de cascas de laranja diretamente dos campos de laranja da Sic\u00edlia \u2014 regi\u00e3o que produz cerca de 3% das laranjas do mundo.<br>A empresa de design optou pela impress\u00e3o 3D para produzir a l\u00e2mpada devido ao impacto ambiental relativamente baixo da tecnologia, que tamb\u00e9m permite evitar o desperd\u00edcio de materiais.<\/p>\n\n\n\n<figure class=\"wp-block-image size-large is-style-default\"><img loading=\"lazy\" decoding=\"async\" width=\"1000\" height=\"849\" src=\"https:\/\/jornalfatosenoticias.com.br\/wp-content\/uploads\/2021\/08\/abajur-3D-laranja-5.jpg\" alt=\"\" class=\"wp-image-21736\" srcset=\"https:\/\/jornalfatosenoticias.com.br\/wp-content\/uploads\/2021\/08\/abajur-3D-laranja-5.jpg 1000w, https:\/\/jornalfatosenoticias.com.br\/wp-content\/uploads\/2021\/08\/abajur-3D-laranja-5-300x255.jpg 300w, https:\/\/jornalfatosenoticias.com.br\/wp-content\/uploads\/2021\/08\/abajur-3D-laranja-5-768x652.jpg 768w\" sizes=\"auto, (max-width: 1000px) 100vw, 1000px\" \/><figcaption><em><span class=\"has-inline-color has-black-color\">(Foto: Krill Design)<\/span><\/em><\/figcaption><\/figure>\n\n\n\n<p>O filamento usado na impressora \u00e9 composto por cascas de laranja secas e mo\u00eddas misturadas a uma base de biopol\u00edmero org\u00e2nico que \u00e9 criada a partir da fermenta\u00e7\u00e3o bacteriana de amidos vegetais.<br>Por usar apenas materiais org\u00e2nicos, a Ohmie tamb\u00e9m \u00e9 totalmente compost\u00e1vel. Apesar de ser um produto resistente, de longa dura\u00e7\u00e3o, a lumin\u00e1ria pode ser descartado de forma sustent\u00e1vel com o seu lixo org\u00e2nico.<\/p>\n\n\n\n<figure class=\"wp-block-image size-large is-style-default\"><img loading=\"lazy\" decoding=\"async\" width=\"1000\" height=\"666\" src=\"https:\/\/jornalfatosenoticias.com.br\/wp-content\/uploads\/2021\/08\/abajur-3D-laranja-6.jpg\" alt=\"\" class=\"wp-image-21737\" srcset=\"https:\/\/jornalfatosenoticias.com.br\/wp-content\/uploads\/2021\/08\/abajur-3D-laranja-6.jpg 1000w, https:\/\/jornalfatosenoticias.com.br\/wp-content\/uploads\/2021\/08\/abajur-3D-laranja-6-300x200.jpg 300w, https:\/\/jornalfatosenoticias.com.br\/wp-content\/uploads\/2021\/08\/abajur-3D-laranja-6-768x511.jpg 768w\" sizes=\"auto, (max-width: 1000px) 100vw, 1000px\" \/><figcaption><em><span class=\"has-inline-color has-black-color\">(Foto: Krill Design)<\/span><\/em><\/figcaption><\/figure>\n\n\n\n<blockquote class=\"wp-block-quote is-layout-flow wp-block-quote-is-layout-flow\"><p><span class=\"has-inline-color has-luminous-vivid-orange-color\">&#8220;Acreditamos que n\u00e3o deve haver uma distin\u00e7\u00e3o entre \u2018design sustent\u00e1vel\u2019 e \u2018design normal\u2019, mas, sim, que o design deve ser sustent\u00e1vel por padr\u00e3o: este \u00e9 o primeiro passo em dire\u00e7\u00e3o a uma revolu\u00e7\u00e3o do design, para tornar as pr\u00e1ticas conscientes&#8221;, Krill Design<\/span><\/p><\/blockquote>\n\n\n\n<figure class=\"wp-block-image size-large is-style-default\"><img loading=\"lazy\" decoding=\"async\" width=\"1000\" height=\"592\" src=\"https:\/\/jornalfatosenoticias.com.br\/wp-content\/uploads\/2021\/08\/abajur-3D-laranja-7.jpg\" alt=\"\" class=\"wp-image-21738\" srcset=\"https:\/\/jornalfatosenoticias.com.br\/wp-content\/uploads\/2021\/08\/abajur-3D-laranja-7.jpg 1000w, https:\/\/jornalfatosenoticias.com.br\/wp-content\/uploads\/2021\/08\/abajur-3D-laranja-7-300x178.jpg 300w, https:\/\/jornalfatosenoticias.com.br\/wp-content\/uploads\/2021\/08\/abajur-3D-laranja-7-768x455.jpg 768w\" sizes=\"auto, (max-width: 1000px) 100vw, 1000px\" \/><figcaption><em><span class=\"has-inline-color has-black-color\">(Foto: Krill Design)<\/span><\/em><\/figcaption><\/figure>\n\n\n\n<p>Com 23 cm de altura, a lumin\u00e1ria \u00e9 t\u00e3o funcional quanto sustent\u00e1vel, e possui textura, cor e cheiro semelhantes ao de uma laranja real. O abajur vem com um cabo USB, um bot\u00e3o de toque e uma l\u00e2mpada LED.<br><strong>O produto est\u00e1 j\u00e1 est\u00e1 sendo vendido na Europa pela p\u00e1gina do\u00a0<a href=\"https:\/\/www.kickstarter.com\/projects\/ohmie-krilldesign\/ohmie-the-orange-lamp-worlds-first-lamp-from-orange-peels\/description\" target=\"_blank\" rel=\"noreferrer noopener\">Kickstarter<\/a>\u00a0por \u20ac 72.<\/strong><\/p>\n\n\n\n<p><strong><em>Fonte: <a href=\"https:\/\/ciclovivo.com.br\/arq-urb\/design\/abajur-fabricado-com-cascas-de-laranja-e-organico-e-compostavel\/\">CicloVivo<\/a><\/em><\/strong><\/p>\n","protected":false},"excerpt":{"rendered":"<p>Lumin\u00e1ria impressa em 3D tem textura, cor e cheiro semelhantes aos de uma laranja real A startup italiana Krill Design desenvolve produtos que unem economia circular e design. S\u00e3o utilidades dom\u00e9sticas que reaproveitam res\u00edduos org\u00e2nicos, usados em um processo de impress\u00e3o 3D na fabrica\u00e7\u00e3o.A ideia de um produtos de design ecol\u00f3gico ganhou ainda mais for\u00e7a [&hellip;]<\/p>\n","protected":false},"author":2,"featured_media":21739,"comment_status":"open","ping_status":"open","sticky":false,"template":"","format":"standard","meta":{"footnotes":""},"categories":[744],"tags":[10612,10616,10614,10613,10615],"class_list":["post-21732","post","type-post","status-publish","format-standard","has-post-thumbnail","hentry","category-arq-urbanismo","tag-abajur-sustentavel","tag-cascas-de-laranja","tag-krill-design","tag-luminaria-impressa-em-3d","tag-ohmie"],"yoast_head":"<!-- This site is optimized with the Yoast SEO plugin v26.5 - https:\/\/yoast.com\/wordpress\/plugins\/seo\/ -->\n<title>Abajur fabricado com cascas de laranja \u00e9 org\u00e2nico e compost\u00e1vel - Jornal Fatos e Not\u00edcias<\/title>\n<meta name=\"robots\" content=\"index, follow, max-snippet:-1, max-image-preview:large, max-video-preview:-1\" \/>\n<link rel=\"canonical\" href=\"https:\/\/jornalfatosenoticias.com.br\/index.php\/2021\/08\/11\/abajur-fabricado-com-cascas-de-laranja-e-organico-e-compostavel\/\" \/>\n<meta property=\"og:locale\" content=\"pt_BR\" \/>\n<meta property=\"og:type\" content=\"article\" \/>\n<meta property=\"og:title\" content=\"Abajur fabricado com cascas de laranja \u00e9 org\u00e2nico e compost\u00e1vel - Jornal Fatos e Not\u00edcias\" \/>\n<meta property=\"og:description\" content=\"Lumin\u00e1ria impressa em 3D tem textura, cor e cheiro semelhantes aos de uma laranja real A startup italiana Krill Design desenvolve produtos que unem economia circular e design. S\u00e3o utilidades dom\u00e9sticas que reaproveitam res\u00edduos org\u00e2nicos, usados em um processo de impress\u00e3o 3D na fabrica\u00e7\u00e3o.A ideia de um produtos de design ecol\u00f3gico ganhou ainda mais for\u00e7a [&hellip;]\" \/>\n<meta property=\"og:url\" content=\"https:\/\/jornalfatosenoticias.com.br\/index.php\/2021\/08\/11\/abajur-fabricado-com-cascas-de-laranja-e-organico-e-compostavel\/\" \/>\n<meta property=\"og:site_name\" content=\"Jornal Fatos e Not\u00edcias\" \/>\n<meta property=\"article:published_time\" content=\"2021-08-11T20:17:22+00:00\" \/>\n<meta property=\"article:modified_time\" content=\"2021-08-11T20:17:23+00:00\" \/>\n<meta property=\"og:image\" content=\"https:\/\/jornalfatosenoticias.com.br\/wp-content\/uploads\/2021\/08\/abajur-3D-laranja.jpg\" \/>\n\t<meta property=\"og:image:width\" content=\"1000\" \/>\n\t<meta property=\"og:image:height\" content=\"607\" \/>\n\t<meta property=\"og:image:type\" content=\"image\/jpeg\" \/>\n<meta name=\"author\" content=\"Luzimara Fernandes\" \/>\n<meta name=\"twitter:card\" content=\"summary_large_image\" \/>\n<meta name=\"twitter:label1\" content=\"Escrito por\" \/>\n\t<meta name=\"twitter:data1\" content=\"Luzimara Fernandes\" \/>\n\t<meta name=\"twitter:label2\" content=\"Est. tempo de leitura\" \/>\n\t<meta name=\"twitter:data2\" content=\"2 minutos\" \/>\n<script type=\"application\/ld+json\" class=\"yoast-schema-graph\">{\"@context\":\"https:\/\/schema.org\",\"@graph\":[{\"@type\":\"Article\",\"@id\":\"https:\/\/jornalfatosenoticias.com.br\/index.php\/2021\/08\/11\/abajur-fabricado-com-cascas-de-laranja-e-organico-e-compostavel\/#article\",\"isPartOf\":{\"@id\":\"https:\/\/jornalfatosenoticias.com.br\/index.php\/2021\/08\/11\/abajur-fabricado-com-cascas-de-laranja-e-organico-e-compostavel\/\"},\"author\":{\"name\":\"Luzimara Fernandes\",\"@id\":\"https:\/\/jornalfatosenoticias.com.br\/#\/schema\/person\/d63837fa13ac8666eb9e74e0985d6f81\"},\"headline\":\"Abajur fabricado com cascas de laranja \u00e9 org\u00e2nico e compost\u00e1vel\",\"datePublished\":\"2021-08-11T20:17:22+00:00\",\"dateModified\":\"2021-08-11T20:17:23+00:00\",\"mainEntityOfPage\":{\"@id\":\"https:\/\/jornalfatosenoticias.com.br\/index.php\/2021\/08\/11\/abajur-fabricado-com-cascas-de-laranja-e-organico-e-compostavel\/\"},\"wordCount\":351,\"commentCount\":0,\"publisher\":{\"@id\":\"https:\/\/jornalfatosenoticias.com.br\/#organization\"},\"image\":{\"@id\":\"https:\/\/jornalfatosenoticias.com.br\/index.php\/2021\/08\/11\/abajur-fabricado-com-cascas-de-laranja-e-organico-e-compostavel\/#primaryimage\"},\"thumbnailUrl\":\"https:\/\/jornalfatosenoticias.com.br\/wp-content\/uploads\/2021\/08\/abajur-3D-laranja.jpg\",\"keywords\":[\"abajur sustent\u00e1vel\",\"cascas de laranja\",\"Krill Design\",\"lumin\u00e1ria impressa em 3D\",\"Ohmie\"],\"articleSection\":[\"Arq &amp; Urb\"],\"inLanguage\":\"pt-BR\",\"potentialAction\":[{\"@type\":\"CommentAction\",\"name\":\"Comment\",\"target\":[\"https:\/\/jornalfatosenoticias.com.br\/index.php\/2021\/08\/11\/abajur-fabricado-com-cascas-de-laranja-e-organico-e-compostavel\/#respond\"]}]},{\"@type\":\"WebPage\",\"@id\":\"https:\/\/jornalfatosenoticias.com.br\/index.php\/2021\/08\/11\/abajur-fabricado-com-cascas-de-laranja-e-organico-e-compostavel\/\",\"url\":\"https:\/\/jornalfatosenoticias.com.br\/index.php\/2021\/08\/11\/abajur-fabricado-com-cascas-de-laranja-e-organico-e-compostavel\/\",\"name\":\"Abajur fabricado com cascas de laranja \u00e9 org\u00e2nico e compost\u00e1vel - Jornal Fatos e Not\u00edcias\",\"isPartOf\":{\"@id\":\"https:\/\/jornalfatosenoticias.com.br\/#website\"},\"primaryImageOfPage\":{\"@id\":\"https:\/\/jornalfatosenoticias.com.br\/index.php\/2021\/08\/11\/abajur-fabricado-com-cascas-de-laranja-e-organico-e-compostavel\/#primaryimage\"},\"image\":{\"@id\":\"https:\/\/jornalfatosenoticias.com.br\/index.php\/2021\/08\/11\/abajur-fabricado-com-cascas-de-laranja-e-organico-e-compostavel\/#primaryimage\"},\"thumbnailUrl\":\"https:\/\/jornalfatosenoticias.com.br\/wp-content\/uploads\/2021\/08\/abajur-3D-laranja.jpg\",\"datePublished\":\"2021-08-11T20:17:22+00:00\",\"dateModified\":\"2021-08-11T20:17:23+00:00\",\"breadcrumb\":{\"@id\":\"https:\/\/jornalfatosenoticias.com.br\/index.php\/2021\/08\/11\/abajur-fabricado-com-cascas-de-laranja-e-organico-e-compostavel\/#breadcrumb\"},\"inLanguage\":\"pt-BR\",\"potentialAction\":[{\"@type\":\"ReadAction\",\"target\":[\"https:\/\/jornalfatosenoticias.com.br\/index.php\/2021\/08\/11\/abajur-fabricado-com-cascas-de-laranja-e-organico-e-compostavel\/\"]}]},{\"@type\":\"ImageObject\",\"inLanguage\":\"pt-BR\",\"@id\":\"https:\/\/jornalfatosenoticias.com.br\/index.php\/2021\/08\/11\/abajur-fabricado-com-cascas-de-laranja-e-organico-e-compostavel\/#primaryimage\",\"url\":\"https:\/\/jornalfatosenoticias.com.br\/wp-content\/uploads\/2021\/08\/abajur-3D-laranja.jpg\",\"contentUrl\":\"https:\/\/jornalfatosenoticias.com.br\/wp-content\/uploads\/2021\/08\/abajur-3D-laranja.jpg\",\"width\":1000,\"height\":607},{\"@type\":\"BreadcrumbList\",\"@id\":\"https:\/\/jornalfatosenoticias.com.br\/index.php\/2021\/08\/11\/abajur-fabricado-com-cascas-de-laranja-e-organico-e-compostavel\/#breadcrumb\",\"itemListElement\":[{\"@type\":\"ListItem\",\"position\":1,\"name\":\"In\u00edcio\",\"item\":\"https:\/\/jornalfatosenoticias.com.br\/\"},{\"@type\":\"ListItem\",\"position\":2,\"name\":\"Abajur fabricado com cascas de laranja \u00e9 org\u00e2nico e compost\u00e1vel\"}]},{\"@type\":\"WebSite\",\"@id\":\"https:\/\/jornalfatosenoticias.com.br\/#website\",\"url\":\"https:\/\/jornalfatosenoticias.com.br\/\",\"name\":\"Jornal Fatos e Not\u00edcias\",\"description\":\"Not\u00edcias em geral\",\"publisher\":{\"@id\":\"https:\/\/jornalfatosenoticias.com.br\/#organization\"},\"potentialAction\":[{\"@type\":\"SearchAction\",\"target\":{\"@type\":\"EntryPoint\",\"urlTemplate\":\"https:\/\/jornalfatosenoticias.com.br\/?s={search_term_string}\"},\"query-input\":{\"@type\":\"PropertyValueSpecification\",\"valueRequired\":true,\"valueName\":\"search_term_string\"}}],\"inLanguage\":\"pt-BR\"},{\"@type\":\"Organization\",\"@id\":\"https:\/\/jornalfatosenoticias.com.br\/#organization\",\"name\":\"Jornal Fatos e Not\u00edcias\",\"url\":\"https:\/\/jornalfatosenoticias.com.br\/\",\"logo\":{\"@type\":\"ImageObject\",\"inLanguage\":\"pt-BR\",\"@id\":\"https:\/\/jornalfatosenoticias.com.br\/#\/schema\/logo\/image\/\",\"url\":\"https:\/\/jornalfatosenoticias.com.br\/wp-content\/uploads\/2020\/02\/logo120.png\",\"contentUrl\":\"https:\/\/jornalfatosenoticias.com.br\/wp-content\/uploads\/2020\/02\/logo120.png\",\"width\":1227,\"height\":120,\"caption\":\"Jornal Fatos e Not\u00edcias\"},\"image\":{\"@id\":\"https:\/\/jornalfatosenoticias.com.br\/#\/schema\/logo\/image\/\"}},{\"@type\":\"Person\",\"@id\":\"https:\/\/jornalfatosenoticias.com.br\/#\/schema\/person\/d63837fa13ac8666eb9e74e0985d6f81\",\"name\":\"Luzimara Fernandes\",\"image\":{\"@type\":\"ImageObject\",\"inLanguage\":\"pt-BR\",\"@id\":\"https:\/\/jornalfatosenoticias.com.br\/#\/schema\/person\/image\/\",\"url\":\"https:\/\/jornalfatosenoticias.com.br\/wp-content\/uploads\/2025\/05\/EU_portal.jpg\",\"contentUrl\":\"https:\/\/jornalfatosenoticias.com.br\/wp-content\/uploads\/2025\/05\/EU_portal.jpg\",\"caption\":\"Luzimara Fernandes\"},\"description\":\"Jornalista MTB 2358-ES\",\"sameAs\":[\"https:\/\/jornalfatosenoticias.com.br\"],\"url\":\"https:\/\/jornalfatosenoticias.com.br\/index.php\/author\/luzimara\/\"}]}<\/script>\n<!-- \/ Yoast SEO plugin. -->","yoast_head_json":{"title":"Abajur fabricado com cascas de laranja \u00e9 org\u00e2nico e compost\u00e1vel - Jornal Fatos e Not\u00edcias","robots":{"index":"index","follow":"follow","max-snippet":"max-snippet:-1","max-image-preview":"max-image-preview:large","max-video-preview":"max-video-preview:-1"},"canonical":"https:\/\/jornalfatosenoticias.com.br\/index.php\/2021\/08\/11\/abajur-fabricado-com-cascas-de-laranja-e-organico-e-compostavel\/","og_locale":"pt_BR","og_type":"article","og_title":"Abajur fabricado com cascas de laranja \u00e9 org\u00e2nico e compost\u00e1vel - Jornal Fatos e Not\u00edcias","og_description":"Lumin\u00e1ria impressa em 3D tem textura, cor e cheiro semelhantes aos de uma laranja real A startup italiana Krill Design desenvolve produtos que unem economia circular e design. S\u00e3o utilidades dom\u00e9sticas que reaproveitam res\u00edduos org\u00e2nicos, usados em um processo de impress\u00e3o 3D na fabrica\u00e7\u00e3o.A ideia de um produtos de design ecol\u00f3gico ganhou ainda mais for\u00e7a [&hellip;]","og_url":"https:\/\/jornalfatosenoticias.com.br\/index.php\/2021\/08\/11\/abajur-fabricado-com-cascas-de-laranja-e-organico-e-compostavel\/","og_site_name":"Jornal Fatos e Not\u00edcias","article_published_time":"2021-08-11T20:17:22+00:00","article_modified_time":"2021-08-11T20:17:23+00:00","og_image":[{"width":1000,"height":607,"url":"https:\/\/jornalfatosenoticias.com.br\/wp-content\/uploads\/2021\/08\/abajur-3D-laranja.jpg","type":"image\/jpeg"}],"author":"Luzimara Fernandes","twitter_card":"summary_large_image","twitter_misc":{"Escrito por":"Luzimara Fernandes","Est. tempo de leitura":"2 minutos"},"schema":{"@context":"https:\/\/schema.org","@graph":[{"@type":"Article","@id":"https:\/\/jornalfatosenoticias.com.br\/index.php\/2021\/08\/11\/abajur-fabricado-com-cascas-de-laranja-e-organico-e-compostavel\/#article","isPartOf":{"@id":"https:\/\/jornalfatosenoticias.com.br\/index.php\/2021\/08\/11\/abajur-fabricado-com-cascas-de-laranja-e-organico-e-compostavel\/"},"author":{"name":"Luzimara Fernandes","@id":"https:\/\/jornalfatosenoticias.com.br\/#\/schema\/person\/d63837fa13ac8666eb9e74e0985d6f81"},"headline":"Abajur fabricado com cascas de laranja \u00e9 org\u00e2nico e compost\u00e1vel","datePublished":"2021-08-11T20:17:22+00:00","dateModified":"2021-08-11T20:17:23+00:00","mainEntityOfPage":{"@id":"https:\/\/jornalfatosenoticias.com.br\/index.php\/2021\/08\/11\/abajur-fabricado-com-cascas-de-laranja-e-organico-e-compostavel\/"},"wordCount":351,"commentCount":0,"publisher":{"@id":"https:\/\/jornalfatosenoticias.com.br\/#organization"},"image":{"@id":"https:\/\/jornalfatosenoticias.com.br\/index.php\/2021\/08\/11\/abajur-fabricado-com-cascas-de-laranja-e-organico-e-compostavel\/#primaryimage"},"thumbnailUrl":"https:\/\/jornalfatosenoticias.com.br\/wp-content\/uploads\/2021\/08\/abajur-3D-laranja.jpg","keywords":["abajur sustent\u00e1vel","cascas de laranja","Krill Design","lumin\u00e1ria impressa em 3D","Ohmie"],"articleSection":["Arq &amp; Urb"],"inLanguage":"pt-BR","potentialAction":[{"@type":"CommentAction","name":"Comment","target":["https:\/\/jornalfatosenoticias.com.br\/index.php\/2021\/08\/11\/abajur-fabricado-com-cascas-de-laranja-e-organico-e-compostavel\/#respond"]}]},{"@type":"WebPage","@id":"https:\/\/jornalfatosenoticias.com.br\/index.php\/2021\/08\/11\/abajur-fabricado-com-cascas-de-laranja-e-organico-e-compostavel\/","url":"https:\/\/jornalfatosenoticias.com.br\/index.php\/2021\/08\/11\/abajur-fabricado-com-cascas-de-laranja-e-organico-e-compostavel\/","name":"Abajur fabricado com cascas de laranja \u00e9 org\u00e2nico e compost\u00e1vel - Jornal Fatos e Not\u00edcias","isPartOf":{"@id":"https:\/\/jornalfatosenoticias.com.br\/#website"},"primaryImageOfPage":{"@id":"https:\/\/jornalfatosenoticias.com.br\/index.php\/2021\/08\/11\/abajur-fabricado-com-cascas-de-laranja-e-organico-e-compostavel\/#primaryimage"},"image":{"@id":"https:\/\/jornalfatosenoticias.com.br\/index.php\/2021\/08\/11\/abajur-fabricado-com-cascas-de-laranja-e-organico-e-compostavel\/#primaryimage"},"thumbnailUrl":"https:\/\/jornalfatosenoticias.com.br\/wp-content\/uploads\/2021\/08\/abajur-3D-laranja.jpg","datePublished":"2021-08-11T20:17:22+00:00","dateModified":"2021-08-11T20:17:23+00:00","breadcrumb":{"@id":"https:\/\/jornalfatosenoticias.com.br\/index.php\/2021\/08\/11\/abajur-fabricado-com-cascas-de-laranja-e-organico-e-compostavel\/#breadcrumb"},"inLanguage":"pt-BR","potentialAction":[{"@type":"ReadAction","target":["https:\/\/jornalfatosenoticias.com.br\/index.php\/2021\/08\/11\/abajur-fabricado-com-cascas-de-laranja-e-organico-e-compostavel\/"]}]},{"@type":"ImageObject","inLanguage":"pt-BR","@id":"https:\/\/jornalfatosenoticias.com.br\/index.php\/2021\/08\/11\/abajur-fabricado-com-cascas-de-laranja-e-organico-e-compostavel\/#primaryimage","url":"https:\/\/jornalfatosenoticias.com.br\/wp-content\/uploads\/2021\/08\/abajur-3D-laranja.jpg","contentUrl":"https:\/\/jornalfatosenoticias.com.br\/wp-content\/uploads\/2021\/08\/abajur-3D-laranja.jpg","width":1000,"height":607},{"@type":"BreadcrumbList","@id":"https:\/\/jornalfatosenoticias.com.br\/index.php\/2021\/08\/11\/abajur-fabricado-com-cascas-de-laranja-e-organico-e-compostavel\/#breadcrumb","itemListElement":[{"@type":"ListItem","position":1,"name":"In\u00edcio","item":"https:\/\/jornalfatosenoticias.com.br\/"},{"@type":"ListItem","position":2,"name":"Abajur fabricado com cascas de laranja \u00e9 org\u00e2nico e compost\u00e1vel"}]},{"@type":"WebSite","@id":"https:\/\/jornalfatosenoticias.com.br\/#website","url":"https:\/\/jornalfatosenoticias.com.br\/","name":"Jornal Fatos e Not\u00edcias","description":"Not\u00edcias em geral","publisher":{"@id":"https:\/\/jornalfatosenoticias.com.br\/#organization"},"potentialAction":[{"@type":"SearchAction","target":{"@type":"EntryPoint","urlTemplate":"https:\/\/jornalfatosenoticias.com.br\/?s={search_term_string}"},"query-input":{"@type":"PropertyValueSpecification","valueRequired":true,"valueName":"search_term_string"}}],"inLanguage":"pt-BR"},{"@type":"Organization","@id":"https:\/\/jornalfatosenoticias.com.br\/#organization","name":"Jornal Fatos e Not\u00edcias","url":"https:\/\/jornalfatosenoticias.com.br\/","logo":{"@type":"ImageObject","inLanguage":"pt-BR","@id":"https:\/\/jornalfatosenoticias.com.br\/#\/schema\/logo\/image\/","url":"https:\/\/jornalfatosenoticias.com.br\/wp-content\/uploads\/2020\/02\/logo120.png","contentUrl":"https:\/\/jornalfatosenoticias.com.br\/wp-content\/uploads\/2020\/02\/logo120.png","width":1227,"height":120,"caption":"Jornal Fatos e Not\u00edcias"},"image":{"@id":"https:\/\/jornalfatosenoticias.com.br\/#\/schema\/logo\/image\/"}},{"@type":"Person","@id":"https:\/\/jornalfatosenoticias.com.br\/#\/schema\/person\/d63837fa13ac8666eb9e74e0985d6f81","name":"Luzimara Fernandes","image":{"@type":"ImageObject","inLanguage":"pt-BR","@id":"https:\/\/jornalfatosenoticias.com.br\/#\/schema\/person\/image\/","url":"https:\/\/jornalfatosenoticias.com.br\/wp-content\/uploads\/2025\/05\/EU_portal.jpg","contentUrl":"https:\/\/jornalfatosenoticias.com.br\/wp-content\/uploads\/2025\/05\/EU_portal.jpg","caption":"Luzimara Fernandes"},"description":"Jornalista MTB 2358-ES","sameAs":["https:\/\/jornalfatosenoticias.com.br"],"url":"https:\/\/jornalfatosenoticias.com.br\/index.php\/author\/luzimara\/"}]}},"cc_featured_image_caption":{"caption_text":"(Foto: Krill Design)","source_text":"","source_url":""},"jetpack_featured_media_url":"https:\/\/jornalfatosenoticias.com.br\/wp-content\/uploads\/2021\/08\/abajur-3D-laranja.jpg","_links":{"self":[{"href":"https:\/\/jornalfatosenoticias.com.br\/index.php\/wp-json\/wp\/v2\/posts\/21732","targetHints":{"allow":["GET"]}}],"collection":[{"href":"https:\/\/jornalfatosenoticias.com.br\/index.php\/wp-json\/wp\/v2\/posts"}],"about":[{"href":"https:\/\/jornalfatosenoticias.com.br\/index.php\/wp-json\/wp\/v2\/types\/post"}],"author":[{"embeddable":true,"href":"https:\/\/jornalfatosenoticias.com.br\/index.php\/wp-json\/wp\/v2\/users\/2"}],"replies":[{"embeddable":true,"href":"https:\/\/jornalfatosenoticias.com.br\/index.php\/wp-json\/wp\/v2\/comments?post=21732"}],"version-history":[{"count":0,"href":"https:\/\/jornalfatosenoticias.com.br\/index.php\/wp-json\/wp\/v2\/posts\/21732\/revisions"}],"wp:featuredmedia":[{"embeddable":true,"href":"https:\/\/jornalfatosenoticias.com.br\/index.php\/wp-json\/wp\/v2\/media\/21739"}],"wp:attachment":[{"href":"https:\/\/jornalfatosenoticias.com.br\/index.php\/wp-json\/wp\/v2\/media?parent=21732"}],"wp:term":[{"taxonomy":"category","embeddable":true,"href":"https:\/\/jornalfatosenoticias.com.br\/index.php\/wp-json\/wp\/v2\/categories?post=21732"},{"taxonomy":"post_tag","embeddable":true,"href":"https:\/\/jornalfatosenoticias.com.br\/index.php\/wp-json\/wp\/v2\/tags?post=21732"}],"curies":[{"name":"wp","href":"https:\/\/api.w.org\/{rel}","templated":true}]}}