{"id":21756,"date":"2021-08-11T17:50:38","date_gmt":"2021-08-11T20:50:38","guid":{"rendered":"https:\/\/jornalfatosenoticias.com.br\/?p=21756"},"modified":"2021-08-11T17:50:41","modified_gmt":"2021-08-11T20:50:41","slug":"forca-aerea-dos-estados-unidos-quer-usar-carros-voadores-ja-em-2023","status":"publish","type":"post","link":"https:\/\/jornalfatosenoticias.com.br\/index.php\/2021\/08\/11\/forca-aerea-dos-estados-unidos-quer-usar-carros-voadores-ja-em-2023\/","title":{"rendered":"For\u00e7a A\u00e9rea dos Estados Unidos quer usar carros voadores j\u00e1 em 2023"},"content":{"rendered":"\n<p><em><span class=\"has-inline-color has-black-color\">Lideran\u00e7a da For\u00e7a A\u00e9rea dos Estados Unidos assistiu a uma demonstra\u00e7\u00e3o tripulada do HEXA monoposto da LIFT Aircraft, uma das quinze empresas contratadas por meio do Air Race to Certification do Agility Prime<\/span><\/em><\/p>\n\n\n\n<p>A For\u00e7a A\u00e9rea dos <a href=\"https:\/\/olhardigital.com.br\/2021\/07\/26\/ciencia-e-espaco\/campo-de-forca-antimisseis-esta-no-horizonte-da-forca-aerea-dos-eua\/\" target=\"_blank\" rel=\"noreferrer noopener\">EUA<\/a>\u00a0tem o desejo de usar carros voadores at\u00e9 o ano de 2023 como parte do programa Agility Prime, que tem o objetivo de desenvolver novas\u00a0<a href=\"https:\/\/olhardigital.com.br\/2021\/08\/05\/carros-e-tecnologia\/estados-unidos-trabalham-em-drone-militar-capaz-de-voar-por-90-dias-seguidos\/\" target=\"_blank\" rel=\"noreferrer noopener\">aeronaves militares<\/a>, principalmente\u00a0<a href=\"https:\/\/olhardigital.com.br\/2021\/08\/04\/carros-e-tecnologia\/fiat-500e-brasil\/\" target=\"_blank\" rel=\"noreferrer noopener\">el\u00e9tricas<\/a>. A not\u00edcia sobre o desenvolvimento dos carros voadores foi dada durante uma palestra em um evento online ocorrido no \u00faltimo dia 28 de julho.<br>Segundo o coronel e diretor do programa de <a href=\"https:\/\/olhardigital.com.br\/2021\/05\/03\/reviews\/marinha-inglesa-testa-mochila-para-voar-como-o-homem-de-ferro-veja\/\" target=\"_blank\" rel=\"noreferrer noopener\">inova\u00e7\u00e3o tecnol\u00f3gica<\/a> da For\u00e7a A\u00e9rea, o AFWERX, Nathan Diller, os militares est\u00e3o examinando uma variedade de casos de usos diferentes para ter ao menos um dos ve\u00edculos em campo at\u00e9 2023. At\u00e9 o momento, existem quatro fortes candidatos a ser o primeiro carro voador utilizado por uma das For\u00e7as Armadas dos Estados Unidos.<\/p>\n\n\n\n<h4 class=\"wp-block-heading\"><strong><span class=\"has-inline-color has-black-color\">Incentivo \u00e0 inova\u00e7\u00e3o<\/span><\/strong><\/h4>\n\n\n\n<figure class=\"wp-block-image size-large is-style-default\"><img loading=\"lazy\" decoding=\"async\" width=\"1000\" height=\"666\" src=\"https:\/\/jornalfatosenoticias.com.br\/wp-content\/uploads\/2021\/08\/Kitty-Hawk_carro-eletrico.jpeg\" alt=\"\" class=\"wp-image-21757\" srcset=\"https:\/\/jornalfatosenoticias.com.br\/wp-content\/uploads\/2021\/08\/Kitty-Hawk_carro-eletrico.jpeg 1000w, https:\/\/jornalfatosenoticias.com.br\/wp-content\/uploads\/2021\/08\/Kitty-Hawk_carro-eletrico-300x200.jpeg 300w, https:\/\/jornalfatosenoticias.com.br\/wp-content\/uploads\/2021\/08\/Kitty-Hawk_carro-eletrico-768x511.jpeg 768w\" sizes=\"auto, (max-width: 1000px) 100vw, 1000px\" \/><figcaption><em><span class=\"has-inline-color has-black-color\">Prot\u00f3tipo de carro el\u00e9trico da Kitty Hawk (Foto: Kitty Hawk\/Divulga\u00e7\u00e3o)<\/span><\/em><\/figcaption><\/figure>\n\n\n\n<p>Desde que foi lan\u00e7ado, em abril de 2020, o programa concedeu certificados de aeronavegabilidade militar e mais de 200 contratos de transfer\u00eancia de tecnologia para pequenas empresas. O carro voador da Lift Aircraft funciona com decolagem e pouso vertical eletr\u00f4nico e est\u00e1 em um trailer no Aeroporto Internacional de Austin Bergstrom, no estado <a href=\"https:\/\/olhardigital.com.br\/2021\/06\/09\/ciencia-e-espaco\/spacex-testes-foguetes-texas\/\" target=\"_blank\" rel=\"noreferrer noopener\">americano do Texas<\/a>.<br>Atualmente, das quinze empresas contratadas para pelo Agility Prime, apenas quatro det\u00e9m o certificado de aeronavegabilidade militar. Al\u00e9m da Lift, as empresas Joby Aero, Beta Technologies e Kitty Hawk possuem essa certifica\u00e7\u00e3o, que ajudam a reduzir riscos regulat\u00f3rios e permitem que a For\u00e7a A\u00e9rea compense as empresas por voos de teste.<\/p>\n\n\n\n<h4 class=\"wp-block-heading\"><strong><span class=\"has-inline-color has-black-color\">Certificados de aeronavegabilidade<\/span><\/strong><\/h4>\n\n\n\n<p>O primeiro certificado de aeronavegabilidade militar foi concedido para a Beta Technologies, em maio de 2021. J\u00e1 o primeiro exerc\u00edcio operacional com um carro voador foi realizado em maio, com um prot\u00f3tipo da Kitty Hawk, observando poss\u00edveis usos de evacua\u00e7\u00e3o m\u00e9dica para essas aeronaves, que \u00e9 uma das principais motiva\u00e7\u00f5es da For\u00e7a A\u00e9rea para desenvolver um ve\u00edculo do tipo.<br>Tendo carros voadores em sua frota de ve\u00edculos e aeronaves militares, a For\u00e7a A\u00e9rea vai poder conduzir opera\u00e7\u00f5es sem a necessidade de uma pista para pousos e decolagens. Al\u00e9m disso, os militares tamb\u00e9m t\u00eam o interesse de investir nessas plataformas para desenvolver tecnologias que tenham liga\u00e7\u00e3o com eletrifica\u00e7\u00e3o e autonomia.<\/p>\n\n\n\n<p><strong><em>Fonte: <a href=\"https:\/\/olhardigital.com.br\/2021\/08\/05\/carros-e-tecnologia\/forca-aerea-dos-estados-unidos-quer-usar-carros-voadores-ja-em-2023\/\">Olhar Digital<\/a><\/em><\/strong><\/p>\n","protected":false},"excerpt":{"rendered":"<p>Lideran\u00e7a da For\u00e7a A\u00e9rea dos Estados Unidos assistiu a uma demonstra\u00e7\u00e3o tripulada do HEXA monoposto da LIFT Aircraft, uma das quinze empresas contratadas por meio do Air Race to Certification do Agility Prime A For\u00e7a A\u00e9rea dos EUA\u00a0tem o desejo de usar carros voadores at\u00e9 o ano de 2023 como parte do programa Agility Prime, [&hellip;]<\/p>\n","protected":false},"author":2,"featured_media":21758,"comment_status":"open","ping_status":"open","sticky":false,"template":"","format":"standard","meta":{"footnotes":""},"categories":[3],"tags":[9273,1751,10622,3364,5220],"class_list":["post-21756","post","type-post","status-publish","format-standard","has-post-thumbnail","hentry","category-tecnologia","tag-carros-voadores","tag-estados-unidos","tag-forca-aerea-americana","tag-taxi-aereo","tag-tecnologia-militar"],"yoast_head":"<!-- This site is optimized with the Yoast SEO plugin v26.5 - https:\/\/yoast.com\/wordpress\/plugins\/seo\/ -->\n<title>For\u00e7a A\u00e9rea dos Estados Unidos quer usar carros voadores j\u00e1 em 2023 - Jornal Fatos e Not\u00edcias<\/title>\n<meta name=\"robots\" content=\"index, follow, max-snippet:-1, max-image-preview:large, max-video-preview:-1\" \/>\n<link rel=\"canonical\" href=\"https:\/\/jornalfatosenoticias.com.br\/index.php\/2021\/08\/11\/forca-aerea-dos-estados-unidos-quer-usar-carros-voadores-ja-em-2023\/\" \/>\n<meta property=\"og:locale\" content=\"pt_BR\" \/>\n<meta property=\"og:type\" content=\"article\" \/>\n<meta property=\"og:title\" content=\"For\u00e7a A\u00e9rea dos Estados Unidos quer usar carros voadores j\u00e1 em 2023 - Jornal Fatos e Not\u00edcias\" \/>\n<meta property=\"og:description\" content=\"Lideran\u00e7a da For\u00e7a A\u00e9rea dos Estados Unidos assistiu a uma demonstra\u00e7\u00e3o tripulada do HEXA monoposto da LIFT Aircraft, uma das quinze empresas contratadas por meio do Air Race to Certification do Agility Prime A For\u00e7a A\u00e9rea dos EUA\u00a0tem o desejo de usar carros voadores at\u00e9 o ano de 2023 como parte do programa Agility Prime, [&hellip;]\" \/>\n<meta property=\"og:url\" content=\"https:\/\/jornalfatosenoticias.com.br\/index.php\/2021\/08\/11\/forca-aerea-dos-estados-unidos-quer-usar-carros-voadores-ja-em-2023\/\" \/>\n<meta property=\"og:site_name\" content=\"Jornal Fatos e Not\u00edcias\" \/>\n<meta property=\"article:published_time\" content=\"2021-08-11T20:50:38+00:00\" \/>\n<meta property=\"article:modified_time\" content=\"2021-08-11T20:50:41+00:00\" \/>\n<meta property=\"og:image\" content=\"https:\/\/jornalfatosenoticias.com.br\/wp-content\/uploads\/2021\/08\/Lift-Hexa-carro-eletrico1.jpg\" \/>\n\t<meta property=\"og:image:width\" content=\"1024\" \/>\n\t<meta property=\"og:image:height\" content=\"450\" \/>\n\t<meta property=\"og:image:type\" content=\"image\/jpeg\" \/>\n<meta name=\"author\" content=\"Luzimara Fernandes\" \/>\n<meta name=\"twitter:card\" content=\"summary_large_image\" \/>\n<meta name=\"twitter:label1\" content=\"Escrito por\" \/>\n\t<meta name=\"twitter:data1\" content=\"Luzimara Fernandes\" \/>\n\t<meta name=\"twitter:label2\" content=\"Est. tempo de leitura\" \/>\n\t<meta name=\"twitter:data2\" content=\"2 minutos\" \/>\n<script type=\"application\/ld+json\" class=\"yoast-schema-graph\">{\"@context\":\"https:\/\/schema.org\",\"@graph\":[{\"@type\":\"Article\",\"@id\":\"https:\/\/jornalfatosenoticias.com.br\/index.php\/2021\/08\/11\/forca-aerea-dos-estados-unidos-quer-usar-carros-voadores-ja-em-2023\/#article\",\"isPartOf\":{\"@id\":\"https:\/\/jornalfatosenoticias.com.br\/index.php\/2021\/08\/11\/forca-aerea-dos-estados-unidos-quer-usar-carros-voadores-ja-em-2023\/\"},\"author\":{\"name\":\"Luzimara Fernandes\",\"@id\":\"https:\/\/jornalfatosenoticias.com.br\/#\/schema\/person\/d63837fa13ac8666eb9e74e0985d6f81\"},\"headline\":\"For\u00e7a A\u00e9rea dos Estados Unidos quer usar carros voadores j\u00e1 em 2023\",\"datePublished\":\"2021-08-11T20:50:38+00:00\",\"dateModified\":\"2021-08-11T20:50:41+00:00\",\"mainEntityOfPage\":{\"@id\":\"https:\/\/jornalfatosenoticias.com.br\/index.php\/2021\/08\/11\/forca-aerea-dos-estados-unidos-quer-usar-carros-voadores-ja-em-2023\/\"},\"wordCount\":439,\"commentCount\":0,\"publisher\":{\"@id\":\"https:\/\/jornalfatosenoticias.com.br\/#organization\"},\"image\":{\"@id\":\"https:\/\/jornalfatosenoticias.com.br\/index.php\/2021\/08\/11\/forca-aerea-dos-estados-unidos-quer-usar-carros-voadores-ja-em-2023\/#primaryimage\"},\"thumbnailUrl\":\"https:\/\/jornalfatosenoticias.com.br\/wp-content\/uploads\/2021\/08\/Lift-Hexa-carro-eletrico1.jpg\",\"keywords\":[\"carros voadores\",\"Estados Unidos\",\"For\u00e7a A\u00e9rea Americana\",\"t\u00e1xi a\u00e9reo\",\"tecnologia militar\"],\"articleSection\":[\"Tecnologia &amp; Inova\u00e7\u00e3o\"],\"inLanguage\":\"pt-BR\",\"potentialAction\":[{\"@type\":\"CommentAction\",\"name\":\"Comment\",\"target\":[\"https:\/\/jornalfatosenoticias.com.br\/index.php\/2021\/08\/11\/forca-aerea-dos-estados-unidos-quer-usar-carros-voadores-ja-em-2023\/#respond\"]}]},{\"@type\":\"WebPage\",\"@id\":\"https:\/\/jornalfatosenoticias.com.br\/index.php\/2021\/08\/11\/forca-aerea-dos-estados-unidos-quer-usar-carros-voadores-ja-em-2023\/\",\"url\":\"https:\/\/jornalfatosenoticias.com.br\/index.php\/2021\/08\/11\/forca-aerea-dos-estados-unidos-quer-usar-carros-voadores-ja-em-2023\/\",\"name\":\"For\u00e7a A\u00e9rea dos Estados Unidos quer usar carros voadores j\u00e1 em 2023 - Jornal Fatos e Not\u00edcias\",\"isPartOf\":{\"@id\":\"https:\/\/jornalfatosenoticias.com.br\/#website\"},\"primaryImageOfPage\":{\"@id\":\"https:\/\/jornalfatosenoticias.com.br\/index.php\/2021\/08\/11\/forca-aerea-dos-estados-unidos-quer-usar-carros-voadores-ja-em-2023\/#primaryimage\"},\"image\":{\"@id\":\"https:\/\/jornalfatosenoticias.com.br\/index.php\/2021\/08\/11\/forca-aerea-dos-estados-unidos-quer-usar-carros-voadores-ja-em-2023\/#primaryimage\"},\"thumbnailUrl\":\"https:\/\/jornalfatosenoticias.com.br\/wp-content\/uploads\/2021\/08\/Lift-Hexa-carro-eletrico1.jpg\",\"datePublished\":\"2021-08-11T20:50:38+00:00\",\"dateModified\":\"2021-08-11T20:50:41+00:00\",\"breadcrumb\":{\"@id\":\"https:\/\/jornalfatosenoticias.com.br\/index.php\/2021\/08\/11\/forca-aerea-dos-estados-unidos-quer-usar-carros-voadores-ja-em-2023\/#breadcrumb\"},\"inLanguage\":\"pt-BR\",\"potentialAction\":[{\"@type\":\"ReadAction\",\"target\":[\"https:\/\/jornalfatosenoticias.com.br\/index.php\/2021\/08\/11\/forca-aerea-dos-estados-unidos-quer-usar-carros-voadores-ja-em-2023\/\"]}]},{\"@type\":\"ImageObject\",\"inLanguage\":\"pt-BR\",\"@id\":\"https:\/\/jornalfatosenoticias.com.br\/index.php\/2021\/08\/11\/forca-aerea-dos-estados-unidos-quer-usar-carros-voadores-ja-em-2023\/#primaryimage\",\"url\":\"https:\/\/jornalfatosenoticias.com.br\/wp-content\/uploads\/2021\/08\/Lift-Hexa-carro-eletrico1.jpg\",\"contentUrl\":\"https:\/\/jornalfatosenoticias.com.br\/wp-content\/uploads\/2021\/08\/Lift-Hexa-carro-eletrico1.jpg\",\"width\":1024,\"height\":450},{\"@type\":\"BreadcrumbList\",\"@id\":\"https:\/\/jornalfatosenoticias.com.br\/index.php\/2021\/08\/11\/forca-aerea-dos-estados-unidos-quer-usar-carros-voadores-ja-em-2023\/#breadcrumb\",\"itemListElement\":[{\"@type\":\"ListItem\",\"position\":1,\"name\":\"In\u00edcio\",\"item\":\"https:\/\/jornalfatosenoticias.com.br\/\"},{\"@type\":\"ListItem\",\"position\":2,\"name\":\"For\u00e7a A\u00e9rea dos Estados Unidos quer usar carros voadores j\u00e1 em 2023\"}]},{\"@type\":\"WebSite\",\"@id\":\"https:\/\/jornalfatosenoticias.com.br\/#website\",\"url\":\"https:\/\/jornalfatosenoticias.com.br\/\",\"name\":\"Jornal Fatos e Not\u00edcias\",\"description\":\"Not\u00edcias em geral\",\"publisher\":{\"@id\":\"https:\/\/jornalfatosenoticias.com.br\/#organization\"},\"potentialAction\":[{\"@type\":\"SearchAction\",\"target\":{\"@type\":\"EntryPoint\",\"urlTemplate\":\"https:\/\/jornalfatosenoticias.com.br\/?s={search_term_string}\"},\"query-input\":{\"@type\":\"PropertyValueSpecification\",\"valueRequired\":true,\"valueName\":\"search_term_string\"}}],\"inLanguage\":\"pt-BR\"},{\"@type\":\"Organization\",\"@id\":\"https:\/\/jornalfatosenoticias.com.br\/#organization\",\"name\":\"Jornal Fatos e Not\u00edcias\",\"url\":\"https:\/\/jornalfatosenoticias.com.br\/\",\"logo\":{\"@type\":\"ImageObject\",\"inLanguage\":\"pt-BR\",\"@id\":\"https:\/\/jornalfatosenoticias.com.br\/#\/schema\/logo\/image\/\",\"url\":\"https:\/\/jornalfatosenoticias.com.br\/wp-content\/uploads\/2020\/02\/logo120.png\",\"contentUrl\":\"https:\/\/jornalfatosenoticias.com.br\/wp-content\/uploads\/2020\/02\/logo120.png\",\"width\":1227,\"height\":120,\"caption\":\"Jornal Fatos e Not\u00edcias\"},\"image\":{\"@id\":\"https:\/\/jornalfatosenoticias.com.br\/#\/schema\/logo\/image\/\"}},{\"@type\":\"Person\",\"@id\":\"https:\/\/jornalfatosenoticias.com.br\/#\/schema\/person\/d63837fa13ac8666eb9e74e0985d6f81\",\"name\":\"Luzimara Fernandes\",\"image\":{\"@type\":\"ImageObject\",\"inLanguage\":\"pt-BR\",\"@id\":\"https:\/\/jornalfatosenoticias.com.br\/#\/schema\/person\/image\/\",\"url\":\"https:\/\/jornalfatosenoticias.com.br\/wp-content\/uploads\/2025\/05\/EU_portal.jpg\",\"contentUrl\":\"https:\/\/jornalfatosenoticias.com.br\/wp-content\/uploads\/2025\/05\/EU_portal.jpg\",\"caption\":\"Luzimara Fernandes\"},\"description\":\"Jornalista MTB 2358-ES\",\"sameAs\":[\"https:\/\/jornalfatosenoticias.com.br\"],\"url\":\"https:\/\/jornalfatosenoticias.com.br\/index.php\/author\/luzimara\/\"}]}<\/script>\n<!-- \/ Yoast SEO plugin. -->","yoast_head_json":{"title":"For\u00e7a A\u00e9rea dos Estados Unidos quer usar carros voadores j\u00e1 em 2023 - Jornal Fatos e Not\u00edcias","robots":{"index":"index","follow":"follow","max-snippet":"max-snippet:-1","max-image-preview":"max-image-preview:large","max-video-preview":"max-video-preview:-1"},"canonical":"https:\/\/jornalfatosenoticias.com.br\/index.php\/2021\/08\/11\/forca-aerea-dos-estados-unidos-quer-usar-carros-voadores-ja-em-2023\/","og_locale":"pt_BR","og_type":"article","og_title":"For\u00e7a A\u00e9rea dos Estados Unidos quer usar carros voadores j\u00e1 em 2023 - Jornal Fatos e Not\u00edcias","og_description":"Lideran\u00e7a da For\u00e7a A\u00e9rea dos Estados Unidos assistiu a uma demonstra\u00e7\u00e3o tripulada do HEXA monoposto da LIFT Aircraft, uma das quinze empresas contratadas por meio do Air Race to Certification do Agility Prime A For\u00e7a A\u00e9rea dos EUA\u00a0tem o desejo de usar carros voadores at\u00e9 o ano de 2023 como parte do programa Agility Prime, [&hellip;]","og_url":"https:\/\/jornalfatosenoticias.com.br\/index.php\/2021\/08\/11\/forca-aerea-dos-estados-unidos-quer-usar-carros-voadores-ja-em-2023\/","og_site_name":"Jornal Fatos e Not\u00edcias","article_published_time":"2021-08-11T20:50:38+00:00","article_modified_time":"2021-08-11T20:50:41+00:00","og_image":[{"width":1024,"height":450,"url":"https:\/\/jornalfatosenoticias.com.br\/wp-content\/uploads\/2021\/08\/Lift-Hexa-carro-eletrico1.jpg","type":"image\/jpeg"}],"author":"Luzimara Fernandes","twitter_card":"summary_large_image","twitter_misc":{"Escrito por":"Luzimara Fernandes","Est. tempo de leitura":"2 minutos"},"schema":{"@context":"https:\/\/schema.org","@graph":[{"@type":"Article","@id":"https:\/\/jornalfatosenoticias.com.br\/index.php\/2021\/08\/11\/forca-aerea-dos-estados-unidos-quer-usar-carros-voadores-ja-em-2023\/#article","isPartOf":{"@id":"https:\/\/jornalfatosenoticias.com.br\/index.php\/2021\/08\/11\/forca-aerea-dos-estados-unidos-quer-usar-carros-voadores-ja-em-2023\/"},"author":{"name":"Luzimara Fernandes","@id":"https:\/\/jornalfatosenoticias.com.br\/#\/schema\/person\/d63837fa13ac8666eb9e74e0985d6f81"},"headline":"For\u00e7a A\u00e9rea dos Estados Unidos quer usar carros voadores j\u00e1 em 2023","datePublished":"2021-08-11T20:50:38+00:00","dateModified":"2021-08-11T20:50:41+00:00","mainEntityOfPage":{"@id":"https:\/\/jornalfatosenoticias.com.br\/index.php\/2021\/08\/11\/forca-aerea-dos-estados-unidos-quer-usar-carros-voadores-ja-em-2023\/"},"wordCount":439,"commentCount":0,"publisher":{"@id":"https:\/\/jornalfatosenoticias.com.br\/#organization"},"image":{"@id":"https:\/\/jornalfatosenoticias.com.br\/index.php\/2021\/08\/11\/forca-aerea-dos-estados-unidos-quer-usar-carros-voadores-ja-em-2023\/#primaryimage"},"thumbnailUrl":"https:\/\/jornalfatosenoticias.com.br\/wp-content\/uploads\/2021\/08\/Lift-Hexa-carro-eletrico1.jpg","keywords":["carros voadores","Estados Unidos","For\u00e7a A\u00e9rea Americana","t\u00e1xi a\u00e9reo","tecnologia militar"],"articleSection":["Tecnologia &amp; Inova\u00e7\u00e3o"],"inLanguage":"pt-BR","potentialAction":[{"@type":"CommentAction","name":"Comment","target":["https:\/\/jornalfatosenoticias.com.br\/index.php\/2021\/08\/11\/forca-aerea-dos-estados-unidos-quer-usar-carros-voadores-ja-em-2023\/#respond"]}]},{"@type":"WebPage","@id":"https:\/\/jornalfatosenoticias.com.br\/index.php\/2021\/08\/11\/forca-aerea-dos-estados-unidos-quer-usar-carros-voadores-ja-em-2023\/","url":"https:\/\/jornalfatosenoticias.com.br\/index.php\/2021\/08\/11\/forca-aerea-dos-estados-unidos-quer-usar-carros-voadores-ja-em-2023\/","name":"For\u00e7a A\u00e9rea dos Estados Unidos quer usar carros voadores j\u00e1 em 2023 - Jornal Fatos e Not\u00edcias","isPartOf":{"@id":"https:\/\/jornalfatosenoticias.com.br\/#website"},"primaryImageOfPage":{"@id":"https:\/\/jornalfatosenoticias.com.br\/index.php\/2021\/08\/11\/forca-aerea-dos-estados-unidos-quer-usar-carros-voadores-ja-em-2023\/#primaryimage"},"image":{"@id":"https:\/\/jornalfatosenoticias.com.br\/index.php\/2021\/08\/11\/forca-aerea-dos-estados-unidos-quer-usar-carros-voadores-ja-em-2023\/#primaryimage"},"thumbnailUrl":"https:\/\/jornalfatosenoticias.com.br\/wp-content\/uploads\/2021\/08\/Lift-Hexa-carro-eletrico1.jpg","datePublished":"2021-08-11T20:50:38+00:00","dateModified":"2021-08-11T20:50:41+00:00","breadcrumb":{"@id":"https:\/\/jornalfatosenoticias.com.br\/index.php\/2021\/08\/11\/forca-aerea-dos-estados-unidos-quer-usar-carros-voadores-ja-em-2023\/#breadcrumb"},"inLanguage":"pt-BR","potentialAction":[{"@type":"ReadAction","target":["https:\/\/jornalfatosenoticias.com.br\/index.php\/2021\/08\/11\/forca-aerea-dos-estados-unidos-quer-usar-carros-voadores-ja-em-2023\/"]}]},{"@type":"ImageObject","inLanguage":"pt-BR","@id":"https:\/\/jornalfatosenoticias.com.br\/index.php\/2021\/08\/11\/forca-aerea-dos-estados-unidos-quer-usar-carros-voadores-ja-em-2023\/#primaryimage","url":"https:\/\/jornalfatosenoticias.com.br\/wp-content\/uploads\/2021\/08\/Lift-Hexa-carro-eletrico1.jpg","contentUrl":"https:\/\/jornalfatosenoticias.com.br\/wp-content\/uploads\/2021\/08\/Lift-Hexa-carro-eletrico1.jpg","width":1024,"height":450},{"@type":"BreadcrumbList","@id":"https:\/\/jornalfatosenoticias.com.br\/index.php\/2021\/08\/11\/forca-aerea-dos-estados-unidos-quer-usar-carros-voadores-ja-em-2023\/#breadcrumb","itemListElement":[{"@type":"ListItem","position":1,"name":"In\u00edcio","item":"https:\/\/jornalfatosenoticias.com.br\/"},{"@type":"ListItem","position":2,"name":"For\u00e7a A\u00e9rea dos Estados Unidos quer usar carros voadores j\u00e1 em 2023"}]},{"@type":"WebSite","@id":"https:\/\/jornalfatosenoticias.com.br\/#website","url":"https:\/\/jornalfatosenoticias.com.br\/","name":"Jornal Fatos e Not\u00edcias","description":"Not\u00edcias em geral","publisher":{"@id":"https:\/\/jornalfatosenoticias.com.br\/#organization"},"potentialAction":[{"@type":"SearchAction","target":{"@type":"EntryPoint","urlTemplate":"https:\/\/jornalfatosenoticias.com.br\/?s={search_term_string}"},"query-input":{"@type":"PropertyValueSpecification","valueRequired":true,"valueName":"search_term_string"}}],"inLanguage":"pt-BR"},{"@type":"Organization","@id":"https:\/\/jornalfatosenoticias.com.br\/#organization","name":"Jornal Fatos e Not\u00edcias","url":"https:\/\/jornalfatosenoticias.com.br\/","logo":{"@type":"ImageObject","inLanguage":"pt-BR","@id":"https:\/\/jornalfatosenoticias.com.br\/#\/schema\/logo\/image\/","url":"https:\/\/jornalfatosenoticias.com.br\/wp-content\/uploads\/2020\/02\/logo120.png","contentUrl":"https:\/\/jornalfatosenoticias.com.br\/wp-content\/uploads\/2020\/02\/logo120.png","width":1227,"height":120,"caption":"Jornal Fatos e Not\u00edcias"},"image":{"@id":"https:\/\/jornalfatosenoticias.com.br\/#\/schema\/logo\/image\/"}},{"@type":"Person","@id":"https:\/\/jornalfatosenoticias.com.br\/#\/schema\/person\/d63837fa13ac8666eb9e74e0985d6f81","name":"Luzimara Fernandes","image":{"@type":"ImageObject","inLanguage":"pt-BR","@id":"https:\/\/jornalfatosenoticias.com.br\/#\/schema\/person\/image\/","url":"https:\/\/jornalfatosenoticias.com.br\/wp-content\/uploads\/2025\/05\/EU_portal.jpg","contentUrl":"https:\/\/jornalfatosenoticias.com.br\/wp-content\/uploads\/2025\/05\/EU_portal.jpg","caption":"Luzimara Fernandes"},"description":"Jornalista MTB 2358-ES","sameAs":["https:\/\/jornalfatosenoticias.com.br"],"url":"https:\/\/jornalfatosenoticias.com.br\/index.php\/author\/luzimara\/"}]}},"cc_featured_image_caption":{"caption_text":"(Foto: Kenneth Swartz\/eVTOL.news) ","source_text":"","source_url":""},"jetpack_featured_media_url":"https:\/\/jornalfatosenoticias.com.br\/wp-content\/uploads\/2021\/08\/Lift-Hexa-carro-eletrico1.jpg","_links":{"self":[{"href":"https:\/\/jornalfatosenoticias.com.br\/index.php\/wp-json\/wp\/v2\/posts\/21756","targetHints":{"allow":["GET"]}}],"collection":[{"href":"https:\/\/jornalfatosenoticias.com.br\/index.php\/wp-json\/wp\/v2\/posts"}],"about":[{"href":"https:\/\/jornalfatosenoticias.com.br\/index.php\/wp-json\/wp\/v2\/types\/post"}],"author":[{"embeddable":true,"href":"https:\/\/jornalfatosenoticias.com.br\/index.php\/wp-json\/wp\/v2\/users\/2"}],"replies":[{"embeddable":true,"href":"https:\/\/jornalfatosenoticias.com.br\/index.php\/wp-json\/wp\/v2\/comments?post=21756"}],"version-history":[{"count":0,"href":"https:\/\/jornalfatosenoticias.com.br\/index.php\/wp-json\/wp\/v2\/posts\/21756\/revisions"}],"wp:featuredmedia":[{"embeddable":true,"href":"https:\/\/jornalfatosenoticias.com.br\/index.php\/wp-json\/wp\/v2\/media\/21758"}],"wp:attachment":[{"href":"https:\/\/jornalfatosenoticias.com.br\/index.php\/wp-json\/wp\/v2\/media?parent=21756"}],"wp:term":[{"taxonomy":"category","embeddable":true,"href":"https:\/\/jornalfatosenoticias.com.br\/index.php\/wp-json\/wp\/v2\/categories?post=21756"},{"taxonomy":"post_tag","embeddable":true,"href":"https:\/\/jornalfatosenoticias.com.br\/index.php\/wp-json\/wp\/v2\/tags?post=21756"}],"curies":[{"name":"wp","href":"https:\/\/api.w.org\/{rel}","templated":true}]}}