{"id":21776,"date":"2021-08-12T19:55:04","date_gmt":"2021-08-12T22:55:04","guid":{"rendered":"https:\/\/jornalfatosenoticias.com.br\/?p=21776"},"modified":"2021-08-12T19:55:18","modified_gmt":"2021-08-12T22:55:18","slug":"serra-e-o-desafio-de-proteger-o-meio-ambiente","status":"publish","type":"post","link":"https:\/\/jornalfatosenoticias.com.br\/index.php\/2021\/08\/12\/serra-e-o-desafio-de-proteger-o-meio-ambiente\/","title":{"rendered":"Serra e o desafio de proteger o meio ambiente"},"content":{"rendered":"\n<p><em><span class=\"has-inline-color has-black-color\">A Companhia Esp\u00edrito-Santense de Saneamento (Cesan), maior poluidora dos mananciais do munic\u00edpio da Serra<\/span><\/em><\/p>\n\n\n\n<p>Na segunda entrevista sobre os desafios e projetos estruturantes essenciais para o munic\u00edpio da Serra al\u00e7ar voos mais altos, o prefeito <strong>S\u00e9rgio Vidigal<\/strong>, falou, na ter\u00e7a-feira (10), de um dos temas mais pol\u00eamicos e vergonhosos que envolve o governo do Estado: a Companhia Esp\u00edrito-Santense de Saneamento (<strong>Cesan<\/strong>), maior <strong>poluidora<\/strong> dos mananciais do munic\u00edpio da Serra.<br>Perguntado sobre a real situa\u00e7\u00e3o dos nossos <strong>mananciais<\/strong>, o prefeito n\u00e3o poupou palavras e detalhou que, em 2011, ele e sua equipe haviam constitu\u00eddo um Plano Diretor de Saneamento para o munic\u00edpio e, nele, t\u00ednhamos, como premissa, despoluir o complexo lacunar da cidade.<br>\u201cAs lagoas Jacun\u00e9m, Juara, Maring\u00e1, Pau Brasil, Ba\u00fa e todas as outras est\u00e3o contaminadas de <strong>esgoto<\/strong> dom\u00e9stico. Muitas vezes imaginamos que o maior poluidor dos nossos espelhos d\u2019\u00e1gua \u00e9 o parque industrial, o que n\u00e3o condiz com a nossa realidade. O impacto industrial \u00e9 bem menor que o impacto do esgoto dom\u00e9stico jogado <em>in natura<\/em> nos nossos mananciais. Nesse mesmo Plano Diretor, trocamos 22 esta\u00e7\u00f5es de tratamento de esgoto (<em>ETEs<\/em>) por nove esta\u00e7\u00f5es mais modernas e com reaproveitamento de \u00e1gua e entregamos \u00e0 Cesan, que \u00e9 a concession\u00e1ria e o munic\u00edpio, o poder concedente\u2026 Na sequ\u00eancia, a gest\u00e3o passada, autorizou a <strong>Cesan<\/strong> a criar uma parceria p\u00fablico-privada (PPP), da qual sou totalmente a favor, mesmo porque, quando o sistema p\u00fablico n\u00e3o disponibiliza de recursos, ele precisa buscar parcerias com a iniciativa privada, o que n\u00e3o \u00e9 dif\u00edcil j\u00e1 que os contratos de saneamento s\u00e3o muito atrativos aos olhos da iniciativa privada, mas \u00e9 claro, com a fiscaliza\u00e7\u00e3o a cargo do poder p\u00fablico\u201d, diz <strong>Vidigal<\/strong>.<\/p>\n\n\n\n<div class=\"wp-block-jetpack-slideshow aligncenter\" data-effect=\"slide\"><div class=\"wp-block-jetpack-slideshow_container swiper-container\"><ul class=\"wp-block-jetpack-slideshow_swiper-wrapper swiper-wrapper\"><li class=\"wp-block-jetpack-slideshow_slide swiper-slide\"><figure><img loading=\"lazy\" decoding=\"async\" width=\"1000\" height=\"664\" alt=\"\" class=\"wp-block-jetpack-slideshow_image wp-image-21777\" data-id=\"21777\" src=\"https:\/\/jornalfatosenoticias.com.br\/wp-content\/uploads\/2021\/08\/Captacao-435.jpg\" srcset=\"https:\/\/jornalfatosenoticias.com.br\/wp-content\/uploads\/2021\/08\/Captacao-435.jpg 1000w, https:\/\/jornalfatosenoticias.com.br\/wp-content\/uploads\/2021\/08\/Captacao-435-300x199.jpg 300w, https:\/\/jornalfatosenoticias.com.br\/wp-content\/uploads\/2021\/08\/Captacao-435-768x510.jpg 768w\" sizes=\"auto, (max-width: 1000px) 100vw, 1000px\" \/><figcaption class=\"wp-block-jetpack-slideshow_caption gallery-caption\">Centro de Capta\u00e7\u00e3o de \u00c1gua do Sistema Reis Magos (Foto: Divulga\u00e7\u00e3o\/Governo do ES)<\/figcaption><\/figure><\/li><li class=\"wp-block-jetpack-slideshow_slide swiper-slide\"><figure><img loading=\"lazy\" decoding=\"async\" width=\"1000\" height=\"619\" alt=\"\" class=\"wp-block-jetpack-slideshow_image wp-image-21778\" data-id=\"21778\" src=\"https:\/\/jornalfatosenoticias.com.br\/wp-content\/uploads\/2021\/08\/ETE-Cesan.jpg\" srcset=\"https:\/\/jornalfatosenoticias.com.br\/wp-content\/uploads\/2021\/08\/ETE-Cesan.jpg 1000w, https:\/\/jornalfatosenoticias.com.br\/wp-content\/uploads\/2021\/08\/ETE-Cesan-300x186.jpg 300w, https:\/\/jornalfatosenoticias.com.br\/wp-content\/uploads\/2021\/08\/ETE-Cesan-768x475.jpg 768w\" sizes=\"auto, (max-width: 1000px) 100vw, 1000px\" \/><figcaption class=\"wp-block-jetpack-slideshow_caption gallery-caption\">ETE \u2013 Sistema obsoleto (decanta\u00e7\u00e3o) (Foto: Haroldo Cordeiro Filho)<\/figcaption><\/figure><\/li><li class=\"wp-block-jetpack-slideshow_slide swiper-slide\"><figure><img loading=\"lazy\" decoding=\"async\" width=\"1000\" height=\"666\" alt=\"\" class=\"wp-block-jetpack-slideshow_image wp-image-21779\" data-id=\"21779\" src=\"https:\/\/jornalfatosenoticias.com.br\/wp-content\/uploads\/2021\/08\/Lagoa-do-Juara-CCC.jpg\" srcset=\"https:\/\/jornalfatosenoticias.com.br\/wp-content\/uploads\/2021\/08\/Lagoa-do-Juara-CCC.jpg 1000w, https:\/\/jornalfatosenoticias.com.br\/wp-content\/uploads\/2021\/08\/Lagoa-do-Juara-CCC-300x200.jpg 300w, https:\/\/jornalfatosenoticias.com.br\/wp-content\/uploads\/2021\/08\/Lagoa-do-Juara-CCC-768x511.jpg 768w\" sizes=\"auto, (max-width: 1000px) 100vw, 1000px\" \/><figcaption class=\"wp-block-jetpack-slideshow_caption gallery-caption\">Lagoa Juara (Foto: Haroldo Cordeiro Filho)<\/figcaption><\/figure><\/li><\/ul><a class=\"wp-block-jetpack-slideshow_button-prev swiper-button-prev swiper-button-white\" role=\"button\"><\/a><a class=\"wp-block-jetpack-slideshow_button-next swiper-button-next swiper-button-white\" role=\"button\"><\/a><a aria-label=\"Pause Slideshow\" class=\"wp-block-jetpack-slideshow_button-pause\" role=\"button\"><\/a><div class=\"wp-block-jetpack-slideshow_pagination swiper-pagination swiper-pagination-white\"><\/div><\/div><\/div>\n\n\n\n<p>S\u00f3 que depois de dada a concess\u00e3o, observamos que o que foi pactuado n\u00e3o estava sendo executado conforme o Plano Diretor de Saneamento. Nossa expectativa era que a moderniza\u00e7\u00e3o no n\u00famero de <em>ETEs<\/em> fosse mais r\u00e1pida, o que n\u00e3o ocorreu. Algumas delas ir\u00e3o se manter com as implementa\u00e7\u00f5es contratadas. \u00c9 o caso da <em>ETE<\/em> de Jacara\u00edpe que, al\u00e9m da Grande Jacara\u00edpe, atender\u00e1 tamb\u00e9m Feu Rosa e Vila Nova de Colares, e a de Manguinhos, que est\u00e1 sendo ampliada. A <em>ETE <\/em>de S\u00e3o Marcos j\u00e1 est\u00e1 no novo modelo e as outras n\u00e3o t\u00eam previs\u00e3o de mudan\u00e7a. S\u00f3 para se ter uma ideia do caos, a <em>ET<\/em>E de Barcelona \u00e9 um exemplo de esta\u00e7\u00e3o que contamina mais nossos mananciais do que despolui\u201d, denuncia.<br>\u201cEstamos numa reta de reestrutura\u00e7\u00e3o administrativa, criaremos um setor espec\u00edfico de saneamento. N\u00e3o temos como cobrar da PPP, mas da <strong>Cesan<\/strong>, sim, porque somos o poder concedente e a companhia, aquilo que ela compactou com o munic\u00edpio dentro do Plano Diretor, ter\u00e1 que cumprir e cabe a ela rediscutir o pactuado com a PPP. N\u00e3o temos autonomia para fiscalizar a PPP <strong>Serra Ambiental Saneamento S.A<\/strong>, mas temos autonomia de fiscalizar a <strong>Cesan<\/strong>\u201d, esclarece o prefeito.<br>Segundo Vidigal, saneamento b\u00e1sico \u00e9 sempre o maior desafio de qualquer gestor p\u00fablico e que at\u00e9 entende que o governo anterior tenha buscado ampliar, de fato, a oferta de coleta de esgoto da cidade, mas o tratamento continua sendo feito no mesmo modelo que tinha anteriormente, quando a <strong>Serra<\/strong> tinha um pouco mais de 200 mil habitantes. \u201cHoje, com mais de meio milh\u00e3o de moradores, o munic\u00edpio continua com um sistema arcaico e obsoleto\u2026 ningu\u00e9m utiliza mais uma esta\u00e7\u00e3o de tratamento com esse formato de decanta\u00e7\u00e3o\u201d, observou.<br><strong>Vidigal <\/strong>disse ter o maior respeito ao <em>governo do Estado<\/em>, mas que, como gestor, cobrar\u00e1 da Cesan o cumprimento do Plano Diretor de Saneamento. \u201cSe existe algo, cabe a concession\u00e1ria repactuar com a empresa Ambiental Serra, gestora dela aqui na nossa cidade\u201d.<\/p>\n\n\n\n<div class=\"wp-block-jetpack-slideshow aligncenter\" data-effect=\"slide\"><div class=\"wp-block-jetpack-slideshow_container swiper-container\"><ul class=\"wp-block-jetpack-slideshow_swiper-wrapper swiper-wrapper\"><li class=\"wp-block-jetpack-slideshow_slide swiper-slide\"><figure><img loading=\"lazy\" decoding=\"async\" width=\"1024\" height=\"683\" alt=\"\" class=\"wp-block-jetpack-slideshow_image wp-image-21780\" data-id=\"21780\" src=\"https:\/\/jornalfatosenoticias.com.br\/wp-content\/uploads\/2021\/08\/Lagoa-Jacunem-CCC-1024x683.jpg\" srcset=\"https:\/\/jornalfatosenoticias.com.br\/wp-content\/uploads\/2021\/08\/Lagoa-Jacunem-CCC-1024x683.jpg 1024w, https:\/\/jornalfatosenoticias.com.br\/wp-content\/uploads\/2021\/08\/Lagoa-Jacunem-CCC-300x200.jpg 300w, https:\/\/jornalfatosenoticias.com.br\/wp-content\/uploads\/2021\/08\/Lagoa-Jacunem-CCC-768x512.jpg 768w, https:\/\/jornalfatosenoticias.com.br\/wp-content\/uploads\/2021\/08\/Lagoa-Jacunem-CCC-1536x1024.jpg 1536w, https:\/\/jornalfatosenoticias.com.br\/wp-content\/uploads\/2021\/08\/Lagoa-Jacunem-CCC-2048x1365.jpg 2048w\" sizes=\"auto, (max-width: 1024px) 100vw, 1024px\" \/><figcaption class=\"wp-block-jetpack-slideshow_caption gallery-caption\">Lagoa Jacun\u00e9m (Foto: Haroldo Cordeiro Filho)<\/figcaption><\/figure><\/li><li class=\"wp-block-jetpack-slideshow_slide swiper-slide\"><figure><img loading=\"lazy\" decoding=\"async\" width=\"1000\" height=\"678\" alt=\"\" class=\"wp-block-jetpack-slideshow_image wp-image-21781\" data-id=\"21781\" src=\"https:\/\/jornalfatosenoticias.com.br\/wp-content\/uploads\/2021\/08\/Lagoa-Maringa-DDD.jpg\" srcset=\"https:\/\/jornalfatosenoticias.com.br\/wp-content\/uploads\/2021\/08\/Lagoa-Maringa-DDD.jpg 1000w, https:\/\/jornalfatosenoticias.com.br\/wp-content\/uploads\/2021\/08\/Lagoa-Maringa-DDD-300x203.jpg 300w, https:\/\/jornalfatosenoticias.com.br\/wp-content\/uploads\/2021\/08\/Lagoa-Maringa-DDD-768x521.jpg 768w\" sizes=\"auto, (max-width: 1000px) 100vw, 1000px\" \/><figcaption class=\"wp-block-jetpack-slideshow_caption gallery-caption\">Lagoa Maring\u00e1 (Foto: Haroldo Cordeiro Filho)<\/figcaption><\/figure><\/li><li class=\"wp-block-jetpack-slideshow_slide swiper-slide\"><figure><img loading=\"lazy\" decoding=\"async\" width=\"1000\" height=\"666\" alt=\"\" class=\"wp-block-jetpack-slideshow_image wp-image-21782\" data-id=\"21782\" src=\"https:\/\/jornalfatosenoticias.com.br\/wp-content\/uploads\/2021\/08\/Lagoa-Pau-Brasil-CCC.jpg\" srcset=\"https:\/\/jornalfatosenoticias.com.br\/wp-content\/uploads\/2021\/08\/Lagoa-Pau-Brasil-CCC.jpg 1000w, https:\/\/jornalfatosenoticias.com.br\/wp-content\/uploads\/2021\/08\/Lagoa-Pau-Brasil-CCC-300x200.jpg 300w, https:\/\/jornalfatosenoticias.com.br\/wp-content\/uploads\/2021\/08\/Lagoa-Pau-Brasil-CCC-768x511.jpg 768w\" sizes=\"auto, (max-width: 1000px) 100vw, 1000px\" \/><figcaption class=\"wp-block-jetpack-slideshow_caption gallery-caption\">Lagoa Pau Brasil (Foto: Haroldo Cordeiro Filho)<\/figcaption><\/figure><\/li><\/ul><a class=\"wp-block-jetpack-slideshow_button-prev swiper-button-prev swiper-button-white\" role=\"button\"><\/a><a class=\"wp-block-jetpack-slideshow_button-next swiper-button-next swiper-button-white\" role=\"button\"><\/a><a aria-label=\"Pause Slideshow\" class=\"wp-block-jetpack-slideshow_button-pause\" role=\"button\"><\/a><div class=\"wp-block-jetpack-slideshow_pagination swiper-pagination swiper-pagination-white\"><\/div><\/div><\/div>\n\n\n\n<p>Com rela\u00e7\u00e3o \u00e0 capta\u00e7\u00e3o de \u00e1gua, houve um investimento importante que foi a constru\u00e7\u00e3o do Centro de Capta\u00e7\u00e3o de \u00c1gua do Sistema Reis Magos. \u201cTivemos problema com a crise h\u00eddrica e, al\u00e9m disso, a sider\u00fargica <em>ArcelorMittal<\/em>, que \u00e9 a maior compradora de \u00e1gua da Cesan, deve inaugurar, nos pr\u00f3ximos dias, um sistema de dessaliniza\u00e7\u00e3o da \u00e1gua do mar, e isso reduzir\u00e1 mais o consumo da \u00e1gua bruta que ela consome da Cesan, permitindo maior oferta de \u00e1gua para a popula\u00e7\u00e3o\u201d, explica o prefeito.<br>\u201cVoltando ao aspecto ambiental, estamos trabalhando nesse novo modelo de facilitar o licenciamento, sempre respeitando os nossos ativos ambientais, porque entendemos que \u00e9 poss\u00edvel preserv\u00e1-los, utilizando-os como instrumento de crescimento econ\u00f4mico da nossa cidade\u2026 Disse recentemente em um evento que, se Mois\u00e9s fosse subir o monte Sinai novamente, n\u00e3o desceria com 10 mandamentos e sim com 11, pois acrescentaria: Ame e preserve o meio ambiente\u201d, finalizou.<br>Segundo levantamento do Departamento de Fiscaliza\u00e7\u00e3o Ambiental\/Semma, a <strong>Cesan<\/strong> e a <strong>Ambiental Serra<\/strong> acumulam d\u00edvidas, provenientes de multas de agress\u00e3o ao meio ambiente, na ordem de R$ 4,2 milh\u00f5es, aproximadamente.<\/p>\n","protected":false},"excerpt":{"rendered":"<p>A Companhia Esp\u00edrito-Santense de Saneamento (Cesan), maior poluidora dos mananciais do munic\u00edpio da Serra Na segunda entrevista sobre os desafios e projetos estruturantes essenciais para o munic\u00edpio da Serra al\u00e7ar voos mais altos, o prefeito S\u00e9rgio Vidigal, falou, na ter\u00e7a-feira (10), de um dos temas mais pol\u00eamicos e vergonhosos que envolve o governo do Estado: [&hellip;]<\/p>\n","protected":false},"author":3,"featured_media":21783,"comment_status":"open","ping_status":"open","sticky":false,"template":"","format":"standard","meta":{"footnotes":""},"categories":[8,10],"tags":[7619,2135,7621,10636,945,1279,909,910],"class_list":["post-21776","post","type-post","status-publish","format-standard","has-post-thumbnail","hentry","category-meio-ambiente","category-politica","tag-ambiental-serra-saneamento-s-a","tag-cesan","tag-etes","tag-lagoas-poluidas","tag-meio-ambiente","tag-poluicao","tag-sergio-vidigal","tag-serra"],"yoast_head":"<!-- This site is optimized with the Yoast SEO plugin v26.5 - https:\/\/yoast.com\/wordpress\/plugins\/seo\/ -->\n<title>Serra e o desafio de proteger o meio ambiente - Jornal Fatos e Not\u00edcias<\/title>\n<meta name=\"robots\" content=\"index, follow, max-snippet:-1, max-image-preview:large, max-video-preview:-1\" \/>\n<link rel=\"canonical\" href=\"https:\/\/jornalfatosenoticias.com.br\/index.php\/2021\/08\/12\/serra-e-o-desafio-de-proteger-o-meio-ambiente\/\" \/>\n<meta property=\"og:locale\" content=\"pt_BR\" \/>\n<meta property=\"og:type\" content=\"article\" \/>\n<meta property=\"og:title\" content=\"Serra e o desafio de proteger o meio ambiente - Jornal Fatos e Not\u00edcias\" \/>\n<meta property=\"og:description\" content=\"A Companhia Esp\u00edrito-Santense de Saneamento (Cesan), maior poluidora dos mananciais do munic\u00edpio da Serra Na segunda entrevista sobre os desafios e projetos estruturantes essenciais para o munic\u00edpio da Serra al\u00e7ar voos mais altos, o prefeito S\u00e9rgio Vidigal, falou, na ter\u00e7a-feira (10), de um dos temas mais pol\u00eamicos e vergonhosos que envolve o governo do Estado: [&hellip;]\" \/>\n<meta property=\"og:url\" content=\"https:\/\/jornalfatosenoticias.com.br\/index.php\/2021\/08\/12\/serra-e-o-desafio-de-proteger-o-meio-ambiente\/\" \/>\n<meta property=\"og:site_name\" content=\"Jornal Fatos e Not\u00edcias\" \/>\n<meta property=\"article:published_time\" content=\"2021-08-12T22:55:04+00:00\" \/>\n<meta property=\"article:modified_time\" content=\"2021-08-12T22:55:18+00:00\" \/>\n<meta property=\"og:image\" content=\"https:\/\/jornalfatosenoticias.com.br\/wp-content\/uploads\/2021\/08\/Vidigal-435.jpg\" \/>\n\t<meta property=\"og:image:width\" content=\"1000\" \/>\n\t<meta property=\"og:image:height\" content=\"706\" \/>\n\t<meta property=\"og:image:type\" content=\"image\/jpeg\" \/>\n<meta name=\"author\" content=\"Haroldo Filho\" \/>\n<meta name=\"twitter:card\" content=\"summary_large_image\" \/>\n<meta name=\"twitter:label1\" content=\"Escrito por\" \/>\n\t<meta name=\"twitter:data1\" content=\"Haroldo Filho\" \/>\n\t<meta name=\"twitter:label2\" content=\"Est. tempo de leitura\" \/>\n\t<meta name=\"twitter:data2\" content=\"4 minutos\" \/>\n<script type=\"application\/ld+json\" class=\"yoast-schema-graph\">{\"@context\":\"https:\/\/schema.org\",\"@graph\":[{\"@type\":\"Article\",\"@id\":\"https:\/\/jornalfatosenoticias.com.br\/index.php\/2021\/08\/12\/serra-e-o-desafio-de-proteger-o-meio-ambiente\/#article\",\"isPartOf\":{\"@id\":\"https:\/\/jornalfatosenoticias.com.br\/index.php\/2021\/08\/12\/serra-e-o-desafio-de-proteger-o-meio-ambiente\/\"},\"author\":{\"name\":\"Haroldo Filho\",\"@id\":\"https:\/\/jornalfatosenoticias.com.br\/#\/schema\/person\/05c46cc25b42a5c27e004fb0fa6b4965\"},\"headline\":\"Serra e o desafio de proteger o meio ambiente\",\"datePublished\":\"2021-08-12T22:55:04+00:00\",\"dateModified\":\"2021-08-12T22:55:18+00:00\",\"mainEntityOfPage\":{\"@id\":\"https:\/\/jornalfatosenoticias.com.br\/index.php\/2021\/08\/12\/serra-e-o-desafio-de-proteger-o-meio-ambiente\/\"},\"wordCount\":908,\"commentCount\":0,\"publisher\":{\"@id\":\"https:\/\/jornalfatosenoticias.com.br\/#organization\"},\"image\":{\"@id\":\"https:\/\/jornalfatosenoticias.com.br\/index.php\/2021\/08\/12\/serra-e-o-desafio-de-proteger-o-meio-ambiente\/#primaryimage\"},\"thumbnailUrl\":\"https:\/\/jornalfatosenoticias.com.br\/wp-content\/uploads\/2021\/08\/Vidigal-435.jpg\",\"keywords\":[\"Ambiental Serra Saneamento S.A\",\"Cesan\",\"ETEs\",\"lagoas polu\u00eddas\",\"meio ambiente\",\"polui\u00e7\u00e3o\",\"S\u00e9rgio Vidigal\",\"Serra\"],\"articleSection\":[\"Meio ambiente\",\"Pol\u00edtica\"],\"inLanguage\":\"pt-BR\",\"potentialAction\":[{\"@type\":\"CommentAction\",\"name\":\"Comment\",\"target\":[\"https:\/\/jornalfatosenoticias.com.br\/index.php\/2021\/08\/12\/serra-e-o-desafio-de-proteger-o-meio-ambiente\/#respond\"]}]},{\"@type\":\"WebPage\",\"@id\":\"https:\/\/jornalfatosenoticias.com.br\/index.php\/2021\/08\/12\/serra-e-o-desafio-de-proteger-o-meio-ambiente\/\",\"url\":\"https:\/\/jornalfatosenoticias.com.br\/index.php\/2021\/08\/12\/serra-e-o-desafio-de-proteger-o-meio-ambiente\/\",\"name\":\"Serra e o desafio de proteger o meio ambiente - Jornal Fatos e Not\u00edcias\",\"isPartOf\":{\"@id\":\"https:\/\/jornalfatosenoticias.com.br\/#website\"},\"primaryImageOfPage\":{\"@id\":\"https:\/\/jornalfatosenoticias.com.br\/index.php\/2021\/08\/12\/serra-e-o-desafio-de-proteger-o-meio-ambiente\/#primaryimage\"},\"image\":{\"@id\":\"https:\/\/jornalfatosenoticias.com.br\/index.php\/2021\/08\/12\/serra-e-o-desafio-de-proteger-o-meio-ambiente\/#primaryimage\"},\"thumbnailUrl\":\"https:\/\/jornalfatosenoticias.com.br\/wp-content\/uploads\/2021\/08\/Vidigal-435.jpg\",\"datePublished\":\"2021-08-12T22:55:04+00:00\",\"dateModified\":\"2021-08-12T22:55:18+00:00\",\"breadcrumb\":{\"@id\":\"https:\/\/jornalfatosenoticias.com.br\/index.php\/2021\/08\/12\/serra-e-o-desafio-de-proteger-o-meio-ambiente\/#breadcrumb\"},\"inLanguage\":\"pt-BR\",\"potentialAction\":[{\"@type\":\"ReadAction\",\"target\":[\"https:\/\/jornalfatosenoticias.com.br\/index.php\/2021\/08\/12\/serra-e-o-desafio-de-proteger-o-meio-ambiente\/\"]}]},{\"@type\":\"ImageObject\",\"inLanguage\":\"pt-BR\",\"@id\":\"https:\/\/jornalfatosenoticias.com.br\/index.php\/2021\/08\/12\/serra-e-o-desafio-de-proteger-o-meio-ambiente\/#primaryimage\",\"url\":\"https:\/\/jornalfatosenoticias.com.br\/wp-content\/uploads\/2021\/08\/Vidigal-435.jpg\",\"contentUrl\":\"https:\/\/jornalfatosenoticias.com.br\/wp-content\/uploads\/2021\/08\/Vidigal-435.jpg\",\"width\":1000,\"height\":706},{\"@type\":\"BreadcrumbList\",\"@id\":\"https:\/\/jornalfatosenoticias.com.br\/index.php\/2021\/08\/12\/serra-e-o-desafio-de-proteger-o-meio-ambiente\/#breadcrumb\",\"itemListElement\":[{\"@type\":\"ListItem\",\"position\":1,\"name\":\"In\u00edcio\",\"item\":\"https:\/\/jornalfatosenoticias.com.br\/\"},{\"@type\":\"ListItem\",\"position\":2,\"name\":\"Serra e o desafio de proteger o meio ambiente\"}]},{\"@type\":\"WebSite\",\"@id\":\"https:\/\/jornalfatosenoticias.com.br\/#website\",\"url\":\"https:\/\/jornalfatosenoticias.com.br\/\",\"name\":\"Jornal Fatos e Not\u00edcias\",\"description\":\"Not\u00edcias em geral\",\"publisher\":{\"@id\":\"https:\/\/jornalfatosenoticias.com.br\/#organization\"},\"potentialAction\":[{\"@type\":\"SearchAction\",\"target\":{\"@type\":\"EntryPoint\",\"urlTemplate\":\"https:\/\/jornalfatosenoticias.com.br\/?s={search_term_string}\"},\"query-input\":{\"@type\":\"PropertyValueSpecification\",\"valueRequired\":true,\"valueName\":\"search_term_string\"}}],\"inLanguage\":\"pt-BR\"},{\"@type\":\"Organization\",\"@id\":\"https:\/\/jornalfatosenoticias.com.br\/#organization\",\"name\":\"Jornal Fatos e Not\u00edcias\",\"url\":\"https:\/\/jornalfatosenoticias.com.br\/\",\"logo\":{\"@type\":\"ImageObject\",\"inLanguage\":\"pt-BR\",\"@id\":\"https:\/\/jornalfatosenoticias.com.br\/#\/schema\/logo\/image\/\",\"url\":\"https:\/\/jornalfatosenoticias.com.br\/wp-content\/uploads\/2020\/02\/logo120.png\",\"contentUrl\":\"https:\/\/jornalfatosenoticias.com.br\/wp-content\/uploads\/2020\/02\/logo120.png\",\"width\":1227,\"height\":120,\"caption\":\"Jornal Fatos e Not\u00edcias\"},\"image\":{\"@id\":\"https:\/\/jornalfatosenoticias.com.br\/#\/schema\/logo\/image\/\"}},{\"@type\":\"Person\",\"@id\":\"https:\/\/jornalfatosenoticias.com.br\/#\/schema\/person\/05c46cc25b42a5c27e004fb0fa6b4965\",\"name\":\"Haroldo Filho\",\"image\":{\"@type\":\"ImageObject\",\"inLanguage\":\"pt-BR\",\"@id\":\"https:\/\/jornalfatosenoticias.com.br\/#\/schema\/person\/image\/\",\"url\":\"https:\/\/jornalfatosenoticias.com.br\/wp-content\/uploads\/2025\/08\/WhatsApp-Image-2025-08-18-at-15.30.28-150x150.jpeg\",\"contentUrl\":\"https:\/\/jornalfatosenoticias.com.br\/wp-content\/uploads\/2025\/08\/WhatsApp-Image-2025-08-18-at-15.30.28-150x150.jpeg\",\"caption\":\"Haroldo Filho\"},\"description\":\"Jornalista \u2013 DRT: 0003818\/ES Coordenador-geral da ONG Educar para Crescer\",\"url\":\"https:\/\/jornalfatosenoticias.com.br\/index.php\/author\/haroldo\/\"}]}<\/script>\n<!-- \/ Yoast SEO plugin. -->","yoast_head_json":{"title":"Serra e o desafio de proteger o meio ambiente - Jornal Fatos e Not\u00edcias","robots":{"index":"index","follow":"follow","max-snippet":"max-snippet:-1","max-image-preview":"max-image-preview:large","max-video-preview":"max-video-preview:-1"},"canonical":"https:\/\/jornalfatosenoticias.com.br\/index.php\/2021\/08\/12\/serra-e-o-desafio-de-proteger-o-meio-ambiente\/","og_locale":"pt_BR","og_type":"article","og_title":"Serra e o desafio de proteger o meio ambiente - Jornal Fatos e Not\u00edcias","og_description":"A Companhia Esp\u00edrito-Santense de Saneamento (Cesan), maior poluidora dos mananciais do munic\u00edpio da Serra Na segunda entrevista sobre os desafios e projetos estruturantes essenciais para o munic\u00edpio da Serra al\u00e7ar voos mais altos, o prefeito S\u00e9rgio Vidigal, falou, na ter\u00e7a-feira (10), de um dos temas mais pol\u00eamicos e vergonhosos que envolve o governo do Estado: [&hellip;]","og_url":"https:\/\/jornalfatosenoticias.com.br\/index.php\/2021\/08\/12\/serra-e-o-desafio-de-proteger-o-meio-ambiente\/","og_site_name":"Jornal Fatos e Not\u00edcias","article_published_time":"2021-08-12T22:55:04+00:00","article_modified_time":"2021-08-12T22:55:18+00:00","og_image":[{"width":1000,"height":706,"url":"https:\/\/jornalfatosenoticias.com.br\/wp-content\/uploads\/2021\/08\/Vidigal-435.jpg","type":"image\/jpeg"}],"author":"Haroldo Filho","twitter_card":"summary_large_image","twitter_misc":{"Escrito por":"Haroldo Filho","Est. tempo de leitura":"4 minutos"},"schema":{"@context":"https:\/\/schema.org","@graph":[{"@type":"Article","@id":"https:\/\/jornalfatosenoticias.com.br\/index.php\/2021\/08\/12\/serra-e-o-desafio-de-proteger-o-meio-ambiente\/#article","isPartOf":{"@id":"https:\/\/jornalfatosenoticias.com.br\/index.php\/2021\/08\/12\/serra-e-o-desafio-de-proteger-o-meio-ambiente\/"},"author":{"name":"Haroldo Filho","@id":"https:\/\/jornalfatosenoticias.com.br\/#\/schema\/person\/05c46cc25b42a5c27e004fb0fa6b4965"},"headline":"Serra e o desafio de proteger o meio ambiente","datePublished":"2021-08-12T22:55:04+00:00","dateModified":"2021-08-12T22:55:18+00:00","mainEntityOfPage":{"@id":"https:\/\/jornalfatosenoticias.com.br\/index.php\/2021\/08\/12\/serra-e-o-desafio-de-proteger-o-meio-ambiente\/"},"wordCount":908,"commentCount":0,"publisher":{"@id":"https:\/\/jornalfatosenoticias.com.br\/#organization"},"image":{"@id":"https:\/\/jornalfatosenoticias.com.br\/index.php\/2021\/08\/12\/serra-e-o-desafio-de-proteger-o-meio-ambiente\/#primaryimage"},"thumbnailUrl":"https:\/\/jornalfatosenoticias.com.br\/wp-content\/uploads\/2021\/08\/Vidigal-435.jpg","keywords":["Ambiental Serra Saneamento S.A","Cesan","ETEs","lagoas polu\u00eddas","meio ambiente","polui\u00e7\u00e3o","S\u00e9rgio Vidigal","Serra"],"articleSection":["Meio ambiente","Pol\u00edtica"],"inLanguage":"pt-BR","potentialAction":[{"@type":"CommentAction","name":"Comment","target":["https:\/\/jornalfatosenoticias.com.br\/index.php\/2021\/08\/12\/serra-e-o-desafio-de-proteger-o-meio-ambiente\/#respond"]}]},{"@type":"WebPage","@id":"https:\/\/jornalfatosenoticias.com.br\/index.php\/2021\/08\/12\/serra-e-o-desafio-de-proteger-o-meio-ambiente\/","url":"https:\/\/jornalfatosenoticias.com.br\/index.php\/2021\/08\/12\/serra-e-o-desafio-de-proteger-o-meio-ambiente\/","name":"Serra e o desafio de proteger o meio ambiente - Jornal Fatos e Not\u00edcias","isPartOf":{"@id":"https:\/\/jornalfatosenoticias.com.br\/#website"},"primaryImageOfPage":{"@id":"https:\/\/jornalfatosenoticias.com.br\/index.php\/2021\/08\/12\/serra-e-o-desafio-de-proteger-o-meio-ambiente\/#primaryimage"},"image":{"@id":"https:\/\/jornalfatosenoticias.com.br\/index.php\/2021\/08\/12\/serra-e-o-desafio-de-proteger-o-meio-ambiente\/#primaryimage"},"thumbnailUrl":"https:\/\/jornalfatosenoticias.com.br\/wp-content\/uploads\/2021\/08\/Vidigal-435.jpg","datePublished":"2021-08-12T22:55:04+00:00","dateModified":"2021-08-12T22:55:18+00:00","breadcrumb":{"@id":"https:\/\/jornalfatosenoticias.com.br\/index.php\/2021\/08\/12\/serra-e-o-desafio-de-proteger-o-meio-ambiente\/#breadcrumb"},"inLanguage":"pt-BR","potentialAction":[{"@type":"ReadAction","target":["https:\/\/jornalfatosenoticias.com.br\/index.php\/2021\/08\/12\/serra-e-o-desafio-de-proteger-o-meio-ambiente\/"]}]},{"@type":"ImageObject","inLanguage":"pt-BR","@id":"https:\/\/jornalfatosenoticias.com.br\/index.php\/2021\/08\/12\/serra-e-o-desafio-de-proteger-o-meio-ambiente\/#primaryimage","url":"https:\/\/jornalfatosenoticias.com.br\/wp-content\/uploads\/2021\/08\/Vidigal-435.jpg","contentUrl":"https:\/\/jornalfatosenoticias.com.br\/wp-content\/uploads\/2021\/08\/Vidigal-435.jpg","width":1000,"height":706},{"@type":"BreadcrumbList","@id":"https:\/\/jornalfatosenoticias.com.br\/index.php\/2021\/08\/12\/serra-e-o-desafio-de-proteger-o-meio-ambiente\/#breadcrumb","itemListElement":[{"@type":"ListItem","position":1,"name":"In\u00edcio","item":"https:\/\/jornalfatosenoticias.com.br\/"},{"@type":"ListItem","position":2,"name":"Serra e o desafio de proteger o meio ambiente"}]},{"@type":"WebSite","@id":"https:\/\/jornalfatosenoticias.com.br\/#website","url":"https:\/\/jornalfatosenoticias.com.br\/","name":"Jornal Fatos e Not\u00edcias","description":"Not\u00edcias em geral","publisher":{"@id":"https:\/\/jornalfatosenoticias.com.br\/#organization"},"potentialAction":[{"@type":"SearchAction","target":{"@type":"EntryPoint","urlTemplate":"https:\/\/jornalfatosenoticias.com.br\/?s={search_term_string}"},"query-input":{"@type":"PropertyValueSpecification","valueRequired":true,"valueName":"search_term_string"}}],"inLanguage":"pt-BR"},{"@type":"Organization","@id":"https:\/\/jornalfatosenoticias.com.br\/#organization","name":"Jornal Fatos e Not\u00edcias","url":"https:\/\/jornalfatosenoticias.com.br\/","logo":{"@type":"ImageObject","inLanguage":"pt-BR","@id":"https:\/\/jornalfatosenoticias.com.br\/#\/schema\/logo\/image\/","url":"https:\/\/jornalfatosenoticias.com.br\/wp-content\/uploads\/2020\/02\/logo120.png","contentUrl":"https:\/\/jornalfatosenoticias.com.br\/wp-content\/uploads\/2020\/02\/logo120.png","width":1227,"height":120,"caption":"Jornal Fatos e Not\u00edcias"},"image":{"@id":"https:\/\/jornalfatosenoticias.com.br\/#\/schema\/logo\/image\/"}},{"@type":"Person","@id":"https:\/\/jornalfatosenoticias.com.br\/#\/schema\/person\/05c46cc25b42a5c27e004fb0fa6b4965","name":"Haroldo Filho","image":{"@type":"ImageObject","inLanguage":"pt-BR","@id":"https:\/\/jornalfatosenoticias.com.br\/#\/schema\/person\/image\/","url":"https:\/\/jornalfatosenoticias.com.br\/wp-content\/uploads\/2025\/08\/WhatsApp-Image-2025-08-18-at-15.30.28-150x150.jpeg","contentUrl":"https:\/\/jornalfatosenoticias.com.br\/wp-content\/uploads\/2025\/08\/WhatsApp-Image-2025-08-18-at-15.30.28-150x150.jpeg","caption":"Haroldo Filho"},"description":"Jornalista \u2013 DRT: 0003818\/ES Coordenador-geral da ONG Educar para Crescer","url":"https:\/\/jornalfatosenoticias.com.br\/index.php\/author\/haroldo\/"}]}},"cc_featured_image_caption":{"caption_text":"(Foto: Haroldo Cordeiro Filho)","source_text":"","source_url":""},"jetpack_featured_media_url":"https:\/\/jornalfatosenoticias.com.br\/wp-content\/uploads\/2021\/08\/Vidigal-435.jpg","_links":{"self":[{"href":"https:\/\/jornalfatosenoticias.com.br\/index.php\/wp-json\/wp\/v2\/posts\/21776","targetHints":{"allow":["GET"]}}],"collection":[{"href":"https:\/\/jornalfatosenoticias.com.br\/index.php\/wp-json\/wp\/v2\/posts"}],"about":[{"href":"https:\/\/jornalfatosenoticias.com.br\/index.php\/wp-json\/wp\/v2\/types\/post"}],"author":[{"embeddable":true,"href":"https:\/\/jornalfatosenoticias.com.br\/index.php\/wp-json\/wp\/v2\/users\/3"}],"replies":[{"embeddable":true,"href":"https:\/\/jornalfatosenoticias.com.br\/index.php\/wp-json\/wp\/v2\/comments?post=21776"}],"version-history":[{"count":0,"href":"https:\/\/jornalfatosenoticias.com.br\/index.php\/wp-json\/wp\/v2\/posts\/21776\/revisions"}],"wp:featuredmedia":[{"embeddable":true,"href":"https:\/\/jornalfatosenoticias.com.br\/index.php\/wp-json\/wp\/v2\/media\/21783"}],"wp:attachment":[{"href":"https:\/\/jornalfatosenoticias.com.br\/index.php\/wp-json\/wp\/v2\/media?parent=21776"}],"wp:term":[{"taxonomy":"category","embeddable":true,"href":"https:\/\/jornalfatosenoticias.com.br\/index.php\/wp-json\/wp\/v2\/categories?post=21776"},{"taxonomy":"post_tag","embeddable":true,"href":"https:\/\/jornalfatosenoticias.com.br\/index.php\/wp-json\/wp\/v2\/tags?post=21776"}],"curies":[{"name":"wp","href":"https:\/\/api.w.org\/{rel}","templated":true}]}}