{"id":21868,"date":"2021-08-16T14:42:12","date_gmt":"2021-08-16T17:42:12","guid":{"rendered":"https:\/\/jornalfatosenoticias.com.br\/?p=21868"},"modified":"2021-08-16T14:42:16","modified_gmt":"2021-08-16T17:42:16","slug":"eua-emitem-declaracao-com-60-nacoes-sobre-a-situacao-no-afeganistao","status":"publish","type":"post","link":"https:\/\/jornalfatosenoticias.com.br\/index.php\/2021\/08\/16\/eua-emitem-declaracao-com-60-nacoes-sobre-a-situacao-no-afeganistao\/","title":{"rendered":"EUA emitem declara\u00e7\u00e3o com 60 na\u00e7\u00f5es sobre a situa\u00e7\u00e3o no Afeganist\u00e3o"},"content":{"rendered":"\n<p><em><span class=\"has-inline-color has-black-color\">Pa\u00edses pedem que Talib\u00e3 garanta a seguran\u00e7a de quem quer deixar o pa\u00eds<\/span><\/em><\/p>\n\n\n\n<p>O governo dos Estados Unidos, em declara\u00e7\u00e3o conjunta com mais 60 pa\u00edses, pediu que o Talib\u00e3 garanta a partida segura de pessoas que queiram deixar o Afeganist\u00e3o.<br>O Talib\u00e3 declarou vit\u00f3ria na luta contra o governo afeg\u00e3o. O presidente Ashraf Ghani deixou o Afeganist\u00e3o e sua administra\u00e7\u00e3o perdeu, em termos efetivos, o controle do pa\u00eds.<br>As for\u00e7as do Talib\u00e3 <strong><a href=\"https:\/\/agenciabrasil.ebc.com.br\/internacional\/noticia\/2021-08\/afeganistao-talibas-chegam-capital-cabul\" target=\"_blank\" rel=\"noreferrer noopener\">chegaram \u00e0 capital Cabul<\/a><\/strong> ap\u00f3s terem tomado controle de 31 das 34 capitais das prov\u00edncias do pa\u00eds at\u00e9 domingo.<br>A m\u00eddia local afirma que o Talib\u00e3 tomou o pal\u00e1cio presidencial e os escrit\u00f3rios governamentais no centro de Cabul.<br>O l\u00edder n\u00famero dois do Talib\u00e3, Mullah Abdul Ghani Baradar, divulgou um v\u00eddeo no qual declara vit\u00f3ria sobre o governo.<br>O presidente Ghani, que deixou o pa\u00eds, afirmou no Facebook que pensou que seria melhor partir para evitar derramamento de sangue. Ele tamb\u00e9m afirmou que o Talib\u00e3 havia conquistado a vit\u00f3ria.<br>N\u00e3o h\u00e1 relatos de combates relevantes em Cabul. Mas a NHK apurou que a cidade se encontra em um estado an\u00e1rquico, quase sem for\u00e7as de seguran\u00e7a ou agentes policiais na capital.<br>Em tentativa de deixar o pa\u00eds, muitas pessoas se dirigem ao aeroporto internacional. Miss\u00f5es diplom\u00e1ticas dos Estados Unidos e de outros pa\u00edses ocidentais fazem arranjos para repatriar seus representantes.<br>No domingo (15), o governo americano divulgou uma declara\u00e7\u00e3o conjunta com mais de 60 pa\u00edses, incluindo o Jap\u00e3o e o Reino Unido.<br>O documento pede que afeg\u00e3os e cidad\u00e3os estrangeiros tenham permiss\u00e3o de partir do pa\u00eds de forma segura: \u201cos que ocupam posi\u00e7\u00f5es de poder e autoridade em todo o Afeganist\u00e3o t\u00eam a responsabilidade \u2014 e a obriga\u00e7\u00e3o \u2014 de arcar com as consequ\u00eancias acerca da prote\u00e7\u00e3o da vida humana e de propriedade, bem como sobre a imediata retomada da seguran\u00e7a e da ordem civil\u201d.<br>E acrescenta: \u201co povo afeg\u00e3o merece uma vida com prote\u00e7\u00e3o, seguran\u00e7a e dignidade\u201d. A declara\u00e7\u00e3o insta o futuro governo a garantir os direitos humanos das mulheres.<br>O Talib\u00e3 informou \u00e0 ag\u00eancia Associated Press que o grupo tem realizado conversas com outras for\u00e7as, com o objetivo de formar um governo no Afeganist\u00e3o.<\/p>\n\n\n\n<p><strong><em>Fonte: <a href=\"https:\/\/agenciabrasil.ebc.com.br\/internacional\/noticia\/2021-08\/eua-emitem-declaracao-com-60-nacoes-sobre-situacao-no-afeganistao\">Ag\u00eancia Brasil<\/a><\/em><\/strong><\/p>\n","protected":false},"excerpt":{"rendered":"<p>Pa\u00edses pedem que Talib\u00e3 garanta a seguran\u00e7a de quem quer deixar o pa\u00eds O governo dos Estados Unidos, em declara\u00e7\u00e3o conjunta com mais 60 pa\u00edses, pediu que o Talib\u00e3 garanta a partida segura de pessoas que queiram deixar o Afeganist\u00e3o.O Talib\u00e3 declarou vit\u00f3ria na luta contra o governo afeg\u00e3o. O presidente Ashraf Ghani deixou o [&hellip;]<\/p>\n","protected":false},"author":2,"featured_media":21869,"comment_status":"open","ping_status":"open","sticky":false,"template":"","format":"standard","meta":{"footnotes":""},"categories":[41],"tags":[7822,10680,5095,4491,10681],"class_list":["post-21868","post","type-post","status-publish","format-standard","has-post-thumbnail","hentry","category-internacional","tag-afeganistao","tag-cabul","tag-conflitos","tag-guerra","tag-taliba"],"yoast_head":"<!-- This site is optimized with the Yoast SEO plugin v26.5 - https:\/\/yoast.com\/wordpress\/plugins\/seo\/ -->\n<title>EUA emitem declara\u00e7\u00e3o com 60 na\u00e7\u00f5es sobre a situa\u00e7\u00e3o no Afeganist\u00e3o - Jornal Fatos e Not\u00edcias<\/title>\n<meta name=\"robots\" content=\"index, follow, max-snippet:-1, max-image-preview:large, max-video-preview:-1\" \/>\n<link rel=\"canonical\" href=\"https:\/\/jornalfatosenoticias.com.br\/index.php\/2021\/08\/16\/eua-emitem-declaracao-com-60-nacoes-sobre-a-situacao-no-afeganistao\/\" \/>\n<meta property=\"og:locale\" content=\"pt_BR\" \/>\n<meta property=\"og:type\" content=\"article\" \/>\n<meta property=\"og:title\" content=\"EUA emitem declara\u00e7\u00e3o com 60 na\u00e7\u00f5es sobre a situa\u00e7\u00e3o no Afeganist\u00e3o - Jornal Fatos e Not\u00edcias\" \/>\n<meta property=\"og:description\" content=\"Pa\u00edses pedem que Talib\u00e3 garanta a seguran\u00e7a de quem quer deixar o pa\u00eds O governo dos Estados Unidos, em declara\u00e7\u00e3o conjunta com mais 60 pa\u00edses, pediu que o Talib\u00e3 garanta a partida segura de pessoas que queiram deixar o Afeganist\u00e3o.O Talib\u00e3 declarou vit\u00f3ria na luta contra o governo afeg\u00e3o. O presidente Ashraf Ghani deixou o [&hellip;]\" \/>\n<meta property=\"og:url\" content=\"https:\/\/jornalfatosenoticias.com.br\/index.php\/2021\/08\/16\/eua-emitem-declaracao-com-60-nacoes-sobre-a-situacao-no-afeganistao\/\" \/>\n<meta property=\"og:site_name\" content=\"Jornal Fatos e Not\u00edcias\" \/>\n<meta property=\"article:published_time\" content=\"2021-08-16T17:42:12+00:00\" \/>\n<meta property=\"article:modified_time\" content=\"2021-08-16T17:42:16+00:00\" \/>\n<meta property=\"og:image\" content=\"https:\/\/jornalfatosenoticias.com.br\/wp-content\/uploads\/2021\/08\/afghanistan-conflict.jpg\" \/>\n\t<meta property=\"og:image:width\" content=\"1000\" \/>\n\t<meta property=\"og:image:height\" content=\"598\" \/>\n\t<meta property=\"og:image:type\" content=\"image\/jpeg\" \/>\n<meta name=\"author\" content=\"Luzimara Fernandes\" \/>\n<meta name=\"twitter:card\" content=\"summary_large_image\" \/>\n<meta name=\"twitter:label1\" content=\"Escrito por\" \/>\n\t<meta name=\"twitter:data1\" content=\"Luzimara Fernandes\" \/>\n\t<meta name=\"twitter:label2\" content=\"Est. tempo de leitura\" \/>\n\t<meta name=\"twitter:data2\" content=\"2 minutos\" \/>\n<script type=\"application\/ld+json\" class=\"yoast-schema-graph\">{\"@context\":\"https:\/\/schema.org\",\"@graph\":[{\"@type\":\"Article\",\"@id\":\"https:\/\/jornalfatosenoticias.com.br\/index.php\/2021\/08\/16\/eua-emitem-declaracao-com-60-nacoes-sobre-a-situacao-no-afeganistao\/#article\",\"isPartOf\":{\"@id\":\"https:\/\/jornalfatosenoticias.com.br\/index.php\/2021\/08\/16\/eua-emitem-declaracao-com-60-nacoes-sobre-a-situacao-no-afeganistao\/\"},\"author\":{\"name\":\"Luzimara Fernandes\",\"@id\":\"https:\/\/jornalfatosenoticias.com.br\/#\/schema\/person\/d63837fa13ac8666eb9e74e0985d6f81\"},\"headline\":\"EUA emitem declara\u00e7\u00e3o com 60 na\u00e7\u00f5es sobre a situa\u00e7\u00e3o no Afeganist\u00e3o\",\"datePublished\":\"2021-08-16T17:42:12+00:00\",\"dateModified\":\"2021-08-16T17:42:16+00:00\",\"mainEntityOfPage\":{\"@id\":\"https:\/\/jornalfatosenoticias.com.br\/index.php\/2021\/08\/16\/eua-emitem-declaracao-com-60-nacoes-sobre-a-situacao-no-afeganistao\/\"},\"wordCount\":420,\"commentCount\":0,\"publisher\":{\"@id\":\"https:\/\/jornalfatosenoticias.com.br\/#organization\"},\"image\":{\"@id\":\"https:\/\/jornalfatosenoticias.com.br\/index.php\/2021\/08\/16\/eua-emitem-declaracao-com-60-nacoes-sobre-a-situacao-no-afeganistao\/#primaryimage\"},\"thumbnailUrl\":\"https:\/\/jornalfatosenoticias.com.br\/wp-content\/uploads\/2021\/08\/afghanistan-conflict.jpg\",\"keywords\":[\"Afeganist\u00e3o\",\"Cabul\",\"conflitos\",\"guerra\",\"Talib\u00e3\"],\"articleSection\":[\"Internacional\"],\"inLanguage\":\"pt-BR\",\"potentialAction\":[{\"@type\":\"CommentAction\",\"name\":\"Comment\",\"target\":[\"https:\/\/jornalfatosenoticias.com.br\/index.php\/2021\/08\/16\/eua-emitem-declaracao-com-60-nacoes-sobre-a-situacao-no-afeganistao\/#respond\"]}]},{\"@type\":\"WebPage\",\"@id\":\"https:\/\/jornalfatosenoticias.com.br\/index.php\/2021\/08\/16\/eua-emitem-declaracao-com-60-nacoes-sobre-a-situacao-no-afeganistao\/\",\"url\":\"https:\/\/jornalfatosenoticias.com.br\/index.php\/2021\/08\/16\/eua-emitem-declaracao-com-60-nacoes-sobre-a-situacao-no-afeganistao\/\",\"name\":\"EUA emitem declara\u00e7\u00e3o com 60 na\u00e7\u00f5es sobre a situa\u00e7\u00e3o no Afeganist\u00e3o - Jornal Fatos e Not\u00edcias\",\"isPartOf\":{\"@id\":\"https:\/\/jornalfatosenoticias.com.br\/#website\"},\"primaryImageOfPage\":{\"@id\":\"https:\/\/jornalfatosenoticias.com.br\/index.php\/2021\/08\/16\/eua-emitem-declaracao-com-60-nacoes-sobre-a-situacao-no-afeganistao\/#primaryimage\"},\"image\":{\"@id\":\"https:\/\/jornalfatosenoticias.com.br\/index.php\/2021\/08\/16\/eua-emitem-declaracao-com-60-nacoes-sobre-a-situacao-no-afeganistao\/#primaryimage\"},\"thumbnailUrl\":\"https:\/\/jornalfatosenoticias.com.br\/wp-content\/uploads\/2021\/08\/afghanistan-conflict.jpg\",\"datePublished\":\"2021-08-16T17:42:12+00:00\",\"dateModified\":\"2021-08-16T17:42:16+00:00\",\"breadcrumb\":{\"@id\":\"https:\/\/jornalfatosenoticias.com.br\/index.php\/2021\/08\/16\/eua-emitem-declaracao-com-60-nacoes-sobre-a-situacao-no-afeganistao\/#breadcrumb\"},\"inLanguage\":\"pt-BR\",\"potentialAction\":[{\"@type\":\"ReadAction\",\"target\":[\"https:\/\/jornalfatosenoticias.com.br\/index.php\/2021\/08\/16\/eua-emitem-declaracao-com-60-nacoes-sobre-a-situacao-no-afeganistao\/\"]}]},{\"@type\":\"ImageObject\",\"inLanguage\":\"pt-BR\",\"@id\":\"https:\/\/jornalfatosenoticias.com.br\/index.php\/2021\/08\/16\/eua-emitem-declaracao-com-60-nacoes-sobre-a-situacao-no-afeganistao\/#primaryimage\",\"url\":\"https:\/\/jornalfatosenoticias.com.br\/wp-content\/uploads\/2021\/08\/afghanistan-conflict.jpg\",\"contentUrl\":\"https:\/\/jornalfatosenoticias.com.br\/wp-content\/uploads\/2021\/08\/afghanistan-conflict.jpg\",\"width\":1000,\"height\":598},{\"@type\":\"BreadcrumbList\",\"@id\":\"https:\/\/jornalfatosenoticias.com.br\/index.php\/2021\/08\/16\/eua-emitem-declaracao-com-60-nacoes-sobre-a-situacao-no-afeganistao\/#breadcrumb\",\"itemListElement\":[{\"@type\":\"ListItem\",\"position\":1,\"name\":\"In\u00edcio\",\"item\":\"https:\/\/jornalfatosenoticias.com.br\/\"},{\"@type\":\"ListItem\",\"position\":2,\"name\":\"EUA emitem declara\u00e7\u00e3o com 60 na\u00e7\u00f5es sobre a situa\u00e7\u00e3o no Afeganist\u00e3o\"}]},{\"@type\":\"WebSite\",\"@id\":\"https:\/\/jornalfatosenoticias.com.br\/#website\",\"url\":\"https:\/\/jornalfatosenoticias.com.br\/\",\"name\":\"Jornal Fatos e Not\u00edcias\",\"description\":\"Not\u00edcias em geral\",\"publisher\":{\"@id\":\"https:\/\/jornalfatosenoticias.com.br\/#organization\"},\"potentialAction\":[{\"@type\":\"SearchAction\",\"target\":{\"@type\":\"EntryPoint\",\"urlTemplate\":\"https:\/\/jornalfatosenoticias.com.br\/?s={search_term_string}\"},\"query-input\":{\"@type\":\"PropertyValueSpecification\",\"valueRequired\":true,\"valueName\":\"search_term_string\"}}],\"inLanguage\":\"pt-BR\"},{\"@type\":\"Organization\",\"@id\":\"https:\/\/jornalfatosenoticias.com.br\/#organization\",\"name\":\"Jornal Fatos e Not\u00edcias\",\"url\":\"https:\/\/jornalfatosenoticias.com.br\/\",\"logo\":{\"@type\":\"ImageObject\",\"inLanguage\":\"pt-BR\",\"@id\":\"https:\/\/jornalfatosenoticias.com.br\/#\/schema\/logo\/image\/\",\"url\":\"https:\/\/jornalfatosenoticias.com.br\/wp-content\/uploads\/2020\/02\/logo120.png\",\"contentUrl\":\"https:\/\/jornalfatosenoticias.com.br\/wp-content\/uploads\/2020\/02\/logo120.png\",\"width\":1227,\"height\":120,\"caption\":\"Jornal Fatos e Not\u00edcias\"},\"image\":{\"@id\":\"https:\/\/jornalfatosenoticias.com.br\/#\/schema\/logo\/image\/\"}},{\"@type\":\"Person\",\"@id\":\"https:\/\/jornalfatosenoticias.com.br\/#\/schema\/person\/d63837fa13ac8666eb9e74e0985d6f81\",\"name\":\"Luzimara Fernandes\",\"image\":{\"@type\":\"ImageObject\",\"inLanguage\":\"pt-BR\",\"@id\":\"https:\/\/jornalfatosenoticias.com.br\/#\/schema\/person\/image\/\",\"url\":\"https:\/\/jornalfatosenoticias.com.br\/wp-content\/uploads\/2025\/05\/EU_portal.jpg\",\"contentUrl\":\"https:\/\/jornalfatosenoticias.com.br\/wp-content\/uploads\/2025\/05\/EU_portal.jpg\",\"caption\":\"Luzimara Fernandes\"},\"description\":\"Jornalista MTB 2358-ES\",\"sameAs\":[\"https:\/\/jornalfatosenoticias.com.br\"],\"url\":\"https:\/\/jornalfatosenoticias.com.br\/index.php\/author\/luzimara\/\"}]}<\/script>\n<!-- \/ Yoast SEO plugin. -->","yoast_head_json":{"title":"EUA emitem declara\u00e7\u00e3o com 60 na\u00e7\u00f5es sobre a situa\u00e7\u00e3o no Afeganist\u00e3o - Jornal Fatos e Not\u00edcias","robots":{"index":"index","follow":"follow","max-snippet":"max-snippet:-1","max-image-preview":"max-image-preview:large","max-video-preview":"max-video-preview:-1"},"canonical":"https:\/\/jornalfatosenoticias.com.br\/index.php\/2021\/08\/16\/eua-emitem-declaracao-com-60-nacoes-sobre-a-situacao-no-afeganistao\/","og_locale":"pt_BR","og_type":"article","og_title":"EUA emitem declara\u00e7\u00e3o com 60 na\u00e7\u00f5es sobre a situa\u00e7\u00e3o no Afeganist\u00e3o - Jornal Fatos e Not\u00edcias","og_description":"Pa\u00edses pedem que Talib\u00e3 garanta a seguran\u00e7a de quem quer deixar o pa\u00eds O governo dos Estados Unidos, em declara\u00e7\u00e3o conjunta com mais 60 pa\u00edses, pediu que o Talib\u00e3 garanta a partida segura de pessoas que queiram deixar o Afeganist\u00e3o.O Talib\u00e3 declarou vit\u00f3ria na luta contra o governo afeg\u00e3o. O presidente Ashraf Ghani deixou o [&hellip;]","og_url":"https:\/\/jornalfatosenoticias.com.br\/index.php\/2021\/08\/16\/eua-emitem-declaracao-com-60-nacoes-sobre-a-situacao-no-afeganistao\/","og_site_name":"Jornal Fatos e Not\u00edcias","article_published_time":"2021-08-16T17:42:12+00:00","article_modified_time":"2021-08-16T17:42:16+00:00","og_image":[{"width":1000,"height":598,"url":"https:\/\/jornalfatosenoticias.com.br\/wp-content\/uploads\/2021\/08\/afghanistan-conflict.jpg","type":"image\/jpeg"}],"author":"Luzimara Fernandes","twitter_card":"summary_large_image","twitter_misc":{"Escrito por":"Luzimara Fernandes","Est. tempo de leitura":"2 minutos"},"schema":{"@context":"https:\/\/schema.org","@graph":[{"@type":"Article","@id":"https:\/\/jornalfatosenoticias.com.br\/index.php\/2021\/08\/16\/eua-emitem-declaracao-com-60-nacoes-sobre-a-situacao-no-afeganistao\/#article","isPartOf":{"@id":"https:\/\/jornalfatosenoticias.com.br\/index.php\/2021\/08\/16\/eua-emitem-declaracao-com-60-nacoes-sobre-a-situacao-no-afeganistao\/"},"author":{"name":"Luzimara Fernandes","@id":"https:\/\/jornalfatosenoticias.com.br\/#\/schema\/person\/d63837fa13ac8666eb9e74e0985d6f81"},"headline":"EUA emitem declara\u00e7\u00e3o com 60 na\u00e7\u00f5es sobre a situa\u00e7\u00e3o no Afeganist\u00e3o","datePublished":"2021-08-16T17:42:12+00:00","dateModified":"2021-08-16T17:42:16+00:00","mainEntityOfPage":{"@id":"https:\/\/jornalfatosenoticias.com.br\/index.php\/2021\/08\/16\/eua-emitem-declaracao-com-60-nacoes-sobre-a-situacao-no-afeganistao\/"},"wordCount":420,"commentCount":0,"publisher":{"@id":"https:\/\/jornalfatosenoticias.com.br\/#organization"},"image":{"@id":"https:\/\/jornalfatosenoticias.com.br\/index.php\/2021\/08\/16\/eua-emitem-declaracao-com-60-nacoes-sobre-a-situacao-no-afeganistao\/#primaryimage"},"thumbnailUrl":"https:\/\/jornalfatosenoticias.com.br\/wp-content\/uploads\/2021\/08\/afghanistan-conflict.jpg","keywords":["Afeganist\u00e3o","Cabul","conflitos","guerra","Talib\u00e3"],"articleSection":["Internacional"],"inLanguage":"pt-BR","potentialAction":[{"@type":"CommentAction","name":"Comment","target":["https:\/\/jornalfatosenoticias.com.br\/index.php\/2021\/08\/16\/eua-emitem-declaracao-com-60-nacoes-sobre-a-situacao-no-afeganistao\/#respond"]}]},{"@type":"WebPage","@id":"https:\/\/jornalfatosenoticias.com.br\/index.php\/2021\/08\/16\/eua-emitem-declaracao-com-60-nacoes-sobre-a-situacao-no-afeganistao\/","url":"https:\/\/jornalfatosenoticias.com.br\/index.php\/2021\/08\/16\/eua-emitem-declaracao-com-60-nacoes-sobre-a-situacao-no-afeganistao\/","name":"EUA emitem declara\u00e7\u00e3o com 60 na\u00e7\u00f5es sobre a situa\u00e7\u00e3o no Afeganist\u00e3o - Jornal Fatos e Not\u00edcias","isPartOf":{"@id":"https:\/\/jornalfatosenoticias.com.br\/#website"},"primaryImageOfPage":{"@id":"https:\/\/jornalfatosenoticias.com.br\/index.php\/2021\/08\/16\/eua-emitem-declaracao-com-60-nacoes-sobre-a-situacao-no-afeganistao\/#primaryimage"},"image":{"@id":"https:\/\/jornalfatosenoticias.com.br\/index.php\/2021\/08\/16\/eua-emitem-declaracao-com-60-nacoes-sobre-a-situacao-no-afeganistao\/#primaryimage"},"thumbnailUrl":"https:\/\/jornalfatosenoticias.com.br\/wp-content\/uploads\/2021\/08\/afghanistan-conflict.jpg","datePublished":"2021-08-16T17:42:12+00:00","dateModified":"2021-08-16T17:42:16+00:00","breadcrumb":{"@id":"https:\/\/jornalfatosenoticias.com.br\/index.php\/2021\/08\/16\/eua-emitem-declaracao-com-60-nacoes-sobre-a-situacao-no-afeganistao\/#breadcrumb"},"inLanguage":"pt-BR","potentialAction":[{"@type":"ReadAction","target":["https:\/\/jornalfatosenoticias.com.br\/index.php\/2021\/08\/16\/eua-emitem-declaracao-com-60-nacoes-sobre-a-situacao-no-afeganistao\/"]}]},{"@type":"ImageObject","inLanguage":"pt-BR","@id":"https:\/\/jornalfatosenoticias.com.br\/index.php\/2021\/08\/16\/eua-emitem-declaracao-com-60-nacoes-sobre-a-situacao-no-afeganistao\/#primaryimage","url":"https:\/\/jornalfatosenoticias.com.br\/wp-content\/uploads\/2021\/08\/afghanistan-conflict.jpg","contentUrl":"https:\/\/jornalfatosenoticias.com.br\/wp-content\/uploads\/2021\/08\/afghanistan-conflict.jpg","width":1000,"height":598},{"@type":"BreadcrumbList","@id":"https:\/\/jornalfatosenoticias.com.br\/index.php\/2021\/08\/16\/eua-emitem-declaracao-com-60-nacoes-sobre-a-situacao-no-afeganistao\/#breadcrumb","itemListElement":[{"@type":"ListItem","position":1,"name":"In\u00edcio","item":"https:\/\/jornalfatosenoticias.com.br\/"},{"@type":"ListItem","position":2,"name":"EUA emitem declara\u00e7\u00e3o com 60 na\u00e7\u00f5es sobre a situa\u00e7\u00e3o no Afeganist\u00e3o"}]},{"@type":"WebSite","@id":"https:\/\/jornalfatosenoticias.com.br\/#website","url":"https:\/\/jornalfatosenoticias.com.br\/","name":"Jornal Fatos e Not\u00edcias","description":"Not\u00edcias em geral","publisher":{"@id":"https:\/\/jornalfatosenoticias.com.br\/#organization"},"potentialAction":[{"@type":"SearchAction","target":{"@type":"EntryPoint","urlTemplate":"https:\/\/jornalfatosenoticias.com.br\/?s={search_term_string}"},"query-input":{"@type":"PropertyValueSpecification","valueRequired":true,"valueName":"search_term_string"}}],"inLanguage":"pt-BR"},{"@type":"Organization","@id":"https:\/\/jornalfatosenoticias.com.br\/#organization","name":"Jornal Fatos e Not\u00edcias","url":"https:\/\/jornalfatosenoticias.com.br\/","logo":{"@type":"ImageObject","inLanguage":"pt-BR","@id":"https:\/\/jornalfatosenoticias.com.br\/#\/schema\/logo\/image\/","url":"https:\/\/jornalfatosenoticias.com.br\/wp-content\/uploads\/2020\/02\/logo120.png","contentUrl":"https:\/\/jornalfatosenoticias.com.br\/wp-content\/uploads\/2020\/02\/logo120.png","width":1227,"height":120,"caption":"Jornal Fatos e Not\u00edcias"},"image":{"@id":"https:\/\/jornalfatosenoticias.com.br\/#\/schema\/logo\/image\/"}},{"@type":"Person","@id":"https:\/\/jornalfatosenoticias.com.br\/#\/schema\/person\/d63837fa13ac8666eb9e74e0985d6f81","name":"Luzimara Fernandes","image":{"@type":"ImageObject","inLanguage":"pt-BR","@id":"https:\/\/jornalfatosenoticias.com.br\/#\/schema\/person\/image\/","url":"https:\/\/jornalfatosenoticias.com.br\/wp-content\/uploads\/2025\/05\/EU_portal.jpg","contentUrl":"https:\/\/jornalfatosenoticias.com.br\/wp-content\/uploads\/2025\/05\/EU_portal.jpg","caption":"Luzimara Fernandes"},"description":"Jornalista MTB 2358-ES","sameAs":["https:\/\/jornalfatosenoticias.com.br"],"url":"https:\/\/jornalfatosenoticias.com.br\/index.php\/author\/luzimara\/"}]}},"cc_featured_image_caption":{"caption_text":"(Foto: Reuters TV\/Direitos Reservados)","source_text":"","source_url":""},"jetpack_featured_media_url":"https:\/\/jornalfatosenoticias.com.br\/wp-content\/uploads\/2021\/08\/afghanistan-conflict.jpg","_links":{"self":[{"href":"https:\/\/jornalfatosenoticias.com.br\/index.php\/wp-json\/wp\/v2\/posts\/21868","targetHints":{"allow":["GET"]}}],"collection":[{"href":"https:\/\/jornalfatosenoticias.com.br\/index.php\/wp-json\/wp\/v2\/posts"}],"about":[{"href":"https:\/\/jornalfatosenoticias.com.br\/index.php\/wp-json\/wp\/v2\/types\/post"}],"author":[{"embeddable":true,"href":"https:\/\/jornalfatosenoticias.com.br\/index.php\/wp-json\/wp\/v2\/users\/2"}],"replies":[{"embeddable":true,"href":"https:\/\/jornalfatosenoticias.com.br\/index.php\/wp-json\/wp\/v2\/comments?post=21868"}],"version-history":[{"count":0,"href":"https:\/\/jornalfatosenoticias.com.br\/index.php\/wp-json\/wp\/v2\/posts\/21868\/revisions"}],"wp:featuredmedia":[{"embeddable":true,"href":"https:\/\/jornalfatosenoticias.com.br\/index.php\/wp-json\/wp\/v2\/media\/21869"}],"wp:attachment":[{"href":"https:\/\/jornalfatosenoticias.com.br\/index.php\/wp-json\/wp\/v2\/media?parent=21868"}],"wp:term":[{"taxonomy":"category","embeddable":true,"href":"https:\/\/jornalfatosenoticias.com.br\/index.php\/wp-json\/wp\/v2\/categories?post=21868"},{"taxonomy":"post_tag","embeddable":true,"href":"https:\/\/jornalfatosenoticias.com.br\/index.php\/wp-json\/wp\/v2\/tags?post=21868"}],"curies":[{"name":"wp","href":"https:\/\/api.w.org\/{rel}","templated":true}]}}