{"id":21884,"date":"2021-08-16T15:17:26","date_gmt":"2021-08-16T18:17:26","guid":{"rendered":"https:\/\/jornalfatosenoticias.com.br\/?p=21884"},"modified":"2021-08-16T15:17:31","modified_gmt":"2021-08-16T18:17:31","slug":"kit-fabricado-no-brasil-torna-motorhomes-100-autonomos","status":"publish","type":"post","link":"https:\/\/jornalfatosenoticias.com.br\/index.php\/2021\/08\/16\/kit-fabricado-no-brasil-torna-motorhomes-100-autonomos\/","title":{"rendered":"Kit fabricado no Brasil torna motorhomes 100% aut\u00f4nomos"},"content":{"rendered":"\n<p><em><span class=\"has-inline-color has-black-color\">Kit garante autonomia energ\u00e9tica e reuso da \u00e1gua para banho e cozinha em qualquer modelo de motorhome<\/span><\/em><\/p>\n\n\n\n<p>O primeiro kit para um motorhome 100% aut\u00f4nomo fabricado no Brasil foi lan\u00e7ado pela <em>Estrella Mobil<\/em>, fabricante de ve\u00edculos recreativos personalizados. Com ele, os ve\u00edculos ganham capacidade de oferecer energia el\u00e9trica, ar-condicionado, e \u00e1gua quente de forma ininterrupta, sem depender de nenhuma fonte de energia externa.<br>O Kit STARLIGHT pode ser instalado em qualquer modelo de motorhome ou nos modelos de expedi\u00e7\u00e3o da <em>Estrella Mobil<\/em>. \u201cEsta solu\u00e7\u00e3o foi criada a partir de sugest\u00f5es de clientes que precisavam de autonomia completa aliada \u00e0 praticidade e ao conforto durante longas viagens, principalmente em certas regi\u00f5es do norte e do nordeste, em que o acesso \u00e0 energia el\u00e9trica \u00e9 prec\u00e1rio. Depois de muita pesquisa, estudos e testes, conseguimos criar esse kit\u201d, explica J\u00falio Lemos, fundador da empresa.<br>Diferente dos motorhomes convencionais, que utilizam o alternador do ve\u00edculo localizado no motor para produ\u00e7\u00e3o de energia, o <em>kit STAR LIGHT<\/em> possui duas fontes distintas de gera\u00e7\u00e3o de energia. A primeira fonte \u00e9 um sistema de energia solar que gera at\u00e9 1.200Watts de pot\u00eancia e a segunda \u00e9 um banco de baterias, exclusivamente para o mercado brasileiro.<br>\u201cCaso o motorhome fique estacionado longe da luz do sol e com o motor desligado por todo o per\u00edodo, o ve\u00edculo ainda funciona completamente, inclusive com o ar-condicionado, por dois dias em raz\u00e3o de um robusto banco de baterias importadas!\u201d, explica Lemos.<\/p>\n\n\n\n<div class=\"wp-block-jetpack-slideshow aligncenter\" data-effect=\"slide\"><div class=\"wp-block-jetpack-slideshow_container swiper-container\"><ul class=\"wp-block-jetpack-slideshow_swiper-wrapper swiper-wrapper\"><li class=\"wp-block-jetpack-slideshow_slide swiper-slide\"><figure><img loading=\"lazy\" decoding=\"async\" width=\"1000\" height=\"631\" alt=\"\" class=\"wp-block-jetpack-slideshow_image wp-image-21885\" data-id=\"21885\" src=\"https:\/\/jornalfatosenoticias.com.br\/wp-content\/uploads\/2021\/08\/motorhome-autonomo2.jpg\" srcset=\"https:\/\/jornalfatosenoticias.com.br\/wp-content\/uploads\/2021\/08\/motorhome-autonomo2.jpg 1000w, https:\/\/jornalfatosenoticias.com.br\/wp-content\/uploads\/2021\/08\/motorhome-autonomo2-300x189.jpg 300w, https:\/\/jornalfatosenoticias.com.br\/wp-content\/uploads\/2021\/08\/motorhome-autonomo2-768x485.jpg 768w, https:\/\/jornalfatosenoticias.com.br\/wp-content\/uploads\/2021\/08\/motorhome-autonomo2-350x220.jpg 350w\" sizes=\"auto, (max-width: 1000px) 100vw, 1000px\" \/><figcaption class=\"wp-block-jetpack-slideshow_caption gallery-caption\">(Foto: Estrella Mobil)<\/figcaption><\/figure><\/li><li class=\"wp-block-jetpack-slideshow_slide swiper-slide\"><figure><img loading=\"lazy\" decoding=\"async\" width=\"1000\" height=\"666\" alt=\"\" class=\"wp-block-jetpack-slideshow_image wp-image-21886\" data-id=\"21886\" src=\"https:\/\/jornalfatosenoticias.com.br\/wp-content\/uploads\/2021\/08\/motorhome-autonomo3.jpg\" srcset=\"https:\/\/jornalfatosenoticias.com.br\/wp-content\/uploads\/2021\/08\/motorhome-autonomo3.jpg 1000w, https:\/\/jornalfatosenoticias.com.br\/wp-content\/uploads\/2021\/08\/motorhome-autonomo3-300x200.jpg 300w, https:\/\/jornalfatosenoticias.com.br\/wp-content\/uploads\/2021\/08\/motorhome-autonomo3-768x511.jpg 768w\" sizes=\"auto, (max-width: 1000px) 100vw, 1000px\" \/><figcaption class=\"wp-block-jetpack-slideshow_caption gallery-caption\">(Foto: Estrella Mobil)<\/figcaption><\/figure><\/li><li class=\"wp-block-jetpack-slideshow_slide swiper-slide\"><figure><img loading=\"lazy\" decoding=\"async\" width=\"600\" height=\"900\" alt=\"\" class=\"wp-block-jetpack-slideshow_image wp-image-21887\" data-id=\"21887\" src=\"https:\/\/jornalfatosenoticias.com.br\/wp-content\/uploads\/2021\/08\/motorhome-autonomo4.jpg\" srcset=\"https:\/\/jornalfatosenoticias.com.br\/wp-content\/uploads\/2021\/08\/motorhome-autonomo4.jpg 600w, https:\/\/jornalfatosenoticias.com.br\/wp-content\/uploads\/2021\/08\/motorhome-autonomo4-200x300.jpg 200w\" sizes=\"auto, (max-width: 600px) 100vw, 600px\" \/><figcaption class=\"wp-block-jetpack-slideshow_caption gallery-caption\">(Foto: Estrella Mobil)<\/figcaption><\/figure><\/li><li class=\"wp-block-jetpack-slideshow_slide swiper-slide\"><figure><img loading=\"lazy\" decoding=\"async\" width=\"673\" height=\"900\" alt=\"\" class=\"wp-block-jetpack-slideshow_image wp-image-21888\" data-id=\"21888\" src=\"https:\/\/jornalfatosenoticias.com.br\/wp-content\/uploads\/2021\/08\/motorhome-autonomo5.jpg\" srcset=\"https:\/\/jornalfatosenoticias.com.br\/wp-content\/uploads\/2021\/08\/motorhome-autonomo5.jpg 673w, https:\/\/jornalfatosenoticias.com.br\/wp-content\/uploads\/2021\/08\/motorhome-autonomo5-224x300.jpg 224w\" sizes=\"auto, (max-width: 673px) 100vw, 673px\" \/><figcaption class=\"wp-block-jetpack-slideshow_caption gallery-caption\">(Foto: Estrella Mobil)<\/figcaption><\/figure><\/li><\/ul><a class=\"wp-block-jetpack-slideshow_button-prev swiper-button-prev swiper-button-white\" role=\"button\"><\/a><a class=\"wp-block-jetpack-slideshow_button-next swiper-button-next swiper-button-white\" role=\"button\"><\/a><a aria-label=\"Pause Slideshow\" class=\"wp-block-jetpack-slideshow_button-pause\" role=\"button\"><\/a><div class=\"wp-block-jetpack-slideshow_pagination swiper-pagination swiper-pagination-white\"><\/div><\/div><\/div>\n\n\n\n<p>J\u00e1 o tratamento de \u00e1gua \u00e9 realizado em duas etapas. Os res\u00edduos de \u00e1gua que caem no ralo do chuveiro ou da torneira v\u00e3o direto para a caixa de \u00e1gua servida, que faz automaticamente todo o tratamento da \u00e1gua. A \u00e1gua retorna para a caixa limpa, livre de contaminantes e pronta para o re\u00faso.<\/p>\n\n\n\n<blockquote class=\"wp-block-quote is-layout-flow wp-block-quote-is-layout-flow\"><p><span class=\"has-inline-color has-luminous-vivid-orange-color\">\u201cEm casos extremos, as pessoas conseguem fazer a capta\u00e7\u00e3o da \u00e1gua de rio por meio de uma mangueira ligada diretamente \u00e0 caixa, que faz todo o processo de tratamento autom\u00e1tico\u201d, complementa J\u00falio.<\/span><\/p><\/blockquote>\n\n\n\n<p>Outro diferencial est\u00e1 no uso do sanit\u00e1rio compost\u00e1vel, ou banheiro seco. Em vez de utilizar \u00e1gua para descarga, o sistema usa materiais org\u00e2nicos secos e \u00famidos, como papel higi\u00eanico e serragem, que evitam a cria\u00e7\u00e3o de esgoto que seria jogado no meio ambiente, poluindo rios.<br>Al\u00e9m disso, com o uso do sanit\u00e1rio compost\u00e1vel, o cheiro produzido pelas fezes \u00e9 eliminado automaticamente. O motorhome torna-se assim duplamente sustent\u00e1vel, pois al\u00e9m de ter sistemas adaptados \u00e0 gera\u00e7\u00e3o de energia renov\u00e1vel, oferece a possibilidade de transforma\u00e7\u00e3o dos res\u00edduos fecais em adubo.<\/p>\n\n\n\n<p><strong><em>Fonte: <a href=\"https:\/\/ciclovivo.com.br\/arq-urb\/mobilidade\/kit-fabricado-no-brasil-torna-motorhomes-100-autonomos\/\">CicloVivo<\/a><\/em><\/strong><\/p>\n","protected":false},"excerpt":{"rendered":"<p>Kit garante autonomia energ\u00e9tica e reuso da \u00e1gua para banho e cozinha em qualquer modelo de motorhome O primeiro kit para um motorhome 100% aut\u00f4nomo fabricado no Brasil foi lan\u00e7ado pela Estrella Mobil, fabricante de ve\u00edculos recreativos personalizados. Com ele, os ve\u00edculos ganham capacidade de oferecer energia el\u00e9trica, ar-condicionado, e \u00e1gua quente de forma ininterrupta, [&hellip;]<\/p>\n","protected":false},"author":2,"featured_media":21889,"comment_status":"open","ping_status":"open","sticky":false,"template":"","format":"standard","meta":{"footnotes":""},"categories":[744],"tags":[2938,10689,10690,10688,3450],"class_list":["post-21884","post","type-post","status-publish","format-standard","has-post-thumbnail","hentry","category-arq-urbanismo","tag-energia-renovavel","tag-estrella-mobil","tag-kit-star-light","tag-motorhome","tag-reuso-da-agua"],"yoast_head":"<!-- This site is optimized with the Yoast SEO plugin v26.5 - https:\/\/yoast.com\/wordpress\/plugins\/seo\/ -->\n<title>Kit fabricado no Brasil torna motorhomes 100% aut\u00f4nomos - Jornal Fatos e Not\u00edcias<\/title>\n<meta name=\"robots\" content=\"index, follow, max-snippet:-1, max-image-preview:large, max-video-preview:-1\" \/>\n<link rel=\"canonical\" href=\"https:\/\/jornalfatosenoticias.com.br\/index.php\/2021\/08\/16\/kit-fabricado-no-brasil-torna-motorhomes-100-autonomos\/\" \/>\n<meta property=\"og:locale\" content=\"pt_BR\" \/>\n<meta property=\"og:type\" content=\"article\" \/>\n<meta property=\"og:title\" content=\"Kit fabricado no Brasil torna motorhomes 100% aut\u00f4nomos - Jornal Fatos e Not\u00edcias\" \/>\n<meta property=\"og:description\" content=\"Kit garante autonomia energ\u00e9tica e reuso da \u00e1gua para banho e cozinha em qualquer modelo de motorhome O primeiro kit para um motorhome 100% aut\u00f4nomo fabricado no Brasil foi lan\u00e7ado pela Estrella Mobil, fabricante de ve\u00edculos recreativos personalizados. Com ele, os ve\u00edculos ganham capacidade de oferecer energia el\u00e9trica, ar-condicionado, e \u00e1gua quente de forma ininterrupta, [&hellip;]\" \/>\n<meta property=\"og:url\" content=\"https:\/\/jornalfatosenoticias.com.br\/index.php\/2021\/08\/16\/kit-fabricado-no-brasil-torna-motorhomes-100-autonomos\/\" \/>\n<meta property=\"og:site_name\" content=\"Jornal Fatos e Not\u00edcias\" \/>\n<meta property=\"article:published_time\" content=\"2021-08-16T18:17:26+00:00\" \/>\n<meta property=\"article:modified_time\" content=\"2021-08-16T18:17:31+00:00\" \/>\n<meta property=\"og:image\" content=\"https:\/\/jornalfatosenoticias.com.br\/wp-content\/uploads\/2021\/08\/motorhome-autonomo.jpg\" \/>\n\t<meta property=\"og:image:width\" content=\"1000\" \/>\n\t<meta property=\"og:image:height\" content=\"611\" \/>\n\t<meta property=\"og:image:type\" content=\"image\/jpeg\" \/>\n<meta name=\"author\" content=\"Luzimara Fernandes\" \/>\n<meta name=\"twitter:card\" content=\"summary_large_image\" \/>\n<meta name=\"twitter:label1\" content=\"Escrito por\" \/>\n\t<meta name=\"twitter:data1\" content=\"Luzimara Fernandes\" \/>\n\t<meta name=\"twitter:label2\" content=\"Est. tempo de leitura\" \/>\n\t<meta name=\"twitter:data2\" content=\"2 minutos\" \/>\n<script type=\"application\/ld+json\" class=\"yoast-schema-graph\">{\"@context\":\"https:\/\/schema.org\",\"@graph\":[{\"@type\":\"Article\",\"@id\":\"https:\/\/jornalfatosenoticias.com.br\/index.php\/2021\/08\/16\/kit-fabricado-no-brasil-torna-motorhomes-100-autonomos\/#article\",\"isPartOf\":{\"@id\":\"https:\/\/jornalfatosenoticias.com.br\/index.php\/2021\/08\/16\/kit-fabricado-no-brasil-torna-motorhomes-100-autonomos\/\"},\"author\":{\"name\":\"Luzimara Fernandes\",\"@id\":\"https:\/\/jornalfatosenoticias.com.br\/#\/schema\/person\/d63837fa13ac8666eb9e74e0985d6f81\"},\"headline\":\"Kit fabricado no Brasil torna motorhomes 100% aut\u00f4nomos\",\"datePublished\":\"2021-08-16T18:17:26+00:00\",\"dateModified\":\"2021-08-16T18:17:31+00:00\",\"mainEntityOfPage\":{\"@id\":\"https:\/\/jornalfatosenoticias.com.br\/index.php\/2021\/08\/16\/kit-fabricado-no-brasil-torna-motorhomes-100-autonomos\/\"},\"wordCount\":466,\"commentCount\":0,\"publisher\":{\"@id\":\"https:\/\/jornalfatosenoticias.com.br\/#organization\"},\"image\":{\"@id\":\"https:\/\/jornalfatosenoticias.com.br\/index.php\/2021\/08\/16\/kit-fabricado-no-brasil-torna-motorhomes-100-autonomos\/#primaryimage\"},\"thumbnailUrl\":\"https:\/\/jornalfatosenoticias.com.br\/wp-content\/uploads\/2021\/08\/motorhome-autonomo.jpg\",\"keywords\":[\"energia renov\u00e1vel\",\"Estrella Mobil\",\"kit STAR LIGHT\",\"motorhome\",\"re\u00faso da \u00e1gua\"],\"articleSection\":[\"Arq &amp; Urb\"],\"inLanguage\":\"pt-BR\",\"potentialAction\":[{\"@type\":\"CommentAction\",\"name\":\"Comment\",\"target\":[\"https:\/\/jornalfatosenoticias.com.br\/index.php\/2021\/08\/16\/kit-fabricado-no-brasil-torna-motorhomes-100-autonomos\/#respond\"]}]},{\"@type\":\"WebPage\",\"@id\":\"https:\/\/jornalfatosenoticias.com.br\/index.php\/2021\/08\/16\/kit-fabricado-no-brasil-torna-motorhomes-100-autonomos\/\",\"url\":\"https:\/\/jornalfatosenoticias.com.br\/index.php\/2021\/08\/16\/kit-fabricado-no-brasil-torna-motorhomes-100-autonomos\/\",\"name\":\"Kit fabricado no Brasil torna motorhomes 100% aut\u00f4nomos - Jornal Fatos e Not\u00edcias\",\"isPartOf\":{\"@id\":\"https:\/\/jornalfatosenoticias.com.br\/#website\"},\"primaryImageOfPage\":{\"@id\":\"https:\/\/jornalfatosenoticias.com.br\/index.php\/2021\/08\/16\/kit-fabricado-no-brasil-torna-motorhomes-100-autonomos\/#primaryimage\"},\"image\":{\"@id\":\"https:\/\/jornalfatosenoticias.com.br\/index.php\/2021\/08\/16\/kit-fabricado-no-brasil-torna-motorhomes-100-autonomos\/#primaryimage\"},\"thumbnailUrl\":\"https:\/\/jornalfatosenoticias.com.br\/wp-content\/uploads\/2021\/08\/motorhome-autonomo.jpg\",\"datePublished\":\"2021-08-16T18:17:26+00:00\",\"dateModified\":\"2021-08-16T18:17:31+00:00\",\"breadcrumb\":{\"@id\":\"https:\/\/jornalfatosenoticias.com.br\/index.php\/2021\/08\/16\/kit-fabricado-no-brasil-torna-motorhomes-100-autonomos\/#breadcrumb\"},\"inLanguage\":\"pt-BR\",\"potentialAction\":[{\"@type\":\"ReadAction\",\"target\":[\"https:\/\/jornalfatosenoticias.com.br\/index.php\/2021\/08\/16\/kit-fabricado-no-brasil-torna-motorhomes-100-autonomos\/\"]}]},{\"@type\":\"ImageObject\",\"inLanguage\":\"pt-BR\",\"@id\":\"https:\/\/jornalfatosenoticias.com.br\/index.php\/2021\/08\/16\/kit-fabricado-no-brasil-torna-motorhomes-100-autonomos\/#primaryimage\",\"url\":\"https:\/\/jornalfatosenoticias.com.br\/wp-content\/uploads\/2021\/08\/motorhome-autonomo.jpg\",\"contentUrl\":\"https:\/\/jornalfatosenoticias.com.br\/wp-content\/uploads\/2021\/08\/motorhome-autonomo.jpg\",\"width\":1000,\"height\":611},{\"@type\":\"BreadcrumbList\",\"@id\":\"https:\/\/jornalfatosenoticias.com.br\/index.php\/2021\/08\/16\/kit-fabricado-no-brasil-torna-motorhomes-100-autonomos\/#breadcrumb\",\"itemListElement\":[{\"@type\":\"ListItem\",\"position\":1,\"name\":\"In\u00edcio\",\"item\":\"https:\/\/jornalfatosenoticias.com.br\/\"},{\"@type\":\"ListItem\",\"position\":2,\"name\":\"Kit fabricado no Brasil torna motorhomes 100% aut\u00f4nomos\"}]},{\"@type\":\"WebSite\",\"@id\":\"https:\/\/jornalfatosenoticias.com.br\/#website\",\"url\":\"https:\/\/jornalfatosenoticias.com.br\/\",\"name\":\"Jornal Fatos e Not\u00edcias\",\"description\":\"Not\u00edcias em geral\",\"publisher\":{\"@id\":\"https:\/\/jornalfatosenoticias.com.br\/#organization\"},\"potentialAction\":[{\"@type\":\"SearchAction\",\"target\":{\"@type\":\"EntryPoint\",\"urlTemplate\":\"https:\/\/jornalfatosenoticias.com.br\/?s={search_term_string}\"},\"query-input\":{\"@type\":\"PropertyValueSpecification\",\"valueRequired\":true,\"valueName\":\"search_term_string\"}}],\"inLanguage\":\"pt-BR\"},{\"@type\":\"Organization\",\"@id\":\"https:\/\/jornalfatosenoticias.com.br\/#organization\",\"name\":\"Jornal Fatos e Not\u00edcias\",\"url\":\"https:\/\/jornalfatosenoticias.com.br\/\",\"logo\":{\"@type\":\"ImageObject\",\"inLanguage\":\"pt-BR\",\"@id\":\"https:\/\/jornalfatosenoticias.com.br\/#\/schema\/logo\/image\/\",\"url\":\"https:\/\/jornalfatosenoticias.com.br\/wp-content\/uploads\/2020\/02\/logo120.png\",\"contentUrl\":\"https:\/\/jornalfatosenoticias.com.br\/wp-content\/uploads\/2020\/02\/logo120.png\",\"width\":1227,\"height\":120,\"caption\":\"Jornal Fatos e Not\u00edcias\"},\"image\":{\"@id\":\"https:\/\/jornalfatosenoticias.com.br\/#\/schema\/logo\/image\/\"}},{\"@type\":\"Person\",\"@id\":\"https:\/\/jornalfatosenoticias.com.br\/#\/schema\/person\/d63837fa13ac8666eb9e74e0985d6f81\",\"name\":\"Luzimara Fernandes\",\"image\":{\"@type\":\"ImageObject\",\"inLanguage\":\"pt-BR\",\"@id\":\"https:\/\/jornalfatosenoticias.com.br\/#\/schema\/person\/image\/\",\"url\":\"https:\/\/jornalfatosenoticias.com.br\/wp-content\/uploads\/2025\/05\/EU_portal.jpg\",\"contentUrl\":\"https:\/\/jornalfatosenoticias.com.br\/wp-content\/uploads\/2025\/05\/EU_portal.jpg\",\"caption\":\"Luzimara Fernandes\"},\"description\":\"Jornalista MTB 2358-ES\",\"sameAs\":[\"https:\/\/jornalfatosenoticias.com.br\"],\"url\":\"https:\/\/jornalfatosenoticias.com.br\/index.php\/author\/luzimara\/\"}]}<\/script>\n<!-- \/ Yoast SEO plugin. -->","yoast_head_json":{"title":"Kit fabricado no Brasil torna motorhomes 100% aut\u00f4nomos - Jornal Fatos e Not\u00edcias","robots":{"index":"index","follow":"follow","max-snippet":"max-snippet:-1","max-image-preview":"max-image-preview:large","max-video-preview":"max-video-preview:-1"},"canonical":"https:\/\/jornalfatosenoticias.com.br\/index.php\/2021\/08\/16\/kit-fabricado-no-brasil-torna-motorhomes-100-autonomos\/","og_locale":"pt_BR","og_type":"article","og_title":"Kit fabricado no Brasil torna motorhomes 100% aut\u00f4nomos - Jornal Fatos e Not\u00edcias","og_description":"Kit garante autonomia energ\u00e9tica e reuso da \u00e1gua para banho e cozinha em qualquer modelo de motorhome O primeiro kit para um motorhome 100% aut\u00f4nomo fabricado no Brasil foi lan\u00e7ado pela Estrella Mobil, fabricante de ve\u00edculos recreativos personalizados. Com ele, os ve\u00edculos ganham capacidade de oferecer energia el\u00e9trica, ar-condicionado, e \u00e1gua quente de forma ininterrupta, [&hellip;]","og_url":"https:\/\/jornalfatosenoticias.com.br\/index.php\/2021\/08\/16\/kit-fabricado-no-brasil-torna-motorhomes-100-autonomos\/","og_site_name":"Jornal Fatos e Not\u00edcias","article_published_time":"2021-08-16T18:17:26+00:00","article_modified_time":"2021-08-16T18:17:31+00:00","og_image":[{"width":1000,"height":611,"url":"https:\/\/jornalfatosenoticias.com.br\/wp-content\/uploads\/2021\/08\/motorhome-autonomo.jpg","type":"image\/jpeg"}],"author":"Luzimara Fernandes","twitter_card":"summary_large_image","twitter_misc":{"Escrito por":"Luzimara Fernandes","Est. tempo de leitura":"2 minutos"},"schema":{"@context":"https:\/\/schema.org","@graph":[{"@type":"Article","@id":"https:\/\/jornalfatosenoticias.com.br\/index.php\/2021\/08\/16\/kit-fabricado-no-brasil-torna-motorhomes-100-autonomos\/#article","isPartOf":{"@id":"https:\/\/jornalfatosenoticias.com.br\/index.php\/2021\/08\/16\/kit-fabricado-no-brasil-torna-motorhomes-100-autonomos\/"},"author":{"name":"Luzimara Fernandes","@id":"https:\/\/jornalfatosenoticias.com.br\/#\/schema\/person\/d63837fa13ac8666eb9e74e0985d6f81"},"headline":"Kit fabricado no Brasil torna motorhomes 100% aut\u00f4nomos","datePublished":"2021-08-16T18:17:26+00:00","dateModified":"2021-08-16T18:17:31+00:00","mainEntityOfPage":{"@id":"https:\/\/jornalfatosenoticias.com.br\/index.php\/2021\/08\/16\/kit-fabricado-no-brasil-torna-motorhomes-100-autonomos\/"},"wordCount":466,"commentCount":0,"publisher":{"@id":"https:\/\/jornalfatosenoticias.com.br\/#organization"},"image":{"@id":"https:\/\/jornalfatosenoticias.com.br\/index.php\/2021\/08\/16\/kit-fabricado-no-brasil-torna-motorhomes-100-autonomos\/#primaryimage"},"thumbnailUrl":"https:\/\/jornalfatosenoticias.com.br\/wp-content\/uploads\/2021\/08\/motorhome-autonomo.jpg","keywords":["energia renov\u00e1vel","Estrella Mobil","kit STAR LIGHT","motorhome","re\u00faso da \u00e1gua"],"articleSection":["Arq &amp; Urb"],"inLanguage":"pt-BR","potentialAction":[{"@type":"CommentAction","name":"Comment","target":["https:\/\/jornalfatosenoticias.com.br\/index.php\/2021\/08\/16\/kit-fabricado-no-brasil-torna-motorhomes-100-autonomos\/#respond"]}]},{"@type":"WebPage","@id":"https:\/\/jornalfatosenoticias.com.br\/index.php\/2021\/08\/16\/kit-fabricado-no-brasil-torna-motorhomes-100-autonomos\/","url":"https:\/\/jornalfatosenoticias.com.br\/index.php\/2021\/08\/16\/kit-fabricado-no-brasil-torna-motorhomes-100-autonomos\/","name":"Kit fabricado no Brasil torna motorhomes 100% aut\u00f4nomos - Jornal Fatos e Not\u00edcias","isPartOf":{"@id":"https:\/\/jornalfatosenoticias.com.br\/#website"},"primaryImageOfPage":{"@id":"https:\/\/jornalfatosenoticias.com.br\/index.php\/2021\/08\/16\/kit-fabricado-no-brasil-torna-motorhomes-100-autonomos\/#primaryimage"},"image":{"@id":"https:\/\/jornalfatosenoticias.com.br\/index.php\/2021\/08\/16\/kit-fabricado-no-brasil-torna-motorhomes-100-autonomos\/#primaryimage"},"thumbnailUrl":"https:\/\/jornalfatosenoticias.com.br\/wp-content\/uploads\/2021\/08\/motorhome-autonomo.jpg","datePublished":"2021-08-16T18:17:26+00:00","dateModified":"2021-08-16T18:17:31+00:00","breadcrumb":{"@id":"https:\/\/jornalfatosenoticias.com.br\/index.php\/2021\/08\/16\/kit-fabricado-no-brasil-torna-motorhomes-100-autonomos\/#breadcrumb"},"inLanguage":"pt-BR","potentialAction":[{"@type":"ReadAction","target":["https:\/\/jornalfatosenoticias.com.br\/index.php\/2021\/08\/16\/kit-fabricado-no-brasil-torna-motorhomes-100-autonomos\/"]}]},{"@type":"ImageObject","inLanguage":"pt-BR","@id":"https:\/\/jornalfatosenoticias.com.br\/index.php\/2021\/08\/16\/kit-fabricado-no-brasil-torna-motorhomes-100-autonomos\/#primaryimage","url":"https:\/\/jornalfatosenoticias.com.br\/wp-content\/uploads\/2021\/08\/motorhome-autonomo.jpg","contentUrl":"https:\/\/jornalfatosenoticias.com.br\/wp-content\/uploads\/2021\/08\/motorhome-autonomo.jpg","width":1000,"height":611},{"@type":"BreadcrumbList","@id":"https:\/\/jornalfatosenoticias.com.br\/index.php\/2021\/08\/16\/kit-fabricado-no-brasil-torna-motorhomes-100-autonomos\/#breadcrumb","itemListElement":[{"@type":"ListItem","position":1,"name":"In\u00edcio","item":"https:\/\/jornalfatosenoticias.com.br\/"},{"@type":"ListItem","position":2,"name":"Kit fabricado no Brasil torna motorhomes 100% aut\u00f4nomos"}]},{"@type":"WebSite","@id":"https:\/\/jornalfatosenoticias.com.br\/#website","url":"https:\/\/jornalfatosenoticias.com.br\/","name":"Jornal Fatos e Not\u00edcias","description":"Not\u00edcias em geral","publisher":{"@id":"https:\/\/jornalfatosenoticias.com.br\/#organization"},"potentialAction":[{"@type":"SearchAction","target":{"@type":"EntryPoint","urlTemplate":"https:\/\/jornalfatosenoticias.com.br\/?s={search_term_string}"},"query-input":{"@type":"PropertyValueSpecification","valueRequired":true,"valueName":"search_term_string"}}],"inLanguage":"pt-BR"},{"@type":"Organization","@id":"https:\/\/jornalfatosenoticias.com.br\/#organization","name":"Jornal Fatos e Not\u00edcias","url":"https:\/\/jornalfatosenoticias.com.br\/","logo":{"@type":"ImageObject","inLanguage":"pt-BR","@id":"https:\/\/jornalfatosenoticias.com.br\/#\/schema\/logo\/image\/","url":"https:\/\/jornalfatosenoticias.com.br\/wp-content\/uploads\/2020\/02\/logo120.png","contentUrl":"https:\/\/jornalfatosenoticias.com.br\/wp-content\/uploads\/2020\/02\/logo120.png","width":1227,"height":120,"caption":"Jornal Fatos e Not\u00edcias"},"image":{"@id":"https:\/\/jornalfatosenoticias.com.br\/#\/schema\/logo\/image\/"}},{"@type":"Person","@id":"https:\/\/jornalfatosenoticias.com.br\/#\/schema\/person\/d63837fa13ac8666eb9e74e0985d6f81","name":"Luzimara Fernandes","image":{"@type":"ImageObject","inLanguage":"pt-BR","@id":"https:\/\/jornalfatosenoticias.com.br\/#\/schema\/person\/image\/","url":"https:\/\/jornalfatosenoticias.com.br\/wp-content\/uploads\/2025\/05\/EU_portal.jpg","contentUrl":"https:\/\/jornalfatosenoticias.com.br\/wp-content\/uploads\/2025\/05\/EU_portal.jpg","caption":"Luzimara Fernandes"},"description":"Jornalista MTB 2358-ES","sameAs":["https:\/\/jornalfatosenoticias.com.br"],"url":"https:\/\/jornalfatosenoticias.com.br\/index.php\/author\/luzimara\/"}]}},"cc_featured_image_caption":{"caption_text":"(Foto: Estrella Mobil)","source_text":"","source_url":""},"jetpack_featured_media_url":"https:\/\/jornalfatosenoticias.com.br\/wp-content\/uploads\/2021\/08\/motorhome-autonomo.jpg","_links":{"self":[{"href":"https:\/\/jornalfatosenoticias.com.br\/index.php\/wp-json\/wp\/v2\/posts\/21884","targetHints":{"allow":["GET"]}}],"collection":[{"href":"https:\/\/jornalfatosenoticias.com.br\/index.php\/wp-json\/wp\/v2\/posts"}],"about":[{"href":"https:\/\/jornalfatosenoticias.com.br\/index.php\/wp-json\/wp\/v2\/types\/post"}],"author":[{"embeddable":true,"href":"https:\/\/jornalfatosenoticias.com.br\/index.php\/wp-json\/wp\/v2\/users\/2"}],"replies":[{"embeddable":true,"href":"https:\/\/jornalfatosenoticias.com.br\/index.php\/wp-json\/wp\/v2\/comments?post=21884"}],"version-history":[{"count":0,"href":"https:\/\/jornalfatosenoticias.com.br\/index.php\/wp-json\/wp\/v2\/posts\/21884\/revisions"}],"wp:featuredmedia":[{"embeddable":true,"href":"https:\/\/jornalfatosenoticias.com.br\/index.php\/wp-json\/wp\/v2\/media\/21889"}],"wp:attachment":[{"href":"https:\/\/jornalfatosenoticias.com.br\/index.php\/wp-json\/wp\/v2\/media?parent=21884"}],"wp:term":[{"taxonomy":"category","embeddable":true,"href":"https:\/\/jornalfatosenoticias.com.br\/index.php\/wp-json\/wp\/v2\/categories?post=21884"},{"taxonomy":"post_tag","embeddable":true,"href":"https:\/\/jornalfatosenoticias.com.br\/index.php\/wp-json\/wp\/v2\/tags?post=21884"}],"curies":[{"name":"wp","href":"https:\/\/api.w.org\/{rel}","templated":true}]}}