{"id":21891,"date":"2021-08-16T15:39:53","date_gmt":"2021-08-16T18:39:53","guid":{"rendered":"https:\/\/jornalfatosenoticias.com.br\/?p=21891"},"modified":"2021-08-16T15:39:54","modified_gmt":"2021-08-16T18:39:54","slug":"instituto-alana-e-sesc-sp-realizam-festival-crianca-e-natureza-2021","status":"publish","type":"post","link":"https:\/\/jornalfatosenoticias.com.br\/index.php\/2021\/08\/16\/instituto-alana-e-sesc-sp-realizam-festival-crianca-e-natureza-2021\/","title":{"rendered":"Instituto Alana e Sesc SP realizam Festival Crian\u00e7a e Natureza 2021"},"content":{"rendered":"\n<p><em><span class=\"has-inline-color has-black-color\">On-line e gratuito, evento busca caminhos para garantir mais crian\u00e7as na natureza e mais natureza para as crian\u00e7as<\/span><\/em><\/p>\n\n\n\n<p>Cada vez mais, evid\u00eancias cient\u00edficas comprovam os benef\u00edcios do conv\u00edvio cotidiano com a natureza para o desenvolvimento integral das crian\u00e7as. O <a href=\"https:\/\/ciclovivo.com.br\/vida-sustentavel\/equilibrio\/brincar-na-natureza-aumenta-a-imunidade-de-criancas\/\">contato com a natureza desde a inf\u00e2ncia<\/a>, previne e melhora o controle de doen\u00e7as cr\u00f4nicas, como asma, diabetes, obesidade e at\u00e9 miopia, diminui o risco de depend\u00eancia ao \u00e1lcool e a outras drogas, favorece o desenvolvimento neuropsicomotor e ajuda a aliviar problemas como ansiedade, estresse e dist\u00farbios de aten\u00e7\u00e3o.<br>Al\u00e9m disso, <a href=\"https:\/\/ciclovivo.com.br\/vida-sustentavel\/equilibrio\/contato-natureza-deixa-criancas-calmas\/\">proporciona bem-estar<\/a>, equilibra os n\u00edveis de vitamina D e diminui significativamente o n\u00famero de visitas ao pediatra. E o que \u00e9 melhor: sem praticamente nenhum efeito colateral, a n\u00e3o ser arranh\u00f5es eventuais e roupas sujas!<br>Com o Festival Crian\u00e7a e Natureza 2021, que acontece entre os dias 17 e 19 de agosto, on-line e gratuitamente, o Instituto Alana e o Sesc S\u00e3o Paulo, convidam o p\u00fablico a refletir e encontrar caminhos e solu\u00e7\u00f5es para garantir mais crian\u00e7as na natureza e mais natureza para as crian\u00e7as.<br>Um meio ambiente ecologicamente equilibrado \u00e9 essencial para a sa\u00fade e o bem-estar, desde a inf\u00e2ncia. Como implementar solu\u00e7\u00f5es urgentes para que crian\u00e7as tenham direito \u00e0 natureza a partir de agora? E como garantir os direitos da pr\u00f3pria Natureza?<br>Como incorporar o acesso \u00e0 natureza e aos espa\u00e7os de lazer ao ar livre como fator determinante de sa\u00fade na inf\u00e2ncia e adolesc\u00eancia? Como avan\u00e7ar do \u201cacess\u00f3rio\u201d para o \u201cessencial\u201d e fortalecer a consci\u00eancia e a a\u00e7\u00e3o sobre a interdepend\u00eancia da sa\u00fade do planeta e a sa\u00fade da esp\u00e9cie humana? Como desemparedar as crian\u00e7as e construir escolas, bairros e cidades mais verdes, amig\u00e1veis e brincantes? Como garantir o acesso \u00e0 natureza e os direitos da pr\u00f3pria natureza?<\/p>\n\n\n\n<figure class=\"wp-block-image size-large is-style-default\"><img loading=\"lazy\" decoding=\"async\" width=\"1000\" height=\"380\" src=\"https:\/\/jornalfatosenoticias.com.br\/wp-content\/uploads\/2021\/08\/crianca-e-natureza.jpg\" alt=\"\" class=\"wp-image-21895\" srcset=\"https:\/\/jornalfatosenoticias.com.br\/wp-content\/uploads\/2021\/08\/crianca-e-natureza.jpg 1000w, https:\/\/jornalfatosenoticias.com.br\/wp-content\/uploads\/2021\/08\/crianca-e-natureza-300x114.jpg 300w, https:\/\/jornalfatosenoticias.com.br\/wp-content\/uploads\/2021\/08\/crianca-e-natureza-768x292.jpg 768w\" sizes=\"auto, (max-width: 1000px) 100vw, 1000px\" \/><figcaption><em><span class=\"has-inline-color has-black-color\">(Foto: Divulga\u00e7\u00e3o)<\/span><\/em><\/figcaption><\/figure>\n\n\n\n<p>Essas ser\u00e3o algumas das quest\u00f5es debatidas com convidadas como Ta\u00eds Ara\u00fajo, atriz, apresentadora e jornalista, defensora do Direito das Mulheres Negras da ONU; com a cantora e defensora dos movimentos negros, LGBTQIA+ e direitos das mulheres, Gaby Amarantos; com a chef de cozinha natural e apresentadora Bela Gil; com Catarina Lorenzo, de 14 anos, surfista e ativista global e Juliana Tozzi, engenheira e primeira montanhista cadeirante do Brasil, fundadora do Instituto Montanha para Todos. Al\u00e9m de especialistas em direito, educa\u00e7\u00e3o e sa\u00fade, planejadores urbanos de diversos munic\u00edpios, lideran\u00e7as ind\u00edgenas e jovens.<br>Segundo T\u00e2nia Perfeito Jardim, assistente t\u00e9cnica da Ger\u00eancia de Educa\u00e7\u00e3o para Sustentabilidade e Cidadania do Sesc S\u00e3o Paulo, a situa\u00e7\u00e3o de pandemia impactou diversos aspectos da vida. O desejo de sentir-se livre e seguro em espa\u00e7os naturais tornou-se um pensamento recorrente, e abordar a import\u00e2ncia do fortalecimento do v\u00ednculo entre crian\u00e7a e natureza, especialmente agora, estimula a reflex\u00e3o sobre quais s\u00e3o as mudan\u00e7as desej\u00e1veis e poss\u00edveis para uma retomada mais equilibrada entre seres humanos e o planeta.<\/p>\n\n\n\n<figure class=\"wp-block-image size-large is-style-default\"><img loading=\"lazy\" decoding=\"async\" width=\"1000\" height=\"642\" src=\"https:\/\/jornalfatosenoticias.com.br\/wp-content\/uploads\/2021\/08\/crianca-natureza-melissa-askew-unsplash-3.jpg\" alt=\"\" class=\"wp-image-21894\" srcset=\"https:\/\/jornalfatosenoticias.com.br\/wp-content\/uploads\/2021\/08\/crianca-natureza-melissa-askew-unsplash-3.jpg 1000w, https:\/\/jornalfatosenoticias.com.br\/wp-content\/uploads\/2021\/08\/crianca-natureza-melissa-askew-unsplash-3-300x193.jpg 300w, https:\/\/jornalfatosenoticias.com.br\/wp-content\/uploads\/2021\/08\/crianca-natureza-melissa-askew-unsplash-3-768x493.jpg 768w\" sizes=\"auto, (max-width: 1000px) 100vw, 1000px\" \/><figcaption><em><span class=\"has-inline-color has-black-color\">(Foto: Melissa Askew\/Unsplash)<\/span><\/em><\/figcaption><\/figure>\n\n\n\n<p>\u201cPercebemos no Festival uma forte conson\u00e2ncia com a a\u00e7\u00e3o permanente do Sesc, vinculada especialmente aos programas Espa\u00e7o de Brincar, Curumim, Juventudes e Educa\u00e7\u00e3o para a Sustentabilidade. Neles, entre outros assuntos, buscamos proporcionar a contempla\u00e7\u00e3o, a intera\u00e7\u00e3o com a natureza e a salvaguarda do patrim\u00f4nio natural, aliadas a atividades educativas que estimulam o desenvolvimento pleno de beb\u00eas, crian\u00e7as, adolescentes e jovens\u201d, diz T\u00e2nia.<br>Diversos estudos apontam, tamb\u00e9m, que quanto antes e quanto maior for o v\u00ednculo de uma crian\u00e7a com a natureza, mais ela tender\u00e1, na vida adulta, a se preocupar com ela e a proteg\u00ea-la. Por isso, o contato entre crian\u00e7as e adolescentes com a natureza \u00e9 essencial para as inf\u00e2ncias e, tamb\u00e9m, para o planeta!<br>\u201cA constru\u00e7\u00e3o de pra\u00e7as com espa\u00e7os para encontro e brincadeiras em todos os bairros da cidade, a cria\u00e7\u00e3o e recupera\u00e7\u00e3o de parques p\u00fablicos, a redu\u00e7\u00e3o da polui\u00e7\u00e3o e o refor\u00e7o na arboriza\u00e7\u00e3o da cidade s\u00e3o exemplos de pol\u00edticas favor\u00e1veis \u00e0 inf\u00e2ncia\u201d, diz JP Amaral, coordenador do programa Crian\u00e7a e Natureza, do Instituto Alana.<\/p>\n\n\n\n<blockquote class=\"wp-block-quote is-layout-flow wp-block-quote-is-layout-flow\"><p><span class=\"has-inline-color has-luminous-vivid-orange-color\">\u201cPrecisamos buscar caminhos pr\u00e1ticos, com solu\u00e7\u00f5es baseadas na natureza, para que o direito \u00e0 vida e \u00e0 sa\u00fade, em um meio ambiente equilibrado, prevale\u00e7am. Esse \u00e9 um dever de todos: fam\u00edlias, profissionais, empresas, poder p\u00fablico. \u00c9 essencial e urgente!\u201d, afirma Amaral.<\/span><\/p><\/blockquote>\n\n\n\n<figure class=\"wp-block-image size-large is-style-default\"><img loading=\"lazy\" decoding=\"async\" width=\"1000\" height=\"583\" src=\"https:\/\/jornalfatosenoticias.com.br\/wp-content\/uploads\/2021\/08\/crianca-e-natureza4.jpg\" alt=\"\" class=\"wp-image-21893\" srcset=\"https:\/\/jornalfatosenoticias.com.br\/wp-content\/uploads\/2021\/08\/crianca-e-natureza4.jpg 1000w, https:\/\/jornalfatosenoticias.com.br\/wp-content\/uploads\/2021\/08\/crianca-e-natureza4-300x175.jpg 300w, https:\/\/jornalfatosenoticias.com.br\/wp-content\/uploads\/2021\/08\/crianca-e-natureza4-768x448.jpg 768w\" sizes=\"auto, (max-width: 1000px) 100vw, 1000px\" \/><figcaption><em><span class=\"has-inline-color has-black-color\">Uma hora por dia em contato com a natureza traz benef\u00edcios importantes para as crian\u00e7as (Foto: iStock)<\/span><\/em><\/figcaption><\/figure>\n\n\n\n<p><strong><span class=\"has-inline-color has-black-color\">Plano de a\u00e7\u00e3o<br><\/span><\/strong>Com a ideia de refletir e propor solu\u00e7\u00f5es sobre o acesso e o direito \u00e0 natureza para o bem viver desde a inf\u00e2ncia, o Instituto Alana e o Sesc S\u00e3o Paulo realizam o Festival Crian\u00e7a e Natureza 2021, nos dias 17, 18 e 19 de agosto.<br>Entre as pessoas convidadas est\u00e3o <strong>Catarina Lorenzo<\/strong>,\u00a0<strong>Bela Gil<\/strong>,\u00a0<strong>Ta\u00eds Ara\u00fajo<\/strong>,\u00a0<strong>Cristine Taku\u00e1<\/strong>,\u00a0<strong>Lis Le\u00e3o<\/strong>,\u00a0<strong>Marilene Proen\u00e7a<\/strong>,\u00a0<strong>Lu\u00eds Alberto Sab\u00f3ia<\/strong>\u00a0e\u00a0<strong>Txai Suru\u00ed<\/strong>.<\/p>\n\n\n\n<p><strong><span class=\"has-inline-color has-black-color\">Por que o evento?<br><\/span><\/strong>O Festival Crian\u00e7a e Natureza 2021 \u00e9 uma iniciativa do Instituto Alana voltada para fam\u00edlias, educadores, ativistas urbanos e ambientalistas, jovens, gestores municipais e profissionais e acad\u00eamicos de direito.<br>O objetivo do evento \u00e9 promover reflex\u00e3o sobre o direito \u00e0 natureza e ao bem viver para o desenvolvimento integral de beb\u00eas, crian\u00e7as e adolescentes e tamb\u00e9m sobre os direitos da pr\u00f3pria natureza. Bem como apontar a urg\u00eancia de implementar solu\u00e7\u00f5es que ir\u00e3o nos ajudar a fazer as pazes com a natureza e convidar o p\u00fablico a buscar caminhos para o desemparedamento das inf\u00e2ncias, apresentando casos pr\u00e1ticos.<br>Nesta primeira edi\u00e7\u00e3o, o contato com a natureza, o desemparedamento da educa\u00e7\u00e3o, cidades amig\u00e1veis, a sa\u00fade e os direitos das crian\u00e7as ser\u00e3o abordados em cinco pain\u00e9is tem\u00e1ticos:<\/p>\n\n\n\n<ul class=\"wp-block-list\"><li><span class=\"has-inline-color has-black-color\">Mais crian\u00e7as na Natureza e mais Natureza para as crian\u00e7as;<\/span><\/li><li><span class=\"has-inline-color has-black-color\">Educa\u00e7\u00e3o, natureza e territ\u00f3rios: aprender e pensar fora da caixa;<\/span><\/li><li><span class=\"has-inline-color has-black-color\">A sa\u00fade das crian\u00e7as e do planeta s\u00e3o insepar\u00e1veis;<\/span><\/li><li><span class=\"has-inline-color has-black-color\">Crian\u00e7a quer ir para a rua! Como as cidades podem ajudar?;<\/span><\/li><li><span class=\"has-inline-color has-black-color\">O direito das crian\u00e7as \u00e0 natureza e os direitos da natureza.<\/span><\/li><\/ul>\n\n\n\n<figure class=\"wp-block-image size-large is-style-default\"><img loading=\"lazy\" decoding=\"async\" width=\"1000\" height=\"1000\" src=\"https:\/\/jornalfatosenoticias.com.br\/wp-content\/uploads\/2021\/08\/crianca-e-natureza-5.jpg\" alt=\"\" class=\"wp-image-21892\" srcset=\"https:\/\/jornalfatosenoticias.com.br\/wp-content\/uploads\/2021\/08\/crianca-e-natureza-5.jpg 1000w, https:\/\/jornalfatosenoticias.com.br\/wp-content\/uploads\/2021\/08\/crianca-e-natureza-5-300x300.jpg 300w, https:\/\/jornalfatosenoticias.com.br\/wp-content\/uploads\/2021\/08\/crianca-e-natureza-5-150x150.jpg 150w, https:\/\/jornalfatosenoticias.com.br\/wp-content\/uploads\/2021\/08\/crianca-e-natureza-5-768x768.jpg 768w\" sizes=\"auto, (max-width: 1000px) 100vw, 1000px\" \/><figcaption><em><span class=\"has-inline-color has-black-color\">(Foto: Divulga\u00e7\u00e3o)<\/span><\/em><\/figcaption><\/figure>\n\n\n\n<p><strong><span class=\"has-inline-color has-black-color\">Festival Crian\u00e7a e Natureza 2021<\/span><\/strong><\/p>\n\n\n\n<ul class=\"wp-block-list\"><li>17 de agosto, abertura das 19h \u00e0s 20h30<\/li><li>18 de agosto, boas vindas e pain\u00e9is das 10h \u00e0s 12h e 13h30 \u00e0s 15h<\/li><li>19 de agosto, das 10h \u00e0s 11h30 e 13h30 \u00e0s 15h<\/li><\/ul>\n\n\n\n<p><strong>Canal do\u00a0<a href=\"https:\/\/www.youtube.com\/user\/sescsantana\" target=\"_blank\" rel=\"noreferrer noopener\">YouTube do\u00a0Sesc\u00a0Santana<\/a>\u00a0+ canal do\u00a0<a href=\"https:\/\/www.youtube.com\/user\/VideoAlana\" target=\"_blank\" rel=\"noreferrer noopener\">YouTube do\u00a0Alana<\/a><\/strong><\/p>\n\n\n\n<p>Evento gratuito, com certificado para os participantes, tradu\u00e7\u00e3o em libras e legendagem em tempo real<\/p>\n\n\n\n<p><strong>Para mais informa\u00e7\u00f5es e inscri\u00e7\u00f5es, acesse\u00a0<a href=\"https:\/\/criancaenatureza.org.br\/festival\/\">criancaenatureza.org.br\/festival<\/a><\/strong><\/p>\n\n\n\n<p><strong><em>Fonte: <a href=\"https:\/\/ciclovivo.com.br\/fique-ligado\/eventos\/instituto-alana-e-sesc-sp-realizam-festival-crianca-e-natureza-2021\/\">CicloVivo<\/a><\/em><\/strong><\/p>\n","protected":false},"excerpt":{"rendered":"<p>On-line e gratuito, evento busca caminhos para garantir mais crian\u00e7as na natureza e mais natureza para as crian\u00e7as Cada vez mais, evid\u00eancias cient\u00edficas comprovam os benef\u00edcios do conv\u00edvio cotidiano com a natureza para o desenvolvimento integral das crian\u00e7as. O contato com a natureza desde a inf\u00e2ncia, previne e melhora o controle de doen\u00e7as cr\u00f4nicas, como [&hellip;]<\/p>\n","protected":false},"author":2,"featured_media":21896,"comment_status":"open","ping_status":"open","sticky":false,"template":"","format":"standard","meta":{"footnotes":""},"categories":[42],"tags":[10691,10692,10694,10693],"class_list":["post-21891","post","type-post","status-publish","format-standard","has-post-thumbnail","hentry","category-bem-estar","tag-festival-crianca-e-natureza-2021","tag-instituto-alana","tag-natureza-e-crianca","tag-sesc-sp"],"yoast_head":"<!-- This site is optimized with the Yoast SEO plugin v26.5 - https:\/\/yoast.com\/wordpress\/plugins\/seo\/ -->\n<title>Instituto Alana e Sesc SP realizam Festival Crian\u00e7a e Natureza 2021 - Jornal Fatos e Not\u00edcias<\/title>\n<meta name=\"robots\" content=\"index, follow, max-snippet:-1, max-image-preview:large, max-video-preview:-1\" \/>\n<link rel=\"canonical\" href=\"https:\/\/jornalfatosenoticias.com.br\/index.php\/2021\/08\/16\/instituto-alana-e-sesc-sp-realizam-festival-crianca-e-natureza-2021\/\" \/>\n<meta property=\"og:locale\" content=\"pt_BR\" \/>\n<meta property=\"og:type\" content=\"article\" \/>\n<meta property=\"og:title\" content=\"Instituto Alana e Sesc SP realizam Festival Crian\u00e7a e Natureza 2021 - Jornal Fatos e Not\u00edcias\" \/>\n<meta property=\"og:description\" content=\"On-line e gratuito, evento busca caminhos para garantir mais crian\u00e7as na natureza e mais natureza para as crian\u00e7as Cada vez mais, evid\u00eancias cient\u00edficas comprovam os benef\u00edcios do conv\u00edvio cotidiano com a natureza para o desenvolvimento integral das crian\u00e7as. O contato com a natureza desde a inf\u00e2ncia, previne e melhora o controle de doen\u00e7as cr\u00f4nicas, como [&hellip;]\" \/>\n<meta property=\"og:url\" content=\"https:\/\/jornalfatosenoticias.com.br\/index.php\/2021\/08\/16\/instituto-alana-e-sesc-sp-realizam-festival-crianca-e-natureza-2021\/\" \/>\n<meta property=\"og:site_name\" content=\"Jornal Fatos e Not\u00edcias\" \/>\n<meta property=\"article:published_time\" content=\"2021-08-16T18:39:53+00:00\" \/>\n<meta property=\"article:modified_time\" content=\"2021-08-16T18:39:54+00:00\" \/>\n<meta property=\"og:image\" content=\"https:\/\/jornalfatosenoticias.com.br\/wp-content\/uploads\/2021\/08\/crianca-natureza-ksenia-makagonova-unsplash.jpg\" \/>\n\t<meta property=\"og:image:width\" content=\"1000\" \/>\n\t<meta property=\"og:image:height\" content=\"644\" \/>\n\t<meta property=\"og:image:type\" content=\"image\/jpeg\" \/>\n<meta name=\"author\" content=\"Luzimara Fernandes\" \/>\n<meta name=\"twitter:card\" content=\"summary_large_image\" \/>\n<meta name=\"twitter:label1\" content=\"Escrito por\" \/>\n\t<meta name=\"twitter:data1\" content=\"Luzimara Fernandes\" \/>\n\t<meta name=\"twitter:label2\" content=\"Est. tempo de leitura\" \/>\n\t<meta name=\"twitter:data2\" content=\"6 minutos\" \/>\n<script type=\"application\/ld+json\" class=\"yoast-schema-graph\">{\"@context\":\"https:\/\/schema.org\",\"@graph\":[{\"@type\":\"Article\",\"@id\":\"https:\/\/jornalfatosenoticias.com.br\/index.php\/2021\/08\/16\/instituto-alana-e-sesc-sp-realizam-festival-crianca-e-natureza-2021\/#article\",\"isPartOf\":{\"@id\":\"https:\/\/jornalfatosenoticias.com.br\/index.php\/2021\/08\/16\/instituto-alana-e-sesc-sp-realizam-festival-crianca-e-natureza-2021\/\"},\"author\":{\"name\":\"Luzimara Fernandes\",\"@id\":\"https:\/\/jornalfatosenoticias.com.br\/#\/schema\/person\/d63837fa13ac8666eb9e74e0985d6f81\"},\"headline\":\"Instituto Alana e Sesc SP realizam Festival Crian\u00e7a e Natureza 2021\",\"datePublished\":\"2021-08-16T18:39:53+00:00\",\"dateModified\":\"2021-08-16T18:39:54+00:00\",\"mainEntityOfPage\":{\"@id\":\"https:\/\/jornalfatosenoticias.com.br\/index.php\/2021\/08\/16\/instituto-alana-e-sesc-sp-realizam-festival-crianca-e-natureza-2021\/\"},\"wordCount\":1163,\"commentCount\":0,\"publisher\":{\"@id\":\"https:\/\/jornalfatosenoticias.com.br\/#organization\"},\"image\":{\"@id\":\"https:\/\/jornalfatosenoticias.com.br\/index.php\/2021\/08\/16\/instituto-alana-e-sesc-sp-realizam-festival-crianca-e-natureza-2021\/#primaryimage\"},\"thumbnailUrl\":\"https:\/\/jornalfatosenoticias.com.br\/wp-content\/uploads\/2021\/08\/crianca-natureza-ksenia-makagonova-unsplash.jpg\",\"keywords\":[\"Festival Crian\u00e7a e Natureza 2021\",\"Instituto Alana\",\"natureza e crian\u00e7a\",\"Sesc SP\"],\"articleSection\":[\"Bem-estar\"],\"inLanguage\":\"pt-BR\",\"potentialAction\":[{\"@type\":\"CommentAction\",\"name\":\"Comment\",\"target\":[\"https:\/\/jornalfatosenoticias.com.br\/index.php\/2021\/08\/16\/instituto-alana-e-sesc-sp-realizam-festival-crianca-e-natureza-2021\/#respond\"]}]},{\"@type\":\"WebPage\",\"@id\":\"https:\/\/jornalfatosenoticias.com.br\/index.php\/2021\/08\/16\/instituto-alana-e-sesc-sp-realizam-festival-crianca-e-natureza-2021\/\",\"url\":\"https:\/\/jornalfatosenoticias.com.br\/index.php\/2021\/08\/16\/instituto-alana-e-sesc-sp-realizam-festival-crianca-e-natureza-2021\/\",\"name\":\"Instituto Alana e Sesc SP realizam Festival Crian\u00e7a e Natureza 2021 - Jornal Fatos e Not\u00edcias\",\"isPartOf\":{\"@id\":\"https:\/\/jornalfatosenoticias.com.br\/#website\"},\"primaryImageOfPage\":{\"@id\":\"https:\/\/jornalfatosenoticias.com.br\/index.php\/2021\/08\/16\/instituto-alana-e-sesc-sp-realizam-festival-crianca-e-natureza-2021\/#primaryimage\"},\"image\":{\"@id\":\"https:\/\/jornalfatosenoticias.com.br\/index.php\/2021\/08\/16\/instituto-alana-e-sesc-sp-realizam-festival-crianca-e-natureza-2021\/#primaryimage\"},\"thumbnailUrl\":\"https:\/\/jornalfatosenoticias.com.br\/wp-content\/uploads\/2021\/08\/crianca-natureza-ksenia-makagonova-unsplash.jpg\",\"datePublished\":\"2021-08-16T18:39:53+00:00\",\"dateModified\":\"2021-08-16T18:39:54+00:00\",\"breadcrumb\":{\"@id\":\"https:\/\/jornalfatosenoticias.com.br\/index.php\/2021\/08\/16\/instituto-alana-e-sesc-sp-realizam-festival-crianca-e-natureza-2021\/#breadcrumb\"},\"inLanguage\":\"pt-BR\",\"potentialAction\":[{\"@type\":\"ReadAction\",\"target\":[\"https:\/\/jornalfatosenoticias.com.br\/index.php\/2021\/08\/16\/instituto-alana-e-sesc-sp-realizam-festival-crianca-e-natureza-2021\/\"]}]},{\"@type\":\"ImageObject\",\"inLanguage\":\"pt-BR\",\"@id\":\"https:\/\/jornalfatosenoticias.com.br\/index.php\/2021\/08\/16\/instituto-alana-e-sesc-sp-realizam-festival-crianca-e-natureza-2021\/#primaryimage\",\"url\":\"https:\/\/jornalfatosenoticias.com.br\/wp-content\/uploads\/2021\/08\/crianca-natureza-ksenia-makagonova-unsplash.jpg\",\"contentUrl\":\"https:\/\/jornalfatosenoticias.com.br\/wp-content\/uploads\/2021\/08\/crianca-natureza-ksenia-makagonova-unsplash.jpg\",\"width\":1000,\"height\":644},{\"@type\":\"BreadcrumbList\",\"@id\":\"https:\/\/jornalfatosenoticias.com.br\/index.php\/2021\/08\/16\/instituto-alana-e-sesc-sp-realizam-festival-crianca-e-natureza-2021\/#breadcrumb\",\"itemListElement\":[{\"@type\":\"ListItem\",\"position\":1,\"name\":\"In\u00edcio\",\"item\":\"https:\/\/jornalfatosenoticias.com.br\/\"},{\"@type\":\"ListItem\",\"position\":2,\"name\":\"Instituto Alana e Sesc SP realizam Festival Crian\u00e7a e Natureza 2021\"}]},{\"@type\":\"WebSite\",\"@id\":\"https:\/\/jornalfatosenoticias.com.br\/#website\",\"url\":\"https:\/\/jornalfatosenoticias.com.br\/\",\"name\":\"Jornal Fatos e Not\u00edcias\",\"description\":\"Not\u00edcias em geral\",\"publisher\":{\"@id\":\"https:\/\/jornalfatosenoticias.com.br\/#organization\"},\"potentialAction\":[{\"@type\":\"SearchAction\",\"target\":{\"@type\":\"EntryPoint\",\"urlTemplate\":\"https:\/\/jornalfatosenoticias.com.br\/?s={search_term_string}\"},\"query-input\":{\"@type\":\"PropertyValueSpecification\",\"valueRequired\":true,\"valueName\":\"search_term_string\"}}],\"inLanguage\":\"pt-BR\"},{\"@type\":\"Organization\",\"@id\":\"https:\/\/jornalfatosenoticias.com.br\/#organization\",\"name\":\"Jornal Fatos e Not\u00edcias\",\"url\":\"https:\/\/jornalfatosenoticias.com.br\/\",\"logo\":{\"@type\":\"ImageObject\",\"inLanguage\":\"pt-BR\",\"@id\":\"https:\/\/jornalfatosenoticias.com.br\/#\/schema\/logo\/image\/\",\"url\":\"https:\/\/jornalfatosenoticias.com.br\/wp-content\/uploads\/2020\/02\/logo120.png\",\"contentUrl\":\"https:\/\/jornalfatosenoticias.com.br\/wp-content\/uploads\/2020\/02\/logo120.png\",\"width\":1227,\"height\":120,\"caption\":\"Jornal Fatos e Not\u00edcias\"},\"image\":{\"@id\":\"https:\/\/jornalfatosenoticias.com.br\/#\/schema\/logo\/image\/\"}},{\"@type\":\"Person\",\"@id\":\"https:\/\/jornalfatosenoticias.com.br\/#\/schema\/person\/d63837fa13ac8666eb9e74e0985d6f81\",\"name\":\"Luzimara Fernandes\",\"image\":{\"@type\":\"ImageObject\",\"inLanguage\":\"pt-BR\",\"@id\":\"https:\/\/jornalfatosenoticias.com.br\/#\/schema\/person\/image\/\",\"url\":\"https:\/\/jornalfatosenoticias.com.br\/wp-content\/uploads\/2025\/05\/EU_portal.jpg\",\"contentUrl\":\"https:\/\/jornalfatosenoticias.com.br\/wp-content\/uploads\/2025\/05\/EU_portal.jpg\",\"caption\":\"Luzimara Fernandes\"},\"description\":\"Jornalista MTB 2358-ES\",\"sameAs\":[\"https:\/\/jornalfatosenoticias.com.br\"],\"url\":\"https:\/\/jornalfatosenoticias.com.br\/index.php\/author\/luzimara\/\"}]}<\/script>\n<!-- \/ Yoast SEO plugin. -->","yoast_head_json":{"title":"Instituto Alana e Sesc SP realizam Festival Crian\u00e7a e Natureza 2021 - Jornal Fatos e Not\u00edcias","robots":{"index":"index","follow":"follow","max-snippet":"max-snippet:-1","max-image-preview":"max-image-preview:large","max-video-preview":"max-video-preview:-1"},"canonical":"https:\/\/jornalfatosenoticias.com.br\/index.php\/2021\/08\/16\/instituto-alana-e-sesc-sp-realizam-festival-crianca-e-natureza-2021\/","og_locale":"pt_BR","og_type":"article","og_title":"Instituto Alana e Sesc SP realizam Festival Crian\u00e7a e Natureza 2021 - Jornal Fatos e Not\u00edcias","og_description":"On-line e gratuito, evento busca caminhos para garantir mais crian\u00e7as na natureza e mais natureza para as crian\u00e7as Cada vez mais, evid\u00eancias cient\u00edficas comprovam os benef\u00edcios do conv\u00edvio cotidiano com a natureza para o desenvolvimento integral das crian\u00e7as. O contato com a natureza desde a inf\u00e2ncia, previne e melhora o controle de doen\u00e7as cr\u00f4nicas, como [&hellip;]","og_url":"https:\/\/jornalfatosenoticias.com.br\/index.php\/2021\/08\/16\/instituto-alana-e-sesc-sp-realizam-festival-crianca-e-natureza-2021\/","og_site_name":"Jornal Fatos e Not\u00edcias","article_published_time":"2021-08-16T18:39:53+00:00","article_modified_time":"2021-08-16T18:39:54+00:00","og_image":[{"width":1000,"height":644,"url":"https:\/\/jornalfatosenoticias.com.br\/wp-content\/uploads\/2021\/08\/crianca-natureza-ksenia-makagonova-unsplash.jpg","type":"image\/jpeg"}],"author":"Luzimara Fernandes","twitter_card":"summary_large_image","twitter_misc":{"Escrito por":"Luzimara Fernandes","Est. tempo de leitura":"6 minutos"},"schema":{"@context":"https:\/\/schema.org","@graph":[{"@type":"Article","@id":"https:\/\/jornalfatosenoticias.com.br\/index.php\/2021\/08\/16\/instituto-alana-e-sesc-sp-realizam-festival-crianca-e-natureza-2021\/#article","isPartOf":{"@id":"https:\/\/jornalfatosenoticias.com.br\/index.php\/2021\/08\/16\/instituto-alana-e-sesc-sp-realizam-festival-crianca-e-natureza-2021\/"},"author":{"name":"Luzimara Fernandes","@id":"https:\/\/jornalfatosenoticias.com.br\/#\/schema\/person\/d63837fa13ac8666eb9e74e0985d6f81"},"headline":"Instituto Alana e Sesc SP realizam Festival Crian\u00e7a e Natureza 2021","datePublished":"2021-08-16T18:39:53+00:00","dateModified":"2021-08-16T18:39:54+00:00","mainEntityOfPage":{"@id":"https:\/\/jornalfatosenoticias.com.br\/index.php\/2021\/08\/16\/instituto-alana-e-sesc-sp-realizam-festival-crianca-e-natureza-2021\/"},"wordCount":1163,"commentCount":0,"publisher":{"@id":"https:\/\/jornalfatosenoticias.com.br\/#organization"},"image":{"@id":"https:\/\/jornalfatosenoticias.com.br\/index.php\/2021\/08\/16\/instituto-alana-e-sesc-sp-realizam-festival-crianca-e-natureza-2021\/#primaryimage"},"thumbnailUrl":"https:\/\/jornalfatosenoticias.com.br\/wp-content\/uploads\/2021\/08\/crianca-natureza-ksenia-makagonova-unsplash.jpg","keywords":["Festival Crian\u00e7a e Natureza 2021","Instituto Alana","natureza e crian\u00e7a","Sesc SP"],"articleSection":["Bem-estar"],"inLanguage":"pt-BR","potentialAction":[{"@type":"CommentAction","name":"Comment","target":["https:\/\/jornalfatosenoticias.com.br\/index.php\/2021\/08\/16\/instituto-alana-e-sesc-sp-realizam-festival-crianca-e-natureza-2021\/#respond"]}]},{"@type":"WebPage","@id":"https:\/\/jornalfatosenoticias.com.br\/index.php\/2021\/08\/16\/instituto-alana-e-sesc-sp-realizam-festival-crianca-e-natureza-2021\/","url":"https:\/\/jornalfatosenoticias.com.br\/index.php\/2021\/08\/16\/instituto-alana-e-sesc-sp-realizam-festival-crianca-e-natureza-2021\/","name":"Instituto Alana e Sesc SP realizam Festival Crian\u00e7a e Natureza 2021 - Jornal Fatos e Not\u00edcias","isPartOf":{"@id":"https:\/\/jornalfatosenoticias.com.br\/#website"},"primaryImageOfPage":{"@id":"https:\/\/jornalfatosenoticias.com.br\/index.php\/2021\/08\/16\/instituto-alana-e-sesc-sp-realizam-festival-crianca-e-natureza-2021\/#primaryimage"},"image":{"@id":"https:\/\/jornalfatosenoticias.com.br\/index.php\/2021\/08\/16\/instituto-alana-e-sesc-sp-realizam-festival-crianca-e-natureza-2021\/#primaryimage"},"thumbnailUrl":"https:\/\/jornalfatosenoticias.com.br\/wp-content\/uploads\/2021\/08\/crianca-natureza-ksenia-makagonova-unsplash.jpg","datePublished":"2021-08-16T18:39:53+00:00","dateModified":"2021-08-16T18:39:54+00:00","breadcrumb":{"@id":"https:\/\/jornalfatosenoticias.com.br\/index.php\/2021\/08\/16\/instituto-alana-e-sesc-sp-realizam-festival-crianca-e-natureza-2021\/#breadcrumb"},"inLanguage":"pt-BR","potentialAction":[{"@type":"ReadAction","target":["https:\/\/jornalfatosenoticias.com.br\/index.php\/2021\/08\/16\/instituto-alana-e-sesc-sp-realizam-festival-crianca-e-natureza-2021\/"]}]},{"@type":"ImageObject","inLanguage":"pt-BR","@id":"https:\/\/jornalfatosenoticias.com.br\/index.php\/2021\/08\/16\/instituto-alana-e-sesc-sp-realizam-festival-crianca-e-natureza-2021\/#primaryimage","url":"https:\/\/jornalfatosenoticias.com.br\/wp-content\/uploads\/2021\/08\/crianca-natureza-ksenia-makagonova-unsplash.jpg","contentUrl":"https:\/\/jornalfatosenoticias.com.br\/wp-content\/uploads\/2021\/08\/crianca-natureza-ksenia-makagonova-unsplash.jpg","width":1000,"height":644},{"@type":"BreadcrumbList","@id":"https:\/\/jornalfatosenoticias.com.br\/index.php\/2021\/08\/16\/instituto-alana-e-sesc-sp-realizam-festival-crianca-e-natureza-2021\/#breadcrumb","itemListElement":[{"@type":"ListItem","position":1,"name":"In\u00edcio","item":"https:\/\/jornalfatosenoticias.com.br\/"},{"@type":"ListItem","position":2,"name":"Instituto Alana e Sesc SP realizam Festival Crian\u00e7a e Natureza 2021"}]},{"@type":"WebSite","@id":"https:\/\/jornalfatosenoticias.com.br\/#website","url":"https:\/\/jornalfatosenoticias.com.br\/","name":"Jornal Fatos e Not\u00edcias","description":"Not\u00edcias em geral","publisher":{"@id":"https:\/\/jornalfatosenoticias.com.br\/#organization"},"potentialAction":[{"@type":"SearchAction","target":{"@type":"EntryPoint","urlTemplate":"https:\/\/jornalfatosenoticias.com.br\/?s={search_term_string}"},"query-input":{"@type":"PropertyValueSpecification","valueRequired":true,"valueName":"search_term_string"}}],"inLanguage":"pt-BR"},{"@type":"Organization","@id":"https:\/\/jornalfatosenoticias.com.br\/#organization","name":"Jornal Fatos e Not\u00edcias","url":"https:\/\/jornalfatosenoticias.com.br\/","logo":{"@type":"ImageObject","inLanguage":"pt-BR","@id":"https:\/\/jornalfatosenoticias.com.br\/#\/schema\/logo\/image\/","url":"https:\/\/jornalfatosenoticias.com.br\/wp-content\/uploads\/2020\/02\/logo120.png","contentUrl":"https:\/\/jornalfatosenoticias.com.br\/wp-content\/uploads\/2020\/02\/logo120.png","width":1227,"height":120,"caption":"Jornal Fatos e Not\u00edcias"},"image":{"@id":"https:\/\/jornalfatosenoticias.com.br\/#\/schema\/logo\/image\/"}},{"@type":"Person","@id":"https:\/\/jornalfatosenoticias.com.br\/#\/schema\/person\/d63837fa13ac8666eb9e74e0985d6f81","name":"Luzimara Fernandes","image":{"@type":"ImageObject","inLanguage":"pt-BR","@id":"https:\/\/jornalfatosenoticias.com.br\/#\/schema\/person\/image\/","url":"https:\/\/jornalfatosenoticias.com.br\/wp-content\/uploads\/2025\/05\/EU_portal.jpg","contentUrl":"https:\/\/jornalfatosenoticias.com.br\/wp-content\/uploads\/2025\/05\/EU_portal.jpg","caption":"Luzimara Fernandes"},"description":"Jornalista MTB 2358-ES","sameAs":["https:\/\/jornalfatosenoticias.com.br"],"url":"https:\/\/jornalfatosenoticias.com.br\/index.php\/author\/luzimara\/"}]}},"cc_featured_image_caption":{"caption_text":"(Foto: Ksenia Makagonova\/Unsplash)","source_text":"","source_url":""},"jetpack_featured_media_url":"https:\/\/jornalfatosenoticias.com.br\/wp-content\/uploads\/2021\/08\/crianca-natureza-ksenia-makagonova-unsplash.jpg","_links":{"self":[{"href":"https:\/\/jornalfatosenoticias.com.br\/index.php\/wp-json\/wp\/v2\/posts\/21891","targetHints":{"allow":["GET"]}}],"collection":[{"href":"https:\/\/jornalfatosenoticias.com.br\/index.php\/wp-json\/wp\/v2\/posts"}],"about":[{"href":"https:\/\/jornalfatosenoticias.com.br\/index.php\/wp-json\/wp\/v2\/types\/post"}],"author":[{"embeddable":true,"href":"https:\/\/jornalfatosenoticias.com.br\/index.php\/wp-json\/wp\/v2\/users\/2"}],"replies":[{"embeddable":true,"href":"https:\/\/jornalfatosenoticias.com.br\/index.php\/wp-json\/wp\/v2\/comments?post=21891"}],"version-history":[{"count":0,"href":"https:\/\/jornalfatosenoticias.com.br\/index.php\/wp-json\/wp\/v2\/posts\/21891\/revisions"}],"wp:featuredmedia":[{"embeddable":true,"href":"https:\/\/jornalfatosenoticias.com.br\/index.php\/wp-json\/wp\/v2\/media\/21896"}],"wp:attachment":[{"href":"https:\/\/jornalfatosenoticias.com.br\/index.php\/wp-json\/wp\/v2\/media?parent=21891"}],"wp:term":[{"taxonomy":"category","embeddable":true,"href":"https:\/\/jornalfatosenoticias.com.br\/index.php\/wp-json\/wp\/v2\/categories?post=21891"},{"taxonomy":"post_tag","embeddable":true,"href":"https:\/\/jornalfatosenoticias.com.br\/index.php\/wp-json\/wp\/v2\/tags?post=21891"}],"curies":[{"name":"wp","href":"https:\/\/api.w.org\/{rel}","templated":true}]}}