{"id":21902,"date":"2021-08-16T16:01:09","date_gmt":"2021-08-16T19:01:09","guid":{"rendered":"https:\/\/jornalfatosenoticias.com.br\/?p=21902"},"modified":"2021-08-16T16:01:13","modified_gmt":"2021-08-16T19:01:13","slug":"gol-anuncia-1a-rota-carbono-neutro-do-brasil","status":"publish","type":"post","link":"https:\/\/jornalfatosenoticias.com.br\/index.php\/2021\/08\/16\/gol-anuncia-1a-rota-carbono-neutro-do-brasil\/","title":{"rendered":"Gol anuncia 1\u00aa rota carbono neutro do Brasil"},"content":{"rendered":"\n<p><em><span class=\"has-inline-color has-black-color\">A Companhia vai neutralizar as emiss\u00f5es totais de carbono de voo Recife-Fernando de Noronha<\/span><\/em><\/p>\n\n\n\n<p>No dia do anivers\u00e1rio do arquip\u00e9lago de <em>Fernando de Noronha<\/em>, em Pernambuco, que completou 518 anos na \u00faltima ter\u00e7a-feira (10), a <em>Gol Linhas A\u00e9reas<\/em> entrega um presente a esse para\u00edso tropical. De forma pioneira no Brasil, com in\u00edcio em 1\u00ba de setembro, todos os voos da <em>Gol<\/em> de ida e volta para a ilha, a partir do Recife, ter\u00e3o emiss\u00e3o neutra de carbono.<br>Esta iniciativa nasce de uma parceria entre a <em>Gol<\/em> e a <strong>MOSS<\/strong>, plataforma ambiental de cr\u00e9dito de carbono. A <strong>MOSS<\/strong> doar\u00e1 aos clientes da companhia a\u00e9rea a compensa\u00e7\u00e3o da pegada de carbono de suas viagens a <em>Fernando Noronha<\/em>, neutralizando as emiss\u00f5es totais poluentes tanto no trecho de ida, a partir de Recife, quanto no da volta para a capital pernambucana.<\/p>\n\n\n\n<p><strong><span class=\"has-inline-color has-black-color\">Compensando o planeta<br><\/span><\/strong>Desde o dia 5 de junho de 2021, os clientes da <em>Gol<\/em> podem voluntariamente compensar a emiss\u00e3o de carbono de suas viagens. Tal possibilidade, estabelecida tamb\u00e9m em parceria com a <strong>MOSS<\/strong>, \u00e9 in\u00e9dita na Am\u00e9rica Latina. #MeuVooCompensa \u00e9 o t\u00edtulo dado \u00e0 iniciativa e \u00e0 campanha. Veja aqui\u00a0<a href=\"https:\/\/ciclovivo.com.br\/planeta\/crise-climatica\/gol-compensar-emissoes-viagens\/\" target=\"_blank\" rel=\"noreferrer noopener\">como funciona a compensa\u00e7\u00e3o de voos<\/a>\u00a0nacionais e internacionais.\u00a0<br>No caso da a\u00e7\u00e3o em Pernambuco, ao comprarem os bilhetes para a ilha, todos os passageiros ter\u00e3o o direito de resgatar com a <strong>MOSS<\/strong> o certificado de cr\u00e9ditos de carbono j\u00e1 compensados relativos aos seus voos, com o acr\u00e9scimo de um convite para, se for do interesse do cliente, comprar o <em>MCO\u2082<\/em> para neutralizar as demais rotas que comp\u00f5em sua viagem: S\u00e3o Paulo-Recife, Porto Alegre-Recife e Belo Horizonte-Recife, por exemplo, assim como a volta.<\/p>\n\n\n\n<div class=\"wp-block-image is-style-default\"><figure class=\"alignleft size-large\"><img loading=\"lazy\" decoding=\"async\" width=\"300\" height=\"210\" src=\"https:\/\/jornalfatosenoticias.com.br\/wp-content\/uploads\/2021\/08\/carbono-gol-2.jpg\" alt=\"\" class=\"wp-image-21903\"\/><\/figure><\/div>\n\n\n\n<p>O investimento da <em>Gol<\/em> e <strong>MOSS<\/strong> no carbono neutro em Noronha joga luz sobre a responsabilidade compartilhada: mitigar o impacto dos voos nas mudan\u00e7as clim\u00e1ticas globais deve ser uma preocupa\u00e7\u00e3o de cada pessoa que utiliza o servi\u00e7o.<br>Das emiss\u00f5es totais em <em>Fernando de Noronha<\/em>, mais da metade prov\u00eam do transporte a\u00e9reo que serve \u00e0 ilha, o principal meio de transporte. A <em>Gol<\/em> hoje opera um voo di\u00e1rio de ida e volta para o arquip\u00e9lago. \u201cCada ida e volta ao arquip\u00e9lago deixa uma pegada ambiental m\u00e9dia de 14,18 toneladas de CO\u2082 e, em compara\u00e7\u00e3o, a cada 25 idas e voltas garantiremos um hectare de <em>Floresta Amaz\u00f4nica<\/em> preservada. S\u00f3 no primeiro semestre de 2021, a <em>Gol<\/em> transportou 35 mil passageiros para Noronha \u2014 uma m\u00e9dia de 5.830\/m\u00eas \u2014 al\u00e9m de 89 mil quilos de cargas diversas e essenciais dados da Ag\u00eancia Nacional de Avia\u00e7\u00e3o Civil (<strong>Anac<\/strong>)\u201d, explica a empresa.<\/p>\n\n\n\n<blockquote class=\"wp-block-quote is-layout-flow wp-block-quote-is-layout-flow\"><p><span class=\"has-inline-color has-luminous-vivid-orange-color\">\u201cEnquanto a Companhia n\u00e3o opera em Noronha fazendo uso do combust\u00edvel sustent\u00e1vel de avia\u00e7\u00e3o \u2014 a solu\u00e7\u00e3o definitiva para as emiss\u00f5es de carbono \u2014 a compensa\u00e7\u00e3o autom\u00e1tica da pegada carb\u00f4nica dos trechos voados pelos clientes \u00e9 uma grande aliada para minimizar os impactos no meio ambiente\u201d, afirma Pedro Scorza, comandante e assessor de projetos ambientais da Gol.<\/span><\/p><\/blockquote>\n\n\n\n<p><strong><span class=\"has-inline-color has-black-color\">Noronha: carbono zero at\u00e9 2030<br><\/span><\/strong>Os voos com carbono neutro rumo a Noronha, al\u00e9m de estarem de acordo com as normas e tend\u00eancias mundiais de preserva\u00e7\u00e3o do meio ambiente, s\u00e3o um refor\u00e7o para que a ilha cumpra sua meta do programa Carbono Zero. De acordo com o decreto estadual n\u00ba 306\/2019 (Projeto de Lei Ordin\u00e1ria), ser\u00e1 proibida a entrada, a partir de 10 de agosto de 2022, de carros que fazem a emiss\u00e3o de di\u00f3xido de carbono. E, a partir de 2030, todos os ve\u00edculos movidos a gasolina, \u00e1lcool e \u00f3leo diesel dever\u00e3o ser retirados da ilha.<\/p>\n\n\n\n<blockquote class=\"wp-block-quote is-layout-flow wp-block-quote-is-layout-flow\"><p><span class=\"has-inline-color has-luminous-vivid-orange-color\">\u201cFernando de Noronha \u00e9 um dos destinos indutores do Turismo de Pernambuco e todas as a\u00e7\u00f5es de sustentabilidade ambiental, tanto do governo do Estado quanto da iniciativa privada, colaboram muito para que a ilha atraia cada vez mais visitantes. A Gol est\u00e1 de parab\u00e9ns por anunciar o voo carbono neutro\u201d, destaca o secret\u00e1rio de Turismo e Lazer, Rodrigo Novaes.<\/span><\/p><\/blockquote>\n\n\n\n<p><strong><em>Fonte: <a href=\"https:\/\/ciclovivo.com.br\/inovacao\/negocios\/gol-rota-carbono-neutro-brasil\/\">CicloVivo<\/a><\/em><\/strong><\/p>\n","protected":false},"excerpt":{"rendered":"<p>A Companhia vai neutralizar as emiss\u00f5es totais de carbono de voo Recife-Fernando de Noronha No dia do anivers\u00e1rio do arquip\u00e9lago de Fernando de Noronha, em Pernambuco, que completou 518 anos na \u00faltima ter\u00e7a-feira (10), a Gol Linhas A\u00e9reas entrega um presente a esse para\u00edso tropical. De forma pioneira no Brasil, com in\u00edcio em 1\u00ba de [&hellip;]<\/p>\n","protected":false},"author":2,"featured_media":21904,"comment_status":"open","ping_status":"open","sticky":false,"template":"","format":"standard","meta":{"footnotes":""},"categories":[3],"tags":[2016,10697,10699,2012,10698,10700],"class_list":["post-21902","post","type-post","status-publish","format-standard","has-post-thumbnail","hentry","category-tecnologia","tag-arquipelago","tag-carbono-neutro","tag-emissao-neutra-de-carbono","tag-fernando-de-noronha","tag-gol-linhas-aereas","tag-moss"],"yoast_head":"<!-- This site is optimized with the Yoast SEO plugin v26.5 - https:\/\/yoast.com\/wordpress\/plugins\/seo\/ -->\n<title>Gol anuncia 1\u00aa rota carbono neutro do Brasil - Jornal Fatos e Not\u00edcias<\/title>\n<meta name=\"robots\" content=\"index, follow, max-snippet:-1, max-image-preview:large, max-video-preview:-1\" \/>\n<link rel=\"canonical\" href=\"https:\/\/jornalfatosenoticias.com.br\/index.php\/2021\/08\/16\/gol-anuncia-1a-rota-carbono-neutro-do-brasil\/\" \/>\n<meta property=\"og:locale\" content=\"pt_BR\" \/>\n<meta property=\"og:type\" content=\"article\" \/>\n<meta property=\"og:title\" content=\"Gol anuncia 1\u00aa rota carbono neutro do Brasil - Jornal Fatos e Not\u00edcias\" \/>\n<meta property=\"og:description\" content=\"A Companhia vai neutralizar as emiss\u00f5es totais de carbono de voo Recife-Fernando de Noronha No dia do anivers\u00e1rio do arquip\u00e9lago de Fernando de Noronha, em Pernambuco, que completou 518 anos na \u00faltima ter\u00e7a-feira (10), a Gol Linhas A\u00e9reas entrega um presente a esse para\u00edso tropical. De forma pioneira no Brasil, com in\u00edcio em 1\u00ba de [&hellip;]\" \/>\n<meta property=\"og:url\" content=\"https:\/\/jornalfatosenoticias.com.br\/index.php\/2021\/08\/16\/gol-anuncia-1a-rota-carbono-neutro-do-brasil\/\" \/>\n<meta property=\"og:site_name\" content=\"Jornal Fatos e Not\u00edcias\" \/>\n<meta property=\"article:published_time\" content=\"2021-08-16T19:01:09+00:00\" \/>\n<meta property=\"article:modified_time\" content=\"2021-08-16T19:01:13+00:00\" \/>\n<meta property=\"og:image\" content=\"https:\/\/jornalfatosenoticias.com.br\/wp-content\/uploads\/2021\/08\/carbono-gol.jpg\" \/>\n\t<meta property=\"og:image:width\" content=\"1000\" \/>\n\t<meta property=\"og:image:height\" content=\"571\" \/>\n\t<meta property=\"og:image:type\" content=\"image\/jpeg\" \/>\n<meta name=\"author\" content=\"Luzimara Fernandes\" \/>\n<meta name=\"twitter:card\" content=\"summary_large_image\" \/>\n<meta name=\"twitter:label1\" content=\"Escrito por\" \/>\n\t<meta name=\"twitter:data1\" content=\"Luzimara Fernandes\" \/>\n\t<meta name=\"twitter:label2\" content=\"Est. tempo de leitura\" \/>\n\t<meta name=\"twitter:data2\" content=\"3 minutos\" \/>\n<script type=\"application\/ld+json\" class=\"yoast-schema-graph\">{\"@context\":\"https:\/\/schema.org\",\"@graph\":[{\"@type\":\"Article\",\"@id\":\"https:\/\/jornalfatosenoticias.com.br\/index.php\/2021\/08\/16\/gol-anuncia-1a-rota-carbono-neutro-do-brasil\/#article\",\"isPartOf\":{\"@id\":\"https:\/\/jornalfatosenoticias.com.br\/index.php\/2021\/08\/16\/gol-anuncia-1a-rota-carbono-neutro-do-brasil\/\"},\"author\":{\"name\":\"Luzimara Fernandes\",\"@id\":\"https:\/\/jornalfatosenoticias.com.br\/#\/schema\/person\/d63837fa13ac8666eb9e74e0985d6f81\"},\"headline\":\"Gol anuncia 1\u00aa rota carbono neutro do Brasil\",\"datePublished\":\"2021-08-16T19:01:09+00:00\",\"dateModified\":\"2021-08-16T19:01:13+00:00\",\"mainEntityOfPage\":{\"@id\":\"https:\/\/jornalfatosenoticias.com.br\/index.php\/2021\/08\/16\/gol-anuncia-1a-rota-carbono-neutro-do-brasil\/\"},\"wordCount\":679,\"commentCount\":0,\"publisher\":{\"@id\":\"https:\/\/jornalfatosenoticias.com.br\/#organization\"},\"image\":{\"@id\":\"https:\/\/jornalfatosenoticias.com.br\/index.php\/2021\/08\/16\/gol-anuncia-1a-rota-carbono-neutro-do-brasil\/#primaryimage\"},\"thumbnailUrl\":\"https:\/\/jornalfatosenoticias.com.br\/wp-content\/uploads\/2021\/08\/carbono-gol.jpg\",\"keywords\":[\"arquip\u00e9lago\",\"carbono neutro\",\"emiss\u00e3o neutra de carbono\",\"Fernando de Noronha\",\"Gol Linhas A\u00e9reas\",\"MOSS\"],\"articleSection\":[\"Tecnologia &amp; Inova\u00e7\u00e3o\"],\"inLanguage\":\"pt-BR\",\"potentialAction\":[{\"@type\":\"CommentAction\",\"name\":\"Comment\",\"target\":[\"https:\/\/jornalfatosenoticias.com.br\/index.php\/2021\/08\/16\/gol-anuncia-1a-rota-carbono-neutro-do-brasil\/#respond\"]}]},{\"@type\":\"WebPage\",\"@id\":\"https:\/\/jornalfatosenoticias.com.br\/index.php\/2021\/08\/16\/gol-anuncia-1a-rota-carbono-neutro-do-brasil\/\",\"url\":\"https:\/\/jornalfatosenoticias.com.br\/index.php\/2021\/08\/16\/gol-anuncia-1a-rota-carbono-neutro-do-brasil\/\",\"name\":\"Gol anuncia 1\u00aa rota carbono neutro do Brasil - Jornal Fatos e Not\u00edcias\",\"isPartOf\":{\"@id\":\"https:\/\/jornalfatosenoticias.com.br\/#website\"},\"primaryImageOfPage\":{\"@id\":\"https:\/\/jornalfatosenoticias.com.br\/index.php\/2021\/08\/16\/gol-anuncia-1a-rota-carbono-neutro-do-brasil\/#primaryimage\"},\"image\":{\"@id\":\"https:\/\/jornalfatosenoticias.com.br\/index.php\/2021\/08\/16\/gol-anuncia-1a-rota-carbono-neutro-do-brasil\/#primaryimage\"},\"thumbnailUrl\":\"https:\/\/jornalfatosenoticias.com.br\/wp-content\/uploads\/2021\/08\/carbono-gol.jpg\",\"datePublished\":\"2021-08-16T19:01:09+00:00\",\"dateModified\":\"2021-08-16T19:01:13+00:00\",\"breadcrumb\":{\"@id\":\"https:\/\/jornalfatosenoticias.com.br\/index.php\/2021\/08\/16\/gol-anuncia-1a-rota-carbono-neutro-do-brasil\/#breadcrumb\"},\"inLanguage\":\"pt-BR\",\"potentialAction\":[{\"@type\":\"ReadAction\",\"target\":[\"https:\/\/jornalfatosenoticias.com.br\/index.php\/2021\/08\/16\/gol-anuncia-1a-rota-carbono-neutro-do-brasil\/\"]}]},{\"@type\":\"ImageObject\",\"inLanguage\":\"pt-BR\",\"@id\":\"https:\/\/jornalfatosenoticias.com.br\/index.php\/2021\/08\/16\/gol-anuncia-1a-rota-carbono-neutro-do-brasil\/#primaryimage\",\"url\":\"https:\/\/jornalfatosenoticias.com.br\/wp-content\/uploads\/2021\/08\/carbono-gol.jpg\",\"contentUrl\":\"https:\/\/jornalfatosenoticias.com.br\/wp-content\/uploads\/2021\/08\/carbono-gol.jpg\",\"width\":1000,\"height\":571},{\"@type\":\"BreadcrumbList\",\"@id\":\"https:\/\/jornalfatosenoticias.com.br\/index.php\/2021\/08\/16\/gol-anuncia-1a-rota-carbono-neutro-do-brasil\/#breadcrumb\",\"itemListElement\":[{\"@type\":\"ListItem\",\"position\":1,\"name\":\"In\u00edcio\",\"item\":\"https:\/\/jornalfatosenoticias.com.br\/\"},{\"@type\":\"ListItem\",\"position\":2,\"name\":\"Gol anuncia 1\u00aa rota carbono neutro do Brasil\"}]},{\"@type\":\"WebSite\",\"@id\":\"https:\/\/jornalfatosenoticias.com.br\/#website\",\"url\":\"https:\/\/jornalfatosenoticias.com.br\/\",\"name\":\"Jornal Fatos e Not\u00edcias\",\"description\":\"Not\u00edcias em geral\",\"publisher\":{\"@id\":\"https:\/\/jornalfatosenoticias.com.br\/#organization\"},\"potentialAction\":[{\"@type\":\"SearchAction\",\"target\":{\"@type\":\"EntryPoint\",\"urlTemplate\":\"https:\/\/jornalfatosenoticias.com.br\/?s={search_term_string}\"},\"query-input\":{\"@type\":\"PropertyValueSpecification\",\"valueRequired\":true,\"valueName\":\"search_term_string\"}}],\"inLanguage\":\"pt-BR\"},{\"@type\":\"Organization\",\"@id\":\"https:\/\/jornalfatosenoticias.com.br\/#organization\",\"name\":\"Jornal Fatos e Not\u00edcias\",\"url\":\"https:\/\/jornalfatosenoticias.com.br\/\",\"logo\":{\"@type\":\"ImageObject\",\"inLanguage\":\"pt-BR\",\"@id\":\"https:\/\/jornalfatosenoticias.com.br\/#\/schema\/logo\/image\/\",\"url\":\"https:\/\/jornalfatosenoticias.com.br\/wp-content\/uploads\/2020\/02\/logo120.png\",\"contentUrl\":\"https:\/\/jornalfatosenoticias.com.br\/wp-content\/uploads\/2020\/02\/logo120.png\",\"width\":1227,\"height\":120,\"caption\":\"Jornal Fatos e Not\u00edcias\"},\"image\":{\"@id\":\"https:\/\/jornalfatosenoticias.com.br\/#\/schema\/logo\/image\/\"}},{\"@type\":\"Person\",\"@id\":\"https:\/\/jornalfatosenoticias.com.br\/#\/schema\/person\/d63837fa13ac8666eb9e74e0985d6f81\",\"name\":\"Luzimara Fernandes\",\"image\":{\"@type\":\"ImageObject\",\"inLanguage\":\"pt-BR\",\"@id\":\"https:\/\/jornalfatosenoticias.com.br\/#\/schema\/person\/image\/\",\"url\":\"https:\/\/jornalfatosenoticias.com.br\/wp-content\/uploads\/2025\/05\/EU_portal.jpg\",\"contentUrl\":\"https:\/\/jornalfatosenoticias.com.br\/wp-content\/uploads\/2025\/05\/EU_portal.jpg\",\"caption\":\"Luzimara Fernandes\"},\"description\":\"Jornalista MTB 2358-ES\",\"sameAs\":[\"https:\/\/jornalfatosenoticias.com.br\"],\"url\":\"https:\/\/jornalfatosenoticias.com.br\/index.php\/author\/luzimara\/\"}]}<\/script>\n<!-- \/ Yoast SEO plugin. -->","yoast_head_json":{"title":"Gol anuncia 1\u00aa rota carbono neutro do Brasil - Jornal Fatos e Not\u00edcias","robots":{"index":"index","follow":"follow","max-snippet":"max-snippet:-1","max-image-preview":"max-image-preview:large","max-video-preview":"max-video-preview:-1"},"canonical":"https:\/\/jornalfatosenoticias.com.br\/index.php\/2021\/08\/16\/gol-anuncia-1a-rota-carbono-neutro-do-brasil\/","og_locale":"pt_BR","og_type":"article","og_title":"Gol anuncia 1\u00aa rota carbono neutro do Brasil - Jornal Fatos e Not\u00edcias","og_description":"A Companhia vai neutralizar as emiss\u00f5es totais de carbono de voo Recife-Fernando de Noronha No dia do anivers\u00e1rio do arquip\u00e9lago de Fernando de Noronha, em Pernambuco, que completou 518 anos na \u00faltima ter\u00e7a-feira (10), a Gol Linhas A\u00e9reas entrega um presente a esse para\u00edso tropical. De forma pioneira no Brasil, com in\u00edcio em 1\u00ba de [&hellip;]","og_url":"https:\/\/jornalfatosenoticias.com.br\/index.php\/2021\/08\/16\/gol-anuncia-1a-rota-carbono-neutro-do-brasil\/","og_site_name":"Jornal Fatos e Not\u00edcias","article_published_time":"2021-08-16T19:01:09+00:00","article_modified_time":"2021-08-16T19:01:13+00:00","og_image":[{"width":1000,"height":571,"url":"https:\/\/jornalfatosenoticias.com.br\/wp-content\/uploads\/2021\/08\/carbono-gol.jpg","type":"image\/jpeg"}],"author":"Luzimara Fernandes","twitter_card":"summary_large_image","twitter_misc":{"Escrito por":"Luzimara Fernandes","Est. tempo de leitura":"3 minutos"},"schema":{"@context":"https:\/\/schema.org","@graph":[{"@type":"Article","@id":"https:\/\/jornalfatosenoticias.com.br\/index.php\/2021\/08\/16\/gol-anuncia-1a-rota-carbono-neutro-do-brasil\/#article","isPartOf":{"@id":"https:\/\/jornalfatosenoticias.com.br\/index.php\/2021\/08\/16\/gol-anuncia-1a-rota-carbono-neutro-do-brasil\/"},"author":{"name":"Luzimara Fernandes","@id":"https:\/\/jornalfatosenoticias.com.br\/#\/schema\/person\/d63837fa13ac8666eb9e74e0985d6f81"},"headline":"Gol anuncia 1\u00aa rota carbono neutro do Brasil","datePublished":"2021-08-16T19:01:09+00:00","dateModified":"2021-08-16T19:01:13+00:00","mainEntityOfPage":{"@id":"https:\/\/jornalfatosenoticias.com.br\/index.php\/2021\/08\/16\/gol-anuncia-1a-rota-carbono-neutro-do-brasil\/"},"wordCount":679,"commentCount":0,"publisher":{"@id":"https:\/\/jornalfatosenoticias.com.br\/#organization"},"image":{"@id":"https:\/\/jornalfatosenoticias.com.br\/index.php\/2021\/08\/16\/gol-anuncia-1a-rota-carbono-neutro-do-brasil\/#primaryimage"},"thumbnailUrl":"https:\/\/jornalfatosenoticias.com.br\/wp-content\/uploads\/2021\/08\/carbono-gol.jpg","keywords":["arquip\u00e9lago","carbono neutro","emiss\u00e3o neutra de carbono","Fernando de Noronha","Gol Linhas A\u00e9reas","MOSS"],"articleSection":["Tecnologia &amp; Inova\u00e7\u00e3o"],"inLanguage":"pt-BR","potentialAction":[{"@type":"CommentAction","name":"Comment","target":["https:\/\/jornalfatosenoticias.com.br\/index.php\/2021\/08\/16\/gol-anuncia-1a-rota-carbono-neutro-do-brasil\/#respond"]}]},{"@type":"WebPage","@id":"https:\/\/jornalfatosenoticias.com.br\/index.php\/2021\/08\/16\/gol-anuncia-1a-rota-carbono-neutro-do-brasil\/","url":"https:\/\/jornalfatosenoticias.com.br\/index.php\/2021\/08\/16\/gol-anuncia-1a-rota-carbono-neutro-do-brasil\/","name":"Gol anuncia 1\u00aa rota carbono neutro do Brasil - Jornal Fatos e Not\u00edcias","isPartOf":{"@id":"https:\/\/jornalfatosenoticias.com.br\/#website"},"primaryImageOfPage":{"@id":"https:\/\/jornalfatosenoticias.com.br\/index.php\/2021\/08\/16\/gol-anuncia-1a-rota-carbono-neutro-do-brasil\/#primaryimage"},"image":{"@id":"https:\/\/jornalfatosenoticias.com.br\/index.php\/2021\/08\/16\/gol-anuncia-1a-rota-carbono-neutro-do-brasil\/#primaryimage"},"thumbnailUrl":"https:\/\/jornalfatosenoticias.com.br\/wp-content\/uploads\/2021\/08\/carbono-gol.jpg","datePublished":"2021-08-16T19:01:09+00:00","dateModified":"2021-08-16T19:01:13+00:00","breadcrumb":{"@id":"https:\/\/jornalfatosenoticias.com.br\/index.php\/2021\/08\/16\/gol-anuncia-1a-rota-carbono-neutro-do-brasil\/#breadcrumb"},"inLanguage":"pt-BR","potentialAction":[{"@type":"ReadAction","target":["https:\/\/jornalfatosenoticias.com.br\/index.php\/2021\/08\/16\/gol-anuncia-1a-rota-carbono-neutro-do-brasil\/"]}]},{"@type":"ImageObject","inLanguage":"pt-BR","@id":"https:\/\/jornalfatosenoticias.com.br\/index.php\/2021\/08\/16\/gol-anuncia-1a-rota-carbono-neutro-do-brasil\/#primaryimage","url":"https:\/\/jornalfatosenoticias.com.br\/wp-content\/uploads\/2021\/08\/carbono-gol.jpg","contentUrl":"https:\/\/jornalfatosenoticias.com.br\/wp-content\/uploads\/2021\/08\/carbono-gol.jpg","width":1000,"height":571},{"@type":"BreadcrumbList","@id":"https:\/\/jornalfatosenoticias.com.br\/index.php\/2021\/08\/16\/gol-anuncia-1a-rota-carbono-neutro-do-brasil\/#breadcrumb","itemListElement":[{"@type":"ListItem","position":1,"name":"In\u00edcio","item":"https:\/\/jornalfatosenoticias.com.br\/"},{"@type":"ListItem","position":2,"name":"Gol anuncia 1\u00aa rota carbono neutro do Brasil"}]},{"@type":"WebSite","@id":"https:\/\/jornalfatosenoticias.com.br\/#website","url":"https:\/\/jornalfatosenoticias.com.br\/","name":"Jornal Fatos e Not\u00edcias","description":"Not\u00edcias em geral","publisher":{"@id":"https:\/\/jornalfatosenoticias.com.br\/#organization"},"potentialAction":[{"@type":"SearchAction","target":{"@type":"EntryPoint","urlTemplate":"https:\/\/jornalfatosenoticias.com.br\/?s={search_term_string}"},"query-input":{"@type":"PropertyValueSpecification","valueRequired":true,"valueName":"search_term_string"}}],"inLanguage":"pt-BR"},{"@type":"Organization","@id":"https:\/\/jornalfatosenoticias.com.br\/#organization","name":"Jornal Fatos e Not\u00edcias","url":"https:\/\/jornalfatosenoticias.com.br\/","logo":{"@type":"ImageObject","inLanguage":"pt-BR","@id":"https:\/\/jornalfatosenoticias.com.br\/#\/schema\/logo\/image\/","url":"https:\/\/jornalfatosenoticias.com.br\/wp-content\/uploads\/2020\/02\/logo120.png","contentUrl":"https:\/\/jornalfatosenoticias.com.br\/wp-content\/uploads\/2020\/02\/logo120.png","width":1227,"height":120,"caption":"Jornal Fatos e Not\u00edcias"},"image":{"@id":"https:\/\/jornalfatosenoticias.com.br\/#\/schema\/logo\/image\/"}},{"@type":"Person","@id":"https:\/\/jornalfatosenoticias.com.br\/#\/schema\/person\/d63837fa13ac8666eb9e74e0985d6f81","name":"Luzimara Fernandes","image":{"@type":"ImageObject","inLanguage":"pt-BR","@id":"https:\/\/jornalfatosenoticias.com.br\/#\/schema\/person\/image\/","url":"https:\/\/jornalfatosenoticias.com.br\/wp-content\/uploads\/2025\/05\/EU_portal.jpg","contentUrl":"https:\/\/jornalfatosenoticias.com.br\/wp-content\/uploads\/2025\/05\/EU_portal.jpg","caption":"Luzimara Fernandes"},"description":"Jornalista MTB 2358-ES","sameAs":["https:\/\/jornalfatosenoticias.com.br"],"url":"https:\/\/jornalfatosenoticias.com.br\/index.php\/author\/luzimara\/"}]}},"cc_featured_image_caption":{"caption_text":"(Foto: Gol\/Divulga\u00e7\u00e3o)","source_text":"","source_url":""},"jetpack_featured_media_url":"https:\/\/jornalfatosenoticias.com.br\/wp-content\/uploads\/2021\/08\/carbono-gol.jpg","_links":{"self":[{"href":"https:\/\/jornalfatosenoticias.com.br\/index.php\/wp-json\/wp\/v2\/posts\/21902","targetHints":{"allow":["GET"]}}],"collection":[{"href":"https:\/\/jornalfatosenoticias.com.br\/index.php\/wp-json\/wp\/v2\/posts"}],"about":[{"href":"https:\/\/jornalfatosenoticias.com.br\/index.php\/wp-json\/wp\/v2\/types\/post"}],"author":[{"embeddable":true,"href":"https:\/\/jornalfatosenoticias.com.br\/index.php\/wp-json\/wp\/v2\/users\/2"}],"replies":[{"embeddable":true,"href":"https:\/\/jornalfatosenoticias.com.br\/index.php\/wp-json\/wp\/v2\/comments?post=21902"}],"version-history":[{"count":0,"href":"https:\/\/jornalfatosenoticias.com.br\/index.php\/wp-json\/wp\/v2\/posts\/21902\/revisions"}],"wp:featuredmedia":[{"embeddable":true,"href":"https:\/\/jornalfatosenoticias.com.br\/index.php\/wp-json\/wp\/v2\/media\/21904"}],"wp:attachment":[{"href":"https:\/\/jornalfatosenoticias.com.br\/index.php\/wp-json\/wp\/v2\/media?parent=21902"}],"wp:term":[{"taxonomy":"category","embeddable":true,"href":"https:\/\/jornalfatosenoticias.com.br\/index.php\/wp-json\/wp\/v2\/categories?post=21902"},{"taxonomy":"post_tag","embeddable":true,"href":"https:\/\/jornalfatosenoticias.com.br\/index.php\/wp-json\/wp\/v2\/tags?post=21902"}],"curies":[{"name":"wp","href":"https:\/\/api.w.org\/{rel}","templated":true}]}}