{"id":22002,"date":"2021-08-19T17:59:49","date_gmt":"2021-08-19T20:59:49","guid":{"rendered":"https:\/\/jornalfatosenoticias.com.br\/?p=22002"},"modified":"2021-08-19T17:59:50","modified_gmt":"2021-08-19T20:59:50","slug":"embraer-mostra-detalhes-sobre-aviao-a-hidrogenio","status":"publish","type":"post","link":"https:\/\/jornalfatosenoticias.com.br\/index.php\/2021\/08\/19\/embraer-mostra-detalhes-sobre-aviao-a-hidrogenio\/","title":{"rendered":"Embraer mostra detalhes sobre avi\u00e3o a hidrog\u00eanio"},"content":{"rendered":"\n<p><em><span class=\"has-inline-color has-black-color\">Novo avi\u00e3o da Embraer ter\u00e1 os motores posicionados na cauda da aeronave<\/span><\/em><\/p>\n\n\n\n<p>A fabricante de avi\u00f5es brasileira Embraer divulgou novas imagens e deu detalhes sobre sua mais <a href=\"https:\/\/olhardigital.com.br\/2021\/07\/22\/carros-e-tecnologia\/embraer-fecha-parceria-para-desenvolver-mercado-de-carros-voadores-na-america-latina\/\" target=\"_blank\" rel=\"noreferrer noopener\">nova aeronave<\/a>\u00a0nesta sexta-feira (13). O modelo \u00e9 um turbo\u00e9lice que ser\u00e1 voltado para a avia\u00e7\u00e3o regional, e entre as principais novidades anunciadas est\u00e3o a posi\u00e7\u00e3o dos motores do avi\u00e3o, que ser\u00e3o instalados na cauda da aeronave, e a\u00a0<a href=\"https:\/\/olhardigital.com.br\/2021\/03\/17\/ciencia-e-espaco\/restos-de-comida-viram-combustivel-de-aviacao\/\" target=\"_blank\" rel=\"noreferrer noopener\">possibilidade de abastecimento<\/a> com hidrog\u00eanio.<br>O novo turbo\u00e9lice da Embraer dever\u00e1 comportar entre 50 e 90 passageiros, sem contar a tripula\u00e7\u00e3o, e, com o crescimento do setor de <a href=\"https:\/\/olhardigital.com.br\/2021\/06\/30\/carros-e-tecnologia\/embraer-entrega-primeiro-jato-feito-em-parceria-com-a-porsche\/\" target=\"_blank\" rel=\"noreferrer noopener\">avia\u00e7\u00e3o regional<\/a>, \u00e9 uma das principais apostas da fabricante brasileira para o futuro. A Embraer ainda n\u00e3o divulgou uma data oficial para o lan\u00e7amento do avi\u00e3o, e al\u00e9m disso, n\u00e3o informou se as imagens apresentadas s\u00e3o conceituais ou finais.<br>A inten\u00e7\u00e3o da Embraer \u00e9 substituir as aeronaves usadas atualmente na avia\u00e7\u00e3o regional, que s\u00e3o modelos turbo\u00e9lice mais antigos e que s\u00e3o bastante criticados pelos passageiros por serem apertados e barulhentos, como os ERJ, da pr\u00f3pria Embraer, e os CRJ, da canadense Bombardier, dois projetos da d\u00e9cada de 1990, por um modelo mais confort\u00e1vel e silencioso.<br>Em entrevista \u00e0 revista Aero Magazine, o vice-presidente s\u00eanior de Engenharia, Tecnologia e Estrat\u00e9gia Corporativa da Embraer, Lu\u00eds Carlos Affonso, disse que a ideia dos motores montados na cauda da aeronave proporcionar\u00e3o uma cabine mais silenciosa e um desempenho semelhante aos dos <a href=\"https:\/\/olhardigital.com.br\/2021\/08\/04\/ciencia-e-espaco\/filho-do-concorde-x-59-o-aviao-supersonico-da-nasa-ganha-forma\/\" target=\"_blank\" rel=\"noreferrer noopener\">avi\u00f5es a jato<\/a>, que s\u00e3o o que h\u00e1 de mais moderno na avia\u00e7\u00e3o comercial.<\/p>\n\n\n\n<h4 class=\"wp-block-heading\"><strong><span class=\"has-inline-color has-black-color\">Hidrog\u00eanio como combust\u00edvel<\/span><\/strong><\/h4>\n\n\n\n<figure class=\"wp-block-image size-large is-style-default\"><img loading=\"lazy\" decoding=\"async\" width=\"1000\" height=\"561\" src=\"https:\/\/jornalfatosenoticias.com.br\/wp-content\/uploads\/2021\/08\/Novo-Aviao-Embraer-2.jpg\" alt=\"\" class=\"wp-image-22003\" srcset=\"https:\/\/jornalfatosenoticias.com.br\/wp-content\/uploads\/2021\/08\/Novo-Aviao-Embraer-2.jpg 1000w, https:\/\/jornalfatosenoticias.com.br\/wp-content\/uploads\/2021\/08\/Novo-Aviao-Embraer-2-300x168.jpg 300w, https:\/\/jornalfatosenoticias.com.br\/wp-content\/uploads\/2021\/08\/Novo-Aviao-Embraer-2-768x431.jpg 768w\" sizes=\"auto, (max-width: 1000px) 100vw, 1000px\" \/><figcaption><em><span class=\"has-inline-color has-black-color\">Aeronave pode chegar ao mercado j\u00e1 nos pr\u00f3ximos meses (Foto: Embraer\/Divulga\u00e7\u00e3o)<\/span><\/em><\/figcaption><\/figure>\n\n\n\n<p>Segundo estudos da empresa, montar os propulsores na cauda da aeronave est\u00e1 diretamente ligado ao tipo de combust\u00edvel planejado pela companhia. A Embraer pretende usar o hidrog\u00eanio l\u00edquido para abastecer o avi\u00e3o, o que exige um posicionamento diferente dos tanques de combust\u00edvel do avi\u00e3o, processo que \u00e9 facilitado por motores traseiros.<br>Al\u00e9m de reduzir o ru\u00eddo interno, os motores na cauda proporcionam um desenho aerodin\u00e2mico mais minimalista, principalmente nas asas. A previs\u00e3o \u00e9 que o novo turbo\u00e9lice da Embraer tenha um custo at\u00e9 15% menor por passageiro em compara\u00e7\u00e3o com os modelos atuais, al\u00e9m de realizar os trajetos em at\u00e9 80% do tempo, contudo, esses dados ainda podem mudar com base no avan\u00e7o do projeto.<br>Hoje, o turbo\u00e9lice ainda est\u00e1 em fase de avalia\u00e7\u00e3o de mercado e passando por estudos t\u00e9cnicos. Por\u00e9m, segundo o presidente-executivo da Embraer, Francisco Gomes Neto, o projeto tem sido visto com bons olhos pelo mercado, principalmente pelas <a href=\"https:\/\/olhardigital.com.br\/2021\/04\/09\/carros-e-tecnologia\/voos-com-o-boeing-737-max-suspensos\/\" target=\"_blank\" rel=\"noreferrer noopener\">companhias a\u00e9reas dos Estados Unidos<\/a>, por conta disso, o avi\u00e3o pode ser lan\u00e7ado j\u00e1 nos pr\u00f3ximos meses, mas ainda sem uma data exata para isso.<\/p>\n\n\n\n<p><strong><em>Fonte: <a href=\"https:\/\/olhardigital.com.br\/2021\/08\/14\/carros-e-tecnologia\/confira-primeiras-imagens-e-detalhes-sobre-aviao-a-hidrogenio-da-embraer\/\">Olhar Digital<\/a><\/em><\/strong><\/p>\n","protected":false},"excerpt":{"rendered":"<p>Novo avi\u00e3o da Embraer ter\u00e1 os motores posicionados na cauda da aeronave A fabricante de avi\u00f5es brasileira Embraer divulgou novas imagens e deu detalhes sobre sua mais nova aeronave\u00a0nesta sexta-feira (13). O modelo \u00e9 um turbo\u00e9lice que ser\u00e1 voltado para a avia\u00e7\u00e3o regional, e entre as principais novidades anunciadas est\u00e3o a posi\u00e7\u00e3o dos motores do [&hellip;]<\/p>\n","protected":false},"author":2,"featured_media":22004,"comment_status":"open","ping_status":"open","sticky":false,"template":"","format":"standard","meta":{"footnotes":""},"categories":[3],"tags":[8151,3048,7891,8247,5028,10747],"class_list":["post-22002","post","type-post","status-publish","format-standard","has-post-thumbnail","hentry","category-tecnologia","tag-aeronaves","tag-aviacao","tag-avioes","tag-embraer","tag-hidrogenio","tag-mercado-de-aviacao"],"yoast_head":"<!-- This site is optimized with the Yoast SEO plugin v26.5 - https:\/\/yoast.com\/wordpress\/plugins\/seo\/ -->\n<title>Embraer mostra detalhes sobre avi\u00e3o a hidrog\u00eanio - Jornal Fatos e Not\u00edcias<\/title>\n<meta name=\"robots\" content=\"index, follow, max-snippet:-1, max-image-preview:large, max-video-preview:-1\" \/>\n<link rel=\"canonical\" href=\"https:\/\/jornalfatosenoticias.com.br\/index.php\/2021\/08\/19\/embraer-mostra-detalhes-sobre-aviao-a-hidrogenio\/\" \/>\n<meta property=\"og:locale\" content=\"pt_BR\" \/>\n<meta property=\"og:type\" content=\"article\" \/>\n<meta property=\"og:title\" content=\"Embraer mostra detalhes sobre avi\u00e3o a hidrog\u00eanio - Jornal Fatos e Not\u00edcias\" \/>\n<meta property=\"og:description\" content=\"Novo avi\u00e3o da Embraer ter\u00e1 os motores posicionados na cauda da aeronave A fabricante de avi\u00f5es brasileira Embraer divulgou novas imagens e deu detalhes sobre sua mais nova aeronave\u00a0nesta sexta-feira (13). O modelo \u00e9 um turbo\u00e9lice que ser\u00e1 voltado para a avia\u00e7\u00e3o regional, e entre as principais novidades anunciadas est\u00e3o a posi\u00e7\u00e3o dos motores do [&hellip;]\" \/>\n<meta property=\"og:url\" content=\"https:\/\/jornalfatosenoticias.com.br\/index.php\/2021\/08\/19\/embraer-mostra-detalhes-sobre-aviao-a-hidrogenio\/\" \/>\n<meta property=\"og:site_name\" content=\"Jornal Fatos e Not\u00edcias\" \/>\n<meta property=\"article:published_time\" content=\"2021-08-19T20:59:49+00:00\" \/>\n<meta property=\"article:modified_time\" content=\"2021-08-19T20:59:50+00:00\" \/>\n<meta property=\"og:image\" content=\"https:\/\/jornalfatosenoticias.com.br\/wp-content\/uploads\/2021\/08\/Novo-Aviao-Embraer-1.jpg\" \/>\n\t<meta property=\"og:image:width\" content=\"1000\" \/>\n\t<meta property=\"og:image:height\" content=\"562\" \/>\n\t<meta property=\"og:image:type\" content=\"image\/jpeg\" \/>\n<meta name=\"author\" content=\"Luzimara Fernandes\" \/>\n<meta name=\"twitter:card\" content=\"summary_large_image\" \/>\n<meta name=\"twitter:label1\" content=\"Escrito por\" \/>\n\t<meta name=\"twitter:data1\" content=\"Luzimara Fernandes\" \/>\n\t<meta name=\"twitter:label2\" content=\"Est. tempo de leitura\" \/>\n\t<meta name=\"twitter:data2\" content=\"2 minutos\" \/>\n<script type=\"application\/ld+json\" class=\"yoast-schema-graph\">{\"@context\":\"https:\/\/schema.org\",\"@graph\":[{\"@type\":\"Article\",\"@id\":\"https:\/\/jornalfatosenoticias.com.br\/index.php\/2021\/08\/19\/embraer-mostra-detalhes-sobre-aviao-a-hidrogenio\/#article\",\"isPartOf\":{\"@id\":\"https:\/\/jornalfatosenoticias.com.br\/index.php\/2021\/08\/19\/embraer-mostra-detalhes-sobre-aviao-a-hidrogenio\/\"},\"author\":{\"name\":\"Luzimara Fernandes\",\"@id\":\"https:\/\/jornalfatosenoticias.com.br\/#\/schema\/person\/d63837fa13ac8666eb9e74e0985d6f81\"},\"headline\":\"Embraer mostra detalhes sobre avi\u00e3o a hidrog\u00eanio\",\"datePublished\":\"2021-08-19T20:59:49+00:00\",\"dateModified\":\"2021-08-19T20:59:50+00:00\",\"mainEntityOfPage\":{\"@id\":\"https:\/\/jornalfatosenoticias.com.br\/index.php\/2021\/08\/19\/embraer-mostra-detalhes-sobre-aviao-a-hidrogenio\/\"},\"wordCount\":496,\"commentCount\":0,\"publisher\":{\"@id\":\"https:\/\/jornalfatosenoticias.com.br\/#organization\"},\"image\":{\"@id\":\"https:\/\/jornalfatosenoticias.com.br\/index.php\/2021\/08\/19\/embraer-mostra-detalhes-sobre-aviao-a-hidrogenio\/#primaryimage\"},\"thumbnailUrl\":\"https:\/\/jornalfatosenoticias.com.br\/wp-content\/uploads\/2021\/08\/Novo-Aviao-Embraer-1.jpg\",\"keywords\":[\"aeronaves\",\"avia\u00e7\u00e3o\",\"avi\u00f5es\",\"Embraer\",\"hidrog\u00eanio\",\"mercado de avia\u00e7\u00e3o\"],\"articleSection\":[\"Tecnologia &amp; Inova\u00e7\u00e3o\"],\"inLanguage\":\"pt-BR\",\"potentialAction\":[{\"@type\":\"CommentAction\",\"name\":\"Comment\",\"target\":[\"https:\/\/jornalfatosenoticias.com.br\/index.php\/2021\/08\/19\/embraer-mostra-detalhes-sobre-aviao-a-hidrogenio\/#respond\"]}]},{\"@type\":\"WebPage\",\"@id\":\"https:\/\/jornalfatosenoticias.com.br\/index.php\/2021\/08\/19\/embraer-mostra-detalhes-sobre-aviao-a-hidrogenio\/\",\"url\":\"https:\/\/jornalfatosenoticias.com.br\/index.php\/2021\/08\/19\/embraer-mostra-detalhes-sobre-aviao-a-hidrogenio\/\",\"name\":\"Embraer mostra detalhes sobre avi\u00e3o a hidrog\u00eanio - Jornal Fatos e Not\u00edcias\",\"isPartOf\":{\"@id\":\"https:\/\/jornalfatosenoticias.com.br\/#website\"},\"primaryImageOfPage\":{\"@id\":\"https:\/\/jornalfatosenoticias.com.br\/index.php\/2021\/08\/19\/embraer-mostra-detalhes-sobre-aviao-a-hidrogenio\/#primaryimage\"},\"image\":{\"@id\":\"https:\/\/jornalfatosenoticias.com.br\/index.php\/2021\/08\/19\/embraer-mostra-detalhes-sobre-aviao-a-hidrogenio\/#primaryimage\"},\"thumbnailUrl\":\"https:\/\/jornalfatosenoticias.com.br\/wp-content\/uploads\/2021\/08\/Novo-Aviao-Embraer-1.jpg\",\"datePublished\":\"2021-08-19T20:59:49+00:00\",\"dateModified\":\"2021-08-19T20:59:50+00:00\",\"breadcrumb\":{\"@id\":\"https:\/\/jornalfatosenoticias.com.br\/index.php\/2021\/08\/19\/embraer-mostra-detalhes-sobre-aviao-a-hidrogenio\/#breadcrumb\"},\"inLanguage\":\"pt-BR\",\"potentialAction\":[{\"@type\":\"ReadAction\",\"target\":[\"https:\/\/jornalfatosenoticias.com.br\/index.php\/2021\/08\/19\/embraer-mostra-detalhes-sobre-aviao-a-hidrogenio\/\"]}]},{\"@type\":\"ImageObject\",\"inLanguage\":\"pt-BR\",\"@id\":\"https:\/\/jornalfatosenoticias.com.br\/index.php\/2021\/08\/19\/embraer-mostra-detalhes-sobre-aviao-a-hidrogenio\/#primaryimage\",\"url\":\"https:\/\/jornalfatosenoticias.com.br\/wp-content\/uploads\/2021\/08\/Novo-Aviao-Embraer-1.jpg\",\"contentUrl\":\"https:\/\/jornalfatosenoticias.com.br\/wp-content\/uploads\/2021\/08\/Novo-Aviao-Embraer-1.jpg\",\"width\":1000,\"height\":562},{\"@type\":\"BreadcrumbList\",\"@id\":\"https:\/\/jornalfatosenoticias.com.br\/index.php\/2021\/08\/19\/embraer-mostra-detalhes-sobre-aviao-a-hidrogenio\/#breadcrumb\",\"itemListElement\":[{\"@type\":\"ListItem\",\"position\":1,\"name\":\"In\u00edcio\",\"item\":\"https:\/\/jornalfatosenoticias.com.br\/\"},{\"@type\":\"ListItem\",\"position\":2,\"name\":\"Embraer mostra detalhes sobre avi\u00e3o a hidrog\u00eanio\"}]},{\"@type\":\"WebSite\",\"@id\":\"https:\/\/jornalfatosenoticias.com.br\/#website\",\"url\":\"https:\/\/jornalfatosenoticias.com.br\/\",\"name\":\"Jornal Fatos e Not\u00edcias\",\"description\":\"Not\u00edcias em geral\",\"publisher\":{\"@id\":\"https:\/\/jornalfatosenoticias.com.br\/#organization\"},\"potentialAction\":[{\"@type\":\"SearchAction\",\"target\":{\"@type\":\"EntryPoint\",\"urlTemplate\":\"https:\/\/jornalfatosenoticias.com.br\/?s={search_term_string}\"},\"query-input\":{\"@type\":\"PropertyValueSpecification\",\"valueRequired\":true,\"valueName\":\"search_term_string\"}}],\"inLanguage\":\"pt-BR\"},{\"@type\":\"Organization\",\"@id\":\"https:\/\/jornalfatosenoticias.com.br\/#organization\",\"name\":\"Jornal Fatos e Not\u00edcias\",\"url\":\"https:\/\/jornalfatosenoticias.com.br\/\",\"logo\":{\"@type\":\"ImageObject\",\"inLanguage\":\"pt-BR\",\"@id\":\"https:\/\/jornalfatosenoticias.com.br\/#\/schema\/logo\/image\/\",\"url\":\"https:\/\/jornalfatosenoticias.com.br\/wp-content\/uploads\/2020\/02\/logo120.png\",\"contentUrl\":\"https:\/\/jornalfatosenoticias.com.br\/wp-content\/uploads\/2020\/02\/logo120.png\",\"width\":1227,\"height\":120,\"caption\":\"Jornal Fatos e Not\u00edcias\"},\"image\":{\"@id\":\"https:\/\/jornalfatosenoticias.com.br\/#\/schema\/logo\/image\/\"}},{\"@type\":\"Person\",\"@id\":\"https:\/\/jornalfatosenoticias.com.br\/#\/schema\/person\/d63837fa13ac8666eb9e74e0985d6f81\",\"name\":\"Luzimara Fernandes\",\"image\":{\"@type\":\"ImageObject\",\"inLanguage\":\"pt-BR\",\"@id\":\"https:\/\/jornalfatosenoticias.com.br\/#\/schema\/person\/image\/\",\"url\":\"https:\/\/jornalfatosenoticias.com.br\/wp-content\/uploads\/2025\/05\/EU_portal.jpg\",\"contentUrl\":\"https:\/\/jornalfatosenoticias.com.br\/wp-content\/uploads\/2025\/05\/EU_portal.jpg\",\"caption\":\"Luzimara Fernandes\"},\"description\":\"Jornalista MTB 2358-ES\",\"sameAs\":[\"https:\/\/jornalfatosenoticias.com.br\"],\"url\":\"https:\/\/jornalfatosenoticias.com.br\/index.php\/author\/luzimara\/\"}]}<\/script>\n<!-- \/ Yoast SEO plugin. -->","yoast_head_json":{"title":"Embraer mostra detalhes sobre avi\u00e3o a hidrog\u00eanio - Jornal Fatos e Not\u00edcias","robots":{"index":"index","follow":"follow","max-snippet":"max-snippet:-1","max-image-preview":"max-image-preview:large","max-video-preview":"max-video-preview:-1"},"canonical":"https:\/\/jornalfatosenoticias.com.br\/index.php\/2021\/08\/19\/embraer-mostra-detalhes-sobre-aviao-a-hidrogenio\/","og_locale":"pt_BR","og_type":"article","og_title":"Embraer mostra detalhes sobre avi\u00e3o a hidrog\u00eanio - Jornal Fatos e Not\u00edcias","og_description":"Novo avi\u00e3o da Embraer ter\u00e1 os motores posicionados na cauda da aeronave A fabricante de avi\u00f5es brasileira Embraer divulgou novas imagens e deu detalhes sobre sua mais nova aeronave\u00a0nesta sexta-feira (13). O modelo \u00e9 um turbo\u00e9lice que ser\u00e1 voltado para a avia\u00e7\u00e3o regional, e entre as principais novidades anunciadas est\u00e3o a posi\u00e7\u00e3o dos motores do [&hellip;]","og_url":"https:\/\/jornalfatosenoticias.com.br\/index.php\/2021\/08\/19\/embraer-mostra-detalhes-sobre-aviao-a-hidrogenio\/","og_site_name":"Jornal Fatos e Not\u00edcias","article_published_time":"2021-08-19T20:59:49+00:00","article_modified_time":"2021-08-19T20:59:50+00:00","og_image":[{"width":1000,"height":562,"url":"https:\/\/jornalfatosenoticias.com.br\/wp-content\/uploads\/2021\/08\/Novo-Aviao-Embraer-1.jpg","type":"image\/jpeg"}],"author":"Luzimara Fernandes","twitter_card":"summary_large_image","twitter_misc":{"Escrito por":"Luzimara Fernandes","Est. tempo de leitura":"2 minutos"},"schema":{"@context":"https:\/\/schema.org","@graph":[{"@type":"Article","@id":"https:\/\/jornalfatosenoticias.com.br\/index.php\/2021\/08\/19\/embraer-mostra-detalhes-sobre-aviao-a-hidrogenio\/#article","isPartOf":{"@id":"https:\/\/jornalfatosenoticias.com.br\/index.php\/2021\/08\/19\/embraer-mostra-detalhes-sobre-aviao-a-hidrogenio\/"},"author":{"name":"Luzimara Fernandes","@id":"https:\/\/jornalfatosenoticias.com.br\/#\/schema\/person\/d63837fa13ac8666eb9e74e0985d6f81"},"headline":"Embraer mostra detalhes sobre avi\u00e3o a hidrog\u00eanio","datePublished":"2021-08-19T20:59:49+00:00","dateModified":"2021-08-19T20:59:50+00:00","mainEntityOfPage":{"@id":"https:\/\/jornalfatosenoticias.com.br\/index.php\/2021\/08\/19\/embraer-mostra-detalhes-sobre-aviao-a-hidrogenio\/"},"wordCount":496,"commentCount":0,"publisher":{"@id":"https:\/\/jornalfatosenoticias.com.br\/#organization"},"image":{"@id":"https:\/\/jornalfatosenoticias.com.br\/index.php\/2021\/08\/19\/embraer-mostra-detalhes-sobre-aviao-a-hidrogenio\/#primaryimage"},"thumbnailUrl":"https:\/\/jornalfatosenoticias.com.br\/wp-content\/uploads\/2021\/08\/Novo-Aviao-Embraer-1.jpg","keywords":["aeronaves","avia\u00e7\u00e3o","avi\u00f5es","Embraer","hidrog\u00eanio","mercado de avia\u00e7\u00e3o"],"articleSection":["Tecnologia &amp; Inova\u00e7\u00e3o"],"inLanguage":"pt-BR","potentialAction":[{"@type":"CommentAction","name":"Comment","target":["https:\/\/jornalfatosenoticias.com.br\/index.php\/2021\/08\/19\/embraer-mostra-detalhes-sobre-aviao-a-hidrogenio\/#respond"]}]},{"@type":"WebPage","@id":"https:\/\/jornalfatosenoticias.com.br\/index.php\/2021\/08\/19\/embraer-mostra-detalhes-sobre-aviao-a-hidrogenio\/","url":"https:\/\/jornalfatosenoticias.com.br\/index.php\/2021\/08\/19\/embraer-mostra-detalhes-sobre-aviao-a-hidrogenio\/","name":"Embraer mostra detalhes sobre avi\u00e3o a hidrog\u00eanio - Jornal Fatos e Not\u00edcias","isPartOf":{"@id":"https:\/\/jornalfatosenoticias.com.br\/#website"},"primaryImageOfPage":{"@id":"https:\/\/jornalfatosenoticias.com.br\/index.php\/2021\/08\/19\/embraer-mostra-detalhes-sobre-aviao-a-hidrogenio\/#primaryimage"},"image":{"@id":"https:\/\/jornalfatosenoticias.com.br\/index.php\/2021\/08\/19\/embraer-mostra-detalhes-sobre-aviao-a-hidrogenio\/#primaryimage"},"thumbnailUrl":"https:\/\/jornalfatosenoticias.com.br\/wp-content\/uploads\/2021\/08\/Novo-Aviao-Embraer-1.jpg","datePublished":"2021-08-19T20:59:49+00:00","dateModified":"2021-08-19T20:59:50+00:00","breadcrumb":{"@id":"https:\/\/jornalfatosenoticias.com.br\/index.php\/2021\/08\/19\/embraer-mostra-detalhes-sobre-aviao-a-hidrogenio\/#breadcrumb"},"inLanguage":"pt-BR","potentialAction":[{"@type":"ReadAction","target":["https:\/\/jornalfatosenoticias.com.br\/index.php\/2021\/08\/19\/embraer-mostra-detalhes-sobre-aviao-a-hidrogenio\/"]}]},{"@type":"ImageObject","inLanguage":"pt-BR","@id":"https:\/\/jornalfatosenoticias.com.br\/index.php\/2021\/08\/19\/embraer-mostra-detalhes-sobre-aviao-a-hidrogenio\/#primaryimage","url":"https:\/\/jornalfatosenoticias.com.br\/wp-content\/uploads\/2021\/08\/Novo-Aviao-Embraer-1.jpg","contentUrl":"https:\/\/jornalfatosenoticias.com.br\/wp-content\/uploads\/2021\/08\/Novo-Aviao-Embraer-1.jpg","width":1000,"height":562},{"@type":"BreadcrumbList","@id":"https:\/\/jornalfatosenoticias.com.br\/index.php\/2021\/08\/19\/embraer-mostra-detalhes-sobre-aviao-a-hidrogenio\/#breadcrumb","itemListElement":[{"@type":"ListItem","position":1,"name":"In\u00edcio","item":"https:\/\/jornalfatosenoticias.com.br\/"},{"@type":"ListItem","position":2,"name":"Embraer mostra detalhes sobre avi\u00e3o a hidrog\u00eanio"}]},{"@type":"WebSite","@id":"https:\/\/jornalfatosenoticias.com.br\/#website","url":"https:\/\/jornalfatosenoticias.com.br\/","name":"Jornal Fatos e Not\u00edcias","description":"Not\u00edcias em geral","publisher":{"@id":"https:\/\/jornalfatosenoticias.com.br\/#organization"},"potentialAction":[{"@type":"SearchAction","target":{"@type":"EntryPoint","urlTemplate":"https:\/\/jornalfatosenoticias.com.br\/?s={search_term_string}"},"query-input":{"@type":"PropertyValueSpecification","valueRequired":true,"valueName":"search_term_string"}}],"inLanguage":"pt-BR"},{"@type":"Organization","@id":"https:\/\/jornalfatosenoticias.com.br\/#organization","name":"Jornal Fatos e Not\u00edcias","url":"https:\/\/jornalfatosenoticias.com.br\/","logo":{"@type":"ImageObject","inLanguage":"pt-BR","@id":"https:\/\/jornalfatosenoticias.com.br\/#\/schema\/logo\/image\/","url":"https:\/\/jornalfatosenoticias.com.br\/wp-content\/uploads\/2020\/02\/logo120.png","contentUrl":"https:\/\/jornalfatosenoticias.com.br\/wp-content\/uploads\/2020\/02\/logo120.png","width":1227,"height":120,"caption":"Jornal Fatos e Not\u00edcias"},"image":{"@id":"https:\/\/jornalfatosenoticias.com.br\/#\/schema\/logo\/image\/"}},{"@type":"Person","@id":"https:\/\/jornalfatosenoticias.com.br\/#\/schema\/person\/d63837fa13ac8666eb9e74e0985d6f81","name":"Luzimara Fernandes","image":{"@type":"ImageObject","inLanguage":"pt-BR","@id":"https:\/\/jornalfatosenoticias.com.br\/#\/schema\/person\/image\/","url":"https:\/\/jornalfatosenoticias.com.br\/wp-content\/uploads\/2025\/05\/EU_portal.jpg","contentUrl":"https:\/\/jornalfatosenoticias.com.br\/wp-content\/uploads\/2025\/05\/EU_portal.jpg","caption":"Luzimara Fernandes"},"description":"Jornalista MTB 2358-ES","sameAs":["https:\/\/jornalfatosenoticias.com.br"],"url":"https:\/\/jornalfatosenoticias.com.br\/index.php\/author\/luzimara\/"}]}},"cc_featured_image_caption":{"caption_text":"(Foto: Embraer\/Divulga\u00e7\u00e3o) ","source_text":"","source_url":""},"jetpack_featured_media_url":"https:\/\/jornalfatosenoticias.com.br\/wp-content\/uploads\/2021\/08\/Novo-Aviao-Embraer-1.jpg","_links":{"self":[{"href":"https:\/\/jornalfatosenoticias.com.br\/index.php\/wp-json\/wp\/v2\/posts\/22002","targetHints":{"allow":["GET"]}}],"collection":[{"href":"https:\/\/jornalfatosenoticias.com.br\/index.php\/wp-json\/wp\/v2\/posts"}],"about":[{"href":"https:\/\/jornalfatosenoticias.com.br\/index.php\/wp-json\/wp\/v2\/types\/post"}],"author":[{"embeddable":true,"href":"https:\/\/jornalfatosenoticias.com.br\/index.php\/wp-json\/wp\/v2\/users\/2"}],"replies":[{"embeddable":true,"href":"https:\/\/jornalfatosenoticias.com.br\/index.php\/wp-json\/wp\/v2\/comments?post=22002"}],"version-history":[{"count":0,"href":"https:\/\/jornalfatosenoticias.com.br\/index.php\/wp-json\/wp\/v2\/posts\/22002\/revisions"}],"wp:featuredmedia":[{"embeddable":true,"href":"https:\/\/jornalfatosenoticias.com.br\/index.php\/wp-json\/wp\/v2\/media\/22004"}],"wp:attachment":[{"href":"https:\/\/jornalfatosenoticias.com.br\/index.php\/wp-json\/wp\/v2\/media?parent=22002"}],"wp:term":[{"taxonomy":"category","embeddable":true,"href":"https:\/\/jornalfatosenoticias.com.br\/index.php\/wp-json\/wp\/v2\/categories?post=22002"},{"taxonomy":"post_tag","embeddable":true,"href":"https:\/\/jornalfatosenoticias.com.br\/index.php\/wp-json\/wp\/v2\/tags?post=22002"}],"curies":[{"name":"wp","href":"https:\/\/api.w.org\/{rel}","templated":true}]}}