{"id":22020,"date":"2021-08-19T18:20:01","date_gmt":"2021-08-19T21:20:01","guid":{"rendered":"https:\/\/jornalfatosenoticias.com.br\/?p=22020"},"modified":"2021-08-19T18:20:02","modified_gmt":"2021-08-19T21:20:02","slug":"dna-de-hominideo-e-mais-evidente-na-populacao-filipina-dizem-cientistas","status":"publish","type":"post","link":"https:\/\/jornalfatosenoticias.com.br\/index.php\/2021\/08\/19\/dna-de-hominideo-e-mais-evidente-na-populacao-filipina-dizem-cientistas\/","title":{"rendered":"DNA de homin\u00eddeo \u00e9 mais evidente na popula\u00e7\u00e3o filipina, dizem cientistas"},"content":{"rendered":"\n<p>O DNA do \u201chomem denisovano\u201d ou \u201chomin\u00eddeo denisovano\u201d est\u00e1 presente em maior evid\u00eancia na popula\u00e7\u00e3o das Filipinas, segundo novo estudo publicado por <a href=\"https:\/\/olhardigital.com.br\/editorias\/ciencia-e-espaco\/\">especialistas<\/a>\u00a0no jornal\u00a0<em>Current Biology<\/em>. Especificamente, o grupo \u00e9tnico conhecido como \u201c<em>Ayta Magbukon<\/em>\u201d foi o que apresentou a maior conserva\u00e7\u00e3o do\u00a0<a href=\"https:\/\/olhardigital.com.br\/tag\/DNA\/\">DNA hist\u00f3rico<\/a>.<br>Cientistas determinaram, em repetidas ocasi\u00f5es, que o homem denisovano se relacionou com o homem moderno h\u00e1 milhares de anos, e essa rela\u00e7\u00e3o gerou uma preserva\u00e7\u00e3o de parte de seu c\u00f3digo gen\u00e9tico nas popula\u00e7\u00f5es atuais. Anteriormente, por\u00e9m, pensava-se que eram os residentes das regi\u00f5es altas de Papua-Nova Guin\u00e9 que concentravam a maior parte dessa <a href=\"https:\/\/olhardigital.com.br\/tag\/biologia\/\">informa\u00e7\u00e3o biol\u00f3gica<\/a>\u00a0 \u2014 o novo estudo revela que n\u00e3o \u00e9 bem assim.<br>\u201cN\u00f3s conclu\u00edmos essa observa\u00e7\u00e3o mesmo considerando que os \u2018Ayta Magbukon\u2019 foram recentemente inclu\u00eddos nos grupos biol\u00f3gicos pertinentes ao extremo asi\u00e1tico \u2014 que trazem pouca ancestralidade denisovana, que lhes \u00e9 bastante dilu\u00edda\u201d, disse Maximilian Larena, da Universidade de Uppsala, na Su\u00e9cia. \u201cSe levarmos em conta a ancestralidade biol\u00f3gica dos \u2018Ayta Magbukon\u2019, o percentual de DNA do homem denisovano pode ser at\u00e9 46% maior do que o que \u00e9 visto em australianos e papu\u00e1sios\u201d.<br>O estudo visava analisar profundamente a hist\u00f3ria da popula\u00e7\u00e3o <a href=\"https:\/\/olhardigital.com.br\/tag\/filipinas\/\">filipina<\/a>. Para isso, Larena e sua equipe atuaram na busca por informa\u00e7\u00f5es de 2,3 milh\u00f5es de gen\u00f3tipos, relacionados a 118 grupos \u00e9tnicos das Filipinas. Isso foi poss\u00edvel gra\u00e7as a uma parceria entre a Universidade de Uppsala, a Comiss\u00e3o Nacional de Cultura e Artes das Filipinas (NCCA) e diversas comunidades nativas, universidades locais e entidades governamentais e n\u00e3o governamentais.<br>O documento mostrou que a popula\u00e7\u00e3o \u201cAyta Magbukon\u201d apresenta o mais alto n\u00edvel de concentra\u00e7\u00e3o do DNA do homin\u00eddeo denisovano n\u00e3o apenas das Filipinas, mas do mundo todo. Aliado \u00e0 descoberta do <em>homo luzonensis<\/em> na regi\u00e3o, em 2007, a conclus\u00e3o \u00e9 a de que o DNA denisovano gerou <a href=\"https:\/\/olhardigital.com.br\/2021\/06\/25\/ciencia-e-espaco\/homo-longi-pode-ser-parente-mais-proximo-dos-homo-sapiens\/\">diversas esp\u00e9cies arcaicas<\/a> de homin\u00eddeos antes da chegada do homem moderno, e esses grupos tinham rela\u00e7\u00e3o gen\u00e9tica direta.<br>\u201cEntretanto\u201d, disse Mattias Jakobsson, coautor do estudo, \u201calguns grupos se misturaram de forma m\u00ednima e apenas com os imigrantes mais recentes. Por esse motivo, os \u2018Ayta Magbukon\u2019 retiveram a maior parte dos tratos arcaicos e ficaram com o maior volume de ancestralidade denisovana do mundo\u201d.<br>O estudo agora servir\u00e1 como base para novas pesquisas de mapeamento gen\u00e9tico, com a expectativa de obter respostas mais detalhadas sobre a influ\u00eancia de tratos gen\u00e9ticos arcaicos na adapta\u00e7\u00e3o da nossa esp\u00e9cie.<\/p>\n\n\n\n<p><strong><em>Fonte: <a href=\"https:\/\/olhardigital.com.br\/2021\/08\/13\/ciencia-e-espaco\/dna-do-hominideo-denisovano-novo-estudo\/\">Olhar Digital<\/a><\/em><\/strong><\/p>\n","protected":false},"excerpt":{"rendered":"<p>O DNA do \u201chomem denisovano\u201d ou \u201chomin\u00eddeo denisovano\u201d est\u00e1 presente em maior evid\u00eancia na popula\u00e7\u00e3o das Filipinas, segundo novo estudo publicado por especialistas\u00a0no jornal\u00a0Current Biology. Especificamente, o grupo \u00e9tnico conhecido como \u201cAyta Magbukon\u201d foi o que apresentou a maior conserva\u00e7\u00e3o do\u00a0DNA hist\u00f3rico.Cientistas determinaram, em repetidas ocasi\u00f5es, que o homem denisovano se relacionou com o homem [&hellip;]<\/p>\n","protected":false},"author":2,"featured_media":22021,"comment_status":"open","ping_status":"open","sticky":false,"template":"","format":"standard","meta":{"footnotes":""},"categories":[9808],"tags":[10757,714,7759,10758,10759],"class_list":["post-22020","post","type-post","status-publish","format-standard","has-post-thumbnail","hentry","category-paleo-arqueologia","tag-dna-de-hominideo","tag-estudo","tag-filipinas","tag-homem-denisovano","tag-mapeamento-genetico"],"yoast_head":"<!-- This site is optimized with the Yoast SEO plugin v26.5 - https:\/\/yoast.com\/wordpress\/plugins\/seo\/ -->\n<title>DNA de homin\u00eddeo \u00e9 mais evidente na popula\u00e7\u00e3o filipina, dizem cientistas - Jornal Fatos e Not\u00edcias<\/title>\n<meta name=\"robots\" content=\"index, follow, max-snippet:-1, max-image-preview:large, max-video-preview:-1\" \/>\n<link rel=\"canonical\" href=\"https:\/\/jornalfatosenoticias.com.br\/index.php\/2021\/08\/19\/dna-de-hominideo-e-mais-evidente-na-populacao-filipina-dizem-cientistas\/\" \/>\n<meta property=\"og:locale\" content=\"pt_BR\" \/>\n<meta property=\"og:type\" content=\"article\" \/>\n<meta property=\"og:title\" content=\"DNA de homin\u00eddeo \u00e9 mais evidente na popula\u00e7\u00e3o filipina, dizem cientistas - Jornal Fatos e Not\u00edcias\" \/>\n<meta property=\"og:description\" content=\"O DNA do \u201chomem denisovano\u201d ou \u201chomin\u00eddeo denisovano\u201d est\u00e1 presente em maior evid\u00eancia na popula\u00e7\u00e3o das Filipinas, segundo novo estudo publicado por especialistas\u00a0no jornal\u00a0Current Biology. Especificamente, o grupo \u00e9tnico conhecido como \u201cAyta Magbukon\u201d foi o que apresentou a maior conserva\u00e7\u00e3o do\u00a0DNA hist\u00f3rico.Cientistas determinaram, em repetidas ocasi\u00f5es, que o homem denisovano se relacionou com o homem [&hellip;]\" \/>\n<meta property=\"og:url\" content=\"https:\/\/jornalfatosenoticias.com.br\/index.php\/2021\/08\/19\/dna-de-hominideo-e-mais-evidente-na-populacao-filipina-dizem-cientistas\/\" \/>\n<meta property=\"og:site_name\" content=\"Jornal Fatos e Not\u00edcias\" \/>\n<meta property=\"article:published_time\" content=\"2021-08-19T21:20:01+00:00\" \/>\n<meta property=\"article:modified_time\" content=\"2021-08-19T21:20:02+00:00\" \/>\n<meta property=\"og:image\" content=\"https:\/\/jornalfatosenoticias.com.br\/wp-content\/uploads\/2021\/08\/homem-denisovano.jpg\" \/>\n\t<meta property=\"og:image:width\" content=\"1000\" \/>\n\t<meta property=\"og:image:height\" content=\"375\" \/>\n\t<meta property=\"og:image:type\" content=\"image\/jpeg\" \/>\n<meta name=\"author\" content=\"Luzimara Fernandes\" \/>\n<meta name=\"twitter:card\" content=\"summary_large_image\" \/>\n<meta name=\"twitter:label1\" content=\"Escrito por\" \/>\n\t<meta name=\"twitter:data1\" content=\"Luzimara Fernandes\" \/>\n\t<meta name=\"twitter:label2\" content=\"Est. tempo de leitura\" \/>\n\t<meta name=\"twitter:data2\" content=\"2 minutos\" \/>\n<script type=\"application\/ld+json\" class=\"yoast-schema-graph\">{\"@context\":\"https:\/\/schema.org\",\"@graph\":[{\"@type\":\"Article\",\"@id\":\"https:\/\/jornalfatosenoticias.com.br\/index.php\/2021\/08\/19\/dna-de-hominideo-e-mais-evidente-na-populacao-filipina-dizem-cientistas\/#article\",\"isPartOf\":{\"@id\":\"https:\/\/jornalfatosenoticias.com.br\/index.php\/2021\/08\/19\/dna-de-hominideo-e-mais-evidente-na-populacao-filipina-dizem-cientistas\/\"},\"author\":{\"name\":\"Luzimara Fernandes\",\"@id\":\"https:\/\/jornalfatosenoticias.com.br\/#\/schema\/person\/d63837fa13ac8666eb9e74e0985d6f81\"},\"headline\":\"DNA de homin\u00eddeo \u00e9 mais evidente na popula\u00e7\u00e3o filipina, dizem cientistas\",\"datePublished\":\"2021-08-19T21:20:01+00:00\",\"dateModified\":\"2021-08-19T21:20:02+00:00\",\"mainEntityOfPage\":{\"@id\":\"https:\/\/jornalfatosenoticias.com.br\/index.php\/2021\/08\/19\/dna-de-hominideo-e-mais-evidente-na-populacao-filipina-dizem-cientistas\/\"},\"wordCount\":448,\"commentCount\":0,\"publisher\":{\"@id\":\"https:\/\/jornalfatosenoticias.com.br\/#organization\"},\"image\":{\"@id\":\"https:\/\/jornalfatosenoticias.com.br\/index.php\/2021\/08\/19\/dna-de-hominideo-e-mais-evidente-na-populacao-filipina-dizem-cientistas\/#primaryimage\"},\"thumbnailUrl\":\"https:\/\/jornalfatosenoticias.com.br\/wp-content\/uploads\/2021\/08\/homem-denisovano.jpg\",\"keywords\":[\"DNA de homin\u00eddeo\",\"Estudo\",\"Filipinas\",\"homem denisovano\",\"mapeamento gen\u00e9tico\"],\"articleSection\":[\"Paleo &amp; Arqueologia\"],\"inLanguage\":\"pt-BR\",\"potentialAction\":[{\"@type\":\"CommentAction\",\"name\":\"Comment\",\"target\":[\"https:\/\/jornalfatosenoticias.com.br\/index.php\/2021\/08\/19\/dna-de-hominideo-e-mais-evidente-na-populacao-filipina-dizem-cientistas\/#respond\"]}]},{\"@type\":\"WebPage\",\"@id\":\"https:\/\/jornalfatosenoticias.com.br\/index.php\/2021\/08\/19\/dna-de-hominideo-e-mais-evidente-na-populacao-filipina-dizem-cientistas\/\",\"url\":\"https:\/\/jornalfatosenoticias.com.br\/index.php\/2021\/08\/19\/dna-de-hominideo-e-mais-evidente-na-populacao-filipina-dizem-cientistas\/\",\"name\":\"DNA de homin\u00eddeo \u00e9 mais evidente na popula\u00e7\u00e3o filipina, dizem cientistas - Jornal Fatos e Not\u00edcias\",\"isPartOf\":{\"@id\":\"https:\/\/jornalfatosenoticias.com.br\/#website\"},\"primaryImageOfPage\":{\"@id\":\"https:\/\/jornalfatosenoticias.com.br\/index.php\/2021\/08\/19\/dna-de-hominideo-e-mais-evidente-na-populacao-filipina-dizem-cientistas\/#primaryimage\"},\"image\":{\"@id\":\"https:\/\/jornalfatosenoticias.com.br\/index.php\/2021\/08\/19\/dna-de-hominideo-e-mais-evidente-na-populacao-filipina-dizem-cientistas\/#primaryimage\"},\"thumbnailUrl\":\"https:\/\/jornalfatosenoticias.com.br\/wp-content\/uploads\/2021\/08\/homem-denisovano.jpg\",\"datePublished\":\"2021-08-19T21:20:01+00:00\",\"dateModified\":\"2021-08-19T21:20:02+00:00\",\"breadcrumb\":{\"@id\":\"https:\/\/jornalfatosenoticias.com.br\/index.php\/2021\/08\/19\/dna-de-hominideo-e-mais-evidente-na-populacao-filipina-dizem-cientistas\/#breadcrumb\"},\"inLanguage\":\"pt-BR\",\"potentialAction\":[{\"@type\":\"ReadAction\",\"target\":[\"https:\/\/jornalfatosenoticias.com.br\/index.php\/2021\/08\/19\/dna-de-hominideo-e-mais-evidente-na-populacao-filipina-dizem-cientistas\/\"]}]},{\"@type\":\"ImageObject\",\"inLanguage\":\"pt-BR\",\"@id\":\"https:\/\/jornalfatosenoticias.com.br\/index.php\/2021\/08\/19\/dna-de-hominideo-e-mais-evidente-na-populacao-filipina-dizem-cientistas\/#primaryimage\",\"url\":\"https:\/\/jornalfatosenoticias.com.br\/wp-content\/uploads\/2021\/08\/homem-denisovano.jpg\",\"contentUrl\":\"https:\/\/jornalfatosenoticias.com.br\/wp-content\/uploads\/2021\/08\/homem-denisovano.jpg\",\"width\":1000,\"height\":375},{\"@type\":\"BreadcrumbList\",\"@id\":\"https:\/\/jornalfatosenoticias.com.br\/index.php\/2021\/08\/19\/dna-de-hominideo-e-mais-evidente-na-populacao-filipina-dizem-cientistas\/#breadcrumb\",\"itemListElement\":[{\"@type\":\"ListItem\",\"position\":1,\"name\":\"In\u00edcio\",\"item\":\"https:\/\/jornalfatosenoticias.com.br\/\"},{\"@type\":\"ListItem\",\"position\":2,\"name\":\"DNA de homin\u00eddeo \u00e9 mais evidente na popula\u00e7\u00e3o filipina, dizem cientistas\"}]},{\"@type\":\"WebSite\",\"@id\":\"https:\/\/jornalfatosenoticias.com.br\/#website\",\"url\":\"https:\/\/jornalfatosenoticias.com.br\/\",\"name\":\"Jornal Fatos e Not\u00edcias\",\"description\":\"Not\u00edcias em geral\",\"publisher\":{\"@id\":\"https:\/\/jornalfatosenoticias.com.br\/#organization\"},\"potentialAction\":[{\"@type\":\"SearchAction\",\"target\":{\"@type\":\"EntryPoint\",\"urlTemplate\":\"https:\/\/jornalfatosenoticias.com.br\/?s={search_term_string}\"},\"query-input\":{\"@type\":\"PropertyValueSpecification\",\"valueRequired\":true,\"valueName\":\"search_term_string\"}}],\"inLanguage\":\"pt-BR\"},{\"@type\":\"Organization\",\"@id\":\"https:\/\/jornalfatosenoticias.com.br\/#organization\",\"name\":\"Jornal Fatos e Not\u00edcias\",\"url\":\"https:\/\/jornalfatosenoticias.com.br\/\",\"logo\":{\"@type\":\"ImageObject\",\"inLanguage\":\"pt-BR\",\"@id\":\"https:\/\/jornalfatosenoticias.com.br\/#\/schema\/logo\/image\/\",\"url\":\"https:\/\/jornalfatosenoticias.com.br\/wp-content\/uploads\/2020\/02\/logo120.png\",\"contentUrl\":\"https:\/\/jornalfatosenoticias.com.br\/wp-content\/uploads\/2020\/02\/logo120.png\",\"width\":1227,\"height\":120,\"caption\":\"Jornal Fatos e Not\u00edcias\"},\"image\":{\"@id\":\"https:\/\/jornalfatosenoticias.com.br\/#\/schema\/logo\/image\/\"}},{\"@type\":\"Person\",\"@id\":\"https:\/\/jornalfatosenoticias.com.br\/#\/schema\/person\/d63837fa13ac8666eb9e74e0985d6f81\",\"name\":\"Luzimara Fernandes\",\"image\":{\"@type\":\"ImageObject\",\"inLanguage\":\"pt-BR\",\"@id\":\"https:\/\/jornalfatosenoticias.com.br\/#\/schema\/person\/image\/\",\"url\":\"https:\/\/jornalfatosenoticias.com.br\/wp-content\/uploads\/2025\/05\/EU_portal.jpg\",\"contentUrl\":\"https:\/\/jornalfatosenoticias.com.br\/wp-content\/uploads\/2025\/05\/EU_portal.jpg\",\"caption\":\"Luzimara Fernandes\"},\"description\":\"Jornalista MTB 2358-ES\",\"sameAs\":[\"https:\/\/jornalfatosenoticias.com.br\"],\"url\":\"https:\/\/jornalfatosenoticias.com.br\/index.php\/author\/luzimara\/\"}]}<\/script>\n<!-- \/ Yoast SEO plugin. -->","yoast_head_json":{"title":"DNA de homin\u00eddeo \u00e9 mais evidente na popula\u00e7\u00e3o filipina, dizem cientistas - Jornal Fatos e Not\u00edcias","robots":{"index":"index","follow":"follow","max-snippet":"max-snippet:-1","max-image-preview":"max-image-preview:large","max-video-preview":"max-video-preview:-1"},"canonical":"https:\/\/jornalfatosenoticias.com.br\/index.php\/2021\/08\/19\/dna-de-hominideo-e-mais-evidente-na-populacao-filipina-dizem-cientistas\/","og_locale":"pt_BR","og_type":"article","og_title":"DNA de homin\u00eddeo \u00e9 mais evidente na popula\u00e7\u00e3o filipina, dizem cientistas - Jornal Fatos e Not\u00edcias","og_description":"O DNA do \u201chomem denisovano\u201d ou \u201chomin\u00eddeo denisovano\u201d est\u00e1 presente em maior evid\u00eancia na popula\u00e7\u00e3o das Filipinas, segundo novo estudo publicado por especialistas\u00a0no jornal\u00a0Current Biology. Especificamente, o grupo \u00e9tnico conhecido como \u201cAyta Magbukon\u201d foi o que apresentou a maior conserva\u00e7\u00e3o do\u00a0DNA hist\u00f3rico.Cientistas determinaram, em repetidas ocasi\u00f5es, que o homem denisovano se relacionou com o homem [&hellip;]","og_url":"https:\/\/jornalfatosenoticias.com.br\/index.php\/2021\/08\/19\/dna-de-hominideo-e-mais-evidente-na-populacao-filipina-dizem-cientistas\/","og_site_name":"Jornal Fatos e Not\u00edcias","article_published_time":"2021-08-19T21:20:01+00:00","article_modified_time":"2021-08-19T21:20:02+00:00","og_image":[{"width":1000,"height":375,"url":"https:\/\/jornalfatosenoticias.com.br\/wp-content\/uploads\/2021\/08\/homem-denisovano.jpg","type":"image\/jpeg"}],"author":"Luzimara Fernandes","twitter_card":"summary_large_image","twitter_misc":{"Escrito por":"Luzimara Fernandes","Est. tempo de leitura":"2 minutos"},"schema":{"@context":"https:\/\/schema.org","@graph":[{"@type":"Article","@id":"https:\/\/jornalfatosenoticias.com.br\/index.php\/2021\/08\/19\/dna-de-hominideo-e-mais-evidente-na-populacao-filipina-dizem-cientistas\/#article","isPartOf":{"@id":"https:\/\/jornalfatosenoticias.com.br\/index.php\/2021\/08\/19\/dna-de-hominideo-e-mais-evidente-na-populacao-filipina-dizem-cientistas\/"},"author":{"name":"Luzimara Fernandes","@id":"https:\/\/jornalfatosenoticias.com.br\/#\/schema\/person\/d63837fa13ac8666eb9e74e0985d6f81"},"headline":"DNA de homin\u00eddeo \u00e9 mais evidente na popula\u00e7\u00e3o filipina, dizem cientistas","datePublished":"2021-08-19T21:20:01+00:00","dateModified":"2021-08-19T21:20:02+00:00","mainEntityOfPage":{"@id":"https:\/\/jornalfatosenoticias.com.br\/index.php\/2021\/08\/19\/dna-de-hominideo-e-mais-evidente-na-populacao-filipina-dizem-cientistas\/"},"wordCount":448,"commentCount":0,"publisher":{"@id":"https:\/\/jornalfatosenoticias.com.br\/#organization"},"image":{"@id":"https:\/\/jornalfatosenoticias.com.br\/index.php\/2021\/08\/19\/dna-de-hominideo-e-mais-evidente-na-populacao-filipina-dizem-cientistas\/#primaryimage"},"thumbnailUrl":"https:\/\/jornalfatosenoticias.com.br\/wp-content\/uploads\/2021\/08\/homem-denisovano.jpg","keywords":["DNA de homin\u00eddeo","Estudo","Filipinas","homem denisovano","mapeamento gen\u00e9tico"],"articleSection":["Paleo &amp; Arqueologia"],"inLanguage":"pt-BR","potentialAction":[{"@type":"CommentAction","name":"Comment","target":["https:\/\/jornalfatosenoticias.com.br\/index.php\/2021\/08\/19\/dna-de-hominideo-e-mais-evidente-na-populacao-filipina-dizem-cientistas\/#respond"]}]},{"@type":"WebPage","@id":"https:\/\/jornalfatosenoticias.com.br\/index.php\/2021\/08\/19\/dna-de-hominideo-e-mais-evidente-na-populacao-filipina-dizem-cientistas\/","url":"https:\/\/jornalfatosenoticias.com.br\/index.php\/2021\/08\/19\/dna-de-hominideo-e-mais-evidente-na-populacao-filipina-dizem-cientistas\/","name":"DNA de homin\u00eddeo \u00e9 mais evidente na popula\u00e7\u00e3o filipina, dizem cientistas - Jornal Fatos e Not\u00edcias","isPartOf":{"@id":"https:\/\/jornalfatosenoticias.com.br\/#website"},"primaryImageOfPage":{"@id":"https:\/\/jornalfatosenoticias.com.br\/index.php\/2021\/08\/19\/dna-de-hominideo-e-mais-evidente-na-populacao-filipina-dizem-cientistas\/#primaryimage"},"image":{"@id":"https:\/\/jornalfatosenoticias.com.br\/index.php\/2021\/08\/19\/dna-de-hominideo-e-mais-evidente-na-populacao-filipina-dizem-cientistas\/#primaryimage"},"thumbnailUrl":"https:\/\/jornalfatosenoticias.com.br\/wp-content\/uploads\/2021\/08\/homem-denisovano.jpg","datePublished":"2021-08-19T21:20:01+00:00","dateModified":"2021-08-19T21:20:02+00:00","breadcrumb":{"@id":"https:\/\/jornalfatosenoticias.com.br\/index.php\/2021\/08\/19\/dna-de-hominideo-e-mais-evidente-na-populacao-filipina-dizem-cientistas\/#breadcrumb"},"inLanguage":"pt-BR","potentialAction":[{"@type":"ReadAction","target":["https:\/\/jornalfatosenoticias.com.br\/index.php\/2021\/08\/19\/dna-de-hominideo-e-mais-evidente-na-populacao-filipina-dizem-cientistas\/"]}]},{"@type":"ImageObject","inLanguage":"pt-BR","@id":"https:\/\/jornalfatosenoticias.com.br\/index.php\/2021\/08\/19\/dna-de-hominideo-e-mais-evidente-na-populacao-filipina-dizem-cientistas\/#primaryimage","url":"https:\/\/jornalfatosenoticias.com.br\/wp-content\/uploads\/2021\/08\/homem-denisovano.jpg","contentUrl":"https:\/\/jornalfatosenoticias.com.br\/wp-content\/uploads\/2021\/08\/homem-denisovano.jpg","width":1000,"height":375},{"@type":"BreadcrumbList","@id":"https:\/\/jornalfatosenoticias.com.br\/index.php\/2021\/08\/19\/dna-de-hominideo-e-mais-evidente-na-populacao-filipina-dizem-cientistas\/#breadcrumb","itemListElement":[{"@type":"ListItem","position":1,"name":"In\u00edcio","item":"https:\/\/jornalfatosenoticias.com.br\/"},{"@type":"ListItem","position":2,"name":"DNA de homin\u00eddeo \u00e9 mais evidente na popula\u00e7\u00e3o filipina, dizem cientistas"}]},{"@type":"WebSite","@id":"https:\/\/jornalfatosenoticias.com.br\/#website","url":"https:\/\/jornalfatosenoticias.com.br\/","name":"Jornal Fatos e Not\u00edcias","description":"Not\u00edcias em geral","publisher":{"@id":"https:\/\/jornalfatosenoticias.com.br\/#organization"},"potentialAction":[{"@type":"SearchAction","target":{"@type":"EntryPoint","urlTemplate":"https:\/\/jornalfatosenoticias.com.br\/?s={search_term_string}"},"query-input":{"@type":"PropertyValueSpecification","valueRequired":true,"valueName":"search_term_string"}}],"inLanguage":"pt-BR"},{"@type":"Organization","@id":"https:\/\/jornalfatosenoticias.com.br\/#organization","name":"Jornal Fatos e Not\u00edcias","url":"https:\/\/jornalfatosenoticias.com.br\/","logo":{"@type":"ImageObject","inLanguage":"pt-BR","@id":"https:\/\/jornalfatosenoticias.com.br\/#\/schema\/logo\/image\/","url":"https:\/\/jornalfatosenoticias.com.br\/wp-content\/uploads\/2020\/02\/logo120.png","contentUrl":"https:\/\/jornalfatosenoticias.com.br\/wp-content\/uploads\/2020\/02\/logo120.png","width":1227,"height":120,"caption":"Jornal Fatos e Not\u00edcias"},"image":{"@id":"https:\/\/jornalfatosenoticias.com.br\/#\/schema\/logo\/image\/"}},{"@type":"Person","@id":"https:\/\/jornalfatosenoticias.com.br\/#\/schema\/person\/d63837fa13ac8666eb9e74e0985d6f81","name":"Luzimara Fernandes","image":{"@type":"ImageObject","inLanguage":"pt-BR","@id":"https:\/\/jornalfatosenoticias.com.br\/#\/schema\/person\/image\/","url":"https:\/\/jornalfatosenoticias.com.br\/wp-content\/uploads\/2025\/05\/EU_portal.jpg","contentUrl":"https:\/\/jornalfatosenoticias.com.br\/wp-content\/uploads\/2025\/05\/EU_portal.jpg","caption":"Luzimara Fernandes"},"description":"Jornalista MTB 2358-ES","sameAs":["https:\/\/jornalfatosenoticias.com.br"],"url":"https:\/\/jornalfatosenoticias.com.br\/index.php\/author\/luzimara\/"}]}},"cc_featured_image_caption":{"caption_text":"(Foto: Natural History Museum\/Reprodu\u00e7\u00e3o)","source_text":"","source_url":""},"jetpack_featured_media_url":"https:\/\/jornalfatosenoticias.com.br\/wp-content\/uploads\/2021\/08\/homem-denisovano.jpg","_links":{"self":[{"href":"https:\/\/jornalfatosenoticias.com.br\/index.php\/wp-json\/wp\/v2\/posts\/22020","targetHints":{"allow":["GET"]}}],"collection":[{"href":"https:\/\/jornalfatosenoticias.com.br\/index.php\/wp-json\/wp\/v2\/posts"}],"about":[{"href":"https:\/\/jornalfatosenoticias.com.br\/index.php\/wp-json\/wp\/v2\/types\/post"}],"author":[{"embeddable":true,"href":"https:\/\/jornalfatosenoticias.com.br\/index.php\/wp-json\/wp\/v2\/users\/2"}],"replies":[{"embeddable":true,"href":"https:\/\/jornalfatosenoticias.com.br\/index.php\/wp-json\/wp\/v2\/comments?post=22020"}],"version-history":[{"count":0,"href":"https:\/\/jornalfatosenoticias.com.br\/index.php\/wp-json\/wp\/v2\/posts\/22020\/revisions"}],"wp:featuredmedia":[{"embeddable":true,"href":"https:\/\/jornalfatosenoticias.com.br\/index.php\/wp-json\/wp\/v2\/media\/22021"}],"wp:attachment":[{"href":"https:\/\/jornalfatosenoticias.com.br\/index.php\/wp-json\/wp\/v2\/media?parent=22020"}],"wp:term":[{"taxonomy":"category","embeddable":true,"href":"https:\/\/jornalfatosenoticias.com.br\/index.php\/wp-json\/wp\/v2\/categories?post=22020"},{"taxonomy":"post_tag","embeddable":true,"href":"https:\/\/jornalfatosenoticias.com.br\/index.php\/wp-json\/wp\/v2\/tags?post=22020"}],"curies":[{"name":"wp","href":"https:\/\/api.w.org\/{rel}","templated":true}]}}