{"id":22069,"date":"2021-08-20T15:32:53","date_gmt":"2021-08-20T18:32:53","guid":{"rendered":"https:\/\/jornalfatosenoticias.com.br\/?p=22069"},"modified":"2021-08-20T15:32:54","modified_gmt":"2021-08-20T18:32:54","slug":"inteligencia-artificial-pode-detectar-alzheimer-anos-antes-de-aparecimento-dos-sintomas-dizem-cientistas","status":"publish","type":"post","link":"https:\/\/jornalfatosenoticias.com.br\/index.php\/2021\/08\/20\/inteligencia-artificial-pode-detectar-alzheimer-anos-antes-de-aparecimento-dos-sintomas-dizem-cientistas\/","title":{"rendered":"Intelig\u00eancia Artificial pode detectar Alzheimer anos antes de aparecimento dos sintomas, dizem cientistas"},"content":{"rendered":"\n<p>Uma equipe liderada pela professora Zoe Kourtzi, da Universidade de Cambridge e do Instituto Alan Turing, desenvolveu ferramentas de <a href=\"https:\/\/olhardigital.com.br\/2020\/07\/29\/noticias\/inteligencia-artificial-desvenda-o-segredo-para-sucesso-das-relacoes\/\" target=\"_blank\" rel=\"noreferrer noopener\">Intelig\u00eancia Artificial<\/a>\u00a0que podem detectar a\u00a0<a href=\"https:\/\/olhardigital.com.br\/2021\/05\/31\/medicina-e-saude\/alzheimer-pesquisa-descobre-como-reduzir-os-vasos-sanguineos-em-pacientes\/\" target=\"_blank\" rel=\"noreferrer noopener\">doen\u00e7a<\/a> de Alzheimer em pacientes em um est\u00e1gio muito inicial. Usando varreduras cerebrais de 80 pacientes que desenvolveram doen\u00e7a de Alzheimer, o algoritmo dessas m\u00e1quinas de aprendizado aprendeu a detectar mudan\u00e7as estruturais no c\u00e9rebro.<br>Quando combinado com os resultados de testes de mem\u00f3ria padr\u00e3o, o algoritmo foi capaz de fornecer uma pontua\u00e7\u00e3o de progn\u00f3stico \u2014 ou seja, a probabilidade de o indiv\u00edduo ter a enfermidade. As dem\u00eancias s\u00e3o caracterizadas pelo ac\u00famulo de diferentes tipos de prote\u00ednas no c\u00e9rebro, que danificam o tecido cerebral e levam ao decl\u00ednio cognitivo. No caso da doen\u00e7a de Alzheimer, essas prote\u00ednas incluem a beta-amiloide, que forma \u2018placas\u2019, aglomerando-se entre os <a href=\"https:\/\/olhardigital.com.br\/2020\/10\/20\/noticias\/pesquisa-cria-neuronios-que-brilham-quando-recebem-sinais-eletricos\/\" target=\"_blank\" rel=\"noreferrer noopener\">neur\u00f4nios<\/a> e afetando sua fun\u00e7\u00e3o.<br>Mudan\u00e7as moleculares e celulares no c\u00e9rebro geralmente come\u00e7am muitos anos antes de qualquer sintoma ocorrer. O diagn\u00f3stico de dem\u00eancia pode levar muitos meses ou at\u00e9 anos. Normalmente, requer diversas consultas m\u00e9dicas e pode envolver uma s\u00e9rie de exames de TC, PET e MRI, bem como pun\u00e7\u00f5es invasivas de madeira.<br>Segundo o site Medical Xpress, para os pacientes que apresentam comprometimento cognitivo leve \u2014 sinais de perda de mem\u00f3ria ou problemas com a linguagem ou percep\u00e7\u00e3o visual\/espacial \u2014 o algoritmo foi superior a 80% de precis\u00e3o na previs\u00e3o dos indiv\u00edduos que desenvolveram a doen\u00e7a de Alzheimer. Tamb\u00e9m foi capaz de prever a rapidez com que sua cogni\u00e7\u00e3o diminuir\u00e1 com o tempo. \u201cTreinamos algoritmos de aprendizado de m\u00e1quina para detectar os primeiros sinais de dem\u00eancia apenas procurando padr\u00f5es de perda de massa cinzenta \u2014 essencialmente, desgaste \u2014 no c\u00e9rebro\u201d, disse Kourtzi. \u201cQuando combinamos isso com o padr\u00e3o testes de mem\u00f3ria, podemos prever se um indiv\u00edduo apresentar\u00e1 um decl\u00ednio mais lento ou mais r\u00e1pido em sua cogni\u00e7\u00e3o\u201d.<br>Segundo a pesquisadora, a equipe conseguiu identificar at\u00e9 alguns pacientes que ainda n\u00e3o apresentavam sintomas, mas desenvolveram Alzheimer.<\/p>\n\n\n\n<p><strong><span class=\"has-inline-color has-black-color\">Pesquisadores est\u00e3o adaptando o algoritmo para detectar outras dem\u00eancias, al\u00e9m do Alzheimer<br><\/span><\/strong>Embora o algoritmo tenha sido criado para procurar sinais da doen\u00e7a de Alzheimer, a equipe agora est\u00e1 adaptando-o para reconhecer diferentes formas de dem\u00eancia, cada uma com seu pr\u00f3prio padr\u00e3o caracter\u00edstico de perda de volume.<br>Timothy Rittman, do Departamento de Neuroci\u00eancias Cl\u00ednicas e consultor do Addenbrooke\u2019s Hospital, da Universidade de Cambridge, est\u00e1 conduzindo um estudo para verificar se essa abordagem \u00e9 \u00fatil em um ambiente cl\u00ednico. \u201cMostramos que essa abordagem funciona em um ambiente de pesquisa \u2014 agora precisamos test\u00e1-la em um ambiente do \u2018mundo real&#8217;\u201d, disse.<br>De acordo com Rittman, a detec\u00e7\u00e3o precoce da dem\u00eancia \u00e9 importante por v\u00e1rias raz\u00f5es. \u201cQuando os pacientes come\u00e7am a ter <a href=\"https:\/\/olhardigital.com.br\/2021\/04\/20\/coronavirus\/videogame-pode-vir-a-ser-prescrito-para-problemas-de-memoria-pos-covid-19\/\" target=\"_blank\" rel=\"noreferrer noopener\">problemas de mem\u00f3ria<\/a> e cognitivos, \u00e9 compreens\u00edvel que seja um momento muito dif\u00edcil. Ser capaz de fornecer um diagn\u00f3stico preciso lhes d\u00e1 clareza e, dependendo do diagn\u00f3stico, pode aliviar suas mentes ou ajud\u00e1-los e seus entes queridos a colocar preparativos em andamento a longo prazo\u201d.<br>Atualmente, existem poucos medicamentos dispon\u00edveis para ajudar a tratar a dem\u00eancia. Acredita-se que uma das raz\u00f5es pelas quais os ensaios cl\u00ednicos geralmente falham seja porque, uma vez que o paciente tenha desenvolvido os sintomas, pode ser tarde demais para fazer uma grande diferen\u00e7a.<br>Ter a capacidade de identificar indiv\u00edduos em um est\u00e1gio muito inicial pode, portanto, ajudar os pesquisadores a desenvolver novos medicamentos. Se o teste for bem-sucedido, o algoritmo pode ser implementado para milhares de pacientes que sofrem com essas condi\u00e7\u00f5es.<\/p>\n\n\n\n<p><strong><em>Fonte: <a href=\"https:\/\/olhardigital.com.br\/2021\/08\/13\/medicina-e-saude\/inteligencia-artificial-pode-detectar-alzheimer-anos-antes-dos-sintomas\/#:~:text=Uma%20equipe%20liderada%20pela%20professora,em%20um%20est%C3%A1gio%20muito%20inicial.\">Olhar Digital<\/a><\/em><\/strong><\/p>\n","protected":false},"excerpt":{"rendered":"<p>Uma equipe liderada pela professora Zoe Kourtzi, da Universidade de Cambridge e do Instituto Alan Turing, desenvolveu ferramentas de Intelig\u00eancia Artificial\u00a0que podem detectar a\u00a0doen\u00e7a de Alzheimer em pacientes em um est\u00e1gio muito inicial. Usando varreduras cerebrais de 80 pacientes que desenvolveram doen\u00e7a de Alzheimer, o algoritmo dessas m\u00e1quinas de aprendizado aprendeu a detectar mudan\u00e7as estruturais [&hellip;]<\/p>\n","protected":false},"author":2,"featured_media":22070,"comment_status":"open","ping_status":"open","sticky":false,"template":"","format":"standard","meta":{"footnotes":""},"categories":[11,3],"tags":[1835,2501,1125,53,3247,2699,717],"class_list":["post-22069","post","type-post","status-publish","format-standard","has-post-thumbnail","hentry","category-saude","category-tecnologia","tag-algoritmo","tag-alzheimer","tag-diagnostico","tag-inteligencia-artificial","tag-memoria","tag-neuronios","tag-sintomas"],"yoast_head":"<!-- This site is optimized with the Yoast SEO plugin v26.5 - https:\/\/yoast.com\/wordpress\/plugins\/seo\/ -->\n<title>Intelig\u00eancia Artificial pode detectar Alzheimer anos antes de aparecimento dos sintomas, dizem cientistas - Jornal Fatos e Not\u00edcias<\/title>\n<meta name=\"robots\" content=\"index, follow, max-snippet:-1, max-image-preview:large, max-video-preview:-1\" \/>\n<link rel=\"canonical\" href=\"https:\/\/jornalfatosenoticias.com.br\/index.php\/2021\/08\/20\/inteligencia-artificial-pode-detectar-alzheimer-anos-antes-de-aparecimento-dos-sintomas-dizem-cientistas\/\" \/>\n<meta property=\"og:locale\" content=\"pt_BR\" \/>\n<meta property=\"og:type\" content=\"article\" \/>\n<meta property=\"og:title\" content=\"Intelig\u00eancia Artificial pode detectar Alzheimer anos antes de aparecimento dos sintomas, dizem cientistas - Jornal Fatos e Not\u00edcias\" \/>\n<meta property=\"og:description\" content=\"Uma equipe liderada pela professora Zoe Kourtzi, da Universidade de Cambridge e do Instituto Alan Turing, desenvolveu ferramentas de Intelig\u00eancia Artificial\u00a0que podem detectar a\u00a0doen\u00e7a de Alzheimer em pacientes em um est\u00e1gio muito inicial. Usando varreduras cerebrais de 80 pacientes que desenvolveram doen\u00e7a de Alzheimer, o algoritmo dessas m\u00e1quinas de aprendizado aprendeu a detectar mudan\u00e7as estruturais [&hellip;]\" \/>\n<meta property=\"og:url\" content=\"https:\/\/jornalfatosenoticias.com.br\/index.php\/2021\/08\/20\/inteligencia-artificial-pode-detectar-alzheimer-anos-antes-de-aparecimento-dos-sintomas-dizem-cientistas\/\" \/>\n<meta property=\"og:site_name\" content=\"Jornal Fatos e Not\u00edcias\" \/>\n<meta property=\"article:published_time\" content=\"2021-08-20T18:32:53+00:00\" \/>\n<meta property=\"article:modified_time\" content=\"2021-08-20T18:32:54+00:00\" \/>\n<meta property=\"og:image\" content=\"https:\/\/jornalfatosenoticias.com.br\/wp-content\/uploads\/2021\/08\/Alzheimer-inteligencia-artificial_shutterstock.jpg\" \/>\n\t<meta property=\"og:image:width\" content=\"1000\" \/>\n\t<meta property=\"og:image:height\" content=\"450\" \/>\n\t<meta property=\"og:image:type\" content=\"image\/jpeg\" \/>\n<meta name=\"author\" content=\"Luzimara Fernandes\" \/>\n<meta name=\"twitter:card\" content=\"summary_large_image\" \/>\n<meta name=\"twitter:label1\" content=\"Escrito por\" \/>\n\t<meta name=\"twitter:data1\" content=\"Luzimara Fernandes\" \/>\n\t<meta name=\"twitter:label2\" content=\"Est. tempo de leitura\" \/>\n\t<meta name=\"twitter:data2\" content=\"3 minutos\" \/>\n<script type=\"application\/ld+json\" class=\"yoast-schema-graph\">{\"@context\":\"https:\/\/schema.org\",\"@graph\":[{\"@type\":\"Article\",\"@id\":\"https:\/\/jornalfatosenoticias.com.br\/index.php\/2021\/08\/20\/inteligencia-artificial-pode-detectar-alzheimer-anos-antes-de-aparecimento-dos-sintomas-dizem-cientistas\/#article\",\"isPartOf\":{\"@id\":\"https:\/\/jornalfatosenoticias.com.br\/index.php\/2021\/08\/20\/inteligencia-artificial-pode-detectar-alzheimer-anos-antes-de-aparecimento-dos-sintomas-dizem-cientistas\/\"},\"author\":{\"name\":\"Luzimara Fernandes\",\"@id\":\"https:\/\/jornalfatosenoticias.com.br\/#\/schema\/person\/d63837fa13ac8666eb9e74e0985d6f81\"},\"headline\":\"Intelig\u00eancia Artificial pode detectar Alzheimer anos antes de aparecimento dos sintomas, dizem cientistas\",\"datePublished\":\"2021-08-20T18:32:53+00:00\",\"dateModified\":\"2021-08-20T18:32:54+00:00\",\"mainEntityOfPage\":{\"@id\":\"https:\/\/jornalfatosenoticias.com.br\/index.php\/2021\/08\/20\/inteligencia-artificial-pode-detectar-alzheimer-anos-antes-de-aparecimento-dos-sintomas-dizem-cientistas\/\"},\"wordCount\":651,\"commentCount\":0,\"publisher\":{\"@id\":\"https:\/\/jornalfatosenoticias.com.br\/#organization\"},\"image\":{\"@id\":\"https:\/\/jornalfatosenoticias.com.br\/index.php\/2021\/08\/20\/inteligencia-artificial-pode-detectar-alzheimer-anos-antes-de-aparecimento-dos-sintomas-dizem-cientistas\/#primaryimage\"},\"thumbnailUrl\":\"https:\/\/jornalfatosenoticias.com.br\/wp-content\/uploads\/2021\/08\/Alzheimer-inteligencia-artificial_shutterstock.jpg\",\"keywords\":[\"algoritmo\",\"Alzheimer\",\"diagn\u00f3stico\",\"intelig\u00eancia artificial\",\"mem\u00f3ria\",\"neur\u00f4nios\",\"sintomas\"],\"articleSection\":[\"Sa\u00fade\",\"Tecnologia &amp; Inova\u00e7\u00e3o\"],\"inLanguage\":\"pt-BR\",\"potentialAction\":[{\"@type\":\"CommentAction\",\"name\":\"Comment\",\"target\":[\"https:\/\/jornalfatosenoticias.com.br\/index.php\/2021\/08\/20\/inteligencia-artificial-pode-detectar-alzheimer-anos-antes-de-aparecimento-dos-sintomas-dizem-cientistas\/#respond\"]}]},{\"@type\":\"WebPage\",\"@id\":\"https:\/\/jornalfatosenoticias.com.br\/index.php\/2021\/08\/20\/inteligencia-artificial-pode-detectar-alzheimer-anos-antes-de-aparecimento-dos-sintomas-dizem-cientistas\/\",\"url\":\"https:\/\/jornalfatosenoticias.com.br\/index.php\/2021\/08\/20\/inteligencia-artificial-pode-detectar-alzheimer-anos-antes-de-aparecimento-dos-sintomas-dizem-cientistas\/\",\"name\":\"Intelig\u00eancia Artificial pode detectar Alzheimer anos antes de aparecimento dos sintomas, dizem cientistas - Jornal Fatos e Not\u00edcias\",\"isPartOf\":{\"@id\":\"https:\/\/jornalfatosenoticias.com.br\/#website\"},\"primaryImageOfPage\":{\"@id\":\"https:\/\/jornalfatosenoticias.com.br\/index.php\/2021\/08\/20\/inteligencia-artificial-pode-detectar-alzheimer-anos-antes-de-aparecimento-dos-sintomas-dizem-cientistas\/#primaryimage\"},\"image\":{\"@id\":\"https:\/\/jornalfatosenoticias.com.br\/index.php\/2021\/08\/20\/inteligencia-artificial-pode-detectar-alzheimer-anos-antes-de-aparecimento-dos-sintomas-dizem-cientistas\/#primaryimage\"},\"thumbnailUrl\":\"https:\/\/jornalfatosenoticias.com.br\/wp-content\/uploads\/2021\/08\/Alzheimer-inteligencia-artificial_shutterstock.jpg\",\"datePublished\":\"2021-08-20T18:32:53+00:00\",\"dateModified\":\"2021-08-20T18:32:54+00:00\",\"breadcrumb\":{\"@id\":\"https:\/\/jornalfatosenoticias.com.br\/index.php\/2021\/08\/20\/inteligencia-artificial-pode-detectar-alzheimer-anos-antes-de-aparecimento-dos-sintomas-dizem-cientistas\/#breadcrumb\"},\"inLanguage\":\"pt-BR\",\"potentialAction\":[{\"@type\":\"ReadAction\",\"target\":[\"https:\/\/jornalfatosenoticias.com.br\/index.php\/2021\/08\/20\/inteligencia-artificial-pode-detectar-alzheimer-anos-antes-de-aparecimento-dos-sintomas-dizem-cientistas\/\"]}]},{\"@type\":\"ImageObject\",\"inLanguage\":\"pt-BR\",\"@id\":\"https:\/\/jornalfatosenoticias.com.br\/index.php\/2021\/08\/20\/inteligencia-artificial-pode-detectar-alzheimer-anos-antes-de-aparecimento-dos-sintomas-dizem-cientistas\/#primaryimage\",\"url\":\"https:\/\/jornalfatosenoticias.com.br\/wp-content\/uploads\/2021\/08\/Alzheimer-inteligencia-artificial_shutterstock.jpg\",\"contentUrl\":\"https:\/\/jornalfatosenoticias.com.br\/wp-content\/uploads\/2021\/08\/Alzheimer-inteligencia-artificial_shutterstock.jpg\",\"width\":1000,\"height\":450},{\"@type\":\"BreadcrumbList\",\"@id\":\"https:\/\/jornalfatosenoticias.com.br\/index.php\/2021\/08\/20\/inteligencia-artificial-pode-detectar-alzheimer-anos-antes-de-aparecimento-dos-sintomas-dizem-cientistas\/#breadcrumb\",\"itemListElement\":[{\"@type\":\"ListItem\",\"position\":1,\"name\":\"In\u00edcio\",\"item\":\"https:\/\/jornalfatosenoticias.com.br\/\"},{\"@type\":\"ListItem\",\"position\":2,\"name\":\"Intelig\u00eancia Artificial pode detectar Alzheimer anos antes de aparecimento dos sintomas, dizem cientistas\"}]},{\"@type\":\"WebSite\",\"@id\":\"https:\/\/jornalfatosenoticias.com.br\/#website\",\"url\":\"https:\/\/jornalfatosenoticias.com.br\/\",\"name\":\"Jornal Fatos e Not\u00edcias\",\"description\":\"Not\u00edcias em geral\",\"publisher\":{\"@id\":\"https:\/\/jornalfatosenoticias.com.br\/#organization\"},\"potentialAction\":[{\"@type\":\"SearchAction\",\"target\":{\"@type\":\"EntryPoint\",\"urlTemplate\":\"https:\/\/jornalfatosenoticias.com.br\/?s={search_term_string}\"},\"query-input\":{\"@type\":\"PropertyValueSpecification\",\"valueRequired\":true,\"valueName\":\"search_term_string\"}}],\"inLanguage\":\"pt-BR\"},{\"@type\":\"Organization\",\"@id\":\"https:\/\/jornalfatosenoticias.com.br\/#organization\",\"name\":\"Jornal Fatos e Not\u00edcias\",\"url\":\"https:\/\/jornalfatosenoticias.com.br\/\",\"logo\":{\"@type\":\"ImageObject\",\"inLanguage\":\"pt-BR\",\"@id\":\"https:\/\/jornalfatosenoticias.com.br\/#\/schema\/logo\/image\/\",\"url\":\"https:\/\/jornalfatosenoticias.com.br\/wp-content\/uploads\/2020\/02\/logo120.png\",\"contentUrl\":\"https:\/\/jornalfatosenoticias.com.br\/wp-content\/uploads\/2020\/02\/logo120.png\",\"width\":1227,\"height\":120,\"caption\":\"Jornal Fatos e Not\u00edcias\"},\"image\":{\"@id\":\"https:\/\/jornalfatosenoticias.com.br\/#\/schema\/logo\/image\/\"}},{\"@type\":\"Person\",\"@id\":\"https:\/\/jornalfatosenoticias.com.br\/#\/schema\/person\/d63837fa13ac8666eb9e74e0985d6f81\",\"name\":\"Luzimara Fernandes\",\"image\":{\"@type\":\"ImageObject\",\"inLanguage\":\"pt-BR\",\"@id\":\"https:\/\/jornalfatosenoticias.com.br\/#\/schema\/person\/image\/\",\"url\":\"https:\/\/jornalfatosenoticias.com.br\/wp-content\/uploads\/2025\/05\/EU_portal.jpg\",\"contentUrl\":\"https:\/\/jornalfatosenoticias.com.br\/wp-content\/uploads\/2025\/05\/EU_portal.jpg\",\"caption\":\"Luzimara Fernandes\"},\"description\":\"Jornalista MTB 2358-ES\",\"sameAs\":[\"https:\/\/jornalfatosenoticias.com.br\"],\"url\":\"https:\/\/jornalfatosenoticias.com.br\/index.php\/author\/luzimara\/\"}]}<\/script>\n<!-- \/ Yoast SEO plugin. -->","yoast_head_json":{"title":"Intelig\u00eancia Artificial pode detectar Alzheimer anos antes de aparecimento dos sintomas, dizem cientistas - Jornal Fatos e Not\u00edcias","robots":{"index":"index","follow":"follow","max-snippet":"max-snippet:-1","max-image-preview":"max-image-preview:large","max-video-preview":"max-video-preview:-1"},"canonical":"https:\/\/jornalfatosenoticias.com.br\/index.php\/2021\/08\/20\/inteligencia-artificial-pode-detectar-alzheimer-anos-antes-de-aparecimento-dos-sintomas-dizem-cientistas\/","og_locale":"pt_BR","og_type":"article","og_title":"Intelig\u00eancia Artificial pode detectar Alzheimer anos antes de aparecimento dos sintomas, dizem cientistas - Jornal Fatos e Not\u00edcias","og_description":"Uma equipe liderada pela professora Zoe Kourtzi, da Universidade de Cambridge e do Instituto Alan Turing, desenvolveu ferramentas de Intelig\u00eancia Artificial\u00a0que podem detectar a\u00a0doen\u00e7a de Alzheimer em pacientes em um est\u00e1gio muito inicial. Usando varreduras cerebrais de 80 pacientes que desenvolveram doen\u00e7a de Alzheimer, o algoritmo dessas m\u00e1quinas de aprendizado aprendeu a detectar mudan\u00e7as estruturais [&hellip;]","og_url":"https:\/\/jornalfatosenoticias.com.br\/index.php\/2021\/08\/20\/inteligencia-artificial-pode-detectar-alzheimer-anos-antes-de-aparecimento-dos-sintomas-dizem-cientistas\/","og_site_name":"Jornal Fatos e Not\u00edcias","article_published_time":"2021-08-20T18:32:53+00:00","article_modified_time":"2021-08-20T18:32:54+00:00","og_image":[{"width":1000,"height":450,"url":"https:\/\/jornalfatosenoticias.com.br\/wp-content\/uploads\/2021\/08\/Alzheimer-inteligencia-artificial_shutterstock.jpg","type":"image\/jpeg"}],"author":"Luzimara Fernandes","twitter_card":"summary_large_image","twitter_misc":{"Escrito por":"Luzimara Fernandes","Est. tempo de leitura":"3 minutos"},"schema":{"@context":"https:\/\/schema.org","@graph":[{"@type":"Article","@id":"https:\/\/jornalfatosenoticias.com.br\/index.php\/2021\/08\/20\/inteligencia-artificial-pode-detectar-alzheimer-anos-antes-de-aparecimento-dos-sintomas-dizem-cientistas\/#article","isPartOf":{"@id":"https:\/\/jornalfatosenoticias.com.br\/index.php\/2021\/08\/20\/inteligencia-artificial-pode-detectar-alzheimer-anos-antes-de-aparecimento-dos-sintomas-dizem-cientistas\/"},"author":{"name":"Luzimara Fernandes","@id":"https:\/\/jornalfatosenoticias.com.br\/#\/schema\/person\/d63837fa13ac8666eb9e74e0985d6f81"},"headline":"Intelig\u00eancia Artificial pode detectar Alzheimer anos antes de aparecimento dos sintomas, dizem cientistas","datePublished":"2021-08-20T18:32:53+00:00","dateModified":"2021-08-20T18:32:54+00:00","mainEntityOfPage":{"@id":"https:\/\/jornalfatosenoticias.com.br\/index.php\/2021\/08\/20\/inteligencia-artificial-pode-detectar-alzheimer-anos-antes-de-aparecimento-dos-sintomas-dizem-cientistas\/"},"wordCount":651,"commentCount":0,"publisher":{"@id":"https:\/\/jornalfatosenoticias.com.br\/#organization"},"image":{"@id":"https:\/\/jornalfatosenoticias.com.br\/index.php\/2021\/08\/20\/inteligencia-artificial-pode-detectar-alzheimer-anos-antes-de-aparecimento-dos-sintomas-dizem-cientistas\/#primaryimage"},"thumbnailUrl":"https:\/\/jornalfatosenoticias.com.br\/wp-content\/uploads\/2021\/08\/Alzheimer-inteligencia-artificial_shutterstock.jpg","keywords":["algoritmo","Alzheimer","diagn\u00f3stico","intelig\u00eancia artificial","mem\u00f3ria","neur\u00f4nios","sintomas"],"articleSection":["Sa\u00fade","Tecnologia &amp; Inova\u00e7\u00e3o"],"inLanguage":"pt-BR","potentialAction":[{"@type":"CommentAction","name":"Comment","target":["https:\/\/jornalfatosenoticias.com.br\/index.php\/2021\/08\/20\/inteligencia-artificial-pode-detectar-alzheimer-anos-antes-de-aparecimento-dos-sintomas-dizem-cientistas\/#respond"]}]},{"@type":"WebPage","@id":"https:\/\/jornalfatosenoticias.com.br\/index.php\/2021\/08\/20\/inteligencia-artificial-pode-detectar-alzheimer-anos-antes-de-aparecimento-dos-sintomas-dizem-cientistas\/","url":"https:\/\/jornalfatosenoticias.com.br\/index.php\/2021\/08\/20\/inteligencia-artificial-pode-detectar-alzheimer-anos-antes-de-aparecimento-dos-sintomas-dizem-cientistas\/","name":"Intelig\u00eancia Artificial pode detectar Alzheimer anos antes de aparecimento dos sintomas, dizem cientistas - Jornal Fatos e Not\u00edcias","isPartOf":{"@id":"https:\/\/jornalfatosenoticias.com.br\/#website"},"primaryImageOfPage":{"@id":"https:\/\/jornalfatosenoticias.com.br\/index.php\/2021\/08\/20\/inteligencia-artificial-pode-detectar-alzheimer-anos-antes-de-aparecimento-dos-sintomas-dizem-cientistas\/#primaryimage"},"image":{"@id":"https:\/\/jornalfatosenoticias.com.br\/index.php\/2021\/08\/20\/inteligencia-artificial-pode-detectar-alzheimer-anos-antes-de-aparecimento-dos-sintomas-dizem-cientistas\/#primaryimage"},"thumbnailUrl":"https:\/\/jornalfatosenoticias.com.br\/wp-content\/uploads\/2021\/08\/Alzheimer-inteligencia-artificial_shutterstock.jpg","datePublished":"2021-08-20T18:32:53+00:00","dateModified":"2021-08-20T18:32:54+00:00","breadcrumb":{"@id":"https:\/\/jornalfatosenoticias.com.br\/index.php\/2021\/08\/20\/inteligencia-artificial-pode-detectar-alzheimer-anos-antes-de-aparecimento-dos-sintomas-dizem-cientistas\/#breadcrumb"},"inLanguage":"pt-BR","potentialAction":[{"@type":"ReadAction","target":["https:\/\/jornalfatosenoticias.com.br\/index.php\/2021\/08\/20\/inteligencia-artificial-pode-detectar-alzheimer-anos-antes-de-aparecimento-dos-sintomas-dizem-cientistas\/"]}]},{"@type":"ImageObject","inLanguage":"pt-BR","@id":"https:\/\/jornalfatosenoticias.com.br\/index.php\/2021\/08\/20\/inteligencia-artificial-pode-detectar-alzheimer-anos-antes-de-aparecimento-dos-sintomas-dizem-cientistas\/#primaryimage","url":"https:\/\/jornalfatosenoticias.com.br\/wp-content\/uploads\/2021\/08\/Alzheimer-inteligencia-artificial_shutterstock.jpg","contentUrl":"https:\/\/jornalfatosenoticias.com.br\/wp-content\/uploads\/2021\/08\/Alzheimer-inteligencia-artificial_shutterstock.jpg","width":1000,"height":450},{"@type":"BreadcrumbList","@id":"https:\/\/jornalfatosenoticias.com.br\/index.php\/2021\/08\/20\/inteligencia-artificial-pode-detectar-alzheimer-anos-antes-de-aparecimento-dos-sintomas-dizem-cientistas\/#breadcrumb","itemListElement":[{"@type":"ListItem","position":1,"name":"In\u00edcio","item":"https:\/\/jornalfatosenoticias.com.br\/"},{"@type":"ListItem","position":2,"name":"Intelig\u00eancia Artificial pode detectar Alzheimer anos antes de aparecimento dos sintomas, dizem cientistas"}]},{"@type":"WebSite","@id":"https:\/\/jornalfatosenoticias.com.br\/#website","url":"https:\/\/jornalfatosenoticias.com.br\/","name":"Jornal Fatos e Not\u00edcias","description":"Not\u00edcias em geral","publisher":{"@id":"https:\/\/jornalfatosenoticias.com.br\/#organization"},"potentialAction":[{"@type":"SearchAction","target":{"@type":"EntryPoint","urlTemplate":"https:\/\/jornalfatosenoticias.com.br\/?s={search_term_string}"},"query-input":{"@type":"PropertyValueSpecification","valueRequired":true,"valueName":"search_term_string"}}],"inLanguage":"pt-BR"},{"@type":"Organization","@id":"https:\/\/jornalfatosenoticias.com.br\/#organization","name":"Jornal Fatos e Not\u00edcias","url":"https:\/\/jornalfatosenoticias.com.br\/","logo":{"@type":"ImageObject","inLanguage":"pt-BR","@id":"https:\/\/jornalfatosenoticias.com.br\/#\/schema\/logo\/image\/","url":"https:\/\/jornalfatosenoticias.com.br\/wp-content\/uploads\/2020\/02\/logo120.png","contentUrl":"https:\/\/jornalfatosenoticias.com.br\/wp-content\/uploads\/2020\/02\/logo120.png","width":1227,"height":120,"caption":"Jornal Fatos e Not\u00edcias"},"image":{"@id":"https:\/\/jornalfatosenoticias.com.br\/#\/schema\/logo\/image\/"}},{"@type":"Person","@id":"https:\/\/jornalfatosenoticias.com.br\/#\/schema\/person\/d63837fa13ac8666eb9e74e0985d6f81","name":"Luzimara Fernandes","image":{"@type":"ImageObject","inLanguage":"pt-BR","@id":"https:\/\/jornalfatosenoticias.com.br\/#\/schema\/person\/image\/","url":"https:\/\/jornalfatosenoticias.com.br\/wp-content\/uploads\/2025\/05\/EU_portal.jpg","contentUrl":"https:\/\/jornalfatosenoticias.com.br\/wp-content\/uploads\/2025\/05\/EU_portal.jpg","caption":"Luzimara Fernandes"},"description":"Jornalista MTB 2358-ES","sameAs":["https:\/\/jornalfatosenoticias.com.br"],"url":"https:\/\/jornalfatosenoticias.com.br\/index.php\/author\/luzimara\/"}]}},"cc_featured_image_caption":{"caption_text":"(Foto: Shutterstock)","source_text":"","source_url":""},"jetpack_featured_media_url":"https:\/\/jornalfatosenoticias.com.br\/wp-content\/uploads\/2021\/08\/Alzheimer-inteligencia-artificial_shutterstock.jpg","_links":{"self":[{"href":"https:\/\/jornalfatosenoticias.com.br\/index.php\/wp-json\/wp\/v2\/posts\/22069","targetHints":{"allow":["GET"]}}],"collection":[{"href":"https:\/\/jornalfatosenoticias.com.br\/index.php\/wp-json\/wp\/v2\/posts"}],"about":[{"href":"https:\/\/jornalfatosenoticias.com.br\/index.php\/wp-json\/wp\/v2\/types\/post"}],"author":[{"embeddable":true,"href":"https:\/\/jornalfatosenoticias.com.br\/index.php\/wp-json\/wp\/v2\/users\/2"}],"replies":[{"embeddable":true,"href":"https:\/\/jornalfatosenoticias.com.br\/index.php\/wp-json\/wp\/v2\/comments?post=22069"}],"version-history":[{"count":0,"href":"https:\/\/jornalfatosenoticias.com.br\/index.php\/wp-json\/wp\/v2\/posts\/22069\/revisions"}],"wp:featuredmedia":[{"embeddable":true,"href":"https:\/\/jornalfatosenoticias.com.br\/index.php\/wp-json\/wp\/v2\/media\/22070"}],"wp:attachment":[{"href":"https:\/\/jornalfatosenoticias.com.br\/index.php\/wp-json\/wp\/v2\/media?parent=22069"}],"wp:term":[{"taxonomy":"category","embeddable":true,"href":"https:\/\/jornalfatosenoticias.com.br\/index.php\/wp-json\/wp\/v2\/categories?post=22069"},{"taxonomy":"post_tag","embeddable":true,"href":"https:\/\/jornalfatosenoticias.com.br\/index.php\/wp-json\/wp\/v2\/tags?post=22069"}],"curies":[{"name":"wp","href":"https:\/\/api.w.org\/{rel}","templated":true}]}}