{"id":22083,"date":"2021-08-20T15:52:06","date_gmt":"2021-08-20T18:52:06","guid":{"rendered":"https:\/\/jornalfatosenoticias.com.br\/?p=22083"},"modified":"2021-08-20T16:03:58","modified_gmt":"2021-08-20T19:03:58","slug":"estresse-pos-traumatico-pode-estar-ligado-a-luto-nao-superado-diz-pesquisa","status":"publish","type":"post","link":"https:\/\/jornalfatosenoticias.com.br\/index.php\/2021\/08\/20\/estresse-pos-traumatico-pode-estar-ligado-a-luto-nao-superado-diz-pesquisa\/","title":{"rendered":"Estresse p\u00f3s-traum\u00e1tico pode estar ligado a luto n\u00e3o superado, diz pesquisa"},"content":{"rendered":"\n<p>Uma <a href=\"https:\/\/olhardigital.com.br\/tag\/pesquisa\/\" target=\"_blank\" rel=\"noreferrer noopener\">pesquisa<\/a>\u00a0da Associa\u00e7\u00e3o Americana de Psicologia aponta que os sobreviventes de traumas tendem a sofrer de estresse p\u00f3s-traum\u00e1ticos ap\u00f3s perderem um parente ou amigo querido. De acordo com a pesquisa, o problema pode anteceder a dificuldade em superar a fase de\u00a0<a href=\"https:\/\/olhardigital.com.br\/tag\/luto\/\" target=\"_blank\" rel=\"noreferrer noopener\">luto<\/a>.<br>\u201cO luto \u00e9 uma resposta normal \u00e0 perda de algu\u00e9m pr\u00f3ximo, mas perdas traum\u00e1ticas podem prejudicar gravemente os sobreviventes por anos\u201d, afirmou a pesquisadora do Centro Noruegu\u00eas para Estudos de Viol\u00eancia e Estresse Traum\u00e1tico, Kristin Alve Glad.<br>A pesquisadora aponta que o estudo deixa claro que tratar sobreviventes de trauma, al\u00e9m de identificar o estresse p\u00f3s-traum\u00e1tico no in\u00edcio pode evitar um luto complicado, j\u00e1 que em muitos casos os sintomas podem se intensificar com o passar do tempo.<br>Os respons\u00e1veis pela pesquisa entrevistaram 275 sobreviventes de um <a href=\"https:\/\/olhardigital.com.br\/tag\/terrorismo\/\" target=\"_blank\" rel=\"noreferrer noopener\">ataque terrorista<\/a> na Noruega em 2011. Foram realizadas tr\u00eas entrevistas, uma ap\u00f3s quatro meses do atentado, outra 14 meses depois e a \u00faltima com mais de 30 meses do acontecido.<\/p>\n\n\n\n<figure class=\"wp-block-image size-large is-style-default\"><img loading=\"lazy\" decoding=\"async\" width=\"1000\" height=\"667\" src=\"https:\/\/jornalfatosenoticias.com.br\/wp-content\/uploads\/2021\/08\/mulher-luto-transtorno-estresse2.jpg\" alt=\"\" class=\"wp-image-22085\" srcset=\"https:\/\/jornalfatosenoticias.com.br\/wp-content\/uploads\/2021\/08\/mulher-luto-transtorno-estresse2.jpg 1000w, https:\/\/jornalfatosenoticias.com.br\/wp-content\/uploads\/2021\/08\/mulher-luto-transtorno-estresse2-300x200.jpg 300w, https:\/\/jornalfatosenoticias.com.br\/wp-content\/uploads\/2021\/08\/mulher-luto-transtorno-estresse2-768x512.jpg 768w\" sizes=\"auto, (max-width: 1000px) 100vw, 1000px\" \/><figcaption><em><span class=\"has-inline-color has-black-color\">Transtorno de estresse p\u00f3s-traum\u00e1tico pode estar ligado a luto n\u00e3o superado, diz pesquisa (Foto: ESB Professional\/Shutterstock)<\/span><\/em><\/figcaption><\/figure>\n\n\n\n<p>De todos os participantes, 256 perderam amigos pr\u00f3ximos no ataque, seis perderam um membro da fam\u00edlia e 13 tiveram que lidar com a <a href=\"https:\/\/olhardigital.com.br\/tag\/morte\/\" target=\"_blank\" rel=\"noreferrer noopener\">morte<\/a> de um amigo pr\u00f3ximo e um membro da fam\u00edlia simultaneamente. A pesquisa mostrou que os participantes que relataram sintomas de estresse p\u00f3s-traum\u00e1tico tamb\u00e9m eram mais propensos a desenvolver sintomas de luto complicado.<br>\u201cLuto complicado foi definido como um anseio intenso e persistente, saudade e tristeza, geralmente acompanhados por pensamentos ou imagens insistentes do falecido e um sentimento de descren\u00e7a ou incapacidade de aceitar a dolorosa realidade da morte da pessoa\u201d, diz a pesquisa.<br>De acordo com o estudo, os sintomas de estresse p\u00f3s-traum\u00e1tico podem prever o desenvolvimento de um processo de luto complicado, o que pode ajudar m\u00e9dicos a desenvolveram tratamentos que visam evitar o problema em pessoas enlutadas.<\/p>\n\n\n\n<p><strong><em>Fonte: <a href=\"https:\/\/olhardigital.com.br\/2021\/08\/16\/medicina-e-saude\/estresse-pos-traumatico-pode-estar-ligado-a-luto-nao-superado-diz-pesquisa\/\">Olhar Digital<\/a><\/em><\/strong><\/p>\n","protected":false},"excerpt":{"rendered":"<p>Uma pesquisa\u00a0da Associa\u00e7\u00e3o Americana de Psicologia aponta que os sobreviventes de traumas tendem a sofrer de estresse p\u00f3s-traum\u00e1ticos ap\u00f3s perderem um parente ou amigo querido. De acordo com a pesquisa, o problema pode anteceder a dificuldade em superar a fase de\u00a0luto.\u201cO luto \u00e9 uma resposta normal \u00e0 perda de algu\u00e9m pr\u00f3ximo, mas perdas traum\u00e1ticas podem [&hellip;]<\/p>\n","protected":false},"author":2,"featured_media":22084,"comment_status":"open","ping_status":"open","sticky":false,"template":"","format":"standard","meta":{"footnotes":""},"categories":[2522],"tags":[2280,2702,10795,771,10796],"class_list":["post-22083","post","type-post","status-publish","format-standard","has-post-thumbnail","hentry","category-comportamento","tag-estresse","tag-estresse-pos-traumatico","tag-luto","tag-morte","tag-perdas"],"yoast_head":"<!-- This site is optimized with the Yoast SEO plugin v26.5 - https:\/\/yoast.com\/wordpress\/plugins\/seo\/ -->\n<title>Estresse p\u00f3s-traum\u00e1tico pode estar ligado a luto n\u00e3o superado, diz pesquisa - Jornal Fatos e Not\u00edcias<\/title>\n<meta name=\"robots\" content=\"index, follow, max-snippet:-1, max-image-preview:large, max-video-preview:-1\" \/>\n<link rel=\"canonical\" href=\"https:\/\/jornalfatosenoticias.com.br\/index.php\/2021\/08\/20\/estresse-pos-traumatico-pode-estar-ligado-a-luto-nao-superado-diz-pesquisa\/\" \/>\n<meta property=\"og:locale\" content=\"pt_BR\" \/>\n<meta property=\"og:type\" content=\"article\" \/>\n<meta property=\"og:title\" content=\"Estresse p\u00f3s-traum\u00e1tico pode estar ligado a luto n\u00e3o superado, diz pesquisa - Jornal Fatos e Not\u00edcias\" \/>\n<meta property=\"og:description\" content=\"Uma pesquisa\u00a0da Associa\u00e7\u00e3o Americana de Psicologia aponta que os sobreviventes de traumas tendem a sofrer de estresse p\u00f3s-traum\u00e1ticos ap\u00f3s perderem um parente ou amigo querido. De acordo com a pesquisa, o problema pode anteceder a dificuldade em superar a fase de\u00a0luto.\u201cO luto \u00e9 uma resposta normal \u00e0 perda de algu\u00e9m pr\u00f3ximo, mas perdas traum\u00e1ticas podem [&hellip;]\" \/>\n<meta property=\"og:url\" content=\"https:\/\/jornalfatosenoticias.com.br\/index.php\/2021\/08\/20\/estresse-pos-traumatico-pode-estar-ligado-a-luto-nao-superado-diz-pesquisa\/\" \/>\n<meta property=\"og:site_name\" content=\"Jornal Fatos e Not\u00edcias\" \/>\n<meta property=\"article:published_time\" content=\"2021-08-20T18:52:06+00:00\" \/>\n<meta property=\"article:modified_time\" content=\"2021-08-20T19:03:58+00:00\" \/>\n<meta property=\"og:image\" content=\"https:\/\/jornalfatosenoticias.com.br\/wp-content\/uploads\/2021\/08\/mulher-luto-transtorno-estresse1.jpg\" \/>\n\t<meta property=\"og:image:width\" content=\"1000\" \/>\n\t<meta property=\"og:image:height\" content=\"666\" \/>\n\t<meta property=\"og:image:type\" content=\"image\/jpeg\" \/>\n<meta name=\"author\" content=\"Luzimara Fernandes\" \/>\n<meta name=\"twitter:card\" content=\"summary_large_image\" \/>\n<meta name=\"twitter:label1\" content=\"Escrito por\" \/>\n\t<meta name=\"twitter:data1\" content=\"Luzimara Fernandes\" \/>\n\t<meta name=\"twitter:label2\" content=\"Est. tempo de leitura\" \/>\n\t<meta name=\"twitter:data2\" content=\"2 minutos\" \/>\n<script type=\"application\/ld+json\" class=\"yoast-schema-graph\">{\"@context\":\"https:\/\/schema.org\",\"@graph\":[{\"@type\":\"Article\",\"@id\":\"https:\/\/jornalfatosenoticias.com.br\/index.php\/2021\/08\/20\/estresse-pos-traumatico-pode-estar-ligado-a-luto-nao-superado-diz-pesquisa\/#article\",\"isPartOf\":{\"@id\":\"https:\/\/jornalfatosenoticias.com.br\/index.php\/2021\/08\/20\/estresse-pos-traumatico-pode-estar-ligado-a-luto-nao-superado-diz-pesquisa\/\"},\"author\":{\"name\":\"Luzimara Fernandes\",\"@id\":\"https:\/\/jornalfatosenoticias.com.br\/#\/schema\/person\/d63837fa13ac8666eb9e74e0985d6f81\"},\"headline\":\"Estresse p\u00f3s-traum\u00e1tico pode estar ligado a luto n\u00e3o superado, diz pesquisa\",\"datePublished\":\"2021-08-20T18:52:06+00:00\",\"dateModified\":\"2021-08-20T19:03:58+00:00\",\"mainEntityOfPage\":{\"@id\":\"https:\/\/jornalfatosenoticias.com.br\/index.php\/2021\/08\/20\/estresse-pos-traumatico-pode-estar-ligado-a-luto-nao-superado-diz-pesquisa\/\"},\"wordCount\":350,\"commentCount\":0,\"publisher\":{\"@id\":\"https:\/\/jornalfatosenoticias.com.br\/#organization\"},\"image\":{\"@id\":\"https:\/\/jornalfatosenoticias.com.br\/index.php\/2021\/08\/20\/estresse-pos-traumatico-pode-estar-ligado-a-luto-nao-superado-diz-pesquisa\/#primaryimage\"},\"thumbnailUrl\":\"https:\/\/jornalfatosenoticias.com.br\/wp-content\/uploads\/2021\/08\/mulher-luto-transtorno-estresse1.jpg\",\"keywords\":[\"estresse\",\"estresse p\u00f3s-traum\u00e1tico\",\"luto\",\"morte\",\"perdas\"],\"articleSection\":[\"Comportamento &amp; Equil\u00edbrio\"],\"inLanguage\":\"pt-BR\",\"potentialAction\":[{\"@type\":\"CommentAction\",\"name\":\"Comment\",\"target\":[\"https:\/\/jornalfatosenoticias.com.br\/index.php\/2021\/08\/20\/estresse-pos-traumatico-pode-estar-ligado-a-luto-nao-superado-diz-pesquisa\/#respond\"]}]},{\"@type\":\"WebPage\",\"@id\":\"https:\/\/jornalfatosenoticias.com.br\/index.php\/2021\/08\/20\/estresse-pos-traumatico-pode-estar-ligado-a-luto-nao-superado-diz-pesquisa\/\",\"url\":\"https:\/\/jornalfatosenoticias.com.br\/index.php\/2021\/08\/20\/estresse-pos-traumatico-pode-estar-ligado-a-luto-nao-superado-diz-pesquisa\/\",\"name\":\"Estresse p\u00f3s-traum\u00e1tico pode estar ligado a luto n\u00e3o superado, diz pesquisa - Jornal Fatos e Not\u00edcias\",\"isPartOf\":{\"@id\":\"https:\/\/jornalfatosenoticias.com.br\/#website\"},\"primaryImageOfPage\":{\"@id\":\"https:\/\/jornalfatosenoticias.com.br\/index.php\/2021\/08\/20\/estresse-pos-traumatico-pode-estar-ligado-a-luto-nao-superado-diz-pesquisa\/#primaryimage\"},\"image\":{\"@id\":\"https:\/\/jornalfatosenoticias.com.br\/index.php\/2021\/08\/20\/estresse-pos-traumatico-pode-estar-ligado-a-luto-nao-superado-diz-pesquisa\/#primaryimage\"},\"thumbnailUrl\":\"https:\/\/jornalfatosenoticias.com.br\/wp-content\/uploads\/2021\/08\/mulher-luto-transtorno-estresse1.jpg\",\"datePublished\":\"2021-08-20T18:52:06+00:00\",\"dateModified\":\"2021-08-20T19:03:58+00:00\",\"breadcrumb\":{\"@id\":\"https:\/\/jornalfatosenoticias.com.br\/index.php\/2021\/08\/20\/estresse-pos-traumatico-pode-estar-ligado-a-luto-nao-superado-diz-pesquisa\/#breadcrumb\"},\"inLanguage\":\"pt-BR\",\"potentialAction\":[{\"@type\":\"ReadAction\",\"target\":[\"https:\/\/jornalfatosenoticias.com.br\/index.php\/2021\/08\/20\/estresse-pos-traumatico-pode-estar-ligado-a-luto-nao-superado-diz-pesquisa\/\"]}]},{\"@type\":\"ImageObject\",\"inLanguage\":\"pt-BR\",\"@id\":\"https:\/\/jornalfatosenoticias.com.br\/index.php\/2021\/08\/20\/estresse-pos-traumatico-pode-estar-ligado-a-luto-nao-superado-diz-pesquisa\/#primaryimage\",\"url\":\"https:\/\/jornalfatosenoticias.com.br\/wp-content\/uploads\/2021\/08\/mulher-luto-transtorno-estresse1.jpg\",\"contentUrl\":\"https:\/\/jornalfatosenoticias.com.br\/wp-content\/uploads\/2021\/08\/mulher-luto-transtorno-estresse1.jpg\",\"width\":1000,\"height\":666},{\"@type\":\"BreadcrumbList\",\"@id\":\"https:\/\/jornalfatosenoticias.com.br\/index.php\/2021\/08\/20\/estresse-pos-traumatico-pode-estar-ligado-a-luto-nao-superado-diz-pesquisa\/#breadcrumb\",\"itemListElement\":[{\"@type\":\"ListItem\",\"position\":1,\"name\":\"In\u00edcio\",\"item\":\"https:\/\/jornalfatosenoticias.com.br\/\"},{\"@type\":\"ListItem\",\"position\":2,\"name\":\"Estresse p\u00f3s-traum\u00e1tico pode estar ligado a luto n\u00e3o superado, diz pesquisa\"}]},{\"@type\":\"WebSite\",\"@id\":\"https:\/\/jornalfatosenoticias.com.br\/#website\",\"url\":\"https:\/\/jornalfatosenoticias.com.br\/\",\"name\":\"Jornal Fatos e Not\u00edcias\",\"description\":\"Not\u00edcias em geral\",\"publisher\":{\"@id\":\"https:\/\/jornalfatosenoticias.com.br\/#organization\"},\"potentialAction\":[{\"@type\":\"SearchAction\",\"target\":{\"@type\":\"EntryPoint\",\"urlTemplate\":\"https:\/\/jornalfatosenoticias.com.br\/?s={search_term_string}\"},\"query-input\":{\"@type\":\"PropertyValueSpecification\",\"valueRequired\":true,\"valueName\":\"search_term_string\"}}],\"inLanguage\":\"pt-BR\"},{\"@type\":\"Organization\",\"@id\":\"https:\/\/jornalfatosenoticias.com.br\/#organization\",\"name\":\"Jornal Fatos e Not\u00edcias\",\"url\":\"https:\/\/jornalfatosenoticias.com.br\/\",\"logo\":{\"@type\":\"ImageObject\",\"inLanguage\":\"pt-BR\",\"@id\":\"https:\/\/jornalfatosenoticias.com.br\/#\/schema\/logo\/image\/\",\"url\":\"https:\/\/jornalfatosenoticias.com.br\/wp-content\/uploads\/2020\/02\/logo120.png\",\"contentUrl\":\"https:\/\/jornalfatosenoticias.com.br\/wp-content\/uploads\/2020\/02\/logo120.png\",\"width\":1227,\"height\":120,\"caption\":\"Jornal Fatos e Not\u00edcias\"},\"image\":{\"@id\":\"https:\/\/jornalfatosenoticias.com.br\/#\/schema\/logo\/image\/\"}},{\"@type\":\"Person\",\"@id\":\"https:\/\/jornalfatosenoticias.com.br\/#\/schema\/person\/d63837fa13ac8666eb9e74e0985d6f81\",\"name\":\"Luzimara Fernandes\",\"image\":{\"@type\":\"ImageObject\",\"inLanguage\":\"pt-BR\",\"@id\":\"https:\/\/jornalfatosenoticias.com.br\/#\/schema\/person\/image\/\",\"url\":\"https:\/\/jornalfatosenoticias.com.br\/wp-content\/uploads\/2025\/05\/EU_portal.jpg\",\"contentUrl\":\"https:\/\/jornalfatosenoticias.com.br\/wp-content\/uploads\/2025\/05\/EU_portal.jpg\",\"caption\":\"Luzimara Fernandes\"},\"description\":\"Jornalista MTB 2358-ES\",\"sameAs\":[\"https:\/\/jornalfatosenoticias.com.br\"],\"url\":\"https:\/\/jornalfatosenoticias.com.br\/index.php\/author\/luzimara\/\"}]}<\/script>\n<!-- \/ Yoast SEO plugin. -->","yoast_head_json":{"title":"Estresse p\u00f3s-traum\u00e1tico pode estar ligado a luto n\u00e3o superado, diz pesquisa - Jornal Fatos e Not\u00edcias","robots":{"index":"index","follow":"follow","max-snippet":"max-snippet:-1","max-image-preview":"max-image-preview:large","max-video-preview":"max-video-preview:-1"},"canonical":"https:\/\/jornalfatosenoticias.com.br\/index.php\/2021\/08\/20\/estresse-pos-traumatico-pode-estar-ligado-a-luto-nao-superado-diz-pesquisa\/","og_locale":"pt_BR","og_type":"article","og_title":"Estresse p\u00f3s-traum\u00e1tico pode estar ligado a luto n\u00e3o superado, diz pesquisa - Jornal Fatos e Not\u00edcias","og_description":"Uma pesquisa\u00a0da Associa\u00e7\u00e3o Americana de Psicologia aponta que os sobreviventes de traumas tendem a sofrer de estresse p\u00f3s-traum\u00e1ticos ap\u00f3s perderem um parente ou amigo querido. De acordo com a pesquisa, o problema pode anteceder a dificuldade em superar a fase de\u00a0luto.\u201cO luto \u00e9 uma resposta normal \u00e0 perda de algu\u00e9m pr\u00f3ximo, mas perdas traum\u00e1ticas podem [&hellip;]","og_url":"https:\/\/jornalfatosenoticias.com.br\/index.php\/2021\/08\/20\/estresse-pos-traumatico-pode-estar-ligado-a-luto-nao-superado-diz-pesquisa\/","og_site_name":"Jornal Fatos e Not\u00edcias","article_published_time":"2021-08-20T18:52:06+00:00","article_modified_time":"2021-08-20T19:03:58+00:00","og_image":[{"width":1000,"height":666,"url":"https:\/\/jornalfatosenoticias.com.br\/wp-content\/uploads\/2021\/08\/mulher-luto-transtorno-estresse1.jpg","type":"image\/jpeg"}],"author":"Luzimara Fernandes","twitter_card":"summary_large_image","twitter_misc":{"Escrito por":"Luzimara Fernandes","Est. tempo de leitura":"2 minutos"},"schema":{"@context":"https:\/\/schema.org","@graph":[{"@type":"Article","@id":"https:\/\/jornalfatosenoticias.com.br\/index.php\/2021\/08\/20\/estresse-pos-traumatico-pode-estar-ligado-a-luto-nao-superado-diz-pesquisa\/#article","isPartOf":{"@id":"https:\/\/jornalfatosenoticias.com.br\/index.php\/2021\/08\/20\/estresse-pos-traumatico-pode-estar-ligado-a-luto-nao-superado-diz-pesquisa\/"},"author":{"name":"Luzimara Fernandes","@id":"https:\/\/jornalfatosenoticias.com.br\/#\/schema\/person\/d63837fa13ac8666eb9e74e0985d6f81"},"headline":"Estresse p\u00f3s-traum\u00e1tico pode estar ligado a luto n\u00e3o superado, diz pesquisa","datePublished":"2021-08-20T18:52:06+00:00","dateModified":"2021-08-20T19:03:58+00:00","mainEntityOfPage":{"@id":"https:\/\/jornalfatosenoticias.com.br\/index.php\/2021\/08\/20\/estresse-pos-traumatico-pode-estar-ligado-a-luto-nao-superado-diz-pesquisa\/"},"wordCount":350,"commentCount":0,"publisher":{"@id":"https:\/\/jornalfatosenoticias.com.br\/#organization"},"image":{"@id":"https:\/\/jornalfatosenoticias.com.br\/index.php\/2021\/08\/20\/estresse-pos-traumatico-pode-estar-ligado-a-luto-nao-superado-diz-pesquisa\/#primaryimage"},"thumbnailUrl":"https:\/\/jornalfatosenoticias.com.br\/wp-content\/uploads\/2021\/08\/mulher-luto-transtorno-estresse1.jpg","keywords":["estresse","estresse p\u00f3s-traum\u00e1tico","luto","morte","perdas"],"articleSection":["Comportamento &amp; Equil\u00edbrio"],"inLanguage":"pt-BR","potentialAction":[{"@type":"CommentAction","name":"Comment","target":["https:\/\/jornalfatosenoticias.com.br\/index.php\/2021\/08\/20\/estresse-pos-traumatico-pode-estar-ligado-a-luto-nao-superado-diz-pesquisa\/#respond"]}]},{"@type":"WebPage","@id":"https:\/\/jornalfatosenoticias.com.br\/index.php\/2021\/08\/20\/estresse-pos-traumatico-pode-estar-ligado-a-luto-nao-superado-diz-pesquisa\/","url":"https:\/\/jornalfatosenoticias.com.br\/index.php\/2021\/08\/20\/estresse-pos-traumatico-pode-estar-ligado-a-luto-nao-superado-diz-pesquisa\/","name":"Estresse p\u00f3s-traum\u00e1tico pode estar ligado a luto n\u00e3o superado, diz pesquisa - Jornal Fatos e Not\u00edcias","isPartOf":{"@id":"https:\/\/jornalfatosenoticias.com.br\/#website"},"primaryImageOfPage":{"@id":"https:\/\/jornalfatosenoticias.com.br\/index.php\/2021\/08\/20\/estresse-pos-traumatico-pode-estar-ligado-a-luto-nao-superado-diz-pesquisa\/#primaryimage"},"image":{"@id":"https:\/\/jornalfatosenoticias.com.br\/index.php\/2021\/08\/20\/estresse-pos-traumatico-pode-estar-ligado-a-luto-nao-superado-diz-pesquisa\/#primaryimage"},"thumbnailUrl":"https:\/\/jornalfatosenoticias.com.br\/wp-content\/uploads\/2021\/08\/mulher-luto-transtorno-estresse1.jpg","datePublished":"2021-08-20T18:52:06+00:00","dateModified":"2021-08-20T19:03:58+00:00","breadcrumb":{"@id":"https:\/\/jornalfatosenoticias.com.br\/index.php\/2021\/08\/20\/estresse-pos-traumatico-pode-estar-ligado-a-luto-nao-superado-diz-pesquisa\/#breadcrumb"},"inLanguage":"pt-BR","potentialAction":[{"@type":"ReadAction","target":["https:\/\/jornalfatosenoticias.com.br\/index.php\/2021\/08\/20\/estresse-pos-traumatico-pode-estar-ligado-a-luto-nao-superado-diz-pesquisa\/"]}]},{"@type":"ImageObject","inLanguage":"pt-BR","@id":"https:\/\/jornalfatosenoticias.com.br\/index.php\/2021\/08\/20\/estresse-pos-traumatico-pode-estar-ligado-a-luto-nao-superado-diz-pesquisa\/#primaryimage","url":"https:\/\/jornalfatosenoticias.com.br\/wp-content\/uploads\/2021\/08\/mulher-luto-transtorno-estresse1.jpg","contentUrl":"https:\/\/jornalfatosenoticias.com.br\/wp-content\/uploads\/2021\/08\/mulher-luto-transtorno-estresse1.jpg","width":1000,"height":666},{"@type":"BreadcrumbList","@id":"https:\/\/jornalfatosenoticias.com.br\/index.php\/2021\/08\/20\/estresse-pos-traumatico-pode-estar-ligado-a-luto-nao-superado-diz-pesquisa\/#breadcrumb","itemListElement":[{"@type":"ListItem","position":1,"name":"In\u00edcio","item":"https:\/\/jornalfatosenoticias.com.br\/"},{"@type":"ListItem","position":2,"name":"Estresse p\u00f3s-traum\u00e1tico pode estar ligado a luto n\u00e3o superado, diz pesquisa"}]},{"@type":"WebSite","@id":"https:\/\/jornalfatosenoticias.com.br\/#website","url":"https:\/\/jornalfatosenoticias.com.br\/","name":"Jornal Fatos e Not\u00edcias","description":"Not\u00edcias em geral","publisher":{"@id":"https:\/\/jornalfatosenoticias.com.br\/#organization"},"potentialAction":[{"@type":"SearchAction","target":{"@type":"EntryPoint","urlTemplate":"https:\/\/jornalfatosenoticias.com.br\/?s={search_term_string}"},"query-input":{"@type":"PropertyValueSpecification","valueRequired":true,"valueName":"search_term_string"}}],"inLanguage":"pt-BR"},{"@type":"Organization","@id":"https:\/\/jornalfatosenoticias.com.br\/#organization","name":"Jornal Fatos e Not\u00edcias","url":"https:\/\/jornalfatosenoticias.com.br\/","logo":{"@type":"ImageObject","inLanguage":"pt-BR","@id":"https:\/\/jornalfatosenoticias.com.br\/#\/schema\/logo\/image\/","url":"https:\/\/jornalfatosenoticias.com.br\/wp-content\/uploads\/2020\/02\/logo120.png","contentUrl":"https:\/\/jornalfatosenoticias.com.br\/wp-content\/uploads\/2020\/02\/logo120.png","width":1227,"height":120,"caption":"Jornal Fatos e Not\u00edcias"},"image":{"@id":"https:\/\/jornalfatosenoticias.com.br\/#\/schema\/logo\/image\/"}},{"@type":"Person","@id":"https:\/\/jornalfatosenoticias.com.br\/#\/schema\/person\/d63837fa13ac8666eb9e74e0985d6f81","name":"Luzimara Fernandes","image":{"@type":"ImageObject","inLanguage":"pt-BR","@id":"https:\/\/jornalfatosenoticias.com.br\/#\/schema\/person\/image\/","url":"https:\/\/jornalfatosenoticias.com.br\/wp-content\/uploads\/2025\/05\/EU_portal.jpg","contentUrl":"https:\/\/jornalfatosenoticias.com.br\/wp-content\/uploads\/2025\/05\/EU_portal.jpg","caption":"Luzimara Fernandes"},"description":"Jornalista MTB 2358-ES","sameAs":["https:\/\/jornalfatosenoticias.com.br"],"url":"https:\/\/jornalfatosenoticias.com.br\/index.php\/author\/luzimara\/"}]}},"cc_featured_image_caption":{"caption_text":"(Foto: Getty Images\/iStock) ","source_text":"","source_url":""},"jetpack_featured_media_url":"https:\/\/jornalfatosenoticias.com.br\/wp-content\/uploads\/2021\/08\/mulher-luto-transtorno-estresse1.jpg","_links":{"self":[{"href":"https:\/\/jornalfatosenoticias.com.br\/index.php\/wp-json\/wp\/v2\/posts\/22083","targetHints":{"allow":["GET"]}}],"collection":[{"href":"https:\/\/jornalfatosenoticias.com.br\/index.php\/wp-json\/wp\/v2\/posts"}],"about":[{"href":"https:\/\/jornalfatosenoticias.com.br\/index.php\/wp-json\/wp\/v2\/types\/post"}],"author":[{"embeddable":true,"href":"https:\/\/jornalfatosenoticias.com.br\/index.php\/wp-json\/wp\/v2\/users\/2"}],"replies":[{"embeddable":true,"href":"https:\/\/jornalfatosenoticias.com.br\/index.php\/wp-json\/wp\/v2\/comments?post=22083"}],"version-history":[{"count":0,"href":"https:\/\/jornalfatosenoticias.com.br\/index.php\/wp-json\/wp\/v2\/posts\/22083\/revisions"}],"wp:featuredmedia":[{"embeddable":true,"href":"https:\/\/jornalfatosenoticias.com.br\/index.php\/wp-json\/wp\/v2\/media\/22084"}],"wp:attachment":[{"href":"https:\/\/jornalfatosenoticias.com.br\/index.php\/wp-json\/wp\/v2\/media?parent=22083"}],"wp:term":[{"taxonomy":"category","embeddable":true,"href":"https:\/\/jornalfatosenoticias.com.br\/index.php\/wp-json\/wp\/v2\/categories?post=22083"},{"taxonomy":"post_tag","embeddable":true,"href":"https:\/\/jornalfatosenoticias.com.br\/index.php\/wp-json\/wp\/v2\/tags?post=22083"}],"curies":[{"name":"wp","href":"https:\/\/api.w.org\/{rel}","templated":true}]}}