{"id":22144,"date":"2021-08-23T17:07:44","date_gmt":"2021-08-23T20:07:44","guid":{"rendered":"https:\/\/jornalfatosenoticias.com.br\/?p=22144"},"modified":"2021-08-23T17:07:48","modified_gmt":"2021-08-23T20:07:48","slug":"conheca-o-rosto-de-gufan-o-paranaense-de-dois-mil-anos","status":"publish","type":"post","link":"https:\/\/jornalfatosenoticias.com.br\/index.php\/2021\/08\/23\/conheca-o-rosto-de-gufan-o-paranaense-de-dois-mil-anos\/","title":{"rendered":"Conhe\u00e7a o rosto de Gufan, o paranaense de dois mil anos"},"content":{"rendered":"\n<p><em><span class=\"has-inline-color has-black-color\">A ossada do ind\u00edgena foi descoberta durante uma escava\u00e7\u00e3o em 1954 e sua reconstru\u00e7\u00e3o facial impressionante revelou detalhes sobre o povo que habitou a regi\u00e3o no passado<\/span><\/em><\/p>\n\n\n\n<p>Em 1954, uma escava\u00e7\u00e3o feita no s\u00edtio arqueol\u00f3gico localizado em Prudent\u00f3polis, no Paran\u00e1, revelou uma ossada extremamente antiga. Na \u00e9poca, durante a pesquisa feita na paleo-aldeia em Estir\u00e3o Comprido, dois pesquisadores fizeram uma descoberta importante.<br><strong>Oldemar Blasi<\/strong>\u00a0e\u00a0<strong>Fernando Altenfelder Silva<\/strong>\u00a0foram pioneiros na arqueologia paranaense e, inclusive, brasileira, como relatou a\u00a0<a href=\"https:\/\/www.gazetadopovo.com.br\/vida-e-cidadania\/gufan-paranaense-de-2-mil-anos-tem-rosto-reconstruido-com-tecnologia-3d-41pgydne7lzyf584vu2tu6o8r\/\" rel=\"noreferrer noopener\" target=\"_blank\">Gazeta do Povo<\/a>. Ao longo dos anos, outros restos mortais tamb\u00e9m foram encontrados durante trabalhos feitos no munic\u00edpio.<br>Mas aquele primeiro esqueleto acabou se tornando a estrela do s\u00edtio arqueol\u00f3gico. Hoje, ele est\u00e1 no Museu Paranaense, \u00e9 conhecido como <strong>Gufan<\/strong>\u00a0e foi protagonista de uma exposi\u00e7\u00e3o de realidade virtual que apresentava sua face em uma\u00a0<a href=\"http:\/\/www.ciceromoraes.com.br\/doc\/pt_br\/Moraes\/Gufan.html\" rel=\"noreferrer noopener\" target=\"_blank\">reconstru\u00e7\u00e3o facial<\/a> em 3D.<br>Foi a partir do cr\u00e2nio descoberto durante a escava\u00e7\u00e3o durante a d\u00e9cada de 50 e muito conhecimento arqueol\u00f3gico obtido por meio de mais de 60 anos de pesquisa que o designer <strong><a href=\"https:\/\/aventurasnahistoria.uol.com.br\/noticias\/reportagem\/cicero-moraes-o-brasileiro-que-da-vida-ao-passado-atraves-de-reconstrucoes-faciais.phtml\" rel=\"noreferrer noopener\" target=\"_blank\">C\u00edcero Moraes<\/a>,<\/strong> especializado em reconstru\u00e7\u00e3o facial forense, conseguiu dar rosto \u00e0 figura que viveu h\u00e1 mais de dois mil anos.<\/p>\n\n\n\n<figure class=\"wp-block-image size-large is-style-default\"><img loading=\"lazy\" decoding=\"async\" width=\"1000\" height=\"706\" src=\"https:\/\/jornalfatosenoticias.com.br\/wp-content\/uploads\/2021\/08\/cranio-de-gufan.jpg\" alt=\"\" class=\"wp-image-22145\" srcset=\"https:\/\/jornalfatosenoticias.com.br\/wp-content\/uploads\/2021\/08\/cranio-de-gufan.jpg 1000w, https:\/\/jornalfatosenoticias.com.br\/wp-content\/uploads\/2021\/08\/cranio-de-gufan-300x212.jpg 300w, https:\/\/jornalfatosenoticias.com.br\/wp-content\/uploads\/2021\/08\/cranio-de-gufan-768x542.jpg 768w\" sizes=\"auto, (max-width: 1000px) 100vw, 1000px\" \/><figcaption><em><span class=\"has-inline-color has-black-color\">Cr\u00e2nio de Gufan e in\u00edcio do processo da reconstru\u00e7\u00e3o facial (Foto: C\u00edcero Moraes)<\/span><\/em><\/figcaption><\/figure>\n\n\n\n<p>Importantes dados como ancestralidade, etnia, faixa et\u00e1ria, sexo, imagens dos restos mortais em v\u00e1rios \u00e2ngulos, entre outras, foram colhidas por <strong>Claudia In\u00eas Parellada<\/strong>, parte do Setor de Arqueologia do Museu Paranaense e uma das mentoras da iniciativa.<br>Em 2017, quando a institui\u00e7\u00e3o estava dando luz ao projeto, em parceria com as empresas Beenoculus e Azuris, a pesquisadora brincou:<br>\u201cEstamos revivendo a face desse homem que morreu dois mil anos atr\u00e1s. N\u00e3o \u00e9 uma m\u00e1quina do tempo, mas estamos quase l\u00e1\u201d.<\/p>\n\n\n\n<p><strong><span class=\"has-inline-color has-black-color\">A reconstru\u00e7\u00e3o facial<br><\/span>Moraes<\/strong> p\u00f4de dar rosto a <strong>Gufan<\/strong>, o paranaense de dois mil anos, por meio da fotogrametria, uma t\u00e9cnica que consegue informa\u00e7\u00f5es por meio de imagens, neste caso, as do cr\u00e2nio que foi escavado no Paran\u00e1. Ele tamb\u00e9m usou programas de escaneamento 3D de fotografias.<br>\u201cA partir deste cr\u00e2nio, n\u00f3s fizemos uma reconstru\u00e7\u00e3o utilizando duas tecnologias\u201d, explica o designer. \u201cUma estat\u00edstica, que s\u00e3o alturas em determinadas regi\u00f5es do rosto que foram levantadas em cima de seres humanos vivos e da ancestralidade compat\u00edvel com o <strong>Gufan<\/strong> e, por outro lado, n\u00f3s fizemos uma modelagem anat\u00f4mica\u201d, completa.<br>Com a reconstru\u00e7\u00e3o facial, foi poss\u00edvel observar pela primeira vez o rosto de uma pessoa que viveu no territ\u00f3rio que ainda viria a ser o Paran\u00e1. Ele \u00e9 ancestral das duas maiores etnias do estado, os Kaingang e os Xokleng, e \u00e9 um homem Proto-J\u00ea.<\/p>\n\n\n\n<figure class=\"wp-block-image size-large is-style-default\"><img loading=\"lazy\" decoding=\"async\" width=\"1000\" height=\"529\" src=\"https:\/\/jornalfatosenoticias.com.br\/wp-content\/uploads\/2021\/08\/reconstrucao_gufan.jpg\" alt=\"\" class=\"wp-image-22146\" srcset=\"https:\/\/jornalfatosenoticias.com.br\/wp-content\/uploads\/2021\/08\/reconstrucao_gufan.jpg 1000w, https:\/\/jornalfatosenoticias.com.br\/wp-content\/uploads\/2021\/08\/reconstrucao_gufan-300x159.jpg 300w, https:\/\/jornalfatosenoticias.com.br\/wp-content\/uploads\/2021\/08\/reconstrucao_gufan-768x406.jpg 768w\" sizes=\"auto, (max-width: 1000px) 100vw, 1000px\" \/><figcaption><em><span class=\"has-inline-color has-black-color\">Processo da reconstru\u00e7\u00e3o facial de Gufan (Foto: C\u00edcero Moraes)<\/span><\/em><\/figcaption><\/figure>\n\n\n\n<p><strong>Gufan<\/strong>\u00a0morava em regi\u00f5es que contavam com o pinheiro Arauc\u00e1ria e fazia parte de um povo ceramista e agricultor, via\u00a0<a href=\"http:\/\/g1.globo.com\/pr\/parana\/ferias-verao\/2017\/noticia\/2017\/01\/museu-paranaense-abre-exposicao-gufan-o-paranaense-de-dois-mil-anos.html\" rel=\"noreferrer noopener\" target=\"_blank\">G1<\/a>. Os ind\u00edgenas ainda eram donos de uma engenharia capaz de desenvolver constru\u00e7\u00f5es subterr\u00e2neas e geralmente pescavam.<br>No entanto, a alimenta\u00e7\u00e3o n\u00e3o contava com muita prote\u00edna animal; na verdade, eles comiam muito mais gr\u00e3os e vegetais, visto que cultivavam erva-mate, ab\u00f3bora, pinh\u00e3o e milho. Al\u00e9m disso, tamb\u00e9m produziam hidromel.<br>A partir das an\u00e1lises feitas no esqueleto encontrado na regi\u00e3o, os pesquisadores puderam chegar \u00e0 conclus\u00e3o de que o paranaense de dois mil anos provavelmente morreu entre os seus 20 e 30 anos ap\u00f3s uma picada de cobra ou depois de ter comido um alimento estragado.<\/p>\n\n\n\n<p><strong><em>Fonte: <a href=\"https:\/\/aventurasnahistoria.uol.com.br\/noticias\/reportagem\/conheca-o-rosto-de-gufan-o-paranaense-de-2-mil-anos.phtml\">Aventuras na Hist\u00f3ria<\/a><\/em><\/strong><\/p>\n","protected":false},"excerpt":{"rendered":"<p>A ossada do ind\u00edgena foi descoberta durante uma escava\u00e7\u00e3o em 1954 e sua reconstru\u00e7\u00e3o facial impressionante revelou detalhes sobre o povo que habitou a regi\u00e3o no passado Em 1954, uma escava\u00e7\u00e3o feita no s\u00edtio arqueol\u00f3gico localizado em Prudent\u00f3polis, no Paran\u00e1, revelou uma ossada extremamente antiga. Na \u00e9poca, durante a pesquisa feita na paleo-aldeia em Estir\u00e3o [&hellip;]<\/p>\n","protected":false},"author":2,"featured_media":22147,"comment_status":"open","ping_status":"open","sticky":false,"template":"","format":"standard","meta":{"footnotes":""},"categories":[9808],"tags":[1478,10814,10815,1460,10816],"class_list":["post-22144","post","type-post","status-publish","format-standard","has-post-thumbnail","hentry","category-paleo-arqueologia","tag-arqueologia","tag-cicero-moraes","tag-gufan","tag-parana","tag-reconstrucao-facial"],"yoast_head":"<!-- This site is optimized with the Yoast SEO plugin v26.5 - https:\/\/yoast.com\/wordpress\/plugins\/seo\/ -->\n<title>Conhe\u00e7a o rosto de Gufan, o paranaense de dois mil anos - Jornal Fatos e Not\u00edcias<\/title>\n<meta name=\"robots\" content=\"index, follow, max-snippet:-1, max-image-preview:large, max-video-preview:-1\" \/>\n<link rel=\"canonical\" href=\"https:\/\/jornalfatosenoticias.com.br\/index.php\/2021\/08\/23\/conheca-o-rosto-de-gufan-o-paranaense-de-dois-mil-anos\/\" \/>\n<meta property=\"og:locale\" content=\"pt_BR\" \/>\n<meta property=\"og:type\" content=\"article\" \/>\n<meta property=\"og:title\" content=\"Conhe\u00e7a o rosto de Gufan, o paranaense de dois mil anos - Jornal Fatos e Not\u00edcias\" \/>\n<meta property=\"og:description\" content=\"A ossada do ind\u00edgena foi descoberta durante uma escava\u00e7\u00e3o em 1954 e sua reconstru\u00e7\u00e3o facial impressionante revelou detalhes sobre o povo que habitou a regi\u00e3o no passado Em 1954, uma escava\u00e7\u00e3o feita no s\u00edtio arqueol\u00f3gico localizado em Prudent\u00f3polis, no Paran\u00e1, revelou uma ossada extremamente antiga. Na \u00e9poca, durante a pesquisa feita na paleo-aldeia em Estir\u00e3o [&hellip;]\" \/>\n<meta property=\"og:url\" content=\"https:\/\/jornalfatosenoticias.com.br\/index.php\/2021\/08\/23\/conheca-o-rosto-de-gufan-o-paranaense-de-dois-mil-anos\/\" \/>\n<meta property=\"og:site_name\" content=\"Jornal Fatos e Not\u00edcias\" \/>\n<meta property=\"article:published_time\" content=\"2021-08-23T20:07:44+00:00\" \/>\n<meta property=\"article:modified_time\" content=\"2021-08-23T20:07:48+00:00\" \/>\n<meta property=\"og:image\" content=\"https:\/\/jornalfatosenoticias.com.br\/wp-content\/uploads\/2021\/08\/paranaense-2-mil-anos_gufan.jpg\" \/>\n\t<meta property=\"og:image:width\" content=\"1000\" \/>\n\t<meta property=\"og:image:height\" content=\"562\" \/>\n\t<meta property=\"og:image:type\" content=\"image\/jpeg\" \/>\n<meta name=\"author\" content=\"Luzimara Fernandes\" \/>\n<meta name=\"twitter:card\" content=\"summary_large_image\" \/>\n<meta name=\"twitter:label1\" content=\"Escrito por\" \/>\n\t<meta name=\"twitter:data1\" content=\"Luzimara Fernandes\" \/>\n\t<meta name=\"twitter:label2\" content=\"Est. tempo de leitura\" \/>\n\t<meta name=\"twitter:data2\" content=\"3 minutos\" \/>\n<script type=\"application\/ld+json\" class=\"yoast-schema-graph\">{\"@context\":\"https:\/\/schema.org\",\"@graph\":[{\"@type\":\"Article\",\"@id\":\"https:\/\/jornalfatosenoticias.com.br\/index.php\/2021\/08\/23\/conheca-o-rosto-de-gufan-o-paranaense-de-dois-mil-anos\/#article\",\"isPartOf\":{\"@id\":\"https:\/\/jornalfatosenoticias.com.br\/index.php\/2021\/08\/23\/conheca-o-rosto-de-gufan-o-paranaense-de-dois-mil-anos\/\"},\"author\":{\"name\":\"Luzimara Fernandes\",\"@id\":\"https:\/\/jornalfatosenoticias.com.br\/#\/schema\/person\/d63837fa13ac8666eb9e74e0985d6f81\"},\"headline\":\"Conhe\u00e7a o rosto de Gufan, o paranaense de dois mil anos\",\"datePublished\":\"2021-08-23T20:07:44+00:00\",\"dateModified\":\"2021-08-23T20:07:48+00:00\",\"mainEntityOfPage\":{\"@id\":\"https:\/\/jornalfatosenoticias.com.br\/index.php\/2021\/08\/23\/conheca-o-rosto-de-gufan-o-paranaense-de-dois-mil-anos\/\"},\"wordCount\":621,\"commentCount\":0,\"publisher\":{\"@id\":\"https:\/\/jornalfatosenoticias.com.br\/#organization\"},\"image\":{\"@id\":\"https:\/\/jornalfatosenoticias.com.br\/index.php\/2021\/08\/23\/conheca-o-rosto-de-gufan-o-paranaense-de-dois-mil-anos\/#primaryimage\"},\"thumbnailUrl\":\"https:\/\/jornalfatosenoticias.com.br\/wp-content\/uploads\/2021\/08\/paranaense-2-mil-anos_gufan.jpg\",\"keywords\":[\"arqueologia\",\"C\u00edcero Moraes\",\"Gufan\",\"Paran\u00e1\",\"reconstru\u00e7\u00e3o facial\"],\"articleSection\":[\"Paleo &amp; Arqueologia\"],\"inLanguage\":\"pt-BR\",\"potentialAction\":[{\"@type\":\"CommentAction\",\"name\":\"Comment\",\"target\":[\"https:\/\/jornalfatosenoticias.com.br\/index.php\/2021\/08\/23\/conheca-o-rosto-de-gufan-o-paranaense-de-dois-mil-anos\/#respond\"]}]},{\"@type\":\"WebPage\",\"@id\":\"https:\/\/jornalfatosenoticias.com.br\/index.php\/2021\/08\/23\/conheca-o-rosto-de-gufan-o-paranaense-de-dois-mil-anos\/\",\"url\":\"https:\/\/jornalfatosenoticias.com.br\/index.php\/2021\/08\/23\/conheca-o-rosto-de-gufan-o-paranaense-de-dois-mil-anos\/\",\"name\":\"Conhe\u00e7a o rosto de Gufan, o paranaense de dois mil anos - Jornal Fatos e Not\u00edcias\",\"isPartOf\":{\"@id\":\"https:\/\/jornalfatosenoticias.com.br\/#website\"},\"primaryImageOfPage\":{\"@id\":\"https:\/\/jornalfatosenoticias.com.br\/index.php\/2021\/08\/23\/conheca-o-rosto-de-gufan-o-paranaense-de-dois-mil-anos\/#primaryimage\"},\"image\":{\"@id\":\"https:\/\/jornalfatosenoticias.com.br\/index.php\/2021\/08\/23\/conheca-o-rosto-de-gufan-o-paranaense-de-dois-mil-anos\/#primaryimage\"},\"thumbnailUrl\":\"https:\/\/jornalfatosenoticias.com.br\/wp-content\/uploads\/2021\/08\/paranaense-2-mil-anos_gufan.jpg\",\"datePublished\":\"2021-08-23T20:07:44+00:00\",\"dateModified\":\"2021-08-23T20:07:48+00:00\",\"breadcrumb\":{\"@id\":\"https:\/\/jornalfatosenoticias.com.br\/index.php\/2021\/08\/23\/conheca-o-rosto-de-gufan-o-paranaense-de-dois-mil-anos\/#breadcrumb\"},\"inLanguage\":\"pt-BR\",\"potentialAction\":[{\"@type\":\"ReadAction\",\"target\":[\"https:\/\/jornalfatosenoticias.com.br\/index.php\/2021\/08\/23\/conheca-o-rosto-de-gufan-o-paranaense-de-dois-mil-anos\/\"]}]},{\"@type\":\"ImageObject\",\"inLanguage\":\"pt-BR\",\"@id\":\"https:\/\/jornalfatosenoticias.com.br\/index.php\/2021\/08\/23\/conheca-o-rosto-de-gufan-o-paranaense-de-dois-mil-anos\/#primaryimage\",\"url\":\"https:\/\/jornalfatosenoticias.com.br\/wp-content\/uploads\/2021\/08\/paranaense-2-mil-anos_gufan.jpg\",\"contentUrl\":\"https:\/\/jornalfatosenoticias.com.br\/wp-content\/uploads\/2021\/08\/paranaense-2-mil-anos_gufan.jpg\",\"width\":1000,\"height\":562},{\"@type\":\"BreadcrumbList\",\"@id\":\"https:\/\/jornalfatosenoticias.com.br\/index.php\/2021\/08\/23\/conheca-o-rosto-de-gufan-o-paranaense-de-dois-mil-anos\/#breadcrumb\",\"itemListElement\":[{\"@type\":\"ListItem\",\"position\":1,\"name\":\"In\u00edcio\",\"item\":\"https:\/\/jornalfatosenoticias.com.br\/\"},{\"@type\":\"ListItem\",\"position\":2,\"name\":\"Conhe\u00e7a o rosto de Gufan, o paranaense de dois mil anos\"}]},{\"@type\":\"WebSite\",\"@id\":\"https:\/\/jornalfatosenoticias.com.br\/#website\",\"url\":\"https:\/\/jornalfatosenoticias.com.br\/\",\"name\":\"Jornal Fatos e Not\u00edcias\",\"description\":\"Not\u00edcias em geral\",\"publisher\":{\"@id\":\"https:\/\/jornalfatosenoticias.com.br\/#organization\"},\"potentialAction\":[{\"@type\":\"SearchAction\",\"target\":{\"@type\":\"EntryPoint\",\"urlTemplate\":\"https:\/\/jornalfatosenoticias.com.br\/?s={search_term_string}\"},\"query-input\":{\"@type\":\"PropertyValueSpecification\",\"valueRequired\":true,\"valueName\":\"search_term_string\"}}],\"inLanguage\":\"pt-BR\"},{\"@type\":\"Organization\",\"@id\":\"https:\/\/jornalfatosenoticias.com.br\/#organization\",\"name\":\"Jornal Fatos e Not\u00edcias\",\"url\":\"https:\/\/jornalfatosenoticias.com.br\/\",\"logo\":{\"@type\":\"ImageObject\",\"inLanguage\":\"pt-BR\",\"@id\":\"https:\/\/jornalfatosenoticias.com.br\/#\/schema\/logo\/image\/\",\"url\":\"https:\/\/jornalfatosenoticias.com.br\/wp-content\/uploads\/2020\/02\/logo120.png\",\"contentUrl\":\"https:\/\/jornalfatosenoticias.com.br\/wp-content\/uploads\/2020\/02\/logo120.png\",\"width\":1227,\"height\":120,\"caption\":\"Jornal Fatos e Not\u00edcias\"},\"image\":{\"@id\":\"https:\/\/jornalfatosenoticias.com.br\/#\/schema\/logo\/image\/\"}},{\"@type\":\"Person\",\"@id\":\"https:\/\/jornalfatosenoticias.com.br\/#\/schema\/person\/d63837fa13ac8666eb9e74e0985d6f81\",\"name\":\"Luzimara Fernandes\",\"image\":{\"@type\":\"ImageObject\",\"inLanguage\":\"pt-BR\",\"@id\":\"https:\/\/jornalfatosenoticias.com.br\/#\/schema\/person\/image\/\",\"url\":\"https:\/\/jornalfatosenoticias.com.br\/wp-content\/uploads\/2025\/05\/EU_portal.jpg\",\"contentUrl\":\"https:\/\/jornalfatosenoticias.com.br\/wp-content\/uploads\/2025\/05\/EU_portal.jpg\",\"caption\":\"Luzimara Fernandes\"},\"description\":\"Jornalista MTB 2358-ES\",\"sameAs\":[\"https:\/\/jornalfatosenoticias.com.br\"],\"url\":\"https:\/\/jornalfatosenoticias.com.br\/index.php\/author\/luzimara\/\"}]}<\/script>\n<!-- \/ Yoast SEO plugin. -->","yoast_head_json":{"title":"Conhe\u00e7a o rosto de Gufan, o paranaense de dois mil anos - Jornal Fatos e Not\u00edcias","robots":{"index":"index","follow":"follow","max-snippet":"max-snippet:-1","max-image-preview":"max-image-preview:large","max-video-preview":"max-video-preview:-1"},"canonical":"https:\/\/jornalfatosenoticias.com.br\/index.php\/2021\/08\/23\/conheca-o-rosto-de-gufan-o-paranaense-de-dois-mil-anos\/","og_locale":"pt_BR","og_type":"article","og_title":"Conhe\u00e7a o rosto de Gufan, o paranaense de dois mil anos - Jornal Fatos e Not\u00edcias","og_description":"A ossada do ind\u00edgena foi descoberta durante uma escava\u00e7\u00e3o em 1954 e sua reconstru\u00e7\u00e3o facial impressionante revelou detalhes sobre o povo que habitou a regi\u00e3o no passado Em 1954, uma escava\u00e7\u00e3o feita no s\u00edtio arqueol\u00f3gico localizado em Prudent\u00f3polis, no Paran\u00e1, revelou uma ossada extremamente antiga. Na \u00e9poca, durante a pesquisa feita na paleo-aldeia em Estir\u00e3o [&hellip;]","og_url":"https:\/\/jornalfatosenoticias.com.br\/index.php\/2021\/08\/23\/conheca-o-rosto-de-gufan-o-paranaense-de-dois-mil-anos\/","og_site_name":"Jornal Fatos e Not\u00edcias","article_published_time":"2021-08-23T20:07:44+00:00","article_modified_time":"2021-08-23T20:07:48+00:00","og_image":[{"width":1000,"height":562,"url":"https:\/\/jornalfatosenoticias.com.br\/wp-content\/uploads\/2021\/08\/paranaense-2-mil-anos_gufan.jpg","type":"image\/jpeg"}],"author":"Luzimara Fernandes","twitter_card":"summary_large_image","twitter_misc":{"Escrito por":"Luzimara Fernandes","Est. tempo de leitura":"3 minutos"},"schema":{"@context":"https:\/\/schema.org","@graph":[{"@type":"Article","@id":"https:\/\/jornalfatosenoticias.com.br\/index.php\/2021\/08\/23\/conheca-o-rosto-de-gufan-o-paranaense-de-dois-mil-anos\/#article","isPartOf":{"@id":"https:\/\/jornalfatosenoticias.com.br\/index.php\/2021\/08\/23\/conheca-o-rosto-de-gufan-o-paranaense-de-dois-mil-anos\/"},"author":{"name":"Luzimara Fernandes","@id":"https:\/\/jornalfatosenoticias.com.br\/#\/schema\/person\/d63837fa13ac8666eb9e74e0985d6f81"},"headline":"Conhe\u00e7a o rosto de Gufan, o paranaense de dois mil anos","datePublished":"2021-08-23T20:07:44+00:00","dateModified":"2021-08-23T20:07:48+00:00","mainEntityOfPage":{"@id":"https:\/\/jornalfatosenoticias.com.br\/index.php\/2021\/08\/23\/conheca-o-rosto-de-gufan-o-paranaense-de-dois-mil-anos\/"},"wordCount":621,"commentCount":0,"publisher":{"@id":"https:\/\/jornalfatosenoticias.com.br\/#organization"},"image":{"@id":"https:\/\/jornalfatosenoticias.com.br\/index.php\/2021\/08\/23\/conheca-o-rosto-de-gufan-o-paranaense-de-dois-mil-anos\/#primaryimage"},"thumbnailUrl":"https:\/\/jornalfatosenoticias.com.br\/wp-content\/uploads\/2021\/08\/paranaense-2-mil-anos_gufan.jpg","keywords":["arqueologia","C\u00edcero Moraes","Gufan","Paran\u00e1","reconstru\u00e7\u00e3o facial"],"articleSection":["Paleo &amp; Arqueologia"],"inLanguage":"pt-BR","potentialAction":[{"@type":"CommentAction","name":"Comment","target":["https:\/\/jornalfatosenoticias.com.br\/index.php\/2021\/08\/23\/conheca-o-rosto-de-gufan-o-paranaense-de-dois-mil-anos\/#respond"]}]},{"@type":"WebPage","@id":"https:\/\/jornalfatosenoticias.com.br\/index.php\/2021\/08\/23\/conheca-o-rosto-de-gufan-o-paranaense-de-dois-mil-anos\/","url":"https:\/\/jornalfatosenoticias.com.br\/index.php\/2021\/08\/23\/conheca-o-rosto-de-gufan-o-paranaense-de-dois-mil-anos\/","name":"Conhe\u00e7a o rosto de Gufan, o paranaense de dois mil anos - Jornal Fatos e Not\u00edcias","isPartOf":{"@id":"https:\/\/jornalfatosenoticias.com.br\/#website"},"primaryImageOfPage":{"@id":"https:\/\/jornalfatosenoticias.com.br\/index.php\/2021\/08\/23\/conheca-o-rosto-de-gufan-o-paranaense-de-dois-mil-anos\/#primaryimage"},"image":{"@id":"https:\/\/jornalfatosenoticias.com.br\/index.php\/2021\/08\/23\/conheca-o-rosto-de-gufan-o-paranaense-de-dois-mil-anos\/#primaryimage"},"thumbnailUrl":"https:\/\/jornalfatosenoticias.com.br\/wp-content\/uploads\/2021\/08\/paranaense-2-mil-anos_gufan.jpg","datePublished":"2021-08-23T20:07:44+00:00","dateModified":"2021-08-23T20:07:48+00:00","breadcrumb":{"@id":"https:\/\/jornalfatosenoticias.com.br\/index.php\/2021\/08\/23\/conheca-o-rosto-de-gufan-o-paranaense-de-dois-mil-anos\/#breadcrumb"},"inLanguage":"pt-BR","potentialAction":[{"@type":"ReadAction","target":["https:\/\/jornalfatosenoticias.com.br\/index.php\/2021\/08\/23\/conheca-o-rosto-de-gufan-o-paranaense-de-dois-mil-anos\/"]}]},{"@type":"ImageObject","inLanguage":"pt-BR","@id":"https:\/\/jornalfatosenoticias.com.br\/index.php\/2021\/08\/23\/conheca-o-rosto-de-gufan-o-paranaense-de-dois-mil-anos\/#primaryimage","url":"https:\/\/jornalfatosenoticias.com.br\/wp-content\/uploads\/2021\/08\/paranaense-2-mil-anos_gufan.jpg","contentUrl":"https:\/\/jornalfatosenoticias.com.br\/wp-content\/uploads\/2021\/08\/paranaense-2-mil-anos_gufan.jpg","width":1000,"height":562},{"@type":"BreadcrumbList","@id":"https:\/\/jornalfatosenoticias.com.br\/index.php\/2021\/08\/23\/conheca-o-rosto-de-gufan-o-paranaense-de-dois-mil-anos\/#breadcrumb","itemListElement":[{"@type":"ListItem","position":1,"name":"In\u00edcio","item":"https:\/\/jornalfatosenoticias.com.br\/"},{"@type":"ListItem","position":2,"name":"Conhe\u00e7a o rosto de Gufan, o paranaense de dois mil anos"}]},{"@type":"WebSite","@id":"https:\/\/jornalfatosenoticias.com.br\/#website","url":"https:\/\/jornalfatosenoticias.com.br\/","name":"Jornal Fatos e Not\u00edcias","description":"Not\u00edcias em geral","publisher":{"@id":"https:\/\/jornalfatosenoticias.com.br\/#organization"},"potentialAction":[{"@type":"SearchAction","target":{"@type":"EntryPoint","urlTemplate":"https:\/\/jornalfatosenoticias.com.br\/?s={search_term_string}"},"query-input":{"@type":"PropertyValueSpecification","valueRequired":true,"valueName":"search_term_string"}}],"inLanguage":"pt-BR"},{"@type":"Organization","@id":"https:\/\/jornalfatosenoticias.com.br\/#organization","name":"Jornal Fatos e Not\u00edcias","url":"https:\/\/jornalfatosenoticias.com.br\/","logo":{"@type":"ImageObject","inLanguage":"pt-BR","@id":"https:\/\/jornalfatosenoticias.com.br\/#\/schema\/logo\/image\/","url":"https:\/\/jornalfatosenoticias.com.br\/wp-content\/uploads\/2020\/02\/logo120.png","contentUrl":"https:\/\/jornalfatosenoticias.com.br\/wp-content\/uploads\/2020\/02\/logo120.png","width":1227,"height":120,"caption":"Jornal Fatos e Not\u00edcias"},"image":{"@id":"https:\/\/jornalfatosenoticias.com.br\/#\/schema\/logo\/image\/"}},{"@type":"Person","@id":"https:\/\/jornalfatosenoticias.com.br\/#\/schema\/person\/d63837fa13ac8666eb9e74e0985d6f81","name":"Luzimara Fernandes","image":{"@type":"ImageObject","inLanguage":"pt-BR","@id":"https:\/\/jornalfatosenoticias.com.br\/#\/schema\/person\/image\/","url":"https:\/\/jornalfatosenoticias.com.br\/wp-content\/uploads\/2025\/05\/EU_portal.jpg","contentUrl":"https:\/\/jornalfatosenoticias.com.br\/wp-content\/uploads\/2025\/05\/EU_portal.jpg","caption":"Luzimara Fernandes"},"description":"Jornalista MTB 2358-ES","sameAs":["https:\/\/jornalfatosenoticias.com.br"],"url":"https:\/\/jornalfatosenoticias.com.br\/index.php\/author\/luzimara\/"}]}},"cc_featured_image_caption":{"caption_text":"(Foto: C\u00edcero Moraes)","source_text":"","source_url":""},"jetpack_featured_media_url":"https:\/\/jornalfatosenoticias.com.br\/wp-content\/uploads\/2021\/08\/paranaense-2-mil-anos_gufan.jpg","_links":{"self":[{"href":"https:\/\/jornalfatosenoticias.com.br\/index.php\/wp-json\/wp\/v2\/posts\/22144","targetHints":{"allow":["GET"]}}],"collection":[{"href":"https:\/\/jornalfatosenoticias.com.br\/index.php\/wp-json\/wp\/v2\/posts"}],"about":[{"href":"https:\/\/jornalfatosenoticias.com.br\/index.php\/wp-json\/wp\/v2\/types\/post"}],"author":[{"embeddable":true,"href":"https:\/\/jornalfatosenoticias.com.br\/index.php\/wp-json\/wp\/v2\/users\/2"}],"replies":[{"embeddable":true,"href":"https:\/\/jornalfatosenoticias.com.br\/index.php\/wp-json\/wp\/v2\/comments?post=22144"}],"version-history":[{"count":0,"href":"https:\/\/jornalfatosenoticias.com.br\/index.php\/wp-json\/wp\/v2\/posts\/22144\/revisions"}],"wp:featuredmedia":[{"embeddable":true,"href":"https:\/\/jornalfatosenoticias.com.br\/index.php\/wp-json\/wp\/v2\/media\/22147"}],"wp:attachment":[{"href":"https:\/\/jornalfatosenoticias.com.br\/index.php\/wp-json\/wp\/v2\/media?parent=22144"}],"wp:term":[{"taxonomy":"category","embeddable":true,"href":"https:\/\/jornalfatosenoticias.com.br\/index.php\/wp-json\/wp\/v2\/categories?post=22144"},{"taxonomy":"post_tag","embeddable":true,"href":"https:\/\/jornalfatosenoticias.com.br\/index.php\/wp-json\/wp\/v2\/tags?post=22144"}],"curies":[{"name":"wp","href":"https:\/\/api.w.org\/{rel}","templated":true}]}}