{"id":22210,"date":"2021-08-24T14:03:28","date_gmt":"2021-08-24T17:03:28","guid":{"rendered":"https:\/\/jornalfatosenoticias.com.br\/?p=22210"},"modified":"2021-08-24T14:03:29","modified_gmt":"2021-08-24T17:03:29","slug":"chipre-inaugura-museu-subaquatico-que-busca-preservar-vida-marinha","status":"publish","type":"post","link":"https:\/\/jornalfatosenoticias.com.br\/index.php\/2021\/08\/24\/chipre-inaugura-museu-subaquatico-que-busca-preservar-vida-marinha\/","title":{"rendered":"Chipre inaugura museu subaqu\u00e1tico que busca preservar vida marinha"},"content":{"rendered":"\n<p><em><span class=\"has-inline-color has-black-color\">Esculturas do artista Jason deCaires Taylor formam uma floresta submersa projetada para atrair animais e incentivar a conserva\u00e7\u00e3o de esp\u00e9cies do Mar Mediterr\u00e2neo<\/span><\/em><\/p>\n\n\n\n<p>No fundo do <a href=\"https:\/\/revistagalileu.globo.com\/Ciencia\/Arqueologia\/noticia\/2019\/12\/barreira-de-7-mil-anos-e-descoberta-submersa-no-mar-mediterraneo.html\" target=\"_blank\" rel=\"noreferrer noopener\"><strong>Mar Mediterr\u00e2neo<\/strong><\/a>, na regi\u00e3o da praia de Pernera, em\u00a0<a href=\"https:\/\/revistagalileu.globo.com\/Ciencia\/Arqueologia\/noticia\/2020\/12\/esqueletos-e-objetos-de-culto-morte-de-35-mil-anos-sao-achados-no-chipre.html\" target=\"_blank\" rel=\"noreferrer noopener\"><strong>Chipre<\/strong><\/a>, est\u00e3o localizadas as 93 obras de arte que integram o\u00a0<a href=\"https:\/\/revistagalileu.globo.com\/Sociedade\/Historia\/noticia\/2021\/08\/5-curiosidades-sobre-historia-e-o-acervo-do-museu-do-louvre.html\" target=\"_blank\" rel=\"noreferrer noopener\"><strong>Museu<\/strong><\/a> da Escultura Subaqu\u00e1tica Ayia Napa (Musan). Distribu\u00eddas ao longo de 170 metros, as cria\u00e7\u00f5es podem ser apreciadas em visitas com dura\u00e7\u00e3o de uma hora realizadas por scuba diving, para aqueles que t\u00eam o certificado de mergulhador, ou snorkeling, no caso dos espectadores menos experientes.<br>A <a href=\"https:\/\/revistagalileu.globo.com\/Cultura\/noticia\/2021\/08\/exposicao-apresenta-carolina-de-jesus-para-alem-de-quarto-de-despejo.html\" target=\"_blank\" rel=\"noreferrer noopener\"><strong>exposi\u00e7\u00e3o<\/strong><\/a>\u00a0\u00e9 fruto de uma parceria entre o munic\u00edpio de Ayia Napa, o Departamento de Pescaria e Pesquisa Marinha e o Minist\u00e9rio do Turismo de Chipre, e ocupa uma \u00e1rea afetada pela sobrepesca e pela degrada\u00e7\u00e3o do\u00a0<a href=\"https:\/\/revistagalileu.globo.com\/Ciencia\/Meio-Ambiente\/noticia\/2020\/12\/quase-90-das-especies-podem-perder-habitat-para-agricultura-ate-2050.html\" target=\"_blank\" rel=\"noreferrer noopener\"><strong>habitat<\/strong><\/a>. Por isso, as instala\u00e7\u00f5es art\u00edsticas foram pensadas para permitir o crescimento de\u00a0<a href=\"https:\/\/revistagalileu.globo.com\/Ciencia\/Meio-Ambiente\/noticia\/2021\/03\/cientistas-brasileiros-usam-tecnica-de-congelamento-para-preservar-corais.html\" target=\"_blank\" rel=\"noreferrer noopener\"><strong>corais<\/strong><\/a>, atrair peixes e, futuramente, servir como lar para os animais.<br>A autoria das obras \u00e9 do artista brit\u00e2nico <strong><a href=\"https:\/\/twitter.com\/JasondeCairesT\">Jason deCaires Taylor<\/a><\/strong>, que j\u00e1 trabalhou com museus subaqu\u00e1ticos no <a href=\"https:\/\/revistagalileu.globo.com\/Ciencia\/noticia\/2021\/02\/poeira-em-cratera-do-mexico-reforca-extincao-de-dinossauros-por-asteroide.html\" target=\"_blank\" rel=\"noreferrer noopener\"><strong>M\u00e9xico<\/strong><\/a>, nas Bahamas e na Fran\u00e7a. Desta vez, em Chipre, ele fez grandes esculturas de pessoas e plantas a partir de materiais com pH neutro que n\u00e3o impactam negativamente o\u00a0<a href=\"https:\/\/revistagalileu.globo.com\/Ciencia\/Meio-Ambiente\/noticia\/plantao.html\" target=\"_blank\" rel=\"noreferrer noopener\"><strong>meio ambiente<\/strong><\/a>.<br>\u201cElas foram projetadas para deixar que o crescimento natural aconte\u00e7a no substrato\u201d, explicou Taylor, em entrevista \u00e0 <em>CNN Internaciona<\/em>l. \u201cLogo ap\u00f3s cinco ou seis dias, consegui ver uma fina camada de algas na cabe\u00e7a das esculturas, que j\u00e1 estavam cheias de <strong><a href=\"https:\/\/revistagalileu.globo.com\/Ciencia\/Biologia\/noticia\/2021\/06\/este-peixe-pode-viver-quase-100-anos-5-vezes-mais-do-que-se-pensava.html\" target=\"_blank\" rel=\"noreferrer noopener\">peixes<\/a><\/strong> jovens\u201d.<\/p>\n\n\n\n<figure class=\"wp-block-image size-large is-style-default\"><img loading=\"lazy\" decoding=\"async\" width=\"1000\" height=\"667\" src=\"https:\/\/jornalfatosenoticias.com.br\/wp-content\/uploads\/2021\/08\/museu-subaquatico_chipe_2.jpg\" alt=\"\" class=\"wp-image-22211\" srcset=\"https:\/\/jornalfatosenoticias.com.br\/wp-content\/uploads\/2021\/08\/museu-subaquatico_chipe_2.jpg 1000w, https:\/\/jornalfatosenoticias.com.br\/wp-content\/uploads\/2021\/08\/museu-subaquatico_chipe_2-300x200.jpg 300w, https:\/\/jornalfatosenoticias.com.br\/wp-content\/uploads\/2021\/08\/museu-subaquatico_chipe_2-768x512.jpg 768w\" sizes=\"auto, (max-width: 1000px) 100vw, 1000px\" \/><figcaption><em><span class=\"has-inline-color has-black-color\">Chipre inaugura museu no fundo do mar (Foto: Reprodu\u00e7\u00e3o\/Musan)<\/span><\/em><\/figcaption><\/figure>\n\n\n\n<p>Ao criar uma <a href=\"https:\/\/revistagalileu.globo.com\/Ciencia\/Meio-Ambiente\/noticia\/2021\/07\/o-papel-das-florestas-protegidas-no-combate-mudancas-climaticas.html\" target=\"_blank\" rel=\"noreferrer noopener\"><strong>floresta<\/strong><\/a>\u00a0subaqu\u00e1tica aberta para visita\u00e7\u00e3o, o objetivo do Musan \u00e9 transformar a maneira como nos relacionamos com o ambiente marinho. \u201cApenas por chamarmos esse espa\u00e7o de museu j\u00e1 estamos alterando nossos valores, criando um espa\u00e7o onde devemos\u00a0<a href=\"https:\/\/revistagalileu.globo.com\/Ciencia\/Meio-Ambiente\/noticia\/2019\/01\/conheca-5-atitudes-simples-para-preservar-o-meio-ambiente.html\" target=\"_blank\" rel=\"noreferrer noopener\"><strong>conservar<\/strong><\/a>\u00a0as coisas e utilizar os objetos para educar os indiv\u00edduos\u201d, disse Taylor, em\u00a0<a href=\"https:\/\/www.youtube.com\/watch?v=r7Nc8X9DDUw\" target=\"_blank\" rel=\"noreferrer noopener\"><strong>v\u00eddeo<\/strong><\/a> publicado pelo Departamento de Pescaria e Pesquisa Marinha.<br>Entre as 93 obras da exposi\u00e7\u00e3o, destacam-se est\u00e1tuas de <a href=\"https:\/\/revistagalileu.globo.com\/Ciencia\/Saude\/noticia\/2021\/01\/os-fatores-que-podem-explicar-por-que-criancas-tem-menor-risco-de-covid-19.html\" target=\"_blank\" rel=\"noreferrer noopener\"><strong>crian\u00e7as<\/strong><\/a>\u00a0com c\u00e2meras (que podem ser vistas no v\u00eddeo abaixo). Segundo o artista brit\u00e2nico, a ideia \u00e9 inspirar as pessoas a enxergarem a realidade preocupante na qual o planeta se encontra devido \u00e0s\u00a0<a href=\"https:\/\/revistagalileu.globo.com\/Um-So-Planeta\/noticia\/2021\/08\/mudancas-climaticas-vao-alterar-efeitos-de-gases-vulcanicos-sobre-terra.html\" target=\"_blank\" rel=\"noreferrer noopener\"><strong>mudan\u00e7as clim\u00e1ticas<\/strong><\/a>\u00a0impulsionadas por a\u00e7\u00f5es humanas, al\u00e9m de simbolizar a\u00a0<a href=\"https:\/\/revistagalileu.globo.com\/Ciencia\/noticia\/2017\/08\/mario-sergio-cortella-nao-basta-ter-informacao-e-preciso-saber-o-que-fazer-com-ela.html\" target=\"_blank\" rel=\"noreferrer noopener\"><strong>informa\u00e7\u00e3o<\/strong><\/a> que podemos utilizar como ferramenta para mudar nossas atitudes.<br>O <a href=\"https:\/\/revistagalileu.globo.com\/Ciencia\/Saude\/noticia\/2020\/12\/falta-de-investimento-prejudica-implantacao-de-novas-tecnologias-na-saude.html\" target=\"_blank\" rel=\"noreferrer noopener\"><strong>investimento<\/strong><\/a>\u00a0para viabilizar o projeto foi de 1 milh\u00e3o de euros (cerca de R$ 6,3 milh\u00f5es). Para o prefeito Christos Zannettou, trata-se de um importante legado da cidade e um tesouro nacional. \u201cO museu cont\u00e9m muitos simbolismos sobre a aliena\u00e7\u00e3o dos\u00a0<a href=\"https:\/\/revistagalileu.globo.com\/Ciencia\/noticia\/2021\/07\/apenas-7-do-nosso-dna-e-exclusivo-de-humanos-modernos-diz-estudo.html\" target=\"_blank\" rel=\"noreferrer noopener\"><strong>humanos<\/strong><\/a> perante o meio ambiente, a rela\u00e7\u00e3o entre diferentes gera\u00e7\u00f5es e as mudan\u00e7as clim\u00e1ticas\u201d, declarou em 31 de julho, durante o evento de abertura.<br>Tamb\u00e9m na inaugura\u00e7\u00e3o, Marina Argyrou, do Departamento de Pescaria e Pesquisa Marinha, afirmou que as <a href=\"https:\/\/revistagalileu.globo.com\/Sociedade\/Historia\/noticia\/2021\/05\/santuario-medieval-e-restaurado-na-pandemia-e-ganha-escultura-mascarada.html\" target=\"_blank\" rel=\"noreferrer noopener\"><strong>esculturas<\/strong><\/a>\u00a0ir\u00e3o abrigar contribuir para o desenvolvimento da biodiversidade da regi\u00e3o. \u201cO museu subaqu\u00e1tico ser\u00e1 uma experi\u00eancia visual e ecol\u00f3gica. Tenho certeza de que isso ir\u00e1 aproximar as pessoas do ambiente marinho, da conserva\u00e7\u00e3o e da prote\u00e7\u00e3o desse\u00a0<a href=\"https:\/\/revistagalileu.globo.com\/Ciencia\/Meio-Ambiente\/noticia\/2020\/02\/ecossistemas-estao-em-risco-de-colapso-e-temos-que-agir-logo-alertam-cientistas.html\" target=\"_blank\" rel=\"noreferrer noopener\"><strong>ecossistema<\/strong><\/a>\u201d, comentou.<\/p>\n\n\n\n<h4 class=\"wp-block-heading\"><span class=\"has-inline-color has-black-color\">Confira abaixo um v\u00eddeo do Musan:<\/span><\/h4>\n\n\n\n<figure class=\"wp-block-embed-youtube wp-block-embed is-type-video is-provider-youtube wp-embed-aspect-16-9 wp-has-aspect-ratio\"><div class=\"wp-block-embed__wrapper\">\n<iframe loading=\"lazy\" title=\"MUSAN, the first peek\" width=\"660\" height=\"371\" src=\"https:\/\/www.youtube.com\/embed\/5g3XUoXbXww?feature=oembed\" frameborder=\"0\" allow=\"accelerometer; autoplay; clipboard-write; encrypted-media; gyroscope; picture-in-picture; web-share\" referrerpolicy=\"strict-origin-when-cross-origin\" allowfullscreen><\/iframe>\n<\/div><\/figure>\n\n\n\n<p><strong><em>Fonte: <a href=\"https:\/\/revistagalileu.globo.com\/Ciencia\/Biologia\/noticia\/2021\/08\/chipre-inaugura-museu-subaquatico-que-busca-preservar-vida-marinha.html\">Revista Galileu<\/a><\/em><\/strong><\/p>\n","protected":false},"excerpt":{"rendered":"<p>Esculturas do artista Jason deCaires Taylor formam uma floresta submersa projetada para atrair animais e incentivar a conserva\u00e7\u00e3o de esp\u00e9cies do Mar Mediterr\u00e2neo No fundo do Mar Mediterr\u00e2neo, na regi\u00e3o da praia de Pernera, em\u00a0Chipre, est\u00e3o localizadas as 93 obras de arte que integram o\u00a0Museu da Escultura Subaqu\u00e1tica Ayia Napa (Musan). Distribu\u00eddas ao longo de [&hellip;]<\/p>\n","protected":false},"author":2,"featured_media":22212,"comment_status":"open","ping_status":"open","sticky":false,"template":"","format":"standard","meta":{"footnotes":""},"categories":[746],"tags":[10840,1025,945,360,10842,10841,7625],"class_list":["post-22210","post","type-post","status-publish","format-standard","has-post-thumbnail","hentry","category-turismo","tag-chipre","tag-mar-mediterraneo","tag-meio-ambiente","tag-mudancas-climaticas","tag-musan","tag-museu-subaquatico","tag-turismo-ecologico"],"yoast_head":"<!-- This site is optimized with the Yoast SEO plugin v26.5 - https:\/\/yoast.com\/wordpress\/plugins\/seo\/ -->\n<title>Chipre inaugura museu subaqu\u00e1tico que busca preservar vida marinha - Jornal Fatos e Not\u00edcias<\/title>\n<meta name=\"robots\" content=\"index, follow, max-snippet:-1, max-image-preview:large, max-video-preview:-1\" \/>\n<link rel=\"canonical\" href=\"https:\/\/jornalfatosenoticias.com.br\/index.php\/2021\/08\/24\/chipre-inaugura-museu-subaquatico-que-busca-preservar-vida-marinha\/\" \/>\n<meta property=\"og:locale\" content=\"pt_BR\" \/>\n<meta property=\"og:type\" content=\"article\" \/>\n<meta property=\"og:title\" content=\"Chipre inaugura museu subaqu\u00e1tico que busca preservar vida marinha - Jornal Fatos e Not\u00edcias\" \/>\n<meta property=\"og:description\" content=\"Esculturas do artista Jason deCaires Taylor formam uma floresta submersa projetada para atrair animais e incentivar a conserva\u00e7\u00e3o de esp\u00e9cies do Mar Mediterr\u00e2neo No fundo do Mar Mediterr\u00e2neo, na regi\u00e3o da praia de Pernera, em\u00a0Chipre, est\u00e3o localizadas as 93 obras de arte que integram o\u00a0Museu da Escultura Subaqu\u00e1tica Ayia Napa (Musan). Distribu\u00eddas ao longo de [&hellip;]\" \/>\n<meta property=\"og:url\" content=\"https:\/\/jornalfatosenoticias.com.br\/index.php\/2021\/08\/24\/chipre-inaugura-museu-subaquatico-que-busca-preservar-vida-marinha\/\" \/>\n<meta property=\"og:site_name\" content=\"Jornal Fatos e Not\u00edcias\" \/>\n<meta property=\"article:published_time\" content=\"2021-08-24T17:03:28+00:00\" \/>\n<meta property=\"article:modified_time\" content=\"2021-08-24T17:03:29+00:00\" \/>\n<meta property=\"og:image\" content=\"https:\/\/jornalfatosenoticias.com.br\/wp-content\/uploads\/2021\/08\/museu-subaquatico_chipe_twitter.jpg\" \/>\n\t<meta property=\"og:image:width\" content=\"1000\" \/>\n\t<meta property=\"og:image:height\" content=\"751\" \/>\n\t<meta property=\"og:image:type\" content=\"image\/jpeg\" \/>\n<meta name=\"author\" content=\"Luzimara Fernandes\" \/>\n<meta name=\"twitter:card\" content=\"summary_large_image\" \/>\n<meta name=\"twitter:label1\" content=\"Escrito por\" \/>\n\t<meta name=\"twitter:data1\" content=\"Luzimara Fernandes\" \/>\n\t<meta name=\"twitter:label2\" content=\"Est. tempo de leitura\" \/>\n\t<meta name=\"twitter:data2\" content=\"3 minutos\" \/>\n<script type=\"application\/ld+json\" class=\"yoast-schema-graph\">{\"@context\":\"https:\/\/schema.org\",\"@graph\":[{\"@type\":\"Article\",\"@id\":\"https:\/\/jornalfatosenoticias.com.br\/index.php\/2021\/08\/24\/chipre-inaugura-museu-subaquatico-que-busca-preservar-vida-marinha\/#article\",\"isPartOf\":{\"@id\":\"https:\/\/jornalfatosenoticias.com.br\/index.php\/2021\/08\/24\/chipre-inaugura-museu-subaquatico-que-busca-preservar-vida-marinha\/\"},\"author\":{\"name\":\"Luzimara Fernandes\",\"@id\":\"https:\/\/jornalfatosenoticias.com.br\/#\/schema\/person\/d63837fa13ac8666eb9e74e0985d6f81\"},\"headline\":\"Chipre inaugura museu subaqu\u00e1tico que busca preservar vida marinha\",\"datePublished\":\"2021-08-24T17:03:28+00:00\",\"dateModified\":\"2021-08-24T17:03:29+00:00\",\"mainEntityOfPage\":{\"@id\":\"https:\/\/jornalfatosenoticias.com.br\/index.php\/2021\/08\/24\/chipre-inaugura-museu-subaquatico-que-busca-preservar-vida-marinha\/\"},\"wordCount\":584,\"commentCount\":0,\"publisher\":{\"@id\":\"https:\/\/jornalfatosenoticias.com.br\/#organization\"},\"image\":{\"@id\":\"https:\/\/jornalfatosenoticias.com.br\/index.php\/2021\/08\/24\/chipre-inaugura-museu-subaquatico-que-busca-preservar-vida-marinha\/#primaryimage\"},\"thumbnailUrl\":\"https:\/\/jornalfatosenoticias.com.br\/wp-content\/uploads\/2021\/08\/museu-subaquatico_chipe_twitter.jpg\",\"keywords\":[\"Chipre\",\"Mar Mediterr\u00e2neo\",\"meio ambiente\",\"mudan\u00e7as clim\u00e1ticas\",\"Musan\",\"museu subaqu\u00e1tico\",\"turismo ecol\u00f3gico\"],\"articleSection\":[\"Turismo\"],\"inLanguage\":\"pt-BR\",\"potentialAction\":[{\"@type\":\"CommentAction\",\"name\":\"Comment\",\"target\":[\"https:\/\/jornalfatosenoticias.com.br\/index.php\/2021\/08\/24\/chipre-inaugura-museu-subaquatico-que-busca-preservar-vida-marinha\/#respond\"]}]},{\"@type\":\"WebPage\",\"@id\":\"https:\/\/jornalfatosenoticias.com.br\/index.php\/2021\/08\/24\/chipre-inaugura-museu-subaquatico-que-busca-preservar-vida-marinha\/\",\"url\":\"https:\/\/jornalfatosenoticias.com.br\/index.php\/2021\/08\/24\/chipre-inaugura-museu-subaquatico-que-busca-preservar-vida-marinha\/\",\"name\":\"Chipre inaugura museu subaqu\u00e1tico que busca preservar vida marinha - Jornal Fatos e Not\u00edcias\",\"isPartOf\":{\"@id\":\"https:\/\/jornalfatosenoticias.com.br\/#website\"},\"primaryImageOfPage\":{\"@id\":\"https:\/\/jornalfatosenoticias.com.br\/index.php\/2021\/08\/24\/chipre-inaugura-museu-subaquatico-que-busca-preservar-vida-marinha\/#primaryimage\"},\"image\":{\"@id\":\"https:\/\/jornalfatosenoticias.com.br\/index.php\/2021\/08\/24\/chipre-inaugura-museu-subaquatico-que-busca-preservar-vida-marinha\/#primaryimage\"},\"thumbnailUrl\":\"https:\/\/jornalfatosenoticias.com.br\/wp-content\/uploads\/2021\/08\/museu-subaquatico_chipe_twitter.jpg\",\"datePublished\":\"2021-08-24T17:03:28+00:00\",\"dateModified\":\"2021-08-24T17:03:29+00:00\",\"breadcrumb\":{\"@id\":\"https:\/\/jornalfatosenoticias.com.br\/index.php\/2021\/08\/24\/chipre-inaugura-museu-subaquatico-que-busca-preservar-vida-marinha\/#breadcrumb\"},\"inLanguage\":\"pt-BR\",\"potentialAction\":[{\"@type\":\"ReadAction\",\"target\":[\"https:\/\/jornalfatosenoticias.com.br\/index.php\/2021\/08\/24\/chipre-inaugura-museu-subaquatico-que-busca-preservar-vida-marinha\/\"]}]},{\"@type\":\"ImageObject\",\"inLanguage\":\"pt-BR\",\"@id\":\"https:\/\/jornalfatosenoticias.com.br\/index.php\/2021\/08\/24\/chipre-inaugura-museu-subaquatico-que-busca-preservar-vida-marinha\/#primaryimage\",\"url\":\"https:\/\/jornalfatosenoticias.com.br\/wp-content\/uploads\/2021\/08\/museu-subaquatico_chipe_twitter.jpg\",\"contentUrl\":\"https:\/\/jornalfatosenoticias.com.br\/wp-content\/uploads\/2021\/08\/museu-subaquatico_chipe_twitter.jpg\",\"width\":1000,\"height\":751},{\"@type\":\"BreadcrumbList\",\"@id\":\"https:\/\/jornalfatosenoticias.com.br\/index.php\/2021\/08\/24\/chipre-inaugura-museu-subaquatico-que-busca-preservar-vida-marinha\/#breadcrumb\",\"itemListElement\":[{\"@type\":\"ListItem\",\"position\":1,\"name\":\"In\u00edcio\",\"item\":\"https:\/\/jornalfatosenoticias.com.br\/\"},{\"@type\":\"ListItem\",\"position\":2,\"name\":\"Chipre inaugura museu subaqu\u00e1tico que busca preservar vida marinha\"}]},{\"@type\":\"WebSite\",\"@id\":\"https:\/\/jornalfatosenoticias.com.br\/#website\",\"url\":\"https:\/\/jornalfatosenoticias.com.br\/\",\"name\":\"Jornal Fatos e Not\u00edcias\",\"description\":\"Not\u00edcias em geral\",\"publisher\":{\"@id\":\"https:\/\/jornalfatosenoticias.com.br\/#organization\"},\"potentialAction\":[{\"@type\":\"SearchAction\",\"target\":{\"@type\":\"EntryPoint\",\"urlTemplate\":\"https:\/\/jornalfatosenoticias.com.br\/?s={search_term_string}\"},\"query-input\":{\"@type\":\"PropertyValueSpecification\",\"valueRequired\":true,\"valueName\":\"search_term_string\"}}],\"inLanguage\":\"pt-BR\"},{\"@type\":\"Organization\",\"@id\":\"https:\/\/jornalfatosenoticias.com.br\/#organization\",\"name\":\"Jornal Fatos e Not\u00edcias\",\"url\":\"https:\/\/jornalfatosenoticias.com.br\/\",\"logo\":{\"@type\":\"ImageObject\",\"inLanguage\":\"pt-BR\",\"@id\":\"https:\/\/jornalfatosenoticias.com.br\/#\/schema\/logo\/image\/\",\"url\":\"https:\/\/jornalfatosenoticias.com.br\/wp-content\/uploads\/2020\/02\/logo120.png\",\"contentUrl\":\"https:\/\/jornalfatosenoticias.com.br\/wp-content\/uploads\/2020\/02\/logo120.png\",\"width\":1227,\"height\":120,\"caption\":\"Jornal Fatos e Not\u00edcias\"},\"image\":{\"@id\":\"https:\/\/jornalfatosenoticias.com.br\/#\/schema\/logo\/image\/\"}},{\"@type\":\"Person\",\"@id\":\"https:\/\/jornalfatosenoticias.com.br\/#\/schema\/person\/d63837fa13ac8666eb9e74e0985d6f81\",\"name\":\"Luzimara Fernandes\",\"image\":{\"@type\":\"ImageObject\",\"inLanguage\":\"pt-BR\",\"@id\":\"https:\/\/jornalfatosenoticias.com.br\/#\/schema\/person\/image\/\",\"url\":\"https:\/\/jornalfatosenoticias.com.br\/wp-content\/uploads\/2025\/05\/EU_portal.jpg\",\"contentUrl\":\"https:\/\/jornalfatosenoticias.com.br\/wp-content\/uploads\/2025\/05\/EU_portal.jpg\",\"caption\":\"Luzimara Fernandes\"},\"description\":\"Jornalista MTB 2358-ES\",\"sameAs\":[\"https:\/\/jornalfatosenoticias.com.br\"],\"url\":\"https:\/\/jornalfatosenoticias.com.br\/index.php\/author\/luzimara\/\"}]}<\/script>\n<!-- \/ Yoast SEO plugin. -->","yoast_head_json":{"title":"Chipre inaugura museu subaqu\u00e1tico que busca preservar vida marinha - Jornal Fatos e Not\u00edcias","robots":{"index":"index","follow":"follow","max-snippet":"max-snippet:-1","max-image-preview":"max-image-preview:large","max-video-preview":"max-video-preview:-1"},"canonical":"https:\/\/jornalfatosenoticias.com.br\/index.php\/2021\/08\/24\/chipre-inaugura-museu-subaquatico-que-busca-preservar-vida-marinha\/","og_locale":"pt_BR","og_type":"article","og_title":"Chipre inaugura museu subaqu\u00e1tico que busca preservar vida marinha - Jornal Fatos e Not\u00edcias","og_description":"Esculturas do artista Jason deCaires Taylor formam uma floresta submersa projetada para atrair animais e incentivar a conserva\u00e7\u00e3o de esp\u00e9cies do Mar Mediterr\u00e2neo No fundo do Mar Mediterr\u00e2neo, na regi\u00e3o da praia de Pernera, em\u00a0Chipre, est\u00e3o localizadas as 93 obras de arte que integram o\u00a0Museu da Escultura Subaqu\u00e1tica Ayia Napa (Musan). Distribu\u00eddas ao longo de [&hellip;]","og_url":"https:\/\/jornalfatosenoticias.com.br\/index.php\/2021\/08\/24\/chipre-inaugura-museu-subaquatico-que-busca-preservar-vida-marinha\/","og_site_name":"Jornal Fatos e Not\u00edcias","article_published_time":"2021-08-24T17:03:28+00:00","article_modified_time":"2021-08-24T17:03:29+00:00","og_image":[{"width":1000,"height":751,"url":"https:\/\/jornalfatosenoticias.com.br\/wp-content\/uploads\/2021\/08\/museu-subaquatico_chipe_twitter.jpg","type":"image\/jpeg"}],"author":"Luzimara Fernandes","twitter_card":"summary_large_image","twitter_misc":{"Escrito por":"Luzimara Fernandes","Est. tempo de leitura":"3 minutos"},"schema":{"@context":"https:\/\/schema.org","@graph":[{"@type":"Article","@id":"https:\/\/jornalfatosenoticias.com.br\/index.php\/2021\/08\/24\/chipre-inaugura-museu-subaquatico-que-busca-preservar-vida-marinha\/#article","isPartOf":{"@id":"https:\/\/jornalfatosenoticias.com.br\/index.php\/2021\/08\/24\/chipre-inaugura-museu-subaquatico-que-busca-preservar-vida-marinha\/"},"author":{"name":"Luzimara Fernandes","@id":"https:\/\/jornalfatosenoticias.com.br\/#\/schema\/person\/d63837fa13ac8666eb9e74e0985d6f81"},"headline":"Chipre inaugura museu subaqu\u00e1tico que busca preservar vida marinha","datePublished":"2021-08-24T17:03:28+00:00","dateModified":"2021-08-24T17:03:29+00:00","mainEntityOfPage":{"@id":"https:\/\/jornalfatosenoticias.com.br\/index.php\/2021\/08\/24\/chipre-inaugura-museu-subaquatico-que-busca-preservar-vida-marinha\/"},"wordCount":584,"commentCount":0,"publisher":{"@id":"https:\/\/jornalfatosenoticias.com.br\/#organization"},"image":{"@id":"https:\/\/jornalfatosenoticias.com.br\/index.php\/2021\/08\/24\/chipre-inaugura-museu-subaquatico-que-busca-preservar-vida-marinha\/#primaryimage"},"thumbnailUrl":"https:\/\/jornalfatosenoticias.com.br\/wp-content\/uploads\/2021\/08\/museu-subaquatico_chipe_twitter.jpg","keywords":["Chipre","Mar Mediterr\u00e2neo","meio ambiente","mudan\u00e7as clim\u00e1ticas","Musan","museu subaqu\u00e1tico","turismo ecol\u00f3gico"],"articleSection":["Turismo"],"inLanguage":"pt-BR","potentialAction":[{"@type":"CommentAction","name":"Comment","target":["https:\/\/jornalfatosenoticias.com.br\/index.php\/2021\/08\/24\/chipre-inaugura-museu-subaquatico-que-busca-preservar-vida-marinha\/#respond"]}]},{"@type":"WebPage","@id":"https:\/\/jornalfatosenoticias.com.br\/index.php\/2021\/08\/24\/chipre-inaugura-museu-subaquatico-que-busca-preservar-vida-marinha\/","url":"https:\/\/jornalfatosenoticias.com.br\/index.php\/2021\/08\/24\/chipre-inaugura-museu-subaquatico-que-busca-preservar-vida-marinha\/","name":"Chipre inaugura museu subaqu\u00e1tico que busca preservar vida marinha - Jornal Fatos e Not\u00edcias","isPartOf":{"@id":"https:\/\/jornalfatosenoticias.com.br\/#website"},"primaryImageOfPage":{"@id":"https:\/\/jornalfatosenoticias.com.br\/index.php\/2021\/08\/24\/chipre-inaugura-museu-subaquatico-que-busca-preservar-vida-marinha\/#primaryimage"},"image":{"@id":"https:\/\/jornalfatosenoticias.com.br\/index.php\/2021\/08\/24\/chipre-inaugura-museu-subaquatico-que-busca-preservar-vida-marinha\/#primaryimage"},"thumbnailUrl":"https:\/\/jornalfatosenoticias.com.br\/wp-content\/uploads\/2021\/08\/museu-subaquatico_chipe_twitter.jpg","datePublished":"2021-08-24T17:03:28+00:00","dateModified":"2021-08-24T17:03:29+00:00","breadcrumb":{"@id":"https:\/\/jornalfatosenoticias.com.br\/index.php\/2021\/08\/24\/chipre-inaugura-museu-subaquatico-que-busca-preservar-vida-marinha\/#breadcrumb"},"inLanguage":"pt-BR","potentialAction":[{"@type":"ReadAction","target":["https:\/\/jornalfatosenoticias.com.br\/index.php\/2021\/08\/24\/chipre-inaugura-museu-subaquatico-que-busca-preservar-vida-marinha\/"]}]},{"@type":"ImageObject","inLanguage":"pt-BR","@id":"https:\/\/jornalfatosenoticias.com.br\/index.php\/2021\/08\/24\/chipre-inaugura-museu-subaquatico-que-busca-preservar-vida-marinha\/#primaryimage","url":"https:\/\/jornalfatosenoticias.com.br\/wp-content\/uploads\/2021\/08\/museu-subaquatico_chipe_twitter.jpg","contentUrl":"https:\/\/jornalfatosenoticias.com.br\/wp-content\/uploads\/2021\/08\/museu-subaquatico_chipe_twitter.jpg","width":1000,"height":751},{"@type":"BreadcrumbList","@id":"https:\/\/jornalfatosenoticias.com.br\/index.php\/2021\/08\/24\/chipre-inaugura-museu-subaquatico-que-busca-preservar-vida-marinha\/#breadcrumb","itemListElement":[{"@type":"ListItem","position":1,"name":"In\u00edcio","item":"https:\/\/jornalfatosenoticias.com.br\/"},{"@type":"ListItem","position":2,"name":"Chipre inaugura museu subaqu\u00e1tico que busca preservar vida marinha"}]},{"@type":"WebSite","@id":"https:\/\/jornalfatosenoticias.com.br\/#website","url":"https:\/\/jornalfatosenoticias.com.br\/","name":"Jornal Fatos e Not\u00edcias","description":"Not\u00edcias em geral","publisher":{"@id":"https:\/\/jornalfatosenoticias.com.br\/#organization"},"potentialAction":[{"@type":"SearchAction","target":{"@type":"EntryPoint","urlTemplate":"https:\/\/jornalfatosenoticias.com.br\/?s={search_term_string}"},"query-input":{"@type":"PropertyValueSpecification","valueRequired":true,"valueName":"search_term_string"}}],"inLanguage":"pt-BR"},{"@type":"Organization","@id":"https:\/\/jornalfatosenoticias.com.br\/#organization","name":"Jornal Fatos e Not\u00edcias","url":"https:\/\/jornalfatosenoticias.com.br\/","logo":{"@type":"ImageObject","inLanguage":"pt-BR","@id":"https:\/\/jornalfatosenoticias.com.br\/#\/schema\/logo\/image\/","url":"https:\/\/jornalfatosenoticias.com.br\/wp-content\/uploads\/2020\/02\/logo120.png","contentUrl":"https:\/\/jornalfatosenoticias.com.br\/wp-content\/uploads\/2020\/02\/logo120.png","width":1227,"height":120,"caption":"Jornal Fatos e Not\u00edcias"},"image":{"@id":"https:\/\/jornalfatosenoticias.com.br\/#\/schema\/logo\/image\/"}},{"@type":"Person","@id":"https:\/\/jornalfatosenoticias.com.br\/#\/schema\/person\/d63837fa13ac8666eb9e74e0985d6f81","name":"Luzimara Fernandes","image":{"@type":"ImageObject","inLanguage":"pt-BR","@id":"https:\/\/jornalfatosenoticias.com.br\/#\/schema\/person\/image\/","url":"https:\/\/jornalfatosenoticias.com.br\/wp-content\/uploads\/2025\/05\/EU_portal.jpg","contentUrl":"https:\/\/jornalfatosenoticias.com.br\/wp-content\/uploads\/2025\/05\/EU_portal.jpg","caption":"Luzimara Fernandes"},"description":"Jornalista MTB 2358-ES","sameAs":["https:\/\/jornalfatosenoticias.com.br"],"url":"https:\/\/jornalfatosenoticias.com.br\/index.php\/author\/luzimara\/"}]}},"cc_featured_image_caption":{"caption_text":"(Foto: Reprodu\u00e7\u00e3o Twitter\/Musan)","source_text":"","source_url":""},"jetpack_featured_media_url":"https:\/\/jornalfatosenoticias.com.br\/wp-content\/uploads\/2021\/08\/museu-subaquatico_chipe_twitter.jpg","_links":{"self":[{"href":"https:\/\/jornalfatosenoticias.com.br\/index.php\/wp-json\/wp\/v2\/posts\/22210","targetHints":{"allow":["GET"]}}],"collection":[{"href":"https:\/\/jornalfatosenoticias.com.br\/index.php\/wp-json\/wp\/v2\/posts"}],"about":[{"href":"https:\/\/jornalfatosenoticias.com.br\/index.php\/wp-json\/wp\/v2\/types\/post"}],"author":[{"embeddable":true,"href":"https:\/\/jornalfatosenoticias.com.br\/index.php\/wp-json\/wp\/v2\/users\/2"}],"replies":[{"embeddable":true,"href":"https:\/\/jornalfatosenoticias.com.br\/index.php\/wp-json\/wp\/v2\/comments?post=22210"}],"version-history":[{"count":0,"href":"https:\/\/jornalfatosenoticias.com.br\/index.php\/wp-json\/wp\/v2\/posts\/22210\/revisions"}],"wp:featuredmedia":[{"embeddable":true,"href":"https:\/\/jornalfatosenoticias.com.br\/index.php\/wp-json\/wp\/v2\/media\/22212"}],"wp:attachment":[{"href":"https:\/\/jornalfatosenoticias.com.br\/index.php\/wp-json\/wp\/v2\/media?parent=22210"}],"wp:term":[{"taxonomy":"category","embeddable":true,"href":"https:\/\/jornalfatosenoticias.com.br\/index.php\/wp-json\/wp\/v2\/categories?post=22210"},{"taxonomy":"post_tag","embeddable":true,"href":"https:\/\/jornalfatosenoticias.com.br\/index.php\/wp-json\/wp\/v2\/tags?post=22210"}],"curies":[{"name":"wp","href":"https:\/\/api.w.org\/{rel}","templated":true}]}}