{"id":22259,"date":"2021-08-25T15:17:29","date_gmt":"2021-08-25T18:17:29","guid":{"rendered":"https:\/\/jornalfatosenoticias.com.br\/?p=22259"},"modified":"2021-08-25T15:17:31","modified_gmt":"2021-08-25T18:17:31","slug":"ecranoplano-aquas-mistura-de-barco-e-planador-chegara-ao-mercado-em-2024","status":"publish","type":"post","link":"https:\/\/jornalfatosenoticias.com.br\/index.php\/2021\/08\/25\/ecranoplano-aquas-mistura-de-barco-e-planador-chegara-ao-mercado-em-2024\/","title":{"rendered":"Ecranoplano Aquas, mistura de barco e planador, chegar\u00e1 ao mercado em 2024"},"content":{"rendered":"\n<p>A multinacional RDC Aqualines anunciou que est\u00e1 desenvolvendo um ecranoplano \u2014 um ve\u00edculo aqu\u00e1tico com capacidade de planagem \u2014 para uso comercial e previs\u00e3o de chegada ao mercado em 2024. Batizado de Aquas, o modal ter\u00e1 espa\u00e7o para doze passageiros e velocidade m\u00e1xima de 200 km\/h, com discuss\u00e3o entre motor el\u00e9trico ou hidrog\u00eanio.<br>A constru\u00e7\u00e3o deste ve\u00edculo est\u00e1 ocorrendo na Espanha, com o tamanho total de 22,4 metros, e autonomia m\u00e1xima de 600 km com carga completa. O ve\u00edculo ter\u00e1 um motor de 600 cavalos de pot\u00eancia e velocidade de cruzeiro de 180 km\/h.<br>A autonomia do Aquas faz com que seus principais usos futuros estejam destinados a translados de curto alcance, como no setor tur\u00edstico ou transporte interurbano. Entretanto, sua capacidade de carga tamb\u00e9m capacita o ecranoplano para aux\u00edlio em miss\u00f5es de resgate.<br>A RDC Aqualines anunciou que possui planos de desenvolver um ecranoplano menor, o Aquas-Bike, uma motinho aqu\u00e1tica el\u00e9trica com capacidade levar at\u00e9 tr\u00eas pessoas e alcan\u00e7ar 110 km\/h. Quase a mesma velocidade de uma scooter el\u00e9trica.<\/p>\n\n\n\n<h4 class=\"wp-block-heading\"><strong><span class=\"has-inline-color has-black-color\">Ecrano-o qu\u00ea?<\/span><\/strong><\/h4>\n\n\n\n<figure class=\"wp-block-image size-large is-style-default\"><img loading=\"lazy\" decoding=\"async\" width=\"1000\" height=\"562\" src=\"https:\/\/jornalfatosenoticias.com.br\/wp-content\/uploads\/2021\/08\/ecranoplano-acquas-2.jpg\" alt=\"\" class=\"wp-image-22260\" srcset=\"https:\/\/jornalfatosenoticias.com.br\/wp-content\/uploads\/2021\/08\/ecranoplano-acquas-2.jpg 1000w, https:\/\/jornalfatosenoticias.com.br\/wp-content\/uploads\/2021\/08\/ecranoplano-acquas-2-300x169.jpg 300w, https:\/\/jornalfatosenoticias.com.br\/wp-content\/uploads\/2021\/08\/ecranoplano-acquas-2-768x432.jpg 768w\" sizes=\"auto, (max-width: 1000px) 100vw, 1000px\" \/><figcaption><em><span class=\"has-inline-color has-black-color\">Demonstra\u00e7\u00e3o do conceito mostra ecranoplano planando acima do mar (Foto: Divulga\u00e7\u00e3o\/RDC Aqualines)<\/span><\/em><\/figcaption><\/figure>\n\n\n\n<p>Para quem est\u00e1 surpreso com a forma inusitada do ve\u00edculo, \u00e9 importante entender que o Aquas, tal como outros ecranoplanos, possui uma aerodin\u00e2mica que aproveita o \u201cefeito solo\u201d. A medida em que acelera, a camada de ar entre o ve\u00edculo e a superf\u00edcie forma uma esp\u00e9cie de bols\u00e3o de ar comprimido, que o mant\u00e9m no alto.<br>A tecnologia foi desenvolvida nos anos 50 pelo engenheiro naval soviete Alexeev Rostislav Evgenievich, que utilizou estas mec\u00e2nicas para elaborar ve\u00edculos que planavam sobre a superf\u00edcie da \u00e1gua. Na \u00e9poca, os transportes foram batizados de \u201cMonstros do Mar C\u00e1spio\u201d pela intelig\u00eancia norte-americana, por seu formato largo e movimenta\u00e7\u00e3o em alta velocidade.<br>\u00c9 importante notar que \u00e9 justamente o mesmo efeito solo que diferencia um ecranoplano de um hidroavi\u00e3o \u2014 que consegue decolar, aterrissar e amerrissar (pousar na \u00e1gua) com aux\u00edlio do motor. No caso do Aquas, as asas passam a aproveitar o empuxo para levantar o ve\u00edculo a partir de 68 km\/h.<\/p>\n\n\n\n<p><strong><em>Fonte: <a href=\"https:\/\/olhardigital.com.br\/2021\/08\/24\/carros-e-tecnologia\/ecranoplano-aquas\/\">Olhar Digital<\/a><\/em><\/strong><\/p>\n","protected":false},"excerpt":{"rendered":"<p>A multinacional RDC Aqualines anunciou que est\u00e1 desenvolvendo um ecranoplano \u2014 um ve\u00edculo aqu\u00e1tico com capacidade de planagem \u2014 para uso comercial e previs\u00e3o de chegada ao mercado em 2024. Batizado de Aquas, o modal ter\u00e1 espa\u00e7o para doze passageiros e velocidade m\u00e1xima de 200 km\/h, com discuss\u00e3o entre motor el\u00e9trico ou hidrog\u00eanio.A constru\u00e7\u00e3o deste [&hellip;]<\/p>\n","protected":false},"author":2,"featured_media":22261,"comment_status":"open","ping_status":"open","sticky":false,"template":"","format":"standard","meta":{"footnotes":""},"categories":[3],"tags":[3482,10861,198,2705],"class_list":["post-22259","post","type-post","status-publish","format-standard","has-post-thumbnail","hentry","category-tecnologia","tag-barco","tag-ecranoplano","tag-tecnologia","tag-veiculos-eletricos"],"yoast_head":"<!-- This site is optimized with the Yoast SEO plugin v26.5 - https:\/\/yoast.com\/wordpress\/plugins\/seo\/ -->\n<title>Ecranoplano Aquas, mistura de barco e planador, chegar\u00e1 ao mercado em 2024 - Jornal Fatos e Not\u00edcias<\/title>\n<meta name=\"robots\" content=\"index, follow, max-snippet:-1, max-image-preview:large, max-video-preview:-1\" \/>\n<link rel=\"canonical\" href=\"https:\/\/jornalfatosenoticias.com.br\/index.php\/2021\/08\/25\/ecranoplano-aquas-mistura-de-barco-e-planador-chegara-ao-mercado-em-2024\/\" \/>\n<meta property=\"og:locale\" content=\"pt_BR\" \/>\n<meta property=\"og:type\" content=\"article\" \/>\n<meta property=\"og:title\" content=\"Ecranoplano Aquas, mistura de barco e planador, chegar\u00e1 ao mercado em 2024 - Jornal Fatos e Not\u00edcias\" \/>\n<meta property=\"og:description\" content=\"A multinacional RDC Aqualines anunciou que est\u00e1 desenvolvendo um ecranoplano \u2014 um ve\u00edculo aqu\u00e1tico com capacidade de planagem \u2014 para uso comercial e previs\u00e3o de chegada ao mercado em 2024. Batizado de Aquas, o modal ter\u00e1 espa\u00e7o para doze passageiros e velocidade m\u00e1xima de 200 km\/h, com discuss\u00e3o entre motor el\u00e9trico ou hidrog\u00eanio.A constru\u00e7\u00e3o deste [&hellip;]\" \/>\n<meta property=\"og:url\" content=\"https:\/\/jornalfatosenoticias.com.br\/index.php\/2021\/08\/25\/ecranoplano-aquas-mistura-de-barco-e-planador-chegara-ao-mercado-em-2024\/\" \/>\n<meta property=\"og:site_name\" content=\"Jornal Fatos e Not\u00edcias\" \/>\n<meta property=\"article:published_time\" content=\"2021-08-25T18:17:29+00:00\" \/>\n<meta property=\"article:modified_time\" content=\"2021-08-25T18:17:31+00:00\" \/>\n<meta property=\"og:image\" content=\"https:\/\/jornalfatosenoticias.com.br\/wp-content\/uploads\/2021\/08\/ecranoplano-aquas-capa.jpg\" \/>\n\t<meta property=\"og:image:width\" content=\"1000\" \/>\n\t<meta property=\"og:image:height\" content=\"562\" \/>\n\t<meta property=\"og:image:type\" content=\"image\/jpeg\" \/>\n<meta name=\"author\" content=\"Luzimara Fernandes\" \/>\n<meta name=\"twitter:card\" content=\"summary_large_image\" \/>\n<meta name=\"twitter:label1\" content=\"Escrito por\" \/>\n\t<meta name=\"twitter:data1\" content=\"Luzimara Fernandes\" \/>\n\t<meta name=\"twitter:label2\" content=\"Est. tempo de leitura\" \/>\n\t<meta name=\"twitter:data2\" content=\"2 minutos\" \/>\n<script type=\"application\/ld+json\" class=\"yoast-schema-graph\">{\"@context\":\"https:\/\/schema.org\",\"@graph\":[{\"@type\":\"Article\",\"@id\":\"https:\/\/jornalfatosenoticias.com.br\/index.php\/2021\/08\/25\/ecranoplano-aquas-mistura-de-barco-e-planador-chegara-ao-mercado-em-2024\/#article\",\"isPartOf\":{\"@id\":\"https:\/\/jornalfatosenoticias.com.br\/index.php\/2021\/08\/25\/ecranoplano-aquas-mistura-de-barco-e-planador-chegara-ao-mercado-em-2024\/\"},\"author\":{\"name\":\"Luzimara Fernandes\",\"@id\":\"https:\/\/jornalfatosenoticias.com.br\/#\/schema\/person\/d63837fa13ac8666eb9e74e0985d6f81\"},\"headline\":\"Ecranoplano Aquas, mistura de barco e planador, chegar\u00e1 ao mercado em 2024\",\"datePublished\":\"2021-08-25T18:17:29+00:00\",\"dateModified\":\"2021-08-25T18:17:31+00:00\",\"mainEntityOfPage\":{\"@id\":\"https:\/\/jornalfatosenoticias.com.br\/index.php\/2021\/08\/25\/ecranoplano-aquas-mistura-de-barco-e-planador-chegara-ao-mercado-em-2024\/\"},\"wordCount\":386,\"commentCount\":0,\"publisher\":{\"@id\":\"https:\/\/jornalfatosenoticias.com.br\/#organization\"},\"image\":{\"@id\":\"https:\/\/jornalfatosenoticias.com.br\/index.php\/2021\/08\/25\/ecranoplano-aquas-mistura-de-barco-e-planador-chegara-ao-mercado-em-2024\/#primaryimage\"},\"thumbnailUrl\":\"https:\/\/jornalfatosenoticias.com.br\/wp-content\/uploads\/2021\/08\/ecranoplano-aquas-capa.jpg\",\"keywords\":[\"barco\",\"ecranoplano\",\"tecnologia\",\"ve\u00edculos el\u00e9tricos\"],\"articleSection\":[\"Tecnologia &amp; Inova\u00e7\u00e3o\"],\"inLanguage\":\"pt-BR\",\"potentialAction\":[{\"@type\":\"CommentAction\",\"name\":\"Comment\",\"target\":[\"https:\/\/jornalfatosenoticias.com.br\/index.php\/2021\/08\/25\/ecranoplano-aquas-mistura-de-barco-e-planador-chegara-ao-mercado-em-2024\/#respond\"]}]},{\"@type\":\"WebPage\",\"@id\":\"https:\/\/jornalfatosenoticias.com.br\/index.php\/2021\/08\/25\/ecranoplano-aquas-mistura-de-barco-e-planador-chegara-ao-mercado-em-2024\/\",\"url\":\"https:\/\/jornalfatosenoticias.com.br\/index.php\/2021\/08\/25\/ecranoplano-aquas-mistura-de-barco-e-planador-chegara-ao-mercado-em-2024\/\",\"name\":\"Ecranoplano Aquas, mistura de barco e planador, chegar\u00e1 ao mercado em 2024 - Jornal Fatos e Not\u00edcias\",\"isPartOf\":{\"@id\":\"https:\/\/jornalfatosenoticias.com.br\/#website\"},\"primaryImageOfPage\":{\"@id\":\"https:\/\/jornalfatosenoticias.com.br\/index.php\/2021\/08\/25\/ecranoplano-aquas-mistura-de-barco-e-planador-chegara-ao-mercado-em-2024\/#primaryimage\"},\"image\":{\"@id\":\"https:\/\/jornalfatosenoticias.com.br\/index.php\/2021\/08\/25\/ecranoplano-aquas-mistura-de-barco-e-planador-chegara-ao-mercado-em-2024\/#primaryimage\"},\"thumbnailUrl\":\"https:\/\/jornalfatosenoticias.com.br\/wp-content\/uploads\/2021\/08\/ecranoplano-aquas-capa.jpg\",\"datePublished\":\"2021-08-25T18:17:29+00:00\",\"dateModified\":\"2021-08-25T18:17:31+00:00\",\"breadcrumb\":{\"@id\":\"https:\/\/jornalfatosenoticias.com.br\/index.php\/2021\/08\/25\/ecranoplano-aquas-mistura-de-barco-e-planador-chegara-ao-mercado-em-2024\/#breadcrumb\"},\"inLanguage\":\"pt-BR\",\"potentialAction\":[{\"@type\":\"ReadAction\",\"target\":[\"https:\/\/jornalfatosenoticias.com.br\/index.php\/2021\/08\/25\/ecranoplano-aquas-mistura-de-barco-e-planador-chegara-ao-mercado-em-2024\/\"]}]},{\"@type\":\"ImageObject\",\"inLanguage\":\"pt-BR\",\"@id\":\"https:\/\/jornalfatosenoticias.com.br\/index.php\/2021\/08\/25\/ecranoplano-aquas-mistura-de-barco-e-planador-chegara-ao-mercado-em-2024\/#primaryimage\",\"url\":\"https:\/\/jornalfatosenoticias.com.br\/wp-content\/uploads\/2021\/08\/ecranoplano-aquas-capa.jpg\",\"contentUrl\":\"https:\/\/jornalfatosenoticias.com.br\/wp-content\/uploads\/2021\/08\/ecranoplano-aquas-capa.jpg\",\"width\":1000,\"height\":562},{\"@type\":\"BreadcrumbList\",\"@id\":\"https:\/\/jornalfatosenoticias.com.br\/index.php\/2021\/08\/25\/ecranoplano-aquas-mistura-de-barco-e-planador-chegara-ao-mercado-em-2024\/#breadcrumb\",\"itemListElement\":[{\"@type\":\"ListItem\",\"position\":1,\"name\":\"In\u00edcio\",\"item\":\"https:\/\/jornalfatosenoticias.com.br\/\"},{\"@type\":\"ListItem\",\"position\":2,\"name\":\"Ecranoplano Aquas, mistura de barco e planador, chegar\u00e1 ao mercado em 2024\"}]},{\"@type\":\"WebSite\",\"@id\":\"https:\/\/jornalfatosenoticias.com.br\/#website\",\"url\":\"https:\/\/jornalfatosenoticias.com.br\/\",\"name\":\"Jornal Fatos e Not\u00edcias\",\"description\":\"Not\u00edcias em geral\",\"publisher\":{\"@id\":\"https:\/\/jornalfatosenoticias.com.br\/#organization\"},\"potentialAction\":[{\"@type\":\"SearchAction\",\"target\":{\"@type\":\"EntryPoint\",\"urlTemplate\":\"https:\/\/jornalfatosenoticias.com.br\/?s={search_term_string}\"},\"query-input\":{\"@type\":\"PropertyValueSpecification\",\"valueRequired\":true,\"valueName\":\"search_term_string\"}}],\"inLanguage\":\"pt-BR\"},{\"@type\":\"Organization\",\"@id\":\"https:\/\/jornalfatosenoticias.com.br\/#organization\",\"name\":\"Jornal Fatos e Not\u00edcias\",\"url\":\"https:\/\/jornalfatosenoticias.com.br\/\",\"logo\":{\"@type\":\"ImageObject\",\"inLanguage\":\"pt-BR\",\"@id\":\"https:\/\/jornalfatosenoticias.com.br\/#\/schema\/logo\/image\/\",\"url\":\"https:\/\/jornalfatosenoticias.com.br\/wp-content\/uploads\/2020\/02\/logo120.png\",\"contentUrl\":\"https:\/\/jornalfatosenoticias.com.br\/wp-content\/uploads\/2020\/02\/logo120.png\",\"width\":1227,\"height\":120,\"caption\":\"Jornal Fatos e Not\u00edcias\"},\"image\":{\"@id\":\"https:\/\/jornalfatosenoticias.com.br\/#\/schema\/logo\/image\/\"}},{\"@type\":\"Person\",\"@id\":\"https:\/\/jornalfatosenoticias.com.br\/#\/schema\/person\/d63837fa13ac8666eb9e74e0985d6f81\",\"name\":\"Luzimara Fernandes\",\"image\":{\"@type\":\"ImageObject\",\"inLanguage\":\"pt-BR\",\"@id\":\"https:\/\/jornalfatosenoticias.com.br\/#\/schema\/person\/image\/\",\"url\":\"https:\/\/jornalfatosenoticias.com.br\/wp-content\/uploads\/2025\/05\/EU_portal.jpg\",\"contentUrl\":\"https:\/\/jornalfatosenoticias.com.br\/wp-content\/uploads\/2025\/05\/EU_portal.jpg\",\"caption\":\"Luzimara Fernandes\"},\"description\":\"Jornalista MTB 2358-ES\",\"sameAs\":[\"https:\/\/jornalfatosenoticias.com.br\"],\"url\":\"https:\/\/jornalfatosenoticias.com.br\/index.php\/author\/luzimara\/\"}]}<\/script>\n<!-- \/ Yoast SEO plugin. -->","yoast_head_json":{"title":"Ecranoplano Aquas, mistura de barco e planador, chegar\u00e1 ao mercado em 2024 - Jornal Fatos e Not\u00edcias","robots":{"index":"index","follow":"follow","max-snippet":"max-snippet:-1","max-image-preview":"max-image-preview:large","max-video-preview":"max-video-preview:-1"},"canonical":"https:\/\/jornalfatosenoticias.com.br\/index.php\/2021\/08\/25\/ecranoplano-aquas-mistura-de-barco-e-planador-chegara-ao-mercado-em-2024\/","og_locale":"pt_BR","og_type":"article","og_title":"Ecranoplano Aquas, mistura de barco e planador, chegar\u00e1 ao mercado em 2024 - Jornal Fatos e Not\u00edcias","og_description":"A multinacional RDC Aqualines anunciou que est\u00e1 desenvolvendo um ecranoplano \u2014 um ve\u00edculo aqu\u00e1tico com capacidade de planagem \u2014 para uso comercial e previs\u00e3o de chegada ao mercado em 2024. Batizado de Aquas, o modal ter\u00e1 espa\u00e7o para doze passageiros e velocidade m\u00e1xima de 200 km\/h, com discuss\u00e3o entre motor el\u00e9trico ou hidrog\u00eanio.A constru\u00e7\u00e3o deste [&hellip;]","og_url":"https:\/\/jornalfatosenoticias.com.br\/index.php\/2021\/08\/25\/ecranoplano-aquas-mistura-de-barco-e-planador-chegara-ao-mercado-em-2024\/","og_site_name":"Jornal Fatos e Not\u00edcias","article_published_time":"2021-08-25T18:17:29+00:00","article_modified_time":"2021-08-25T18:17:31+00:00","og_image":[{"width":1000,"height":562,"url":"https:\/\/jornalfatosenoticias.com.br\/wp-content\/uploads\/2021\/08\/ecranoplano-aquas-capa.jpg","type":"image\/jpeg"}],"author":"Luzimara Fernandes","twitter_card":"summary_large_image","twitter_misc":{"Escrito por":"Luzimara Fernandes","Est. tempo de leitura":"2 minutos"},"schema":{"@context":"https:\/\/schema.org","@graph":[{"@type":"Article","@id":"https:\/\/jornalfatosenoticias.com.br\/index.php\/2021\/08\/25\/ecranoplano-aquas-mistura-de-barco-e-planador-chegara-ao-mercado-em-2024\/#article","isPartOf":{"@id":"https:\/\/jornalfatosenoticias.com.br\/index.php\/2021\/08\/25\/ecranoplano-aquas-mistura-de-barco-e-planador-chegara-ao-mercado-em-2024\/"},"author":{"name":"Luzimara Fernandes","@id":"https:\/\/jornalfatosenoticias.com.br\/#\/schema\/person\/d63837fa13ac8666eb9e74e0985d6f81"},"headline":"Ecranoplano Aquas, mistura de barco e planador, chegar\u00e1 ao mercado em 2024","datePublished":"2021-08-25T18:17:29+00:00","dateModified":"2021-08-25T18:17:31+00:00","mainEntityOfPage":{"@id":"https:\/\/jornalfatosenoticias.com.br\/index.php\/2021\/08\/25\/ecranoplano-aquas-mistura-de-barco-e-planador-chegara-ao-mercado-em-2024\/"},"wordCount":386,"commentCount":0,"publisher":{"@id":"https:\/\/jornalfatosenoticias.com.br\/#organization"},"image":{"@id":"https:\/\/jornalfatosenoticias.com.br\/index.php\/2021\/08\/25\/ecranoplano-aquas-mistura-de-barco-e-planador-chegara-ao-mercado-em-2024\/#primaryimage"},"thumbnailUrl":"https:\/\/jornalfatosenoticias.com.br\/wp-content\/uploads\/2021\/08\/ecranoplano-aquas-capa.jpg","keywords":["barco","ecranoplano","tecnologia","ve\u00edculos el\u00e9tricos"],"articleSection":["Tecnologia &amp; Inova\u00e7\u00e3o"],"inLanguage":"pt-BR","potentialAction":[{"@type":"CommentAction","name":"Comment","target":["https:\/\/jornalfatosenoticias.com.br\/index.php\/2021\/08\/25\/ecranoplano-aquas-mistura-de-barco-e-planador-chegara-ao-mercado-em-2024\/#respond"]}]},{"@type":"WebPage","@id":"https:\/\/jornalfatosenoticias.com.br\/index.php\/2021\/08\/25\/ecranoplano-aquas-mistura-de-barco-e-planador-chegara-ao-mercado-em-2024\/","url":"https:\/\/jornalfatosenoticias.com.br\/index.php\/2021\/08\/25\/ecranoplano-aquas-mistura-de-barco-e-planador-chegara-ao-mercado-em-2024\/","name":"Ecranoplano Aquas, mistura de barco e planador, chegar\u00e1 ao mercado em 2024 - Jornal Fatos e Not\u00edcias","isPartOf":{"@id":"https:\/\/jornalfatosenoticias.com.br\/#website"},"primaryImageOfPage":{"@id":"https:\/\/jornalfatosenoticias.com.br\/index.php\/2021\/08\/25\/ecranoplano-aquas-mistura-de-barco-e-planador-chegara-ao-mercado-em-2024\/#primaryimage"},"image":{"@id":"https:\/\/jornalfatosenoticias.com.br\/index.php\/2021\/08\/25\/ecranoplano-aquas-mistura-de-barco-e-planador-chegara-ao-mercado-em-2024\/#primaryimage"},"thumbnailUrl":"https:\/\/jornalfatosenoticias.com.br\/wp-content\/uploads\/2021\/08\/ecranoplano-aquas-capa.jpg","datePublished":"2021-08-25T18:17:29+00:00","dateModified":"2021-08-25T18:17:31+00:00","breadcrumb":{"@id":"https:\/\/jornalfatosenoticias.com.br\/index.php\/2021\/08\/25\/ecranoplano-aquas-mistura-de-barco-e-planador-chegara-ao-mercado-em-2024\/#breadcrumb"},"inLanguage":"pt-BR","potentialAction":[{"@type":"ReadAction","target":["https:\/\/jornalfatosenoticias.com.br\/index.php\/2021\/08\/25\/ecranoplano-aquas-mistura-de-barco-e-planador-chegara-ao-mercado-em-2024\/"]}]},{"@type":"ImageObject","inLanguage":"pt-BR","@id":"https:\/\/jornalfatosenoticias.com.br\/index.php\/2021\/08\/25\/ecranoplano-aquas-mistura-de-barco-e-planador-chegara-ao-mercado-em-2024\/#primaryimage","url":"https:\/\/jornalfatosenoticias.com.br\/wp-content\/uploads\/2021\/08\/ecranoplano-aquas-capa.jpg","contentUrl":"https:\/\/jornalfatosenoticias.com.br\/wp-content\/uploads\/2021\/08\/ecranoplano-aquas-capa.jpg","width":1000,"height":562},{"@type":"BreadcrumbList","@id":"https:\/\/jornalfatosenoticias.com.br\/index.php\/2021\/08\/25\/ecranoplano-aquas-mistura-de-barco-e-planador-chegara-ao-mercado-em-2024\/#breadcrumb","itemListElement":[{"@type":"ListItem","position":1,"name":"In\u00edcio","item":"https:\/\/jornalfatosenoticias.com.br\/"},{"@type":"ListItem","position":2,"name":"Ecranoplano Aquas, mistura de barco e planador, chegar\u00e1 ao mercado em 2024"}]},{"@type":"WebSite","@id":"https:\/\/jornalfatosenoticias.com.br\/#website","url":"https:\/\/jornalfatosenoticias.com.br\/","name":"Jornal Fatos e Not\u00edcias","description":"Not\u00edcias em geral","publisher":{"@id":"https:\/\/jornalfatosenoticias.com.br\/#organization"},"potentialAction":[{"@type":"SearchAction","target":{"@type":"EntryPoint","urlTemplate":"https:\/\/jornalfatosenoticias.com.br\/?s={search_term_string}"},"query-input":{"@type":"PropertyValueSpecification","valueRequired":true,"valueName":"search_term_string"}}],"inLanguage":"pt-BR"},{"@type":"Organization","@id":"https:\/\/jornalfatosenoticias.com.br\/#organization","name":"Jornal Fatos e Not\u00edcias","url":"https:\/\/jornalfatosenoticias.com.br\/","logo":{"@type":"ImageObject","inLanguage":"pt-BR","@id":"https:\/\/jornalfatosenoticias.com.br\/#\/schema\/logo\/image\/","url":"https:\/\/jornalfatosenoticias.com.br\/wp-content\/uploads\/2020\/02\/logo120.png","contentUrl":"https:\/\/jornalfatosenoticias.com.br\/wp-content\/uploads\/2020\/02\/logo120.png","width":1227,"height":120,"caption":"Jornal Fatos e Not\u00edcias"},"image":{"@id":"https:\/\/jornalfatosenoticias.com.br\/#\/schema\/logo\/image\/"}},{"@type":"Person","@id":"https:\/\/jornalfatosenoticias.com.br\/#\/schema\/person\/d63837fa13ac8666eb9e74e0985d6f81","name":"Luzimara Fernandes","image":{"@type":"ImageObject","inLanguage":"pt-BR","@id":"https:\/\/jornalfatosenoticias.com.br\/#\/schema\/person\/image\/","url":"https:\/\/jornalfatosenoticias.com.br\/wp-content\/uploads\/2025\/05\/EU_portal.jpg","contentUrl":"https:\/\/jornalfatosenoticias.com.br\/wp-content\/uploads\/2025\/05\/EU_portal.jpg","caption":"Luzimara Fernandes"},"description":"Jornalista MTB 2358-ES","sameAs":["https:\/\/jornalfatosenoticias.com.br"],"url":"https:\/\/jornalfatosenoticias.com.br\/index.php\/author\/luzimara\/"}]}},"cc_featured_image_caption":{"caption_text":"(Foto: Divulga\u00e7\u00e3o\/RDC Aqualines)","source_text":"","source_url":""},"jetpack_featured_media_url":"https:\/\/jornalfatosenoticias.com.br\/wp-content\/uploads\/2021\/08\/ecranoplano-aquas-capa.jpg","_links":{"self":[{"href":"https:\/\/jornalfatosenoticias.com.br\/index.php\/wp-json\/wp\/v2\/posts\/22259","targetHints":{"allow":["GET"]}}],"collection":[{"href":"https:\/\/jornalfatosenoticias.com.br\/index.php\/wp-json\/wp\/v2\/posts"}],"about":[{"href":"https:\/\/jornalfatosenoticias.com.br\/index.php\/wp-json\/wp\/v2\/types\/post"}],"author":[{"embeddable":true,"href":"https:\/\/jornalfatosenoticias.com.br\/index.php\/wp-json\/wp\/v2\/users\/2"}],"replies":[{"embeddable":true,"href":"https:\/\/jornalfatosenoticias.com.br\/index.php\/wp-json\/wp\/v2\/comments?post=22259"}],"version-history":[{"count":0,"href":"https:\/\/jornalfatosenoticias.com.br\/index.php\/wp-json\/wp\/v2\/posts\/22259\/revisions"}],"wp:featuredmedia":[{"embeddable":true,"href":"https:\/\/jornalfatosenoticias.com.br\/index.php\/wp-json\/wp\/v2\/media\/22261"}],"wp:attachment":[{"href":"https:\/\/jornalfatosenoticias.com.br\/index.php\/wp-json\/wp\/v2\/media?parent=22259"}],"wp:term":[{"taxonomy":"category","embeddable":true,"href":"https:\/\/jornalfatosenoticias.com.br\/index.php\/wp-json\/wp\/v2\/categories?post=22259"},{"taxonomy":"post_tag","embeddable":true,"href":"https:\/\/jornalfatosenoticias.com.br\/index.php\/wp-json\/wp\/v2\/tags?post=22259"}],"curies":[{"name":"wp","href":"https:\/\/api.w.org\/{rel}","templated":true}]}}