{"id":22278,"date":"2021-08-26T17:23:55","date_gmt":"2021-08-26T20:23:55","guid":{"rendered":"https:\/\/jornalfatosenoticias.com.br\/?p=22278"},"modified":"2021-08-26T17:23:57","modified_gmt":"2021-08-26T20:23:57","slug":"a-violencia-das-instituicoes-e-dos-profissionais-parte-iii","status":"publish","type":"post","link":"https:\/\/jornalfatosenoticias.com.br\/index.php\/2021\/08\/26\/a-violencia-das-instituicoes-e-dos-profissionais-parte-iii\/","title":{"rendered":"A Viol\u00eancia das Institui\u00e7\u00f5es e dos Profissionais \u2014 Parte III"},"content":{"rendered":"\n<p><em><span class=\"has-inline-color has-black-color\">Os Feminic\u00eddios s\u00e3o di\u00e1rios. Mas h\u00e1 um grupo de pessoas que critica a lei Maria da Penha, emitindo opini\u00f5es de descr\u00e9dito nas mulheres<\/span><\/em><\/p>\n\n\n\n<p>No nosso imagin\u00e1rio, temos uma tend\u00eancia a associar o olho roxo, os hematomas pelo corpo nas partes externas \u00e0 roupa, o dente quebrado, ao resultado de uma viol\u00eancia contra a <strong>Mulher<\/strong>. E, se a v\u00edtima for uma <strong>Crian\u00e7a<\/strong>, as marcas na pele se misturam com uma pretensa desculpa que se abriga no sistema disciplinar, nos limites educacionais, ou com a esfarrapada desculpa de que a <strong>Crian\u00e7a<\/strong> caiu da cama. Recentemente, assistimos nos notici\u00e1rios essa explica\u00e7\u00e3o sobre os 23 machucados de um menino que, por duas ocasi\u00f5es, com um m\u00eas de intervalo entre uma e outra, que ele teria ca\u00eddo da cama. E, na segunda vez, o cair da cama provocou o \u00f3bito dessa <strong>Crian\u00e7a<\/strong>.<br>Os <strong>Feminic\u00eddios<\/strong> s\u00e3o di\u00e1rios. Mas h\u00e1 um grupo de pessoas que critica a <strong>lei Maria da Penha<\/strong>, emitindo opini\u00f5es de descr\u00e9dito nas mulheres. Hoje mais um Feminic\u00eddio veio a p\u00fablico. Por ter recusado fazer sexo com o companheiro naquele momento, foram 16 facadas, na frente do filho de quase dois anos, \u00e0 semelhan\u00e7a da Ju\u00edza <strong>Viviane<\/strong>, tamb\u00e9m na frente de suas tr\u00eas filhas pequenas, tamb\u00e9m com 16 facadas. Seria 16 um n\u00famero cabal\u00edstico? N\u00e3o creio nessas crendices. Talvez seja o n\u00famero do movimento repetitivo de cada perfura\u00e7\u00e3o, que leva ao cansa\u00e7o muscular do bra\u00e7o masculino. Movimento repetitivo de perfura\u00e7\u00e3o que extravasa a ira de uma frustra\u00e7\u00e3o, de uma nega\u00e7\u00e3o. O j\u00e1 consagrado \u201cn\u00e3o se conformou com o fim do relacionamento\u201d.<br>Legitimamente, vemos crescer a campanha do \u201cn\u00e3o \u00e9 n\u00e3o\u201d. Uma tentativa de fundar uma <strong>Cultura de Respeito \u00e0 vontade da Mulher<\/strong>, que pode ser letal. Mas, indispens\u00e1vel em tempos atuais. Coragem e for\u00e7a para sustentar o n\u00e3o, sem que isso se torne um rompimento. \u00c9 apenas um n\u00e3o. Por que ser\u00e1 que \u00e9 t\u00e3o dif\u00edcil de ser escutado e respeitado? E que import\u00e2ncia tem para a forma\u00e7\u00e3o dos filhos, meninas e meninos.<br>No entanto, al\u00e9m da dificuldade do n\u00e3o dito por uma <strong>Mulher<\/strong> a um <strong>Homem<\/strong>, temos uma outra forma de n\u00e3o entre duas <strong>Mulheres<\/strong>, que n\u00e3o se importa com o respeito. Muito pelo contr\u00e1rio. Parece-me que est\u00e1 atrelado a uma experi\u00eancia de prazer pelo Poder em esmagar uma figura feminina. Diria mesmo que, possivelmente, trazendo, merecidamente, <strong>Freud<\/strong> \u00e0 baila, transborda de uma rela\u00e7\u00e3o ressentida e\/ou oprimida com o feminino. Estou sempre me indagando sobre as <strong>Mulheres<\/strong> que dizem n\u00e3os poderosos e perversos a outras mulheres. Temos visto isso se repetir como a repeti\u00e7\u00e3o das 16 facadas. Parece que n\u00e3o se conformam com a for\u00e7a de uma outra, e partem para destruir. E, destroem.<br>Estou me referindo a profissionais que usam, com crueldade, alguns conhecimentos psicol\u00f3gicos, distorcendo e destorcendo conceitos e, at\u00e9 mesmo, o senso comum. Sem nenhum compromisso com a verdade nem com a Ci\u00eancia, sem nenhuma sensibilidade pela situa\u00e7\u00e3o da Crian\u00e7a e de sua m\u00e3e, s\u00e3o capazes de \u201cinterpretar\u201d ao bel prazer, preceitos e princ\u00edpios cient\u00edficos que deveriam ter sido memorizados, que se tornam armas letais. Monetizando o exerc\u00edcio da profiss\u00e3o, falsificam e inventam Sofismas aberrantes.<\/p>\n\n\n\n<figure class=\"wp-block-image size-large is-style-default\"><img loading=\"lazy\" decoding=\"async\" width=\"1000\" height=\"626\" src=\"https:\/\/jornalfatosenoticias.com.br\/wp-content\/uploads\/2021\/08\/crianca-olho-roxo-1.gif\" alt=\"\" class=\"wp-image-22279\"\/><figcaption><em><span class=\"has-inline-color has-black-color\">Crian\u00e7a com olho roxo (Foto: Arquivo pessoal\/O Globo)<\/span><\/em><\/figcaption><\/figure>\n\n\n\n<p>S\u00e3o muitos e muitos laudos psicol\u00f3gicos plenos de achismos. O olh\u00f4metro usado na acarea\u00e7\u00e3o entre a <strong>Crian\u00e7a<\/strong> e o suspeito de pr\u00e1ticas de abuso sexual intrafamiliar faz pensar que estamos ressuscitando o mito de que o psic\u00f3logo, olho no olho descobre o que o outro est\u00e1 pensando, ou, se o outro est\u00e1 mentindo. Olhando o\/a psic\u00f3logo\/a adivinha se houve ou n\u00e3o abuso, ignorando toda a din\u00e2mica cient\u00edfica da rela\u00e7\u00e3o abusado\/abusador. Olhando. \u00c9 inacredit\u00e1vel que esta afirma\u00e7\u00e3o, baseada no olho nu, tenha tamanho grau de convencimento de Magistrados.<br>Vale tamb\u00e9m exercer um <strong>Poder opressor<\/strong> ao lan\u00e7ar m\u00e3o de seitas que humilham e quebram o Princ\u00edpio b\u00e1sico de confidencialidade, como a infiltrada constela\u00e7\u00e3o familiar, sempre seguida de afirma\u00e7\u00f5es de bons resultados porque a <strong>Mulher<\/strong> n\u00e3o volta mais para reclamar. No lugar de enxergar que a justi\u00e7a perdeu todo o sentido quando a obrigou a pedir perd\u00e3o de joelhos para seu agressor, aquele que lhe deixou muitas vezes seu olho roxo ou lhe quebrou algumas costelas, que a decep\u00e7\u00e3o com a Institui\u00e7\u00e3o que deveria proteg\u00ea-la ou a seu filho que agora \u00e9 obrigado a conviver com seu abusador, esses \u201cprofissionais\u201d criam o entendimento de que, para o que apelidam de \u201cpesquisa\u201d, o resultado \u00e9 exitoso porque a <strong>Mulher\/M\u00e3e<\/strong> n\u00e3o volta mais. Seguindo esta seita, a corrente de amor n\u00e3o pode ser quebrada, o agressor violento ou estuprador perverso n\u00e3o podem sair do \u201cseio da fam\u00edlia\u201d. Afinal, o agressor e o estuprador s\u00e3o apenas ve\u00edculos de um antepassado morto da linhagem da m\u00e3e, sempre da Mulher, que, ele sim, era violento e ped\u00f3filo. E esse antepassado \u00e9 descoberto pelo constelador, ali, naquela sess\u00e3o esot\u00e9rica. Os seus descendentes nem tinham conhecimento desse portador de comportamento criminoso. Outra express\u00e3o do olh\u00f4metro do\/a psic\u00f3logo\/a.<br>Assim, fica tudo resolvido. Encontra-se um autor morto, num passado que pode atingir cinco, seis, sete gera\u00e7\u00f5es em ascend\u00eancia, para o crime atual. A desresponsabiliza\u00e7\u00e3o \u00e9 sacramentada. A do autor. A do profissional que \u201cviu\u201d o verdadeiro autor, o morto.<br>Engana-se a c\u00e9u aberto. Somos coniventes com a engana\u00e7\u00e3o. Na Pensilv\u00e2nia foram 647 <strong>Crian\u00e7as<\/strong> mortas at\u00e9 que se fizesse uma lei de prote\u00e7\u00e3o com a Revoga\u00e7\u00e3o da lei de engana\u00e7\u00e3o. A lei de <strong>aliena\u00e7\u00e3o parental<\/strong> mata. A lei de aliena\u00e7\u00e3o parental oferece um enorme edredom que abriga criminosos e profissionais violentos. De <strong>Joanna Marcenal<\/strong> a <strong>Henry<\/strong>, quantas <strong>Crian\u00e7as<\/strong> foram v\u00edtimas da perversidade de adultos que precisam de momentos de prazer de um Poder Absoluto?<\/p>\n","protected":false},"excerpt":{"rendered":"<p>Os Feminic\u00eddios s\u00e3o di\u00e1rios. Mas h\u00e1 um grupo de pessoas que critica a lei Maria da Penha, emitindo opini\u00f5es de descr\u00e9dito nas mulheres No nosso imagin\u00e1rio, temos uma tend\u00eancia a associar o olho roxo, os hematomas pelo corpo nas partes externas \u00e0 roupa, o dente quebrado, ao resultado de uma viol\u00eancia contra a Mulher. E, [&hellip;]<\/p>\n","protected":false},"author":8,"featured_media":22280,"comment_status":"open","ping_status":"open","sticky":false,"template":"","format":"standard","meta":{"footnotes":""},"categories":[2522],"tags":[4298,670,10871,221,4572,979],"class_list":["post-22278","post","type-post","status-publish","format-standard","has-post-thumbnail","hentry","category-comportamento","tag-alienacao-parental","tag-criancas","tag-feminicidios","tag-homem","tag-lei-maria-da-penha","tag-mulher"],"yoast_head":"<!-- This site is optimized with the Yoast SEO plugin v26.5 - https:\/\/yoast.com\/wordpress\/plugins\/seo\/ -->\n<title>A Viol\u00eancia das Institui\u00e7\u00f5es e dos Profissionais \u2014 Parte III - Jornal Fatos e Not\u00edcias<\/title>\n<meta name=\"robots\" content=\"index, follow, max-snippet:-1, max-image-preview:large, max-video-preview:-1\" \/>\n<link rel=\"canonical\" href=\"https:\/\/jornalfatosenoticias.com.br\/index.php\/2021\/08\/26\/a-violencia-das-instituicoes-e-dos-profissionais-parte-iii\/\" \/>\n<meta property=\"og:locale\" content=\"pt_BR\" \/>\n<meta property=\"og:type\" content=\"article\" \/>\n<meta property=\"og:title\" content=\"A Viol\u00eancia das Institui\u00e7\u00f5es e dos Profissionais \u2014 Parte III - Jornal Fatos e Not\u00edcias\" \/>\n<meta property=\"og:description\" content=\"Os Feminic\u00eddios s\u00e3o di\u00e1rios. Mas h\u00e1 um grupo de pessoas que critica a lei Maria da Penha, emitindo opini\u00f5es de descr\u00e9dito nas mulheres No nosso imagin\u00e1rio, temos uma tend\u00eancia a associar o olho roxo, os hematomas pelo corpo nas partes externas \u00e0 roupa, o dente quebrado, ao resultado de uma viol\u00eancia contra a Mulher. E, [&hellip;]\" \/>\n<meta property=\"og:url\" content=\"https:\/\/jornalfatosenoticias.com.br\/index.php\/2021\/08\/26\/a-violencia-das-instituicoes-e-dos-profissionais-parte-iii\/\" \/>\n<meta property=\"og:site_name\" content=\"Jornal Fatos e Not\u00edcias\" \/>\n<meta property=\"article:published_time\" content=\"2021-08-26T20:23:55+00:00\" \/>\n<meta property=\"article:modified_time\" content=\"2021-08-26T20:23:57+00:00\" \/>\n<meta property=\"og:image\" content=\"https:\/\/jornalfatosenoticias.com.br\/wp-content\/uploads\/2021\/08\/MULHERES_VIOLENCIA-CONTRA-AS-MULHERES.jpeg\" \/>\n\t<meta property=\"og:image:width\" content=\"1000\" \/>\n\t<meta property=\"og:image:height\" content=\"628\" \/>\n\t<meta property=\"og:image:type\" content=\"image\/jpeg\" \/>\n<meta name=\"author\" content=\"Ana Maria Iencarelli\" \/>\n<meta name=\"twitter:card\" content=\"summary_large_image\" \/>\n<meta name=\"twitter:label1\" content=\"Escrito por\" \/>\n\t<meta name=\"twitter:data1\" content=\"Ana Maria Iencarelli\" \/>\n\t<meta name=\"twitter:label2\" content=\"Est. tempo de leitura\" \/>\n\t<meta name=\"twitter:data2\" content=\"5 minutos\" \/>\n<script type=\"application\/ld+json\" class=\"yoast-schema-graph\">{\"@context\":\"https:\/\/schema.org\",\"@graph\":[{\"@type\":\"Article\",\"@id\":\"https:\/\/jornalfatosenoticias.com.br\/index.php\/2021\/08\/26\/a-violencia-das-instituicoes-e-dos-profissionais-parte-iii\/#article\",\"isPartOf\":{\"@id\":\"https:\/\/jornalfatosenoticias.com.br\/index.php\/2021\/08\/26\/a-violencia-das-instituicoes-e-dos-profissionais-parte-iii\/\"},\"author\":{\"name\":\"Ana Maria Iencarelli\",\"@id\":\"https:\/\/jornalfatosenoticias.com.br\/#\/schema\/person\/c33fcf5fb02d729d3fec92c6737a22d1\"},\"headline\":\"A Viol\u00eancia das Institui\u00e7\u00f5es e dos Profissionais \u2014 Parte III\",\"datePublished\":\"2021-08-26T20:23:55+00:00\",\"dateModified\":\"2021-08-26T20:23:57+00:00\",\"mainEntityOfPage\":{\"@id\":\"https:\/\/jornalfatosenoticias.com.br\/index.php\/2021\/08\/26\/a-violencia-das-instituicoes-e-dos-profissionais-parte-iii\/\"},\"wordCount\":1052,\"commentCount\":0,\"publisher\":{\"@id\":\"https:\/\/jornalfatosenoticias.com.br\/#organization\"},\"image\":{\"@id\":\"https:\/\/jornalfatosenoticias.com.br\/index.php\/2021\/08\/26\/a-violencia-das-instituicoes-e-dos-profissionais-parte-iii\/#primaryimage\"},\"thumbnailUrl\":\"https:\/\/jornalfatosenoticias.com.br\/wp-content\/uploads\/2021\/08\/MULHERES_VIOLENCIA-CONTRA-AS-MULHERES.jpeg\",\"keywords\":[\"aliena\u00e7\u00e3o parental\",\"crian\u00e7as\",\"feminic\u00eddios\",\"homem\",\"Lei Maria da Penha\",\"mulher\"],\"articleSection\":[\"Comportamento &amp; Equil\u00edbrio\"],\"inLanguage\":\"pt-BR\",\"potentialAction\":[{\"@type\":\"CommentAction\",\"name\":\"Comment\",\"target\":[\"https:\/\/jornalfatosenoticias.com.br\/index.php\/2021\/08\/26\/a-violencia-das-instituicoes-e-dos-profissionais-parte-iii\/#respond\"]}]},{\"@type\":\"WebPage\",\"@id\":\"https:\/\/jornalfatosenoticias.com.br\/index.php\/2021\/08\/26\/a-violencia-das-instituicoes-e-dos-profissionais-parte-iii\/\",\"url\":\"https:\/\/jornalfatosenoticias.com.br\/index.php\/2021\/08\/26\/a-violencia-das-instituicoes-e-dos-profissionais-parte-iii\/\",\"name\":\"A Viol\u00eancia das Institui\u00e7\u00f5es e dos Profissionais \u2014 Parte III - Jornal Fatos e Not\u00edcias\",\"isPartOf\":{\"@id\":\"https:\/\/jornalfatosenoticias.com.br\/#website\"},\"primaryImageOfPage\":{\"@id\":\"https:\/\/jornalfatosenoticias.com.br\/index.php\/2021\/08\/26\/a-violencia-das-instituicoes-e-dos-profissionais-parte-iii\/#primaryimage\"},\"image\":{\"@id\":\"https:\/\/jornalfatosenoticias.com.br\/index.php\/2021\/08\/26\/a-violencia-das-instituicoes-e-dos-profissionais-parte-iii\/#primaryimage\"},\"thumbnailUrl\":\"https:\/\/jornalfatosenoticias.com.br\/wp-content\/uploads\/2021\/08\/MULHERES_VIOLENCIA-CONTRA-AS-MULHERES.jpeg\",\"datePublished\":\"2021-08-26T20:23:55+00:00\",\"dateModified\":\"2021-08-26T20:23:57+00:00\",\"breadcrumb\":{\"@id\":\"https:\/\/jornalfatosenoticias.com.br\/index.php\/2021\/08\/26\/a-violencia-das-instituicoes-e-dos-profissionais-parte-iii\/#breadcrumb\"},\"inLanguage\":\"pt-BR\",\"potentialAction\":[{\"@type\":\"ReadAction\",\"target\":[\"https:\/\/jornalfatosenoticias.com.br\/index.php\/2021\/08\/26\/a-violencia-das-instituicoes-e-dos-profissionais-parte-iii\/\"]}]},{\"@type\":\"ImageObject\",\"inLanguage\":\"pt-BR\",\"@id\":\"https:\/\/jornalfatosenoticias.com.br\/index.php\/2021\/08\/26\/a-violencia-das-instituicoes-e-dos-profissionais-parte-iii\/#primaryimage\",\"url\":\"https:\/\/jornalfatosenoticias.com.br\/wp-content\/uploads\/2021\/08\/MULHERES_VIOLENCIA-CONTRA-AS-MULHERES.jpeg\",\"contentUrl\":\"https:\/\/jornalfatosenoticias.com.br\/wp-content\/uploads\/2021\/08\/MULHERES_VIOLENCIA-CONTRA-AS-MULHERES.jpeg\",\"width\":1000,\"height\":628},{\"@type\":\"BreadcrumbList\",\"@id\":\"https:\/\/jornalfatosenoticias.com.br\/index.php\/2021\/08\/26\/a-violencia-das-instituicoes-e-dos-profissionais-parte-iii\/#breadcrumb\",\"itemListElement\":[{\"@type\":\"ListItem\",\"position\":1,\"name\":\"In\u00edcio\",\"item\":\"https:\/\/jornalfatosenoticias.com.br\/\"},{\"@type\":\"ListItem\",\"position\":2,\"name\":\"A Viol\u00eancia das Institui\u00e7\u00f5es e dos Profissionais \u2014 Parte III\"}]},{\"@type\":\"WebSite\",\"@id\":\"https:\/\/jornalfatosenoticias.com.br\/#website\",\"url\":\"https:\/\/jornalfatosenoticias.com.br\/\",\"name\":\"Jornal Fatos e Not\u00edcias\",\"description\":\"Not\u00edcias em geral\",\"publisher\":{\"@id\":\"https:\/\/jornalfatosenoticias.com.br\/#organization\"},\"potentialAction\":[{\"@type\":\"SearchAction\",\"target\":{\"@type\":\"EntryPoint\",\"urlTemplate\":\"https:\/\/jornalfatosenoticias.com.br\/?s={search_term_string}\"},\"query-input\":{\"@type\":\"PropertyValueSpecification\",\"valueRequired\":true,\"valueName\":\"search_term_string\"}}],\"inLanguage\":\"pt-BR\"},{\"@type\":\"Organization\",\"@id\":\"https:\/\/jornalfatosenoticias.com.br\/#organization\",\"name\":\"Jornal Fatos e Not\u00edcias\",\"url\":\"https:\/\/jornalfatosenoticias.com.br\/\",\"logo\":{\"@type\":\"ImageObject\",\"inLanguage\":\"pt-BR\",\"@id\":\"https:\/\/jornalfatosenoticias.com.br\/#\/schema\/logo\/image\/\",\"url\":\"https:\/\/jornalfatosenoticias.com.br\/wp-content\/uploads\/2020\/02\/logo120.png\",\"contentUrl\":\"https:\/\/jornalfatosenoticias.com.br\/wp-content\/uploads\/2020\/02\/logo120.png\",\"width\":1227,\"height\":120,\"caption\":\"Jornal Fatos e Not\u00edcias\"},\"image\":{\"@id\":\"https:\/\/jornalfatosenoticias.com.br\/#\/schema\/logo\/image\/\"}},{\"@type\":\"Person\",\"@id\":\"https:\/\/jornalfatosenoticias.com.br\/#\/schema\/person\/c33fcf5fb02d729d3fec92c6737a22d1\",\"name\":\"Ana Maria Iencarelli\",\"image\":{\"@type\":\"ImageObject\",\"inLanguage\":\"pt-BR\",\"@id\":\"https:\/\/jornalfatosenoticias.com.br\/#\/schema\/person\/image\/\",\"url\":\"https:\/\/jornalfatosenoticias.com.br\/wp-content\/uploads\/2020\/02\/Ana-Maria-Iencarelli-1-150x150.jpg\",\"contentUrl\":\"https:\/\/jornalfatosenoticias.com.br\/wp-content\/uploads\/2020\/02\/Ana-Maria-Iencarelli-1-150x150.jpg\",\"caption\":\"Ana Maria Iencarelli\"},\"description\":\"Psicanalista Cl\u00ednica, especializada no atendimento a Crian\u00e7as e Adolescentes. Presidente da ONG Vozes de Anjos.\",\"url\":\"https:\/\/jornalfatosenoticias.com.br\/index.php\/author\/anamaria\/\"}]}<\/script>\n<!-- \/ Yoast SEO plugin. -->","yoast_head_json":{"title":"A Viol\u00eancia das Institui\u00e7\u00f5es e dos Profissionais \u2014 Parte III - Jornal Fatos e Not\u00edcias","robots":{"index":"index","follow":"follow","max-snippet":"max-snippet:-1","max-image-preview":"max-image-preview:large","max-video-preview":"max-video-preview:-1"},"canonical":"https:\/\/jornalfatosenoticias.com.br\/index.php\/2021\/08\/26\/a-violencia-das-instituicoes-e-dos-profissionais-parte-iii\/","og_locale":"pt_BR","og_type":"article","og_title":"A Viol\u00eancia das Institui\u00e7\u00f5es e dos Profissionais \u2014 Parte III - Jornal Fatos e Not\u00edcias","og_description":"Os Feminic\u00eddios s\u00e3o di\u00e1rios. Mas h\u00e1 um grupo de pessoas que critica a lei Maria da Penha, emitindo opini\u00f5es de descr\u00e9dito nas mulheres No nosso imagin\u00e1rio, temos uma tend\u00eancia a associar o olho roxo, os hematomas pelo corpo nas partes externas \u00e0 roupa, o dente quebrado, ao resultado de uma viol\u00eancia contra a Mulher. E, [&hellip;]","og_url":"https:\/\/jornalfatosenoticias.com.br\/index.php\/2021\/08\/26\/a-violencia-das-instituicoes-e-dos-profissionais-parte-iii\/","og_site_name":"Jornal Fatos e Not\u00edcias","article_published_time":"2021-08-26T20:23:55+00:00","article_modified_time":"2021-08-26T20:23:57+00:00","og_image":[{"width":1000,"height":628,"url":"https:\/\/jornalfatosenoticias.com.br\/wp-content\/uploads\/2021\/08\/MULHERES_VIOLENCIA-CONTRA-AS-MULHERES.jpeg","type":"image\/jpeg"}],"author":"Ana Maria Iencarelli","twitter_card":"summary_large_image","twitter_misc":{"Escrito por":"Ana Maria Iencarelli","Est. tempo de leitura":"5 minutos"},"schema":{"@context":"https:\/\/schema.org","@graph":[{"@type":"Article","@id":"https:\/\/jornalfatosenoticias.com.br\/index.php\/2021\/08\/26\/a-violencia-das-instituicoes-e-dos-profissionais-parte-iii\/#article","isPartOf":{"@id":"https:\/\/jornalfatosenoticias.com.br\/index.php\/2021\/08\/26\/a-violencia-das-instituicoes-e-dos-profissionais-parte-iii\/"},"author":{"name":"Ana Maria Iencarelli","@id":"https:\/\/jornalfatosenoticias.com.br\/#\/schema\/person\/c33fcf5fb02d729d3fec92c6737a22d1"},"headline":"A Viol\u00eancia das Institui\u00e7\u00f5es e dos Profissionais \u2014 Parte III","datePublished":"2021-08-26T20:23:55+00:00","dateModified":"2021-08-26T20:23:57+00:00","mainEntityOfPage":{"@id":"https:\/\/jornalfatosenoticias.com.br\/index.php\/2021\/08\/26\/a-violencia-das-instituicoes-e-dos-profissionais-parte-iii\/"},"wordCount":1052,"commentCount":0,"publisher":{"@id":"https:\/\/jornalfatosenoticias.com.br\/#organization"},"image":{"@id":"https:\/\/jornalfatosenoticias.com.br\/index.php\/2021\/08\/26\/a-violencia-das-instituicoes-e-dos-profissionais-parte-iii\/#primaryimage"},"thumbnailUrl":"https:\/\/jornalfatosenoticias.com.br\/wp-content\/uploads\/2021\/08\/MULHERES_VIOLENCIA-CONTRA-AS-MULHERES.jpeg","keywords":["aliena\u00e7\u00e3o parental","crian\u00e7as","feminic\u00eddios","homem","Lei Maria da Penha","mulher"],"articleSection":["Comportamento &amp; Equil\u00edbrio"],"inLanguage":"pt-BR","potentialAction":[{"@type":"CommentAction","name":"Comment","target":["https:\/\/jornalfatosenoticias.com.br\/index.php\/2021\/08\/26\/a-violencia-das-instituicoes-e-dos-profissionais-parte-iii\/#respond"]}]},{"@type":"WebPage","@id":"https:\/\/jornalfatosenoticias.com.br\/index.php\/2021\/08\/26\/a-violencia-das-instituicoes-e-dos-profissionais-parte-iii\/","url":"https:\/\/jornalfatosenoticias.com.br\/index.php\/2021\/08\/26\/a-violencia-das-instituicoes-e-dos-profissionais-parte-iii\/","name":"A Viol\u00eancia das Institui\u00e7\u00f5es e dos Profissionais \u2014 Parte III - Jornal Fatos e Not\u00edcias","isPartOf":{"@id":"https:\/\/jornalfatosenoticias.com.br\/#website"},"primaryImageOfPage":{"@id":"https:\/\/jornalfatosenoticias.com.br\/index.php\/2021\/08\/26\/a-violencia-das-instituicoes-e-dos-profissionais-parte-iii\/#primaryimage"},"image":{"@id":"https:\/\/jornalfatosenoticias.com.br\/index.php\/2021\/08\/26\/a-violencia-das-instituicoes-e-dos-profissionais-parte-iii\/#primaryimage"},"thumbnailUrl":"https:\/\/jornalfatosenoticias.com.br\/wp-content\/uploads\/2021\/08\/MULHERES_VIOLENCIA-CONTRA-AS-MULHERES.jpeg","datePublished":"2021-08-26T20:23:55+00:00","dateModified":"2021-08-26T20:23:57+00:00","breadcrumb":{"@id":"https:\/\/jornalfatosenoticias.com.br\/index.php\/2021\/08\/26\/a-violencia-das-instituicoes-e-dos-profissionais-parte-iii\/#breadcrumb"},"inLanguage":"pt-BR","potentialAction":[{"@type":"ReadAction","target":["https:\/\/jornalfatosenoticias.com.br\/index.php\/2021\/08\/26\/a-violencia-das-instituicoes-e-dos-profissionais-parte-iii\/"]}]},{"@type":"ImageObject","inLanguage":"pt-BR","@id":"https:\/\/jornalfatosenoticias.com.br\/index.php\/2021\/08\/26\/a-violencia-das-instituicoes-e-dos-profissionais-parte-iii\/#primaryimage","url":"https:\/\/jornalfatosenoticias.com.br\/wp-content\/uploads\/2021\/08\/MULHERES_VIOLENCIA-CONTRA-AS-MULHERES.jpeg","contentUrl":"https:\/\/jornalfatosenoticias.com.br\/wp-content\/uploads\/2021\/08\/MULHERES_VIOLENCIA-CONTRA-AS-MULHERES.jpeg","width":1000,"height":628},{"@type":"BreadcrumbList","@id":"https:\/\/jornalfatosenoticias.com.br\/index.php\/2021\/08\/26\/a-violencia-das-instituicoes-e-dos-profissionais-parte-iii\/#breadcrumb","itemListElement":[{"@type":"ListItem","position":1,"name":"In\u00edcio","item":"https:\/\/jornalfatosenoticias.com.br\/"},{"@type":"ListItem","position":2,"name":"A Viol\u00eancia das Institui\u00e7\u00f5es e dos Profissionais \u2014 Parte III"}]},{"@type":"WebSite","@id":"https:\/\/jornalfatosenoticias.com.br\/#website","url":"https:\/\/jornalfatosenoticias.com.br\/","name":"Jornal Fatos e Not\u00edcias","description":"Not\u00edcias em geral","publisher":{"@id":"https:\/\/jornalfatosenoticias.com.br\/#organization"},"potentialAction":[{"@type":"SearchAction","target":{"@type":"EntryPoint","urlTemplate":"https:\/\/jornalfatosenoticias.com.br\/?s={search_term_string}"},"query-input":{"@type":"PropertyValueSpecification","valueRequired":true,"valueName":"search_term_string"}}],"inLanguage":"pt-BR"},{"@type":"Organization","@id":"https:\/\/jornalfatosenoticias.com.br\/#organization","name":"Jornal Fatos e Not\u00edcias","url":"https:\/\/jornalfatosenoticias.com.br\/","logo":{"@type":"ImageObject","inLanguage":"pt-BR","@id":"https:\/\/jornalfatosenoticias.com.br\/#\/schema\/logo\/image\/","url":"https:\/\/jornalfatosenoticias.com.br\/wp-content\/uploads\/2020\/02\/logo120.png","contentUrl":"https:\/\/jornalfatosenoticias.com.br\/wp-content\/uploads\/2020\/02\/logo120.png","width":1227,"height":120,"caption":"Jornal Fatos e Not\u00edcias"},"image":{"@id":"https:\/\/jornalfatosenoticias.com.br\/#\/schema\/logo\/image\/"}},{"@type":"Person","@id":"https:\/\/jornalfatosenoticias.com.br\/#\/schema\/person\/c33fcf5fb02d729d3fec92c6737a22d1","name":"Ana Maria Iencarelli","image":{"@type":"ImageObject","inLanguage":"pt-BR","@id":"https:\/\/jornalfatosenoticias.com.br\/#\/schema\/person\/image\/","url":"https:\/\/jornalfatosenoticias.com.br\/wp-content\/uploads\/2020\/02\/Ana-Maria-Iencarelli-1-150x150.jpg","contentUrl":"https:\/\/jornalfatosenoticias.com.br\/wp-content\/uploads\/2020\/02\/Ana-Maria-Iencarelli-1-150x150.jpg","caption":"Ana Maria Iencarelli"},"description":"Psicanalista Cl\u00ednica, especializada no atendimento a Crian\u00e7as e Adolescentes. Presidente da ONG Vozes de Anjos.","url":"https:\/\/jornalfatosenoticias.com.br\/index.php\/author\/anamaria\/"}]}},"cc_featured_image_caption":{"caption_text":"(Foto: Rede Brasil Atual) ","source_text":"","source_url":""},"jetpack_featured_media_url":"https:\/\/jornalfatosenoticias.com.br\/wp-content\/uploads\/2021\/08\/MULHERES_VIOLENCIA-CONTRA-AS-MULHERES.jpeg","_links":{"self":[{"href":"https:\/\/jornalfatosenoticias.com.br\/index.php\/wp-json\/wp\/v2\/posts\/22278","targetHints":{"allow":["GET"]}}],"collection":[{"href":"https:\/\/jornalfatosenoticias.com.br\/index.php\/wp-json\/wp\/v2\/posts"}],"about":[{"href":"https:\/\/jornalfatosenoticias.com.br\/index.php\/wp-json\/wp\/v2\/types\/post"}],"author":[{"embeddable":true,"href":"https:\/\/jornalfatosenoticias.com.br\/index.php\/wp-json\/wp\/v2\/users\/8"}],"replies":[{"embeddable":true,"href":"https:\/\/jornalfatosenoticias.com.br\/index.php\/wp-json\/wp\/v2\/comments?post=22278"}],"version-history":[{"count":0,"href":"https:\/\/jornalfatosenoticias.com.br\/index.php\/wp-json\/wp\/v2\/posts\/22278\/revisions"}],"wp:featuredmedia":[{"embeddable":true,"href":"https:\/\/jornalfatosenoticias.com.br\/index.php\/wp-json\/wp\/v2\/media\/22280"}],"wp:attachment":[{"href":"https:\/\/jornalfatosenoticias.com.br\/index.php\/wp-json\/wp\/v2\/media?parent=22278"}],"wp:term":[{"taxonomy":"category","embeddable":true,"href":"https:\/\/jornalfatosenoticias.com.br\/index.php\/wp-json\/wp\/v2\/categories?post=22278"},{"taxonomy":"post_tag","embeddable":true,"href":"https:\/\/jornalfatosenoticias.com.br\/index.php\/wp-json\/wp\/v2\/tags?post=22278"}],"curies":[{"name":"wp","href":"https:\/\/api.w.org\/{rel}","templated":true}]}}