{"id":22282,"date":"2021-08-26T18:09:57","date_gmt":"2021-08-26T21:09:57","guid":{"rendered":"https:\/\/jornalfatosenoticias.com.br\/?p=22282"},"modified":"2021-08-26T18:10:01","modified_gmt":"2021-08-26T21:10:01","slug":"macarrao-com-legumes-salteados","status":"publish","type":"post","link":"https:\/\/jornalfatosenoticias.com.br\/index.php\/2021\/08\/26\/macarrao-com-legumes-salteados\/","title":{"rendered":"Macarr\u00e3o com legumes salteados"},"content":{"rendered":"\n<p>Quer aprender a preparar um prato delicioso, completo e f\u00e1cil? Ent\u00e3o conhe\u00e7a esta receita de macarr\u00e3o com legumes salteados! \u00c9 a op\u00e7\u00e3o perfeita para quem tem pouco tempo para cozinhar, mas n\u00e3o quer abrir m\u00e3o de uma refei\u00e7\u00e3o caseira saborosa. E o melhor de tudo \u00e9 que o macarr\u00e3o com legumes salteados \u00e9 vegetariano, logo, n\u00e3o leva carne.<\/p>\n\n\n\n<p><strong><span class=\"has-inline-color has-black-color\">Ingredientes<br><\/span><\/strong>1 pacote de macarr\u00e3o tipo espaguete (500g)<br>Sal e pimenta-do-reino a gosto<br>4 colheres (sopa) de azeite<br>2 colheres (sopa) de manteiga<br>1 cenoura fatiada fina na diagonal<br>1 x\u00edcara (ch\u00e1) de buqu\u00eas de couve-flor<br>1 x\u00edcara (ch\u00e1) de buqu\u00eas de br\u00f3colis<br>1 x\u00edcara (ch\u00e1) de ervilha-torta em peda\u00e7os<br>1 x\u00edcara (ch\u00e1) de repolho fatiado fino<br>\u00bc de x\u00edcara (ch\u00e1) de molho de soja (shoyu)<br>1 colher (sopa) de \u00f3leo de gergelim<br>4 colheres (sopa) de cebolinha fatiada<\/p>\n\n\n\n<p><strong><span class=\"has-inline-color has-black-color\">Modo de preparo<br><\/span><\/strong>Cozinhe o macarr\u00e3o conforme as instru\u00e7\u00f5es da embalagem. Escorra e reserve. Aque\u00e7a uma frigideira grande e larga com o azeite e a manteiga, em fogo m\u00e9dio, junte a cenoura, a couve-flor e refogue por tr\u00eas minutos. Adicione o br\u00f3colis, a ervilha, o repolho e refogue em fogo alto por cinco minutos. Tempere com a pimenta e o sal. Adicione o macarr\u00e3o cozido, o \u00f3leo de gergelim e a cebolinha. Frite em fogo alto, mexendo por dois minutos. Despeje em uma travessa e sirva.<\/p>\n\n\n\n<p><em><span class=\"has-inline-color has-black-color\">Rendimento: 5 por\u00e7\u00f5es<\/span><\/em><\/p>\n\n\n\n<p><strong><em>Fonte: <a href=\"https:\/\/www.terra.com.br\/vida-e-estilo\/culinaria\/receitas\/macarrao-com-legumes-salteados-para-saborear-ainda-hoje,5e06e6cb67434fd007fb4bc7f75df42b5mvsb3ss.html\">Terra<\/a><\/em><\/strong><\/p>\n","protected":false},"excerpt":{"rendered":"<p>Quer aprender a preparar um prato delicioso, completo e f\u00e1cil? Ent\u00e3o conhe\u00e7a esta receita de macarr\u00e3o com legumes salteados! \u00c9 a op\u00e7\u00e3o perfeita para quem tem pouco tempo para cozinhar, mas n\u00e3o quer abrir m\u00e3o de uma refei\u00e7\u00e3o caseira saborosa. E o melhor de tudo \u00e9 que o macarr\u00e3o com legumes salteados \u00e9 vegetariano, logo, [&hellip;]<\/p>\n","protected":false},"author":10,"featured_media":22283,"comment_status":"open","ping_status":"open","sticky":false,"template":"","format":"standard","meta":{"footnotes":""},"categories":[745],"tags":[553,1060,8648,10872],"class_list":["post-22282","post","type-post","status-publish","format-standard","has-post-thumbnail","hentry","category-gastronomia","tag-legumes","tag-macarrao","tag-macarrao-com-legumes","tag-prato-vegetariano"],"yoast_head":"<!-- This site is optimized with the Yoast SEO plugin v26.5 - https:\/\/yoast.com\/wordpress\/plugins\/seo\/ -->\n<title>Macarr\u00e3o com legumes salteados - Jornal Fatos e Not\u00edcias<\/title>\n<meta name=\"robots\" content=\"index, follow, max-snippet:-1, max-image-preview:large, max-video-preview:-1\" \/>\n<link rel=\"canonical\" href=\"https:\/\/jornalfatosenoticias.com.br\/index.php\/2021\/08\/26\/macarrao-com-legumes-salteados\/\" \/>\n<meta property=\"og:locale\" content=\"pt_BR\" \/>\n<meta property=\"og:type\" content=\"article\" \/>\n<meta property=\"og:title\" content=\"Macarr\u00e3o com legumes salteados - Jornal Fatos e Not\u00edcias\" \/>\n<meta property=\"og:description\" content=\"Quer aprender a preparar um prato delicioso, completo e f\u00e1cil? Ent\u00e3o conhe\u00e7a esta receita de macarr\u00e3o com legumes salteados! \u00c9 a op\u00e7\u00e3o perfeita para quem tem pouco tempo para cozinhar, mas n\u00e3o quer abrir m\u00e3o de uma refei\u00e7\u00e3o caseira saborosa. E o melhor de tudo \u00e9 que o macarr\u00e3o com legumes salteados \u00e9 vegetariano, logo, [&hellip;]\" \/>\n<meta property=\"og:url\" content=\"https:\/\/jornalfatosenoticias.com.br\/index.php\/2021\/08\/26\/macarrao-com-legumes-salteados\/\" \/>\n<meta property=\"og:site_name\" content=\"Jornal Fatos e Not\u00edcias\" \/>\n<meta property=\"article:published_time\" content=\"2021-08-26T21:09:57+00:00\" \/>\n<meta property=\"article:modified_time\" content=\"2021-08-26T21:10:01+00:00\" \/>\n<meta property=\"og:image\" content=\"https:\/\/jornalfatosenoticias.com.br\/wp-content\/uploads\/2021\/08\/macarrao-com-legumes-salteados.jpg\" \/>\n\t<meta property=\"og:image:width\" content=\"1000\" \/>\n\t<meta property=\"og:image:height\" content=\"583\" \/>\n\t<meta property=\"og:image:type\" content=\"image\/jpeg\" \/>\n<meta name=\"author\" content=\"Gabriela Messner Aresi Oliveira\" \/>\n<meta name=\"twitter:card\" content=\"summary_large_image\" \/>\n<meta name=\"twitter:label1\" content=\"Escrito por\" \/>\n\t<meta name=\"twitter:data1\" content=\"Gabriela Messner Aresi Oliveira\" \/>\n\t<meta name=\"twitter:label2\" content=\"Est. tempo de leitura\" \/>\n\t<meta name=\"twitter:data2\" content=\"1 minuto\" \/>\n<script type=\"application\/ld+json\" class=\"yoast-schema-graph\">{\"@context\":\"https:\/\/schema.org\",\"@graph\":[{\"@type\":\"Article\",\"@id\":\"https:\/\/jornalfatosenoticias.com.br\/index.php\/2021\/08\/26\/macarrao-com-legumes-salteados\/#article\",\"isPartOf\":{\"@id\":\"https:\/\/jornalfatosenoticias.com.br\/index.php\/2021\/08\/26\/macarrao-com-legumes-salteados\/\"},\"author\":{\"name\":\"Gabriela Messner Aresi Oliveira\",\"@id\":\"https:\/\/jornalfatosenoticias.com.br\/#\/schema\/person\/8e0fe72f7a2b1f60eecd0c7d1dc4d8f1\"},\"headline\":\"Macarr\u00e3o com legumes salteados\",\"datePublished\":\"2021-08-26T21:09:57+00:00\",\"dateModified\":\"2021-08-26T21:10:01+00:00\",\"mainEntityOfPage\":{\"@id\":\"https:\/\/jornalfatosenoticias.com.br\/index.php\/2021\/08\/26\/macarrao-com-legumes-salteados\/\"},\"wordCount\":246,\"commentCount\":0,\"publisher\":{\"@id\":\"https:\/\/jornalfatosenoticias.com.br\/#organization\"},\"image\":{\"@id\":\"https:\/\/jornalfatosenoticias.com.br\/index.php\/2021\/08\/26\/macarrao-com-legumes-salteados\/#primaryimage\"},\"thumbnailUrl\":\"https:\/\/jornalfatosenoticias.com.br\/wp-content\/uploads\/2021\/08\/macarrao-com-legumes-salteados.jpg\",\"keywords\":[\"legumes\",\"macarr\u00e3o\",\"macarr\u00e3o com legumes\",\"prato vegetariano\"],\"articleSection\":[\"Gastronomia\"],\"inLanguage\":\"pt-BR\",\"potentialAction\":[{\"@type\":\"CommentAction\",\"name\":\"Comment\",\"target\":[\"https:\/\/jornalfatosenoticias.com.br\/index.php\/2021\/08\/26\/macarrao-com-legumes-salteados\/#respond\"]}]},{\"@type\":\"WebPage\",\"@id\":\"https:\/\/jornalfatosenoticias.com.br\/index.php\/2021\/08\/26\/macarrao-com-legumes-salteados\/\",\"url\":\"https:\/\/jornalfatosenoticias.com.br\/index.php\/2021\/08\/26\/macarrao-com-legumes-salteados\/\",\"name\":\"Macarr\u00e3o com legumes salteados - Jornal Fatos e Not\u00edcias\",\"isPartOf\":{\"@id\":\"https:\/\/jornalfatosenoticias.com.br\/#website\"},\"primaryImageOfPage\":{\"@id\":\"https:\/\/jornalfatosenoticias.com.br\/index.php\/2021\/08\/26\/macarrao-com-legumes-salteados\/#primaryimage\"},\"image\":{\"@id\":\"https:\/\/jornalfatosenoticias.com.br\/index.php\/2021\/08\/26\/macarrao-com-legumes-salteados\/#primaryimage\"},\"thumbnailUrl\":\"https:\/\/jornalfatosenoticias.com.br\/wp-content\/uploads\/2021\/08\/macarrao-com-legumes-salteados.jpg\",\"datePublished\":\"2021-08-26T21:09:57+00:00\",\"dateModified\":\"2021-08-26T21:10:01+00:00\",\"breadcrumb\":{\"@id\":\"https:\/\/jornalfatosenoticias.com.br\/index.php\/2021\/08\/26\/macarrao-com-legumes-salteados\/#breadcrumb\"},\"inLanguage\":\"pt-BR\",\"potentialAction\":[{\"@type\":\"ReadAction\",\"target\":[\"https:\/\/jornalfatosenoticias.com.br\/index.php\/2021\/08\/26\/macarrao-com-legumes-salteados\/\"]}]},{\"@type\":\"ImageObject\",\"inLanguage\":\"pt-BR\",\"@id\":\"https:\/\/jornalfatosenoticias.com.br\/index.php\/2021\/08\/26\/macarrao-com-legumes-salteados\/#primaryimage\",\"url\":\"https:\/\/jornalfatosenoticias.com.br\/wp-content\/uploads\/2021\/08\/macarrao-com-legumes-salteados.jpg\",\"contentUrl\":\"https:\/\/jornalfatosenoticias.com.br\/wp-content\/uploads\/2021\/08\/macarrao-com-legumes-salteados.jpg\",\"width\":1000,\"height\":583},{\"@type\":\"BreadcrumbList\",\"@id\":\"https:\/\/jornalfatosenoticias.com.br\/index.php\/2021\/08\/26\/macarrao-com-legumes-salteados\/#breadcrumb\",\"itemListElement\":[{\"@type\":\"ListItem\",\"position\":1,\"name\":\"In\u00edcio\",\"item\":\"https:\/\/jornalfatosenoticias.com.br\/\"},{\"@type\":\"ListItem\",\"position\":2,\"name\":\"Macarr\u00e3o com legumes salteados\"}]},{\"@type\":\"WebSite\",\"@id\":\"https:\/\/jornalfatosenoticias.com.br\/#website\",\"url\":\"https:\/\/jornalfatosenoticias.com.br\/\",\"name\":\"Jornal Fatos e Not\u00edcias\",\"description\":\"Not\u00edcias em geral\",\"publisher\":{\"@id\":\"https:\/\/jornalfatosenoticias.com.br\/#organization\"},\"potentialAction\":[{\"@type\":\"SearchAction\",\"target\":{\"@type\":\"EntryPoint\",\"urlTemplate\":\"https:\/\/jornalfatosenoticias.com.br\/?s={search_term_string}\"},\"query-input\":{\"@type\":\"PropertyValueSpecification\",\"valueRequired\":true,\"valueName\":\"search_term_string\"}}],\"inLanguage\":\"pt-BR\"},{\"@type\":\"Organization\",\"@id\":\"https:\/\/jornalfatosenoticias.com.br\/#organization\",\"name\":\"Jornal Fatos e Not\u00edcias\",\"url\":\"https:\/\/jornalfatosenoticias.com.br\/\",\"logo\":{\"@type\":\"ImageObject\",\"inLanguage\":\"pt-BR\",\"@id\":\"https:\/\/jornalfatosenoticias.com.br\/#\/schema\/logo\/image\/\",\"url\":\"https:\/\/jornalfatosenoticias.com.br\/wp-content\/uploads\/2020\/02\/logo120.png\",\"contentUrl\":\"https:\/\/jornalfatosenoticias.com.br\/wp-content\/uploads\/2020\/02\/logo120.png\",\"width\":1227,\"height\":120,\"caption\":\"Jornal Fatos e Not\u00edcias\"},\"image\":{\"@id\":\"https:\/\/jornalfatosenoticias.com.br\/#\/schema\/logo\/image\/\"}},{\"@type\":\"Person\",\"@id\":\"https:\/\/jornalfatosenoticias.com.br\/#\/schema\/person\/8e0fe72f7a2b1f60eecd0c7d1dc4d8f1\",\"name\":\"Gabriela Messner Aresi Oliveira\",\"image\":{\"@type\":\"ImageObject\",\"inLanguage\":\"pt-BR\",\"@id\":\"https:\/\/jornalfatosenoticias.com.br\/#\/schema\/person\/image\/\",\"url\":\"https:\/\/jornalfatosenoticias.com.br\/wp-content\/uploads\/2020\/03\/Gabriela-messner-150x150.jpg\",\"contentUrl\":\"https:\/\/jornalfatosenoticias.com.br\/wp-content\/uploads\/2020\/03\/Gabriela-messner-150x150.jpg\",\"caption\":\"Gabriela Messner Aresi Oliveira\"},\"url\":\"https:\/\/jornalfatosenoticias.com.br\/index.php\/author\/gabriela\/\"}]}<\/script>\n<!-- \/ Yoast SEO plugin. -->","yoast_head_json":{"title":"Macarr\u00e3o com legumes salteados - Jornal Fatos e Not\u00edcias","robots":{"index":"index","follow":"follow","max-snippet":"max-snippet:-1","max-image-preview":"max-image-preview:large","max-video-preview":"max-video-preview:-1"},"canonical":"https:\/\/jornalfatosenoticias.com.br\/index.php\/2021\/08\/26\/macarrao-com-legumes-salteados\/","og_locale":"pt_BR","og_type":"article","og_title":"Macarr\u00e3o com legumes salteados - Jornal Fatos e Not\u00edcias","og_description":"Quer aprender a preparar um prato delicioso, completo e f\u00e1cil? Ent\u00e3o conhe\u00e7a esta receita de macarr\u00e3o com legumes salteados! \u00c9 a op\u00e7\u00e3o perfeita para quem tem pouco tempo para cozinhar, mas n\u00e3o quer abrir m\u00e3o de uma refei\u00e7\u00e3o caseira saborosa. E o melhor de tudo \u00e9 que o macarr\u00e3o com legumes salteados \u00e9 vegetariano, logo, [&hellip;]","og_url":"https:\/\/jornalfatosenoticias.com.br\/index.php\/2021\/08\/26\/macarrao-com-legumes-salteados\/","og_site_name":"Jornal Fatos e Not\u00edcias","article_published_time":"2021-08-26T21:09:57+00:00","article_modified_time":"2021-08-26T21:10:01+00:00","og_image":[{"width":1000,"height":583,"url":"https:\/\/jornalfatosenoticias.com.br\/wp-content\/uploads\/2021\/08\/macarrao-com-legumes-salteados.jpg","type":"image\/jpeg"}],"author":"Gabriela Messner Aresi Oliveira","twitter_card":"summary_large_image","twitter_misc":{"Escrito por":"Gabriela Messner Aresi Oliveira","Est. tempo de leitura":"1 minuto"},"schema":{"@context":"https:\/\/schema.org","@graph":[{"@type":"Article","@id":"https:\/\/jornalfatosenoticias.com.br\/index.php\/2021\/08\/26\/macarrao-com-legumes-salteados\/#article","isPartOf":{"@id":"https:\/\/jornalfatosenoticias.com.br\/index.php\/2021\/08\/26\/macarrao-com-legumes-salteados\/"},"author":{"name":"Gabriela Messner Aresi Oliveira","@id":"https:\/\/jornalfatosenoticias.com.br\/#\/schema\/person\/8e0fe72f7a2b1f60eecd0c7d1dc4d8f1"},"headline":"Macarr\u00e3o com legumes salteados","datePublished":"2021-08-26T21:09:57+00:00","dateModified":"2021-08-26T21:10:01+00:00","mainEntityOfPage":{"@id":"https:\/\/jornalfatosenoticias.com.br\/index.php\/2021\/08\/26\/macarrao-com-legumes-salteados\/"},"wordCount":246,"commentCount":0,"publisher":{"@id":"https:\/\/jornalfatosenoticias.com.br\/#organization"},"image":{"@id":"https:\/\/jornalfatosenoticias.com.br\/index.php\/2021\/08\/26\/macarrao-com-legumes-salteados\/#primaryimage"},"thumbnailUrl":"https:\/\/jornalfatosenoticias.com.br\/wp-content\/uploads\/2021\/08\/macarrao-com-legumes-salteados.jpg","keywords":["legumes","macarr\u00e3o","macarr\u00e3o com legumes","prato vegetariano"],"articleSection":["Gastronomia"],"inLanguage":"pt-BR","potentialAction":[{"@type":"CommentAction","name":"Comment","target":["https:\/\/jornalfatosenoticias.com.br\/index.php\/2021\/08\/26\/macarrao-com-legumes-salteados\/#respond"]}]},{"@type":"WebPage","@id":"https:\/\/jornalfatosenoticias.com.br\/index.php\/2021\/08\/26\/macarrao-com-legumes-salteados\/","url":"https:\/\/jornalfatosenoticias.com.br\/index.php\/2021\/08\/26\/macarrao-com-legumes-salteados\/","name":"Macarr\u00e3o com legumes salteados - Jornal Fatos e Not\u00edcias","isPartOf":{"@id":"https:\/\/jornalfatosenoticias.com.br\/#website"},"primaryImageOfPage":{"@id":"https:\/\/jornalfatosenoticias.com.br\/index.php\/2021\/08\/26\/macarrao-com-legumes-salteados\/#primaryimage"},"image":{"@id":"https:\/\/jornalfatosenoticias.com.br\/index.php\/2021\/08\/26\/macarrao-com-legumes-salteados\/#primaryimage"},"thumbnailUrl":"https:\/\/jornalfatosenoticias.com.br\/wp-content\/uploads\/2021\/08\/macarrao-com-legumes-salteados.jpg","datePublished":"2021-08-26T21:09:57+00:00","dateModified":"2021-08-26T21:10:01+00:00","breadcrumb":{"@id":"https:\/\/jornalfatosenoticias.com.br\/index.php\/2021\/08\/26\/macarrao-com-legumes-salteados\/#breadcrumb"},"inLanguage":"pt-BR","potentialAction":[{"@type":"ReadAction","target":["https:\/\/jornalfatosenoticias.com.br\/index.php\/2021\/08\/26\/macarrao-com-legumes-salteados\/"]}]},{"@type":"ImageObject","inLanguage":"pt-BR","@id":"https:\/\/jornalfatosenoticias.com.br\/index.php\/2021\/08\/26\/macarrao-com-legumes-salteados\/#primaryimage","url":"https:\/\/jornalfatosenoticias.com.br\/wp-content\/uploads\/2021\/08\/macarrao-com-legumes-salteados.jpg","contentUrl":"https:\/\/jornalfatosenoticias.com.br\/wp-content\/uploads\/2021\/08\/macarrao-com-legumes-salteados.jpg","width":1000,"height":583},{"@type":"BreadcrumbList","@id":"https:\/\/jornalfatosenoticias.com.br\/index.php\/2021\/08\/26\/macarrao-com-legumes-salteados\/#breadcrumb","itemListElement":[{"@type":"ListItem","position":1,"name":"In\u00edcio","item":"https:\/\/jornalfatosenoticias.com.br\/"},{"@type":"ListItem","position":2,"name":"Macarr\u00e3o com legumes salteados"}]},{"@type":"WebSite","@id":"https:\/\/jornalfatosenoticias.com.br\/#website","url":"https:\/\/jornalfatosenoticias.com.br\/","name":"Jornal Fatos e Not\u00edcias","description":"Not\u00edcias em geral","publisher":{"@id":"https:\/\/jornalfatosenoticias.com.br\/#organization"},"potentialAction":[{"@type":"SearchAction","target":{"@type":"EntryPoint","urlTemplate":"https:\/\/jornalfatosenoticias.com.br\/?s={search_term_string}"},"query-input":{"@type":"PropertyValueSpecification","valueRequired":true,"valueName":"search_term_string"}}],"inLanguage":"pt-BR"},{"@type":"Organization","@id":"https:\/\/jornalfatosenoticias.com.br\/#organization","name":"Jornal Fatos e Not\u00edcias","url":"https:\/\/jornalfatosenoticias.com.br\/","logo":{"@type":"ImageObject","inLanguage":"pt-BR","@id":"https:\/\/jornalfatosenoticias.com.br\/#\/schema\/logo\/image\/","url":"https:\/\/jornalfatosenoticias.com.br\/wp-content\/uploads\/2020\/02\/logo120.png","contentUrl":"https:\/\/jornalfatosenoticias.com.br\/wp-content\/uploads\/2020\/02\/logo120.png","width":1227,"height":120,"caption":"Jornal Fatos e Not\u00edcias"},"image":{"@id":"https:\/\/jornalfatosenoticias.com.br\/#\/schema\/logo\/image\/"}},{"@type":"Person","@id":"https:\/\/jornalfatosenoticias.com.br\/#\/schema\/person\/8e0fe72f7a2b1f60eecd0c7d1dc4d8f1","name":"Gabriela Messner Aresi Oliveira","image":{"@type":"ImageObject","inLanguage":"pt-BR","@id":"https:\/\/jornalfatosenoticias.com.br\/#\/schema\/person\/image\/","url":"https:\/\/jornalfatosenoticias.com.br\/wp-content\/uploads\/2020\/03\/Gabriela-messner-150x150.jpg","contentUrl":"https:\/\/jornalfatosenoticias.com.br\/wp-content\/uploads\/2020\/03\/Gabriela-messner-150x150.jpg","caption":"Gabriela Messner Aresi Oliveira"},"url":"https:\/\/jornalfatosenoticias.com.br\/index.php\/author\/gabriela\/"}]}},"cc_featured_image_caption":{"caption_text":"(Foto: Guia da Cozinha)","source_text":"","source_url":""},"jetpack_featured_media_url":"https:\/\/jornalfatosenoticias.com.br\/wp-content\/uploads\/2021\/08\/macarrao-com-legumes-salteados.jpg","_links":{"self":[{"href":"https:\/\/jornalfatosenoticias.com.br\/index.php\/wp-json\/wp\/v2\/posts\/22282","targetHints":{"allow":["GET"]}}],"collection":[{"href":"https:\/\/jornalfatosenoticias.com.br\/index.php\/wp-json\/wp\/v2\/posts"}],"about":[{"href":"https:\/\/jornalfatosenoticias.com.br\/index.php\/wp-json\/wp\/v2\/types\/post"}],"author":[{"embeddable":true,"href":"https:\/\/jornalfatosenoticias.com.br\/index.php\/wp-json\/wp\/v2\/users\/10"}],"replies":[{"embeddable":true,"href":"https:\/\/jornalfatosenoticias.com.br\/index.php\/wp-json\/wp\/v2\/comments?post=22282"}],"version-history":[{"count":0,"href":"https:\/\/jornalfatosenoticias.com.br\/index.php\/wp-json\/wp\/v2\/posts\/22282\/revisions"}],"wp:featuredmedia":[{"embeddable":true,"href":"https:\/\/jornalfatosenoticias.com.br\/index.php\/wp-json\/wp\/v2\/media\/22283"}],"wp:attachment":[{"href":"https:\/\/jornalfatosenoticias.com.br\/index.php\/wp-json\/wp\/v2\/media?parent=22282"}],"wp:term":[{"taxonomy":"category","embeddable":true,"href":"https:\/\/jornalfatosenoticias.com.br\/index.php\/wp-json\/wp\/v2\/categories?post=22282"},{"taxonomy":"post_tag","embeddable":true,"href":"https:\/\/jornalfatosenoticias.com.br\/index.php\/wp-json\/wp\/v2\/tags?post=22282"}],"curies":[{"name":"wp","href":"https:\/\/api.w.org\/{rel}","templated":true}]}}