{"id":22332,"date":"2021-08-27T10:21:57","date_gmt":"2021-08-27T13:21:57","guid":{"rendered":"https:\/\/jornalfatosenoticias.com.br\/?p=22332"},"modified":"2021-08-27T10:21:59","modified_gmt":"2021-08-27T13:21:59","slug":"por-que-algumas-pessoas-nao-agradecem-e-nao-se-desculpam","status":"publish","type":"post","link":"https:\/\/jornalfatosenoticias.com.br\/index.php\/2021\/08\/27\/por-que-algumas-pessoas-nao-agradecem-e-nao-se-desculpam\/","title":{"rendered":"Por que algumas pessoas n\u00e3o agradecem e n\u00e3o se desculpam"},"content":{"rendered":"\n<p><em><span class=\"has-inline-color has-black-color\">Pessoas assim podem ser insens\u00edveis, imaturas, ingratas, prepotentes, narcisistas e at\u00e9 psicopatas<\/span><\/em><\/p>\n\n\n\n<p>Seja por segurar o elevador, ceder a vez na fila do supermercado, emprestar alguma coisa ou relevar um esbarr\u00e3o acidental, todo mundo espera de volta alguma gentileza do outro, como no m\u00ednimo um &#8220;obrigado&#8221; ou um pedido de desculpas. N\u00e3o h\u00e1 nada de errado em esperar por isso. O ser humano se desenvolve socialmente e s\u00f3 evoluiu e se manteve at\u00e9 hoje como esp\u00e9cie dominante no planeta por conta dessa caracter\u00edstica de precisar do outro.<br>Portanto, nesse sentido, quem n\u00e3o retribui uma gentileza ou um favor e n\u00e3o se desculpa por ter cometido algo que muito ou pouco tenha prejudicado o outro \u00e9 que &#8220;destoa&#8221; do que se espera do viver em sociedade. &#8220;Ah, mas tanta gente se comporta assim&#8221;, alguns argumentam. Realmente, e esse padr\u00e3o se repete em diferentes gera\u00e7\u00f5es e tem acompanhado o aumento populacional, tanto que vem impulsionando a ci\u00eancia a estudar o assunto.<br>Em 2016, por exemplo, pesquisadores das Universidades de Berlim, Haifa e Montreal, respectivamente em Alemanha, Israel e Canad\u00e1, decidiram investigar se as pessoas est\u00e3o realmente mais &#8220;incivilizadas&#8221; e \u2014 pasmem \u2014 os resultados sugeriram que sim. Publicada no peri\u00f3dico <em>Europe&#8217;s Journal of Psychology<\/em>, a <a href=\"https:\/\/www.ncbi.nlm.nih.gov\/pmc\/articles\/PMC4873069\/\">pesquisa<\/a> com mais de 100 volunt\u00e1rios revelou que todos tendiam a n\u00e3o se importar tanto com suas grosseiras ou reconhec\u00ea-las, mas n\u00e3o agiam igual com as dos outros.<\/p>\n\n\n\n<p><strong><span class=\"has-inline-color has-black-color\">Al\u00e9m da falta de educa\u00e7\u00e3o<br><\/span><\/strong>Se j\u00e1 n\u00e3o bastassem ser mal-educadas, algumas pessoas tamb\u00e9m podem ser insens\u00edveis, imaturas, ingratas, prepotentes, narcisistas e at\u00e9 <a href=\"https:\/\/www.uol.com.br\/vivabem\/noticias\/redacao\/2019\/09\/05\/voce-sabe-reconhecer-um-psicopata.htm\">psicopatas<\/a>. &#8220;Nunca se desculpar ou agradecer s\u00e3o fortes ind\u00edcios de transtorno de personalidade. Na vis\u00e3o de algu\u00e9m assim, os outros \u00e9 que est\u00e3o errados, s\u00e3o inferiores, indignos e t\u00eam por obriga\u00e7\u00e3o fazer tudo por eles&#8221;, aponta Marina Vasconcellos, psic\u00f3loga e terapeuta pela Universidade Federal de S\u00e3o Paulo (Unifesp).<br>Claro que n\u00e3o d\u00e1 para generalizar, cada caso deve ser avaliado individualmente. Por isso, podem ser levantadas algumas hip\u00f3teses, num contexto em que a pessoa percebe a situa\u00e7\u00e3o, mas, de alguma forma, n\u00e3o reage ou responde para se desculpar ou agradecer: rigidez excessiva, inibi\u00e7\u00e3o, m\u00e1goa, nega\u00e7\u00e3o do que fez ou de que precisa de algo. Nessas condi\u00e7\u00f5es, embora possa n\u00e3o expressar, sente culpa, vergonha e outros efeitos na rela\u00e7\u00e3o com o outro.<br>Por falta de intelig\u00eancia emocional, para um sujeito que n\u00e3o gosta de se desculpar ou agradecer, fazer isso pode ser interpretado como um ato de submiss\u00e3o, ou de se aceitar uma culpa ou depend\u00eancia do outro. A ideia de ter que estabelecer algum tipo de aproxima\u00e7\u00e3o ou v\u00ednculo com quem n\u00e3o se quer por perto tamb\u00e9m pode passar pela cabe\u00e7a e, \u00e0s vezes, por obriga\u00e7\u00e3o de se desculpar ou agradecer, cria-se at\u00e9 raiva e fala-se mal do outro pelas costas.<\/p>\n\n\n\n<figure class=\"wp-block-image size-large is-style-default\"><img loading=\"lazy\" decoding=\"async\" width=\"1000\" height=\"615\" src=\"https:\/\/jornalfatosenoticias.com.br\/wp-content\/uploads\/2021\/08\/ego-autoestima-2_iStock.jpg\" alt=\"\" class=\"wp-image-22333\" srcset=\"https:\/\/jornalfatosenoticias.com.br\/wp-content\/uploads\/2021\/08\/ego-autoestima-2_iStock.jpg 1000w, https:\/\/jornalfatosenoticias.com.br\/wp-content\/uploads\/2021\/08\/ego-autoestima-2_iStock-300x185.jpg 300w, https:\/\/jornalfatosenoticias.com.br\/wp-content\/uploads\/2021\/08\/ego-autoestima-2_iStock-768x472.jpg 768w\" sizes=\"auto, (max-width: 1000px) 100vw, 1000px\" \/><figcaption><em><span class=\"has-inline-color has-black-color\">Pessoas assim podem ser insens\u00edveis, imaturas, ingratas, prepotentes, narcisistas e at\u00e9 psicopatas (Foto: iStock)<\/span><\/em><\/figcaption><\/figure>\n\n\n\n<p><strong><span class=\"has-inline-color has-black-color\">Nem sempre h\u00e1 um culpado<br><\/span><\/strong>Se colocar no lugar de algu\u00e9m e ter responsabilidade sobre o que faz s\u00e3o requisitos fundamentais para um conv\u00edvio saud\u00e1vel, mas n\u00e3o apenas v\u00e1lidos como um lembrete para quem demonstra com atitudes rudes e expl\u00edcitas n\u00e3o se importar com isso. Quando h\u00e1 intera\u00e7\u00e3o com um indiv\u00edduo indiferente, tamb\u00e9m \u00e9 preciso se perguntar se o problema para ele agir assim pode n\u00e3o estar em n\u00f3s, em querer barganhar algo em troca, ou se mostrar superior e o dono da verdade.<br>Seu interlocutor, mesmo que erroneamente, pode estar reagindo a isso. De acordo com Elisa Teixeira, psic\u00f3loga l\u00edder do Hospital Portugu\u00eas, de Salvador (BA), n\u00e3o \u00e9 porque algu\u00e9m fez ou deu tanto que deve receber de volta na mesma intensidade, isso n\u00e3o seria uma ajuda genu\u00edna, de boa vontade. Por essa l\u00f3gica, tamb\u00e9m n\u00e3o caberia cobrar ou exigir do outro desculpas.<br>&#8220;A expectativa aumentada de retribui\u00e7\u00e3o pode, sim, ser um problema. De fato, \u00e9 comum a frustra\u00e7\u00e3o quanto \u00e0 rea\u00e7\u00e3o do outro em rela\u00e7\u00e3o \u00e0 reciprocidade, quando a expectativa \u00e9 elevada. A dimens\u00e3o dela deve ser sempre levada em considera\u00e7\u00e3o, com a possibilidade de se tratar em terapia a &#8216;demanda por reconhecimento e reciprocidade'&#8221;, acrescenta a psic\u00f3loga, lembrando tamb\u00e9m que nem todo gesto \u00e9 traduzido em palavras e \u00e9 preciso se atentar a isso.<\/p>\n\n\n\n<p><strong><span class=\"has-inline-color has-black-color\">Escolhas a se tomar<br><\/span><\/strong>O agir com pessoas que n\u00e3o agradecem ou n\u00e3o reconhecem seus pr\u00f3prios erros vai depender do tipo de rela\u00e7\u00e3o e contexto. Se for um desconhecido, o melhor a se fazer \u00e9 deixar para l\u00e1. Agora, sendo algu\u00e9m que se tenha intimidade, da fam\u00edlia ou do trabalho, e havendo algum tipo de preju\u00edzo, desconforto ou uma necessidade de se entender o comportamento alheio para esclarecer algum mal-entendido, vale dialogar, mas sem esperar por uma resolu\u00e7\u00e3o imediata.<br>Pode n\u00e3o haver motivo e se tratar de algo patol\u00f3gico, que produza sofrimento ou algum impacto na vida do outro, que tamb\u00e9m pego de surpresa pode reagir com agressividade ou se esquivar. Por isso, tente observar e sondar antes o que pode haver por tr\u00e1s, para conversar e ter sucesso. &#8220;O di\u00e1logo deve ser franco e reservado, sem acusa\u00e7\u00f5es, cobran\u00e7as e imposi\u00e7\u00f5es&#8221;, aconselha Luiz Scocca, psiquiatra pelo Hospital das Cl\u00ednicas da Faculdade de Medicina da Universidade de S\u00e3o Paulo (HC-FMUSP) e da Associa\u00e7\u00e3o Americana de Psiquiatria (APA).<br>Ainda de acordo com o psiquiatra, \u00e9 preciso estar disposto a ouvir e ser paciente, pois, num primeiro momento, a outra parte, muito provavelmente, n\u00e3o se sentir\u00e1 confort\u00e1vel, ter\u00e1 de fazer uma leitura do seu comportamento, admitir estar errada ou procurar uma justificativa para separar suas a\u00e7\u00f5es do seu car\u00e1ter. Se com franqueza conseguir expor o que sente e pedir desculpas, dar\u00e1 uma nova chance ao relacionamento, que pode at\u00e9 se fortalecer. Do contr\u00e1rio, se ignorar ou agir com superficialidade, o melhor a se fazer \u00e9 n\u00e3o insistir e evitar o contato.<\/p>\n\n\n\n<p><strong><em>Fonte: <a href=\"https:\/\/www.uol.com.br\/vivabem\/noticias\/redacao\/2021\/08\/09\/por-que-algumas-pessoas-nao-agradecem-e-nao-se-desculpam.htm\">UOL<\/a><\/em><\/strong><\/p>\n","protected":false},"excerpt":{"rendered":"<p>Pessoas assim podem ser insens\u00edveis, imaturas, ingratas, prepotentes, narcisistas e at\u00e9 psicopatas Seja por segurar o elevador, ceder a vez na fila do supermercado, emprestar alguma coisa ou relevar um esbarr\u00e3o acidental, todo mundo espera de volta alguma gentileza do outro, como no m\u00ednimo um &#8220;obrigado&#8221; ou um pedido de desculpas. N\u00e3o h\u00e1 nada de [&hellip;]<\/p>\n","protected":false},"author":2,"featured_media":22334,"comment_status":"open","ping_status":"open","sticky":false,"template":"","format":"standard","meta":{"footnotes":""},"categories":[2522],"tags":[10901,10902,10903,10904,10898,10897,10900,10899],"class_list":["post-22332","post","type-post","status-publish","format-standard","has-post-thumbnail","hentry","category-comportamento","tag-imaturas","tag-ingratas","tag-insensiveis","tag-narcisistas","tag-pessoas-mal-educadas","tag-pessoas-que-nao-se-desculpam","tag-prepotentes","tag-psicopatas"],"yoast_head":"<!-- This site is optimized with the Yoast SEO plugin v26.5 - https:\/\/yoast.com\/wordpress\/plugins\/seo\/ -->\n<title>Por que algumas pessoas n\u00e3o agradecem e n\u00e3o se desculpam - Jornal Fatos e Not\u00edcias<\/title>\n<meta name=\"robots\" content=\"index, follow, max-snippet:-1, max-image-preview:large, max-video-preview:-1\" \/>\n<link rel=\"canonical\" href=\"https:\/\/jornalfatosenoticias.com.br\/index.php\/2021\/08\/27\/por-que-algumas-pessoas-nao-agradecem-e-nao-se-desculpam\/\" \/>\n<meta property=\"og:locale\" content=\"pt_BR\" \/>\n<meta property=\"og:type\" content=\"article\" \/>\n<meta property=\"og:title\" content=\"Por que algumas pessoas n\u00e3o agradecem e n\u00e3o se desculpam - Jornal Fatos e Not\u00edcias\" \/>\n<meta property=\"og:description\" content=\"Pessoas assim podem ser insens\u00edveis, imaturas, ingratas, prepotentes, narcisistas e at\u00e9 psicopatas Seja por segurar o elevador, ceder a vez na fila do supermercado, emprestar alguma coisa ou relevar um esbarr\u00e3o acidental, todo mundo espera de volta alguma gentileza do outro, como no m\u00ednimo um &#8220;obrigado&#8221; ou um pedido de desculpas. N\u00e3o h\u00e1 nada de [&hellip;]\" \/>\n<meta property=\"og:url\" content=\"https:\/\/jornalfatosenoticias.com.br\/index.php\/2021\/08\/27\/por-que-algumas-pessoas-nao-agradecem-e-nao-se-desculpam\/\" \/>\n<meta property=\"og:site_name\" content=\"Jornal Fatos e Not\u00edcias\" \/>\n<meta property=\"article:published_time\" content=\"2021-08-27T13:21:57+00:00\" \/>\n<meta property=\"article:modified_time\" content=\"2021-08-27T13:21:59+00:00\" \/>\n<meta property=\"og:image\" content=\"https:\/\/jornalfatosenoticias.com.br\/wp-content\/uploads\/2021\/08\/mulher-de-mau-humor1_istock.jpg\" \/>\n\t<meta property=\"og:image:width\" content=\"1000\" \/>\n\t<meta property=\"og:image:height\" content=\"666\" \/>\n\t<meta property=\"og:image:type\" content=\"image\/jpeg\" \/>\n<meta name=\"author\" content=\"Luzimara Fernandes\" \/>\n<meta name=\"twitter:card\" content=\"summary_large_image\" \/>\n<meta name=\"twitter:label1\" content=\"Escrito por\" \/>\n\t<meta name=\"twitter:data1\" content=\"Luzimara Fernandes\" \/>\n\t<meta name=\"twitter:label2\" content=\"Est. tempo de leitura\" \/>\n\t<meta name=\"twitter:data2\" content=\"5 minutos\" \/>\n<script type=\"application\/ld+json\" class=\"yoast-schema-graph\">{\"@context\":\"https:\/\/schema.org\",\"@graph\":[{\"@type\":\"Article\",\"@id\":\"https:\/\/jornalfatosenoticias.com.br\/index.php\/2021\/08\/27\/por-que-algumas-pessoas-nao-agradecem-e-nao-se-desculpam\/#article\",\"isPartOf\":{\"@id\":\"https:\/\/jornalfatosenoticias.com.br\/index.php\/2021\/08\/27\/por-que-algumas-pessoas-nao-agradecem-e-nao-se-desculpam\/\"},\"author\":{\"name\":\"Luzimara Fernandes\",\"@id\":\"https:\/\/jornalfatosenoticias.com.br\/#\/schema\/person\/d63837fa13ac8666eb9e74e0985d6f81\"},\"headline\":\"Por que algumas pessoas n\u00e3o agradecem e n\u00e3o se desculpam\",\"datePublished\":\"2021-08-27T13:21:57+00:00\",\"dateModified\":\"2021-08-27T13:21:59+00:00\",\"mainEntityOfPage\":{\"@id\":\"https:\/\/jornalfatosenoticias.com.br\/index.php\/2021\/08\/27\/por-que-algumas-pessoas-nao-agradecem-e-nao-se-desculpam\/\"},\"wordCount\":1049,\"commentCount\":0,\"publisher\":{\"@id\":\"https:\/\/jornalfatosenoticias.com.br\/#organization\"},\"image\":{\"@id\":\"https:\/\/jornalfatosenoticias.com.br\/index.php\/2021\/08\/27\/por-que-algumas-pessoas-nao-agradecem-e-nao-se-desculpam\/#primaryimage\"},\"thumbnailUrl\":\"https:\/\/jornalfatosenoticias.com.br\/wp-content\/uploads\/2021\/08\/mulher-de-mau-humor1_istock.jpg\",\"keywords\":[\"imaturas\",\"ingratas\",\"insens\u00edveis\",\"narcisistas\",\"pessoas mal-educadas\",\"pessoas que n\u00e3o se desculpam\",\"prepotentes\",\"psicopatas\"],\"articleSection\":[\"Comportamento &amp; Equil\u00edbrio\"],\"inLanguage\":\"pt-BR\",\"potentialAction\":[{\"@type\":\"CommentAction\",\"name\":\"Comment\",\"target\":[\"https:\/\/jornalfatosenoticias.com.br\/index.php\/2021\/08\/27\/por-que-algumas-pessoas-nao-agradecem-e-nao-se-desculpam\/#respond\"]}]},{\"@type\":\"WebPage\",\"@id\":\"https:\/\/jornalfatosenoticias.com.br\/index.php\/2021\/08\/27\/por-que-algumas-pessoas-nao-agradecem-e-nao-se-desculpam\/\",\"url\":\"https:\/\/jornalfatosenoticias.com.br\/index.php\/2021\/08\/27\/por-que-algumas-pessoas-nao-agradecem-e-nao-se-desculpam\/\",\"name\":\"Por que algumas pessoas n\u00e3o agradecem e n\u00e3o se desculpam - Jornal Fatos e Not\u00edcias\",\"isPartOf\":{\"@id\":\"https:\/\/jornalfatosenoticias.com.br\/#website\"},\"primaryImageOfPage\":{\"@id\":\"https:\/\/jornalfatosenoticias.com.br\/index.php\/2021\/08\/27\/por-que-algumas-pessoas-nao-agradecem-e-nao-se-desculpam\/#primaryimage\"},\"image\":{\"@id\":\"https:\/\/jornalfatosenoticias.com.br\/index.php\/2021\/08\/27\/por-que-algumas-pessoas-nao-agradecem-e-nao-se-desculpam\/#primaryimage\"},\"thumbnailUrl\":\"https:\/\/jornalfatosenoticias.com.br\/wp-content\/uploads\/2021\/08\/mulher-de-mau-humor1_istock.jpg\",\"datePublished\":\"2021-08-27T13:21:57+00:00\",\"dateModified\":\"2021-08-27T13:21:59+00:00\",\"breadcrumb\":{\"@id\":\"https:\/\/jornalfatosenoticias.com.br\/index.php\/2021\/08\/27\/por-que-algumas-pessoas-nao-agradecem-e-nao-se-desculpam\/#breadcrumb\"},\"inLanguage\":\"pt-BR\",\"potentialAction\":[{\"@type\":\"ReadAction\",\"target\":[\"https:\/\/jornalfatosenoticias.com.br\/index.php\/2021\/08\/27\/por-que-algumas-pessoas-nao-agradecem-e-nao-se-desculpam\/\"]}]},{\"@type\":\"ImageObject\",\"inLanguage\":\"pt-BR\",\"@id\":\"https:\/\/jornalfatosenoticias.com.br\/index.php\/2021\/08\/27\/por-que-algumas-pessoas-nao-agradecem-e-nao-se-desculpam\/#primaryimage\",\"url\":\"https:\/\/jornalfatosenoticias.com.br\/wp-content\/uploads\/2021\/08\/mulher-de-mau-humor1_istock.jpg\",\"contentUrl\":\"https:\/\/jornalfatosenoticias.com.br\/wp-content\/uploads\/2021\/08\/mulher-de-mau-humor1_istock.jpg\",\"width\":1000,\"height\":666,\"caption\":\"\\\"This beautiful young blonde woman folds her arms and pouts, frowning and sulky. Rose pink background.\\\"\"},{\"@type\":\"BreadcrumbList\",\"@id\":\"https:\/\/jornalfatosenoticias.com.br\/index.php\/2021\/08\/27\/por-que-algumas-pessoas-nao-agradecem-e-nao-se-desculpam\/#breadcrumb\",\"itemListElement\":[{\"@type\":\"ListItem\",\"position\":1,\"name\":\"In\u00edcio\",\"item\":\"https:\/\/jornalfatosenoticias.com.br\/\"},{\"@type\":\"ListItem\",\"position\":2,\"name\":\"Por que algumas pessoas n\u00e3o agradecem e n\u00e3o se desculpam\"}]},{\"@type\":\"WebSite\",\"@id\":\"https:\/\/jornalfatosenoticias.com.br\/#website\",\"url\":\"https:\/\/jornalfatosenoticias.com.br\/\",\"name\":\"Jornal Fatos e Not\u00edcias\",\"description\":\"Not\u00edcias em geral\",\"publisher\":{\"@id\":\"https:\/\/jornalfatosenoticias.com.br\/#organization\"},\"potentialAction\":[{\"@type\":\"SearchAction\",\"target\":{\"@type\":\"EntryPoint\",\"urlTemplate\":\"https:\/\/jornalfatosenoticias.com.br\/?s={search_term_string}\"},\"query-input\":{\"@type\":\"PropertyValueSpecification\",\"valueRequired\":true,\"valueName\":\"search_term_string\"}}],\"inLanguage\":\"pt-BR\"},{\"@type\":\"Organization\",\"@id\":\"https:\/\/jornalfatosenoticias.com.br\/#organization\",\"name\":\"Jornal Fatos e Not\u00edcias\",\"url\":\"https:\/\/jornalfatosenoticias.com.br\/\",\"logo\":{\"@type\":\"ImageObject\",\"inLanguage\":\"pt-BR\",\"@id\":\"https:\/\/jornalfatosenoticias.com.br\/#\/schema\/logo\/image\/\",\"url\":\"https:\/\/jornalfatosenoticias.com.br\/wp-content\/uploads\/2020\/02\/logo120.png\",\"contentUrl\":\"https:\/\/jornalfatosenoticias.com.br\/wp-content\/uploads\/2020\/02\/logo120.png\",\"width\":1227,\"height\":120,\"caption\":\"Jornal Fatos e Not\u00edcias\"},\"image\":{\"@id\":\"https:\/\/jornalfatosenoticias.com.br\/#\/schema\/logo\/image\/\"}},{\"@type\":\"Person\",\"@id\":\"https:\/\/jornalfatosenoticias.com.br\/#\/schema\/person\/d63837fa13ac8666eb9e74e0985d6f81\",\"name\":\"Luzimara Fernandes\",\"image\":{\"@type\":\"ImageObject\",\"inLanguage\":\"pt-BR\",\"@id\":\"https:\/\/jornalfatosenoticias.com.br\/#\/schema\/person\/image\/\",\"url\":\"https:\/\/jornalfatosenoticias.com.br\/wp-content\/uploads\/2025\/05\/EU_portal.jpg\",\"contentUrl\":\"https:\/\/jornalfatosenoticias.com.br\/wp-content\/uploads\/2025\/05\/EU_portal.jpg\",\"caption\":\"Luzimara Fernandes\"},\"description\":\"Jornalista MTB 2358-ES\",\"sameAs\":[\"https:\/\/jornalfatosenoticias.com.br\"],\"url\":\"https:\/\/jornalfatosenoticias.com.br\/index.php\/author\/luzimara\/\"}]}<\/script>\n<!-- \/ Yoast SEO plugin. -->","yoast_head_json":{"title":"Por que algumas pessoas n\u00e3o agradecem e n\u00e3o se desculpam - Jornal Fatos e Not\u00edcias","robots":{"index":"index","follow":"follow","max-snippet":"max-snippet:-1","max-image-preview":"max-image-preview:large","max-video-preview":"max-video-preview:-1"},"canonical":"https:\/\/jornalfatosenoticias.com.br\/index.php\/2021\/08\/27\/por-que-algumas-pessoas-nao-agradecem-e-nao-se-desculpam\/","og_locale":"pt_BR","og_type":"article","og_title":"Por que algumas pessoas n\u00e3o agradecem e n\u00e3o se desculpam - Jornal Fatos e Not\u00edcias","og_description":"Pessoas assim podem ser insens\u00edveis, imaturas, ingratas, prepotentes, narcisistas e at\u00e9 psicopatas Seja por segurar o elevador, ceder a vez na fila do supermercado, emprestar alguma coisa ou relevar um esbarr\u00e3o acidental, todo mundo espera de volta alguma gentileza do outro, como no m\u00ednimo um &#8220;obrigado&#8221; ou um pedido de desculpas. N\u00e3o h\u00e1 nada de [&hellip;]","og_url":"https:\/\/jornalfatosenoticias.com.br\/index.php\/2021\/08\/27\/por-que-algumas-pessoas-nao-agradecem-e-nao-se-desculpam\/","og_site_name":"Jornal Fatos e Not\u00edcias","article_published_time":"2021-08-27T13:21:57+00:00","article_modified_time":"2021-08-27T13:21:59+00:00","og_image":[{"width":1000,"height":666,"url":"https:\/\/jornalfatosenoticias.com.br\/wp-content\/uploads\/2021\/08\/mulher-de-mau-humor1_istock.jpg","type":"image\/jpeg"}],"author":"Luzimara Fernandes","twitter_card":"summary_large_image","twitter_misc":{"Escrito por":"Luzimara Fernandes","Est. tempo de leitura":"5 minutos"},"schema":{"@context":"https:\/\/schema.org","@graph":[{"@type":"Article","@id":"https:\/\/jornalfatosenoticias.com.br\/index.php\/2021\/08\/27\/por-que-algumas-pessoas-nao-agradecem-e-nao-se-desculpam\/#article","isPartOf":{"@id":"https:\/\/jornalfatosenoticias.com.br\/index.php\/2021\/08\/27\/por-que-algumas-pessoas-nao-agradecem-e-nao-se-desculpam\/"},"author":{"name":"Luzimara Fernandes","@id":"https:\/\/jornalfatosenoticias.com.br\/#\/schema\/person\/d63837fa13ac8666eb9e74e0985d6f81"},"headline":"Por que algumas pessoas n\u00e3o agradecem e n\u00e3o se desculpam","datePublished":"2021-08-27T13:21:57+00:00","dateModified":"2021-08-27T13:21:59+00:00","mainEntityOfPage":{"@id":"https:\/\/jornalfatosenoticias.com.br\/index.php\/2021\/08\/27\/por-que-algumas-pessoas-nao-agradecem-e-nao-se-desculpam\/"},"wordCount":1049,"commentCount":0,"publisher":{"@id":"https:\/\/jornalfatosenoticias.com.br\/#organization"},"image":{"@id":"https:\/\/jornalfatosenoticias.com.br\/index.php\/2021\/08\/27\/por-que-algumas-pessoas-nao-agradecem-e-nao-se-desculpam\/#primaryimage"},"thumbnailUrl":"https:\/\/jornalfatosenoticias.com.br\/wp-content\/uploads\/2021\/08\/mulher-de-mau-humor1_istock.jpg","keywords":["imaturas","ingratas","insens\u00edveis","narcisistas","pessoas mal-educadas","pessoas que n\u00e3o se desculpam","prepotentes","psicopatas"],"articleSection":["Comportamento &amp; Equil\u00edbrio"],"inLanguage":"pt-BR","potentialAction":[{"@type":"CommentAction","name":"Comment","target":["https:\/\/jornalfatosenoticias.com.br\/index.php\/2021\/08\/27\/por-que-algumas-pessoas-nao-agradecem-e-nao-se-desculpam\/#respond"]}]},{"@type":"WebPage","@id":"https:\/\/jornalfatosenoticias.com.br\/index.php\/2021\/08\/27\/por-que-algumas-pessoas-nao-agradecem-e-nao-se-desculpam\/","url":"https:\/\/jornalfatosenoticias.com.br\/index.php\/2021\/08\/27\/por-que-algumas-pessoas-nao-agradecem-e-nao-se-desculpam\/","name":"Por que algumas pessoas n\u00e3o agradecem e n\u00e3o se desculpam - Jornal Fatos e Not\u00edcias","isPartOf":{"@id":"https:\/\/jornalfatosenoticias.com.br\/#website"},"primaryImageOfPage":{"@id":"https:\/\/jornalfatosenoticias.com.br\/index.php\/2021\/08\/27\/por-que-algumas-pessoas-nao-agradecem-e-nao-se-desculpam\/#primaryimage"},"image":{"@id":"https:\/\/jornalfatosenoticias.com.br\/index.php\/2021\/08\/27\/por-que-algumas-pessoas-nao-agradecem-e-nao-se-desculpam\/#primaryimage"},"thumbnailUrl":"https:\/\/jornalfatosenoticias.com.br\/wp-content\/uploads\/2021\/08\/mulher-de-mau-humor1_istock.jpg","datePublished":"2021-08-27T13:21:57+00:00","dateModified":"2021-08-27T13:21:59+00:00","breadcrumb":{"@id":"https:\/\/jornalfatosenoticias.com.br\/index.php\/2021\/08\/27\/por-que-algumas-pessoas-nao-agradecem-e-nao-se-desculpam\/#breadcrumb"},"inLanguage":"pt-BR","potentialAction":[{"@type":"ReadAction","target":["https:\/\/jornalfatosenoticias.com.br\/index.php\/2021\/08\/27\/por-que-algumas-pessoas-nao-agradecem-e-nao-se-desculpam\/"]}]},{"@type":"ImageObject","inLanguage":"pt-BR","@id":"https:\/\/jornalfatosenoticias.com.br\/index.php\/2021\/08\/27\/por-que-algumas-pessoas-nao-agradecem-e-nao-se-desculpam\/#primaryimage","url":"https:\/\/jornalfatosenoticias.com.br\/wp-content\/uploads\/2021\/08\/mulher-de-mau-humor1_istock.jpg","contentUrl":"https:\/\/jornalfatosenoticias.com.br\/wp-content\/uploads\/2021\/08\/mulher-de-mau-humor1_istock.jpg","width":1000,"height":666,"caption":"\"This beautiful young blonde woman folds her arms and pouts, frowning and sulky. Rose pink background.\""},{"@type":"BreadcrumbList","@id":"https:\/\/jornalfatosenoticias.com.br\/index.php\/2021\/08\/27\/por-que-algumas-pessoas-nao-agradecem-e-nao-se-desculpam\/#breadcrumb","itemListElement":[{"@type":"ListItem","position":1,"name":"In\u00edcio","item":"https:\/\/jornalfatosenoticias.com.br\/"},{"@type":"ListItem","position":2,"name":"Por que algumas pessoas n\u00e3o agradecem e n\u00e3o se desculpam"}]},{"@type":"WebSite","@id":"https:\/\/jornalfatosenoticias.com.br\/#website","url":"https:\/\/jornalfatosenoticias.com.br\/","name":"Jornal Fatos e Not\u00edcias","description":"Not\u00edcias em geral","publisher":{"@id":"https:\/\/jornalfatosenoticias.com.br\/#organization"},"potentialAction":[{"@type":"SearchAction","target":{"@type":"EntryPoint","urlTemplate":"https:\/\/jornalfatosenoticias.com.br\/?s={search_term_string}"},"query-input":{"@type":"PropertyValueSpecification","valueRequired":true,"valueName":"search_term_string"}}],"inLanguage":"pt-BR"},{"@type":"Organization","@id":"https:\/\/jornalfatosenoticias.com.br\/#organization","name":"Jornal Fatos e Not\u00edcias","url":"https:\/\/jornalfatosenoticias.com.br\/","logo":{"@type":"ImageObject","inLanguage":"pt-BR","@id":"https:\/\/jornalfatosenoticias.com.br\/#\/schema\/logo\/image\/","url":"https:\/\/jornalfatosenoticias.com.br\/wp-content\/uploads\/2020\/02\/logo120.png","contentUrl":"https:\/\/jornalfatosenoticias.com.br\/wp-content\/uploads\/2020\/02\/logo120.png","width":1227,"height":120,"caption":"Jornal Fatos e Not\u00edcias"},"image":{"@id":"https:\/\/jornalfatosenoticias.com.br\/#\/schema\/logo\/image\/"}},{"@type":"Person","@id":"https:\/\/jornalfatosenoticias.com.br\/#\/schema\/person\/d63837fa13ac8666eb9e74e0985d6f81","name":"Luzimara Fernandes","image":{"@type":"ImageObject","inLanguage":"pt-BR","@id":"https:\/\/jornalfatosenoticias.com.br\/#\/schema\/person\/image\/","url":"https:\/\/jornalfatosenoticias.com.br\/wp-content\/uploads\/2025\/05\/EU_portal.jpg","contentUrl":"https:\/\/jornalfatosenoticias.com.br\/wp-content\/uploads\/2025\/05\/EU_portal.jpg","caption":"Luzimara Fernandes"},"description":"Jornalista MTB 2358-ES","sameAs":["https:\/\/jornalfatosenoticias.com.br"],"url":"https:\/\/jornalfatosenoticias.com.br\/index.php\/author\/luzimara\/"}]}},"cc_featured_image_caption":{"caption_text":"(Foto: iStock) ","source_text":"","source_url":""},"jetpack_featured_media_url":"https:\/\/jornalfatosenoticias.com.br\/wp-content\/uploads\/2021\/08\/mulher-de-mau-humor1_istock.jpg","_links":{"self":[{"href":"https:\/\/jornalfatosenoticias.com.br\/index.php\/wp-json\/wp\/v2\/posts\/22332","targetHints":{"allow":["GET"]}}],"collection":[{"href":"https:\/\/jornalfatosenoticias.com.br\/index.php\/wp-json\/wp\/v2\/posts"}],"about":[{"href":"https:\/\/jornalfatosenoticias.com.br\/index.php\/wp-json\/wp\/v2\/types\/post"}],"author":[{"embeddable":true,"href":"https:\/\/jornalfatosenoticias.com.br\/index.php\/wp-json\/wp\/v2\/users\/2"}],"replies":[{"embeddable":true,"href":"https:\/\/jornalfatosenoticias.com.br\/index.php\/wp-json\/wp\/v2\/comments?post=22332"}],"version-history":[{"count":0,"href":"https:\/\/jornalfatosenoticias.com.br\/index.php\/wp-json\/wp\/v2\/posts\/22332\/revisions"}],"wp:featuredmedia":[{"embeddable":true,"href":"https:\/\/jornalfatosenoticias.com.br\/index.php\/wp-json\/wp\/v2\/media\/22334"}],"wp:attachment":[{"href":"https:\/\/jornalfatosenoticias.com.br\/index.php\/wp-json\/wp\/v2\/media?parent=22332"}],"wp:term":[{"taxonomy":"category","embeddable":true,"href":"https:\/\/jornalfatosenoticias.com.br\/index.php\/wp-json\/wp\/v2\/categories?post=22332"},{"taxonomy":"post_tag","embeddable":true,"href":"https:\/\/jornalfatosenoticias.com.br\/index.php\/wp-json\/wp\/v2\/tags?post=22332"}],"curies":[{"name":"wp","href":"https:\/\/api.w.org\/{rel}","templated":true}]}}