{"id":22379,"date":"2021-08-30T16:37:57","date_gmt":"2021-08-30T19:37:57","guid":{"rendered":"https:\/\/jornalfatosenoticias.com.br\/?p=22379"},"modified":"2021-08-30T16:38:02","modified_gmt":"2021-08-30T19:38:02","slug":"defeso-do-sururu-comeca-no-proximo-dia-1o-e-vai-ate-31-de-dezembro","status":"publish","type":"post","link":"https:\/\/jornalfatosenoticias.com.br\/index.php\/2021\/08\/30\/defeso-do-sururu-comeca-no-proximo-dia-1o-e-vai-ate-31-de-dezembro\/","title":{"rendered":"Defeso do sururu come\u00e7a no pr\u00f3ximo dia 1\u00ba e vai at\u00e9 31 de Dezembro"},"content":{"rendered":"\n<p><em><span class=\"has-inline-color has-black-color\">Semmam realiza a\u00e7\u00e3o de conscientiza\u00e7\u00e3o sobre o defeso do sururu de cost\u00e3o rochoso<\/span><\/em><\/p>\n\n\n\n<p>A fiscaliza\u00e7\u00e3o ambiental da Secretaria Municipal de Meio Ambiente (Semmam) de Vit\u00f3ria iniciou, na manh\u00e3 da \u00faltima quarta-feira (25), abordagens aos catadores de sururu de cost\u00e3o rochoso (o Perna perna).<br>A a\u00e7\u00e3o visa orientar aos catadores sobre o per\u00edodo do defeso do crust\u00e1ceo \u2014 quando \u00e9 proibida a cata e a comercializa\u00e7\u00e3o \u2014 que come\u00e7a no dia 1\u00ba de setembro e se estende at\u00e9 31 de dezembro.<br>A primeira a\u00e7\u00e3o foi na Ilha do Frade \u2014 \u00c1rea de Prote\u00e7\u00e3o Ambiental (APA) Ba\u00eda das Tartarugas. &#8220;Havia apenas um catador, Ent\u00e3o, apenas orientamos sobre a proximidade da \u00e9poca do defeso, que \u00e9 per\u00edodo da reprodu\u00e7\u00e3o do sururu&#8221;, contou Alexandro Amaral, gerente de Fiscaliza\u00e7\u00e3o Ambiental da Semmam.<br>Segundo Amaral, al\u00e9m das a\u00e7\u00f5es rotineiras ao logo do ano, sobre pesca e outros crimes ambientais, a ger\u00eancia realiza opera\u00e7\u00f5es em per\u00edodos espec\u00edficos.<\/p>\n\n\n\n<blockquote class=\"wp-block-quote is-layout-flow wp-block-quote-is-layout-flow\"><p><span class=\"has-inline-color has-luminous-vivid-orange-color\">&#8220;A fiscaliza\u00e7\u00e3o \u00e9 intensificada durante o defeso. Mas, antes, fazemos abordagens educativas&#8221;, disse.<\/span><\/p><\/blockquote>\n\n\n\n<p>As a\u00e7\u00f5es educativas e desenvolvidas pela Ger\u00eancia de Educa\u00e7\u00e3o Ambiental da Semmam, complementam as abordagens da fiscaliza\u00e7\u00e3o.<\/p>\n\n\n\n<div class=\"wp-block-image is-style-default\"><figure class=\"alignright size-large\"><img loading=\"lazy\" decoding=\"async\" width=\"350\" height=\"263\" src=\"https:\/\/jornalfatosenoticias.com.br\/wp-content\/uploads\/2021\/08\/defeso-sururu_2.jpg\" alt=\"\" class=\"wp-image-22380\" srcset=\"https:\/\/jornalfatosenoticias.com.br\/wp-content\/uploads\/2021\/08\/defeso-sururu_2.jpg 350w, https:\/\/jornalfatosenoticias.com.br\/wp-content\/uploads\/2021\/08\/defeso-sururu_2-300x225.jpg 300w\" sizes=\"auto, (max-width: 350px) 100vw, 350px\" \/><figcaption><em><span class=\"has-inline-color has-black-color\">(Foto: Divulga\u00e7\u00e3o Semmam)<\/span><\/em><\/figcaption><\/figure><\/div>\n\n\n\n<p><strong><span class=\"has-inline-color has-black-color\">Defeso<br><\/span><\/strong>O defeso \u00e9 assegurado na faixa costeira que vai do Esp\u00edrito Santo ao Rio Grande do Sul. De acordo com a Lei 9.605, a multa para quem for flagrado catando sururu nesse per\u00edodo varia de R$700,00 a R$ 100.000,00.<\/p>\n\n\n\n<p><strong><em>Fonte: <a href=\"https:\/\/www.vitoria.es.gov.br\/noticia\/defeso-do-sururu-comeca-no-proximo-dia-1o-e-vai-ate-31-de-dezembro-43546\">PMV<\/a><\/em><\/strong><\/p>\n","protected":false},"excerpt":{"rendered":"<p>Semmam realiza a\u00e7\u00e3o de conscientiza\u00e7\u00e3o sobre o defeso do sururu de cost\u00e3o rochoso A fiscaliza\u00e7\u00e3o ambiental da Secretaria Municipal de Meio Ambiente (Semmam) de Vit\u00f3ria iniciou, na manh\u00e3 da \u00faltima quarta-feira (25), abordagens aos catadores de sururu de cost\u00e3o rochoso (o Perna perna).A a\u00e7\u00e3o visa orientar aos catadores sobre o per\u00edodo do defeso do crust\u00e1ceo [&hellip;]<\/p>\n","protected":false},"author":2,"featured_media":22381,"comment_status":"open","ping_status":"open","sticky":false,"template":"","format":"standard","meta":{"footnotes":""},"categories":[8],"tags":[10943,10940,10941,2848,1910,2733,10942],"class_list":["post-22379","post","type-post","status-publish","format-standard","has-post-thumbnail","hentry","category-meio-ambiente","tag-catador","tag-defeso","tag-defeso-do-sururu","tag-fiscalizacao","tag-protecao","tag-semmam","tag-sururu"],"yoast_head":"<!-- This site is optimized with the Yoast SEO plugin v26.5 - https:\/\/yoast.com\/wordpress\/plugins\/seo\/ -->\n<title>Defeso do sururu come\u00e7a no pr\u00f3ximo dia 1\u00ba e vai at\u00e9 31 de Dezembro - Jornal Fatos e Not\u00edcias<\/title>\n<meta name=\"robots\" content=\"index, follow, max-snippet:-1, max-image-preview:large, max-video-preview:-1\" \/>\n<link rel=\"canonical\" href=\"https:\/\/jornalfatosenoticias.com.br\/index.php\/2021\/08\/30\/defeso-do-sururu-comeca-no-proximo-dia-1o-e-vai-ate-31-de-dezembro\/\" \/>\n<meta property=\"og:locale\" content=\"pt_BR\" \/>\n<meta property=\"og:type\" content=\"article\" \/>\n<meta property=\"og:title\" content=\"Defeso do sururu come\u00e7a no pr\u00f3ximo dia 1\u00ba e vai at\u00e9 31 de Dezembro - Jornal Fatos e Not\u00edcias\" \/>\n<meta property=\"og:description\" content=\"Semmam realiza a\u00e7\u00e3o de conscientiza\u00e7\u00e3o sobre o defeso do sururu de cost\u00e3o rochoso A fiscaliza\u00e7\u00e3o ambiental da Secretaria Municipal de Meio Ambiente (Semmam) de Vit\u00f3ria iniciou, na manh\u00e3 da \u00faltima quarta-feira (25), abordagens aos catadores de sururu de cost\u00e3o rochoso (o Perna perna).A a\u00e7\u00e3o visa orientar aos catadores sobre o per\u00edodo do defeso do crust\u00e1ceo [&hellip;]\" \/>\n<meta property=\"og:url\" content=\"https:\/\/jornalfatosenoticias.com.br\/index.php\/2021\/08\/30\/defeso-do-sururu-comeca-no-proximo-dia-1o-e-vai-ate-31-de-dezembro\/\" \/>\n<meta property=\"og:site_name\" content=\"Jornal Fatos e Not\u00edcias\" \/>\n<meta property=\"article:published_time\" content=\"2021-08-30T19:37:57+00:00\" \/>\n<meta property=\"article:modified_time\" content=\"2021-08-30T19:38:02+00:00\" \/>\n<meta property=\"og:image\" content=\"https:\/\/jornalfatosenoticias.com.br\/wp-content\/uploads\/2021\/08\/defeso-sururu_capa.jpg\" \/>\n\t<meta property=\"og:image:width\" content=\"1000\" \/>\n\t<meta property=\"og:image:height\" content=\"361\" \/>\n\t<meta property=\"og:image:type\" content=\"image\/jpeg\" \/>\n<meta name=\"author\" content=\"Luzimara Fernandes\" \/>\n<meta name=\"twitter:card\" content=\"summary_large_image\" \/>\n<meta name=\"twitter:label1\" content=\"Escrito por\" \/>\n\t<meta name=\"twitter:data1\" content=\"Luzimara Fernandes\" \/>\n\t<meta name=\"twitter:label2\" content=\"Est. tempo de leitura\" \/>\n\t<meta name=\"twitter:data2\" content=\"1 minuto\" \/>\n<script type=\"application\/ld+json\" class=\"yoast-schema-graph\">{\"@context\":\"https:\/\/schema.org\",\"@graph\":[{\"@type\":\"Article\",\"@id\":\"https:\/\/jornalfatosenoticias.com.br\/index.php\/2021\/08\/30\/defeso-do-sururu-comeca-no-proximo-dia-1o-e-vai-ate-31-de-dezembro\/#article\",\"isPartOf\":{\"@id\":\"https:\/\/jornalfatosenoticias.com.br\/index.php\/2021\/08\/30\/defeso-do-sururu-comeca-no-proximo-dia-1o-e-vai-ate-31-de-dezembro\/\"},\"author\":{\"name\":\"Luzimara Fernandes\",\"@id\":\"https:\/\/jornalfatosenoticias.com.br\/#\/schema\/person\/d63837fa13ac8666eb9e74e0985d6f81\"},\"headline\":\"Defeso do sururu come\u00e7a no pr\u00f3ximo dia 1\u00ba e vai at\u00e9 31 de Dezembro\",\"datePublished\":\"2021-08-30T19:37:57+00:00\",\"dateModified\":\"2021-08-30T19:38:02+00:00\",\"mainEntityOfPage\":{\"@id\":\"https:\/\/jornalfatosenoticias.com.br\/index.php\/2021\/08\/30\/defeso-do-sururu-comeca-no-proximo-dia-1o-e-vai-ate-31-de-dezembro\/\"},\"wordCount\":259,\"commentCount\":0,\"publisher\":{\"@id\":\"https:\/\/jornalfatosenoticias.com.br\/#organization\"},\"image\":{\"@id\":\"https:\/\/jornalfatosenoticias.com.br\/index.php\/2021\/08\/30\/defeso-do-sururu-comeca-no-proximo-dia-1o-e-vai-ate-31-de-dezembro\/#primaryimage\"},\"thumbnailUrl\":\"https:\/\/jornalfatosenoticias.com.br\/wp-content\/uploads\/2021\/08\/defeso-sururu_capa.jpg\",\"keywords\":[\"catador\",\"defeso\",\"defeso do sururu\",\"fiscaliza\u00e7\u00e3o\",\"prote\u00e7\u00e3o\",\"Semmam\",\"sururu\"],\"articleSection\":[\"Meio ambiente\"],\"inLanguage\":\"pt-BR\",\"potentialAction\":[{\"@type\":\"CommentAction\",\"name\":\"Comment\",\"target\":[\"https:\/\/jornalfatosenoticias.com.br\/index.php\/2021\/08\/30\/defeso-do-sururu-comeca-no-proximo-dia-1o-e-vai-ate-31-de-dezembro\/#respond\"]}]},{\"@type\":\"WebPage\",\"@id\":\"https:\/\/jornalfatosenoticias.com.br\/index.php\/2021\/08\/30\/defeso-do-sururu-comeca-no-proximo-dia-1o-e-vai-ate-31-de-dezembro\/\",\"url\":\"https:\/\/jornalfatosenoticias.com.br\/index.php\/2021\/08\/30\/defeso-do-sururu-comeca-no-proximo-dia-1o-e-vai-ate-31-de-dezembro\/\",\"name\":\"Defeso do sururu come\u00e7a no pr\u00f3ximo dia 1\u00ba e vai at\u00e9 31 de Dezembro - Jornal Fatos e Not\u00edcias\",\"isPartOf\":{\"@id\":\"https:\/\/jornalfatosenoticias.com.br\/#website\"},\"primaryImageOfPage\":{\"@id\":\"https:\/\/jornalfatosenoticias.com.br\/index.php\/2021\/08\/30\/defeso-do-sururu-comeca-no-proximo-dia-1o-e-vai-ate-31-de-dezembro\/#primaryimage\"},\"image\":{\"@id\":\"https:\/\/jornalfatosenoticias.com.br\/index.php\/2021\/08\/30\/defeso-do-sururu-comeca-no-proximo-dia-1o-e-vai-ate-31-de-dezembro\/#primaryimage\"},\"thumbnailUrl\":\"https:\/\/jornalfatosenoticias.com.br\/wp-content\/uploads\/2021\/08\/defeso-sururu_capa.jpg\",\"datePublished\":\"2021-08-30T19:37:57+00:00\",\"dateModified\":\"2021-08-30T19:38:02+00:00\",\"breadcrumb\":{\"@id\":\"https:\/\/jornalfatosenoticias.com.br\/index.php\/2021\/08\/30\/defeso-do-sururu-comeca-no-proximo-dia-1o-e-vai-ate-31-de-dezembro\/#breadcrumb\"},\"inLanguage\":\"pt-BR\",\"potentialAction\":[{\"@type\":\"ReadAction\",\"target\":[\"https:\/\/jornalfatosenoticias.com.br\/index.php\/2021\/08\/30\/defeso-do-sururu-comeca-no-proximo-dia-1o-e-vai-ate-31-de-dezembro\/\"]}]},{\"@type\":\"ImageObject\",\"inLanguage\":\"pt-BR\",\"@id\":\"https:\/\/jornalfatosenoticias.com.br\/index.php\/2021\/08\/30\/defeso-do-sururu-comeca-no-proximo-dia-1o-e-vai-ate-31-de-dezembro\/#primaryimage\",\"url\":\"https:\/\/jornalfatosenoticias.com.br\/wp-content\/uploads\/2021\/08\/defeso-sururu_capa.jpg\",\"contentUrl\":\"https:\/\/jornalfatosenoticias.com.br\/wp-content\/uploads\/2021\/08\/defeso-sururu_capa.jpg\",\"width\":1000,\"height\":361},{\"@type\":\"BreadcrumbList\",\"@id\":\"https:\/\/jornalfatosenoticias.com.br\/index.php\/2021\/08\/30\/defeso-do-sururu-comeca-no-proximo-dia-1o-e-vai-ate-31-de-dezembro\/#breadcrumb\",\"itemListElement\":[{\"@type\":\"ListItem\",\"position\":1,\"name\":\"In\u00edcio\",\"item\":\"https:\/\/jornalfatosenoticias.com.br\/\"},{\"@type\":\"ListItem\",\"position\":2,\"name\":\"Defeso do sururu come\u00e7a no pr\u00f3ximo dia 1\u00ba e vai at\u00e9 31 de Dezembro\"}]},{\"@type\":\"WebSite\",\"@id\":\"https:\/\/jornalfatosenoticias.com.br\/#website\",\"url\":\"https:\/\/jornalfatosenoticias.com.br\/\",\"name\":\"Jornal Fatos e Not\u00edcias\",\"description\":\"Not\u00edcias em geral\",\"publisher\":{\"@id\":\"https:\/\/jornalfatosenoticias.com.br\/#organization\"},\"potentialAction\":[{\"@type\":\"SearchAction\",\"target\":{\"@type\":\"EntryPoint\",\"urlTemplate\":\"https:\/\/jornalfatosenoticias.com.br\/?s={search_term_string}\"},\"query-input\":{\"@type\":\"PropertyValueSpecification\",\"valueRequired\":true,\"valueName\":\"search_term_string\"}}],\"inLanguage\":\"pt-BR\"},{\"@type\":\"Organization\",\"@id\":\"https:\/\/jornalfatosenoticias.com.br\/#organization\",\"name\":\"Jornal Fatos e Not\u00edcias\",\"url\":\"https:\/\/jornalfatosenoticias.com.br\/\",\"logo\":{\"@type\":\"ImageObject\",\"inLanguage\":\"pt-BR\",\"@id\":\"https:\/\/jornalfatosenoticias.com.br\/#\/schema\/logo\/image\/\",\"url\":\"https:\/\/jornalfatosenoticias.com.br\/wp-content\/uploads\/2020\/02\/logo120.png\",\"contentUrl\":\"https:\/\/jornalfatosenoticias.com.br\/wp-content\/uploads\/2020\/02\/logo120.png\",\"width\":1227,\"height\":120,\"caption\":\"Jornal Fatos e Not\u00edcias\"},\"image\":{\"@id\":\"https:\/\/jornalfatosenoticias.com.br\/#\/schema\/logo\/image\/\"}},{\"@type\":\"Person\",\"@id\":\"https:\/\/jornalfatosenoticias.com.br\/#\/schema\/person\/d63837fa13ac8666eb9e74e0985d6f81\",\"name\":\"Luzimara Fernandes\",\"image\":{\"@type\":\"ImageObject\",\"inLanguage\":\"pt-BR\",\"@id\":\"https:\/\/jornalfatosenoticias.com.br\/#\/schema\/person\/image\/\",\"url\":\"https:\/\/jornalfatosenoticias.com.br\/wp-content\/uploads\/2025\/05\/EU_portal.jpg\",\"contentUrl\":\"https:\/\/jornalfatosenoticias.com.br\/wp-content\/uploads\/2025\/05\/EU_portal.jpg\",\"caption\":\"Luzimara Fernandes\"},\"description\":\"Jornalista MTB 2358-ES\",\"sameAs\":[\"https:\/\/jornalfatosenoticias.com.br\"],\"url\":\"https:\/\/jornalfatosenoticias.com.br\/index.php\/author\/luzimara\/\"}]}<\/script>\n<!-- \/ Yoast SEO plugin. -->","yoast_head_json":{"title":"Defeso do sururu come\u00e7a no pr\u00f3ximo dia 1\u00ba e vai at\u00e9 31 de Dezembro - Jornal Fatos e Not\u00edcias","robots":{"index":"index","follow":"follow","max-snippet":"max-snippet:-1","max-image-preview":"max-image-preview:large","max-video-preview":"max-video-preview:-1"},"canonical":"https:\/\/jornalfatosenoticias.com.br\/index.php\/2021\/08\/30\/defeso-do-sururu-comeca-no-proximo-dia-1o-e-vai-ate-31-de-dezembro\/","og_locale":"pt_BR","og_type":"article","og_title":"Defeso do sururu come\u00e7a no pr\u00f3ximo dia 1\u00ba e vai at\u00e9 31 de Dezembro - Jornal Fatos e Not\u00edcias","og_description":"Semmam realiza a\u00e7\u00e3o de conscientiza\u00e7\u00e3o sobre o defeso do sururu de cost\u00e3o rochoso A fiscaliza\u00e7\u00e3o ambiental da Secretaria Municipal de Meio Ambiente (Semmam) de Vit\u00f3ria iniciou, na manh\u00e3 da \u00faltima quarta-feira (25), abordagens aos catadores de sururu de cost\u00e3o rochoso (o Perna perna).A a\u00e7\u00e3o visa orientar aos catadores sobre o per\u00edodo do defeso do crust\u00e1ceo [&hellip;]","og_url":"https:\/\/jornalfatosenoticias.com.br\/index.php\/2021\/08\/30\/defeso-do-sururu-comeca-no-proximo-dia-1o-e-vai-ate-31-de-dezembro\/","og_site_name":"Jornal Fatos e Not\u00edcias","article_published_time":"2021-08-30T19:37:57+00:00","article_modified_time":"2021-08-30T19:38:02+00:00","og_image":[{"width":1000,"height":361,"url":"https:\/\/jornalfatosenoticias.com.br\/wp-content\/uploads\/2021\/08\/defeso-sururu_capa.jpg","type":"image\/jpeg"}],"author":"Luzimara Fernandes","twitter_card":"summary_large_image","twitter_misc":{"Escrito por":"Luzimara Fernandes","Est. tempo de leitura":"1 minuto"},"schema":{"@context":"https:\/\/schema.org","@graph":[{"@type":"Article","@id":"https:\/\/jornalfatosenoticias.com.br\/index.php\/2021\/08\/30\/defeso-do-sururu-comeca-no-proximo-dia-1o-e-vai-ate-31-de-dezembro\/#article","isPartOf":{"@id":"https:\/\/jornalfatosenoticias.com.br\/index.php\/2021\/08\/30\/defeso-do-sururu-comeca-no-proximo-dia-1o-e-vai-ate-31-de-dezembro\/"},"author":{"name":"Luzimara Fernandes","@id":"https:\/\/jornalfatosenoticias.com.br\/#\/schema\/person\/d63837fa13ac8666eb9e74e0985d6f81"},"headline":"Defeso do sururu come\u00e7a no pr\u00f3ximo dia 1\u00ba e vai at\u00e9 31 de Dezembro","datePublished":"2021-08-30T19:37:57+00:00","dateModified":"2021-08-30T19:38:02+00:00","mainEntityOfPage":{"@id":"https:\/\/jornalfatosenoticias.com.br\/index.php\/2021\/08\/30\/defeso-do-sururu-comeca-no-proximo-dia-1o-e-vai-ate-31-de-dezembro\/"},"wordCount":259,"commentCount":0,"publisher":{"@id":"https:\/\/jornalfatosenoticias.com.br\/#organization"},"image":{"@id":"https:\/\/jornalfatosenoticias.com.br\/index.php\/2021\/08\/30\/defeso-do-sururu-comeca-no-proximo-dia-1o-e-vai-ate-31-de-dezembro\/#primaryimage"},"thumbnailUrl":"https:\/\/jornalfatosenoticias.com.br\/wp-content\/uploads\/2021\/08\/defeso-sururu_capa.jpg","keywords":["catador","defeso","defeso do sururu","fiscaliza\u00e7\u00e3o","prote\u00e7\u00e3o","Semmam","sururu"],"articleSection":["Meio ambiente"],"inLanguage":"pt-BR","potentialAction":[{"@type":"CommentAction","name":"Comment","target":["https:\/\/jornalfatosenoticias.com.br\/index.php\/2021\/08\/30\/defeso-do-sururu-comeca-no-proximo-dia-1o-e-vai-ate-31-de-dezembro\/#respond"]}]},{"@type":"WebPage","@id":"https:\/\/jornalfatosenoticias.com.br\/index.php\/2021\/08\/30\/defeso-do-sururu-comeca-no-proximo-dia-1o-e-vai-ate-31-de-dezembro\/","url":"https:\/\/jornalfatosenoticias.com.br\/index.php\/2021\/08\/30\/defeso-do-sururu-comeca-no-proximo-dia-1o-e-vai-ate-31-de-dezembro\/","name":"Defeso do sururu come\u00e7a no pr\u00f3ximo dia 1\u00ba e vai at\u00e9 31 de Dezembro - Jornal Fatos e Not\u00edcias","isPartOf":{"@id":"https:\/\/jornalfatosenoticias.com.br\/#website"},"primaryImageOfPage":{"@id":"https:\/\/jornalfatosenoticias.com.br\/index.php\/2021\/08\/30\/defeso-do-sururu-comeca-no-proximo-dia-1o-e-vai-ate-31-de-dezembro\/#primaryimage"},"image":{"@id":"https:\/\/jornalfatosenoticias.com.br\/index.php\/2021\/08\/30\/defeso-do-sururu-comeca-no-proximo-dia-1o-e-vai-ate-31-de-dezembro\/#primaryimage"},"thumbnailUrl":"https:\/\/jornalfatosenoticias.com.br\/wp-content\/uploads\/2021\/08\/defeso-sururu_capa.jpg","datePublished":"2021-08-30T19:37:57+00:00","dateModified":"2021-08-30T19:38:02+00:00","breadcrumb":{"@id":"https:\/\/jornalfatosenoticias.com.br\/index.php\/2021\/08\/30\/defeso-do-sururu-comeca-no-proximo-dia-1o-e-vai-ate-31-de-dezembro\/#breadcrumb"},"inLanguage":"pt-BR","potentialAction":[{"@type":"ReadAction","target":["https:\/\/jornalfatosenoticias.com.br\/index.php\/2021\/08\/30\/defeso-do-sururu-comeca-no-proximo-dia-1o-e-vai-ate-31-de-dezembro\/"]}]},{"@type":"ImageObject","inLanguage":"pt-BR","@id":"https:\/\/jornalfatosenoticias.com.br\/index.php\/2021\/08\/30\/defeso-do-sururu-comeca-no-proximo-dia-1o-e-vai-ate-31-de-dezembro\/#primaryimage","url":"https:\/\/jornalfatosenoticias.com.br\/wp-content\/uploads\/2021\/08\/defeso-sururu_capa.jpg","contentUrl":"https:\/\/jornalfatosenoticias.com.br\/wp-content\/uploads\/2021\/08\/defeso-sururu_capa.jpg","width":1000,"height":361},{"@type":"BreadcrumbList","@id":"https:\/\/jornalfatosenoticias.com.br\/index.php\/2021\/08\/30\/defeso-do-sururu-comeca-no-proximo-dia-1o-e-vai-ate-31-de-dezembro\/#breadcrumb","itemListElement":[{"@type":"ListItem","position":1,"name":"In\u00edcio","item":"https:\/\/jornalfatosenoticias.com.br\/"},{"@type":"ListItem","position":2,"name":"Defeso do sururu come\u00e7a no pr\u00f3ximo dia 1\u00ba e vai at\u00e9 31 de Dezembro"}]},{"@type":"WebSite","@id":"https:\/\/jornalfatosenoticias.com.br\/#website","url":"https:\/\/jornalfatosenoticias.com.br\/","name":"Jornal Fatos e Not\u00edcias","description":"Not\u00edcias em geral","publisher":{"@id":"https:\/\/jornalfatosenoticias.com.br\/#organization"},"potentialAction":[{"@type":"SearchAction","target":{"@type":"EntryPoint","urlTemplate":"https:\/\/jornalfatosenoticias.com.br\/?s={search_term_string}"},"query-input":{"@type":"PropertyValueSpecification","valueRequired":true,"valueName":"search_term_string"}}],"inLanguage":"pt-BR"},{"@type":"Organization","@id":"https:\/\/jornalfatosenoticias.com.br\/#organization","name":"Jornal Fatos e Not\u00edcias","url":"https:\/\/jornalfatosenoticias.com.br\/","logo":{"@type":"ImageObject","inLanguage":"pt-BR","@id":"https:\/\/jornalfatosenoticias.com.br\/#\/schema\/logo\/image\/","url":"https:\/\/jornalfatosenoticias.com.br\/wp-content\/uploads\/2020\/02\/logo120.png","contentUrl":"https:\/\/jornalfatosenoticias.com.br\/wp-content\/uploads\/2020\/02\/logo120.png","width":1227,"height":120,"caption":"Jornal Fatos e Not\u00edcias"},"image":{"@id":"https:\/\/jornalfatosenoticias.com.br\/#\/schema\/logo\/image\/"}},{"@type":"Person","@id":"https:\/\/jornalfatosenoticias.com.br\/#\/schema\/person\/d63837fa13ac8666eb9e74e0985d6f81","name":"Luzimara Fernandes","image":{"@type":"ImageObject","inLanguage":"pt-BR","@id":"https:\/\/jornalfatosenoticias.com.br\/#\/schema\/person\/image\/","url":"https:\/\/jornalfatosenoticias.com.br\/wp-content\/uploads\/2025\/05\/EU_portal.jpg","contentUrl":"https:\/\/jornalfatosenoticias.com.br\/wp-content\/uploads\/2025\/05\/EU_portal.jpg","caption":"Luzimara Fernandes"},"description":"Jornalista MTB 2358-ES","sameAs":["https:\/\/jornalfatosenoticias.com.br"],"url":"https:\/\/jornalfatosenoticias.com.br\/index.php\/author\/luzimara\/"}]}},"cc_featured_image_caption":{"caption_text":"(Foto: Divulga\u00e7\u00e3o PMV)","source_text":"","source_url":""},"jetpack_featured_media_url":"https:\/\/jornalfatosenoticias.com.br\/wp-content\/uploads\/2021\/08\/defeso-sururu_capa.jpg","_links":{"self":[{"href":"https:\/\/jornalfatosenoticias.com.br\/index.php\/wp-json\/wp\/v2\/posts\/22379","targetHints":{"allow":["GET"]}}],"collection":[{"href":"https:\/\/jornalfatosenoticias.com.br\/index.php\/wp-json\/wp\/v2\/posts"}],"about":[{"href":"https:\/\/jornalfatosenoticias.com.br\/index.php\/wp-json\/wp\/v2\/types\/post"}],"author":[{"embeddable":true,"href":"https:\/\/jornalfatosenoticias.com.br\/index.php\/wp-json\/wp\/v2\/users\/2"}],"replies":[{"embeddable":true,"href":"https:\/\/jornalfatosenoticias.com.br\/index.php\/wp-json\/wp\/v2\/comments?post=22379"}],"version-history":[{"count":0,"href":"https:\/\/jornalfatosenoticias.com.br\/index.php\/wp-json\/wp\/v2\/posts\/22379\/revisions"}],"wp:featuredmedia":[{"embeddable":true,"href":"https:\/\/jornalfatosenoticias.com.br\/index.php\/wp-json\/wp\/v2\/media\/22381"}],"wp:attachment":[{"href":"https:\/\/jornalfatosenoticias.com.br\/index.php\/wp-json\/wp\/v2\/media?parent=22379"}],"wp:term":[{"taxonomy":"category","embeddable":true,"href":"https:\/\/jornalfatosenoticias.com.br\/index.php\/wp-json\/wp\/v2\/categories?post=22379"},{"taxonomy":"post_tag","embeddable":true,"href":"https:\/\/jornalfatosenoticias.com.br\/index.php\/wp-json\/wp\/v2\/tags?post=22379"}],"curies":[{"name":"wp","href":"https:\/\/api.w.org\/{rel}","templated":true}]}}