{"id":2241,"date":"2020-03-20T09:03:34","date_gmt":"2020-03-20T12:03:34","guid":{"rendered":"https:\/\/jornalfatosenoticias.com.br\/?p=2241"},"modified":"2020-03-20T09:06:41","modified_gmt":"2020-03-20T12:06:41","slug":"arvores-tem-potencial-para-serem-geradoras-de-eletricidade-para-nossas-cidades","status":"publish","type":"post","link":"https:\/\/jornalfatosenoticias.com.br\/index.php\/2020\/03\/20\/arvores-tem-potencial-para-serem-geradoras-de-eletricidade-para-nossas-cidades\/","title":{"rendered":"\u00c1rvores t\u00eam potencial para serem geradoras de eletricidade para nossas cidades"},"content":{"rendered":"\n<h6 class=\"wp-block-heading\"><em>Pesquisadores da China, da It\u00e1lia e do Jap\u00e3o t\u00eam trabalhado nessas \u00e1rvores especiais a partir de experimentos que envolvem o efeito triboel\u00e9trico na folhagem das plantas<\/em><\/h6>\n\n\n\n<p>E se \u00e1rvores pudessem gerar eletricidade? N\u00f3s n\u00e3o precisar\u00edamos mais de combust\u00edveis f\u00f3sseis, de usinas hidrel\u00e9tricas ou nucleares. Este sonho que mais parece utopia tem condi\u00e7\u00f5es t\u00e9cnicas de se tornar realidade, mas a discuss\u00e3o \u00e9: \u201cs\u00f3 porque podemos fazer, devemos fazer?\u201d.<br>\nPesquisadores da China, da It\u00e1lia e do Jap\u00e3o t\u00eam trabalhado nessas \u00e1rvores especiais a partir de experimentos que envolvem o efeito triboel\u00e9trico na folhagem das plantas. O fen\u00f4meno acontece quando certos materiais s\u00e3o atritados e depois s\u00e3o separados, gerando eletricidade.<br>\nFolhas, que s\u00e3o positivamente carregadas, produzem pequenas quantidades de eletricidade quando entram em contato com o tronco da \u00e1rvore ou com qualquer outro material negativamente carregado. A equipe pretende captar esta capacidade energ\u00e9tica em uma microrrede biol\u00f3gica.<br>\nPara transformar \u00e1rvores em geradores eficientes de eletricidade, os pesquisadores usaram t\u00e9cnicas de biologia sint\u00e9tica, tamb\u00e9m conhecido como engenharia gen\u00e9tica, em uma \u00e1rvore olmo. Eles interferiram na forma\u00e7\u00e3o dos galhos, aumentaram a grossura e densidade das folhas, adicionaram genes que repelem pragas e aceleraram a taxa de crescimento da planta.<br>\nA eletricidade coletada das folhas seria conduzida pelo tronco da \u00e1rvore at\u00e9 uma estrutura subterr\u00e2nea que cont\u00e9m uma bateria que pode armazenar at\u00e9 103kH\/h de eletricidade.<br>\n\u201cQuando totalmente grande, uma \u00e1rvore pode alimentar sete casas americanas, e americanos consumem muita energia!\u201d, diz Catalina Lotero, designer industrial integrante da equipe multidisciplinar. O projeto foi apresentado em uma confer\u00eancia recente na \u00c1frica do Sul.<br>\nO resultado final deste trabalho provavelmente s\u00f3 ser\u00e1 visto daqui e algumas d\u00e9cadas, j\u00e1 que \u00e9 necess\u00e1rio esperar pelo ciclo de crescimento de \u00e1rvores, e Olmos levam 40 anos para chegar \u00e0 fase madura.<br>\nEnquanto isso, a equipe reflete sobre as implica\u00e7\u00f5es \u00e9ticas deste trabalho. Se o mundo tivesse acesso \u00e0 esse tipo lucrativo de \u00e1rvore, isso poderia impactar negativamente a diversidade de v\u00e1rios biomas. \u201cE se as pessoas se empolgarem com essas \u00e1rvores e retirarem planta\u00e7\u00f5es, \u00e1rvores frut\u00edferas e todo o resto\u2026 O que aconteceria com a vida selvagem?\u201d, indaga ela. \u201c\u00c9 eticamente correto usar algo que est\u00e1 vivo e alter\u00e1-lo como um produto?\u201d.<br>\nEmpresas de tecnologia t\u00eam se voltado cada vez mais para etnicistas que podem refletir sobre implica\u00e7\u00f5es \u00e9ticas de produtos de Intelig\u00eancia Artificial antes que os projetos sigam em frente. Uma empresa especializada nesse servi\u00e7o \u00e9 a Consequ\u00eancias n\u00e3o intencionais do Laborat\u00f3rio de Tecnologia, em S\u00e3o Francisco (EUA).<br>\nUma das financiadoras da pesquisa, a Tokyo Gas, n\u00e3o est\u00e1 pressionando a equipe para que desenvolva logo a \u00e1rvore, o que \u00e9 muito importante. \u201cEu acho que como designers, pesquisadores, arquitetos, cientistas e todos os outros que est\u00e3o projetando o futuro, temos que reservar um tempo para pensar no pior cen\u00e1rio de cada projeto\u201d, defende Lotero.<\/p>\n\n\n\n<p><strong><em>Fonte: <a href=\"https:\/\/hypescience.com\/pesquisadores-criam-tecnologia-para-transformar-arvores-em-geradores-de-energia\/\">HypeScience<\/a><\/em><\/strong><\/p>\n","protected":false},"excerpt":{"rendered":"<p>Pesquisadores da China, da It\u00e1lia e do Jap\u00e3o t\u00eam trabalhado nessas \u00e1rvores especiais a partir de experimentos que envolvem o efeito triboel\u00e9trico na folhagem das plantas E se \u00e1rvores pudessem gerar eletricidade? N\u00f3s n\u00e3o precisar\u00edamos mais de combust\u00edveis f\u00f3sseis, de usinas hidrel\u00e9tricas ou nucleares. Este sonho que mais parece utopia tem condi\u00e7\u00f5es t\u00e9cnicas de se [&hellip;]<\/p>\n","protected":false},"author":2,"featured_media":2245,"comment_status":"open","ping_status":"open","sticky":false,"template":"","format":"standard","meta":{"footnotes":""},"categories":[3],"tags":[781,785,201,782,784,783],"class_list":["post-2241","post","type-post","status-publish","format-standard","has-post-thumbnail","hentry","category-tecnologia","tag-arvores","tag-capacidade-energetica","tag-eletricidade","tag-geradoras","tag-plantas","tag-usinas-hidreletricas-e-nucleares"],"yoast_head":"<!-- This site is optimized with the Yoast SEO plugin v26.5 - https:\/\/yoast.com\/wordpress\/plugins\/seo\/ -->\n<title>\u00c1rvores t\u00eam potencial para serem geradoras de eletricidade para nossas cidades - Jornal Fatos e Not\u00edcias<\/title>\n<meta name=\"robots\" content=\"index, follow, max-snippet:-1, max-image-preview:large, max-video-preview:-1\" \/>\n<link rel=\"canonical\" href=\"https:\/\/jornalfatosenoticias.com.br\/index.php\/2020\/03\/20\/arvores-tem-potencial-para-serem-geradoras-de-eletricidade-para-nossas-cidades\/\" \/>\n<meta property=\"og:locale\" content=\"pt_BR\" \/>\n<meta property=\"og:type\" content=\"article\" \/>\n<meta property=\"og:title\" content=\"\u00c1rvores t\u00eam potencial para serem geradoras de eletricidade para nossas cidades - Jornal Fatos e Not\u00edcias\" \/>\n<meta property=\"og:description\" content=\"Pesquisadores da China, da It\u00e1lia e do Jap\u00e3o t\u00eam trabalhado nessas \u00e1rvores especiais a partir de experimentos que envolvem o efeito triboel\u00e9trico na folhagem das plantas E se \u00e1rvores pudessem gerar eletricidade? N\u00f3s n\u00e3o precisar\u00edamos mais de combust\u00edveis f\u00f3sseis, de usinas hidrel\u00e9tricas ou nucleares. Este sonho que mais parece utopia tem condi\u00e7\u00f5es t\u00e9cnicas de se [&hellip;]\" \/>\n<meta property=\"og:url\" content=\"https:\/\/jornalfatosenoticias.com.br\/index.php\/2020\/03\/20\/arvores-tem-potencial-para-serem-geradoras-de-eletricidade-para-nossas-cidades\/\" \/>\n<meta property=\"og:site_name\" content=\"Jornal Fatos e Not\u00edcias\" \/>\n<meta property=\"article:published_time\" content=\"2020-03-20T12:03:34+00:00\" \/>\n<meta property=\"article:modified_time\" content=\"2020-03-20T12:06:41+00:00\" \/>\n<meta property=\"og:image\" content=\"https:\/\/jornalfatosenoticias.com.br\/wp-content\/uploads\/2020\/03\/arvores_eletricidade2.jpg\" \/>\n\t<meta property=\"og:image:width\" content=\"1024\" \/>\n\t<meta property=\"og:image:height\" content=\"683\" \/>\n\t<meta property=\"og:image:type\" content=\"image\/jpeg\" \/>\n<meta name=\"author\" content=\"Luzimara Fernandes\" \/>\n<meta name=\"twitter:card\" content=\"summary_large_image\" \/>\n<meta name=\"twitter:label1\" content=\"Escrito por\" \/>\n\t<meta name=\"twitter:data1\" content=\"Luzimara Fernandes\" \/>\n\t<meta name=\"twitter:label2\" content=\"Est. tempo de leitura\" \/>\n\t<meta name=\"twitter:data2\" content=\"3 minutos\" \/>\n<script type=\"application\/ld+json\" class=\"yoast-schema-graph\">{\"@context\":\"https:\/\/schema.org\",\"@graph\":[{\"@type\":\"Article\",\"@id\":\"https:\/\/jornalfatosenoticias.com.br\/index.php\/2020\/03\/20\/arvores-tem-potencial-para-serem-geradoras-de-eletricidade-para-nossas-cidades\/#article\",\"isPartOf\":{\"@id\":\"https:\/\/jornalfatosenoticias.com.br\/index.php\/2020\/03\/20\/arvores-tem-potencial-para-serem-geradoras-de-eletricidade-para-nossas-cidades\/\"},\"author\":{\"name\":\"Luzimara Fernandes\",\"@id\":\"https:\/\/jornalfatosenoticias.com.br\/#\/schema\/person\/d63837fa13ac8666eb9e74e0985d6f81\"},\"headline\":\"\u00c1rvores t\u00eam potencial para serem geradoras de eletricidade para nossas cidades\",\"datePublished\":\"2020-03-20T12:03:34+00:00\",\"dateModified\":\"2020-03-20T12:06:41+00:00\",\"mainEntityOfPage\":{\"@id\":\"https:\/\/jornalfatosenoticias.com.br\/index.php\/2020\/03\/20\/arvores-tem-potencial-para-serem-geradoras-de-eletricidade-para-nossas-cidades\/\"},\"wordCount\":520,\"commentCount\":0,\"publisher\":{\"@id\":\"https:\/\/jornalfatosenoticias.com.br\/#organization\"},\"image\":{\"@id\":\"https:\/\/jornalfatosenoticias.com.br\/index.php\/2020\/03\/20\/arvores-tem-potencial-para-serem-geradoras-de-eletricidade-para-nossas-cidades\/#primaryimage\"},\"thumbnailUrl\":\"https:\/\/jornalfatosenoticias.com.br\/wp-content\/uploads\/2020\/03\/arvores_eletricidade2.jpg\",\"keywords\":[\"\u00e1rvores\",\"capacidade energ\u00e9tica\",\"eletricidade\",\"geradoras\",\"plantas\",\"usinas hidrel\u00e9tricas e nucleares\"],\"articleSection\":[\"Tecnologia &amp; Inova\u00e7\u00e3o\"],\"inLanguage\":\"pt-BR\",\"potentialAction\":[{\"@type\":\"CommentAction\",\"name\":\"Comment\",\"target\":[\"https:\/\/jornalfatosenoticias.com.br\/index.php\/2020\/03\/20\/arvores-tem-potencial-para-serem-geradoras-de-eletricidade-para-nossas-cidades\/#respond\"]}]},{\"@type\":\"WebPage\",\"@id\":\"https:\/\/jornalfatosenoticias.com.br\/index.php\/2020\/03\/20\/arvores-tem-potencial-para-serem-geradoras-de-eletricidade-para-nossas-cidades\/\",\"url\":\"https:\/\/jornalfatosenoticias.com.br\/index.php\/2020\/03\/20\/arvores-tem-potencial-para-serem-geradoras-de-eletricidade-para-nossas-cidades\/\",\"name\":\"\u00c1rvores t\u00eam potencial para serem geradoras de eletricidade para nossas cidades - Jornal Fatos e Not\u00edcias\",\"isPartOf\":{\"@id\":\"https:\/\/jornalfatosenoticias.com.br\/#website\"},\"primaryImageOfPage\":{\"@id\":\"https:\/\/jornalfatosenoticias.com.br\/index.php\/2020\/03\/20\/arvores-tem-potencial-para-serem-geradoras-de-eletricidade-para-nossas-cidades\/#primaryimage\"},\"image\":{\"@id\":\"https:\/\/jornalfatosenoticias.com.br\/index.php\/2020\/03\/20\/arvores-tem-potencial-para-serem-geradoras-de-eletricidade-para-nossas-cidades\/#primaryimage\"},\"thumbnailUrl\":\"https:\/\/jornalfatosenoticias.com.br\/wp-content\/uploads\/2020\/03\/arvores_eletricidade2.jpg\",\"datePublished\":\"2020-03-20T12:03:34+00:00\",\"dateModified\":\"2020-03-20T12:06:41+00:00\",\"breadcrumb\":{\"@id\":\"https:\/\/jornalfatosenoticias.com.br\/index.php\/2020\/03\/20\/arvores-tem-potencial-para-serem-geradoras-de-eletricidade-para-nossas-cidades\/#breadcrumb\"},\"inLanguage\":\"pt-BR\",\"potentialAction\":[{\"@type\":\"ReadAction\",\"target\":[\"https:\/\/jornalfatosenoticias.com.br\/index.php\/2020\/03\/20\/arvores-tem-potencial-para-serem-geradoras-de-eletricidade-para-nossas-cidades\/\"]}]},{\"@type\":\"ImageObject\",\"inLanguage\":\"pt-BR\",\"@id\":\"https:\/\/jornalfatosenoticias.com.br\/index.php\/2020\/03\/20\/arvores-tem-potencial-para-serem-geradoras-de-eletricidade-para-nossas-cidades\/#primaryimage\",\"url\":\"https:\/\/jornalfatosenoticias.com.br\/wp-content\/uploads\/2020\/03\/arvores_eletricidade2.jpg\",\"contentUrl\":\"https:\/\/jornalfatosenoticias.com.br\/wp-content\/uploads\/2020\/03\/arvores_eletricidade2.jpg\",\"width\":1024,\"height\":683},{\"@type\":\"BreadcrumbList\",\"@id\":\"https:\/\/jornalfatosenoticias.com.br\/index.php\/2020\/03\/20\/arvores-tem-potencial-para-serem-geradoras-de-eletricidade-para-nossas-cidades\/#breadcrumb\",\"itemListElement\":[{\"@type\":\"ListItem\",\"position\":1,\"name\":\"In\u00edcio\",\"item\":\"https:\/\/jornalfatosenoticias.com.br\/\"},{\"@type\":\"ListItem\",\"position\":2,\"name\":\"\u00c1rvores t\u00eam potencial para serem geradoras de eletricidade para nossas cidades\"}]},{\"@type\":\"WebSite\",\"@id\":\"https:\/\/jornalfatosenoticias.com.br\/#website\",\"url\":\"https:\/\/jornalfatosenoticias.com.br\/\",\"name\":\"Jornal Fatos e Not\u00edcias\",\"description\":\"Not\u00edcias em geral\",\"publisher\":{\"@id\":\"https:\/\/jornalfatosenoticias.com.br\/#organization\"},\"potentialAction\":[{\"@type\":\"SearchAction\",\"target\":{\"@type\":\"EntryPoint\",\"urlTemplate\":\"https:\/\/jornalfatosenoticias.com.br\/?s={search_term_string}\"},\"query-input\":{\"@type\":\"PropertyValueSpecification\",\"valueRequired\":true,\"valueName\":\"search_term_string\"}}],\"inLanguage\":\"pt-BR\"},{\"@type\":\"Organization\",\"@id\":\"https:\/\/jornalfatosenoticias.com.br\/#organization\",\"name\":\"Jornal Fatos e Not\u00edcias\",\"url\":\"https:\/\/jornalfatosenoticias.com.br\/\",\"logo\":{\"@type\":\"ImageObject\",\"inLanguage\":\"pt-BR\",\"@id\":\"https:\/\/jornalfatosenoticias.com.br\/#\/schema\/logo\/image\/\",\"url\":\"https:\/\/jornalfatosenoticias.com.br\/wp-content\/uploads\/2020\/02\/logo120.png\",\"contentUrl\":\"https:\/\/jornalfatosenoticias.com.br\/wp-content\/uploads\/2020\/02\/logo120.png\",\"width\":1227,\"height\":120,\"caption\":\"Jornal Fatos e Not\u00edcias\"},\"image\":{\"@id\":\"https:\/\/jornalfatosenoticias.com.br\/#\/schema\/logo\/image\/\"}},{\"@type\":\"Person\",\"@id\":\"https:\/\/jornalfatosenoticias.com.br\/#\/schema\/person\/d63837fa13ac8666eb9e74e0985d6f81\",\"name\":\"Luzimara Fernandes\",\"image\":{\"@type\":\"ImageObject\",\"inLanguage\":\"pt-BR\",\"@id\":\"https:\/\/jornalfatosenoticias.com.br\/#\/schema\/person\/image\/\",\"url\":\"https:\/\/jornalfatosenoticias.com.br\/wp-content\/uploads\/2025\/05\/EU_portal.jpg\",\"contentUrl\":\"https:\/\/jornalfatosenoticias.com.br\/wp-content\/uploads\/2025\/05\/EU_portal.jpg\",\"caption\":\"Luzimara Fernandes\"},\"description\":\"Jornalista MTB 2358-ES\",\"sameAs\":[\"https:\/\/jornalfatosenoticias.com.br\"],\"url\":\"https:\/\/jornalfatosenoticias.com.br\/index.php\/author\/luzimara\/\"}]}<\/script>\n<!-- \/ Yoast SEO plugin. -->","yoast_head_json":{"title":"\u00c1rvores t\u00eam potencial para serem geradoras de eletricidade para nossas cidades - Jornal Fatos e Not\u00edcias","robots":{"index":"index","follow":"follow","max-snippet":"max-snippet:-1","max-image-preview":"max-image-preview:large","max-video-preview":"max-video-preview:-1"},"canonical":"https:\/\/jornalfatosenoticias.com.br\/index.php\/2020\/03\/20\/arvores-tem-potencial-para-serem-geradoras-de-eletricidade-para-nossas-cidades\/","og_locale":"pt_BR","og_type":"article","og_title":"\u00c1rvores t\u00eam potencial para serem geradoras de eletricidade para nossas cidades - Jornal Fatos e Not\u00edcias","og_description":"Pesquisadores da China, da It\u00e1lia e do Jap\u00e3o t\u00eam trabalhado nessas \u00e1rvores especiais a partir de experimentos que envolvem o efeito triboel\u00e9trico na folhagem das plantas E se \u00e1rvores pudessem gerar eletricidade? N\u00f3s n\u00e3o precisar\u00edamos mais de combust\u00edveis f\u00f3sseis, de usinas hidrel\u00e9tricas ou nucleares. Este sonho que mais parece utopia tem condi\u00e7\u00f5es t\u00e9cnicas de se [&hellip;]","og_url":"https:\/\/jornalfatosenoticias.com.br\/index.php\/2020\/03\/20\/arvores-tem-potencial-para-serem-geradoras-de-eletricidade-para-nossas-cidades\/","og_site_name":"Jornal Fatos e Not\u00edcias","article_published_time":"2020-03-20T12:03:34+00:00","article_modified_time":"2020-03-20T12:06:41+00:00","og_image":[{"width":1024,"height":683,"url":"https:\/\/jornalfatosenoticias.com.br\/wp-content\/uploads\/2020\/03\/arvores_eletricidade2.jpg","type":"image\/jpeg"}],"author":"Luzimara Fernandes","twitter_card":"summary_large_image","twitter_misc":{"Escrito por":"Luzimara Fernandes","Est. tempo de leitura":"3 minutos"},"schema":{"@context":"https:\/\/schema.org","@graph":[{"@type":"Article","@id":"https:\/\/jornalfatosenoticias.com.br\/index.php\/2020\/03\/20\/arvores-tem-potencial-para-serem-geradoras-de-eletricidade-para-nossas-cidades\/#article","isPartOf":{"@id":"https:\/\/jornalfatosenoticias.com.br\/index.php\/2020\/03\/20\/arvores-tem-potencial-para-serem-geradoras-de-eletricidade-para-nossas-cidades\/"},"author":{"name":"Luzimara Fernandes","@id":"https:\/\/jornalfatosenoticias.com.br\/#\/schema\/person\/d63837fa13ac8666eb9e74e0985d6f81"},"headline":"\u00c1rvores t\u00eam potencial para serem geradoras de eletricidade para nossas cidades","datePublished":"2020-03-20T12:03:34+00:00","dateModified":"2020-03-20T12:06:41+00:00","mainEntityOfPage":{"@id":"https:\/\/jornalfatosenoticias.com.br\/index.php\/2020\/03\/20\/arvores-tem-potencial-para-serem-geradoras-de-eletricidade-para-nossas-cidades\/"},"wordCount":520,"commentCount":0,"publisher":{"@id":"https:\/\/jornalfatosenoticias.com.br\/#organization"},"image":{"@id":"https:\/\/jornalfatosenoticias.com.br\/index.php\/2020\/03\/20\/arvores-tem-potencial-para-serem-geradoras-de-eletricidade-para-nossas-cidades\/#primaryimage"},"thumbnailUrl":"https:\/\/jornalfatosenoticias.com.br\/wp-content\/uploads\/2020\/03\/arvores_eletricidade2.jpg","keywords":["\u00e1rvores","capacidade energ\u00e9tica","eletricidade","geradoras","plantas","usinas hidrel\u00e9tricas e nucleares"],"articleSection":["Tecnologia &amp; Inova\u00e7\u00e3o"],"inLanguage":"pt-BR","potentialAction":[{"@type":"CommentAction","name":"Comment","target":["https:\/\/jornalfatosenoticias.com.br\/index.php\/2020\/03\/20\/arvores-tem-potencial-para-serem-geradoras-de-eletricidade-para-nossas-cidades\/#respond"]}]},{"@type":"WebPage","@id":"https:\/\/jornalfatosenoticias.com.br\/index.php\/2020\/03\/20\/arvores-tem-potencial-para-serem-geradoras-de-eletricidade-para-nossas-cidades\/","url":"https:\/\/jornalfatosenoticias.com.br\/index.php\/2020\/03\/20\/arvores-tem-potencial-para-serem-geradoras-de-eletricidade-para-nossas-cidades\/","name":"\u00c1rvores t\u00eam potencial para serem geradoras de eletricidade para nossas cidades - Jornal Fatos e Not\u00edcias","isPartOf":{"@id":"https:\/\/jornalfatosenoticias.com.br\/#website"},"primaryImageOfPage":{"@id":"https:\/\/jornalfatosenoticias.com.br\/index.php\/2020\/03\/20\/arvores-tem-potencial-para-serem-geradoras-de-eletricidade-para-nossas-cidades\/#primaryimage"},"image":{"@id":"https:\/\/jornalfatosenoticias.com.br\/index.php\/2020\/03\/20\/arvores-tem-potencial-para-serem-geradoras-de-eletricidade-para-nossas-cidades\/#primaryimage"},"thumbnailUrl":"https:\/\/jornalfatosenoticias.com.br\/wp-content\/uploads\/2020\/03\/arvores_eletricidade2.jpg","datePublished":"2020-03-20T12:03:34+00:00","dateModified":"2020-03-20T12:06:41+00:00","breadcrumb":{"@id":"https:\/\/jornalfatosenoticias.com.br\/index.php\/2020\/03\/20\/arvores-tem-potencial-para-serem-geradoras-de-eletricidade-para-nossas-cidades\/#breadcrumb"},"inLanguage":"pt-BR","potentialAction":[{"@type":"ReadAction","target":["https:\/\/jornalfatosenoticias.com.br\/index.php\/2020\/03\/20\/arvores-tem-potencial-para-serem-geradoras-de-eletricidade-para-nossas-cidades\/"]}]},{"@type":"ImageObject","inLanguage":"pt-BR","@id":"https:\/\/jornalfatosenoticias.com.br\/index.php\/2020\/03\/20\/arvores-tem-potencial-para-serem-geradoras-de-eletricidade-para-nossas-cidades\/#primaryimage","url":"https:\/\/jornalfatosenoticias.com.br\/wp-content\/uploads\/2020\/03\/arvores_eletricidade2.jpg","contentUrl":"https:\/\/jornalfatosenoticias.com.br\/wp-content\/uploads\/2020\/03\/arvores_eletricidade2.jpg","width":1024,"height":683},{"@type":"BreadcrumbList","@id":"https:\/\/jornalfatosenoticias.com.br\/index.php\/2020\/03\/20\/arvores-tem-potencial-para-serem-geradoras-de-eletricidade-para-nossas-cidades\/#breadcrumb","itemListElement":[{"@type":"ListItem","position":1,"name":"In\u00edcio","item":"https:\/\/jornalfatosenoticias.com.br\/"},{"@type":"ListItem","position":2,"name":"\u00c1rvores t\u00eam potencial para serem geradoras de eletricidade para nossas cidades"}]},{"@type":"WebSite","@id":"https:\/\/jornalfatosenoticias.com.br\/#website","url":"https:\/\/jornalfatosenoticias.com.br\/","name":"Jornal Fatos e Not\u00edcias","description":"Not\u00edcias em geral","publisher":{"@id":"https:\/\/jornalfatosenoticias.com.br\/#organization"},"potentialAction":[{"@type":"SearchAction","target":{"@type":"EntryPoint","urlTemplate":"https:\/\/jornalfatosenoticias.com.br\/?s={search_term_string}"},"query-input":{"@type":"PropertyValueSpecification","valueRequired":true,"valueName":"search_term_string"}}],"inLanguage":"pt-BR"},{"@type":"Organization","@id":"https:\/\/jornalfatosenoticias.com.br\/#organization","name":"Jornal Fatos e Not\u00edcias","url":"https:\/\/jornalfatosenoticias.com.br\/","logo":{"@type":"ImageObject","inLanguage":"pt-BR","@id":"https:\/\/jornalfatosenoticias.com.br\/#\/schema\/logo\/image\/","url":"https:\/\/jornalfatosenoticias.com.br\/wp-content\/uploads\/2020\/02\/logo120.png","contentUrl":"https:\/\/jornalfatosenoticias.com.br\/wp-content\/uploads\/2020\/02\/logo120.png","width":1227,"height":120,"caption":"Jornal Fatos e Not\u00edcias"},"image":{"@id":"https:\/\/jornalfatosenoticias.com.br\/#\/schema\/logo\/image\/"}},{"@type":"Person","@id":"https:\/\/jornalfatosenoticias.com.br\/#\/schema\/person\/d63837fa13ac8666eb9e74e0985d6f81","name":"Luzimara Fernandes","image":{"@type":"ImageObject","inLanguage":"pt-BR","@id":"https:\/\/jornalfatosenoticias.com.br\/#\/schema\/person\/image\/","url":"https:\/\/jornalfatosenoticias.com.br\/wp-content\/uploads\/2025\/05\/EU_portal.jpg","contentUrl":"https:\/\/jornalfatosenoticias.com.br\/wp-content\/uploads\/2025\/05\/EU_portal.jpg","caption":"Luzimara Fernandes"},"description":"Jornalista MTB 2358-ES","sameAs":["https:\/\/jornalfatosenoticias.com.br"],"url":"https:\/\/jornalfatosenoticias.com.br\/index.php\/author\/luzimara\/"}]}},"cc_featured_image_caption":{"caption_text":"\u00c1rvores e eletricidade","source_text":"","source_url":""},"jetpack_featured_media_url":"https:\/\/jornalfatosenoticias.com.br\/wp-content\/uploads\/2020\/03\/arvores_eletricidade2.jpg","_links":{"self":[{"href":"https:\/\/jornalfatosenoticias.com.br\/index.php\/wp-json\/wp\/v2\/posts\/2241","targetHints":{"allow":["GET"]}}],"collection":[{"href":"https:\/\/jornalfatosenoticias.com.br\/index.php\/wp-json\/wp\/v2\/posts"}],"about":[{"href":"https:\/\/jornalfatosenoticias.com.br\/index.php\/wp-json\/wp\/v2\/types\/post"}],"author":[{"embeddable":true,"href":"https:\/\/jornalfatosenoticias.com.br\/index.php\/wp-json\/wp\/v2\/users\/2"}],"replies":[{"embeddable":true,"href":"https:\/\/jornalfatosenoticias.com.br\/index.php\/wp-json\/wp\/v2\/comments?post=2241"}],"version-history":[{"count":0,"href":"https:\/\/jornalfatosenoticias.com.br\/index.php\/wp-json\/wp\/v2\/posts\/2241\/revisions"}],"wp:featuredmedia":[{"embeddable":true,"href":"https:\/\/jornalfatosenoticias.com.br\/index.php\/wp-json\/wp\/v2\/media\/2245"}],"wp:attachment":[{"href":"https:\/\/jornalfatosenoticias.com.br\/index.php\/wp-json\/wp\/v2\/media?parent=2241"}],"wp:term":[{"taxonomy":"category","embeddable":true,"href":"https:\/\/jornalfatosenoticias.com.br\/index.php\/wp-json\/wp\/v2\/categories?post=2241"},{"taxonomy":"post_tag","embeddable":true,"href":"https:\/\/jornalfatosenoticias.com.br\/index.php\/wp-json\/wp\/v2\/tags?post=2241"}],"curies":[{"name":"wp","href":"https:\/\/api.w.org\/{rel}","templated":true}]}}