{"id":22413,"date":"2021-08-30T18:21:59","date_gmt":"2021-08-30T21:21:59","guid":{"rendered":"https:\/\/jornalfatosenoticias.com.br\/?p=22413"},"modified":"2021-08-30T18:22:03","modified_gmt":"2021-08-30T21:22:03","slug":"cientistas-encontram-nuvem-negra-gigante-com-um-terco-do-tamanho-de-venus","status":"publish","type":"post","link":"https:\/\/jornalfatosenoticias.com.br\/index.php\/2021\/08\/30\/cientistas-encontram-nuvem-negra-gigante-com-um-terco-do-tamanho-de-venus\/","title":{"rendered":"Cientistas encontram \u201cnuvem negra gigante\u201d com um ter\u00e7o do tamanho de V\u00eanus"},"content":{"rendered":"\n<p>Uma \u201cnuvem negra gigante\u201d foi identificada por cientistas em V\u00eanus, ocupando mais ou menos um ter\u00e7o <a href=\"https:\/\/olhardigital.com.br\/tag\/venus\/\">do planeta<\/a>\u00a0e localizada ao longo de sua latitude a partir da sua \u201clinha do Equador\u201d. Segundo eles, essa nuvem parece estar presente na \u00f3rbita de V\u00eanus pelo menos desde 2015, ap\u00f3s investigarem observa\u00e7\u00f5es feitas com\u00a0<a href=\"https:\/\/olhardigital.com.br\/tag\/infravermelho\/\">tecnologia infravermelha<\/a>, encontrando a sua assinatura na \u00e9poca, mas esse padr\u00e3o clim\u00e1tico pode existir por l\u00e1 h\u00e1 pelo menos 30 anos.<br>\u201cA f\u00edsica de uma nuvem \u00e9 algo que, normalmente, opera em tempos relativamente curtos\u201d, disse Kevin McGouldrick, cientista atmosf\u00e9rico planet\u00e1rio da Universidade de Colorado Boulder. \u201cObservar algo que tem persistido por d\u00e9cadas ou s\u00e9culos \u00e9 bem estranho. Com uma atmosfera planet\u00e1ria, a mudan\u00e7a \u00e9 natural do meio ambiente. Se algo persiste, certamente esse algo salta aos olhos\u201d.<br>A nuvem negra gigante de V\u00eanus, segundo McGouldrick, tem dois aspectos: inicialmente, os cientistas a chamaram de \u201cdisrup\u00e7\u00e3o\u201d, reconhecendo-a como uma \u201ctransi\u00e7\u00e3o s\u00fabita da luz para a escurid\u00e3o que se repetia diversas vezes\u201d. Essa disrup\u00e7\u00e3o tinha uma distor\u00e7\u00e3o longitudinal leve, embora seu maior movimento fosse no \u00e2mbito latitudinal: cerca de 30 graus (\u00ba) no eixo norte-sul.<br>O cientista, por\u00e9m, tamb\u00e9m aponta para uma \u201cestrutura massiva por tr\u00e1s\u201d da nuvem, \u201cquase do tamanho de um hemisf\u00e9rio\u201d, que faz com que ela siga um <a href=\"https:\/\/olhardigital.com.br\/tag\/orbita\/\">tempo orbital<\/a> diferente do resto do clima do planeta. Segundo McGouldrick, a grande nuvem negra de V\u00eanus completa uma volta ao redor dele a cada cinco dias \u2014 alguns dias mais r\u00e1pido do que outras nuvens.<br>Entretanto, n\u00e3o seria poss\u00edvel analisar a nuvem com mais profundidade, j\u00e1 que a sonda Akatsuki est\u00e1 posicionada em relativa dist\u00e2ncia de V\u00eanus \u2014 sua observa\u00e7\u00e3o envolve enxergar todo o hemisf\u00e9rio norte \u2014 al\u00e9m de ela n\u00e3o ter um espectr\u00f4metro, um componente que permite a sondas do tipo analisarem a assinatura de luz, determinando os elementos dos quais a estranha nuvem \u00e9 feita.<\/p>\n\n\n\n<figure class=\"wp-block-image size-large is-style-default\"><img loading=\"lazy\" decoding=\"async\" width=\"1000\" height=\"998\" src=\"https:\/\/jornalfatosenoticias.com.br\/wp-content\/uploads\/2021\/08\/nuvem-negra-gigante2_jaxa-divulgacao.png\" alt=\"\" class=\"wp-image-22414\" srcset=\"https:\/\/jornalfatosenoticias.com.br\/wp-content\/uploads\/2021\/08\/nuvem-negra-gigante2_jaxa-divulgacao.png 1000w, https:\/\/jornalfatosenoticias.com.br\/wp-content\/uploads\/2021\/08\/nuvem-negra-gigante2_jaxa-divulgacao-300x300.png 300w, https:\/\/jornalfatosenoticias.com.br\/wp-content\/uploads\/2021\/08\/nuvem-negra-gigante2_jaxa-divulgacao-150x150.png 150w, https:\/\/jornalfatosenoticias.com.br\/wp-content\/uploads\/2021\/08\/nuvem-negra-gigante2_jaxa-divulgacao-768x766.png 768w\" sizes=\"auto, (max-width: 1000px) 100vw, 1000px\" \/><figcaption><em><span class=\"has-inline-color has-black-color\">Imagem infravermelha feita pela sonda japonesa Akatsuki mostra divis\u00e3o quase perfeita de hemisf\u00e9rios, causada pela \u201cgrande nuvem negra\u201d de V\u00eanus (Foto: JAXA\/Divulga\u00e7\u00e3o)<\/span><\/em><\/figcaption><\/figure>\n\n\n\n<p>\u201cSeria dif\u00edcil entender o que ela [a nuvem] \u00e9 s\u00f3 com os dados da Akatsuki\u201d, disse McGouldrick. Segundo ele, a nuvem \u201creaparecia repetidamente, tinha uma morfologia similar a cada apari\u00e7\u00e3o e n\u00f3s consegu\u00edamos monitorar seus movimentos pelo planeta, mas determinar exatamente o que acontecia em sua fronteira \u00e9 que trazia dificuldade\u201d.<br>Por isso, o cientista, junto da equipe que assina o estudo junto dele, decidiu voltar no tempo, consultando observa\u00e7\u00f5es anteriores. Segundo o time, a tal nuvem tem registros variados desde 1986, mas nunca tiveram uma consist\u00eancia muito firme para determin\u00e1-la como algo repetido ou apenas um caso aleat\u00f3rio.<br>Foi s\u00f3 quando eles chegaram aos dados do VIRTIS (Espectr\u00f4metro de Imagem Vis\u00edvel e Infravermelha), da miss\u00e3o Venus Express (2006-2014), \u00e9 que eles conseguiram conduzir uma an\u00e1lise t\u00e9cnica que levou \u00e0 cria\u00e7\u00e3o de um novo estudo, publicado no jornal <em>The Planetary Science<\/em>.<br>Com os novos dados, McGouldrick &amp; equipe conseguiram avaliar o que acontecia nas duas pontas da \u201cs\u00fabita transi\u00e7\u00e3o\u201d; e o que eles determinaram foi o seguinte: a nuvem parece afetar propor\u00e7\u00f5es de \u00e1cido sulf\u00farico e vapor de \u00e1gua em outras nuvens, bem como determinar o qu\u00e3o baixo todas essas nuvens podem ir e o tamanho m\u00e1ximo de suas respectivas part\u00edculas.<br>Os cientistas somente analisaram peda\u00e7os da grande nuvem negra de V\u00eanus, e contam com novos recursos que j\u00e1 est\u00e3o pr\u00f3ximos para aprofundar suas avalia\u00e7\u00f5es \u2013 incluindo um que lhes permite compreender o tamanho de part\u00edculas singulares em determinadas colunas da atmosfera.<br>O que eles garantem \u00e9 que, como o ambiente de V\u00eanus \u00e9 relativamente repetido onde quer que voc\u00ea esteja, se voc\u00ea fosse um humano dentro do planeta (e de alguma forma conseguisse resistir ao calor do planeta mais quente do nosso sistema solar), sua \u201cpaisagem\u201d seria algo parecido com um fogo florestal, com voc\u00ea no meio: chamas, fuma\u00e7a escura e pouca visibilidade. A tal nuvem passaria por cima de voc\u00ea e sequer seria percebida.<br>No caso de V\u00eanus, isso \u00e9 um passo importante: \u201cs\u00f3 de reconhecermos esses padr\u00f5es repetitivos, j\u00e1 temos algo bem grande\u201d, disse McGouldrick. \u201cSem isso, n\u00f3s n\u00e3o poder\u00edamos realmente entender o que est\u00e1 acontecendo com esse planeta. Agora que enxergamos isso tudo, finalmente temos algo para estudar, para analisar\u201d.<\/p>\n\n\n\n<p><strong><em>Fonte: <a href=\"https:\/\/olhardigital.com.br\/2021\/08\/30\/ciencia-e-espaco\/nuvem-negra-gigante-de-venus\/\">Olhar Digital<\/a><\/em><\/strong><\/p>\n","protected":false},"excerpt":{"rendered":"<p>Uma \u201cnuvem negra gigante\u201d foi identificada por cientistas em V\u00eanus, ocupando mais ou menos um ter\u00e7o do planeta\u00a0e localizada ao longo de sua latitude a partir da sua \u201clinha do Equador\u201d. Segundo eles, essa nuvem parece estar presente na \u00f3rbita de V\u00eanus pelo menos desde 2015, ap\u00f3s investigarem observa\u00e7\u00f5es feitas com\u00a0tecnologia infravermelha, encontrando a sua [&hellip;]<\/p>\n","protected":false},"author":2,"featured_media":22415,"comment_status":"open","ping_status":"open","sticky":false,"template":"","format":"standard","meta":{"footnotes":""},"categories":[2],"tags":[10952,10954,10953,2673],"class_list":["post-22413","post","type-post","status-publish","format-standard","has-post-thumbnail","hentry","category-ciencia","tag-akatsuki","tag-grande-nuvem-negra","tag-jaxa","tag-venus"],"yoast_head":"<!-- This site is optimized with the Yoast SEO plugin v26.5 - https:\/\/yoast.com\/wordpress\/plugins\/seo\/ -->\n<title>Cientistas encontram \u201cnuvem negra gigante\u201d com um ter\u00e7o do tamanho de V\u00eanus - Jornal Fatos e Not\u00edcias<\/title>\n<meta name=\"robots\" content=\"index, follow, max-snippet:-1, max-image-preview:large, max-video-preview:-1\" \/>\n<link rel=\"canonical\" href=\"https:\/\/jornalfatosenoticias.com.br\/index.php\/2021\/08\/30\/cientistas-encontram-nuvem-negra-gigante-com-um-terco-do-tamanho-de-venus\/\" \/>\n<meta property=\"og:locale\" content=\"pt_BR\" \/>\n<meta property=\"og:type\" content=\"article\" \/>\n<meta property=\"og:title\" content=\"Cientistas encontram \u201cnuvem negra gigante\u201d com um ter\u00e7o do tamanho de V\u00eanus - Jornal Fatos e Not\u00edcias\" \/>\n<meta property=\"og:description\" content=\"Uma \u201cnuvem negra gigante\u201d foi identificada por cientistas em V\u00eanus, ocupando mais ou menos um ter\u00e7o do planeta\u00a0e localizada ao longo de sua latitude a partir da sua \u201clinha do Equador\u201d. Segundo eles, essa nuvem parece estar presente na \u00f3rbita de V\u00eanus pelo menos desde 2015, ap\u00f3s investigarem observa\u00e7\u00f5es feitas com\u00a0tecnologia infravermelha, encontrando a sua [&hellip;]\" \/>\n<meta property=\"og:url\" content=\"https:\/\/jornalfatosenoticias.com.br\/index.php\/2021\/08\/30\/cientistas-encontram-nuvem-negra-gigante-com-um-terco-do-tamanho-de-venus\/\" \/>\n<meta property=\"og:site_name\" content=\"Jornal Fatos e Not\u00edcias\" \/>\n<meta property=\"article:published_time\" content=\"2021-08-30T21:21:59+00:00\" \/>\n<meta property=\"article:modified_time\" content=\"2021-08-30T21:22:03+00:00\" \/>\n<meta property=\"og:image\" content=\"https:\/\/jornalfatosenoticias.com.br\/wp-content\/uploads\/2021\/08\/nuvem-negra-gigante1_shutterstock.jpg\" \/>\n\t<meta property=\"og:image:width\" content=\"1000\" \/>\n\t<meta property=\"og:image:height\" content=\"351\" \/>\n\t<meta property=\"og:image:type\" content=\"image\/jpeg\" \/>\n<meta name=\"author\" content=\"Luzimara Fernandes\" \/>\n<meta name=\"twitter:card\" content=\"summary_large_image\" \/>\n<meta name=\"twitter:label1\" content=\"Escrito por\" \/>\n\t<meta name=\"twitter:data1\" content=\"Luzimara Fernandes\" \/>\n\t<meta name=\"twitter:label2\" content=\"Est. tempo de leitura\" \/>\n\t<meta name=\"twitter:data2\" content=\"4 minutos\" \/>\n<script type=\"application\/ld+json\" class=\"yoast-schema-graph\">{\"@context\":\"https:\/\/schema.org\",\"@graph\":[{\"@type\":\"Article\",\"@id\":\"https:\/\/jornalfatosenoticias.com.br\/index.php\/2021\/08\/30\/cientistas-encontram-nuvem-negra-gigante-com-um-terco-do-tamanho-de-venus\/#article\",\"isPartOf\":{\"@id\":\"https:\/\/jornalfatosenoticias.com.br\/index.php\/2021\/08\/30\/cientistas-encontram-nuvem-negra-gigante-com-um-terco-do-tamanho-de-venus\/\"},\"author\":{\"name\":\"Luzimara Fernandes\",\"@id\":\"https:\/\/jornalfatosenoticias.com.br\/#\/schema\/person\/d63837fa13ac8666eb9e74e0985d6f81\"},\"headline\":\"Cientistas encontram \u201cnuvem negra gigante\u201d com um ter\u00e7o do tamanho de V\u00eanus\",\"datePublished\":\"2021-08-30T21:21:59+00:00\",\"dateModified\":\"2021-08-30T21:22:03+00:00\",\"mainEntityOfPage\":{\"@id\":\"https:\/\/jornalfatosenoticias.com.br\/index.php\/2021\/08\/30\/cientistas-encontram-nuvem-negra-gigante-com-um-terco-do-tamanho-de-venus\/\"},\"wordCount\":768,\"commentCount\":0,\"publisher\":{\"@id\":\"https:\/\/jornalfatosenoticias.com.br\/#organization\"},\"image\":{\"@id\":\"https:\/\/jornalfatosenoticias.com.br\/index.php\/2021\/08\/30\/cientistas-encontram-nuvem-negra-gigante-com-um-terco-do-tamanho-de-venus\/#primaryimage\"},\"thumbnailUrl\":\"https:\/\/jornalfatosenoticias.com.br\/wp-content\/uploads\/2021\/08\/nuvem-negra-gigante1_shutterstock.jpg\",\"keywords\":[\"Akatsuki\",\"grande nuvem negra\",\"JAXA\",\"V\u00eanus\"],\"articleSection\":[\"Ci\u00eancia\"],\"inLanguage\":\"pt-BR\",\"potentialAction\":[{\"@type\":\"CommentAction\",\"name\":\"Comment\",\"target\":[\"https:\/\/jornalfatosenoticias.com.br\/index.php\/2021\/08\/30\/cientistas-encontram-nuvem-negra-gigante-com-um-terco-do-tamanho-de-venus\/#respond\"]}]},{\"@type\":\"WebPage\",\"@id\":\"https:\/\/jornalfatosenoticias.com.br\/index.php\/2021\/08\/30\/cientistas-encontram-nuvem-negra-gigante-com-um-terco-do-tamanho-de-venus\/\",\"url\":\"https:\/\/jornalfatosenoticias.com.br\/index.php\/2021\/08\/30\/cientistas-encontram-nuvem-negra-gigante-com-um-terco-do-tamanho-de-venus\/\",\"name\":\"Cientistas encontram \u201cnuvem negra gigante\u201d com um ter\u00e7o do tamanho de V\u00eanus - Jornal Fatos e Not\u00edcias\",\"isPartOf\":{\"@id\":\"https:\/\/jornalfatosenoticias.com.br\/#website\"},\"primaryImageOfPage\":{\"@id\":\"https:\/\/jornalfatosenoticias.com.br\/index.php\/2021\/08\/30\/cientistas-encontram-nuvem-negra-gigante-com-um-terco-do-tamanho-de-venus\/#primaryimage\"},\"image\":{\"@id\":\"https:\/\/jornalfatosenoticias.com.br\/index.php\/2021\/08\/30\/cientistas-encontram-nuvem-negra-gigante-com-um-terco-do-tamanho-de-venus\/#primaryimage\"},\"thumbnailUrl\":\"https:\/\/jornalfatosenoticias.com.br\/wp-content\/uploads\/2021\/08\/nuvem-negra-gigante1_shutterstock.jpg\",\"datePublished\":\"2021-08-30T21:21:59+00:00\",\"dateModified\":\"2021-08-30T21:22:03+00:00\",\"breadcrumb\":{\"@id\":\"https:\/\/jornalfatosenoticias.com.br\/index.php\/2021\/08\/30\/cientistas-encontram-nuvem-negra-gigante-com-um-terco-do-tamanho-de-venus\/#breadcrumb\"},\"inLanguage\":\"pt-BR\",\"potentialAction\":[{\"@type\":\"ReadAction\",\"target\":[\"https:\/\/jornalfatosenoticias.com.br\/index.php\/2021\/08\/30\/cientistas-encontram-nuvem-negra-gigante-com-um-terco-do-tamanho-de-venus\/\"]}]},{\"@type\":\"ImageObject\",\"inLanguage\":\"pt-BR\",\"@id\":\"https:\/\/jornalfatosenoticias.com.br\/index.php\/2021\/08\/30\/cientistas-encontram-nuvem-negra-gigante-com-um-terco-do-tamanho-de-venus\/#primaryimage\",\"url\":\"https:\/\/jornalfatosenoticias.com.br\/wp-content\/uploads\/2021\/08\/nuvem-negra-gigante1_shutterstock.jpg\",\"contentUrl\":\"https:\/\/jornalfatosenoticias.com.br\/wp-content\/uploads\/2021\/08\/nuvem-negra-gigante1_shutterstock.jpg\",\"width\":1000,\"height\":351},{\"@type\":\"BreadcrumbList\",\"@id\":\"https:\/\/jornalfatosenoticias.com.br\/index.php\/2021\/08\/30\/cientistas-encontram-nuvem-negra-gigante-com-um-terco-do-tamanho-de-venus\/#breadcrumb\",\"itemListElement\":[{\"@type\":\"ListItem\",\"position\":1,\"name\":\"In\u00edcio\",\"item\":\"https:\/\/jornalfatosenoticias.com.br\/\"},{\"@type\":\"ListItem\",\"position\":2,\"name\":\"Cientistas encontram \u201cnuvem negra gigante\u201d com um ter\u00e7o do tamanho de V\u00eanus\"}]},{\"@type\":\"WebSite\",\"@id\":\"https:\/\/jornalfatosenoticias.com.br\/#website\",\"url\":\"https:\/\/jornalfatosenoticias.com.br\/\",\"name\":\"Jornal Fatos e Not\u00edcias\",\"description\":\"Not\u00edcias em geral\",\"publisher\":{\"@id\":\"https:\/\/jornalfatosenoticias.com.br\/#organization\"},\"potentialAction\":[{\"@type\":\"SearchAction\",\"target\":{\"@type\":\"EntryPoint\",\"urlTemplate\":\"https:\/\/jornalfatosenoticias.com.br\/?s={search_term_string}\"},\"query-input\":{\"@type\":\"PropertyValueSpecification\",\"valueRequired\":true,\"valueName\":\"search_term_string\"}}],\"inLanguage\":\"pt-BR\"},{\"@type\":\"Organization\",\"@id\":\"https:\/\/jornalfatosenoticias.com.br\/#organization\",\"name\":\"Jornal Fatos e Not\u00edcias\",\"url\":\"https:\/\/jornalfatosenoticias.com.br\/\",\"logo\":{\"@type\":\"ImageObject\",\"inLanguage\":\"pt-BR\",\"@id\":\"https:\/\/jornalfatosenoticias.com.br\/#\/schema\/logo\/image\/\",\"url\":\"https:\/\/jornalfatosenoticias.com.br\/wp-content\/uploads\/2020\/02\/logo120.png\",\"contentUrl\":\"https:\/\/jornalfatosenoticias.com.br\/wp-content\/uploads\/2020\/02\/logo120.png\",\"width\":1227,\"height\":120,\"caption\":\"Jornal Fatos e Not\u00edcias\"},\"image\":{\"@id\":\"https:\/\/jornalfatosenoticias.com.br\/#\/schema\/logo\/image\/\"}},{\"@type\":\"Person\",\"@id\":\"https:\/\/jornalfatosenoticias.com.br\/#\/schema\/person\/d63837fa13ac8666eb9e74e0985d6f81\",\"name\":\"Luzimara Fernandes\",\"image\":{\"@type\":\"ImageObject\",\"inLanguage\":\"pt-BR\",\"@id\":\"https:\/\/jornalfatosenoticias.com.br\/#\/schema\/person\/image\/\",\"url\":\"https:\/\/jornalfatosenoticias.com.br\/wp-content\/uploads\/2025\/05\/EU_portal.jpg\",\"contentUrl\":\"https:\/\/jornalfatosenoticias.com.br\/wp-content\/uploads\/2025\/05\/EU_portal.jpg\",\"caption\":\"Luzimara Fernandes\"},\"description\":\"Jornalista MTB 2358-ES\",\"sameAs\":[\"https:\/\/jornalfatosenoticias.com.br\"],\"url\":\"https:\/\/jornalfatosenoticias.com.br\/index.php\/author\/luzimara\/\"}]}<\/script>\n<!-- \/ Yoast SEO plugin. -->","yoast_head_json":{"title":"Cientistas encontram \u201cnuvem negra gigante\u201d com um ter\u00e7o do tamanho de V\u00eanus - Jornal Fatos e Not\u00edcias","robots":{"index":"index","follow":"follow","max-snippet":"max-snippet:-1","max-image-preview":"max-image-preview:large","max-video-preview":"max-video-preview:-1"},"canonical":"https:\/\/jornalfatosenoticias.com.br\/index.php\/2021\/08\/30\/cientistas-encontram-nuvem-negra-gigante-com-um-terco-do-tamanho-de-venus\/","og_locale":"pt_BR","og_type":"article","og_title":"Cientistas encontram \u201cnuvem negra gigante\u201d com um ter\u00e7o do tamanho de V\u00eanus - Jornal Fatos e Not\u00edcias","og_description":"Uma \u201cnuvem negra gigante\u201d foi identificada por cientistas em V\u00eanus, ocupando mais ou menos um ter\u00e7o do planeta\u00a0e localizada ao longo de sua latitude a partir da sua \u201clinha do Equador\u201d. Segundo eles, essa nuvem parece estar presente na \u00f3rbita de V\u00eanus pelo menos desde 2015, ap\u00f3s investigarem observa\u00e7\u00f5es feitas com\u00a0tecnologia infravermelha, encontrando a sua [&hellip;]","og_url":"https:\/\/jornalfatosenoticias.com.br\/index.php\/2021\/08\/30\/cientistas-encontram-nuvem-negra-gigante-com-um-terco-do-tamanho-de-venus\/","og_site_name":"Jornal Fatos e Not\u00edcias","article_published_time":"2021-08-30T21:21:59+00:00","article_modified_time":"2021-08-30T21:22:03+00:00","og_image":[{"width":1000,"height":351,"url":"https:\/\/jornalfatosenoticias.com.br\/wp-content\/uploads\/2021\/08\/nuvem-negra-gigante1_shutterstock.jpg","type":"image\/jpeg"}],"author":"Luzimara Fernandes","twitter_card":"summary_large_image","twitter_misc":{"Escrito por":"Luzimara Fernandes","Est. tempo de leitura":"4 minutos"},"schema":{"@context":"https:\/\/schema.org","@graph":[{"@type":"Article","@id":"https:\/\/jornalfatosenoticias.com.br\/index.php\/2021\/08\/30\/cientistas-encontram-nuvem-negra-gigante-com-um-terco-do-tamanho-de-venus\/#article","isPartOf":{"@id":"https:\/\/jornalfatosenoticias.com.br\/index.php\/2021\/08\/30\/cientistas-encontram-nuvem-negra-gigante-com-um-terco-do-tamanho-de-venus\/"},"author":{"name":"Luzimara Fernandes","@id":"https:\/\/jornalfatosenoticias.com.br\/#\/schema\/person\/d63837fa13ac8666eb9e74e0985d6f81"},"headline":"Cientistas encontram \u201cnuvem negra gigante\u201d com um ter\u00e7o do tamanho de V\u00eanus","datePublished":"2021-08-30T21:21:59+00:00","dateModified":"2021-08-30T21:22:03+00:00","mainEntityOfPage":{"@id":"https:\/\/jornalfatosenoticias.com.br\/index.php\/2021\/08\/30\/cientistas-encontram-nuvem-negra-gigante-com-um-terco-do-tamanho-de-venus\/"},"wordCount":768,"commentCount":0,"publisher":{"@id":"https:\/\/jornalfatosenoticias.com.br\/#organization"},"image":{"@id":"https:\/\/jornalfatosenoticias.com.br\/index.php\/2021\/08\/30\/cientistas-encontram-nuvem-negra-gigante-com-um-terco-do-tamanho-de-venus\/#primaryimage"},"thumbnailUrl":"https:\/\/jornalfatosenoticias.com.br\/wp-content\/uploads\/2021\/08\/nuvem-negra-gigante1_shutterstock.jpg","keywords":["Akatsuki","grande nuvem negra","JAXA","V\u00eanus"],"articleSection":["Ci\u00eancia"],"inLanguage":"pt-BR","potentialAction":[{"@type":"CommentAction","name":"Comment","target":["https:\/\/jornalfatosenoticias.com.br\/index.php\/2021\/08\/30\/cientistas-encontram-nuvem-negra-gigante-com-um-terco-do-tamanho-de-venus\/#respond"]}]},{"@type":"WebPage","@id":"https:\/\/jornalfatosenoticias.com.br\/index.php\/2021\/08\/30\/cientistas-encontram-nuvem-negra-gigante-com-um-terco-do-tamanho-de-venus\/","url":"https:\/\/jornalfatosenoticias.com.br\/index.php\/2021\/08\/30\/cientistas-encontram-nuvem-negra-gigante-com-um-terco-do-tamanho-de-venus\/","name":"Cientistas encontram \u201cnuvem negra gigante\u201d com um ter\u00e7o do tamanho de V\u00eanus - Jornal Fatos e Not\u00edcias","isPartOf":{"@id":"https:\/\/jornalfatosenoticias.com.br\/#website"},"primaryImageOfPage":{"@id":"https:\/\/jornalfatosenoticias.com.br\/index.php\/2021\/08\/30\/cientistas-encontram-nuvem-negra-gigante-com-um-terco-do-tamanho-de-venus\/#primaryimage"},"image":{"@id":"https:\/\/jornalfatosenoticias.com.br\/index.php\/2021\/08\/30\/cientistas-encontram-nuvem-negra-gigante-com-um-terco-do-tamanho-de-venus\/#primaryimage"},"thumbnailUrl":"https:\/\/jornalfatosenoticias.com.br\/wp-content\/uploads\/2021\/08\/nuvem-negra-gigante1_shutterstock.jpg","datePublished":"2021-08-30T21:21:59+00:00","dateModified":"2021-08-30T21:22:03+00:00","breadcrumb":{"@id":"https:\/\/jornalfatosenoticias.com.br\/index.php\/2021\/08\/30\/cientistas-encontram-nuvem-negra-gigante-com-um-terco-do-tamanho-de-venus\/#breadcrumb"},"inLanguage":"pt-BR","potentialAction":[{"@type":"ReadAction","target":["https:\/\/jornalfatosenoticias.com.br\/index.php\/2021\/08\/30\/cientistas-encontram-nuvem-negra-gigante-com-um-terco-do-tamanho-de-venus\/"]}]},{"@type":"ImageObject","inLanguage":"pt-BR","@id":"https:\/\/jornalfatosenoticias.com.br\/index.php\/2021\/08\/30\/cientistas-encontram-nuvem-negra-gigante-com-um-terco-do-tamanho-de-venus\/#primaryimage","url":"https:\/\/jornalfatosenoticias.com.br\/wp-content\/uploads\/2021\/08\/nuvem-negra-gigante1_shutterstock.jpg","contentUrl":"https:\/\/jornalfatosenoticias.com.br\/wp-content\/uploads\/2021\/08\/nuvem-negra-gigante1_shutterstock.jpg","width":1000,"height":351},{"@type":"BreadcrumbList","@id":"https:\/\/jornalfatosenoticias.com.br\/index.php\/2021\/08\/30\/cientistas-encontram-nuvem-negra-gigante-com-um-terco-do-tamanho-de-venus\/#breadcrumb","itemListElement":[{"@type":"ListItem","position":1,"name":"In\u00edcio","item":"https:\/\/jornalfatosenoticias.com.br\/"},{"@type":"ListItem","position":2,"name":"Cientistas encontram \u201cnuvem negra gigante\u201d com um ter\u00e7o do tamanho de V\u00eanus"}]},{"@type":"WebSite","@id":"https:\/\/jornalfatosenoticias.com.br\/#website","url":"https:\/\/jornalfatosenoticias.com.br\/","name":"Jornal Fatos e Not\u00edcias","description":"Not\u00edcias em geral","publisher":{"@id":"https:\/\/jornalfatosenoticias.com.br\/#organization"},"potentialAction":[{"@type":"SearchAction","target":{"@type":"EntryPoint","urlTemplate":"https:\/\/jornalfatosenoticias.com.br\/?s={search_term_string}"},"query-input":{"@type":"PropertyValueSpecification","valueRequired":true,"valueName":"search_term_string"}}],"inLanguage":"pt-BR"},{"@type":"Organization","@id":"https:\/\/jornalfatosenoticias.com.br\/#organization","name":"Jornal Fatos e Not\u00edcias","url":"https:\/\/jornalfatosenoticias.com.br\/","logo":{"@type":"ImageObject","inLanguage":"pt-BR","@id":"https:\/\/jornalfatosenoticias.com.br\/#\/schema\/logo\/image\/","url":"https:\/\/jornalfatosenoticias.com.br\/wp-content\/uploads\/2020\/02\/logo120.png","contentUrl":"https:\/\/jornalfatosenoticias.com.br\/wp-content\/uploads\/2020\/02\/logo120.png","width":1227,"height":120,"caption":"Jornal Fatos e Not\u00edcias"},"image":{"@id":"https:\/\/jornalfatosenoticias.com.br\/#\/schema\/logo\/image\/"}},{"@type":"Person","@id":"https:\/\/jornalfatosenoticias.com.br\/#\/schema\/person\/d63837fa13ac8666eb9e74e0985d6f81","name":"Luzimara Fernandes","image":{"@type":"ImageObject","inLanguage":"pt-BR","@id":"https:\/\/jornalfatosenoticias.com.br\/#\/schema\/person\/image\/","url":"https:\/\/jornalfatosenoticias.com.br\/wp-content\/uploads\/2025\/05\/EU_portal.jpg","contentUrl":"https:\/\/jornalfatosenoticias.com.br\/wp-content\/uploads\/2025\/05\/EU_portal.jpg","caption":"Luzimara Fernandes"},"description":"Jornalista MTB 2358-ES","sameAs":["https:\/\/jornalfatosenoticias.com.br"],"url":"https:\/\/jornalfatosenoticias.com.br\/index.php\/author\/luzimara\/"}]}},"cc_featured_image_caption":{"caption_text":"(Foto: Shutterstock)","source_text":"","source_url":""},"jetpack_featured_media_url":"https:\/\/jornalfatosenoticias.com.br\/wp-content\/uploads\/2021\/08\/nuvem-negra-gigante1_shutterstock.jpg","_links":{"self":[{"href":"https:\/\/jornalfatosenoticias.com.br\/index.php\/wp-json\/wp\/v2\/posts\/22413","targetHints":{"allow":["GET"]}}],"collection":[{"href":"https:\/\/jornalfatosenoticias.com.br\/index.php\/wp-json\/wp\/v2\/posts"}],"about":[{"href":"https:\/\/jornalfatosenoticias.com.br\/index.php\/wp-json\/wp\/v2\/types\/post"}],"author":[{"embeddable":true,"href":"https:\/\/jornalfatosenoticias.com.br\/index.php\/wp-json\/wp\/v2\/users\/2"}],"replies":[{"embeddable":true,"href":"https:\/\/jornalfatosenoticias.com.br\/index.php\/wp-json\/wp\/v2\/comments?post=22413"}],"version-history":[{"count":0,"href":"https:\/\/jornalfatosenoticias.com.br\/index.php\/wp-json\/wp\/v2\/posts\/22413\/revisions"}],"wp:featuredmedia":[{"embeddable":true,"href":"https:\/\/jornalfatosenoticias.com.br\/index.php\/wp-json\/wp\/v2\/media\/22415"}],"wp:attachment":[{"href":"https:\/\/jornalfatosenoticias.com.br\/index.php\/wp-json\/wp\/v2\/media?parent=22413"}],"wp:term":[{"taxonomy":"category","embeddable":true,"href":"https:\/\/jornalfatosenoticias.com.br\/index.php\/wp-json\/wp\/v2\/categories?post=22413"},{"taxonomy":"post_tag","embeddable":true,"href":"https:\/\/jornalfatosenoticias.com.br\/index.php\/wp-json\/wp\/v2\/tags?post=22413"}],"curies":[{"name":"wp","href":"https:\/\/api.w.org\/{rel}","templated":true}]}}