{"id":22437,"date":"2021-08-31T09:45:39","date_gmt":"2021-08-31T12:45:39","guid":{"rendered":"https:\/\/jornalfatosenoticias.com.br\/?p=22437"},"modified":"2021-08-31T09:45:43","modified_gmt":"2021-08-31T12:45:43","slug":"talibas-declaram-emirado-islamico-do-afeganistao-como-nacao-livre","status":"publish","type":"post","link":"https:\/\/jornalfatosenoticias.com.br\/index.php\/2021\/08\/31\/talibas-declaram-emirado-islamico-do-afeganistao-como-nacao-livre\/","title":{"rendered":"Talib\u00e3s declaram Emirado Isl\u00e2mico do Afeganist\u00e3o como na\u00e7\u00e3o livre"},"content":{"rendered":"\n<p><em><span class=\"has-inline-color has-black-color\">L\u00edderes caminharam pela pista do aeroporto, em gesto de vit\u00f3ria<\/span><\/em><\/p>\n\n\n\n<p>O Talib\u00e3 j\u00e1 controla o aeroporto de Cabul. O grupo extremista ocupou toda a estrutura assim que terminou a sa\u00edda dos militares dos Estados Unidos (EUA) e declarou o Emirado Isl\u00e2mico do Afeganist\u00e3o como uma na\u00e7\u00e3o livre e soberana.<br>Os l\u00edderes do movimento caminharam pela pista do aeroporto, num gesto simb\u00f3lico de vit\u00f3ria.<br>A retirada das for\u00e7as militares norte-americanas ocorreu por volta da meia-noite, com a sa\u00edda do \u00faltimo avi\u00e3o C-17 dos Estados Unidos.<br>O momento foi celebrado nas ruas de Cabul com fogo de artif\u00edcio e disparos de armas.<br>O Aeroporto Hamid Karzai ficou, agora, sem controle de tr\u00e1fego a\u00e9reo.<br>O porta-voz do Talib\u00e3 admitiu pedir ajuda ao Catar ou \u00e0 Turquia para repor as necessidades t\u00e9cnicas do aeroporto.<\/p>\n\n\n\n<blockquote class=\"wp-block-quote is-layout-flow wp-block-quote-is-layout-flow\"><p><span class=\"has-inline-color has-luminous-vivid-orange-color\">\u201cOs \u00faltimos soldados americanos sa\u00edram do aeroporto de Cabul e nosso pa\u00eds conseguiu a independ\u00eancia total\u201d, disse Zabihullah Mujahid pelo Twitter.<\/span><\/p><\/blockquote>\n\n\n\n<p><strong><span class=\"has-inline-color has-black-color\">\u00daltimo voo<br><\/span><\/strong>O Pent\u00e1gono anunciou que o <strong><a href=\"https:\/\/agenciabrasil.ebc.com.br\/internacional\/noticia\/2021-08\/ultimos-soldados-dos-eua-deixam-o-afeganistao-apos-quase-20-anos\" target=\"_blank\" rel=\"noreferrer noopener\">\u00faltimo avi\u00e3o C17 norte-americano decolou<\/a><\/strong> do aeroporto de Cabul \u00e0s primeiras horas desta ter\u00e7a-feira (20h29 de segunda-feira em Lisboa). Termina assim a guerra mais longa da hist\u00f3ria dos Estados Unidos, ficando o pa\u00eds asi\u00e1tico nas m\u00e3os dos talib\u00e3s ao fim de duas d\u00e9cadas de presen\u00e7a militar estrangeira. No Afeganist\u00e3o, ficaram cerca de duas centenas de norte-americanos que o Pent\u00e1gono admitiu n\u00e3o ter conseguido retirar a tempo.<br>Vinte anos, uma fatura no valor de mais de US$ 2 bilh\u00f5es, mais de 170 mil mortos \u2014 incluindo mais de 40 mil civis \u2014 e os talib\u00e3s celebram a volta ao poder. Termina assim a mais longa das guerras dos Estados Unidos, iniciada logo ap\u00f3s os ataques terroristas de 11 de setembro de 2001. Washington derrubou o regime talib\u00e3 em dezembro de 2001, depois de ele ter se recusado a entregar Osama bin Laden, ent\u00e3o l\u00edder da Al-Qaeda.<br>\u201cCome\u00e7ou um novo cap\u00edtulo do envolvimento da Am\u00e9rica com o Afeganist\u00e3o. Vamos liderar com a nossa diplomacia. A miss\u00e3o militar terminou\u201d, disse o secret\u00e1rio de Estado norte-americano, Antony Blinken.<br>Ele disse que \u201cmenos de 200 norte-americanos\u201d que pretendem abandonar o Afeganist\u00e3o ficaram no pa\u00eds, garantindo que continuam os esfor\u00e7os para tentar retir\u00e1-los nos pr\u00f3ximos dias.<br>Nessa segunda-feira, o general Kenneth McKenzie, l\u00edder do comando central dos EUA, informou que foram retirados mais de 123 mil civis nas \u00faltimas duas semanas, ou seja, mais de 7,5 mil civis por dia, ap\u00f3s o regresso dos talib\u00e3s ao poder na capital afeg\u00e3.<\/p>\n\n\n\n<p><em><span class=\"has-inline-color has-black-color\"><strong>Foto:<\/strong> Reuters\/Twitter\/David Martinon\/Direitos Reservados<\/span><\/em><\/p>\n\n\n\n<p><strong><em>Fonte: <a href=\"https:\/\/agenciabrasil.ebc.com.br\/internacional\/noticia\/2021-08\/talibas-declaram-emirado-islamico-do-afeganistao-como-nacao-livre\">Ag\u00eancia Brasil<\/a><\/em><\/strong><\/p>\n","protected":false},"excerpt":{"rendered":"<p>L\u00edderes caminharam pela pista do aeroporto, em gesto de vit\u00f3ria O Talib\u00e3 j\u00e1 controla o aeroporto de Cabul. O grupo extremista ocupou toda a estrutura assim que terminou a sa\u00edda dos militares dos Estados Unidos (EUA) e declarou o Emirado Isl\u00e2mico do Afeganist\u00e3o como uma na\u00e7\u00e3o livre e soberana.Os l\u00edderes do movimento caminharam pela pista [&hellip;]<\/p>\n","protected":false},"author":2,"featured_media":22438,"comment_status":"open","ping_status":"open","sticky":false,"template":"","format":"standard","meta":{"footnotes":""},"categories":[41,10],"tags":[7822,1751,10965,10681],"class_list":["post-22437","post","type-post","status-publish","format-standard","has-post-thumbnail","hentry","category-internacional","category-politica","tag-afeganistao","tag-estados-unidos","tag-retirada","tag-taliba"],"yoast_head":"<!-- This site is optimized with the Yoast SEO plugin v26.5 - https:\/\/yoast.com\/wordpress\/plugins\/seo\/ -->\n<title>Talib\u00e3s declaram Emirado Isl\u00e2mico do Afeganist\u00e3o como na\u00e7\u00e3o livre - Jornal Fatos e Not\u00edcias<\/title>\n<meta name=\"robots\" content=\"index, follow, max-snippet:-1, max-image-preview:large, max-video-preview:-1\" \/>\n<link rel=\"canonical\" href=\"https:\/\/jornalfatosenoticias.com.br\/index.php\/2021\/08\/31\/talibas-declaram-emirado-islamico-do-afeganistao-como-nacao-livre\/\" \/>\n<meta property=\"og:locale\" content=\"pt_BR\" \/>\n<meta property=\"og:type\" content=\"article\" \/>\n<meta property=\"og:title\" content=\"Talib\u00e3s declaram Emirado Isl\u00e2mico do Afeganist\u00e3o como na\u00e7\u00e3o livre - Jornal Fatos e Not\u00edcias\" \/>\n<meta property=\"og:description\" content=\"L\u00edderes caminharam pela pista do aeroporto, em gesto de vit\u00f3ria O Talib\u00e3 j\u00e1 controla o aeroporto de Cabul. O grupo extremista ocupou toda a estrutura assim que terminou a sa\u00edda dos militares dos Estados Unidos (EUA) e declarou o Emirado Isl\u00e2mico do Afeganist\u00e3o como uma na\u00e7\u00e3o livre e soberana.Os l\u00edderes do movimento caminharam pela pista [&hellip;]\" \/>\n<meta property=\"og:url\" content=\"https:\/\/jornalfatosenoticias.com.br\/index.php\/2021\/08\/31\/talibas-declaram-emirado-islamico-do-afeganistao-como-nacao-livre\/\" \/>\n<meta property=\"og:site_name\" content=\"Jornal Fatos e Not\u00edcias\" \/>\n<meta property=\"article:published_time\" content=\"2021-08-31T12:45:39+00:00\" \/>\n<meta property=\"article:modified_time\" content=\"2021-08-31T12:45:43+00:00\" \/>\n<meta property=\"og:image\" content=\"https:\/\/jornalfatosenoticias.com.br\/wp-content\/uploads\/2021\/08\/afghanistan-conflict-kabul-airport.jpg\" \/>\n\t<meta property=\"og:image:width\" content=\"1000\" \/>\n\t<meta property=\"og:image:height\" content=\"598\" \/>\n\t<meta property=\"og:image:type\" content=\"image\/jpeg\" \/>\n<meta name=\"author\" content=\"Luzimara Fernandes\" \/>\n<meta name=\"twitter:card\" content=\"summary_large_image\" \/>\n<meta name=\"twitter:label1\" content=\"Escrito por\" \/>\n\t<meta name=\"twitter:data1\" content=\"Luzimara Fernandes\" \/>\n\t<meta name=\"twitter:label2\" content=\"Est. tempo de leitura\" \/>\n\t<meta name=\"twitter:data2\" content=\"2 minutos\" \/>\n<script type=\"application\/ld+json\" class=\"yoast-schema-graph\">{\"@context\":\"https:\/\/schema.org\",\"@graph\":[{\"@type\":\"Article\",\"@id\":\"https:\/\/jornalfatosenoticias.com.br\/index.php\/2021\/08\/31\/talibas-declaram-emirado-islamico-do-afeganistao-como-nacao-livre\/#article\",\"isPartOf\":{\"@id\":\"https:\/\/jornalfatosenoticias.com.br\/index.php\/2021\/08\/31\/talibas-declaram-emirado-islamico-do-afeganistao-como-nacao-livre\/\"},\"author\":{\"name\":\"Luzimara Fernandes\",\"@id\":\"https:\/\/jornalfatosenoticias.com.br\/#\/schema\/person\/d63837fa13ac8666eb9e74e0985d6f81\"},\"headline\":\"Talib\u00e3s declaram Emirado Isl\u00e2mico do Afeganist\u00e3o como na\u00e7\u00e3o livre\",\"datePublished\":\"2021-08-31T12:45:39+00:00\",\"dateModified\":\"2021-08-31T12:45:43+00:00\",\"mainEntityOfPage\":{\"@id\":\"https:\/\/jornalfatosenoticias.com.br\/index.php\/2021\/08\/31\/talibas-declaram-emirado-islamico-do-afeganistao-como-nacao-livre\/\"},\"wordCount\":465,\"commentCount\":0,\"publisher\":{\"@id\":\"https:\/\/jornalfatosenoticias.com.br\/#organization\"},\"image\":{\"@id\":\"https:\/\/jornalfatosenoticias.com.br\/index.php\/2021\/08\/31\/talibas-declaram-emirado-islamico-do-afeganistao-como-nacao-livre\/#primaryimage\"},\"thumbnailUrl\":\"https:\/\/jornalfatosenoticias.com.br\/wp-content\/uploads\/2021\/08\/afghanistan-conflict-kabul-airport.jpg\",\"keywords\":[\"Afeganist\u00e3o\",\"Estados Unidos\",\"retirada\",\"Talib\u00e3\"],\"articleSection\":[\"Internacional\",\"Pol\u00edtica\"],\"inLanguage\":\"pt-BR\",\"potentialAction\":[{\"@type\":\"CommentAction\",\"name\":\"Comment\",\"target\":[\"https:\/\/jornalfatosenoticias.com.br\/index.php\/2021\/08\/31\/talibas-declaram-emirado-islamico-do-afeganistao-como-nacao-livre\/#respond\"]}]},{\"@type\":\"WebPage\",\"@id\":\"https:\/\/jornalfatosenoticias.com.br\/index.php\/2021\/08\/31\/talibas-declaram-emirado-islamico-do-afeganistao-como-nacao-livre\/\",\"url\":\"https:\/\/jornalfatosenoticias.com.br\/index.php\/2021\/08\/31\/talibas-declaram-emirado-islamico-do-afeganistao-como-nacao-livre\/\",\"name\":\"Talib\u00e3s declaram Emirado Isl\u00e2mico do Afeganist\u00e3o como na\u00e7\u00e3o livre - Jornal Fatos e Not\u00edcias\",\"isPartOf\":{\"@id\":\"https:\/\/jornalfatosenoticias.com.br\/#website\"},\"primaryImageOfPage\":{\"@id\":\"https:\/\/jornalfatosenoticias.com.br\/index.php\/2021\/08\/31\/talibas-declaram-emirado-islamico-do-afeganistao-como-nacao-livre\/#primaryimage\"},\"image\":{\"@id\":\"https:\/\/jornalfatosenoticias.com.br\/index.php\/2021\/08\/31\/talibas-declaram-emirado-islamico-do-afeganistao-como-nacao-livre\/#primaryimage\"},\"thumbnailUrl\":\"https:\/\/jornalfatosenoticias.com.br\/wp-content\/uploads\/2021\/08\/afghanistan-conflict-kabul-airport.jpg\",\"datePublished\":\"2021-08-31T12:45:39+00:00\",\"dateModified\":\"2021-08-31T12:45:43+00:00\",\"breadcrumb\":{\"@id\":\"https:\/\/jornalfatosenoticias.com.br\/index.php\/2021\/08\/31\/talibas-declaram-emirado-islamico-do-afeganistao-como-nacao-livre\/#breadcrumb\"},\"inLanguage\":\"pt-BR\",\"potentialAction\":[{\"@type\":\"ReadAction\",\"target\":[\"https:\/\/jornalfatosenoticias.com.br\/index.php\/2021\/08\/31\/talibas-declaram-emirado-islamico-do-afeganistao-como-nacao-livre\/\"]}]},{\"@type\":\"ImageObject\",\"inLanguage\":\"pt-BR\",\"@id\":\"https:\/\/jornalfatosenoticias.com.br\/index.php\/2021\/08\/31\/talibas-declaram-emirado-islamico-do-afeganistao-como-nacao-livre\/#primaryimage\",\"url\":\"https:\/\/jornalfatosenoticias.com.br\/wp-content\/uploads\/2021\/08\/afghanistan-conflict-kabul-airport.jpg\",\"contentUrl\":\"https:\/\/jornalfatosenoticias.com.br\/wp-content\/uploads\/2021\/08\/afghanistan-conflict-kabul-airport.jpg\",\"width\":1000,\"height\":598},{\"@type\":\"BreadcrumbList\",\"@id\":\"https:\/\/jornalfatosenoticias.com.br\/index.php\/2021\/08\/31\/talibas-declaram-emirado-islamico-do-afeganistao-como-nacao-livre\/#breadcrumb\",\"itemListElement\":[{\"@type\":\"ListItem\",\"position\":1,\"name\":\"In\u00edcio\",\"item\":\"https:\/\/jornalfatosenoticias.com.br\/\"},{\"@type\":\"ListItem\",\"position\":2,\"name\":\"Talib\u00e3s declaram Emirado Isl\u00e2mico do Afeganist\u00e3o como na\u00e7\u00e3o livre\"}]},{\"@type\":\"WebSite\",\"@id\":\"https:\/\/jornalfatosenoticias.com.br\/#website\",\"url\":\"https:\/\/jornalfatosenoticias.com.br\/\",\"name\":\"Jornal Fatos e Not\u00edcias\",\"description\":\"Not\u00edcias em geral\",\"publisher\":{\"@id\":\"https:\/\/jornalfatosenoticias.com.br\/#organization\"},\"potentialAction\":[{\"@type\":\"SearchAction\",\"target\":{\"@type\":\"EntryPoint\",\"urlTemplate\":\"https:\/\/jornalfatosenoticias.com.br\/?s={search_term_string}\"},\"query-input\":{\"@type\":\"PropertyValueSpecification\",\"valueRequired\":true,\"valueName\":\"search_term_string\"}}],\"inLanguage\":\"pt-BR\"},{\"@type\":\"Organization\",\"@id\":\"https:\/\/jornalfatosenoticias.com.br\/#organization\",\"name\":\"Jornal Fatos e Not\u00edcias\",\"url\":\"https:\/\/jornalfatosenoticias.com.br\/\",\"logo\":{\"@type\":\"ImageObject\",\"inLanguage\":\"pt-BR\",\"@id\":\"https:\/\/jornalfatosenoticias.com.br\/#\/schema\/logo\/image\/\",\"url\":\"https:\/\/jornalfatosenoticias.com.br\/wp-content\/uploads\/2020\/02\/logo120.png\",\"contentUrl\":\"https:\/\/jornalfatosenoticias.com.br\/wp-content\/uploads\/2020\/02\/logo120.png\",\"width\":1227,\"height\":120,\"caption\":\"Jornal Fatos e Not\u00edcias\"},\"image\":{\"@id\":\"https:\/\/jornalfatosenoticias.com.br\/#\/schema\/logo\/image\/\"}},{\"@type\":\"Person\",\"@id\":\"https:\/\/jornalfatosenoticias.com.br\/#\/schema\/person\/d63837fa13ac8666eb9e74e0985d6f81\",\"name\":\"Luzimara Fernandes\",\"image\":{\"@type\":\"ImageObject\",\"inLanguage\":\"pt-BR\",\"@id\":\"https:\/\/jornalfatosenoticias.com.br\/#\/schema\/person\/image\/\",\"url\":\"https:\/\/jornalfatosenoticias.com.br\/wp-content\/uploads\/2025\/05\/EU_portal.jpg\",\"contentUrl\":\"https:\/\/jornalfatosenoticias.com.br\/wp-content\/uploads\/2025\/05\/EU_portal.jpg\",\"caption\":\"Luzimara Fernandes\"},\"description\":\"Jornalista MTB 2358-ES\",\"sameAs\":[\"https:\/\/jornalfatosenoticias.com.br\"],\"url\":\"https:\/\/jornalfatosenoticias.com.br\/index.php\/author\/luzimara\/\"}]}<\/script>\n<!-- \/ Yoast SEO plugin. -->","yoast_head_json":{"title":"Talib\u00e3s declaram Emirado Isl\u00e2mico do Afeganist\u00e3o como na\u00e7\u00e3o livre - Jornal Fatos e Not\u00edcias","robots":{"index":"index","follow":"follow","max-snippet":"max-snippet:-1","max-image-preview":"max-image-preview:large","max-video-preview":"max-video-preview:-1"},"canonical":"https:\/\/jornalfatosenoticias.com.br\/index.php\/2021\/08\/31\/talibas-declaram-emirado-islamico-do-afeganistao-como-nacao-livre\/","og_locale":"pt_BR","og_type":"article","og_title":"Talib\u00e3s declaram Emirado Isl\u00e2mico do Afeganist\u00e3o como na\u00e7\u00e3o livre - Jornal Fatos e Not\u00edcias","og_description":"L\u00edderes caminharam pela pista do aeroporto, em gesto de vit\u00f3ria O Talib\u00e3 j\u00e1 controla o aeroporto de Cabul. O grupo extremista ocupou toda a estrutura assim que terminou a sa\u00edda dos militares dos Estados Unidos (EUA) e declarou o Emirado Isl\u00e2mico do Afeganist\u00e3o como uma na\u00e7\u00e3o livre e soberana.Os l\u00edderes do movimento caminharam pela pista [&hellip;]","og_url":"https:\/\/jornalfatosenoticias.com.br\/index.php\/2021\/08\/31\/talibas-declaram-emirado-islamico-do-afeganistao-como-nacao-livre\/","og_site_name":"Jornal Fatos e Not\u00edcias","article_published_time":"2021-08-31T12:45:39+00:00","article_modified_time":"2021-08-31T12:45:43+00:00","og_image":[{"width":1000,"height":598,"url":"https:\/\/jornalfatosenoticias.com.br\/wp-content\/uploads\/2021\/08\/afghanistan-conflict-kabul-airport.jpg","type":"image\/jpeg"}],"author":"Luzimara Fernandes","twitter_card":"summary_large_image","twitter_misc":{"Escrito por":"Luzimara Fernandes","Est. tempo de leitura":"2 minutos"},"schema":{"@context":"https:\/\/schema.org","@graph":[{"@type":"Article","@id":"https:\/\/jornalfatosenoticias.com.br\/index.php\/2021\/08\/31\/talibas-declaram-emirado-islamico-do-afeganistao-como-nacao-livre\/#article","isPartOf":{"@id":"https:\/\/jornalfatosenoticias.com.br\/index.php\/2021\/08\/31\/talibas-declaram-emirado-islamico-do-afeganistao-como-nacao-livre\/"},"author":{"name":"Luzimara Fernandes","@id":"https:\/\/jornalfatosenoticias.com.br\/#\/schema\/person\/d63837fa13ac8666eb9e74e0985d6f81"},"headline":"Talib\u00e3s declaram Emirado Isl\u00e2mico do Afeganist\u00e3o como na\u00e7\u00e3o livre","datePublished":"2021-08-31T12:45:39+00:00","dateModified":"2021-08-31T12:45:43+00:00","mainEntityOfPage":{"@id":"https:\/\/jornalfatosenoticias.com.br\/index.php\/2021\/08\/31\/talibas-declaram-emirado-islamico-do-afeganistao-como-nacao-livre\/"},"wordCount":465,"commentCount":0,"publisher":{"@id":"https:\/\/jornalfatosenoticias.com.br\/#organization"},"image":{"@id":"https:\/\/jornalfatosenoticias.com.br\/index.php\/2021\/08\/31\/talibas-declaram-emirado-islamico-do-afeganistao-como-nacao-livre\/#primaryimage"},"thumbnailUrl":"https:\/\/jornalfatosenoticias.com.br\/wp-content\/uploads\/2021\/08\/afghanistan-conflict-kabul-airport.jpg","keywords":["Afeganist\u00e3o","Estados Unidos","retirada","Talib\u00e3"],"articleSection":["Internacional","Pol\u00edtica"],"inLanguage":"pt-BR","potentialAction":[{"@type":"CommentAction","name":"Comment","target":["https:\/\/jornalfatosenoticias.com.br\/index.php\/2021\/08\/31\/talibas-declaram-emirado-islamico-do-afeganistao-como-nacao-livre\/#respond"]}]},{"@type":"WebPage","@id":"https:\/\/jornalfatosenoticias.com.br\/index.php\/2021\/08\/31\/talibas-declaram-emirado-islamico-do-afeganistao-como-nacao-livre\/","url":"https:\/\/jornalfatosenoticias.com.br\/index.php\/2021\/08\/31\/talibas-declaram-emirado-islamico-do-afeganistao-como-nacao-livre\/","name":"Talib\u00e3s declaram Emirado Isl\u00e2mico do Afeganist\u00e3o como na\u00e7\u00e3o livre - Jornal Fatos e Not\u00edcias","isPartOf":{"@id":"https:\/\/jornalfatosenoticias.com.br\/#website"},"primaryImageOfPage":{"@id":"https:\/\/jornalfatosenoticias.com.br\/index.php\/2021\/08\/31\/talibas-declaram-emirado-islamico-do-afeganistao-como-nacao-livre\/#primaryimage"},"image":{"@id":"https:\/\/jornalfatosenoticias.com.br\/index.php\/2021\/08\/31\/talibas-declaram-emirado-islamico-do-afeganistao-como-nacao-livre\/#primaryimage"},"thumbnailUrl":"https:\/\/jornalfatosenoticias.com.br\/wp-content\/uploads\/2021\/08\/afghanistan-conflict-kabul-airport.jpg","datePublished":"2021-08-31T12:45:39+00:00","dateModified":"2021-08-31T12:45:43+00:00","breadcrumb":{"@id":"https:\/\/jornalfatosenoticias.com.br\/index.php\/2021\/08\/31\/talibas-declaram-emirado-islamico-do-afeganistao-como-nacao-livre\/#breadcrumb"},"inLanguage":"pt-BR","potentialAction":[{"@type":"ReadAction","target":["https:\/\/jornalfatosenoticias.com.br\/index.php\/2021\/08\/31\/talibas-declaram-emirado-islamico-do-afeganistao-como-nacao-livre\/"]}]},{"@type":"ImageObject","inLanguage":"pt-BR","@id":"https:\/\/jornalfatosenoticias.com.br\/index.php\/2021\/08\/31\/talibas-declaram-emirado-islamico-do-afeganistao-como-nacao-livre\/#primaryimage","url":"https:\/\/jornalfatosenoticias.com.br\/wp-content\/uploads\/2021\/08\/afghanistan-conflict-kabul-airport.jpg","contentUrl":"https:\/\/jornalfatosenoticias.com.br\/wp-content\/uploads\/2021\/08\/afghanistan-conflict-kabul-airport.jpg","width":1000,"height":598},{"@type":"BreadcrumbList","@id":"https:\/\/jornalfatosenoticias.com.br\/index.php\/2021\/08\/31\/talibas-declaram-emirado-islamico-do-afeganistao-como-nacao-livre\/#breadcrumb","itemListElement":[{"@type":"ListItem","position":1,"name":"In\u00edcio","item":"https:\/\/jornalfatosenoticias.com.br\/"},{"@type":"ListItem","position":2,"name":"Talib\u00e3s declaram Emirado Isl\u00e2mico do Afeganist\u00e3o como na\u00e7\u00e3o livre"}]},{"@type":"WebSite","@id":"https:\/\/jornalfatosenoticias.com.br\/#website","url":"https:\/\/jornalfatosenoticias.com.br\/","name":"Jornal Fatos e Not\u00edcias","description":"Not\u00edcias em geral","publisher":{"@id":"https:\/\/jornalfatosenoticias.com.br\/#organization"},"potentialAction":[{"@type":"SearchAction","target":{"@type":"EntryPoint","urlTemplate":"https:\/\/jornalfatosenoticias.com.br\/?s={search_term_string}"},"query-input":{"@type":"PropertyValueSpecification","valueRequired":true,"valueName":"search_term_string"}}],"inLanguage":"pt-BR"},{"@type":"Organization","@id":"https:\/\/jornalfatosenoticias.com.br\/#organization","name":"Jornal Fatos e Not\u00edcias","url":"https:\/\/jornalfatosenoticias.com.br\/","logo":{"@type":"ImageObject","inLanguage":"pt-BR","@id":"https:\/\/jornalfatosenoticias.com.br\/#\/schema\/logo\/image\/","url":"https:\/\/jornalfatosenoticias.com.br\/wp-content\/uploads\/2020\/02\/logo120.png","contentUrl":"https:\/\/jornalfatosenoticias.com.br\/wp-content\/uploads\/2020\/02\/logo120.png","width":1227,"height":120,"caption":"Jornal Fatos e Not\u00edcias"},"image":{"@id":"https:\/\/jornalfatosenoticias.com.br\/#\/schema\/logo\/image\/"}},{"@type":"Person","@id":"https:\/\/jornalfatosenoticias.com.br\/#\/schema\/person\/d63837fa13ac8666eb9e74e0985d6f81","name":"Luzimara Fernandes","image":{"@type":"ImageObject","inLanguage":"pt-BR","@id":"https:\/\/jornalfatosenoticias.com.br\/#\/schema\/person\/image\/","url":"https:\/\/jornalfatosenoticias.com.br\/wp-content\/uploads\/2025\/05\/EU_portal.jpg","contentUrl":"https:\/\/jornalfatosenoticias.com.br\/wp-content\/uploads\/2025\/05\/EU_portal.jpg","caption":"Luzimara Fernandes"},"description":"Jornalista MTB 2358-ES","sameAs":["https:\/\/jornalfatosenoticias.com.br"],"url":"https:\/\/jornalfatosenoticias.com.br\/index.php\/author\/luzimara\/"}]}},"cc_featured_image_caption":{"caption_text":"","source_text":"","source_url":""},"jetpack_featured_media_url":"https:\/\/jornalfatosenoticias.com.br\/wp-content\/uploads\/2021\/08\/afghanistan-conflict-kabul-airport.jpg","_links":{"self":[{"href":"https:\/\/jornalfatosenoticias.com.br\/index.php\/wp-json\/wp\/v2\/posts\/22437","targetHints":{"allow":["GET"]}}],"collection":[{"href":"https:\/\/jornalfatosenoticias.com.br\/index.php\/wp-json\/wp\/v2\/posts"}],"about":[{"href":"https:\/\/jornalfatosenoticias.com.br\/index.php\/wp-json\/wp\/v2\/types\/post"}],"author":[{"embeddable":true,"href":"https:\/\/jornalfatosenoticias.com.br\/index.php\/wp-json\/wp\/v2\/users\/2"}],"replies":[{"embeddable":true,"href":"https:\/\/jornalfatosenoticias.com.br\/index.php\/wp-json\/wp\/v2\/comments?post=22437"}],"version-history":[{"count":0,"href":"https:\/\/jornalfatosenoticias.com.br\/index.php\/wp-json\/wp\/v2\/posts\/22437\/revisions"}],"wp:featuredmedia":[{"embeddable":true,"href":"https:\/\/jornalfatosenoticias.com.br\/index.php\/wp-json\/wp\/v2\/media\/22438"}],"wp:attachment":[{"href":"https:\/\/jornalfatosenoticias.com.br\/index.php\/wp-json\/wp\/v2\/media?parent=22437"}],"wp:term":[{"taxonomy":"category","embeddable":true,"href":"https:\/\/jornalfatosenoticias.com.br\/index.php\/wp-json\/wp\/v2\/categories?post=22437"},{"taxonomy":"post_tag","embeddable":true,"href":"https:\/\/jornalfatosenoticias.com.br\/index.php\/wp-json\/wp\/v2\/tags?post=22437"}],"curies":[{"name":"wp","href":"https:\/\/api.w.org\/{rel}","templated":true}]}}