{"id":22471,"date":"2021-08-31T17:01:42","date_gmt":"2021-08-31T20:01:42","guid":{"rendered":"https:\/\/jornalfatosenoticias.com.br\/?p=22471"},"modified":"2021-08-31T17:01:44","modified_gmt":"2021-08-31T20:01:44","slug":"tratamento-com-tipo-de-luz-embutida-pode-ser-eficaz-para-casos-de-cancer","status":"publish","type":"post","link":"https:\/\/jornalfatosenoticias.com.br\/index.php\/2021\/08\/31\/tratamento-com-tipo-de-luz-embutida-pode-ser-eficaz-para-casos-de-cancer\/","title":{"rendered":"Tratamento com tipo de luz embutida pode ser eficaz para casos de c\u00e2ncer"},"content":{"rendered":"\n<p>As terapias devem ser altamente eficazes e o mais isentas poss\u00edvel de efeitos colaterais, e isso \u00e9 um grande desafio, especialmente no caso de c\u00e2ncer. Uma equipe de <a href=\"https:\/\/olhardigital.com.br\/tag\/pesquisa\/\" target=\"_blank\" rel=\"noreferrer noopener\">pesquisa<\/a>\u00a0chinesa desenvolveu uma nova forma de terapia fotodin\u00e2mica de tumor para o\u00a0<a href=\"https:\/\/olhardigital.com.br\/tag\/tratamento\/\" target=\"_blank\" rel=\"noreferrer noopener\">tratamento<\/a> de tumores profundos que funciona sem irradia\u00e7\u00e3o externa.<br>A terapia fotodin\u00e2mica cl\u00e1ssica \u00e9 um tratamento n\u00e3o invasivo do c\u00e2ncer por causa de sua seletividade espacial e temporal espec\u00edfica. \u00c9 administrado por um fotossensibilizador e, em seguida, a regi\u00e3o onde o tumor est\u00e1 localizado \u00e9 irradiada com luz.<br>Para o tratamento do c\u00e2ncer, o fotossensibilizador \u00e9 excitado pela luz e transfere parte da energia absorvida para as mol\u00e9culas de oxig\u00eanio, resultando em esp\u00e9cies reativas de oxig\u00eanio que destroem as c\u00e9lulas tumorais. Devido \u00e0 profundidade limitada de penetra\u00e7\u00e3o da luz vis\u00edvel ou ultravioleta necess\u00e1ria nos tecidos, este m\u00e9todo s\u00f3 \u00e9 \u00fatil para tumores superficiais.<br>Uma equipe liderada por Xiaolian Sun e Guoqiang Shao desenvolveu agora uma nova terapia fotodin\u00e2mica de c\u00e2ncer que funciona para tumores profundos. Portanto, n\u00e3o precisa de irradia\u00e7\u00e3o externa porque o fotossensibilizador traz sua pr\u00f3pria \u201cl\u00e2mpada\u201d e a \u201cacende\u201d por conta pr\u00f3pria assim que atinge o tumor.<br>A droga consiste em quatro componentes ligados em uma \u00fanica mol\u00e9cula: um fotossensibilizador, um sensor de pH, um pol\u00edmero e a \u201cl\u00e2mpada\u201d. Nos valores de pH encontrados em tecidos saud\u00e1veis, as mol\u00e9culas s\u00e3o fortemente agregadas em nanopart\u00edculas.<br>Atrav\u00e9s de uma forma compacta, a \u201cirradia\u00e7\u00e3o\u201d \u00e9 desligada e o medicamento n\u00e3o tem efeito. No entanto, o tecido tumoral tem um valor de pH um pouco mais \u00e1cido e assim, esse ambiente faz com que o sensor de pH mude de estrutura e as nanopart\u00edculas se desfa\u00e7am, ou seja, a irradia\u00e7\u00e3o \u00e9 ligada e esp\u00e9cies reativas de oxig\u00eanio s\u00e3o formadas, matando as c\u00e9lulas tumorais.<\/p>\n\n\n\n<p><strong><span class=\"has-inline-color has-black-color\">Como funciona a \u201cluz embutida\u201d para ao c\u00e2ncer?<br><\/span><\/strong>\u00c0 medida que decai, o is\u00f3topo iodo radioativo (I-131) libera radia\u00e7\u00e3o de el\u00e9trons. Sendo assim, conforme os <a href=\"https:\/\/olhardigital.com.br\/tag\/eletrons\/\" target=\"_blank\" rel=\"noreferrer noopener\">el\u00e9trons<\/a> se movem, as suas cargas polarizam os \u00e1tomos, e assim, causam oscila\u00e7\u00f5es dipolares que enviam ondas eletromagn\u00e9ticas, o que significa luz.<br>Normalmente, as ondas se cancelam imediatamente e ainda assim, no ambiente aquoso das c\u00e9lulas, os el\u00e9trons enviados s\u00e3o mais r\u00e1pidos que a luz. Neste caso, a extin\u00e7\u00e3o das ondas \u00e9 incompleta, resultando em uma luz azulada conhecida como radia\u00e7\u00e3o Cherenkov.<br>Isso estimula os fotossensibilizadores o suficiente para destruir as c\u00e9lulas tumorais do c\u00e2ncer. Em culturas de c\u00e9lulas e modelos animais, a nova <a href=\"https:\/\/olhardigital.com.br\/tag\/droga\/\" target=\"_blank\" rel=\"noreferrer noopener\">droga<\/a> demonstrou inibi\u00e7\u00e3o de tumor poderosa com baixa toxicidade e efeitos colaterais m\u00ednimos em tecido saud\u00e1vel.<\/p>\n\n\n\n<p><strong><em>Fonte: <a href=\"https:\/\/olhardigital.com.br\/2021\/08\/31\/medicina-e-saude\/tratamento-com-tipo-de-luz-embutida-pode-ser-eficaz-para-casos-de-cancer\/\">Olhar Digital<\/a><\/em><\/strong><\/p>\n","protected":false},"excerpt":{"rendered":"<p>As terapias devem ser altamente eficazes e o mais isentas poss\u00edvel de efeitos colaterais, e isso \u00e9 um grande desafio, especialmente no caso de c\u00e2ncer. Uma equipe de pesquisa\u00a0chinesa desenvolveu uma nova forma de terapia fotodin\u00e2mica de tumor para o\u00a0tratamento de tumores profundos que funciona sem irradia\u00e7\u00e3o externa.A terapia fotodin\u00e2mica cl\u00e1ssica \u00e9 um tratamento n\u00e3o [&hellip;]<\/p>\n","protected":false},"author":2,"featured_media":22472,"comment_status":"open","ping_status":"open","sticky":false,"template":"","format":"standard","meta":{"footnotes":""},"categories":[11],"tags":[642,10974,10975],"class_list":["post-22471","post","type-post","status-publish","format-standard","has-post-thumbnail","hentry","category-saude","tag-cancer","tag-nova-droga","tag-tratamento-de-tumores"],"yoast_head":"<!-- This site is optimized with the Yoast SEO plugin v26.5 - https:\/\/yoast.com\/wordpress\/plugins\/seo\/ -->\n<title>Tratamento com tipo de luz embutida pode ser eficaz para casos de c\u00e2ncer - Jornal Fatos e Not\u00edcias<\/title>\n<meta name=\"robots\" content=\"index, follow, max-snippet:-1, max-image-preview:large, max-video-preview:-1\" \/>\n<link rel=\"canonical\" href=\"https:\/\/jornalfatosenoticias.com.br\/index.php\/2021\/08\/31\/tratamento-com-tipo-de-luz-embutida-pode-ser-eficaz-para-casos-de-cancer\/\" \/>\n<meta property=\"og:locale\" content=\"pt_BR\" \/>\n<meta property=\"og:type\" content=\"article\" \/>\n<meta property=\"og:title\" content=\"Tratamento com tipo de luz embutida pode ser eficaz para casos de c\u00e2ncer - Jornal Fatos e Not\u00edcias\" \/>\n<meta property=\"og:description\" content=\"As terapias devem ser altamente eficazes e o mais isentas poss\u00edvel de efeitos colaterais, e isso \u00e9 um grande desafio, especialmente no caso de c\u00e2ncer. Uma equipe de pesquisa\u00a0chinesa desenvolveu uma nova forma de terapia fotodin\u00e2mica de tumor para o\u00a0tratamento de tumores profundos que funciona sem irradia\u00e7\u00e3o externa.A terapia fotodin\u00e2mica cl\u00e1ssica \u00e9 um tratamento n\u00e3o [&hellip;]\" \/>\n<meta property=\"og:url\" content=\"https:\/\/jornalfatosenoticias.com.br\/index.php\/2021\/08\/31\/tratamento-com-tipo-de-luz-embutida-pode-ser-eficaz-para-casos-de-cancer\/\" \/>\n<meta property=\"og:site_name\" content=\"Jornal Fatos e Not\u00edcias\" \/>\n<meta property=\"article:published_time\" content=\"2021-08-31T20:01:42+00:00\" \/>\n<meta property=\"article:modified_time\" content=\"2021-08-31T20:01:44+00:00\" \/>\n<meta property=\"og:image\" content=\"https:\/\/jornalfatosenoticias.com.br\/wp-content\/uploads\/2021\/08\/Celulas-T-cancer_shutterstock.jpg\" \/>\n\t<meta property=\"og:image:width\" content=\"1000\" \/>\n\t<meta property=\"og:image:height\" content=\"450\" \/>\n\t<meta property=\"og:image:type\" content=\"image\/jpeg\" \/>\n<meta name=\"author\" content=\"Luzimara Fernandes\" \/>\n<meta name=\"twitter:card\" content=\"summary_large_image\" \/>\n<meta name=\"twitter:label1\" content=\"Escrito por\" \/>\n\t<meta name=\"twitter:data1\" content=\"Luzimara Fernandes\" \/>\n\t<meta name=\"twitter:label2\" content=\"Est. tempo de leitura\" \/>\n\t<meta name=\"twitter:data2\" content=\"2 minutos\" \/>\n<script type=\"application\/ld+json\" class=\"yoast-schema-graph\">{\"@context\":\"https:\/\/schema.org\",\"@graph\":[{\"@type\":\"Article\",\"@id\":\"https:\/\/jornalfatosenoticias.com.br\/index.php\/2021\/08\/31\/tratamento-com-tipo-de-luz-embutida-pode-ser-eficaz-para-casos-de-cancer\/#article\",\"isPartOf\":{\"@id\":\"https:\/\/jornalfatosenoticias.com.br\/index.php\/2021\/08\/31\/tratamento-com-tipo-de-luz-embutida-pode-ser-eficaz-para-casos-de-cancer\/\"},\"author\":{\"name\":\"Luzimara Fernandes\",\"@id\":\"https:\/\/jornalfatosenoticias.com.br\/#\/schema\/person\/d63837fa13ac8666eb9e74e0985d6f81\"},\"headline\":\"Tratamento com tipo de luz embutida pode ser eficaz para casos de c\u00e2ncer\",\"datePublished\":\"2021-08-31T20:01:42+00:00\",\"dateModified\":\"2021-08-31T20:01:44+00:00\",\"mainEntityOfPage\":{\"@id\":\"https:\/\/jornalfatosenoticias.com.br\/index.php\/2021\/08\/31\/tratamento-com-tipo-de-luz-embutida-pode-ser-eficaz-para-casos-de-cancer\/\"},\"wordCount\":486,\"commentCount\":0,\"publisher\":{\"@id\":\"https:\/\/jornalfatosenoticias.com.br\/#organization\"},\"image\":{\"@id\":\"https:\/\/jornalfatosenoticias.com.br\/index.php\/2021\/08\/31\/tratamento-com-tipo-de-luz-embutida-pode-ser-eficaz-para-casos-de-cancer\/#primaryimage\"},\"thumbnailUrl\":\"https:\/\/jornalfatosenoticias.com.br\/wp-content\/uploads\/2021\/08\/Celulas-T-cancer_shutterstock.jpg\",\"keywords\":[\"c\u00e2ncer\",\"nova droga\",\"tratamento de tumores\"],\"articleSection\":[\"Sa\u00fade\"],\"inLanguage\":\"pt-BR\",\"potentialAction\":[{\"@type\":\"CommentAction\",\"name\":\"Comment\",\"target\":[\"https:\/\/jornalfatosenoticias.com.br\/index.php\/2021\/08\/31\/tratamento-com-tipo-de-luz-embutida-pode-ser-eficaz-para-casos-de-cancer\/#respond\"]}]},{\"@type\":\"WebPage\",\"@id\":\"https:\/\/jornalfatosenoticias.com.br\/index.php\/2021\/08\/31\/tratamento-com-tipo-de-luz-embutida-pode-ser-eficaz-para-casos-de-cancer\/\",\"url\":\"https:\/\/jornalfatosenoticias.com.br\/index.php\/2021\/08\/31\/tratamento-com-tipo-de-luz-embutida-pode-ser-eficaz-para-casos-de-cancer\/\",\"name\":\"Tratamento com tipo de luz embutida pode ser eficaz para casos de c\u00e2ncer - Jornal Fatos e Not\u00edcias\",\"isPartOf\":{\"@id\":\"https:\/\/jornalfatosenoticias.com.br\/#website\"},\"primaryImageOfPage\":{\"@id\":\"https:\/\/jornalfatosenoticias.com.br\/index.php\/2021\/08\/31\/tratamento-com-tipo-de-luz-embutida-pode-ser-eficaz-para-casos-de-cancer\/#primaryimage\"},\"image\":{\"@id\":\"https:\/\/jornalfatosenoticias.com.br\/index.php\/2021\/08\/31\/tratamento-com-tipo-de-luz-embutida-pode-ser-eficaz-para-casos-de-cancer\/#primaryimage\"},\"thumbnailUrl\":\"https:\/\/jornalfatosenoticias.com.br\/wp-content\/uploads\/2021\/08\/Celulas-T-cancer_shutterstock.jpg\",\"datePublished\":\"2021-08-31T20:01:42+00:00\",\"dateModified\":\"2021-08-31T20:01:44+00:00\",\"breadcrumb\":{\"@id\":\"https:\/\/jornalfatosenoticias.com.br\/index.php\/2021\/08\/31\/tratamento-com-tipo-de-luz-embutida-pode-ser-eficaz-para-casos-de-cancer\/#breadcrumb\"},\"inLanguage\":\"pt-BR\",\"potentialAction\":[{\"@type\":\"ReadAction\",\"target\":[\"https:\/\/jornalfatosenoticias.com.br\/index.php\/2021\/08\/31\/tratamento-com-tipo-de-luz-embutida-pode-ser-eficaz-para-casos-de-cancer\/\"]}]},{\"@type\":\"ImageObject\",\"inLanguage\":\"pt-BR\",\"@id\":\"https:\/\/jornalfatosenoticias.com.br\/index.php\/2021\/08\/31\/tratamento-com-tipo-de-luz-embutida-pode-ser-eficaz-para-casos-de-cancer\/#primaryimage\",\"url\":\"https:\/\/jornalfatosenoticias.com.br\/wp-content\/uploads\/2021\/08\/Celulas-T-cancer_shutterstock.jpg\",\"contentUrl\":\"https:\/\/jornalfatosenoticias.com.br\/wp-content\/uploads\/2021\/08\/Celulas-T-cancer_shutterstock.jpg\",\"width\":1000,\"height\":450},{\"@type\":\"BreadcrumbList\",\"@id\":\"https:\/\/jornalfatosenoticias.com.br\/index.php\/2021\/08\/31\/tratamento-com-tipo-de-luz-embutida-pode-ser-eficaz-para-casos-de-cancer\/#breadcrumb\",\"itemListElement\":[{\"@type\":\"ListItem\",\"position\":1,\"name\":\"In\u00edcio\",\"item\":\"https:\/\/jornalfatosenoticias.com.br\/\"},{\"@type\":\"ListItem\",\"position\":2,\"name\":\"Tratamento com tipo de luz embutida pode ser eficaz para casos de c\u00e2ncer\"}]},{\"@type\":\"WebSite\",\"@id\":\"https:\/\/jornalfatosenoticias.com.br\/#website\",\"url\":\"https:\/\/jornalfatosenoticias.com.br\/\",\"name\":\"Jornal Fatos e Not\u00edcias\",\"description\":\"Not\u00edcias em geral\",\"publisher\":{\"@id\":\"https:\/\/jornalfatosenoticias.com.br\/#organization\"},\"potentialAction\":[{\"@type\":\"SearchAction\",\"target\":{\"@type\":\"EntryPoint\",\"urlTemplate\":\"https:\/\/jornalfatosenoticias.com.br\/?s={search_term_string}\"},\"query-input\":{\"@type\":\"PropertyValueSpecification\",\"valueRequired\":true,\"valueName\":\"search_term_string\"}}],\"inLanguage\":\"pt-BR\"},{\"@type\":\"Organization\",\"@id\":\"https:\/\/jornalfatosenoticias.com.br\/#organization\",\"name\":\"Jornal Fatos e Not\u00edcias\",\"url\":\"https:\/\/jornalfatosenoticias.com.br\/\",\"logo\":{\"@type\":\"ImageObject\",\"inLanguage\":\"pt-BR\",\"@id\":\"https:\/\/jornalfatosenoticias.com.br\/#\/schema\/logo\/image\/\",\"url\":\"https:\/\/jornalfatosenoticias.com.br\/wp-content\/uploads\/2020\/02\/logo120.png\",\"contentUrl\":\"https:\/\/jornalfatosenoticias.com.br\/wp-content\/uploads\/2020\/02\/logo120.png\",\"width\":1227,\"height\":120,\"caption\":\"Jornal Fatos e Not\u00edcias\"},\"image\":{\"@id\":\"https:\/\/jornalfatosenoticias.com.br\/#\/schema\/logo\/image\/\"}},{\"@type\":\"Person\",\"@id\":\"https:\/\/jornalfatosenoticias.com.br\/#\/schema\/person\/d63837fa13ac8666eb9e74e0985d6f81\",\"name\":\"Luzimara Fernandes\",\"image\":{\"@type\":\"ImageObject\",\"inLanguage\":\"pt-BR\",\"@id\":\"https:\/\/jornalfatosenoticias.com.br\/#\/schema\/person\/image\/\",\"url\":\"https:\/\/jornalfatosenoticias.com.br\/wp-content\/uploads\/2025\/05\/EU_portal.jpg\",\"contentUrl\":\"https:\/\/jornalfatosenoticias.com.br\/wp-content\/uploads\/2025\/05\/EU_portal.jpg\",\"caption\":\"Luzimara Fernandes\"},\"description\":\"Jornalista MTB 2358-ES\",\"sameAs\":[\"https:\/\/jornalfatosenoticias.com.br\"],\"url\":\"https:\/\/jornalfatosenoticias.com.br\/index.php\/author\/luzimara\/\"}]}<\/script>\n<!-- \/ Yoast SEO plugin. -->","yoast_head_json":{"title":"Tratamento com tipo de luz embutida pode ser eficaz para casos de c\u00e2ncer - Jornal Fatos e Not\u00edcias","robots":{"index":"index","follow":"follow","max-snippet":"max-snippet:-1","max-image-preview":"max-image-preview:large","max-video-preview":"max-video-preview:-1"},"canonical":"https:\/\/jornalfatosenoticias.com.br\/index.php\/2021\/08\/31\/tratamento-com-tipo-de-luz-embutida-pode-ser-eficaz-para-casos-de-cancer\/","og_locale":"pt_BR","og_type":"article","og_title":"Tratamento com tipo de luz embutida pode ser eficaz para casos de c\u00e2ncer - Jornal Fatos e Not\u00edcias","og_description":"As terapias devem ser altamente eficazes e o mais isentas poss\u00edvel de efeitos colaterais, e isso \u00e9 um grande desafio, especialmente no caso de c\u00e2ncer. Uma equipe de pesquisa\u00a0chinesa desenvolveu uma nova forma de terapia fotodin\u00e2mica de tumor para o\u00a0tratamento de tumores profundos que funciona sem irradia\u00e7\u00e3o externa.A terapia fotodin\u00e2mica cl\u00e1ssica \u00e9 um tratamento n\u00e3o [&hellip;]","og_url":"https:\/\/jornalfatosenoticias.com.br\/index.php\/2021\/08\/31\/tratamento-com-tipo-de-luz-embutida-pode-ser-eficaz-para-casos-de-cancer\/","og_site_name":"Jornal Fatos e Not\u00edcias","article_published_time":"2021-08-31T20:01:42+00:00","article_modified_time":"2021-08-31T20:01:44+00:00","og_image":[{"width":1000,"height":450,"url":"https:\/\/jornalfatosenoticias.com.br\/wp-content\/uploads\/2021\/08\/Celulas-T-cancer_shutterstock.jpg","type":"image\/jpeg"}],"author":"Luzimara Fernandes","twitter_card":"summary_large_image","twitter_misc":{"Escrito por":"Luzimara Fernandes","Est. tempo de leitura":"2 minutos"},"schema":{"@context":"https:\/\/schema.org","@graph":[{"@type":"Article","@id":"https:\/\/jornalfatosenoticias.com.br\/index.php\/2021\/08\/31\/tratamento-com-tipo-de-luz-embutida-pode-ser-eficaz-para-casos-de-cancer\/#article","isPartOf":{"@id":"https:\/\/jornalfatosenoticias.com.br\/index.php\/2021\/08\/31\/tratamento-com-tipo-de-luz-embutida-pode-ser-eficaz-para-casos-de-cancer\/"},"author":{"name":"Luzimara Fernandes","@id":"https:\/\/jornalfatosenoticias.com.br\/#\/schema\/person\/d63837fa13ac8666eb9e74e0985d6f81"},"headline":"Tratamento com tipo de luz embutida pode ser eficaz para casos de c\u00e2ncer","datePublished":"2021-08-31T20:01:42+00:00","dateModified":"2021-08-31T20:01:44+00:00","mainEntityOfPage":{"@id":"https:\/\/jornalfatosenoticias.com.br\/index.php\/2021\/08\/31\/tratamento-com-tipo-de-luz-embutida-pode-ser-eficaz-para-casos-de-cancer\/"},"wordCount":486,"commentCount":0,"publisher":{"@id":"https:\/\/jornalfatosenoticias.com.br\/#organization"},"image":{"@id":"https:\/\/jornalfatosenoticias.com.br\/index.php\/2021\/08\/31\/tratamento-com-tipo-de-luz-embutida-pode-ser-eficaz-para-casos-de-cancer\/#primaryimage"},"thumbnailUrl":"https:\/\/jornalfatosenoticias.com.br\/wp-content\/uploads\/2021\/08\/Celulas-T-cancer_shutterstock.jpg","keywords":["c\u00e2ncer","nova droga","tratamento de tumores"],"articleSection":["Sa\u00fade"],"inLanguage":"pt-BR","potentialAction":[{"@type":"CommentAction","name":"Comment","target":["https:\/\/jornalfatosenoticias.com.br\/index.php\/2021\/08\/31\/tratamento-com-tipo-de-luz-embutida-pode-ser-eficaz-para-casos-de-cancer\/#respond"]}]},{"@type":"WebPage","@id":"https:\/\/jornalfatosenoticias.com.br\/index.php\/2021\/08\/31\/tratamento-com-tipo-de-luz-embutida-pode-ser-eficaz-para-casos-de-cancer\/","url":"https:\/\/jornalfatosenoticias.com.br\/index.php\/2021\/08\/31\/tratamento-com-tipo-de-luz-embutida-pode-ser-eficaz-para-casos-de-cancer\/","name":"Tratamento com tipo de luz embutida pode ser eficaz para casos de c\u00e2ncer - Jornal Fatos e Not\u00edcias","isPartOf":{"@id":"https:\/\/jornalfatosenoticias.com.br\/#website"},"primaryImageOfPage":{"@id":"https:\/\/jornalfatosenoticias.com.br\/index.php\/2021\/08\/31\/tratamento-com-tipo-de-luz-embutida-pode-ser-eficaz-para-casos-de-cancer\/#primaryimage"},"image":{"@id":"https:\/\/jornalfatosenoticias.com.br\/index.php\/2021\/08\/31\/tratamento-com-tipo-de-luz-embutida-pode-ser-eficaz-para-casos-de-cancer\/#primaryimage"},"thumbnailUrl":"https:\/\/jornalfatosenoticias.com.br\/wp-content\/uploads\/2021\/08\/Celulas-T-cancer_shutterstock.jpg","datePublished":"2021-08-31T20:01:42+00:00","dateModified":"2021-08-31T20:01:44+00:00","breadcrumb":{"@id":"https:\/\/jornalfatosenoticias.com.br\/index.php\/2021\/08\/31\/tratamento-com-tipo-de-luz-embutida-pode-ser-eficaz-para-casos-de-cancer\/#breadcrumb"},"inLanguage":"pt-BR","potentialAction":[{"@type":"ReadAction","target":["https:\/\/jornalfatosenoticias.com.br\/index.php\/2021\/08\/31\/tratamento-com-tipo-de-luz-embutida-pode-ser-eficaz-para-casos-de-cancer\/"]}]},{"@type":"ImageObject","inLanguage":"pt-BR","@id":"https:\/\/jornalfatosenoticias.com.br\/index.php\/2021\/08\/31\/tratamento-com-tipo-de-luz-embutida-pode-ser-eficaz-para-casos-de-cancer\/#primaryimage","url":"https:\/\/jornalfatosenoticias.com.br\/wp-content\/uploads\/2021\/08\/Celulas-T-cancer_shutterstock.jpg","contentUrl":"https:\/\/jornalfatosenoticias.com.br\/wp-content\/uploads\/2021\/08\/Celulas-T-cancer_shutterstock.jpg","width":1000,"height":450},{"@type":"BreadcrumbList","@id":"https:\/\/jornalfatosenoticias.com.br\/index.php\/2021\/08\/31\/tratamento-com-tipo-de-luz-embutida-pode-ser-eficaz-para-casos-de-cancer\/#breadcrumb","itemListElement":[{"@type":"ListItem","position":1,"name":"In\u00edcio","item":"https:\/\/jornalfatosenoticias.com.br\/"},{"@type":"ListItem","position":2,"name":"Tratamento com tipo de luz embutida pode ser eficaz para casos de c\u00e2ncer"}]},{"@type":"WebSite","@id":"https:\/\/jornalfatosenoticias.com.br\/#website","url":"https:\/\/jornalfatosenoticias.com.br\/","name":"Jornal Fatos e Not\u00edcias","description":"Not\u00edcias em geral","publisher":{"@id":"https:\/\/jornalfatosenoticias.com.br\/#organization"},"potentialAction":[{"@type":"SearchAction","target":{"@type":"EntryPoint","urlTemplate":"https:\/\/jornalfatosenoticias.com.br\/?s={search_term_string}"},"query-input":{"@type":"PropertyValueSpecification","valueRequired":true,"valueName":"search_term_string"}}],"inLanguage":"pt-BR"},{"@type":"Organization","@id":"https:\/\/jornalfatosenoticias.com.br\/#organization","name":"Jornal Fatos e Not\u00edcias","url":"https:\/\/jornalfatosenoticias.com.br\/","logo":{"@type":"ImageObject","inLanguage":"pt-BR","@id":"https:\/\/jornalfatosenoticias.com.br\/#\/schema\/logo\/image\/","url":"https:\/\/jornalfatosenoticias.com.br\/wp-content\/uploads\/2020\/02\/logo120.png","contentUrl":"https:\/\/jornalfatosenoticias.com.br\/wp-content\/uploads\/2020\/02\/logo120.png","width":1227,"height":120,"caption":"Jornal Fatos e Not\u00edcias"},"image":{"@id":"https:\/\/jornalfatosenoticias.com.br\/#\/schema\/logo\/image\/"}},{"@type":"Person","@id":"https:\/\/jornalfatosenoticias.com.br\/#\/schema\/person\/d63837fa13ac8666eb9e74e0985d6f81","name":"Luzimara Fernandes","image":{"@type":"ImageObject","inLanguage":"pt-BR","@id":"https:\/\/jornalfatosenoticias.com.br\/#\/schema\/person\/image\/","url":"https:\/\/jornalfatosenoticias.com.br\/wp-content\/uploads\/2025\/05\/EU_portal.jpg","contentUrl":"https:\/\/jornalfatosenoticias.com.br\/wp-content\/uploads\/2025\/05\/EU_portal.jpg","caption":"Luzimara Fernandes"},"description":"Jornalista MTB 2358-ES","sameAs":["https:\/\/jornalfatosenoticias.com.br"],"url":"https:\/\/jornalfatosenoticias.com.br\/index.php\/author\/luzimara\/"}]}},"cc_featured_image_caption":{"caption_text":"(Foto: Shutterstock) ","source_text":"","source_url":""},"jetpack_featured_media_url":"https:\/\/jornalfatosenoticias.com.br\/wp-content\/uploads\/2021\/08\/Celulas-T-cancer_shutterstock.jpg","_links":{"self":[{"href":"https:\/\/jornalfatosenoticias.com.br\/index.php\/wp-json\/wp\/v2\/posts\/22471","targetHints":{"allow":["GET"]}}],"collection":[{"href":"https:\/\/jornalfatosenoticias.com.br\/index.php\/wp-json\/wp\/v2\/posts"}],"about":[{"href":"https:\/\/jornalfatosenoticias.com.br\/index.php\/wp-json\/wp\/v2\/types\/post"}],"author":[{"embeddable":true,"href":"https:\/\/jornalfatosenoticias.com.br\/index.php\/wp-json\/wp\/v2\/users\/2"}],"replies":[{"embeddable":true,"href":"https:\/\/jornalfatosenoticias.com.br\/index.php\/wp-json\/wp\/v2\/comments?post=22471"}],"version-history":[{"count":0,"href":"https:\/\/jornalfatosenoticias.com.br\/index.php\/wp-json\/wp\/v2\/posts\/22471\/revisions"}],"wp:featuredmedia":[{"embeddable":true,"href":"https:\/\/jornalfatosenoticias.com.br\/index.php\/wp-json\/wp\/v2\/media\/22472"}],"wp:attachment":[{"href":"https:\/\/jornalfatosenoticias.com.br\/index.php\/wp-json\/wp\/v2\/media?parent=22471"}],"wp:term":[{"taxonomy":"category","embeddable":true,"href":"https:\/\/jornalfatosenoticias.com.br\/index.php\/wp-json\/wp\/v2\/categories?post=22471"},{"taxonomy":"post_tag","embeddable":true,"href":"https:\/\/jornalfatosenoticias.com.br\/index.php\/wp-json\/wp\/v2\/tags?post=22471"}],"curies":[{"name":"wp","href":"https:\/\/api.w.org\/{rel}","templated":true}]}}