{"id":22544,"date":"2021-09-02T16:38:48","date_gmt":"2021-09-02T19:38:48","guid":{"rendered":"https:\/\/jornalfatosenoticias.com.br\/?p=22544"},"modified":"2021-09-02T16:38:52","modified_gmt":"2021-09-02T19:38:52","slug":"atleta-mostra-que-e-possivel-comecar-na-corrida-aos-48-anos-e-chegar-a-um-alto-nivel-competitivo","status":"publish","type":"post","link":"https:\/\/jornalfatosenoticias.com.br\/index.php\/2021\/09\/02\/atleta-mostra-que-e-possivel-comecar-na-corrida-aos-48-anos-e-chegar-a-um-alto-nivel-competitivo\/","title":{"rendered":"Atleta mostra que \u00e9 poss\u00edvel come\u00e7ar na corrida aos 48 anos e chegar a um alto n\u00edvel competitivo"},"content":{"rendered":"\n<p><em><span class=\"has-inline-color has-luminous-vivid-orange-color\"><strong>Texto:<\/strong>\u00a0Fernando Moreira<\/span><\/em><\/p>\n\n\n\n<p>Maria Dalva da Costa Lucas, 57 anos, nascida em Parazinho, Rio Grande do Norte, veio para o Esp\u00edrito Santo h\u00e1 20 anos para trabalhar em casa de fam\u00edlia como cuidadora. Acabou se casando aqui e hoje mora em Jardim da Penha, Vit\u00f3ria.<br>Aos 48 anos, come\u00e7ou a praticar corrida e n\u00e3o parou mais. Nestes \u00faltimos 10 anos foram v\u00e1rios t\u00edtulos acumulados e os n\u00fameros n\u00e3o param de crescer, se orgulha Maria Dalva, ao mostrar todos os trof\u00e9us e medalhas conquistados com muito suor e dedica\u00e7\u00e3o.<br>\u201cCorrer me d\u00e1 um objetivo na vida, de buscar sempre melhorar no que fa\u00e7o, al\u00e9m disso, me faz estar com a sa\u00fade em dia, pois afeta a minha alimenta\u00e7\u00e3o e a minha rotina di\u00e1ria. Tenho meu trabalho e minhas tarefas, mas, ao mesmo tempo, vivo num ritmo de vida de atleta, preciso ter alimenta\u00e7\u00e3o saud\u00e1vel, treinar, fazer prepara\u00e7\u00e3o paralela aos treinos, e dividir meu tempo da melhor forma para me dedicar ao m\u00e1ximo \u00e0 corrida\u201d conta.<br>Nossa entrevistada relata que j\u00e1 fazia muita atividade f\u00edsica antes da corrida, jogava futebol de campo e de sal\u00e3o, handebol, v\u00f4lei e frescobol. \u201cNo in\u00edcio tinha medo de correr, mas achava bonito, me surpreendi, pois, logo nas primeiras corridas, comecei a pegar p\u00f3dio e decidi me dedicar para focar mais no esporte\u201d.<br>S\u00e3o mais de 60 trof\u00e9us de primeiro lugar em competi\u00e7\u00f5es na categoria geral, sem contar as diversas premia\u00e7\u00f5es por faixa et\u00e1ria. As corridas que a atleta disputa variam de dist\u00e2ncia entre 5 a 20 km e um dos t\u00edtulos que Dalva considera mais importantes \u00e9 o de campe\u00e3 na categoria geral da Corrida Capixaba das Montanhas \u2014 Etapa Matilde \u2014 7 Km. \u201cFoi uma prova muito dif\u00edcil, competitiva e desgastante, na categoria geral normalmente n\u00e3o se v\u00ea mulheres da minha idade no p\u00f3dio, fiquei muito orgulhosa pela conquista, e senti que os treinos deram resultado\u201d, afirma.<br>Normalmente, ela disputa tr\u00eas corridas por m\u00eas e os treinos dividem-se em t\u00e9cnico e f\u00edsico durante a semana, e no s\u00e1bado ainda faz um treinamento mais intenso, chamado de \u201clong\u00e3o\u201d, que serve para pegar mais resist\u00eancia em provas de maior dist\u00e2ncia. Toda esta agenda possui um custo, que acaba ficando quase todo por conta de Dalva.<\/p>\n\n\n\n<div class=\"wp-block-jetpack-slideshow aligncenter\" data-effect=\"slide\"><div class=\"wp-block-jetpack-slideshow_container swiper-container\"><ul class=\"wp-block-jetpack-slideshow_swiper-wrapper swiper-wrapper\"><li class=\"wp-block-jetpack-slideshow_slide swiper-slide\"><figure><img loading=\"lazy\" decoding=\"async\" width=\"1000\" height=\"461\" alt=\"\" class=\"wp-block-jetpack-slideshow_image wp-image-22545\" data-id=\"22545\" src=\"https:\/\/jornalfatosenoticias.com.br\/wp-content\/uploads\/2021\/09\/CORREDORA_MAT.-FERNANDO.jpg\" srcset=\"https:\/\/jornalfatosenoticias.com.br\/wp-content\/uploads\/2021\/09\/CORREDORA_MAT.-FERNANDO.jpg 1000w, https:\/\/jornalfatosenoticias.com.br\/wp-content\/uploads\/2021\/09\/CORREDORA_MAT.-FERNANDO-300x138.jpg 300w, https:\/\/jornalfatosenoticias.com.br\/wp-content\/uploads\/2021\/09\/CORREDORA_MAT.-FERNANDO-768x354.jpg 768w\" sizes=\"auto, (max-width: 1000px) 100vw, 1000px\" \/><figcaption class=\"wp-block-jetpack-slideshow_caption gallery-caption\">Dalva treinando (Foto: Arquivo Pessoal) <\/figcaption><\/figure><\/li><li class=\"wp-block-jetpack-slideshow_slide swiper-slide\"><figure><img loading=\"lazy\" decoding=\"async\" width=\"622\" height=\"1000\" alt=\"\" class=\"wp-block-jetpack-slideshow_image wp-image-22546\" data-id=\"22546\" src=\"https:\/\/jornalfatosenoticias.com.br\/wp-content\/uploads\/2021\/09\/MEDALHA_MAT.-FERNANDO.jpg\" srcset=\"https:\/\/jornalfatosenoticias.com.br\/wp-content\/uploads\/2021\/09\/MEDALHA_MAT.-FERNANDO.jpg 622w, https:\/\/jornalfatosenoticias.com.br\/wp-content\/uploads\/2021\/09\/MEDALHA_MAT.-FERNANDO-187x300.jpg 187w\" sizes=\"auto, (max-width: 622px) 100vw, 622px\" \/><figcaption class=\"wp-block-jetpack-slideshow_caption gallery-caption\">Medalhas conquistadas por Dalva (Foto: Arquivo Pessoal)<\/figcaption><\/figure><\/li><\/ul><a class=\"wp-block-jetpack-slideshow_button-prev swiper-button-prev swiper-button-white\" role=\"button\"><\/a><a class=\"wp-block-jetpack-slideshow_button-next swiper-button-next swiper-button-white\" role=\"button\"><\/a><a aria-label=\"Pause Slideshow\" class=\"wp-block-jetpack-slideshow_button-pause\" role=\"button\"><\/a><div class=\"wp-block-jetpack-slideshow_pagination swiper-pagination swiper-pagination-white\"><\/div><\/div><\/div>\n\n\n\n<blockquote class=\"wp-block-quote is-layout-flow wp-block-quote-is-layout-flow\"><p><span class=\"has-inline-color has-luminous-vivid-orange-color\">\u201cSem um patroc\u00ednio \u00e9 muito dif\u00edcil continuar, eu trabalho em casa de fam\u00edlia e ainda vendo bolos para fazer uma renda extra. Os custos ficam 90% por minha conta, recebo ajuda de alguns conhecidos, mas tenho que complementar com meu pr\u00f3prio bolso, s\u00e3o despesas com t\u00eanis, alimenta\u00e7\u00e3o, transporte, academia e tudo o que um atleta precisa\u201d, explica.<\/span><\/p><\/blockquote>\n\n\n\n<p>Dalva conta que tem um sonho de disputar uma corrida fora do Brasil. \u201cAcho que posso conseguir isso ainda, s\u00f3 preciso mesmo \u00e9 de incentivo financeiro, posso divulgar a marca de uma grande empresa nas roupas que uso nas corridas e nas fotos que tiro no p\u00f3dio nas minhas redes sociais, bem como citar o nome do patrocinador nas entrevistas publicadas, al\u00e9m disso, as empresas podem deduzir os valores de patroc\u00ednio em sua declara\u00e7\u00e3o de impostos, \u00e9 uma rela\u00e7\u00e3o onde todos saem ganhando\u201d, conclui.<\/p>\n\n\n\n<div class=\"wp-block-jetpack-slideshow aligncenter\" data-effect=\"slide\"><div class=\"wp-block-jetpack-slideshow_container swiper-container\"><ul class=\"wp-block-jetpack-slideshow_swiper-wrapper swiper-wrapper\"><li class=\"wp-block-jetpack-slideshow_slide swiper-slide\"><figure><img loading=\"lazy\" decoding=\"async\" width=\"771\" height=\"1000\" alt=\"\" class=\"wp-block-jetpack-slideshow_image wp-image-22547\" data-id=\"22547\" src=\"https:\/\/jornalfatosenoticias.com.br\/wp-content\/uploads\/2021\/09\/ATLETA_MAT.-FERNANDO.jpg\" srcset=\"https:\/\/jornalfatosenoticias.com.br\/wp-content\/uploads\/2021\/09\/ATLETA_MAT.-FERNANDO.jpg 771w, https:\/\/jornalfatosenoticias.com.br\/wp-content\/uploads\/2021\/09\/ATLETA_MAT.-FERNANDO-231x300.jpg 231w, https:\/\/jornalfatosenoticias.com.br\/wp-content\/uploads\/2021\/09\/ATLETA_MAT.-FERNANDO-768x996.jpg 768w\" sizes=\"auto, (max-width: 771px) 100vw, 771px\" \/><figcaption class=\"wp-block-jetpack-slideshow_caption gallery-caption\">Dalva no terceiro lugar do p\u00f3dio (Foto: Arquivo Pessoal) <\/figcaption><\/figure><\/li><li class=\"wp-block-jetpack-slideshow_slide swiper-slide\"><figure><img loading=\"lazy\" decoding=\"async\" width=\"577\" height=\"1000\" alt=\"\" class=\"wp-block-jetpack-slideshow_image wp-image-22548\" data-id=\"22548\" src=\"https:\/\/jornalfatosenoticias.com.br\/wp-content\/uploads\/2021\/09\/MEDALHAS_MAT.-FERNANDO.jpg\" srcset=\"https:\/\/jornalfatosenoticias.com.br\/wp-content\/uploads\/2021\/09\/MEDALHAS_MAT.-FERNANDO.jpg 577w, https:\/\/jornalfatosenoticias.com.br\/wp-content\/uploads\/2021\/09\/MEDALHAS_MAT.-FERNANDO-173x300.jpg 173w\" sizes=\"auto, (max-width: 577px) 100vw, 577px\" \/><figcaption class=\"wp-block-jetpack-slideshow_caption gallery-caption\">Medalhas conquistadas por Dalva (Foto: Arquivo Pessoal)<\/figcaption><\/figure><\/li><\/ul><a class=\"wp-block-jetpack-slideshow_button-prev swiper-button-prev swiper-button-white\" role=\"button\"><\/a><a class=\"wp-block-jetpack-slideshow_button-next swiper-button-next swiper-button-white\" role=\"button\"><\/a><a aria-label=\"Pause Slideshow\" class=\"wp-block-jetpack-slideshow_button-pause\" role=\"button\"><\/a><div class=\"wp-block-jetpack-slideshow_pagination swiper-pagination swiper-pagination-white\"><\/div><\/div><\/div>\n\n\n\n<p>Essa hist\u00f3ria reflete mais uma vez a falta de incentivo ao esporte, mais uma atleta que faz, por amor, todo esfor\u00e7o necess\u00e1rio para continuar competindo, evoluindo e se dedicando aos treinos diariamente para buscar estar entre as melhores. Os ganhos com isso aparecem por consequ\u00eancia, mesmo n\u00e3o obtendo o primeiro lugar, cada competi\u00e7\u00e3o ensina e todo o tempo investido vale a pena, os reflexos v\u00eam na sa\u00fade e no bem-estar e em tantos benef\u00edcios que mostram o verdadeiro valor do esporte na vida.<br>No pr\u00f3ximo domingo, 05 de setembro, j\u00e1 tem mais corrida, Dalva ir\u00e1 participar da Meia-Maratona de Anchieta, ser\u00e3o 21 Km de muito foco e vontade de vencer. Os resultados das competi\u00e7\u00f5es e contato com a atleta podem ser feitos atrav\u00e9s de seu perfil na rede social Instagram: <a href=\"https:\/\/www.instagram.com\/dalvadacosta\/\">@dalvadacosta<\/a>.<\/p>\n\n\n\n<div class=\"wp-block-image is-style-default\"><figure class=\"alignleft size-large is-resized\"><img loading=\"lazy\" decoding=\"async\" src=\"https:\/\/jornalfatosenoticias.com.br\/wp-content\/uploads\/2021\/07\/FERNANDO_ENTREVISTADOR_WEVERTON-removebg-preview.png\" alt=\"\" class=\"wp-image-20093\" width=\"229\" height=\"316\"\/><figcaption><em><span class=\"has-inline-color has-black-color\"><strong>Fernando Moreira<br><\/strong>Analista de Sistemas, Bacharel em Psicologia<br>e P\u00f3s-graduado em Neuropsicologia<\/span><\/em><\/figcaption><\/figure><\/div>\n","protected":false},"excerpt":{"rendered":"<p>Texto:\u00a0Fernando Moreira Maria Dalva da Costa Lucas, 57 anos, nascida em Parazinho, Rio Grande do Norte, veio para o Esp\u00edrito Santo h\u00e1 20 anos para trabalhar em casa de fam\u00edlia como cuidadora. Acabou se casando aqui e hoje mora em Jardim da Penha, Vit\u00f3ria.Aos 48 anos, come\u00e7ou a praticar corrida e n\u00e3o parou mais. Nestes [&hellip;]<\/p>\n","protected":false},"author":2,"featured_media":22549,"comment_status":"open","ping_status":"open","sticky":false,"template":"","format":"standard","meta":{"footnotes":""},"categories":[12],"tags":[3636,4045,11007,3611,11006],"class_list":["post-22544","post","type-post","status-publish","format-standard","has-post-thumbnail","hentry","category-esportes","tag-atletismo","tag-competicao","tag-competitividade","tag-corrida","tag-maria-dalva-da-costa-lucas"],"yoast_head":"<!-- This site is optimized with the Yoast SEO plugin v26.5 - https:\/\/yoast.com\/wordpress\/plugins\/seo\/ -->\n<title>Atleta mostra que \u00e9 poss\u00edvel come\u00e7ar na corrida aos 48 anos e chegar a um alto n\u00edvel competitivo - Jornal Fatos e Not\u00edcias<\/title>\n<meta name=\"robots\" content=\"index, follow, max-snippet:-1, max-image-preview:large, max-video-preview:-1\" \/>\n<link rel=\"canonical\" href=\"https:\/\/jornalfatosenoticias.com.br\/index.php\/2021\/09\/02\/atleta-mostra-que-e-possivel-comecar-na-corrida-aos-48-anos-e-chegar-a-um-alto-nivel-competitivo\/\" \/>\n<meta property=\"og:locale\" content=\"pt_BR\" \/>\n<meta property=\"og:type\" content=\"article\" \/>\n<meta property=\"og:title\" content=\"Atleta mostra que \u00e9 poss\u00edvel come\u00e7ar na corrida aos 48 anos e chegar a um alto n\u00edvel competitivo - Jornal Fatos e Not\u00edcias\" \/>\n<meta property=\"og:description\" content=\"Texto:\u00a0Fernando Moreira Maria Dalva da Costa Lucas, 57 anos, nascida em Parazinho, Rio Grande do Norte, veio para o Esp\u00edrito Santo h\u00e1 20 anos para trabalhar em casa de fam\u00edlia como cuidadora. Acabou se casando aqui e hoje mora em Jardim da Penha, Vit\u00f3ria.Aos 48 anos, come\u00e7ou a praticar corrida e n\u00e3o parou mais. Nestes [&hellip;]\" \/>\n<meta property=\"og:url\" content=\"https:\/\/jornalfatosenoticias.com.br\/index.php\/2021\/09\/02\/atleta-mostra-que-e-possivel-comecar-na-corrida-aos-48-anos-e-chegar-a-um-alto-nivel-competitivo\/\" \/>\n<meta property=\"og:site_name\" content=\"Jornal Fatos e Not\u00edcias\" \/>\n<meta property=\"article:published_time\" content=\"2021-09-02T19:38:48+00:00\" \/>\n<meta property=\"article:modified_time\" content=\"2021-09-02T19:38:52+00:00\" \/>\n<meta property=\"og:image\" content=\"https:\/\/jornalfatosenoticias.com.br\/wp-content\/uploads\/2021\/09\/dalva.jpg\" \/>\n\t<meta property=\"og:image:width\" content=\"1000\" \/>\n\t<meta property=\"og:image:height\" content=\"714\" \/>\n\t<meta property=\"og:image:type\" content=\"image\/jpeg\" \/>\n<meta name=\"author\" content=\"Luzimara Fernandes\" \/>\n<meta name=\"twitter:card\" content=\"summary_large_image\" \/>\n<meta name=\"twitter:label1\" content=\"Escrito por\" \/>\n\t<meta name=\"twitter:data1\" content=\"Luzimara Fernandes\" \/>\n\t<meta name=\"twitter:label2\" content=\"Est. tempo de leitura\" \/>\n\t<meta name=\"twitter:data2\" content=\"4 minutos\" \/>\n<script type=\"application\/ld+json\" class=\"yoast-schema-graph\">{\"@context\":\"https:\/\/schema.org\",\"@graph\":[{\"@type\":\"Article\",\"@id\":\"https:\/\/jornalfatosenoticias.com.br\/index.php\/2021\/09\/02\/atleta-mostra-que-e-possivel-comecar-na-corrida-aos-48-anos-e-chegar-a-um-alto-nivel-competitivo\/#article\",\"isPartOf\":{\"@id\":\"https:\/\/jornalfatosenoticias.com.br\/index.php\/2021\/09\/02\/atleta-mostra-que-e-possivel-comecar-na-corrida-aos-48-anos-e-chegar-a-um-alto-nivel-competitivo\/\"},\"author\":{\"name\":\"Luzimara Fernandes\",\"@id\":\"https:\/\/jornalfatosenoticias.com.br\/#\/schema\/person\/d63837fa13ac8666eb9e74e0985d6f81\"},\"headline\":\"Atleta mostra que \u00e9 poss\u00edvel come\u00e7ar na corrida aos 48 anos e chegar a um alto n\u00edvel competitivo\",\"datePublished\":\"2021-09-02T19:38:48+00:00\",\"dateModified\":\"2021-09-02T19:38:52+00:00\",\"mainEntityOfPage\":{\"@id\":\"https:\/\/jornalfatosenoticias.com.br\/index.php\/2021\/09\/02\/atleta-mostra-que-e-possivel-comecar-na-corrida-aos-48-anos-e-chegar-a-um-alto-nivel-competitivo\/\"},\"wordCount\":750,\"commentCount\":0,\"publisher\":{\"@id\":\"https:\/\/jornalfatosenoticias.com.br\/#organization\"},\"image\":{\"@id\":\"https:\/\/jornalfatosenoticias.com.br\/index.php\/2021\/09\/02\/atleta-mostra-que-e-possivel-comecar-na-corrida-aos-48-anos-e-chegar-a-um-alto-nivel-competitivo\/#primaryimage\"},\"thumbnailUrl\":\"https:\/\/jornalfatosenoticias.com.br\/wp-content\/uploads\/2021\/09\/dalva.jpg\",\"keywords\":[\"atletismo\",\"competi\u00e7\u00e3o\",\"competitividade\",\"corrida\",\"Maria Dalva da Costa Lucas\"],\"articleSection\":[\"Esportes\"],\"inLanguage\":\"pt-BR\",\"potentialAction\":[{\"@type\":\"CommentAction\",\"name\":\"Comment\",\"target\":[\"https:\/\/jornalfatosenoticias.com.br\/index.php\/2021\/09\/02\/atleta-mostra-que-e-possivel-comecar-na-corrida-aos-48-anos-e-chegar-a-um-alto-nivel-competitivo\/#respond\"]}]},{\"@type\":\"WebPage\",\"@id\":\"https:\/\/jornalfatosenoticias.com.br\/index.php\/2021\/09\/02\/atleta-mostra-que-e-possivel-comecar-na-corrida-aos-48-anos-e-chegar-a-um-alto-nivel-competitivo\/\",\"url\":\"https:\/\/jornalfatosenoticias.com.br\/index.php\/2021\/09\/02\/atleta-mostra-que-e-possivel-comecar-na-corrida-aos-48-anos-e-chegar-a-um-alto-nivel-competitivo\/\",\"name\":\"Atleta mostra que \u00e9 poss\u00edvel come\u00e7ar na corrida aos 48 anos e chegar a um alto n\u00edvel competitivo - Jornal Fatos e Not\u00edcias\",\"isPartOf\":{\"@id\":\"https:\/\/jornalfatosenoticias.com.br\/#website\"},\"primaryImageOfPage\":{\"@id\":\"https:\/\/jornalfatosenoticias.com.br\/index.php\/2021\/09\/02\/atleta-mostra-que-e-possivel-comecar-na-corrida-aos-48-anos-e-chegar-a-um-alto-nivel-competitivo\/#primaryimage\"},\"image\":{\"@id\":\"https:\/\/jornalfatosenoticias.com.br\/index.php\/2021\/09\/02\/atleta-mostra-que-e-possivel-comecar-na-corrida-aos-48-anos-e-chegar-a-um-alto-nivel-competitivo\/#primaryimage\"},\"thumbnailUrl\":\"https:\/\/jornalfatosenoticias.com.br\/wp-content\/uploads\/2021\/09\/dalva.jpg\",\"datePublished\":\"2021-09-02T19:38:48+00:00\",\"dateModified\":\"2021-09-02T19:38:52+00:00\",\"breadcrumb\":{\"@id\":\"https:\/\/jornalfatosenoticias.com.br\/index.php\/2021\/09\/02\/atleta-mostra-que-e-possivel-comecar-na-corrida-aos-48-anos-e-chegar-a-um-alto-nivel-competitivo\/#breadcrumb\"},\"inLanguage\":\"pt-BR\",\"potentialAction\":[{\"@type\":\"ReadAction\",\"target\":[\"https:\/\/jornalfatosenoticias.com.br\/index.php\/2021\/09\/02\/atleta-mostra-que-e-possivel-comecar-na-corrida-aos-48-anos-e-chegar-a-um-alto-nivel-competitivo\/\"]}]},{\"@type\":\"ImageObject\",\"inLanguage\":\"pt-BR\",\"@id\":\"https:\/\/jornalfatosenoticias.com.br\/index.php\/2021\/09\/02\/atleta-mostra-que-e-possivel-comecar-na-corrida-aos-48-anos-e-chegar-a-um-alto-nivel-competitivo\/#primaryimage\",\"url\":\"https:\/\/jornalfatosenoticias.com.br\/wp-content\/uploads\/2021\/09\/dalva.jpg\",\"contentUrl\":\"https:\/\/jornalfatosenoticias.com.br\/wp-content\/uploads\/2021\/09\/dalva.jpg\",\"width\":1000,\"height\":714},{\"@type\":\"BreadcrumbList\",\"@id\":\"https:\/\/jornalfatosenoticias.com.br\/index.php\/2021\/09\/02\/atleta-mostra-que-e-possivel-comecar-na-corrida-aos-48-anos-e-chegar-a-um-alto-nivel-competitivo\/#breadcrumb\",\"itemListElement\":[{\"@type\":\"ListItem\",\"position\":1,\"name\":\"In\u00edcio\",\"item\":\"https:\/\/jornalfatosenoticias.com.br\/\"},{\"@type\":\"ListItem\",\"position\":2,\"name\":\"Atleta mostra que \u00e9 poss\u00edvel come\u00e7ar na corrida aos 48 anos e chegar a um alto n\u00edvel competitivo\"}]},{\"@type\":\"WebSite\",\"@id\":\"https:\/\/jornalfatosenoticias.com.br\/#website\",\"url\":\"https:\/\/jornalfatosenoticias.com.br\/\",\"name\":\"Jornal Fatos e Not\u00edcias\",\"description\":\"Not\u00edcias em geral\",\"publisher\":{\"@id\":\"https:\/\/jornalfatosenoticias.com.br\/#organization\"},\"potentialAction\":[{\"@type\":\"SearchAction\",\"target\":{\"@type\":\"EntryPoint\",\"urlTemplate\":\"https:\/\/jornalfatosenoticias.com.br\/?s={search_term_string}\"},\"query-input\":{\"@type\":\"PropertyValueSpecification\",\"valueRequired\":true,\"valueName\":\"search_term_string\"}}],\"inLanguage\":\"pt-BR\"},{\"@type\":\"Organization\",\"@id\":\"https:\/\/jornalfatosenoticias.com.br\/#organization\",\"name\":\"Jornal Fatos e Not\u00edcias\",\"url\":\"https:\/\/jornalfatosenoticias.com.br\/\",\"logo\":{\"@type\":\"ImageObject\",\"inLanguage\":\"pt-BR\",\"@id\":\"https:\/\/jornalfatosenoticias.com.br\/#\/schema\/logo\/image\/\",\"url\":\"https:\/\/jornalfatosenoticias.com.br\/wp-content\/uploads\/2020\/02\/logo120.png\",\"contentUrl\":\"https:\/\/jornalfatosenoticias.com.br\/wp-content\/uploads\/2020\/02\/logo120.png\",\"width\":1227,\"height\":120,\"caption\":\"Jornal Fatos e Not\u00edcias\"},\"image\":{\"@id\":\"https:\/\/jornalfatosenoticias.com.br\/#\/schema\/logo\/image\/\"}},{\"@type\":\"Person\",\"@id\":\"https:\/\/jornalfatosenoticias.com.br\/#\/schema\/person\/d63837fa13ac8666eb9e74e0985d6f81\",\"name\":\"Luzimara Fernandes\",\"image\":{\"@type\":\"ImageObject\",\"inLanguage\":\"pt-BR\",\"@id\":\"https:\/\/jornalfatosenoticias.com.br\/#\/schema\/person\/image\/\",\"url\":\"https:\/\/jornalfatosenoticias.com.br\/wp-content\/uploads\/2025\/05\/EU_portal.jpg\",\"contentUrl\":\"https:\/\/jornalfatosenoticias.com.br\/wp-content\/uploads\/2025\/05\/EU_portal.jpg\",\"caption\":\"Luzimara Fernandes\"},\"description\":\"Jornalista MTB 2358-ES\",\"sameAs\":[\"https:\/\/jornalfatosenoticias.com.br\"],\"url\":\"https:\/\/jornalfatosenoticias.com.br\/index.php\/author\/luzimara\/\"}]}<\/script>\n<!-- \/ Yoast SEO plugin. -->","yoast_head_json":{"title":"Atleta mostra que \u00e9 poss\u00edvel come\u00e7ar na corrida aos 48 anos e chegar a um alto n\u00edvel competitivo - Jornal Fatos e Not\u00edcias","robots":{"index":"index","follow":"follow","max-snippet":"max-snippet:-1","max-image-preview":"max-image-preview:large","max-video-preview":"max-video-preview:-1"},"canonical":"https:\/\/jornalfatosenoticias.com.br\/index.php\/2021\/09\/02\/atleta-mostra-que-e-possivel-comecar-na-corrida-aos-48-anos-e-chegar-a-um-alto-nivel-competitivo\/","og_locale":"pt_BR","og_type":"article","og_title":"Atleta mostra que \u00e9 poss\u00edvel come\u00e7ar na corrida aos 48 anos e chegar a um alto n\u00edvel competitivo - Jornal Fatos e Not\u00edcias","og_description":"Texto:\u00a0Fernando Moreira Maria Dalva da Costa Lucas, 57 anos, nascida em Parazinho, Rio Grande do Norte, veio para o Esp\u00edrito Santo h\u00e1 20 anos para trabalhar em casa de fam\u00edlia como cuidadora. Acabou se casando aqui e hoje mora em Jardim da Penha, Vit\u00f3ria.Aos 48 anos, come\u00e7ou a praticar corrida e n\u00e3o parou mais. Nestes [&hellip;]","og_url":"https:\/\/jornalfatosenoticias.com.br\/index.php\/2021\/09\/02\/atleta-mostra-que-e-possivel-comecar-na-corrida-aos-48-anos-e-chegar-a-um-alto-nivel-competitivo\/","og_site_name":"Jornal Fatos e Not\u00edcias","article_published_time":"2021-09-02T19:38:48+00:00","article_modified_time":"2021-09-02T19:38:52+00:00","og_image":[{"width":1000,"height":714,"url":"https:\/\/jornalfatosenoticias.com.br\/wp-content\/uploads\/2021\/09\/dalva.jpg","type":"image\/jpeg"}],"author":"Luzimara Fernandes","twitter_card":"summary_large_image","twitter_misc":{"Escrito por":"Luzimara Fernandes","Est. tempo de leitura":"4 minutos"},"schema":{"@context":"https:\/\/schema.org","@graph":[{"@type":"Article","@id":"https:\/\/jornalfatosenoticias.com.br\/index.php\/2021\/09\/02\/atleta-mostra-que-e-possivel-comecar-na-corrida-aos-48-anos-e-chegar-a-um-alto-nivel-competitivo\/#article","isPartOf":{"@id":"https:\/\/jornalfatosenoticias.com.br\/index.php\/2021\/09\/02\/atleta-mostra-que-e-possivel-comecar-na-corrida-aos-48-anos-e-chegar-a-um-alto-nivel-competitivo\/"},"author":{"name":"Luzimara Fernandes","@id":"https:\/\/jornalfatosenoticias.com.br\/#\/schema\/person\/d63837fa13ac8666eb9e74e0985d6f81"},"headline":"Atleta mostra que \u00e9 poss\u00edvel come\u00e7ar na corrida aos 48 anos e chegar a um alto n\u00edvel competitivo","datePublished":"2021-09-02T19:38:48+00:00","dateModified":"2021-09-02T19:38:52+00:00","mainEntityOfPage":{"@id":"https:\/\/jornalfatosenoticias.com.br\/index.php\/2021\/09\/02\/atleta-mostra-que-e-possivel-comecar-na-corrida-aos-48-anos-e-chegar-a-um-alto-nivel-competitivo\/"},"wordCount":750,"commentCount":0,"publisher":{"@id":"https:\/\/jornalfatosenoticias.com.br\/#organization"},"image":{"@id":"https:\/\/jornalfatosenoticias.com.br\/index.php\/2021\/09\/02\/atleta-mostra-que-e-possivel-comecar-na-corrida-aos-48-anos-e-chegar-a-um-alto-nivel-competitivo\/#primaryimage"},"thumbnailUrl":"https:\/\/jornalfatosenoticias.com.br\/wp-content\/uploads\/2021\/09\/dalva.jpg","keywords":["atletismo","competi\u00e7\u00e3o","competitividade","corrida","Maria Dalva da Costa Lucas"],"articleSection":["Esportes"],"inLanguage":"pt-BR","potentialAction":[{"@type":"CommentAction","name":"Comment","target":["https:\/\/jornalfatosenoticias.com.br\/index.php\/2021\/09\/02\/atleta-mostra-que-e-possivel-comecar-na-corrida-aos-48-anos-e-chegar-a-um-alto-nivel-competitivo\/#respond"]}]},{"@type":"WebPage","@id":"https:\/\/jornalfatosenoticias.com.br\/index.php\/2021\/09\/02\/atleta-mostra-que-e-possivel-comecar-na-corrida-aos-48-anos-e-chegar-a-um-alto-nivel-competitivo\/","url":"https:\/\/jornalfatosenoticias.com.br\/index.php\/2021\/09\/02\/atleta-mostra-que-e-possivel-comecar-na-corrida-aos-48-anos-e-chegar-a-um-alto-nivel-competitivo\/","name":"Atleta mostra que \u00e9 poss\u00edvel come\u00e7ar na corrida aos 48 anos e chegar a um alto n\u00edvel competitivo - Jornal Fatos e Not\u00edcias","isPartOf":{"@id":"https:\/\/jornalfatosenoticias.com.br\/#website"},"primaryImageOfPage":{"@id":"https:\/\/jornalfatosenoticias.com.br\/index.php\/2021\/09\/02\/atleta-mostra-que-e-possivel-comecar-na-corrida-aos-48-anos-e-chegar-a-um-alto-nivel-competitivo\/#primaryimage"},"image":{"@id":"https:\/\/jornalfatosenoticias.com.br\/index.php\/2021\/09\/02\/atleta-mostra-que-e-possivel-comecar-na-corrida-aos-48-anos-e-chegar-a-um-alto-nivel-competitivo\/#primaryimage"},"thumbnailUrl":"https:\/\/jornalfatosenoticias.com.br\/wp-content\/uploads\/2021\/09\/dalva.jpg","datePublished":"2021-09-02T19:38:48+00:00","dateModified":"2021-09-02T19:38:52+00:00","breadcrumb":{"@id":"https:\/\/jornalfatosenoticias.com.br\/index.php\/2021\/09\/02\/atleta-mostra-que-e-possivel-comecar-na-corrida-aos-48-anos-e-chegar-a-um-alto-nivel-competitivo\/#breadcrumb"},"inLanguage":"pt-BR","potentialAction":[{"@type":"ReadAction","target":["https:\/\/jornalfatosenoticias.com.br\/index.php\/2021\/09\/02\/atleta-mostra-que-e-possivel-comecar-na-corrida-aos-48-anos-e-chegar-a-um-alto-nivel-competitivo\/"]}]},{"@type":"ImageObject","inLanguage":"pt-BR","@id":"https:\/\/jornalfatosenoticias.com.br\/index.php\/2021\/09\/02\/atleta-mostra-que-e-possivel-comecar-na-corrida-aos-48-anos-e-chegar-a-um-alto-nivel-competitivo\/#primaryimage","url":"https:\/\/jornalfatosenoticias.com.br\/wp-content\/uploads\/2021\/09\/dalva.jpg","contentUrl":"https:\/\/jornalfatosenoticias.com.br\/wp-content\/uploads\/2021\/09\/dalva.jpg","width":1000,"height":714},{"@type":"BreadcrumbList","@id":"https:\/\/jornalfatosenoticias.com.br\/index.php\/2021\/09\/02\/atleta-mostra-que-e-possivel-comecar-na-corrida-aos-48-anos-e-chegar-a-um-alto-nivel-competitivo\/#breadcrumb","itemListElement":[{"@type":"ListItem","position":1,"name":"In\u00edcio","item":"https:\/\/jornalfatosenoticias.com.br\/"},{"@type":"ListItem","position":2,"name":"Atleta mostra que \u00e9 poss\u00edvel come\u00e7ar na corrida aos 48 anos e chegar a um alto n\u00edvel competitivo"}]},{"@type":"WebSite","@id":"https:\/\/jornalfatosenoticias.com.br\/#website","url":"https:\/\/jornalfatosenoticias.com.br\/","name":"Jornal Fatos e Not\u00edcias","description":"Not\u00edcias em geral","publisher":{"@id":"https:\/\/jornalfatosenoticias.com.br\/#organization"},"potentialAction":[{"@type":"SearchAction","target":{"@type":"EntryPoint","urlTemplate":"https:\/\/jornalfatosenoticias.com.br\/?s={search_term_string}"},"query-input":{"@type":"PropertyValueSpecification","valueRequired":true,"valueName":"search_term_string"}}],"inLanguage":"pt-BR"},{"@type":"Organization","@id":"https:\/\/jornalfatosenoticias.com.br\/#organization","name":"Jornal Fatos e Not\u00edcias","url":"https:\/\/jornalfatosenoticias.com.br\/","logo":{"@type":"ImageObject","inLanguage":"pt-BR","@id":"https:\/\/jornalfatosenoticias.com.br\/#\/schema\/logo\/image\/","url":"https:\/\/jornalfatosenoticias.com.br\/wp-content\/uploads\/2020\/02\/logo120.png","contentUrl":"https:\/\/jornalfatosenoticias.com.br\/wp-content\/uploads\/2020\/02\/logo120.png","width":1227,"height":120,"caption":"Jornal Fatos e Not\u00edcias"},"image":{"@id":"https:\/\/jornalfatosenoticias.com.br\/#\/schema\/logo\/image\/"}},{"@type":"Person","@id":"https:\/\/jornalfatosenoticias.com.br\/#\/schema\/person\/d63837fa13ac8666eb9e74e0985d6f81","name":"Luzimara Fernandes","image":{"@type":"ImageObject","inLanguage":"pt-BR","@id":"https:\/\/jornalfatosenoticias.com.br\/#\/schema\/person\/image\/","url":"https:\/\/jornalfatosenoticias.com.br\/wp-content\/uploads\/2025\/05\/EU_portal.jpg","contentUrl":"https:\/\/jornalfatosenoticias.com.br\/wp-content\/uploads\/2025\/05\/EU_portal.jpg","caption":"Luzimara Fernandes"},"description":"Jornalista MTB 2358-ES","sameAs":["https:\/\/jornalfatosenoticias.com.br"],"url":"https:\/\/jornalfatosenoticias.com.br\/index.php\/author\/luzimara\/"}]}},"cc_featured_image_caption":{"caption_text":"(Foto: Reprodu\u00e7\u00e3o Instagram)","source_text":"","source_url":""},"jetpack_featured_media_url":"https:\/\/jornalfatosenoticias.com.br\/wp-content\/uploads\/2021\/09\/dalva.jpg","_links":{"self":[{"href":"https:\/\/jornalfatosenoticias.com.br\/index.php\/wp-json\/wp\/v2\/posts\/22544","targetHints":{"allow":["GET"]}}],"collection":[{"href":"https:\/\/jornalfatosenoticias.com.br\/index.php\/wp-json\/wp\/v2\/posts"}],"about":[{"href":"https:\/\/jornalfatosenoticias.com.br\/index.php\/wp-json\/wp\/v2\/types\/post"}],"author":[{"embeddable":true,"href":"https:\/\/jornalfatosenoticias.com.br\/index.php\/wp-json\/wp\/v2\/users\/2"}],"replies":[{"embeddable":true,"href":"https:\/\/jornalfatosenoticias.com.br\/index.php\/wp-json\/wp\/v2\/comments?post=22544"}],"version-history":[{"count":0,"href":"https:\/\/jornalfatosenoticias.com.br\/index.php\/wp-json\/wp\/v2\/posts\/22544\/revisions"}],"wp:featuredmedia":[{"embeddable":true,"href":"https:\/\/jornalfatosenoticias.com.br\/index.php\/wp-json\/wp\/v2\/media\/22549"}],"wp:attachment":[{"href":"https:\/\/jornalfatosenoticias.com.br\/index.php\/wp-json\/wp\/v2\/media?parent=22544"}],"wp:term":[{"taxonomy":"category","embeddable":true,"href":"https:\/\/jornalfatosenoticias.com.br\/index.php\/wp-json\/wp\/v2\/categories?post=22544"},{"taxonomy":"post_tag","embeddable":true,"href":"https:\/\/jornalfatosenoticias.com.br\/index.php\/wp-json\/wp\/v2\/tags?post=22544"}],"curies":[{"name":"wp","href":"https:\/\/api.w.org\/{rel}","templated":true}]}}