{"id":22563,"date":"2021-09-02T17:14:34","date_gmt":"2021-09-02T20:14:34","guid":{"rendered":"https:\/\/jornalfatosenoticias.com.br\/?p=22563"},"modified":"2021-09-02T17:14:36","modified_gmt":"2021-09-02T20:14:36","slug":"especie-de-lagarto-descoberta-no-peru-levou-sete-anos-para-ser-descrita","status":"publish","type":"post","link":"https:\/\/jornalfatosenoticias.com.br\/index.php\/2021\/09\/02\/especie-de-lagarto-descoberta-no-peru-levou-sete-anos-para-ser-descrita\/","title":{"rendered":"Esp\u00e9cie de lagarto descoberta no Peru levou sete anos para ser descrita"},"content":{"rendered":"\n<p><em><span class=\"has-inline-color has-black-color\">O r\u00e9ptil &#8220;Enyalioides feiruzae&#8221; apresenta uma impressionante variedade de cores e vive na mata da bacia do rio Huallaga, regi\u00e3o amea\u00e7ada pela agropecu\u00e1ria<\/span><\/em><\/p>\n\n\n\n<p>Foram sete anos de pesquisa, incluindo expedi\u00e7\u00f5es noturnas, na floresta da bacia do rio Huallaga, no <a href=\"https:\/\/revistagalileu.globo.com\/Sociedade\/Politica\/noticia\/2021\/07\/quem-e-pedro-castillo-o-quinto-presidente-do-peru-em-cinco-anos.html\" target=\"_blank\" rel=\"noreferrer noopener\"><strong>Peru<\/strong><\/a>, at\u00e9 que cientistas conseguissem descrever uma nova\u00a0<a href=\"https:\/\/revistagalileu.globo.com\/Ciencia\/noticia\/2019\/07\/consegue-ver-coruja-cientista-explica-evolucao-da-camuflagem-na-especie.html\" target=\"_blank\" rel=\"noreferrer noopener\"><strong>esp\u00e9cie<\/strong><\/a>\u00a0de\u00a0<a href=\"https:\/\/revistagalileu.globo.com\/Ciencia\/noticia\/2021\/08\/fossil-de-231-milhoes-de-anos-preenche-lacuna-na-evolucao-dos-repteis.html\" target=\"_blank\" rel=\"noreferrer noopener\"><strong>lagarto<\/strong><\/a>. Batizado de\u00a0<em>Enyalioides feiruzae,\u00a0<\/em>o r\u00e9ptil \u00e9 apresentado em um artigo publicado no \u00faltimo dia 25 de agosto no peri\u00f3dico cient\u00edfico\u00a0<a href=\"https:\/\/evolsyst.pensoft.net\/\" target=\"_blank\" rel=\"noreferrer noopener\"><em><strong>Evolutionary Systematics.<\/strong><\/em><\/a><br>Os animais apresentam uma variedade impressionante de cores: machos t\u00eam dorso turquesa-acastanhado, cinza ou marrom-esverdeado com linhas claras; e as f\u00eameas podem ter manchas laterais, com tons marrom-esverdeado ou marrom-claro.<\/p>\n\n\n\n<figure class=\"wp-block-image size-large is-style-default\"><img loading=\"lazy\" decoding=\"async\" width=\"1000\" height=\"736\" src=\"https:\/\/jornalfatosenoticias.com.br\/wp-content\/uploads\/2021\/09\/lagarto-zoiao_peru.jpg\" alt=\"\" class=\"wp-image-22564\" srcset=\"https:\/\/jornalfatosenoticias.com.br\/wp-content\/uploads\/2021\/09\/lagarto-zoiao_peru.jpg 1000w, https:\/\/jornalfatosenoticias.com.br\/wp-content\/uploads\/2021\/09\/lagarto-zoiao_peru-300x221.jpg 300w, https:\/\/jornalfatosenoticias.com.br\/wp-content\/uploads\/2021\/09\/lagarto-zoiao_peru-768x565.jpg 768w\" sizes=\"auto, (max-width: 1000px) 100vw, 1000px\" \/><figcaption><em><span class=\"has-inline-color has-black-color\">Lagarto Enyalioides feiruzae macho (Foto: Pablo J. Venegas)<\/span><\/em><\/figcaption><\/figure>\n\n\n\n<p>Conduzido por cientistas de institui\u00e7\u00f5es do Peru, dos Estados Unidos e do <strong><a href=\"https:\/\/revistagalileu.globo.com\/Ciencia\/Biologia\/noticia\/2021\/08\/nova-especie-de-orquidea-e-descoberta-nos-andes-do-equador.html\" target=\"_blank\" rel=\"noreferrer noopener\">Equador<\/a><\/strong>, o trabalho identificou que esses lagartos surgiram ap\u00f3s uma separa\u00e7\u00e3o geogr\u00e1fica de r\u00e9pteis da esp\u00e9cie <em><span class=\"has-inline-color has-black-color\">E. rudolfarndti<\/span><\/em>. O grupo mudou de regi\u00e3o devido a atividades tect\u00f4nicas e oscila\u00e7\u00f5es clim\u00e1ticas ocorridas do Oligoceno Superior ao Mioceno Inferior.<br>A pesquisa indica ainda que, atualmente, o habitat do <em><span class=\"has-inline-color has-black-color\">E. feiruzae<\/span><\/em> est\u00e1 muito devastado por \u00e1reas de cultivo e <strong><a href=\"https:\/\/revistagalileu.globo.com\/Ciencia\/Meio-Ambiente\/noticia\/2021\/06\/o-pampa-agoniza-conheca-ameacas-ao-bioma-do-rio-grande-do-sul.html\" target=\"_blank\" rel=\"noreferrer noopener\">pecu\u00e1ria<\/a><\/strong>. A \u00fanica exce\u00e7\u00e3o dessa devasta\u00e7\u00e3o \u00e9 uma popula\u00e7\u00e3o da esp\u00e9cie que vive protegida no Parque Nacional Tingo Maria, na regi\u00e3o peruana de Hu\u00e1nuco.<\/p>\n\n\n\n<figure class=\"wp-block-image size-large is-style-default\"><img loading=\"lazy\" decoding=\"async\" width=\"1000\" height=\"677\" src=\"https:\/\/jornalfatosenoticias.com.br\/wp-content\/uploads\/2021\/09\/lagarto-zoiao_peru3.jpg\" alt=\"\" class=\"wp-image-22565\" srcset=\"https:\/\/jornalfatosenoticias.com.br\/wp-content\/uploads\/2021\/09\/lagarto-zoiao_peru3.jpg 1000w, https:\/\/jornalfatosenoticias.com.br\/wp-content\/uploads\/2021\/09\/lagarto-zoiao_peru3-300x203.jpg 300w, https:\/\/jornalfatosenoticias.com.br\/wp-content\/uploads\/2021\/09\/lagarto-zoiao_peru3-768x520.jpg 768w\" sizes=\"auto, (max-width: 1000px) 100vw, 1000px\" \/><figcaption><em><span class=\"has-inline-color has-black-color\">Lagarto pertence a g\u00eanero composto por 16 esp\u00e9cies (Foto: Pablo J. Venegas)<\/span><\/em><\/figcaption><\/figure>\n\n\n\n<p>O rio Huallaga, onde os animais foram descobertos, se estende por 1,1 mil quil\u00f4metros. A regi\u00e3o j\u00e1 foi palco de <a href=\"https:\/\/revistagalileu.globo.com\/Ciencia\/Arqueologia\/noticia\/2021\/05\/arqueologos-recuperam-corpos-de-desaperecidos-da-guerra-civil-espanhola.html\" target=\"_blank\" rel=\"noreferrer noopener\"><strong>guerras civis<\/strong><\/a>\u00a0e de conflitos de tr\u00e1fico de drogas na d\u00e9cada de 1980, que atrapalharam os estudos biol\u00f3gicos. Por\u00e9m, em 1990, o governo peruano liberou a \u00e1rea e\u00a0<a href=\"https:\/\/revistagalileu.globo.com\/Ciencia\/noticia\/2019\/07\/consegue-ver-coruja-cientista-explica-evolucao-da-camuflagem-na-especie.html\" target=\"_blank\" rel=\"noreferrer noopener\"><strong>bi\u00f3logos<\/strong><\/a> come\u00e7aram a investig\u00e1-la. A floresta, entretanto, passou a ser devastada por planta\u00e7\u00f5es de coca e pela constru\u00e7\u00e3o de uma usina hidrel\u00e9trica.<br>Com tantas amea\u00e7as, a necessidade de avaliar a situa\u00e7\u00e3o da <strong><a href=\"https:\/\/revistagalileu.globo.com\/Ciencia\/Meio-Ambiente\/noticia\/2021\/06\/livro-analisa-biodiversidade-de-plantas-brasileiras-e-seu-papel-na-dieta.html\" target=\"_blank\" rel=\"noreferrer noopener\">biodiversidade<\/a><\/strong> da regi\u00e3o s\u00f3 aumentou. Um passo importante \u00e9 justamente a descoberta da nova esp\u00e9cie, que pertence ao g\u00eanero <em><span class=\"has-inline-color has-black-color\">Enyalioides<\/span><\/em>, composto por outras 16 esp\u00e9cies. Metades delas foi descrita nas \u00faltimas duas d\u00e9cadas, a partir de levantamentos em \u00e1reas remotas nos Andes Tropicais do Equador e do Peru.<\/p>\n\n\n\n<p><strong><em>Fonte: <a href=\"https:\/\/revistagalileu.globo.com\/Ciencia\/Biologia\/noticia\/2021\/08\/especie-de-lagarto-descoberta-no-peru-levou-7-anos-para-ser-descrita.html#:~:text=O%20r%C3%A9ptil%20%22Enyalioides%20feiruzae%22%20apresenta,Huallaga%2C%20regi%C3%A3o%20amea%C3%A7ada%20pela%20agropecu%C3%A1ria\">Revista Galileu<\/a><\/em><\/strong><\/p>\n","protected":false},"excerpt":{"rendered":"<p>O r\u00e9ptil &#8220;Enyalioides feiruzae&#8221; apresenta uma impressionante variedade de cores e vive na mata da bacia do rio Huallaga, regi\u00e3o amea\u00e7ada pela agropecu\u00e1ria Foram sete anos de pesquisa, incluindo expedi\u00e7\u00f5es noturnas, na floresta da bacia do rio Huallaga, no Peru, at\u00e9 que cientistas conseguissem descrever uma nova\u00a0esp\u00e9cie\u00a0de\u00a0lagarto. Batizado de\u00a0Enyalioides feiruzae,\u00a0o r\u00e9ptil \u00e9 apresentado em um [&hellip;]<\/p>\n","protected":false},"author":2,"featured_media":22566,"comment_status":"open","ping_status":"open","sticky":false,"template":"","format":"standard","meta":{"footnotes":""},"categories":[2],"tags":[9909,1666,11013,11012,1001],"class_list":["post-22563","post","type-post","status-publish","format-standard","has-post-thumbnail","hentry","category-ciencia","tag-ameacado-de-extincao","tag-descoberta","tag-enyalioides-feiruzae","tag-nova-especie-de-lagarto","tag-peru"],"yoast_head":"<!-- This site is optimized with the Yoast SEO plugin v26.5 - https:\/\/yoast.com\/wordpress\/plugins\/seo\/ -->\n<title>Esp\u00e9cie de lagarto descoberta no Peru levou sete anos para ser descrita - Jornal Fatos e Not\u00edcias<\/title>\n<meta name=\"robots\" content=\"index, follow, max-snippet:-1, max-image-preview:large, max-video-preview:-1\" \/>\n<link rel=\"canonical\" href=\"https:\/\/jornalfatosenoticias.com.br\/index.php\/2021\/09\/02\/especie-de-lagarto-descoberta-no-peru-levou-sete-anos-para-ser-descrita\/\" \/>\n<meta property=\"og:locale\" content=\"pt_BR\" \/>\n<meta property=\"og:type\" content=\"article\" \/>\n<meta property=\"og:title\" content=\"Esp\u00e9cie de lagarto descoberta no Peru levou sete anos para ser descrita - Jornal Fatos e Not\u00edcias\" \/>\n<meta property=\"og:description\" content=\"O r\u00e9ptil &#8220;Enyalioides feiruzae&#8221; apresenta uma impressionante variedade de cores e vive na mata da bacia do rio Huallaga, regi\u00e3o amea\u00e7ada pela agropecu\u00e1ria Foram sete anos de pesquisa, incluindo expedi\u00e7\u00f5es noturnas, na floresta da bacia do rio Huallaga, no Peru, at\u00e9 que cientistas conseguissem descrever uma nova\u00a0esp\u00e9cie\u00a0de\u00a0lagarto. Batizado de\u00a0Enyalioides feiruzae,\u00a0o r\u00e9ptil \u00e9 apresentado em um [&hellip;]\" \/>\n<meta property=\"og:url\" content=\"https:\/\/jornalfatosenoticias.com.br\/index.php\/2021\/09\/02\/especie-de-lagarto-descoberta-no-peru-levou-sete-anos-para-ser-descrita\/\" \/>\n<meta property=\"og:site_name\" content=\"Jornal Fatos e Not\u00edcias\" \/>\n<meta property=\"article:published_time\" content=\"2021-09-02T20:14:34+00:00\" \/>\n<meta property=\"article:modified_time\" content=\"2021-09-02T20:14:36+00:00\" \/>\n<meta property=\"og:image\" content=\"https:\/\/jornalfatosenoticias.com.br\/wp-content\/uploads\/2021\/09\/zoiao_lagarto-peruano.jpg\" \/>\n\t<meta property=\"og:image:width\" content=\"1000\" \/>\n\t<meta property=\"og:image:height\" content=\"644\" \/>\n\t<meta property=\"og:image:type\" content=\"image\/jpeg\" \/>\n<meta name=\"author\" content=\"Luzimara Fernandes\" \/>\n<meta name=\"twitter:card\" content=\"summary_large_image\" \/>\n<meta name=\"twitter:label1\" content=\"Escrito por\" \/>\n\t<meta name=\"twitter:data1\" content=\"Luzimara Fernandes\" \/>\n\t<meta name=\"twitter:label2\" content=\"Est. tempo de leitura\" \/>\n\t<meta name=\"twitter:data2\" content=\"2 minutos\" \/>\n<script type=\"application\/ld+json\" class=\"yoast-schema-graph\">{\"@context\":\"https:\/\/schema.org\",\"@graph\":[{\"@type\":\"Article\",\"@id\":\"https:\/\/jornalfatosenoticias.com.br\/index.php\/2021\/09\/02\/especie-de-lagarto-descoberta-no-peru-levou-sete-anos-para-ser-descrita\/#article\",\"isPartOf\":{\"@id\":\"https:\/\/jornalfatosenoticias.com.br\/index.php\/2021\/09\/02\/especie-de-lagarto-descoberta-no-peru-levou-sete-anos-para-ser-descrita\/\"},\"author\":{\"name\":\"Luzimara Fernandes\",\"@id\":\"https:\/\/jornalfatosenoticias.com.br\/#\/schema\/person\/d63837fa13ac8666eb9e74e0985d6f81\"},\"headline\":\"Esp\u00e9cie de lagarto descoberta no Peru levou sete anos para ser descrita\",\"datePublished\":\"2021-09-02T20:14:34+00:00\",\"dateModified\":\"2021-09-02T20:14:36+00:00\",\"mainEntityOfPage\":{\"@id\":\"https:\/\/jornalfatosenoticias.com.br\/index.php\/2021\/09\/02\/especie-de-lagarto-descoberta-no-peru-levou-sete-anos-para-ser-descrita\/\"},\"wordCount\":399,\"commentCount\":0,\"publisher\":{\"@id\":\"https:\/\/jornalfatosenoticias.com.br\/#organization\"},\"image\":{\"@id\":\"https:\/\/jornalfatosenoticias.com.br\/index.php\/2021\/09\/02\/especie-de-lagarto-descoberta-no-peru-levou-sete-anos-para-ser-descrita\/#primaryimage\"},\"thumbnailUrl\":\"https:\/\/jornalfatosenoticias.com.br\/wp-content\/uploads\/2021\/09\/zoiao_lagarto-peruano.jpg\",\"keywords\":[\"amea\u00e7ado de extin\u00e7\u00e3o\",\"descoberta\",\"Enyalioides feiruzae\",\"nova esp\u00e9cie de lagarto\",\"Peru\"],\"articleSection\":[\"Ci\u00eancia\"],\"inLanguage\":\"pt-BR\",\"potentialAction\":[{\"@type\":\"CommentAction\",\"name\":\"Comment\",\"target\":[\"https:\/\/jornalfatosenoticias.com.br\/index.php\/2021\/09\/02\/especie-de-lagarto-descoberta-no-peru-levou-sete-anos-para-ser-descrita\/#respond\"]}]},{\"@type\":\"WebPage\",\"@id\":\"https:\/\/jornalfatosenoticias.com.br\/index.php\/2021\/09\/02\/especie-de-lagarto-descoberta-no-peru-levou-sete-anos-para-ser-descrita\/\",\"url\":\"https:\/\/jornalfatosenoticias.com.br\/index.php\/2021\/09\/02\/especie-de-lagarto-descoberta-no-peru-levou-sete-anos-para-ser-descrita\/\",\"name\":\"Esp\u00e9cie de lagarto descoberta no Peru levou sete anos para ser descrita - Jornal Fatos e Not\u00edcias\",\"isPartOf\":{\"@id\":\"https:\/\/jornalfatosenoticias.com.br\/#website\"},\"primaryImageOfPage\":{\"@id\":\"https:\/\/jornalfatosenoticias.com.br\/index.php\/2021\/09\/02\/especie-de-lagarto-descoberta-no-peru-levou-sete-anos-para-ser-descrita\/#primaryimage\"},\"image\":{\"@id\":\"https:\/\/jornalfatosenoticias.com.br\/index.php\/2021\/09\/02\/especie-de-lagarto-descoberta-no-peru-levou-sete-anos-para-ser-descrita\/#primaryimage\"},\"thumbnailUrl\":\"https:\/\/jornalfatosenoticias.com.br\/wp-content\/uploads\/2021\/09\/zoiao_lagarto-peruano.jpg\",\"datePublished\":\"2021-09-02T20:14:34+00:00\",\"dateModified\":\"2021-09-02T20:14:36+00:00\",\"breadcrumb\":{\"@id\":\"https:\/\/jornalfatosenoticias.com.br\/index.php\/2021\/09\/02\/especie-de-lagarto-descoberta-no-peru-levou-sete-anos-para-ser-descrita\/#breadcrumb\"},\"inLanguage\":\"pt-BR\",\"potentialAction\":[{\"@type\":\"ReadAction\",\"target\":[\"https:\/\/jornalfatosenoticias.com.br\/index.php\/2021\/09\/02\/especie-de-lagarto-descoberta-no-peru-levou-sete-anos-para-ser-descrita\/\"]}]},{\"@type\":\"ImageObject\",\"inLanguage\":\"pt-BR\",\"@id\":\"https:\/\/jornalfatosenoticias.com.br\/index.php\/2021\/09\/02\/especie-de-lagarto-descoberta-no-peru-levou-sete-anos-para-ser-descrita\/#primaryimage\",\"url\":\"https:\/\/jornalfatosenoticias.com.br\/wp-content\/uploads\/2021\/09\/zoiao_lagarto-peruano.jpg\",\"contentUrl\":\"https:\/\/jornalfatosenoticias.com.br\/wp-content\/uploads\/2021\/09\/zoiao_lagarto-peruano.jpg\",\"width\":1000,\"height\":644},{\"@type\":\"BreadcrumbList\",\"@id\":\"https:\/\/jornalfatosenoticias.com.br\/index.php\/2021\/09\/02\/especie-de-lagarto-descoberta-no-peru-levou-sete-anos-para-ser-descrita\/#breadcrumb\",\"itemListElement\":[{\"@type\":\"ListItem\",\"position\":1,\"name\":\"In\u00edcio\",\"item\":\"https:\/\/jornalfatosenoticias.com.br\/\"},{\"@type\":\"ListItem\",\"position\":2,\"name\":\"Esp\u00e9cie de lagarto descoberta no Peru levou sete anos para ser descrita\"}]},{\"@type\":\"WebSite\",\"@id\":\"https:\/\/jornalfatosenoticias.com.br\/#website\",\"url\":\"https:\/\/jornalfatosenoticias.com.br\/\",\"name\":\"Jornal Fatos e Not\u00edcias\",\"description\":\"Not\u00edcias em geral\",\"publisher\":{\"@id\":\"https:\/\/jornalfatosenoticias.com.br\/#organization\"},\"potentialAction\":[{\"@type\":\"SearchAction\",\"target\":{\"@type\":\"EntryPoint\",\"urlTemplate\":\"https:\/\/jornalfatosenoticias.com.br\/?s={search_term_string}\"},\"query-input\":{\"@type\":\"PropertyValueSpecification\",\"valueRequired\":true,\"valueName\":\"search_term_string\"}}],\"inLanguage\":\"pt-BR\"},{\"@type\":\"Organization\",\"@id\":\"https:\/\/jornalfatosenoticias.com.br\/#organization\",\"name\":\"Jornal Fatos e Not\u00edcias\",\"url\":\"https:\/\/jornalfatosenoticias.com.br\/\",\"logo\":{\"@type\":\"ImageObject\",\"inLanguage\":\"pt-BR\",\"@id\":\"https:\/\/jornalfatosenoticias.com.br\/#\/schema\/logo\/image\/\",\"url\":\"https:\/\/jornalfatosenoticias.com.br\/wp-content\/uploads\/2020\/02\/logo120.png\",\"contentUrl\":\"https:\/\/jornalfatosenoticias.com.br\/wp-content\/uploads\/2020\/02\/logo120.png\",\"width\":1227,\"height\":120,\"caption\":\"Jornal Fatos e Not\u00edcias\"},\"image\":{\"@id\":\"https:\/\/jornalfatosenoticias.com.br\/#\/schema\/logo\/image\/\"}},{\"@type\":\"Person\",\"@id\":\"https:\/\/jornalfatosenoticias.com.br\/#\/schema\/person\/d63837fa13ac8666eb9e74e0985d6f81\",\"name\":\"Luzimara Fernandes\",\"image\":{\"@type\":\"ImageObject\",\"inLanguage\":\"pt-BR\",\"@id\":\"https:\/\/jornalfatosenoticias.com.br\/#\/schema\/person\/image\/\",\"url\":\"https:\/\/jornalfatosenoticias.com.br\/wp-content\/uploads\/2025\/05\/EU_portal.jpg\",\"contentUrl\":\"https:\/\/jornalfatosenoticias.com.br\/wp-content\/uploads\/2025\/05\/EU_portal.jpg\",\"caption\":\"Luzimara Fernandes\"},\"description\":\"Jornalista MTB 2358-ES\",\"sameAs\":[\"https:\/\/jornalfatosenoticias.com.br\"],\"url\":\"https:\/\/jornalfatosenoticias.com.br\/index.php\/author\/luzimara\/\"}]}<\/script>\n<!-- \/ Yoast SEO plugin. -->","yoast_head_json":{"title":"Esp\u00e9cie de lagarto descoberta no Peru levou sete anos para ser descrita - Jornal Fatos e Not\u00edcias","robots":{"index":"index","follow":"follow","max-snippet":"max-snippet:-1","max-image-preview":"max-image-preview:large","max-video-preview":"max-video-preview:-1"},"canonical":"https:\/\/jornalfatosenoticias.com.br\/index.php\/2021\/09\/02\/especie-de-lagarto-descoberta-no-peru-levou-sete-anos-para-ser-descrita\/","og_locale":"pt_BR","og_type":"article","og_title":"Esp\u00e9cie de lagarto descoberta no Peru levou sete anos para ser descrita - Jornal Fatos e Not\u00edcias","og_description":"O r\u00e9ptil &#8220;Enyalioides feiruzae&#8221; apresenta uma impressionante variedade de cores e vive na mata da bacia do rio Huallaga, regi\u00e3o amea\u00e7ada pela agropecu\u00e1ria Foram sete anos de pesquisa, incluindo expedi\u00e7\u00f5es noturnas, na floresta da bacia do rio Huallaga, no Peru, at\u00e9 que cientistas conseguissem descrever uma nova\u00a0esp\u00e9cie\u00a0de\u00a0lagarto. Batizado de\u00a0Enyalioides feiruzae,\u00a0o r\u00e9ptil \u00e9 apresentado em um [&hellip;]","og_url":"https:\/\/jornalfatosenoticias.com.br\/index.php\/2021\/09\/02\/especie-de-lagarto-descoberta-no-peru-levou-sete-anos-para-ser-descrita\/","og_site_name":"Jornal Fatos e Not\u00edcias","article_published_time":"2021-09-02T20:14:34+00:00","article_modified_time":"2021-09-02T20:14:36+00:00","og_image":[{"width":1000,"height":644,"url":"https:\/\/jornalfatosenoticias.com.br\/wp-content\/uploads\/2021\/09\/zoiao_lagarto-peruano.jpg","type":"image\/jpeg"}],"author":"Luzimara Fernandes","twitter_card":"summary_large_image","twitter_misc":{"Escrito por":"Luzimara Fernandes","Est. tempo de leitura":"2 minutos"},"schema":{"@context":"https:\/\/schema.org","@graph":[{"@type":"Article","@id":"https:\/\/jornalfatosenoticias.com.br\/index.php\/2021\/09\/02\/especie-de-lagarto-descoberta-no-peru-levou-sete-anos-para-ser-descrita\/#article","isPartOf":{"@id":"https:\/\/jornalfatosenoticias.com.br\/index.php\/2021\/09\/02\/especie-de-lagarto-descoberta-no-peru-levou-sete-anos-para-ser-descrita\/"},"author":{"name":"Luzimara Fernandes","@id":"https:\/\/jornalfatosenoticias.com.br\/#\/schema\/person\/d63837fa13ac8666eb9e74e0985d6f81"},"headline":"Esp\u00e9cie de lagarto descoberta no Peru levou sete anos para ser descrita","datePublished":"2021-09-02T20:14:34+00:00","dateModified":"2021-09-02T20:14:36+00:00","mainEntityOfPage":{"@id":"https:\/\/jornalfatosenoticias.com.br\/index.php\/2021\/09\/02\/especie-de-lagarto-descoberta-no-peru-levou-sete-anos-para-ser-descrita\/"},"wordCount":399,"commentCount":0,"publisher":{"@id":"https:\/\/jornalfatosenoticias.com.br\/#organization"},"image":{"@id":"https:\/\/jornalfatosenoticias.com.br\/index.php\/2021\/09\/02\/especie-de-lagarto-descoberta-no-peru-levou-sete-anos-para-ser-descrita\/#primaryimage"},"thumbnailUrl":"https:\/\/jornalfatosenoticias.com.br\/wp-content\/uploads\/2021\/09\/zoiao_lagarto-peruano.jpg","keywords":["amea\u00e7ado de extin\u00e7\u00e3o","descoberta","Enyalioides feiruzae","nova esp\u00e9cie de lagarto","Peru"],"articleSection":["Ci\u00eancia"],"inLanguage":"pt-BR","potentialAction":[{"@type":"CommentAction","name":"Comment","target":["https:\/\/jornalfatosenoticias.com.br\/index.php\/2021\/09\/02\/especie-de-lagarto-descoberta-no-peru-levou-sete-anos-para-ser-descrita\/#respond"]}]},{"@type":"WebPage","@id":"https:\/\/jornalfatosenoticias.com.br\/index.php\/2021\/09\/02\/especie-de-lagarto-descoberta-no-peru-levou-sete-anos-para-ser-descrita\/","url":"https:\/\/jornalfatosenoticias.com.br\/index.php\/2021\/09\/02\/especie-de-lagarto-descoberta-no-peru-levou-sete-anos-para-ser-descrita\/","name":"Esp\u00e9cie de lagarto descoberta no Peru levou sete anos para ser descrita - Jornal Fatos e Not\u00edcias","isPartOf":{"@id":"https:\/\/jornalfatosenoticias.com.br\/#website"},"primaryImageOfPage":{"@id":"https:\/\/jornalfatosenoticias.com.br\/index.php\/2021\/09\/02\/especie-de-lagarto-descoberta-no-peru-levou-sete-anos-para-ser-descrita\/#primaryimage"},"image":{"@id":"https:\/\/jornalfatosenoticias.com.br\/index.php\/2021\/09\/02\/especie-de-lagarto-descoberta-no-peru-levou-sete-anos-para-ser-descrita\/#primaryimage"},"thumbnailUrl":"https:\/\/jornalfatosenoticias.com.br\/wp-content\/uploads\/2021\/09\/zoiao_lagarto-peruano.jpg","datePublished":"2021-09-02T20:14:34+00:00","dateModified":"2021-09-02T20:14:36+00:00","breadcrumb":{"@id":"https:\/\/jornalfatosenoticias.com.br\/index.php\/2021\/09\/02\/especie-de-lagarto-descoberta-no-peru-levou-sete-anos-para-ser-descrita\/#breadcrumb"},"inLanguage":"pt-BR","potentialAction":[{"@type":"ReadAction","target":["https:\/\/jornalfatosenoticias.com.br\/index.php\/2021\/09\/02\/especie-de-lagarto-descoberta-no-peru-levou-sete-anos-para-ser-descrita\/"]}]},{"@type":"ImageObject","inLanguage":"pt-BR","@id":"https:\/\/jornalfatosenoticias.com.br\/index.php\/2021\/09\/02\/especie-de-lagarto-descoberta-no-peru-levou-sete-anos-para-ser-descrita\/#primaryimage","url":"https:\/\/jornalfatosenoticias.com.br\/wp-content\/uploads\/2021\/09\/zoiao_lagarto-peruano.jpg","contentUrl":"https:\/\/jornalfatosenoticias.com.br\/wp-content\/uploads\/2021\/09\/zoiao_lagarto-peruano.jpg","width":1000,"height":644},{"@type":"BreadcrumbList","@id":"https:\/\/jornalfatosenoticias.com.br\/index.php\/2021\/09\/02\/especie-de-lagarto-descoberta-no-peru-levou-sete-anos-para-ser-descrita\/#breadcrumb","itemListElement":[{"@type":"ListItem","position":1,"name":"In\u00edcio","item":"https:\/\/jornalfatosenoticias.com.br\/"},{"@type":"ListItem","position":2,"name":"Esp\u00e9cie de lagarto descoberta no Peru levou sete anos para ser descrita"}]},{"@type":"WebSite","@id":"https:\/\/jornalfatosenoticias.com.br\/#website","url":"https:\/\/jornalfatosenoticias.com.br\/","name":"Jornal Fatos e Not\u00edcias","description":"Not\u00edcias em geral","publisher":{"@id":"https:\/\/jornalfatosenoticias.com.br\/#organization"},"potentialAction":[{"@type":"SearchAction","target":{"@type":"EntryPoint","urlTemplate":"https:\/\/jornalfatosenoticias.com.br\/?s={search_term_string}"},"query-input":{"@type":"PropertyValueSpecification","valueRequired":true,"valueName":"search_term_string"}}],"inLanguage":"pt-BR"},{"@type":"Organization","@id":"https:\/\/jornalfatosenoticias.com.br\/#organization","name":"Jornal Fatos e Not\u00edcias","url":"https:\/\/jornalfatosenoticias.com.br\/","logo":{"@type":"ImageObject","inLanguage":"pt-BR","@id":"https:\/\/jornalfatosenoticias.com.br\/#\/schema\/logo\/image\/","url":"https:\/\/jornalfatosenoticias.com.br\/wp-content\/uploads\/2020\/02\/logo120.png","contentUrl":"https:\/\/jornalfatosenoticias.com.br\/wp-content\/uploads\/2020\/02\/logo120.png","width":1227,"height":120,"caption":"Jornal Fatos e Not\u00edcias"},"image":{"@id":"https:\/\/jornalfatosenoticias.com.br\/#\/schema\/logo\/image\/"}},{"@type":"Person","@id":"https:\/\/jornalfatosenoticias.com.br\/#\/schema\/person\/d63837fa13ac8666eb9e74e0985d6f81","name":"Luzimara Fernandes","image":{"@type":"ImageObject","inLanguage":"pt-BR","@id":"https:\/\/jornalfatosenoticias.com.br\/#\/schema\/person\/image\/","url":"https:\/\/jornalfatosenoticias.com.br\/wp-content\/uploads\/2025\/05\/EU_portal.jpg","contentUrl":"https:\/\/jornalfatosenoticias.com.br\/wp-content\/uploads\/2025\/05\/EU_portal.jpg","caption":"Luzimara Fernandes"},"description":"Jornalista MTB 2358-ES","sameAs":["https:\/\/jornalfatosenoticias.com.br"],"url":"https:\/\/jornalfatosenoticias.com.br\/index.php\/author\/luzimara\/"}]}},"cc_featured_image_caption":{"caption_text":"(Foto: Pablo J. Venegas) ","source_text":"","source_url":""},"jetpack_featured_media_url":"https:\/\/jornalfatosenoticias.com.br\/wp-content\/uploads\/2021\/09\/zoiao_lagarto-peruano.jpg","_links":{"self":[{"href":"https:\/\/jornalfatosenoticias.com.br\/index.php\/wp-json\/wp\/v2\/posts\/22563","targetHints":{"allow":["GET"]}}],"collection":[{"href":"https:\/\/jornalfatosenoticias.com.br\/index.php\/wp-json\/wp\/v2\/posts"}],"about":[{"href":"https:\/\/jornalfatosenoticias.com.br\/index.php\/wp-json\/wp\/v2\/types\/post"}],"author":[{"embeddable":true,"href":"https:\/\/jornalfatosenoticias.com.br\/index.php\/wp-json\/wp\/v2\/users\/2"}],"replies":[{"embeddable":true,"href":"https:\/\/jornalfatosenoticias.com.br\/index.php\/wp-json\/wp\/v2\/comments?post=22563"}],"version-history":[{"count":0,"href":"https:\/\/jornalfatosenoticias.com.br\/index.php\/wp-json\/wp\/v2\/posts\/22563\/revisions"}],"wp:featuredmedia":[{"embeddable":true,"href":"https:\/\/jornalfatosenoticias.com.br\/index.php\/wp-json\/wp\/v2\/media\/22566"}],"wp:attachment":[{"href":"https:\/\/jornalfatosenoticias.com.br\/index.php\/wp-json\/wp\/v2\/media?parent=22563"}],"wp:term":[{"taxonomy":"category","embeddable":true,"href":"https:\/\/jornalfatosenoticias.com.br\/index.php\/wp-json\/wp\/v2\/categories?post=22563"},{"taxonomy":"post_tag","embeddable":true,"href":"https:\/\/jornalfatosenoticias.com.br\/index.php\/wp-json\/wp\/v2\/tags?post=22563"}],"curies":[{"name":"wp","href":"https:\/\/api.w.org\/{rel}","templated":true}]}}