{"id":22599,"date":"2021-09-03T10:30:30","date_gmt":"2021-09-03T13:30:30","guid":{"rendered":"https:\/\/jornalfatosenoticias.com.br\/?p=22599"},"modified":"2021-09-03T10:30:34","modified_gmt":"2021-09-03T13:30:34","slug":"sistema-imunologico-infantil-e-prejudicado-com-novos-habitos","status":"publish","type":"post","link":"https:\/\/jornalfatosenoticias.com.br\/index.php\/2021\/09\/03\/sistema-imunologico-infantil-e-prejudicado-com-novos-habitos\/","title":{"rendered":"Sistema imunol\u00f3gico infantil \u00e9 prejudicado com novos h\u00e1bitos"},"content":{"rendered":"\n<p><em><span class=\"has-inline-color has-black-color\">Na pandemia, crian\u00e7as passaram a consumir mais alimentos com excesso de s\u00f3dio e a\u00e7\u00facar, prejudicando o sistema de defesa do organismo<\/span><\/em><\/p>\n\n\n\n<p>A pandemia mudou a rotina das fam\u00edlias brasileiras, impondo limita\u00e7\u00f5es de deslocamentos e impulsionando cada vez mais atividades on-line. Quando olhamos para o p\u00fablico infantil, a perman\u00eancia mais longa nos lares somada a falta de atividades esportivas tem implicado em um desequil\u00edbrio nas refei\u00e7\u00f5es e um consumo excessivo de alimentos industrializados, com excesso de s\u00f3dio, a\u00e7\u00facar e gordura saturada. E isso prejudica o sistema de defesa.<br>&#8220;Este desequil\u00edbrio nutricional prejudica o sistema imunol\u00f3gico. Devemos estimular uma alimenta\u00e7\u00e3o mais pr\u00f3xima do saud\u00e1vel, com o consumo de tr\u00eas a cinco por\u00e7\u00f5es di\u00e1rias de produtos do reino vegetal como frutas, legumes e verduras para suprir a necessidade de vitaminas, principalmente as do complexo B, C, D e E, al\u00e9m de minerais como zinco e sel\u00eanio, que s\u00e3o fundamentais para a boa sa\u00fade e fortalecimento da imunidade das crian\u00e7as&#8221;, orienta o cardiologista Dr. Daniel Magnoni, chefe de nutrologia do Instituto Dante Pazzanese, em S\u00e3o Paulo.<br>Uma alimenta\u00e7\u00e3o saud\u00e1vel pode fornecer os nutrientes di\u00e1rios necess\u00e1rios. No entanto, nem sempre \u00e9 poss\u00edvel manter uma rotina equilibrada para proteger o sistema imune, principalmente em tempos de pandemia em que as atividades em casa favorecem o consumo em excesso de doces e snacks nos intervalos das refei\u00e7\u00f5es principais.<br>&#8220;No grupo das crian\u00e7as temos observado em nossa rotina cl\u00ednica uma defici\u00eancia crescente de vitaminas decorrente da m\u00e1 alimenta\u00e7\u00e3o. Nestes casos, indicamos mudan\u00e7as na alimenta\u00e7\u00e3o e, quando necess\u00e1rio, a suplementa\u00e7\u00e3o de vitaminas e minerais sob orienta\u00e7\u00e3o m\u00e9dica. Houve uma enorme evolu\u00e7\u00e3o nutricional neste setor, al\u00e9m dos formatos tradicionais em l\u00edquido e comprimidos j\u00e1 contamos com uma nova gera\u00e7\u00e3o de suplementos vitam\u00ednicos em gomas, que acaba favorecendo a ades\u00e3o das crian\u00e7as. Dessa maneira conseguimos manter o equil\u00edbrio di\u00e1rio de vitaminas e minerais que favorecem o sistema imune, atuando preventivamente em muitas doen\u00e7as&#8221;, comenta Dr. Magnoni, respons\u00e1vel pela \u00e1rea de nutrologia de 13 hospitais de S\u00e3o Paulo.<\/p>\n\n\n\n<h4 class=\"wp-block-heading\"><span class=\"has-inline-color has-black-color\">Vitaminas e minerais aliados da imunidade infantil<\/span><\/h4>\n\n\n\n<p><em><span class=\"has-inline-color has-black-color\">Complexo B \u2014<\/span><\/em> Auxiliam com a absor\u00e7\u00e3o e ativa\u00e7\u00e3o de nutrientes, atuam na prote\u00e7\u00e3o e desenvolvimento de neur\u00f4nios e forma\u00e7\u00e3o de c\u00e9lulas vermelhas do sangue.<br><em><span class=\"has-inline-color has-black-color\">Vitamina C \u2014<\/span><\/em> Muito importante na fun\u00e7\u00e3o dos leuc\u00f3citos, que formam as defesas do organismo, por isso tem o papel de auxiliar com a imunidade e disposi\u00e7\u00e3o.<br><em><span class=\"has-inline-color has-black-color\">Vitamina D \u2014<\/span><\/em> Importante regulador do sistema imune e auxilia com a absor\u00e7\u00e3o de minerais como o c\u00e1lcio.<br><em><span class=\"has-inline-color has-black-color\">Vitamina E \u2014<\/span><\/em> \u00c9 uma das vitaminas em que a suplementa\u00e7\u00e3o em concentra\u00e7\u00e3o acima da recomendada contribui positivamente com a fun\u00e7\u00e3o imune.<br><em><span class=\"has-inline-color has-black-color\">Sel\u00eanio \u2014<\/span><\/em> Essencial para o sistema imune, tanto inato quanto adquirido, com papel fundamental no equil\u00edbrio de oxida\u00e7\u00e3o-redu\u00e7\u00e3o e prote\u00e7\u00e3o do DNA.<br><em><span class=\"has-inline-color has-black-color\">Zinco \u2014<\/span><\/em> Auxilia no funcionamento do sistema imunol\u00f3gico, cicatriza\u00e7\u00e3o de ferimentos, al\u00e9m de fortalecimento de unhas e cabelo.<\/p>\n\n\n\n<p><strong><em>Fonte: <a href=\"https:\/\/www.terra.com.br\/vida-e-estilo\/saude\/bem-estar\/sistema-imunologico-infantil-e-prejudicado-com-novos-habitos,57a1624bb8d46e445c2468f100bf8bc387b6k04l.html\">Terra<\/a><\/em><\/strong><\/p>\n","protected":false},"excerpt":{"rendered":"<p>Na pandemia, crian\u00e7as passaram a consumir mais alimentos com excesso de s\u00f3dio e a\u00e7\u00facar, prejudicando o sistema de defesa do organismo A pandemia mudou a rotina das fam\u00edlias brasileiras, impondo limita\u00e7\u00f5es de deslocamentos e impulsionando cada vez mais atividades on-line. Quando olhamos para o p\u00fablico infantil, a perman\u00eancia mais longa nos lares somada a falta [&hellip;]<\/p>\n","protected":false},"author":2,"featured_media":22600,"comment_status":"open","ping_status":"open","sticky":false,"template":"","format":"standard","meta":{"footnotes":""},"categories":[42],"tags":[384,11032,11033,1140,11031],"class_list":["post-22599","post","type-post","status-publish","format-standard","has-post-thumbnail","hentry","category-bem-estar","tag-alimentacao-saudavel","tag-excesso-de-gordura-saturada","tag-sistema-de-defesa","tag-sistema-imunologico","tag-sistema-imunologico-infantil"],"yoast_head":"<!-- This site is optimized with the Yoast SEO plugin v26.5 - https:\/\/yoast.com\/wordpress\/plugins\/seo\/ -->\n<title>Sistema imunol\u00f3gico infantil \u00e9 prejudicado com novos h\u00e1bitos - Jornal Fatos e Not\u00edcias<\/title>\n<meta name=\"robots\" content=\"index, follow, max-snippet:-1, max-image-preview:large, max-video-preview:-1\" \/>\n<link rel=\"canonical\" href=\"https:\/\/jornalfatosenoticias.com.br\/index.php\/2021\/09\/03\/sistema-imunologico-infantil-e-prejudicado-com-novos-habitos\/\" \/>\n<meta property=\"og:locale\" content=\"pt_BR\" \/>\n<meta property=\"og:type\" content=\"article\" \/>\n<meta property=\"og:title\" content=\"Sistema imunol\u00f3gico infantil \u00e9 prejudicado com novos h\u00e1bitos - Jornal Fatos e Not\u00edcias\" \/>\n<meta property=\"og:description\" content=\"Na pandemia, crian\u00e7as passaram a consumir mais alimentos com excesso de s\u00f3dio e a\u00e7\u00facar, prejudicando o sistema de defesa do organismo A pandemia mudou a rotina das fam\u00edlias brasileiras, impondo limita\u00e7\u00f5es de deslocamentos e impulsionando cada vez mais atividades on-line. Quando olhamos para o p\u00fablico infantil, a perman\u00eancia mais longa nos lares somada a falta [&hellip;]\" \/>\n<meta property=\"og:url\" content=\"https:\/\/jornalfatosenoticias.com.br\/index.php\/2021\/09\/03\/sistema-imunologico-infantil-e-prejudicado-com-novos-habitos\/\" \/>\n<meta property=\"og:site_name\" content=\"Jornal Fatos e Not\u00edcias\" \/>\n<meta property=\"article:published_time\" content=\"2021-09-03T13:30:30+00:00\" \/>\n<meta property=\"article:modified_time\" content=\"2021-09-03T13:30:34+00:00\" \/>\n<meta property=\"og:image\" content=\"https:\/\/jornalfatosenoticias.com.br\/wp-content\/uploads\/2021\/09\/SISTEMA-IMUNOLOGICO-INFANTIL_iStock.jpg\" \/>\n\t<meta property=\"og:image:width\" content=\"1000\" \/>\n\t<meta property=\"og:image:height\" content=\"667\" \/>\n\t<meta property=\"og:image:type\" content=\"image\/jpeg\" \/>\n<meta name=\"author\" content=\"Luzimara Fernandes\" \/>\n<meta name=\"twitter:card\" content=\"summary_large_image\" \/>\n<meta name=\"twitter:label1\" content=\"Escrito por\" \/>\n\t<meta name=\"twitter:data1\" content=\"Luzimara Fernandes\" \/>\n\t<meta name=\"twitter:label2\" content=\"Est. tempo de leitura\" \/>\n\t<meta name=\"twitter:data2\" content=\"3 minutos\" \/>\n<script type=\"application\/ld+json\" class=\"yoast-schema-graph\">{\"@context\":\"https:\/\/schema.org\",\"@graph\":[{\"@type\":\"Article\",\"@id\":\"https:\/\/jornalfatosenoticias.com.br\/index.php\/2021\/09\/03\/sistema-imunologico-infantil-e-prejudicado-com-novos-habitos\/#article\",\"isPartOf\":{\"@id\":\"https:\/\/jornalfatosenoticias.com.br\/index.php\/2021\/09\/03\/sistema-imunologico-infantil-e-prejudicado-com-novos-habitos\/\"},\"author\":{\"name\":\"Luzimara Fernandes\",\"@id\":\"https:\/\/jornalfatosenoticias.com.br\/#\/schema\/person\/d63837fa13ac8666eb9e74e0985d6f81\"},\"headline\":\"Sistema imunol\u00f3gico infantil \u00e9 prejudicado com novos h\u00e1bitos\",\"datePublished\":\"2021-09-03T13:30:30+00:00\",\"dateModified\":\"2021-09-03T13:30:34+00:00\",\"mainEntityOfPage\":{\"@id\":\"https:\/\/jornalfatosenoticias.com.br\/index.php\/2021\/09\/03\/sistema-imunologico-infantil-e-prejudicado-com-novos-habitos\/\"},\"wordCount\":542,\"commentCount\":0,\"publisher\":{\"@id\":\"https:\/\/jornalfatosenoticias.com.br\/#organization\"},\"image\":{\"@id\":\"https:\/\/jornalfatosenoticias.com.br\/index.php\/2021\/09\/03\/sistema-imunologico-infantil-e-prejudicado-com-novos-habitos\/#primaryimage\"},\"thumbnailUrl\":\"https:\/\/jornalfatosenoticias.com.br\/wp-content\/uploads\/2021\/09\/SISTEMA-IMUNOLOGICO-INFANTIL_iStock.jpg\",\"keywords\":[\"alimenta\u00e7\u00e3o saud\u00e1vel\",\"excesso de gordura saturada\",\"sistema de defesa\",\"sistema imunol\u00f3gico\",\"sistema imunol\u00f3gico infantil\"],\"articleSection\":[\"Bem-estar\"],\"inLanguage\":\"pt-BR\",\"potentialAction\":[{\"@type\":\"CommentAction\",\"name\":\"Comment\",\"target\":[\"https:\/\/jornalfatosenoticias.com.br\/index.php\/2021\/09\/03\/sistema-imunologico-infantil-e-prejudicado-com-novos-habitos\/#respond\"]}]},{\"@type\":\"WebPage\",\"@id\":\"https:\/\/jornalfatosenoticias.com.br\/index.php\/2021\/09\/03\/sistema-imunologico-infantil-e-prejudicado-com-novos-habitos\/\",\"url\":\"https:\/\/jornalfatosenoticias.com.br\/index.php\/2021\/09\/03\/sistema-imunologico-infantil-e-prejudicado-com-novos-habitos\/\",\"name\":\"Sistema imunol\u00f3gico infantil \u00e9 prejudicado com novos h\u00e1bitos - Jornal Fatos e Not\u00edcias\",\"isPartOf\":{\"@id\":\"https:\/\/jornalfatosenoticias.com.br\/#website\"},\"primaryImageOfPage\":{\"@id\":\"https:\/\/jornalfatosenoticias.com.br\/index.php\/2021\/09\/03\/sistema-imunologico-infantil-e-prejudicado-com-novos-habitos\/#primaryimage\"},\"image\":{\"@id\":\"https:\/\/jornalfatosenoticias.com.br\/index.php\/2021\/09\/03\/sistema-imunologico-infantil-e-prejudicado-com-novos-habitos\/#primaryimage\"},\"thumbnailUrl\":\"https:\/\/jornalfatosenoticias.com.br\/wp-content\/uploads\/2021\/09\/SISTEMA-IMUNOLOGICO-INFANTIL_iStock.jpg\",\"datePublished\":\"2021-09-03T13:30:30+00:00\",\"dateModified\":\"2021-09-03T13:30:34+00:00\",\"breadcrumb\":{\"@id\":\"https:\/\/jornalfatosenoticias.com.br\/index.php\/2021\/09\/03\/sistema-imunologico-infantil-e-prejudicado-com-novos-habitos\/#breadcrumb\"},\"inLanguage\":\"pt-BR\",\"potentialAction\":[{\"@type\":\"ReadAction\",\"target\":[\"https:\/\/jornalfatosenoticias.com.br\/index.php\/2021\/09\/03\/sistema-imunologico-infantil-e-prejudicado-com-novos-habitos\/\"]}]},{\"@type\":\"ImageObject\",\"inLanguage\":\"pt-BR\",\"@id\":\"https:\/\/jornalfatosenoticias.com.br\/index.php\/2021\/09\/03\/sistema-imunologico-infantil-e-prejudicado-com-novos-habitos\/#primaryimage\",\"url\":\"https:\/\/jornalfatosenoticias.com.br\/wp-content\/uploads\/2021\/09\/SISTEMA-IMUNOLOGICO-INFANTIL_iStock.jpg\",\"contentUrl\":\"https:\/\/jornalfatosenoticias.com.br\/wp-content\/uploads\/2021\/09\/SISTEMA-IMUNOLOGICO-INFANTIL_iStock.jpg\",\"width\":1000,\"height\":667},{\"@type\":\"BreadcrumbList\",\"@id\":\"https:\/\/jornalfatosenoticias.com.br\/index.php\/2021\/09\/03\/sistema-imunologico-infantil-e-prejudicado-com-novos-habitos\/#breadcrumb\",\"itemListElement\":[{\"@type\":\"ListItem\",\"position\":1,\"name\":\"In\u00edcio\",\"item\":\"https:\/\/jornalfatosenoticias.com.br\/\"},{\"@type\":\"ListItem\",\"position\":2,\"name\":\"Sistema imunol\u00f3gico infantil \u00e9 prejudicado com novos h\u00e1bitos\"}]},{\"@type\":\"WebSite\",\"@id\":\"https:\/\/jornalfatosenoticias.com.br\/#website\",\"url\":\"https:\/\/jornalfatosenoticias.com.br\/\",\"name\":\"Jornal Fatos e Not\u00edcias\",\"description\":\"Not\u00edcias em geral\",\"publisher\":{\"@id\":\"https:\/\/jornalfatosenoticias.com.br\/#organization\"},\"potentialAction\":[{\"@type\":\"SearchAction\",\"target\":{\"@type\":\"EntryPoint\",\"urlTemplate\":\"https:\/\/jornalfatosenoticias.com.br\/?s={search_term_string}\"},\"query-input\":{\"@type\":\"PropertyValueSpecification\",\"valueRequired\":true,\"valueName\":\"search_term_string\"}}],\"inLanguage\":\"pt-BR\"},{\"@type\":\"Organization\",\"@id\":\"https:\/\/jornalfatosenoticias.com.br\/#organization\",\"name\":\"Jornal Fatos e Not\u00edcias\",\"url\":\"https:\/\/jornalfatosenoticias.com.br\/\",\"logo\":{\"@type\":\"ImageObject\",\"inLanguage\":\"pt-BR\",\"@id\":\"https:\/\/jornalfatosenoticias.com.br\/#\/schema\/logo\/image\/\",\"url\":\"https:\/\/jornalfatosenoticias.com.br\/wp-content\/uploads\/2020\/02\/logo120.png\",\"contentUrl\":\"https:\/\/jornalfatosenoticias.com.br\/wp-content\/uploads\/2020\/02\/logo120.png\",\"width\":1227,\"height\":120,\"caption\":\"Jornal Fatos e Not\u00edcias\"},\"image\":{\"@id\":\"https:\/\/jornalfatosenoticias.com.br\/#\/schema\/logo\/image\/\"}},{\"@type\":\"Person\",\"@id\":\"https:\/\/jornalfatosenoticias.com.br\/#\/schema\/person\/d63837fa13ac8666eb9e74e0985d6f81\",\"name\":\"Luzimara Fernandes\",\"image\":{\"@type\":\"ImageObject\",\"inLanguage\":\"pt-BR\",\"@id\":\"https:\/\/jornalfatosenoticias.com.br\/#\/schema\/person\/image\/\",\"url\":\"https:\/\/jornalfatosenoticias.com.br\/wp-content\/uploads\/2025\/05\/EU_portal.jpg\",\"contentUrl\":\"https:\/\/jornalfatosenoticias.com.br\/wp-content\/uploads\/2025\/05\/EU_portal.jpg\",\"caption\":\"Luzimara Fernandes\"},\"description\":\"Jornalista MTB 2358-ES\",\"sameAs\":[\"https:\/\/jornalfatosenoticias.com.br\"],\"url\":\"https:\/\/jornalfatosenoticias.com.br\/index.php\/author\/luzimara\/\"}]}<\/script>\n<!-- \/ Yoast SEO plugin. -->","yoast_head_json":{"title":"Sistema imunol\u00f3gico infantil \u00e9 prejudicado com novos h\u00e1bitos - Jornal Fatos e Not\u00edcias","robots":{"index":"index","follow":"follow","max-snippet":"max-snippet:-1","max-image-preview":"max-image-preview:large","max-video-preview":"max-video-preview:-1"},"canonical":"https:\/\/jornalfatosenoticias.com.br\/index.php\/2021\/09\/03\/sistema-imunologico-infantil-e-prejudicado-com-novos-habitos\/","og_locale":"pt_BR","og_type":"article","og_title":"Sistema imunol\u00f3gico infantil \u00e9 prejudicado com novos h\u00e1bitos - Jornal Fatos e Not\u00edcias","og_description":"Na pandemia, crian\u00e7as passaram a consumir mais alimentos com excesso de s\u00f3dio e a\u00e7\u00facar, prejudicando o sistema de defesa do organismo A pandemia mudou a rotina das fam\u00edlias brasileiras, impondo limita\u00e7\u00f5es de deslocamentos e impulsionando cada vez mais atividades on-line. Quando olhamos para o p\u00fablico infantil, a perman\u00eancia mais longa nos lares somada a falta [&hellip;]","og_url":"https:\/\/jornalfatosenoticias.com.br\/index.php\/2021\/09\/03\/sistema-imunologico-infantil-e-prejudicado-com-novos-habitos\/","og_site_name":"Jornal Fatos e Not\u00edcias","article_published_time":"2021-09-03T13:30:30+00:00","article_modified_time":"2021-09-03T13:30:34+00:00","og_image":[{"width":1000,"height":667,"url":"https:\/\/jornalfatosenoticias.com.br\/wp-content\/uploads\/2021\/09\/SISTEMA-IMUNOLOGICO-INFANTIL_iStock.jpg","type":"image\/jpeg"}],"author":"Luzimara Fernandes","twitter_card":"summary_large_image","twitter_misc":{"Escrito por":"Luzimara Fernandes","Est. tempo de leitura":"3 minutos"},"schema":{"@context":"https:\/\/schema.org","@graph":[{"@type":"Article","@id":"https:\/\/jornalfatosenoticias.com.br\/index.php\/2021\/09\/03\/sistema-imunologico-infantil-e-prejudicado-com-novos-habitos\/#article","isPartOf":{"@id":"https:\/\/jornalfatosenoticias.com.br\/index.php\/2021\/09\/03\/sistema-imunologico-infantil-e-prejudicado-com-novos-habitos\/"},"author":{"name":"Luzimara Fernandes","@id":"https:\/\/jornalfatosenoticias.com.br\/#\/schema\/person\/d63837fa13ac8666eb9e74e0985d6f81"},"headline":"Sistema imunol\u00f3gico infantil \u00e9 prejudicado com novos h\u00e1bitos","datePublished":"2021-09-03T13:30:30+00:00","dateModified":"2021-09-03T13:30:34+00:00","mainEntityOfPage":{"@id":"https:\/\/jornalfatosenoticias.com.br\/index.php\/2021\/09\/03\/sistema-imunologico-infantil-e-prejudicado-com-novos-habitos\/"},"wordCount":542,"commentCount":0,"publisher":{"@id":"https:\/\/jornalfatosenoticias.com.br\/#organization"},"image":{"@id":"https:\/\/jornalfatosenoticias.com.br\/index.php\/2021\/09\/03\/sistema-imunologico-infantil-e-prejudicado-com-novos-habitos\/#primaryimage"},"thumbnailUrl":"https:\/\/jornalfatosenoticias.com.br\/wp-content\/uploads\/2021\/09\/SISTEMA-IMUNOLOGICO-INFANTIL_iStock.jpg","keywords":["alimenta\u00e7\u00e3o saud\u00e1vel","excesso de gordura saturada","sistema de defesa","sistema imunol\u00f3gico","sistema imunol\u00f3gico infantil"],"articleSection":["Bem-estar"],"inLanguage":"pt-BR","potentialAction":[{"@type":"CommentAction","name":"Comment","target":["https:\/\/jornalfatosenoticias.com.br\/index.php\/2021\/09\/03\/sistema-imunologico-infantil-e-prejudicado-com-novos-habitos\/#respond"]}]},{"@type":"WebPage","@id":"https:\/\/jornalfatosenoticias.com.br\/index.php\/2021\/09\/03\/sistema-imunologico-infantil-e-prejudicado-com-novos-habitos\/","url":"https:\/\/jornalfatosenoticias.com.br\/index.php\/2021\/09\/03\/sistema-imunologico-infantil-e-prejudicado-com-novos-habitos\/","name":"Sistema imunol\u00f3gico infantil \u00e9 prejudicado com novos h\u00e1bitos - Jornal Fatos e Not\u00edcias","isPartOf":{"@id":"https:\/\/jornalfatosenoticias.com.br\/#website"},"primaryImageOfPage":{"@id":"https:\/\/jornalfatosenoticias.com.br\/index.php\/2021\/09\/03\/sistema-imunologico-infantil-e-prejudicado-com-novos-habitos\/#primaryimage"},"image":{"@id":"https:\/\/jornalfatosenoticias.com.br\/index.php\/2021\/09\/03\/sistema-imunologico-infantil-e-prejudicado-com-novos-habitos\/#primaryimage"},"thumbnailUrl":"https:\/\/jornalfatosenoticias.com.br\/wp-content\/uploads\/2021\/09\/SISTEMA-IMUNOLOGICO-INFANTIL_iStock.jpg","datePublished":"2021-09-03T13:30:30+00:00","dateModified":"2021-09-03T13:30:34+00:00","breadcrumb":{"@id":"https:\/\/jornalfatosenoticias.com.br\/index.php\/2021\/09\/03\/sistema-imunologico-infantil-e-prejudicado-com-novos-habitos\/#breadcrumb"},"inLanguage":"pt-BR","potentialAction":[{"@type":"ReadAction","target":["https:\/\/jornalfatosenoticias.com.br\/index.php\/2021\/09\/03\/sistema-imunologico-infantil-e-prejudicado-com-novos-habitos\/"]}]},{"@type":"ImageObject","inLanguage":"pt-BR","@id":"https:\/\/jornalfatosenoticias.com.br\/index.php\/2021\/09\/03\/sistema-imunologico-infantil-e-prejudicado-com-novos-habitos\/#primaryimage","url":"https:\/\/jornalfatosenoticias.com.br\/wp-content\/uploads\/2021\/09\/SISTEMA-IMUNOLOGICO-INFANTIL_iStock.jpg","contentUrl":"https:\/\/jornalfatosenoticias.com.br\/wp-content\/uploads\/2021\/09\/SISTEMA-IMUNOLOGICO-INFANTIL_iStock.jpg","width":1000,"height":667},{"@type":"BreadcrumbList","@id":"https:\/\/jornalfatosenoticias.com.br\/index.php\/2021\/09\/03\/sistema-imunologico-infantil-e-prejudicado-com-novos-habitos\/#breadcrumb","itemListElement":[{"@type":"ListItem","position":1,"name":"In\u00edcio","item":"https:\/\/jornalfatosenoticias.com.br\/"},{"@type":"ListItem","position":2,"name":"Sistema imunol\u00f3gico infantil \u00e9 prejudicado com novos h\u00e1bitos"}]},{"@type":"WebSite","@id":"https:\/\/jornalfatosenoticias.com.br\/#website","url":"https:\/\/jornalfatosenoticias.com.br\/","name":"Jornal Fatos e Not\u00edcias","description":"Not\u00edcias em geral","publisher":{"@id":"https:\/\/jornalfatosenoticias.com.br\/#organization"},"potentialAction":[{"@type":"SearchAction","target":{"@type":"EntryPoint","urlTemplate":"https:\/\/jornalfatosenoticias.com.br\/?s={search_term_string}"},"query-input":{"@type":"PropertyValueSpecification","valueRequired":true,"valueName":"search_term_string"}}],"inLanguage":"pt-BR"},{"@type":"Organization","@id":"https:\/\/jornalfatosenoticias.com.br\/#organization","name":"Jornal Fatos e Not\u00edcias","url":"https:\/\/jornalfatosenoticias.com.br\/","logo":{"@type":"ImageObject","inLanguage":"pt-BR","@id":"https:\/\/jornalfatosenoticias.com.br\/#\/schema\/logo\/image\/","url":"https:\/\/jornalfatosenoticias.com.br\/wp-content\/uploads\/2020\/02\/logo120.png","contentUrl":"https:\/\/jornalfatosenoticias.com.br\/wp-content\/uploads\/2020\/02\/logo120.png","width":1227,"height":120,"caption":"Jornal Fatos e Not\u00edcias"},"image":{"@id":"https:\/\/jornalfatosenoticias.com.br\/#\/schema\/logo\/image\/"}},{"@type":"Person","@id":"https:\/\/jornalfatosenoticias.com.br\/#\/schema\/person\/d63837fa13ac8666eb9e74e0985d6f81","name":"Luzimara Fernandes","image":{"@type":"ImageObject","inLanguage":"pt-BR","@id":"https:\/\/jornalfatosenoticias.com.br\/#\/schema\/person\/image\/","url":"https:\/\/jornalfatosenoticias.com.br\/wp-content\/uploads\/2025\/05\/EU_portal.jpg","contentUrl":"https:\/\/jornalfatosenoticias.com.br\/wp-content\/uploads\/2025\/05\/EU_portal.jpg","caption":"Luzimara Fernandes"},"description":"Jornalista MTB 2358-ES","sameAs":["https:\/\/jornalfatosenoticias.com.br"],"url":"https:\/\/jornalfatosenoticias.com.br\/index.php\/author\/luzimara\/"}]}},"cc_featured_image_caption":{"caption_text":"(Foto: iStock) ","source_text":"","source_url":""},"jetpack_featured_media_url":"https:\/\/jornalfatosenoticias.com.br\/wp-content\/uploads\/2021\/09\/SISTEMA-IMUNOLOGICO-INFANTIL_iStock.jpg","_links":{"self":[{"href":"https:\/\/jornalfatosenoticias.com.br\/index.php\/wp-json\/wp\/v2\/posts\/22599","targetHints":{"allow":["GET"]}}],"collection":[{"href":"https:\/\/jornalfatosenoticias.com.br\/index.php\/wp-json\/wp\/v2\/posts"}],"about":[{"href":"https:\/\/jornalfatosenoticias.com.br\/index.php\/wp-json\/wp\/v2\/types\/post"}],"author":[{"embeddable":true,"href":"https:\/\/jornalfatosenoticias.com.br\/index.php\/wp-json\/wp\/v2\/users\/2"}],"replies":[{"embeddable":true,"href":"https:\/\/jornalfatosenoticias.com.br\/index.php\/wp-json\/wp\/v2\/comments?post=22599"}],"version-history":[{"count":0,"href":"https:\/\/jornalfatosenoticias.com.br\/index.php\/wp-json\/wp\/v2\/posts\/22599\/revisions"}],"wp:featuredmedia":[{"embeddable":true,"href":"https:\/\/jornalfatosenoticias.com.br\/index.php\/wp-json\/wp\/v2\/media\/22600"}],"wp:attachment":[{"href":"https:\/\/jornalfatosenoticias.com.br\/index.php\/wp-json\/wp\/v2\/media?parent=22599"}],"wp:term":[{"taxonomy":"category","embeddable":true,"href":"https:\/\/jornalfatosenoticias.com.br\/index.php\/wp-json\/wp\/v2\/categories?post=22599"},{"taxonomy":"post_tag","embeddable":true,"href":"https:\/\/jornalfatosenoticias.com.br\/index.php\/wp-json\/wp\/v2\/tags?post=22599"}],"curies":[{"name":"wp","href":"https:\/\/api.w.org\/{rel}","templated":true}]}}