{"id":22608,"date":"2021-09-03T10:48:38","date_gmt":"2021-09-03T13:48:38","guid":{"rendered":"https:\/\/jornalfatosenoticias.com.br\/?p=22608"},"modified":"2021-09-03T10:48:42","modified_gmt":"2021-09-03T13:48:42","slug":"classico-do-pensador-xenofonte-chega-as-livrarias-brasileiras","status":"publish","type":"post","link":"https:\/\/jornalfatosenoticias.com.br\/index.php\/2021\/09\/03\/classico-do-pensador-xenofonte-chega-as-livrarias-brasileiras\/","title":{"rendered":"Cl\u00e1ssico do pensador Xenofonte chega \u00e0s livrarias brasileiras"},"content":{"rendered":"\n<p><em><span class=\"has-inline-color has-black-color\">&#8216;Cirop\u00e9dia&#8217; apresenta importantes ensinamentos que influenciaram a cultura ocidental<\/span><\/em><\/p>\n\n\n\n<p>Nascido em uma fam\u00edlia aristocr\u00e1tica da <a href=\"https:\/\/aventurasnahistoria.uol.com.br\/noticias\/historia-hoje\/de-tales-de-mileto-foucault-obra-apresenta-25-mil-anos-de-especulacoes-filosoficas.phtml\" rel=\"noreferrer noopener\" target=\"_blank\">Gr\u00e9cia Antiga<\/a>,\u00a0<strong>Xenofonte<\/strong>\u00a0(c. 430 \u2013 350 a.C.) foi um disc\u00edpulo de\u00a0<strong>S\u00f3crates<\/strong>, que influenciou a cultura ocidental. Em 401 a. C., ele atuou como mercen\u00e1rio no ex\u00e9rcito grego de\u00a0<strong>Ciro.<\/strong> Al\u00e9m disso lutou contra os persas.<br>Sua contribui\u00e7\u00e3o para a <a href=\"https:\/\/aventurasnahistoria.uol.com.br\/noticias\/reportagem\/ciencia-que-revelou-busca-da-filosofia-historia-da-neurociencia.phtml\" rel=\"noreferrer noopener\" target=\"_blank\">filosofia<\/a> \u00e9 inestim\u00e1vel. O pensador escreveu importantes di\u00e1logos socr\u00e1ticos. Suas obras abordam tem\u00e1ticas centrais, como hist\u00f3ria, educa\u00e7\u00e3o e teoria pol\u00edtica.<\/p>\n\n\n\n<figure class=\"wp-block-image size-large is-style-default\"><img loading=\"lazy\" decoding=\"async\" width=\"685\" height=\"1000\" src=\"https:\/\/jornalfatosenoticias.com.br\/wp-content\/uploads\/2021\/09\/LIVRO-XENOFONTE.jpg\" alt=\"\" class=\"wp-image-22609\" srcset=\"https:\/\/jornalfatosenoticias.com.br\/wp-content\/uploads\/2021\/09\/LIVRO-XENOFONTE.jpg 685w, https:\/\/jornalfatosenoticias.com.br\/wp-content\/uploads\/2021\/09\/LIVRO-XENOFONTE-206x300.jpg 206w\" sizes=\"auto, (max-width: 685px) 100vw, 685px\" \/><figcaption><em><span class=\"has-inline-color has-black-color\">Cirop\u00e9dia, de Xenofonte (Foto: Divulga\u00e7\u00e3o\/Editora F\u00f3sforo)<\/span><\/em><\/figcaption><\/figure>\n\n\n\n<p>Em &#8216;Cirop\u00e9dia&#8217;, o fil\u00f3sofo apresenta li\u00e7\u00f5es de lideran\u00e7a. Seu texto serviu, ainda, de inspira\u00e7\u00e3o para fil\u00f3sofos iluministas como <a href=\"https:\/\/aventurasnahistoria.uol.com.br\/noticias\/historia-hoje\/internautas-apontam-semelhanca-fisica-entre-rousseau-e-marcos-pasquim.phtml\" rel=\"noreferrer noopener\" target=\"_blank\"><strong>Rousseau<\/strong><\/a> e\u00a0<strong>Montaigne<\/strong>. J\u00e1\u00a0<strong>Maquiavel<\/strong>\u00a0se baseou nos escritos de\u00a0<strong>Xenofonte<\/strong> para a elabora\u00e7\u00e3o do cl\u00e1ssico &#8216;O pr\u00edncipe&#8217;.<br>Considerada uma leitura fundamental para empres\u00e1rios, este livro apresenta uma an\u00e1lise minuciosa sobre a lideran\u00e7a. Al\u00e9m disso, influenciou diretamente a cultura ocidental.<br>\u201c(\u2026) nunca h\u00e1 lideran\u00e7a sem alguma aceita\u00e7\u00e3o, admira\u00e7\u00e3o e, por isso, obedi\u00eancia. Essa j\u00e1 \u00e9 uma boa raz\u00e3o para lermos este livro, prestando aten\u00e7\u00e3o no que mudou \u2014 ou n\u00e3o \u2014 2 600 anos depois da educa\u00e7\u00e3o de <strong>Ciro<\/strong>\u201d, escreveu\u00a0<strong>Renato Janine Ribeiro<\/strong> no texto de orelha.<\/p>\n\n\n\n<p><strong><span class=\"has-inline-color has-black-color\">Confira abaixo um trecho da obra:<br><\/span><\/strong><em>Os homens obedecem com prazer \u00e0quele que consideram ser mais prudente do que eles com rela\u00e7\u00e3o aos seus pr\u00f3prios interesses. Voc\u00ea pode perceber que isso acontece em muitas situa\u00e7\u00f5es, sobretudo com os doentes, que chamam por vontade pr\u00f3pria homens que ditar\u00e3o o que devem fazer; no mar, s\u00e3o os passageiros que obedecem de forma volunt\u00e1ria aos capit\u00e3es, e, se algu\u00e9m julga que h\u00e1 quem conhe\u00e7a os caminhos melhor do que si, esfor\u00e7a-se para n\u00e3o sair do lado dessa pessoa. J\u00e1 se julgarem que vir\u00e3o a sofrer algum mal ao serem obedientes, os homens n\u00e3o estar\u00e3o muito propensos a ceder, mesmo diante de castigos, nem se excitar\u00e3o com presentes, pois nem um presente algu\u00e9m se disp\u00f5e a receber caso seja para o seu pr\u00f3prio mal.<\/em><\/p>\n\n\n\n<p><strong><em>Fonte: <a href=\"https:\/\/aventurasnahistoria.uol.com.br\/noticias\/historia-hoje\/classico-do-pensador-xenofonte-chega-livrarias-brasileiras.phtml\">Aventuras na Hist\u00f3ria<\/a><\/em><\/strong><\/p>\n","protected":false},"excerpt":{"rendered":"<p>&#8216;Cirop\u00e9dia&#8217; apresenta importantes ensinamentos que influenciaram a cultura ocidental Nascido em uma fam\u00edlia aristocr\u00e1tica da Gr\u00e9cia Antiga,\u00a0Xenofonte\u00a0(c. 430 \u2013 350 a.C.) foi um disc\u00edpulo de\u00a0S\u00f3crates, que influenciou a cultura ocidental. Em 401 a. C., ele atuou como mercen\u00e1rio no ex\u00e9rcito grego de\u00a0Ciro. Al\u00e9m disso lutou contra os persas.Sua contribui\u00e7\u00e3o para a filosofia \u00e9 inestim\u00e1vel. O [&hellip;]<\/p>\n","protected":false},"author":2,"featured_media":22610,"comment_status":"open","ping_status":"open","sticky":false,"template":"","format":"standard","meta":{"footnotes":""},"categories":[4],"tags":[11039,1387,11040,4581,249,11041],"class_list":["post-22608","post","type-post","status-publish","format-standard","has-post-thumbnail","hentry","category-cultura","tag-ciropedia","tag-classico","tag-editora-fosforo","tag-filosofia","tag-historia","tag-xenofonte"],"yoast_head":"<!-- This site is optimized with the Yoast SEO plugin v26.5 - https:\/\/yoast.com\/wordpress\/plugins\/seo\/ -->\n<title>Cl\u00e1ssico do pensador Xenofonte chega \u00e0s livrarias brasileiras - Jornal Fatos e Not\u00edcias<\/title>\n<meta name=\"robots\" content=\"index, follow, max-snippet:-1, max-image-preview:large, max-video-preview:-1\" \/>\n<link rel=\"canonical\" href=\"https:\/\/jornalfatosenoticias.com.br\/index.php\/2021\/09\/03\/classico-do-pensador-xenofonte-chega-as-livrarias-brasileiras\/\" \/>\n<meta property=\"og:locale\" content=\"pt_BR\" \/>\n<meta property=\"og:type\" content=\"article\" \/>\n<meta property=\"og:title\" content=\"Cl\u00e1ssico do pensador Xenofonte chega \u00e0s livrarias brasileiras - Jornal Fatos e Not\u00edcias\" \/>\n<meta property=\"og:description\" content=\"&#8216;Cirop\u00e9dia&#8217; apresenta importantes ensinamentos que influenciaram a cultura ocidental Nascido em uma fam\u00edlia aristocr\u00e1tica da Gr\u00e9cia Antiga,\u00a0Xenofonte\u00a0(c. 430 \u2013 350 a.C.) foi um disc\u00edpulo de\u00a0S\u00f3crates, que influenciou a cultura ocidental. Em 401 a. C., ele atuou como mercen\u00e1rio no ex\u00e9rcito grego de\u00a0Ciro. Al\u00e9m disso lutou contra os persas.Sua contribui\u00e7\u00e3o para a filosofia \u00e9 inestim\u00e1vel. O [&hellip;]\" \/>\n<meta property=\"og:url\" content=\"https:\/\/jornalfatosenoticias.com.br\/index.php\/2021\/09\/03\/classico-do-pensador-xenofonte-chega-as-livrarias-brasileiras\/\" \/>\n<meta property=\"og:site_name\" content=\"Jornal Fatos e Not\u00edcias\" \/>\n<meta property=\"article:published_time\" content=\"2021-09-03T13:48:38+00:00\" \/>\n<meta property=\"article:modified_time\" content=\"2021-09-03T13:48:42+00:00\" \/>\n<meta property=\"og:image\" content=\"https:\/\/jornalfatosenoticias.com.br\/wp-content\/uploads\/2021\/09\/xenofonte_o-pensador-antigo.jpg\" \/>\n\t<meta property=\"og:image:width\" content=\"1000\" \/>\n\t<meta property=\"og:image:height\" content=\"562\" \/>\n\t<meta property=\"og:image:type\" content=\"image\/jpeg\" \/>\n<meta name=\"author\" content=\"Luzimara Fernandes\" \/>\n<meta name=\"twitter:card\" content=\"summary_large_image\" \/>\n<meta name=\"twitter:label1\" content=\"Escrito por\" \/>\n\t<meta name=\"twitter:data1\" content=\"Luzimara Fernandes\" \/>\n\t<meta name=\"twitter:label2\" content=\"Est. tempo de leitura\" \/>\n\t<meta name=\"twitter:data2\" content=\"2 minutos\" \/>\n<script type=\"application\/ld+json\" class=\"yoast-schema-graph\">{\"@context\":\"https:\/\/schema.org\",\"@graph\":[{\"@type\":\"Article\",\"@id\":\"https:\/\/jornalfatosenoticias.com.br\/index.php\/2021\/09\/03\/classico-do-pensador-xenofonte-chega-as-livrarias-brasileiras\/#article\",\"isPartOf\":{\"@id\":\"https:\/\/jornalfatosenoticias.com.br\/index.php\/2021\/09\/03\/classico-do-pensador-xenofonte-chega-as-livrarias-brasileiras\/\"},\"author\":{\"name\":\"Luzimara Fernandes\",\"@id\":\"https:\/\/jornalfatosenoticias.com.br\/#\/schema\/person\/d63837fa13ac8666eb9e74e0985d6f81\"},\"headline\":\"Cl\u00e1ssico do pensador Xenofonte chega \u00e0s livrarias brasileiras\",\"datePublished\":\"2021-09-03T13:48:38+00:00\",\"dateModified\":\"2021-09-03T13:48:42+00:00\",\"mainEntityOfPage\":{\"@id\":\"https:\/\/jornalfatosenoticias.com.br\/index.php\/2021\/09\/03\/classico-do-pensador-xenofonte-chega-as-livrarias-brasileiras\/\"},\"wordCount\":382,\"commentCount\":0,\"publisher\":{\"@id\":\"https:\/\/jornalfatosenoticias.com.br\/#organization\"},\"image\":{\"@id\":\"https:\/\/jornalfatosenoticias.com.br\/index.php\/2021\/09\/03\/classico-do-pensador-xenofonte-chega-as-livrarias-brasileiras\/#primaryimage\"},\"thumbnailUrl\":\"https:\/\/jornalfatosenoticias.com.br\/wp-content\/uploads\/2021\/09\/xenofonte_o-pensador-antigo.jpg\",\"keywords\":[\"Cirop\u00e9dia\",\"cl\u00e1ssico\",\"Editora F\u00f3sforo\",\"Filosofia\",\"hist\u00f3ria\",\"Xenofonte\"],\"articleSection\":[\"Cultura\"],\"inLanguage\":\"pt-BR\",\"potentialAction\":[{\"@type\":\"CommentAction\",\"name\":\"Comment\",\"target\":[\"https:\/\/jornalfatosenoticias.com.br\/index.php\/2021\/09\/03\/classico-do-pensador-xenofonte-chega-as-livrarias-brasileiras\/#respond\"]}]},{\"@type\":\"WebPage\",\"@id\":\"https:\/\/jornalfatosenoticias.com.br\/index.php\/2021\/09\/03\/classico-do-pensador-xenofonte-chega-as-livrarias-brasileiras\/\",\"url\":\"https:\/\/jornalfatosenoticias.com.br\/index.php\/2021\/09\/03\/classico-do-pensador-xenofonte-chega-as-livrarias-brasileiras\/\",\"name\":\"Cl\u00e1ssico do pensador Xenofonte chega \u00e0s livrarias brasileiras - Jornal Fatos e Not\u00edcias\",\"isPartOf\":{\"@id\":\"https:\/\/jornalfatosenoticias.com.br\/#website\"},\"primaryImageOfPage\":{\"@id\":\"https:\/\/jornalfatosenoticias.com.br\/index.php\/2021\/09\/03\/classico-do-pensador-xenofonte-chega-as-livrarias-brasileiras\/#primaryimage\"},\"image\":{\"@id\":\"https:\/\/jornalfatosenoticias.com.br\/index.php\/2021\/09\/03\/classico-do-pensador-xenofonte-chega-as-livrarias-brasileiras\/#primaryimage\"},\"thumbnailUrl\":\"https:\/\/jornalfatosenoticias.com.br\/wp-content\/uploads\/2021\/09\/xenofonte_o-pensador-antigo.jpg\",\"datePublished\":\"2021-09-03T13:48:38+00:00\",\"dateModified\":\"2021-09-03T13:48:42+00:00\",\"breadcrumb\":{\"@id\":\"https:\/\/jornalfatosenoticias.com.br\/index.php\/2021\/09\/03\/classico-do-pensador-xenofonte-chega-as-livrarias-brasileiras\/#breadcrumb\"},\"inLanguage\":\"pt-BR\",\"potentialAction\":[{\"@type\":\"ReadAction\",\"target\":[\"https:\/\/jornalfatosenoticias.com.br\/index.php\/2021\/09\/03\/classico-do-pensador-xenofonte-chega-as-livrarias-brasileiras\/\"]}]},{\"@type\":\"ImageObject\",\"inLanguage\":\"pt-BR\",\"@id\":\"https:\/\/jornalfatosenoticias.com.br\/index.php\/2021\/09\/03\/classico-do-pensador-xenofonte-chega-as-livrarias-brasileiras\/#primaryimage\",\"url\":\"https:\/\/jornalfatosenoticias.com.br\/wp-content\/uploads\/2021\/09\/xenofonte_o-pensador-antigo.jpg\",\"contentUrl\":\"https:\/\/jornalfatosenoticias.com.br\/wp-content\/uploads\/2021\/09\/xenofonte_o-pensador-antigo.jpg\",\"width\":1000,\"height\":562},{\"@type\":\"BreadcrumbList\",\"@id\":\"https:\/\/jornalfatosenoticias.com.br\/index.php\/2021\/09\/03\/classico-do-pensador-xenofonte-chega-as-livrarias-brasileiras\/#breadcrumb\",\"itemListElement\":[{\"@type\":\"ListItem\",\"position\":1,\"name\":\"In\u00edcio\",\"item\":\"https:\/\/jornalfatosenoticias.com.br\/\"},{\"@type\":\"ListItem\",\"position\":2,\"name\":\"Cl\u00e1ssico do pensador Xenofonte chega \u00e0s livrarias brasileiras\"}]},{\"@type\":\"WebSite\",\"@id\":\"https:\/\/jornalfatosenoticias.com.br\/#website\",\"url\":\"https:\/\/jornalfatosenoticias.com.br\/\",\"name\":\"Jornal Fatos e Not\u00edcias\",\"description\":\"Not\u00edcias em geral\",\"publisher\":{\"@id\":\"https:\/\/jornalfatosenoticias.com.br\/#organization\"},\"potentialAction\":[{\"@type\":\"SearchAction\",\"target\":{\"@type\":\"EntryPoint\",\"urlTemplate\":\"https:\/\/jornalfatosenoticias.com.br\/?s={search_term_string}\"},\"query-input\":{\"@type\":\"PropertyValueSpecification\",\"valueRequired\":true,\"valueName\":\"search_term_string\"}}],\"inLanguage\":\"pt-BR\"},{\"@type\":\"Organization\",\"@id\":\"https:\/\/jornalfatosenoticias.com.br\/#organization\",\"name\":\"Jornal Fatos e Not\u00edcias\",\"url\":\"https:\/\/jornalfatosenoticias.com.br\/\",\"logo\":{\"@type\":\"ImageObject\",\"inLanguage\":\"pt-BR\",\"@id\":\"https:\/\/jornalfatosenoticias.com.br\/#\/schema\/logo\/image\/\",\"url\":\"https:\/\/jornalfatosenoticias.com.br\/wp-content\/uploads\/2020\/02\/logo120.png\",\"contentUrl\":\"https:\/\/jornalfatosenoticias.com.br\/wp-content\/uploads\/2020\/02\/logo120.png\",\"width\":1227,\"height\":120,\"caption\":\"Jornal Fatos e Not\u00edcias\"},\"image\":{\"@id\":\"https:\/\/jornalfatosenoticias.com.br\/#\/schema\/logo\/image\/\"}},{\"@type\":\"Person\",\"@id\":\"https:\/\/jornalfatosenoticias.com.br\/#\/schema\/person\/d63837fa13ac8666eb9e74e0985d6f81\",\"name\":\"Luzimara Fernandes\",\"image\":{\"@type\":\"ImageObject\",\"inLanguage\":\"pt-BR\",\"@id\":\"https:\/\/jornalfatosenoticias.com.br\/#\/schema\/person\/image\/\",\"url\":\"https:\/\/jornalfatosenoticias.com.br\/wp-content\/uploads\/2025\/05\/EU_portal.jpg\",\"contentUrl\":\"https:\/\/jornalfatosenoticias.com.br\/wp-content\/uploads\/2025\/05\/EU_portal.jpg\",\"caption\":\"Luzimara Fernandes\"},\"description\":\"Jornalista MTB 2358-ES\",\"sameAs\":[\"https:\/\/jornalfatosenoticias.com.br\"],\"url\":\"https:\/\/jornalfatosenoticias.com.br\/index.php\/author\/luzimara\/\"}]}<\/script>\n<!-- \/ Yoast SEO plugin. -->","yoast_head_json":{"title":"Cl\u00e1ssico do pensador Xenofonte chega \u00e0s livrarias brasileiras - Jornal Fatos e Not\u00edcias","robots":{"index":"index","follow":"follow","max-snippet":"max-snippet:-1","max-image-preview":"max-image-preview:large","max-video-preview":"max-video-preview:-1"},"canonical":"https:\/\/jornalfatosenoticias.com.br\/index.php\/2021\/09\/03\/classico-do-pensador-xenofonte-chega-as-livrarias-brasileiras\/","og_locale":"pt_BR","og_type":"article","og_title":"Cl\u00e1ssico do pensador Xenofonte chega \u00e0s livrarias brasileiras - Jornal Fatos e Not\u00edcias","og_description":"&#8216;Cirop\u00e9dia&#8217; apresenta importantes ensinamentos que influenciaram a cultura ocidental Nascido em uma fam\u00edlia aristocr\u00e1tica da Gr\u00e9cia Antiga,\u00a0Xenofonte\u00a0(c. 430 \u2013 350 a.C.) foi um disc\u00edpulo de\u00a0S\u00f3crates, que influenciou a cultura ocidental. Em 401 a. C., ele atuou como mercen\u00e1rio no ex\u00e9rcito grego de\u00a0Ciro. Al\u00e9m disso lutou contra os persas.Sua contribui\u00e7\u00e3o para a filosofia \u00e9 inestim\u00e1vel. O [&hellip;]","og_url":"https:\/\/jornalfatosenoticias.com.br\/index.php\/2021\/09\/03\/classico-do-pensador-xenofonte-chega-as-livrarias-brasileiras\/","og_site_name":"Jornal Fatos e Not\u00edcias","article_published_time":"2021-09-03T13:48:38+00:00","article_modified_time":"2021-09-03T13:48:42+00:00","og_image":[{"width":1000,"height":562,"url":"https:\/\/jornalfatosenoticias.com.br\/wp-content\/uploads\/2021\/09\/xenofonte_o-pensador-antigo.jpg","type":"image\/jpeg"}],"author":"Luzimara Fernandes","twitter_card":"summary_large_image","twitter_misc":{"Escrito por":"Luzimara Fernandes","Est. tempo de leitura":"2 minutos"},"schema":{"@context":"https:\/\/schema.org","@graph":[{"@type":"Article","@id":"https:\/\/jornalfatosenoticias.com.br\/index.php\/2021\/09\/03\/classico-do-pensador-xenofonte-chega-as-livrarias-brasileiras\/#article","isPartOf":{"@id":"https:\/\/jornalfatosenoticias.com.br\/index.php\/2021\/09\/03\/classico-do-pensador-xenofonte-chega-as-livrarias-brasileiras\/"},"author":{"name":"Luzimara Fernandes","@id":"https:\/\/jornalfatosenoticias.com.br\/#\/schema\/person\/d63837fa13ac8666eb9e74e0985d6f81"},"headline":"Cl\u00e1ssico do pensador Xenofonte chega \u00e0s livrarias brasileiras","datePublished":"2021-09-03T13:48:38+00:00","dateModified":"2021-09-03T13:48:42+00:00","mainEntityOfPage":{"@id":"https:\/\/jornalfatosenoticias.com.br\/index.php\/2021\/09\/03\/classico-do-pensador-xenofonte-chega-as-livrarias-brasileiras\/"},"wordCount":382,"commentCount":0,"publisher":{"@id":"https:\/\/jornalfatosenoticias.com.br\/#organization"},"image":{"@id":"https:\/\/jornalfatosenoticias.com.br\/index.php\/2021\/09\/03\/classico-do-pensador-xenofonte-chega-as-livrarias-brasileiras\/#primaryimage"},"thumbnailUrl":"https:\/\/jornalfatosenoticias.com.br\/wp-content\/uploads\/2021\/09\/xenofonte_o-pensador-antigo.jpg","keywords":["Cirop\u00e9dia","cl\u00e1ssico","Editora F\u00f3sforo","Filosofia","hist\u00f3ria","Xenofonte"],"articleSection":["Cultura"],"inLanguage":"pt-BR","potentialAction":[{"@type":"CommentAction","name":"Comment","target":["https:\/\/jornalfatosenoticias.com.br\/index.php\/2021\/09\/03\/classico-do-pensador-xenofonte-chega-as-livrarias-brasileiras\/#respond"]}]},{"@type":"WebPage","@id":"https:\/\/jornalfatosenoticias.com.br\/index.php\/2021\/09\/03\/classico-do-pensador-xenofonte-chega-as-livrarias-brasileiras\/","url":"https:\/\/jornalfatosenoticias.com.br\/index.php\/2021\/09\/03\/classico-do-pensador-xenofonte-chega-as-livrarias-brasileiras\/","name":"Cl\u00e1ssico do pensador Xenofonte chega \u00e0s livrarias brasileiras - Jornal Fatos e Not\u00edcias","isPartOf":{"@id":"https:\/\/jornalfatosenoticias.com.br\/#website"},"primaryImageOfPage":{"@id":"https:\/\/jornalfatosenoticias.com.br\/index.php\/2021\/09\/03\/classico-do-pensador-xenofonte-chega-as-livrarias-brasileiras\/#primaryimage"},"image":{"@id":"https:\/\/jornalfatosenoticias.com.br\/index.php\/2021\/09\/03\/classico-do-pensador-xenofonte-chega-as-livrarias-brasileiras\/#primaryimage"},"thumbnailUrl":"https:\/\/jornalfatosenoticias.com.br\/wp-content\/uploads\/2021\/09\/xenofonte_o-pensador-antigo.jpg","datePublished":"2021-09-03T13:48:38+00:00","dateModified":"2021-09-03T13:48:42+00:00","breadcrumb":{"@id":"https:\/\/jornalfatosenoticias.com.br\/index.php\/2021\/09\/03\/classico-do-pensador-xenofonte-chega-as-livrarias-brasileiras\/#breadcrumb"},"inLanguage":"pt-BR","potentialAction":[{"@type":"ReadAction","target":["https:\/\/jornalfatosenoticias.com.br\/index.php\/2021\/09\/03\/classico-do-pensador-xenofonte-chega-as-livrarias-brasileiras\/"]}]},{"@type":"ImageObject","inLanguage":"pt-BR","@id":"https:\/\/jornalfatosenoticias.com.br\/index.php\/2021\/09\/03\/classico-do-pensador-xenofonte-chega-as-livrarias-brasileiras\/#primaryimage","url":"https:\/\/jornalfatosenoticias.com.br\/wp-content\/uploads\/2021\/09\/xenofonte_o-pensador-antigo.jpg","contentUrl":"https:\/\/jornalfatosenoticias.com.br\/wp-content\/uploads\/2021\/09\/xenofonte_o-pensador-antigo.jpg","width":1000,"height":562},{"@type":"BreadcrumbList","@id":"https:\/\/jornalfatosenoticias.com.br\/index.php\/2021\/09\/03\/classico-do-pensador-xenofonte-chega-as-livrarias-brasileiras\/#breadcrumb","itemListElement":[{"@type":"ListItem","position":1,"name":"In\u00edcio","item":"https:\/\/jornalfatosenoticias.com.br\/"},{"@type":"ListItem","position":2,"name":"Cl\u00e1ssico do pensador Xenofonte chega \u00e0s livrarias brasileiras"}]},{"@type":"WebSite","@id":"https:\/\/jornalfatosenoticias.com.br\/#website","url":"https:\/\/jornalfatosenoticias.com.br\/","name":"Jornal Fatos e Not\u00edcias","description":"Not\u00edcias em geral","publisher":{"@id":"https:\/\/jornalfatosenoticias.com.br\/#organization"},"potentialAction":[{"@type":"SearchAction","target":{"@type":"EntryPoint","urlTemplate":"https:\/\/jornalfatosenoticias.com.br\/?s={search_term_string}"},"query-input":{"@type":"PropertyValueSpecification","valueRequired":true,"valueName":"search_term_string"}}],"inLanguage":"pt-BR"},{"@type":"Organization","@id":"https:\/\/jornalfatosenoticias.com.br\/#organization","name":"Jornal Fatos e Not\u00edcias","url":"https:\/\/jornalfatosenoticias.com.br\/","logo":{"@type":"ImageObject","inLanguage":"pt-BR","@id":"https:\/\/jornalfatosenoticias.com.br\/#\/schema\/logo\/image\/","url":"https:\/\/jornalfatosenoticias.com.br\/wp-content\/uploads\/2020\/02\/logo120.png","contentUrl":"https:\/\/jornalfatosenoticias.com.br\/wp-content\/uploads\/2020\/02\/logo120.png","width":1227,"height":120,"caption":"Jornal Fatos e Not\u00edcias"},"image":{"@id":"https:\/\/jornalfatosenoticias.com.br\/#\/schema\/logo\/image\/"}},{"@type":"Person","@id":"https:\/\/jornalfatosenoticias.com.br\/#\/schema\/person\/d63837fa13ac8666eb9e74e0985d6f81","name":"Luzimara Fernandes","image":{"@type":"ImageObject","inLanguage":"pt-BR","@id":"https:\/\/jornalfatosenoticias.com.br\/#\/schema\/person\/image\/","url":"https:\/\/jornalfatosenoticias.com.br\/wp-content\/uploads\/2025\/05\/EU_portal.jpg","contentUrl":"https:\/\/jornalfatosenoticias.com.br\/wp-content\/uploads\/2025\/05\/EU_portal.jpg","caption":"Luzimara Fernandes"},"description":"Jornalista MTB 2358-ES","sameAs":["https:\/\/jornalfatosenoticias.com.br"],"url":"https:\/\/jornalfatosenoticias.com.br\/index.php\/author\/luzimara\/"}]}},"cc_featured_image_caption":{"caption_text":"(Foto: Dom\u00ednio P\u00fablico\/Wikimedia Commons) ","source_text":"","source_url":""},"jetpack_featured_media_url":"https:\/\/jornalfatosenoticias.com.br\/wp-content\/uploads\/2021\/09\/xenofonte_o-pensador-antigo.jpg","_links":{"self":[{"href":"https:\/\/jornalfatosenoticias.com.br\/index.php\/wp-json\/wp\/v2\/posts\/22608","targetHints":{"allow":["GET"]}}],"collection":[{"href":"https:\/\/jornalfatosenoticias.com.br\/index.php\/wp-json\/wp\/v2\/posts"}],"about":[{"href":"https:\/\/jornalfatosenoticias.com.br\/index.php\/wp-json\/wp\/v2\/types\/post"}],"author":[{"embeddable":true,"href":"https:\/\/jornalfatosenoticias.com.br\/index.php\/wp-json\/wp\/v2\/users\/2"}],"replies":[{"embeddable":true,"href":"https:\/\/jornalfatosenoticias.com.br\/index.php\/wp-json\/wp\/v2\/comments?post=22608"}],"version-history":[{"count":0,"href":"https:\/\/jornalfatosenoticias.com.br\/index.php\/wp-json\/wp\/v2\/posts\/22608\/revisions"}],"wp:featuredmedia":[{"embeddable":true,"href":"https:\/\/jornalfatosenoticias.com.br\/index.php\/wp-json\/wp\/v2\/media\/22610"}],"wp:attachment":[{"href":"https:\/\/jornalfatosenoticias.com.br\/index.php\/wp-json\/wp\/v2\/media?parent=22608"}],"wp:term":[{"taxonomy":"category","embeddable":true,"href":"https:\/\/jornalfatosenoticias.com.br\/index.php\/wp-json\/wp\/v2\/categories?post=22608"},{"taxonomy":"post_tag","embeddable":true,"href":"https:\/\/jornalfatosenoticias.com.br\/index.php\/wp-json\/wp\/v2\/tags?post=22608"}],"curies":[{"name":"wp","href":"https:\/\/api.w.org\/{rel}","templated":true}]}}