{"id":22612,"date":"2021-09-03T12:44:29","date_gmt":"2021-09-03T15:44:29","guid":{"rendered":"https:\/\/jornalfatosenoticias.com.br\/?p=22612"},"modified":"2021-09-03T12:44:32","modified_gmt":"2021-09-03T15:44:32","slug":"junta-comercial-registra-maior-numero-de-abertura-de-empresas-da-historia","status":"publish","type":"post","link":"https:\/\/jornalfatosenoticias.com.br\/index.php\/2021\/09\/03\/junta-comercial-registra-maior-numero-de-abertura-de-empresas-da-historia\/","title":{"rendered":"Junta Comercial registra maior n\u00famero de abertura de empresas da hist\u00f3ria"},"content":{"rendered":"\n<p>A <a href=\"https:\/\/www.jucees.es.gov.br\/\" target=\"_blank\" rel=\"noreferrer noopener\">Junta Comercial do Estado do Esp\u00edrito Santo (JUCEES)<\/a> registrou, em agosto, o maior n\u00famero de empresas abertas desde 2010, quando o levantamento come\u00e7ou a ser feito. Ao todo, foram abertos 1.904 novos neg\u00f3cios.<br>Com isso, o total de empresas abertas de janeiro a agosto de 2021 chegou a 12.578 \u2014 28% maior do que o n\u00famero de novos neg\u00f3cios registrados na Junta Comercial em 2019, antes da pandemia. Na compara\u00e7\u00e3o com 2020, o aumento passa a ser de 50%.<br>Dentre as atividades que mais contribu\u00edram para esse recorde, est\u00e3o o com\u00e9rcio varejista, que registrou a abertura de 379 novas empresas; o com\u00e9rcio por atacado (exceto ve\u00edculos e motocicletas), com 215; atividades de aten\u00e7\u00e3o \u00e0 sa\u00fade (183), transporte terrestre (94) e servi\u00e7os de escrit\u00f3rio (74).<br>&#8220;Esse n\u00famero \u00e9 um orgulho para todos n\u00f3s da Junta Comercial e mostra o quanto temos contribu\u00eddo para a retomada da economia no Esp\u00edrito Santo. Atualmente, somos o segundo Estado com maior rapidez no processo de abertura de empresas&#8221;, celebrou o presidente da JUCEES, Carlos Roberto Rafael.<br>O dado citado pelo presidente da Junta Comercial foi divulgado pela RedeSim, do Governo Federal. Em agosto, a abertura de uma empresa no Estado demorou, em m\u00e9dia, um dia e cinco horas \u2014 atr\u00e1s apenas de Goi\u00e1s, que teve m\u00e9dia de um dia e uma hora.<br>&#8220;Em abril, tivemos a melhor m\u00e9dia do Brasil, com um dia e 11 horas de m\u00e9dia, mas continuamos trabalhando para reduzir ainda mais esse tempo. Nosso objetivo \u00e9 fazer com que as empresas, no Esp\u00edrito Santo, possam ser abertas em menos de 24 horas&#8221;, projetou Carlos Roberto Rafael.<\/p>\n\n\n\n<p><strong><em>Fonte: <a href=\"https:\/\/www.es.gov.br\/Noticia\/junta-comercial-registra-maior-numero-de-abertura-de-empresas-da-historia\">Governo do ES<\/a><\/em><\/strong><\/p>\n","protected":false},"excerpt":{"rendered":"<p>A Junta Comercial do Estado do Esp\u00edrito Santo (JUCEES) registrou, em agosto, o maior n\u00famero de empresas abertas desde 2010, quando o levantamento come\u00e7ou a ser feito. Ao todo, foram abertos 1.904 novos neg\u00f3cios.Com isso, o total de empresas abertas de janeiro a agosto de 2021 chegou a 12.578 \u2014 28% maior do que o [&hellip;]<\/p>\n","protected":false},"author":2,"featured_media":22613,"comment_status":"open","ping_status":"open","sticky":false,"template":"","format":"standard","meta":{"footnotes":""},"categories":[9],"tags":[11045,11043,11042,11044],"class_list":["post-22612","post","type-post","status-publish","format-standard","has-post-thumbnail","hentry","category-economia","tag-empresas-abertas","tag-jucees","tag-junta-comercial-es","tag-novas-empresas"],"yoast_head":"<!-- This site is optimized with the Yoast SEO plugin v26.5 - https:\/\/yoast.com\/wordpress\/plugins\/seo\/ -->\n<title>Junta Comercial registra maior n\u00famero de abertura de empresas da hist\u00f3ria - Jornal Fatos e Not\u00edcias<\/title>\n<meta name=\"robots\" content=\"index, follow, max-snippet:-1, max-image-preview:large, max-video-preview:-1\" \/>\n<link rel=\"canonical\" href=\"https:\/\/jornalfatosenoticias.com.br\/index.php\/2021\/09\/03\/junta-comercial-registra-maior-numero-de-abertura-de-empresas-da-historia\/\" \/>\n<meta property=\"og:locale\" content=\"pt_BR\" \/>\n<meta property=\"og:type\" content=\"article\" \/>\n<meta property=\"og:title\" content=\"Junta Comercial registra maior n\u00famero de abertura de empresas da hist\u00f3ria - Jornal Fatos e Not\u00edcias\" \/>\n<meta property=\"og:description\" content=\"A Junta Comercial do Estado do Esp\u00edrito Santo (JUCEES) registrou, em agosto, o maior n\u00famero de empresas abertas desde 2010, quando o levantamento come\u00e7ou a ser feito. Ao todo, foram abertos 1.904 novos neg\u00f3cios.Com isso, o total de empresas abertas de janeiro a agosto de 2021 chegou a 12.578 \u2014 28% maior do que o [&hellip;]\" \/>\n<meta property=\"og:url\" content=\"https:\/\/jornalfatosenoticias.com.br\/index.php\/2021\/09\/03\/junta-comercial-registra-maior-numero-de-abertura-de-empresas-da-historia\/\" \/>\n<meta property=\"og:site_name\" content=\"Jornal Fatos e Not\u00edcias\" \/>\n<meta property=\"article:published_time\" content=\"2021-09-03T15:44:29+00:00\" \/>\n<meta property=\"article:modified_time\" content=\"2021-09-03T15:44:32+00:00\" \/>\n<meta property=\"og:image\" content=\"https:\/\/jornalfatosenoticias.com.br\/wp-content\/uploads\/2021\/09\/junta-comercial.jpg\" \/>\n\t<meta property=\"og:image:width\" content=\"1000\" \/>\n\t<meta property=\"og:image:height\" content=\"668\" \/>\n\t<meta property=\"og:image:type\" content=\"image\/jpeg\" \/>\n<meta name=\"author\" content=\"Luzimara Fernandes\" \/>\n<meta name=\"twitter:card\" content=\"summary_large_image\" \/>\n<meta name=\"twitter:label1\" content=\"Escrito por\" \/>\n\t<meta name=\"twitter:data1\" content=\"Luzimara Fernandes\" \/>\n\t<meta name=\"twitter:label2\" content=\"Est. tempo de leitura\" \/>\n\t<meta name=\"twitter:data2\" content=\"1 minuto\" \/>\n<script type=\"application\/ld+json\" class=\"yoast-schema-graph\">{\"@context\":\"https:\/\/schema.org\",\"@graph\":[{\"@type\":\"Article\",\"@id\":\"https:\/\/jornalfatosenoticias.com.br\/index.php\/2021\/09\/03\/junta-comercial-registra-maior-numero-de-abertura-de-empresas-da-historia\/#article\",\"isPartOf\":{\"@id\":\"https:\/\/jornalfatosenoticias.com.br\/index.php\/2021\/09\/03\/junta-comercial-registra-maior-numero-de-abertura-de-empresas-da-historia\/\"},\"author\":{\"name\":\"Luzimara Fernandes\",\"@id\":\"https:\/\/jornalfatosenoticias.com.br\/#\/schema\/person\/d63837fa13ac8666eb9e74e0985d6f81\"},\"headline\":\"Junta Comercial registra maior n\u00famero de abertura de empresas da hist\u00f3ria\",\"datePublished\":\"2021-09-03T15:44:29+00:00\",\"dateModified\":\"2021-09-03T15:44:32+00:00\",\"mainEntityOfPage\":{\"@id\":\"https:\/\/jornalfatosenoticias.com.br\/index.php\/2021\/09\/03\/junta-comercial-registra-maior-numero-de-abertura-de-empresas-da-historia\/\"},\"wordCount\":290,\"commentCount\":0,\"publisher\":{\"@id\":\"https:\/\/jornalfatosenoticias.com.br\/#organization\"},\"image\":{\"@id\":\"https:\/\/jornalfatosenoticias.com.br\/index.php\/2021\/09\/03\/junta-comercial-registra-maior-numero-de-abertura-de-empresas-da-historia\/#primaryimage\"},\"thumbnailUrl\":\"https:\/\/jornalfatosenoticias.com.br\/wp-content\/uploads\/2021\/09\/junta-comercial.jpg\",\"keywords\":[\"empresas abertas\",\"JUCEES\",\"Junta Comercial ES\",\"novas empresas\"],\"articleSection\":[\"Economia\"],\"inLanguage\":\"pt-BR\",\"potentialAction\":[{\"@type\":\"CommentAction\",\"name\":\"Comment\",\"target\":[\"https:\/\/jornalfatosenoticias.com.br\/index.php\/2021\/09\/03\/junta-comercial-registra-maior-numero-de-abertura-de-empresas-da-historia\/#respond\"]}]},{\"@type\":\"WebPage\",\"@id\":\"https:\/\/jornalfatosenoticias.com.br\/index.php\/2021\/09\/03\/junta-comercial-registra-maior-numero-de-abertura-de-empresas-da-historia\/\",\"url\":\"https:\/\/jornalfatosenoticias.com.br\/index.php\/2021\/09\/03\/junta-comercial-registra-maior-numero-de-abertura-de-empresas-da-historia\/\",\"name\":\"Junta Comercial registra maior n\u00famero de abertura de empresas da hist\u00f3ria - Jornal Fatos e Not\u00edcias\",\"isPartOf\":{\"@id\":\"https:\/\/jornalfatosenoticias.com.br\/#website\"},\"primaryImageOfPage\":{\"@id\":\"https:\/\/jornalfatosenoticias.com.br\/index.php\/2021\/09\/03\/junta-comercial-registra-maior-numero-de-abertura-de-empresas-da-historia\/#primaryimage\"},\"image\":{\"@id\":\"https:\/\/jornalfatosenoticias.com.br\/index.php\/2021\/09\/03\/junta-comercial-registra-maior-numero-de-abertura-de-empresas-da-historia\/#primaryimage\"},\"thumbnailUrl\":\"https:\/\/jornalfatosenoticias.com.br\/wp-content\/uploads\/2021\/09\/junta-comercial.jpg\",\"datePublished\":\"2021-09-03T15:44:29+00:00\",\"dateModified\":\"2021-09-03T15:44:32+00:00\",\"breadcrumb\":{\"@id\":\"https:\/\/jornalfatosenoticias.com.br\/index.php\/2021\/09\/03\/junta-comercial-registra-maior-numero-de-abertura-de-empresas-da-historia\/#breadcrumb\"},\"inLanguage\":\"pt-BR\",\"potentialAction\":[{\"@type\":\"ReadAction\",\"target\":[\"https:\/\/jornalfatosenoticias.com.br\/index.php\/2021\/09\/03\/junta-comercial-registra-maior-numero-de-abertura-de-empresas-da-historia\/\"]}]},{\"@type\":\"ImageObject\",\"inLanguage\":\"pt-BR\",\"@id\":\"https:\/\/jornalfatosenoticias.com.br\/index.php\/2021\/09\/03\/junta-comercial-registra-maior-numero-de-abertura-de-empresas-da-historia\/#primaryimage\",\"url\":\"https:\/\/jornalfatosenoticias.com.br\/wp-content\/uploads\/2021\/09\/junta-comercial.jpg\",\"contentUrl\":\"https:\/\/jornalfatosenoticias.com.br\/wp-content\/uploads\/2021\/09\/junta-comercial.jpg\",\"width\":1000,\"height\":668},{\"@type\":\"BreadcrumbList\",\"@id\":\"https:\/\/jornalfatosenoticias.com.br\/index.php\/2021\/09\/03\/junta-comercial-registra-maior-numero-de-abertura-de-empresas-da-historia\/#breadcrumb\",\"itemListElement\":[{\"@type\":\"ListItem\",\"position\":1,\"name\":\"In\u00edcio\",\"item\":\"https:\/\/jornalfatosenoticias.com.br\/\"},{\"@type\":\"ListItem\",\"position\":2,\"name\":\"Junta Comercial registra maior n\u00famero de abertura de empresas da hist\u00f3ria\"}]},{\"@type\":\"WebSite\",\"@id\":\"https:\/\/jornalfatosenoticias.com.br\/#website\",\"url\":\"https:\/\/jornalfatosenoticias.com.br\/\",\"name\":\"Jornal Fatos e Not\u00edcias\",\"description\":\"Not\u00edcias em geral\",\"publisher\":{\"@id\":\"https:\/\/jornalfatosenoticias.com.br\/#organization\"},\"potentialAction\":[{\"@type\":\"SearchAction\",\"target\":{\"@type\":\"EntryPoint\",\"urlTemplate\":\"https:\/\/jornalfatosenoticias.com.br\/?s={search_term_string}\"},\"query-input\":{\"@type\":\"PropertyValueSpecification\",\"valueRequired\":true,\"valueName\":\"search_term_string\"}}],\"inLanguage\":\"pt-BR\"},{\"@type\":\"Organization\",\"@id\":\"https:\/\/jornalfatosenoticias.com.br\/#organization\",\"name\":\"Jornal Fatos e Not\u00edcias\",\"url\":\"https:\/\/jornalfatosenoticias.com.br\/\",\"logo\":{\"@type\":\"ImageObject\",\"inLanguage\":\"pt-BR\",\"@id\":\"https:\/\/jornalfatosenoticias.com.br\/#\/schema\/logo\/image\/\",\"url\":\"https:\/\/jornalfatosenoticias.com.br\/wp-content\/uploads\/2020\/02\/logo120.png\",\"contentUrl\":\"https:\/\/jornalfatosenoticias.com.br\/wp-content\/uploads\/2020\/02\/logo120.png\",\"width\":1227,\"height\":120,\"caption\":\"Jornal Fatos e Not\u00edcias\"},\"image\":{\"@id\":\"https:\/\/jornalfatosenoticias.com.br\/#\/schema\/logo\/image\/\"}},{\"@type\":\"Person\",\"@id\":\"https:\/\/jornalfatosenoticias.com.br\/#\/schema\/person\/d63837fa13ac8666eb9e74e0985d6f81\",\"name\":\"Luzimara Fernandes\",\"image\":{\"@type\":\"ImageObject\",\"inLanguage\":\"pt-BR\",\"@id\":\"https:\/\/jornalfatosenoticias.com.br\/#\/schema\/person\/image\/\",\"url\":\"https:\/\/jornalfatosenoticias.com.br\/wp-content\/uploads\/2025\/05\/EU_portal.jpg\",\"contentUrl\":\"https:\/\/jornalfatosenoticias.com.br\/wp-content\/uploads\/2025\/05\/EU_portal.jpg\",\"caption\":\"Luzimara Fernandes\"},\"description\":\"Jornalista MTB 2358-ES\",\"sameAs\":[\"https:\/\/jornalfatosenoticias.com.br\"],\"url\":\"https:\/\/jornalfatosenoticias.com.br\/index.php\/author\/luzimara\/\"}]}<\/script>\n<!-- \/ Yoast SEO plugin. -->","yoast_head_json":{"title":"Junta Comercial registra maior n\u00famero de abertura de empresas da hist\u00f3ria - Jornal Fatos e Not\u00edcias","robots":{"index":"index","follow":"follow","max-snippet":"max-snippet:-1","max-image-preview":"max-image-preview:large","max-video-preview":"max-video-preview:-1"},"canonical":"https:\/\/jornalfatosenoticias.com.br\/index.php\/2021\/09\/03\/junta-comercial-registra-maior-numero-de-abertura-de-empresas-da-historia\/","og_locale":"pt_BR","og_type":"article","og_title":"Junta Comercial registra maior n\u00famero de abertura de empresas da hist\u00f3ria - Jornal Fatos e Not\u00edcias","og_description":"A Junta Comercial do Estado do Esp\u00edrito Santo (JUCEES) registrou, em agosto, o maior n\u00famero de empresas abertas desde 2010, quando o levantamento come\u00e7ou a ser feito. Ao todo, foram abertos 1.904 novos neg\u00f3cios.Com isso, o total de empresas abertas de janeiro a agosto de 2021 chegou a 12.578 \u2014 28% maior do que o [&hellip;]","og_url":"https:\/\/jornalfatosenoticias.com.br\/index.php\/2021\/09\/03\/junta-comercial-registra-maior-numero-de-abertura-de-empresas-da-historia\/","og_site_name":"Jornal Fatos e Not\u00edcias","article_published_time":"2021-09-03T15:44:29+00:00","article_modified_time":"2021-09-03T15:44:32+00:00","og_image":[{"width":1000,"height":668,"url":"https:\/\/jornalfatosenoticias.com.br\/wp-content\/uploads\/2021\/09\/junta-comercial.jpg","type":"image\/jpeg"}],"author":"Luzimara Fernandes","twitter_card":"summary_large_image","twitter_misc":{"Escrito por":"Luzimara Fernandes","Est. tempo de leitura":"1 minuto"},"schema":{"@context":"https:\/\/schema.org","@graph":[{"@type":"Article","@id":"https:\/\/jornalfatosenoticias.com.br\/index.php\/2021\/09\/03\/junta-comercial-registra-maior-numero-de-abertura-de-empresas-da-historia\/#article","isPartOf":{"@id":"https:\/\/jornalfatosenoticias.com.br\/index.php\/2021\/09\/03\/junta-comercial-registra-maior-numero-de-abertura-de-empresas-da-historia\/"},"author":{"name":"Luzimara Fernandes","@id":"https:\/\/jornalfatosenoticias.com.br\/#\/schema\/person\/d63837fa13ac8666eb9e74e0985d6f81"},"headline":"Junta Comercial registra maior n\u00famero de abertura de empresas da hist\u00f3ria","datePublished":"2021-09-03T15:44:29+00:00","dateModified":"2021-09-03T15:44:32+00:00","mainEntityOfPage":{"@id":"https:\/\/jornalfatosenoticias.com.br\/index.php\/2021\/09\/03\/junta-comercial-registra-maior-numero-de-abertura-de-empresas-da-historia\/"},"wordCount":290,"commentCount":0,"publisher":{"@id":"https:\/\/jornalfatosenoticias.com.br\/#organization"},"image":{"@id":"https:\/\/jornalfatosenoticias.com.br\/index.php\/2021\/09\/03\/junta-comercial-registra-maior-numero-de-abertura-de-empresas-da-historia\/#primaryimage"},"thumbnailUrl":"https:\/\/jornalfatosenoticias.com.br\/wp-content\/uploads\/2021\/09\/junta-comercial.jpg","keywords":["empresas abertas","JUCEES","Junta Comercial ES","novas empresas"],"articleSection":["Economia"],"inLanguage":"pt-BR","potentialAction":[{"@type":"CommentAction","name":"Comment","target":["https:\/\/jornalfatosenoticias.com.br\/index.php\/2021\/09\/03\/junta-comercial-registra-maior-numero-de-abertura-de-empresas-da-historia\/#respond"]}]},{"@type":"WebPage","@id":"https:\/\/jornalfatosenoticias.com.br\/index.php\/2021\/09\/03\/junta-comercial-registra-maior-numero-de-abertura-de-empresas-da-historia\/","url":"https:\/\/jornalfatosenoticias.com.br\/index.php\/2021\/09\/03\/junta-comercial-registra-maior-numero-de-abertura-de-empresas-da-historia\/","name":"Junta Comercial registra maior n\u00famero de abertura de empresas da hist\u00f3ria - Jornal Fatos e Not\u00edcias","isPartOf":{"@id":"https:\/\/jornalfatosenoticias.com.br\/#website"},"primaryImageOfPage":{"@id":"https:\/\/jornalfatosenoticias.com.br\/index.php\/2021\/09\/03\/junta-comercial-registra-maior-numero-de-abertura-de-empresas-da-historia\/#primaryimage"},"image":{"@id":"https:\/\/jornalfatosenoticias.com.br\/index.php\/2021\/09\/03\/junta-comercial-registra-maior-numero-de-abertura-de-empresas-da-historia\/#primaryimage"},"thumbnailUrl":"https:\/\/jornalfatosenoticias.com.br\/wp-content\/uploads\/2021\/09\/junta-comercial.jpg","datePublished":"2021-09-03T15:44:29+00:00","dateModified":"2021-09-03T15:44:32+00:00","breadcrumb":{"@id":"https:\/\/jornalfatosenoticias.com.br\/index.php\/2021\/09\/03\/junta-comercial-registra-maior-numero-de-abertura-de-empresas-da-historia\/#breadcrumb"},"inLanguage":"pt-BR","potentialAction":[{"@type":"ReadAction","target":["https:\/\/jornalfatosenoticias.com.br\/index.php\/2021\/09\/03\/junta-comercial-registra-maior-numero-de-abertura-de-empresas-da-historia\/"]}]},{"@type":"ImageObject","inLanguage":"pt-BR","@id":"https:\/\/jornalfatosenoticias.com.br\/index.php\/2021\/09\/03\/junta-comercial-registra-maior-numero-de-abertura-de-empresas-da-historia\/#primaryimage","url":"https:\/\/jornalfatosenoticias.com.br\/wp-content\/uploads\/2021\/09\/junta-comercial.jpg","contentUrl":"https:\/\/jornalfatosenoticias.com.br\/wp-content\/uploads\/2021\/09\/junta-comercial.jpg","width":1000,"height":668},{"@type":"BreadcrumbList","@id":"https:\/\/jornalfatosenoticias.com.br\/index.php\/2021\/09\/03\/junta-comercial-registra-maior-numero-de-abertura-de-empresas-da-historia\/#breadcrumb","itemListElement":[{"@type":"ListItem","position":1,"name":"In\u00edcio","item":"https:\/\/jornalfatosenoticias.com.br\/"},{"@type":"ListItem","position":2,"name":"Junta Comercial registra maior n\u00famero de abertura de empresas da hist\u00f3ria"}]},{"@type":"WebSite","@id":"https:\/\/jornalfatosenoticias.com.br\/#website","url":"https:\/\/jornalfatosenoticias.com.br\/","name":"Jornal Fatos e Not\u00edcias","description":"Not\u00edcias em geral","publisher":{"@id":"https:\/\/jornalfatosenoticias.com.br\/#organization"},"potentialAction":[{"@type":"SearchAction","target":{"@type":"EntryPoint","urlTemplate":"https:\/\/jornalfatosenoticias.com.br\/?s={search_term_string}"},"query-input":{"@type":"PropertyValueSpecification","valueRequired":true,"valueName":"search_term_string"}}],"inLanguage":"pt-BR"},{"@type":"Organization","@id":"https:\/\/jornalfatosenoticias.com.br\/#organization","name":"Jornal Fatos e Not\u00edcias","url":"https:\/\/jornalfatosenoticias.com.br\/","logo":{"@type":"ImageObject","inLanguage":"pt-BR","@id":"https:\/\/jornalfatosenoticias.com.br\/#\/schema\/logo\/image\/","url":"https:\/\/jornalfatosenoticias.com.br\/wp-content\/uploads\/2020\/02\/logo120.png","contentUrl":"https:\/\/jornalfatosenoticias.com.br\/wp-content\/uploads\/2020\/02\/logo120.png","width":1227,"height":120,"caption":"Jornal Fatos e Not\u00edcias"},"image":{"@id":"https:\/\/jornalfatosenoticias.com.br\/#\/schema\/logo\/image\/"}},{"@type":"Person","@id":"https:\/\/jornalfatosenoticias.com.br\/#\/schema\/person\/d63837fa13ac8666eb9e74e0985d6f81","name":"Luzimara Fernandes","image":{"@type":"ImageObject","inLanguage":"pt-BR","@id":"https:\/\/jornalfatosenoticias.com.br\/#\/schema\/person\/image\/","url":"https:\/\/jornalfatosenoticias.com.br\/wp-content\/uploads\/2025\/05\/EU_portal.jpg","contentUrl":"https:\/\/jornalfatosenoticias.com.br\/wp-content\/uploads\/2025\/05\/EU_portal.jpg","caption":"Luzimara Fernandes"},"description":"Jornalista MTB 2358-ES","sameAs":["https:\/\/jornalfatosenoticias.com.br"],"url":"https:\/\/jornalfatosenoticias.com.br\/index.php\/author\/luzimara\/"}]}},"cc_featured_image_caption":{"caption_text":"(Foto: Ascom Sefaz)","source_text":"","source_url":""},"jetpack_featured_media_url":"https:\/\/jornalfatosenoticias.com.br\/wp-content\/uploads\/2021\/09\/junta-comercial.jpg","_links":{"self":[{"href":"https:\/\/jornalfatosenoticias.com.br\/index.php\/wp-json\/wp\/v2\/posts\/22612","targetHints":{"allow":["GET"]}}],"collection":[{"href":"https:\/\/jornalfatosenoticias.com.br\/index.php\/wp-json\/wp\/v2\/posts"}],"about":[{"href":"https:\/\/jornalfatosenoticias.com.br\/index.php\/wp-json\/wp\/v2\/types\/post"}],"author":[{"embeddable":true,"href":"https:\/\/jornalfatosenoticias.com.br\/index.php\/wp-json\/wp\/v2\/users\/2"}],"replies":[{"embeddable":true,"href":"https:\/\/jornalfatosenoticias.com.br\/index.php\/wp-json\/wp\/v2\/comments?post=22612"}],"version-history":[{"count":0,"href":"https:\/\/jornalfatosenoticias.com.br\/index.php\/wp-json\/wp\/v2\/posts\/22612\/revisions"}],"wp:featuredmedia":[{"embeddable":true,"href":"https:\/\/jornalfatosenoticias.com.br\/index.php\/wp-json\/wp\/v2\/media\/22613"}],"wp:attachment":[{"href":"https:\/\/jornalfatosenoticias.com.br\/index.php\/wp-json\/wp\/v2\/media?parent=22612"}],"wp:term":[{"taxonomy":"category","embeddable":true,"href":"https:\/\/jornalfatosenoticias.com.br\/index.php\/wp-json\/wp\/v2\/categories?post=22612"},{"taxonomy":"post_tag","embeddable":true,"href":"https:\/\/jornalfatosenoticias.com.br\/index.php\/wp-json\/wp\/v2\/tags?post=22612"}],"curies":[{"name":"wp","href":"https:\/\/api.w.org\/{rel}","templated":true}]}}