{"id":2283,"date":"2020-03-20T10:17:58","date_gmt":"2020-03-20T13:17:58","guid":{"rendered":"https:\/\/jornalfatosenoticias.com.br\/?p=2283"},"modified":"2020-03-20T10:18:06","modified_gmt":"2020-03-20T13:18:06","slug":"beneficios-dos-vegetais-verdes-escuros","status":"publish","type":"post","link":"https:\/\/jornalfatosenoticias.com.br\/index.php\/2020\/03\/20\/beneficios-dos-vegetais-verdes-escuros\/","title":{"rendered":"Benef\u00edcios dos vegetais verdes-escuros"},"content":{"rendered":"\n<h6 class=\"wp-block-heading\"><em>O br\u00f3colis, a couve o espinafre, entre outros vegetais verdes-escuros, t\u00eam um grande benef\u00edcio em nossa sa\u00fade<\/em><\/h6>\n\n\n\n<p>O br\u00f3colis, a couve o espinafre, entre outros vegetais verdes-escuros, t\u00eam um grande benef\u00edcio em nossa sa\u00fade e devem estar sempre presentes em nossos pratos para compor uma alimenta\u00e7\u00e3o saud\u00e1vel e equilibrada.<br>\nOs carotenoides s\u00e3o respons\u00e1veis por dar a colora\u00e7\u00e3o verde-escura para esses alimentos. Que por sua vez s\u00e3o supernutritivos, tendo a\u00e7\u00e3o antioxidante e agem combatendo os radicais livres, tudo que precisamos para potencializar ainda mais nossa sa\u00fade, aumentando a imunidade. Prevenindo, assim, doen\u00e7as e combatendo o envelhecimento. Tamb\u00e9m tem a\u00e7\u00e3o desintoxicante e ajuda a controlar o colesterol.<br>\nMantendo sempre uma vida equilibrada e com h\u00e1bitos alimentares saud\u00e1veis, vamos nos tornando cada vez mais resistentes \u00e0s doen\u00e7as do dia a dia.<\/p>\n","protected":false},"excerpt":{"rendered":"<p>O br\u00f3colis, a couve o espinafre, entre outros vegetais verdes-escuros, t\u00eam um grande benef\u00edcio em nossa sa\u00fade O br\u00f3colis, a couve o espinafre, entre outros vegetais verdes-escuros, t\u00eam um grande benef\u00edcio em nossa sa\u00fade e devem estar sempre presentes em nossos pratos para compor uma alimenta\u00e7\u00e3o saud\u00e1vel e equilibrada. Os carotenoides s\u00e3o respons\u00e1veis por dar [&hellip;]<\/p>\n","protected":false},"author":10,"featured_media":2284,"comment_status":"open","ping_status":"open","sticky":false,"template":"","format":"standard","meta":{"footnotes":""},"categories":[42],"tags":[384,839,838,840,552,74,837],"class_list":["post-2283","post","type-post","status-publish","format-standard","has-post-thumbnail","hentry","category-bem-estar","tag-alimentacao-saudavel","tag-carotenoides","tag-colesterol","tag-desintoxicante","tag-salada","tag-saude","tag-vegetais"],"yoast_head":"<!-- This site is optimized with the Yoast SEO plugin v26.5 - https:\/\/yoast.com\/wordpress\/plugins\/seo\/ -->\n<title>Benef\u00edcios dos vegetais verdes-escuros - Jornal Fatos e Not\u00edcias<\/title>\n<meta name=\"robots\" content=\"index, follow, max-snippet:-1, max-image-preview:large, max-video-preview:-1\" \/>\n<link rel=\"canonical\" href=\"https:\/\/jornalfatosenoticias.com.br\/index.php\/2020\/03\/20\/beneficios-dos-vegetais-verdes-escuros\/\" \/>\n<meta property=\"og:locale\" content=\"pt_BR\" \/>\n<meta property=\"og:type\" content=\"article\" \/>\n<meta property=\"og:title\" content=\"Benef\u00edcios dos vegetais verdes-escuros - Jornal Fatos e Not\u00edcias\" \/>\n<meta property=\"og:description\" content=\"O br\u00f3colis, a couve o espinafre, entre outros vegetais verdes-escuros, t\u00eam um grande benef\u00edcio em nossa sa\u00fade O br\u00f3colis, a couve o espinafre, entre outros vegetais verdes-escuros, t\u00eam um grande benef\u00edcio em nossa sa\u00fade e devem estar sempre presentes em nossos pratos para compor uma alimenta\u00e7\u00e3o saud\u00e1vel e equilibrada. Os carotenoides s\u00e3o respons\u00e1veis por dar [&hellip;]\" \/>\n<meta property=\"og:url\" content=\"https:\/\/jornalfatosenoticias.com.br\/index.php\/2020\/03\/20\/beneficios-dos-vegetais-verdes-escuros\/\" \/>\n<meta property=\"og:site_name\" content=\"Jornal Fatos e Not\u00edcias\" \/>\n<meta property=\"article:published_time\" content=\"2020-03-20T13:17:58+00:00\" \/>\n<meta property=\"article:modified_time\" content=\"2020-03-20T13:18:06+00:00\" \/>\n<meta property=\"og:image\" content=\"https:\/\/jornalfatosenoticias.com.br\/wp-content\/uploads\/2020\/03\/depositphotos_stock-photo-materia-gabriela.jpg\" \/>\n\t<meta property=\"og:image:width\" content=\"1023\" \/>\n\t<meta property=\"og:image:height\" content=\"561\" \/>\n\t<meta property=\"og:image:type\" content=\"image\/jpeg\" \/>\n<meta name=\"author\" content=\"Gabriela Messner Aresi Oliveira\" \/>\n<meta name=\"twitter:card\" content=\"summary_large_image\" \/>\n<meta name=\"twitter:label1\" content=\"Escrito por\" \/>\n\t<meta name=\"twitter:data1\" content=\"Gabriela Messner Aresi Oliveira\" \/>\n\t<meta name=\"twitter:label2\" content=\"Est. tempo de leitura\" \/>\n\t<meta name=\"twitter:data2\" content=\"1 minuto\" \/>\n<script type=\"application\/ld+json\" class=\"yoast-schema-graph\">{\"@context\":\"https:\/\/schema.org\",\"@graph\":[{\"@type\":\"Article\",\"@id\":\"https:\/\/jornalfatosenoticias.com.br\/index.php\/2020\/03\/20\/beneficios-dos-vegetais-verdes-escuros\/#article\",\"isPartOf\":{\"@id\":\"https:\/\/jornalfatosenoticias.com.br\/index.php\/2020\/03\/20\/beneficios-dos-vegetais-verdes-escuros\/\"},\"author\":{\"name\":\"Gabriela Messner Aresi Oliveira\",\"@id\":\"https:\/\/jornalfatosenoticias.com.br\/#\/schema\/person\/8e0fe72f7a2b1f60eecd0c7d1dc4d8f1\"},\"headline\":\"Benef\u00edcios dos vegetais verdes-escuros\",\"datePublished\":\"2020-03-20T13:17:58+00:00\",\"dateModified\":\"2020-03-20T13:18:06+00:00\",\"mainEntityOfPage\":{\"@id\":\"https:\/\/jornalfatosenoticias.com.br\/index.php\/2020\/03\/20\/beneficios-dos-vegetais-verdes-escuros\/\"},\"wordCount\":155,\"commentCount\":0,\"publisher\":{\"@id\":\"https:\/\/jornalfatosenoticias.com.br\/#organization\"},\"image\":{\"@id\":\"https:\/\/jornalfatosenoticias.com.br\/index.php\/2020\/03\/20\/beneficios-dos-vegetais-verdes-escuros\/#primaryimage\"},\"thumbnailUrl\":\"https:\/\/jornalfatosenoticias.com.br\/wp-content\/uploads\/2020\/03\/depositphotos_stock-photo-materia-gabriela.jpg\",\"keywords\":[\"alimenta\u00e7\u00e3o saud\u00e1vel\",\"carotenoides\",\"colesterol\",\"desintoxicante\",\"salada\",\"sa\u00fade\",\"vegetais\"],\"articleSection\":[\"Bem-estar\"],\"inLanguage\":\"pt-BR\",\"potentialAction\":[{\"@type\":\"CommentAction\",\"name\":\"Comment\",\"target\":[\"https:\/\/jornalfatosenoticias.com.br\/index.php\/2020\/03\/20\/beneficios-dos-vegetais-verdes-escuros\/#respond\"]}]},{\"@type\":\"WebPage\",\"@id\":\"https:\/\/jornalfatosenoticias.com.br\/index.php\/2020\/03\/20\/beneficios-dos-vegetais-verdes-escuros\/\",\"url\":\"https:\/\/jornalfatosenoticias.com.br\/index.php\/2020\/03\/20\/beneficios-dos-vegetais-verdes-escuros\/\",\"name\":\"Benef\u00edcios dos vegetais verdes-escuros - Jornal Fatos e Not\u00edcias\",\"isPartOf\":{\"@id\":\"https:\/\/jornalfatosenoticias.com.br\/#website\"},\"primaryImageOfPage\":{\"@id\":\"https:\/\/jornalfatosenoticias.com.br\/index.php\/2020\/03\/20\/beneficios-dos-vegetais-verdes-escuros\/#primaryimage\"},\"image\":{\"@id\":\"https:\/\/jornalfatosenoticias.com.br\/index.php\/2020\/03\/20\/beneficios-dos-vegetais-verdes-escuros\/#primaryimage\"},\"thumbnailUrl\":\"https:\/\/jornalfatosenoticias.com.br\/wp-content\/uploads\/2020\/03\/depositphotos_stock-photo-materia-gabriela.jpg\",\"datePublished\":\"2020-03-20T13:17:58+00:00\",\"dateModified\":\"2020-03-20T13:18:06+00:00\",\"breadcrumb\":{\"@id\":\"https:\/\/jornalfatosenoticias.com.br\/index.php\/2020\/03\/20\/beneficios-dos-vegetais-verdes-escuros\/#breadcrumb\"},\"inLanguage\":\"pt-BR\",\"potentialAction\":[{\"@type\":\"ReadAction\",\"target\":[\"https:\/\/jornalfatosenoticias.com.br\/index.php\/2020\/03\/20\/beneficios-dos-vegetais-verdes-escuros\/\"]}]},{\"@type\":\"ImageObject\",\"inLanguage\":\"pt-BR\",\"@id\":\"https:\/\/jornalfatosenoticias.com.br\/index.php\/2020\/03\/20\/beneficios-dos-vegetais-verdes-escuros\/#primaryimage\",\"url\":\"https:\/\/jornalfatosenoticias.com.br\/wp-content\/uploads\/2020\/03\/depositphotos_stock-photo-materia-gabriela.jpg\",\"contentUrl\":\"https:\/\/jornalfatosenoticias.com.br\/wp-content\/uploads\/2020\/03\/depositphotos_stock-photo-materia-gabriela.jpg\",\"width\":1023,\"height\":561},{\"@type\":\"BreadcrumbList\",\"@id\":\"https:\/\/jornalfatosenoticias.com.br\/index.php\/2020\/03\/20\/beneficios-dos-vegetais-verdes-escuros\/#breadcrumb\",\"itemListElement\":[{\"@type\":\"ListItem\",\"position\":1,\"name\":\"In\u00edcio\",\"item\":\"https:\/\/jornalfatosenoticias.com.br\/\"},{\"@type\":\"ListItem\",\"position\":2,\"name\":\"Benef\u00edcios dos vegetais verdes-escuros\"}]},{\"@type\":\"WebSite\",\"@id\":\"https:\/\/jornalfatosenoticias.com.br\/#website\",\"url\":\"https:\/\/jornalfatosenoticias.com.br\/\",\"name\":\"Jornal Fatos e Not\u00edcias\",\"description\":\"Not\u00edcias em geral\",\"publisher\":{\"@id\":\"https:\/\/jornalfatosenoticias.com.br\/#organization\"},\"potentialAction\":[{\"@type\":\"SearchAction\",\"target\":{\"@type\":\"EntryPoint\",\"urlTemplate\":\"https:\/\/jornalfatosenoticias.com.br\/?s={search_term_string}\"},\"query-input\":{\"@type\":\"PropertyValueSpecification\",\"valueRequired\":true,\"valueName\":\"search_term_string\"}}],\"inLanguage\":\"pt-BR\"},{\"@type\":\"Organization\",\"@id\":\"https:\/\/jornalfatosenoticias.com.br\/#organization\",\"name\":\"Jornal Fatos e Not\u00edcias\",\"url\":\"https:\/\/jornalfatosenoticias.com.br\/\",\"logo\":{\"@type\":\"ImageObject\",\"inLanguage\":\"pt-BR\",\"@id\":\"https:\/\/jornalfatosenoticias.com.br\/#\/schema\/logo\/image\/\",\"url\":\"https:\/\/jornalfatosenoticias.com.br\/wp-content\/uploads\/2020\/02\/logo120.png\",\"contentUrl\":\"https:\/\/jornalfatosenoticias.com.br\/wp-content\/uploads\/2020\/02\/logo120.png\",\"width\":1227,\"height\":120,\"caption\":\"Jornal Fatos e Not\u00edcias\"},\"image\":{\"@id\":\"https:\/\/jornalfatosenoticias.com.br\/#\/schema\/logo\/image\/\"}},{\"@type\":\"Person\",\"@id\":\"https:\/\/jornalfatosenoticias.com.br\/#\/schema\/person\/8e0fe72f7a2b1f60eecd0c7d1dc4d8f1\",\"name\":\"Gabriela Messner Aresi Oliveira\",\"image\":{\"@type\":\"ImageObject\",\"inLanguage\":\"pt-BR\",\"@id\":\"https:\/\/jornalfatosenoticias.com.br\/#\/schema\/person\/image\/\",\"url\":\"https:\/\/jornalfatosenoticias.com.br\/wp-content\/uploads\/2020\/03\/Gabriela-messner-150x150.jpg\",\"contentUrl\":\"https:\/\/jornalfatosenoticias.com.br\/wp-content\/uploads\/2020\/03\/Gabriela-messner-150x150.jpg\",\"caption\":\"Gabriela Messner Aresi Oliveira\"},\"url\":\"https:\/\/jornalfatosenoticias.com.br\/index.php\/author\/gabriela\/\"}]}<\/script>\n<!-- \/ Yoast SEO plugin. -->","yoast_head_json":{"title":"Benef\u00edcios dos vegetais verdes-escuros - Jornal Fatos e Not\u00edcias","robots":{"index":"index","follow":"follow","max-snippet":"max-snippet:-1","max-image-preview":"max-image-preview:large","max-video-preview":"max-video-preview:-1"},"canonical":"https:\/\/jornalfatosenoticias.com.br\/index.php\/2020\/03\/20\/beneficios-dos-vegetais-verdes-escuros\/","og_locale":"pt_BR","og_type":"article","og_title":"Benef\u00edcios dos vegetais verdes-escuros - Jornal Fatos e Not\u00edcias","og_description":"O br\u00f3colis, a couve o espinafre, entre outros vegetais verdes-escuros, t\u00eam um grande benef\u00edcio em nossa sa\u00fade O br\u00f3colis, a couve o espinafre, entre outros vegetais verdes-escuros, t\u00eam um grande benef\u00edcio em nossa sa\u00fade e devem estar sempre presentes em nossos pratos para compor uma alimenta\u00e7\u00e3o saud\u00e1vel e equilibrada. Os carotenoides s\u00e3o respons\u00e1veis por dar [&hellip;]","og_url":"https:\/\/jornalfatosenoticias.com.br\/index.php\/2020\/03\/20\/beneficios-dos-vegetais-verdes-escuros\/","og_site_name":"Jornal Fatos e Not\u00edcias","article_published_time":"2020-03-20T13:17:58+00:00","article_modified_time":"2020-03-20T13:18:06+00:00","og_image":[{"width":1023,"height":561,"url":"https:\/\/jornalfatosenoticias.com.br\/wp-content\/uploads\/2020\/03\/depositphotos_stock-photo-materia-gabriela.jpg","type":"image\/jpeg"}],"author":"Gabriela Messner Aresi Oliveira","twitter_card":"summary_large_image","twitter_misc":{"Escrito por":"Gabriela Messner Aresi Oliveira","Est. tempo de leitura":"1 minuto"},"schema":{"@context":"https:\/\/schema.org","@graph":[{"@type":"Article","@id":"https:\/\/jornalfatosenoticias.com.br\/index.php\/2020\/03\/20\/beneficios-dos-vegetais-verdes-escuros\/#article","isPartOf":{"@id":"https:\/\/jornalfatosenoticias.com.br\/index.php\/2020\/03\/20\/beneficios-dos-vegetais-verdes-escuros\/"},"author":{"name":"Gabriela Messner Aresi Oliveira","@id":"https:\/\/jornalfatosenoticias.com.br\/#\/schema\/person\/8e0fe72f7a2b1f60eecd0c7d1dc4d8f1"},"headline":"Benef\u00edcios dos vegetais verdes-escuros","datePublished":"2020-03-20T13:17:58+00:00","dateModified":"2020-03-20T13:18:06+00:00","mainEntityOfPage":{"@id":"https:\/\/jornalfatosenoticias.com.br\/index.php\/2020\/03\/20\/beneficios-dos-vegetais-verdes-escuros\/"},"wordCount":155,"commentCount":0,"publisher":{"@id":"https:\/\/jornalfatosenoticias.com.br\/#organization"},"image":{"@id":"https:\/\/jornalfatosenoticias.com.br\/index.php\/2020\/03\/20\/beneficios-dos-vegetais-verdes-escuros\/#primaryimage"},"thumbnailUrl":"https:\/\/jornalfatosenoticias.com.br\/wp-content\/uploads\/2020\/03\/depositphotos_stock-photo-materia-gabriela.jpg","keywords":["alimenta\u00e7\u00e3o saud\u00e1vel","carotenoides","colesterol","desintoxicante","salada","sa\u00fade","vegetais"],"articleSection":["Bem-estar"],"inLanguage":"pt-BR","potentialAction":[{"@type":"CommentAction","name":"Comment","target":["https:\/\/jornalfatosenoticias.com.br\/index.php\/2020\/03\/20\/beneficios-dos-vegetais-verdes-escuros\/#respond"]}]},{"@type":"WebPage","@id":"https:\/\/jornalfatosenoticias.com.br\/index.php\/2020\/03\/20\/beneficios-dos-vegetais-verdes-escuros\/","url":"https:\/\/jornalfatosenoticias.com.br\/index.php\/2020\/03\/20\/beneficios-dos-vegetais-verdes-escuros\/","name":"Benef\u00edcios dos vegetais verdes-escuros - Jornal Fatos e Not\u00edcias","isPartOf":{"@id":"https:\/\/jornalfatosenoticias.com.br\/#website"},"primaryImageOfPage":{"@id":"https:\/\/jornalfatosenoticias.com.br\/index.php\/2020\/03\/20\/beneficios-dos-vegetais-verdes-escuros\/#primaryimage"},"image":{"@id":"https:\/\/jornalfatosenoticias.com.br\/index.php\/2020\/03\/20\/beneficios-dos-vegetais-verdes-escuros\/#primaryimage"},"thumbnailUrl":"https:\/\/jornalfatosenoticias.com.br\/wp-content\/uploads\/2020\/03\/depositphotos_stock-photo-materia-gabriela.jpg","datePublished":"2020-03-20T13:17:58+00:00","dateModified":"2020-03-20T13:18:06+00:00","breadcrumb":{"@id":"https:\/\/jornalfatosenoticias.com.br\/index.php\/2020\/03\/20\/beneficios-dos-vegetais-verdes-escuros\/#breadcrumb"},"inLanguage":"pt-BR","potentialAction":[{"@type":"ReadAction","target":["https:\/\/jornalfatosenoticias.com.br\/index.php\/2020\/03\/20\/beneficios-dos-vegetais-verdes-escuros\/"]}]},{"@type":"ImageObject","inLanguage":"pt-BR","@id":"https:\/\/jornalfatosenoticias.com.br\/index.php\/2020\/03\/20\/beneficios-dos-vegetais-verdes-escuros\/#primaryimage","url":"https:\/\/jornalfatosenoticias.com.br\/wp-content\/uploads\/2020\/03\/depositphotos_stock-photo-materia-gabriela.jpg","contentUrl":"https:\/\/jornalfatosenoticias.com.br\/wp-content\/uploads\/2020\/03\/depositphotos_stock-photo-materia-gabriela.jpg","width":1023,"height":561},{"@type":"BreadcrumbList","@id":"https:\/\/jornalfatosenoticias.com.br\/index.php\/2020\/03\/20\/beneficios-dos-vegetais-verdes-escuros\/#breadcrumb","itemListElement":[{"@type":"ListItem","position":1,"name":"In\u00edcio","item":"https:\/\/jornalfatosenoticias.com.br\/"},{"@type":"ListItem","position":2,"name":"Benef\u00edcios dos vegetais verdes-escuros"}]},{"@type":"WebSite","@id":"https:\/\/jornalfatosenoticias.com.br\/#website","url":"https:\/\/jornalfatosenoticias.com.br\/","name":"Jornal Fatos e Not\u00edcias","description":"Not\u00edcias em geral","publisher":{"@id":"https:\/\/jornalfatosenoticias.com.br\/#organization"},"potentialAction":[{"@type":"SearchAction","target":{"@type":"EntryPoint","urlTemplate":"https:\/\/jornalfatosenoticias.com.br\/?s={search_term_string}"},"query-input":{"@type":"PropertyValueSpecification","valueRequired":true,"valueName":"search_term_string"}}],"inLanguage":"pt-BR"},{"@type":"Organization","@id":"https:\/\/jornalfatosenoticias.com.br\/#organization","name":"Jornal Fatos e Not\u00edcias","url":"https:\/\/jornalfatosenoticias.com.br\/","logo":{"@type":"ImageObject","inLanguage":"pt-BR","@id":"https:\/\/jornalfatosenoticias.com.br\/#\/schema\/logo\/image\/","url":"https:\/\/jornalfatosenoticias.com.br\/wp-content\/uploads\/2020\/02\/logo120.png","contentUrl":"https:\/\/jornalfatosenoticias.com.br\/wp-content\/uploads\/2020\/02\/logo120.png","width":1227,"height":120,"caption":"Jornal Fatos e Not\u00edcias"},"image":{"@id":"https:\/\/jornalfatosenoticias.com.br\/#\/schema\/logo\/image\/"}},{"@type":"Person","@id":"https:\/\/jornalfatosenoticias.com.br\/#\/schema\/person\/8e0fe72f7a2b1f60eecd0c7d1dc4d8f1","name":"Gabriela Messner Aresi Oliveira","image":{"@type":"ImageObject","inLanguage":"pt-BR","@id":"https:\/\/jornalfatosenoticias.com.br\/#\/schema\/person\/image\/","url":"https:\/\/jornalfatosenoticias.com.br\/wp-content\/uploads\/2020\/03\/Gabriela-messner-150x150.jpg","contentUrl":"https:\/\/jornalfatosenoticias.com.br\/wp-content\/uploads\/2020\/03\/Gabriela-messner-150x150.jpg","caption":"Gabriela Messner Aresi Oliveira"},"url":"https:\/\/jornalfatosenoticias.com.br\/index.php\/author\/gabriela\/"}]}},"cc_featured_image_caption":{"caption_text":"Folhas (Foto: Depositphotos\/Stockphoto)","source_text":"","source_url":""},"jetpack_featured_media_url":"https:\/\/jornalfatosenoticias.com.br\/wp-content\/uploads\/2020\/03\/depositphotos_stock-photo-materia-gabriela.jpg","_links":{"self":[{"href":"https:\/\/jornalfatosenoticias.com.br\/index.php\/wp-json\/wp\/v2\/posts\/2283","targetHints":{"allow":["GET"]}}],"collection":[{"href":"https:\/\/jornalfatosenoticias.com.br\/index.php\/wp-json\/wp\/v2\/posts"}],"about":[{"href":"https:\/\/jornalfatosenoticias.com.br\/index.php\/wp-json\/wp\/v2\/types\/post"}],"author":[{"embeddable":true,"href":"https:\/\/jornalfatosenoticias.com.br\/index.php\/wp-json\/wp\/v2\/users\/10"}],"replies":[{"embeddable":true,"href":"https:\/\/jornalfatosenoticias.com.br\/index.php\/wp-json\/wp\/v2\/comments?post=2283"}],"version-history":[{"count":0,"href":"https:\/\/jornalfatosenoticias.com.br\/index.php\/wp-json\/wp\/v2\/posts\/2283\/revisions"}],"wp:featuredmedia":[{"embeddable":true,"href":"https:\/\/jornalfatosenoticias.com.br\/index.php\/wp-json\/wp\/v2\/media\/2284"}],"wp:attachment":[{"href":"https:\/\/jornalfatosenoticias.com.br\/index.php\/wp-json\/wp\/v2\/media?parent=2283"}],"wp:term":[{"taxonomy":"category","embeddable":true,"href":"https:\/\/jornalfatosenoticias.com.br\/index.php\/wp-json\/wp\/v2\/categories?post=2283"},{"taxonomy":"post_tag","embeddable":true,"href":"https:\/\/jornalfatosenoticias.com.br\/index.php\/wp-json\/wp\/v2\/tags?post=2283"}],"curies":[{"name":"wp","href":"https:\/\/api.w.org\/{rel}","templated":true}]}}