{"id":22831,"date":"2021-09-15T09:00:20","date_gmt":"2021-09-15T12:00:20","guid":{"rendered":"https:\/\/jornalfatosenoticias.com.br\/?p=22831"},"modified":"2021-09-15T09:00:20","modified_gmt":"2021-09-15T12:00:20","slug":"spacex-faz-primeiro-voo-orbital-civil-da-historia","status":"publish","type":"post","link":"https:\/\/jornalfatosenoticias.com.br\/index.php\/2021\/09\/15\/spacex-faz-primeiro-voo-orbital-civil-da-historia\/","title":{"rendered":"SpaceX faz primeiro voo orbital civil da hist\u00f3ria"},"content":{"rendered":"\n<p><em><span class=\"has-inline-color has-black-color\">Janela de decolagem ser\u00e1 iniciada hoje \u00e0s 21h<\/span><\/em><\/p>\n\n\n\n<p>A primeira miss\u00e3o espacial totalmente civil ter\u00e1 sua janela de decolagem aberta hoje (15), \u00e0s 21h (hor\u00e1rio de Bras\u00edlia), para orbitar a Terra a mais de 27 mil quil\u00f4metros por hora (km\/h). Essa velocidade possibilitar\u00e1 uma volta ao redor do planeta a cada 90 minutos, a bordo da Crew Dragon, c\u00e1psula desenvolvida pela SpaceX, empresa de foguetes do empres\u00e1rio Elon Musk.<br>Chamada de Inspiration4, a miss\u00e3o representa um grande passo para o turismo espacial. Ela ter\u00e1 a bordo quatro tripulantes e durar\u00e1 tr\u00eas dias. A expectativa \u00e9 de que o \u00e1pice da aventura seja a uma altitude superior a 550km.<br>A decolagem da Crew Dragon ocorrer\u00e1 no Centro Espacial Kennedy, na Fl\u00f3rida, conduzida pelo Falcon 9, foguete reutiliz\u00e1vel projetado e fabricado pela SpaceX para o \u201ctransporte confi\u00e1vel e seguro de pessoas e cargas \u00fateis para a \u00f3rbita da Terra e al\u00e9m\u201d.<br>A decolagem ser\u00e1 transmitida pela internet. Para assisti-la, <strong><a href=\"https:\/\/www.youtube.com\/c\/SpaceX\/featured\" target=\"_blank\" rel=\"noreferrer noopener\">clique aqui<\/a><\/strong>. A SpaceX informa que o hor\u00e1rio de decolagem depender\u00e1 de fatores clim\u00e1ticos, o que pode atrasar tanto o lan\u00e7amento quanto o pouso da espa\u00e7onave.<\/p>\n\n\n\n<p><strong><span class=\"has-inline-color has-black-color\">Voo orbital<br><\/span><\/strong>Se tudo der certo, a Inspiration4 ser\u00e1 a \u201cprimeira miss\u00e3o totalmente civil a orbitar\u201d ao redor do planeta. Ao contr\u00e1rio do voo suborbital, que faz uma subida curva at\u00e9 uma certa altura para ent\u00e3o retornar \u00e0 Terra, o orbital requer uma velocidade bem superior, a ponto de, a exemplo de sat\u00e9lites artificiais \u2014 ou naturais, como a Lua \u2014 atingir uma posi\u00e7\u00e3o que possibilita \u00e0 nave circular em volta do planeta.<br>A miss\u00e3o ser\u00e1 comandada por Jared Isaacman, de 38 anos. Ele \u00e9 fundador e CEO da empresa Shift4 Payments, al\u00e9m de \u201cum piloto aventureiro e talentoso\u201d, segundo a SpaceX.<\/p>\n\n\n\n<p><strong><span class=\"has-inline-color has-black-color\">Esperan\u00e7a, generosidade e prosperidade<br><\/span><\/strong>Outro aspecto torna a viagem ainda mais interessante: os tr\u00eas membros que, ao lado do comandante completam a tripula\u00e7\u00e3o, representam, cada um, um dos tr\u00eas pilares da miss\u00e3o, que pretende arrecadar fundos para o Hospital St. Jude Children\u2019s Research, institui\u00e7\u00e3o que desenvolve pesquisas e promove tratamentos para doen\u00e7as infantis.<br>A \u201cesperan\u00e7a\u201d \u00e9 representada por Hayley Arceneaux. Ela superou um c\u00e2ncer \u00f3sseo que teve durante a inf\u00e2ncia e, atualmente, trabalha como assistente no St Jude. Com 29 anos, \u00e9 a integrante mais jovem da miss\u00e3o e a primeira pessoa com pr\u00f3tese a ir ao espa\u00e7o.<br>A \u201cgenerosidade\u201d, outro pilar da miss\u00e3o, \u00e9 representada pelo ex-veterano da For\u00e7a A\u00e9rea norte-americana Chris Sembroski, de 42 anos. Sua escolha ocorreu ap\u00f3s ter feito doa\u00e7\u00f5es relevantes para a campanha destinada ao St Jude. E a \u201cprosperidade\u201d \u00e9 representada pela professora de geologia Sian Proctor, de 51 anos. Ap\u00f3s ter perdido, por pouco, a chance de ser uma astronauta da Nasa, a ag\u00eancia espacial norte-americana, ela ter\u00e1 agora a chance de ser a quarta mulher afro-americana a ir ao espa\u00e7o.<\/p>\n\n\n\n<p><strong><em>Fonte: <a href=\"https:\/\/agenciabrasil.ebc.com.br\/internacional\/noticia\/2021-09\/spacex-faz-primeiro-voo-orbital-civil-da-historia\">Ag\u00eancia Brasil<\/a><\/em><\/strong><\/p>\n","protected":false},"excerpt":{"rendered":"<p>Janela de decolagem ser\u00e1 iniciada hoje \u00e0s 21h A primeira miss\u00e3o espacial totalmente civil ter\u00e1 sua janela de decolagem aberta hoje (15), \u00e0s 21h (hor\u00e1rio de Bras\u00edlia), para orbitar a Terra a mais de 27 mil quil\u00f4metros por hora (km\/h). Essa velocidade possibilitar\u00e1 uma volta ao redor do planeta a cada 90 minutos, a bordo [&hellip;]<\/p>\n","protected":false},"author":2,"featured_media":22832,"comment_status":"open","ping_status":"open","sticky":false,"template":"","format":"standard","meta":{"footnotes":""},"categories":[2],"tags":[4270,164,2425,11160],"class_list":["post-22831","post","type-post","status-publish","format-standard","has-post-thumbnail","hentry","category-ciencia","tag-missao-espacial","tag-nasa","tag-spacex","tag-voo-orbital"],"yoast_head":"<!-- This site is optimized with the Yoast SEO plugin v26.5 - https:\/\/yoast.com\/wordpress\/plugins\/seo\/ -->\n<title>SpaceX faz primeiro voo orbital civil da hist\u00f3ria - Jornal Fatos e Not\u00edcias<\/title>\n<meta name=\"robots\" content=\"index, follow, max-snippet:-1, max-image-preview:large, max-video-preview:-1\" \/>\n<link rel=\"canonical\" href=\"https:\/\/jornalfatosenoticias.com.br\/index.php\/2021\/09\/15\/spacex-faz-primeiro-voo-orbital-civil-da-historia\/\" \/>\n<meta property=\"og:locale\" content=\"pt_BR\" \/>\n<meta property=\"og:type\" content=\"article\" \/>\n<meta property=\"og:title\" content=\"SpaceX faz primeiro voo orbital civil da hist\u00f3ria - Jornal Fatos e Not\u00edcias\" \/>\n<meta property=\"og:description\" content=\"Janela de decolagem ser\u00e1 iniciada hoje \u00e0s 21h A primeira miss\u00e3o espacial totalmente civil ter\u00e1 sua janela de decolagem aberta hoje (15), \u00e0s 21h (hor\u00e1rio de Bras\u00edlia), para orbitar a Terra a mais de 27 mil quil\u00f4metros por hora (km\/h). Essa velocidade possibilitar\u00e1 uma volta ao redor do planeta a cada 90 minutos, a bordo [&hellip;]\" \/>\n<meta property=\"og:url\" content=\"https:\/\/jornalfatosenoticias.com.br\/index.php\/2021\/09\/15\/spacex-faz-primeiro-voo-orbital-civil-da-historia\/\" \/>\n<meta property=\"og:site_name\" content=\"Jornal Fatos e Not\u00edcias\" \/>\n<meta property=\"article:published_time\" content=\"2021-09-15T12:00:20+00:00\" \/>\n<meta property=\"og:image\" content=\"https:\/\/jornalfatosenoticias.com.br\/wp-content\/uploads\/2021\/09\/space-exploration-spacex.jpg\" \/>\n\t<meta property=\"og:image:width\" content=\"1000\" \/>\n\t<meta property=\"og:image:height\" content=\"598\" \/>\n\t<meta property=\"og:image:type\" content=\"image\/jpeg\" \/>\n<meta name=\"author\" content=\"Luzimara Fernandes\" \/>\n<meta name=\"twitter:card\" content=\"summary_large_image\" \/>\n<meta name=\"twitter:label1\" content=\"Escrito por\" \/>\n\t<meta name=\"twitter:data1\" content=\"Luzimara Fernandes\" \/>\n\t<meta name=\"twitter:label2\" content=\"Est. tempo de leitura\" \/>\n\t<meta name=\"twitter:data2\" content=\"2 minutos\" \/>\n<script type=\"application\/ld+json\" class=\"yoast-schema-graph\">{\"@context\":\"https:\/\/schema.org\",\"@graph\":[{\"@type\":\"Article\",\"@id\":\"https:\/\/jornalfatosenoticias.com.br\/index.php\/2021\/09\/15\/spacex-faz-primeiro-voo-orbital-civil-da-historia\/#article\",\"isPartOf\":{\"@id\":\"https:\/\/jornalfatosenoticias.com.br\/index.php\/2021\/09\/15\/spacex-faz-primeiro-voo-orbital-civil-da-historia\/\"},\"author\":{\"name\":\"Luzimara Fernandes\",\"@id\":\"https:\/\/jornalfatosenoticias.com.br\/#\/schema\/person\/d63837fa13ac8666eb9e74e0985d6f81\"},\"headline\":\"SpaceX faz primeiro voo orbital civil da hist\u00f3ria\",\"datePublished\":\"2021-09-15T12:00:20+00:00\",\"mainEntityOfPage\":{\"@id\":\"https:\/\/jornalfatosenoticias.com.br\/index.php\/2021\/09\/15\/spacex-faz-primeiro-voo-orbital-civil-da-historia\/\"},\"wordCount\":504,\"commentCount\":0,\"publisher\":{\"@id\":\"https:\/\/jornalfatosenoticias.com.br\/#organization\"},\"image\":{\"@id\":\"https:\/\/jornalfatosenoticias.com.br\/index.php\/2021\/09\/15\/spacex-faz-primeiro-voo-orbital-civil-da-historia\/#primaryimage\"},\"thumbnailUrl\":\"https:\/\/jornalfatosenoticias.com.br\/wp-content\/uploads\/2021\/09\/space-exploration-spacex.jpg\",\"keywords\":[\"miss\u00e3o espacial\",\"Nasa\",\"SpaceX\",\"voo orbital\"],\"articleSection\":[\"Ci\u00eancia\"],\"inLanguage\":\"pt-BR\",\"potentialAction\":[{\"@type\":\"CommentAction\",\"name\":\"Comment\",\"target\":[\"https:\/\/jornalfatosenoticias.com.br\/index.php\/2021\/09\/15\/spacex-faz-primeiro-voo-orbital-civil-da-historia\/#respond\"]}]},{\"@type\":\"WebPage\",\"@id\":\"https:\/\/jornalfatosenoticias.com.br\/index.php\/2021\/09\/15\/spacex-faz-primeiro-voo-orbital-civil-da-historia\/\",\"url\":\"https:\/\/jornalfatosenoticias.com.br\/index.php\/2021\/09\/15\/spacex-faz-primeiro-voo-orbital-civil-da-historia\/\",\"name\":\"SpaceX faz primeiro voo orbital civil da hist\u00f3ria - Jornal Fatos e Not\u00edcias\",\"isPartOf\":{\"@id\":\"https:\/\/jornalfatosenoticias.com.br\/#website\"},\"primaryImageOfPage\":{\"@id\":\"https:\/\/jornalfatosenoticias.com.br\/index.php\/2021\/09\/15\/spacex-faz-primeiro-voo-orbital-civil-da-historia\/#primaryimage\"},\"image\":{\"@id\":\"https:\/\/jornalfatosenoticias.com.br\/index.php\/2021\/09\/15\/spacex-faz-primeiro-voo-orbital-civil-da-historia\/#primaryimage\"},\"thumbnailUrl\":\"https:\/\/jornalfatosenoticias.com.br\/wp-content\/uploads\/2021\/09\/space-exploration-spacex.jpg\",\"datePublished\":\"2021-09-15T12:00:20+00:00\",\"breadcrumb\":{\"@id\":\"https:\/\/jornalfatosenoticias.com.br\/index.php\/2021\/09\/15\/spacex-faz-primeiro-voo-orbital-civil-da-historia\/#breadcrumb\"},\"inLanguage\":\"pt-BR\",\"potentialAction\":[{\"@type\":\"ReadAction\",\"target\":[\"https:\/\/jornalfatosenoticias.com.br\/index.php\/2021\/09\/15\/spacex-faz-primeiro-voo-orbital-civil-da-historia\/\"]}]},{\"@type\":\"ImageObject\",\"inLanguage\":\"pt-BR\",\"@id\":\"https:\/\/jornalfatosenoticias.com.br\/index.php\/2021\/09\/15\/spacex-faz-primeiro-voo-orbital-civil-da-historia\/#primaryimage\",\"url\":\"https:\/\/jornalfatosenoticias.com.br\/wp-content\/uploads\/2021\/09\/space-exploration-spacex.jpg\",\"contentUrl\":\"https:\/\/jornalfatosenoticias.com.br\/wp-content\/uploads\/2021\/09\/space-exploration-spacex.jpg\",\"width\":1000,\"height\":598,\"caption\":\"Os astronautas da NASA Robert Behnken e Douglas Hurley s\u00e3o vistos a bordo da espa\u00e7onave Dragon Endeavor da SpaceX, em 2 de agosto de 2020, nesta captura de tela tirada de um v\u00eddeo\"},{\"@type\":\"BreadcrumbList\",\"@id\":\"https:\/\/jornalfatosenoticias.com.br\/index.php\/2021\/09\/15\/spacex-faz-primeiro-voo-orbital-civil-da-historia\/#breadcrumb\",\"itemListElement\":[{\"@type\":\"ListItem\",\"position\":1,\"name\":\"In\u00edcio\",\"item\":\"https:\/\/jornalfatosenoticias.com.br\/\"},{\"@type\":\"ListItem\",\"position\":2,\"name\":\"SpaceX faz primeiro voo orbital civil da hist\u00f3ria\"}]},{\"@type\":\"WebSite\",\"@id\":\"https:\/\/jornalfatosenoticias.com.br\/#website\",\"url\":\"https:\/\/jornalfatosenoticias.com.br\/\",\"name\":\"Jornal Fatos e Not\u00edcias\",\"description\":\"Not\u00edcias em geral\",\"publisher\":{\"@id\":\"https:\/\/jornalfatosenoticias.com.br\/#organization\"},\"potentialAction\":[{\"@type\":\"SearchAction\",\"target\":{\"@type\":\"EntryPoint\",\"urlTemplate\":\"https:\/\/jornalfatosenoticias.com.br\/?s={search_term_string}\"},\"query-input\":{\"@type\":\"PropertyValueSpecification\",\"valueRequired\":true,\"valueName\":\"search_term_string\"}}],\"inLanguage\":\"pt-BR\"},{\"@type\":\"Organization\",\"@id\":\"https:\/\/jornalfatosenoticias.com.br\/#organization\",\"name\":\"Jornal Fatos e Not\u00edcias\",\"url\":\"https:\/\/jornalfatosenoticias.com.br\/\",\"logo\":{\"@type\":\"ImageObject\",\"inLanguage\":\"pt-BR\",\"@id\":\"https:\/\/jornalfatosenoticias.com.br\/#\/schema\/logo\/image\/\",\"url\":\"https:\/\/jornalfatosenoticias.com.br\/wp-content\/uploads\/2020\/02\/logo120.png\",\"contentUrl\":\"https:\/\/jornalfatosenoticias.com.br\/wp-content\/uploads\/2020\/02\/logo120.png\",\"width\":1227,\"height\":120,\"caption\":\"Jornal Fatos e Not\u00edcias\"},\"image\":{\"@id\":\"https:\/\/jornalfatosenoticias.com.br\/#\/schema\/logo\/image\/\"}},{\"@type\":\"Person\",\"@id\":\"https:\/\/jornalfatosenoticias.com.br\/#\/schema\/person\/d63837fa13ac8666eb9e74e0985d6f81\",\"name\":\"Luzimara Fernandes\",\"image\":{\"@type\":\"ImageObject\",\"inLanguage\":\"pt-BR\",\"@id\":\"https:\/\/jornalfatosenoticias.com.br\/#\/schema\/person\/image\/\",\"url\":\"https:\/\/jornalfatosenoticias.com.br\/wp-content\/uploads\/2025\/05\/EU_portal.jpg\",\"contentUrl\":\"https:\/\/jornalfatosenoticias.com.br\/wp-content\/uploads\/2025\/05\/EU_portal.jpg\",\"caption\":\"Luzimara Fernandes\"},\"description\":\"Jornalista MTB 2358-ES\",\"sameAs\":[\"https:\/\/jornalfatosenoticias.com.br\"],\"url\":\"https:\/\/jornalfatosenoticias.com.br\/index.php\/author\/luzimara\/\"}]}<\/script>\n<!-- \/ Yoast SEO plugin. -->","yoast_head_json":{"title":"SpaceX faz primeiro voo orbital civil da hist\u00f3ria - Jornal Fatos e Not\u00edcias","robots":{"index":"index","follow":"follow","max-snippet":"max-snippet:-1","max-image-preview":"max-image-preview:large","max-video-preview":"max-video-preview:-1"},"canonical":"https:\/\/jornalfatosenoticias.com.br\/index.php\/2021\/09\/15\/spacex-faz-primeiro-voo-orbital-civil-da-historia\/","og_locale":"pt_BR","og_type":"article","og_title":"SpaceX faz primeiro voo orbital civil da hist\u00f3ria - Jornal Fatos e Not\u00edcias","og_description":"Janela de decolagem ser\u00e1 iniciada hoje \u00e0s 21h A primeira miss\u00e3o espacial totalmente civil ter\u00e1 sua janela de decolagem aberta hoje (15), \u00e0s 21h (hor\u00e1rio de Bras\u00edlia), para orbitar a Terra a mais de 27 mil quil\u00f4metros por hora (km\/h). Essa velocidade possibilitar\u00e1 uma volta ao redor do planeta a cada 90 minutos, a bordo [&hellip;]","og_url":"https:\/\/jornalfatosenoticias.com.br\/index.php\/2021\/09\/15\/spacex-faz-primeiro-voo-orbital-civil-da-historia\/","og_site_name":"Jornal Fatos e Not\u00edcias","article_published_time":"2021-09-15T12:00:20+00:00","og_image":[{"width":1000,"height":598,"url":"https:\/\/jornalfatosenoticias.com.br\/wp-content\/uploads\/2021\/09\/space-exploration-spacex.jpg","type":"image\/jpeg"}],"author":"Luzimara Fernandes","twitter_card":"summary_large_image","twitter_misc":{"Escrito por":"Luzimara Fernandes","Est. tempo de leitura":"2 minutos"},"schema":{"@context":"https:\/\/schema.org","@graph":[{"@type":"Article","@id":"https:\/\/jornalfatosenoticias.com.br\/index.php\/2021\/09\/15\/spacex-faz-primeiro-voo-orbital-civil-da-historia\/#article","isPartOf":{"@id":"https:\/\/jornalfatosenoticias.com.br\/index.php\/2021\/09\/15\/spacex-faz-primeiro-voo-orbital-civil-da-historia\/"},"author":{"name":"Luzimara Fernandes","@id":"https:\/\/jornalfatosenoticias.com.br\/#\/schema\/person\/d63837fa13ac8666eb9e74e0985d6f81"},"headline":"SpaceX faz primeiro voo orbital civil da hist\u00f3ria","datePublished":"2021-09-15T12:00:20+00:00","mainEntityOfPage":{"@id":"https:\/\/jornalfatosenoticias.com.br\/index.php\/2021\/09\/15\/spacex-faz-primeiro-voo-orbital-civil-da-historia\/"},"wordCount":504,"commentCount":0,"publisher":{"@id":"https:\/\/jornalfatosenoticias.com.br\/#organization"},"image":{"@id":"https:\/\/jornalfatosenoticias.com.br\/index.php\/2021\/09\/15\/spacex-faz-primeiro-voo-orbital-civil-da-historia\/#primaryimage"},"thumbnailUrl":"https:\/\/jornalfatosenoticias.com.br\/wp-content\/uploads\/2021\/09\/space-exploration-spacex.jpg","keywords":["miss\u00e3o espacial","Nasa","SpaceX","voo orbital"],"articleSection":["Ci\u00eancia"],"inLanguage":"pt-BR","potentialAction":[{"@type":"CommentAction","name":"Comment","target":["https:\/\/jornalfatosenoticias.com.br\/index.php\/2021\/09\/15\/spacex-faz-primeiro-voo-orbital-civil-da-historia\/#respond"]}]},{"@type":"WebPage","@id":"https:\/\/jornalfatosenoticias.com.br\/index.php\/2021\/09\/15\/spacex-faz-primeiro-voo-orbital-civil-da-historia\/","url":"https:\/\/jornalfatosenoticias.com.br\/index.php\/2021\/09\/15\/spacex-faz-primeiro-voo-orbital-civil-da-historia\/","name":"SpaceX faz primeiro voo orbital civil da hist\u00f3ria - Jornal Fatos e Not\u00edcias","isPartOf":{"@id":"https:\/\/jornalfatosenoticias.com.br\/#website"},"primaryImageOfPage":{"@id":"https:\/\/jornalfatosenoticias.com.br\/index.php\/2021\/09\/15\/spacex-faz-primeiro-voo-orbital-civil-da-historia\/#primaryimage"},"image":{"@id":"https:\/\/jornalfatosenoticias.com.br\/index.php\/2021\/09\/15\/spacex-faz-primeiro-voo-orbital-civil-da-historia\/#primaryimage"},"thumbnailUrl":"https:\/\/jornalfatosenoticias.com.br\/wp-content\/uploads\/2021\/09\/space-exploration-spacex.jpg","datePublished":"2021-09-15T12:00:20+00:00","breadcrumb":{"@id":"https:\/\/jornalfatosenoticias.com.br\/index.php\/2021\/09\/15\/spacex-faz-primeiro-voo-orbital-civil-da-historia\/#breadcrumb"},"inLanguage":"pt-BR","potentialAction":[{"@type":"ReadAction","target":["https:\/\/jornalfatosenoticias.com.br\/index.php\/2021\/09\/15\/spacex-faz-primeiro-voo-orbital-civil-da-historia\/"]}]},{"@type":"ImageObject","inLanguage":"pt-BR","@id":"https:\/\/jornalfatosenoticias.com.br\/index.php\/2021\/09\/15\/spacex-faz-primeiro-voo-orbital-civil-da-historia\/#primaryimage","url":"https:\/\/jornalfatosenoticias.com.br\/wp-content\/uploads\/2021\/09\/space-exploration-spacex.jpg","contentUrl":"https:\/\/jornalfatosenoticias.com.br\/wp-content\/uploads\/2021\/09\/space-exploration-spacex.jpg","width":1000,"height":598,"caption":"Os astronautas da NASA Robert Behnken e Douglas Hurley s\u00e3o vistos a bordo da espa\u00e7onave Dragon Endeavor da SpaceX, em 2 de agosto de 2020, nesta captura de tela tirada de um v\u00eddeo"},{"@type":"BreadcrumbList","@id":"https:\/\/jornalfatosenoticias.com.br\/index.php\/2021\/09\/15\/spacex-faz-primeiro-voo-orbital-civil-da-historia\/#breadcrumb","itemListElement":[{"@type":"ListItem","position":1,"name":"In\u00edcio","item":"https:\/\/jornalfatosenoticias.com.br\/"},{"@type":"ListItem","position":2,"name":"SpaceX faz primeiro voo orbital civil da hist\u00f3ria"}]},{"@type":"WebSite","@id":"https:\/\/jornalfatosenoticias.com.br\/#website","url":"https:\/\/jornalfatosenoticias.com.br\/","name":"Jornal Fatos e Not\u00edcias","description":"Not\u00edcias em geral","publisher":{"@id":"https:\/\/jornalfatosenoticias.com.br\/#organization"},"potentialAction":[{"@type":"SearchAction","target":{"@type":"EntryPoint","urlTemplate":"https:\/\/jornalfatosenoticias.com.br\/?s={search_term_string}"},"query-input":{"@type":"PropertyValueSpecification","valueRequired":true,"valueName":"search_term_string"}}],"inLanguage":"pt-BR"},{"@type":"Organization","@id":"https:\/\/jornalfatosenoticias.com.br\/#organization","name":"Jornal Fatos e Not\u00edcias","url":"https:\/\/jornalfatosenoticias.com.br\/","logo":{"@type":"ImageObject","inLanguage":"pt-BR","@id":"https:\/\/jornalfatosenoticias.com.br\/#\/schema\/logo\/image\/","url":"https:\/\/jornalfatosenoticias.com.br\/wp-content\/uploads\/2020\/02\/logo120.png","contentUrl":"https:\/\/jornalfatosenoticias.com.br\/wp-content\/uploads\/2020\/02\/logo120.png","width":1227,"height":120,"caption":"Jornal Fatos e Not\u00edcias"},"image":{"@id":"https:\/\/jornalfatosenoticias.com.br\/#\/schema\/logo\/image\/"}},{"@type":"Person","@id":"https:\/\/jornalfatosenoticias.com.br\/#\/schema\/person\/d63837fa13ac8666eb9e74e0985d6f81","name":"Luzimara Fernandes","image":{"@type":"ImageObject","inLanguage":"pt-BR","@id":"https:\/\/jornalfatosenoticias.com.br\/#\/schema\/person\/image\/","url":"https:\/\/jornalfatosenoticias.com.br\/wp-content\/uploads\/2025\/05\/EU_portal.jpg","contentUrl":"https:\/\/jornalfatosenoticias.com.br\/wp-content\/uploads\/2025\/05\/EU_portal.jpg","caption":"Luzimara Fernandes"},"description":"Jornalista MTB 2358-ES","sameAs":["https:\/\/jornalfatosenoticias.com.br"],"url":"https:\/\/jornalfatosenoticias.com.br\/index.php\/author\/luzimara\/"}]}},"cc_featured_image_caption":{"caption_text":"(Foto: Nasa) ","source_text":"","source_url":""},"jetpack_featured_media_url":"https:\/\/jornalfatosenoticias.com.br\/wp-content\/uploads\/2021\/09\/space-exploration-spacex.jpg","_links":{"self":[{"href":"https:\/\/jornalfatosenoticias.com.br\/index.php\/wp-json\/wp\/v2\/posts\/22831","targetHints":{"allow":["GET"]}}],"collection":[{"href":"https:\/\/jornalfatosenoticias.com.br\/index.php\/wp-json\/wp\/v2\/posts"}],"about":[{"href":"https:\/\/jornalfatosenoticias.com.br\/index.php\/wp-json\/wp\/v2\/types\/post"}],"author":[{"embeddable":true,"href":"https:\/\/jornalfatosenoticias.com.br\/index.php\/wp-json\/wp\/v2\/users\/2"}],"replies":[{"embeddable":true,"href":"https:\/\/jornalfatosenoticias.com.br\/index.php\/wp-json\/wp\/v2\/comments?post=22831"}],"version-history":[{"count":0,"href":"https:\/\/jornalfatosenoticias.com.br\/index.php\/wp-json\/wp\/v2\/posts\/22831\/revisions"}],"wp:featuredmedia":[{"embeddable":true,"href":"https:\/\/jornalfatosenoticias.com.br\/index.php\/wp-json\/wp\/v2\/media\/22832"}],"wp:attachment":[{"href":"https:\/\/jornalfatosenoticias.com.br\/index.php\/wp-json\/wp\/v2\/media?parent=22831"}],"wp:term":[{"taxonomy":"category","embeddable":true,"href":"https:\/\/jornalfatosenoticias.com.br\/index.php\/wp-json\/wp\/v2\/categories?post=22831"},{"taxonomy":"post_tag","embeddable":true,"href":"https:\/\/jornalfatosenoticias.com.br\/index.php\/wp-json\/wp\/v2\/tags?post=22831"}],"curies":[{"name":"wp","href":"https:\/\/api.w.org\/{rel}","templated":true}]}}