{"id":22834,"date":"2021-09-15T09:10:45","date_gmt":"2021-09-15T12:10:45","guid":{"rendered":"https:\/\/jornalfatosenoticias.com.br\/?p=22834"},"modified":"2021-09-15T09:10:51","modified_gmt":"2021-09-15T12:10:51","slug":"gabriel-medina-conquista-titulo-do-circuito-mundial-de-surfe","status":"publish","type":"post","link":"https:\/\/jornalfatosenoticias.com.br\/index.php\/2021\/09\/15\/gabriel-medina-conquista-titulo-do-circuito-mundial-de-surfe\/","title":{"rendered":"Gabriel Medina conquista t\u00edtulo do Circuito Mundial de Surfe"},"content":{"rendered":"\n<p><em><span class=\"has-inline-color has-black-color\">Surfista de Maresias supera Filipe Toledo no WSL Finals<\/span><\/em><\/p>\n\n\n\n<p>Gabriel Medina fez hist\u00f3ria nesta ter\u00e7a-feira (14) ao conquistar o t\u00edtulo do Circuito Mundial de Surfe ao superar Filipe Toledo na final do WSL Finals na praia de Lower Trestles, em San Clemente, Calif\u00f3rnia (EUA).<\/p>\n\n\n\n<figure class=\"wp-block-embed-twitter wp-block-embed is-type-rich is-provider-twitter\"><div class=\"wp-block-embed__wrapper\">\n<blockquote class=\"twitter-tweet\" data-width=\"550\" data-dnt=\"true\"><p lang=\"en\" dir=\"ltr\">Congratulations <a href=\"https:\/\/twitter.com\/gabriel1medina?ref_src=twsrc%5Etfw\">@gabriel1medina<\/a>, 2021 WSL World Champion! \ud83c\udfc6<a href=\"https:\/\/twitter.com\/ripcurl?ref_src=twsrc%5Etfw\">@ripcurl<\/a>  <a href=\"https:\/\/twitter.com\/hashtag\/ripcurlwslfinals?src=hash&amp;ref_src=twsrc%5Etfw\">#ripcurlwslfinals<\/a> <a href=\"https:\/\/t.co\/ts3Ac8eXIa\">pic.twitter.com\/ts3Ac8eXIa<\/a><\/p>&mdash; World Surf League (@wsl) <a href=\"https:\/\/twitter.com\/wsl\/status\/1437892738960158723?ref_src=twsrc%5Etfw\">September 14, 2021<\/a><\/blockquote><script async src=\"https:\/\/platform.twitter.com\/widgets.js\" charset=\"utf-8\"><\/script>\n<\/div><\/figure>\n\n\n\n<p>Este \u00e9 o terceiro t\u00edtulo mundial do surfista de S\u00e3o Sebasti\u00e3o, que j\u00e1 conquistou o Circuito em 2014 e em 2018.<br>Medina entrou na disputa em uma situa\u00e7\u00e3o muito confort\u00e1vel. Sendo o atleta melhor ranqueado da temporada, ele caiu na \u00e1gua apenas na grande final. Para isto, ficou aguardando o seu advers\u00e1rio, que veio de um mata-mata realizado com outros quatro atletas.<br>A primeira disputa do dia foi entre o australiano Morgan Cibilic e o norte-americano Conner Coffin, que venceu por 15,00 a 9,84. Depois o atleta dos Estados Unidos acabou superado pelo brasileiro Filipe Toledo por 16,57 a 14,33.<\/p>\n\n\n\n<figure class=\"wp-block-embed-twitter wp-block-embed is-type-rich is-provider-twitter\"><div class=\"wp-block-embed__wrapper\">\n<blockquote class=\"twitter-tweet\" data-width=\"550\" data-dnt=\"true\"><p lang=\"en\" dir=\"ltr\">World Number 3 <a href=\"https:\/\/twitter.com\/toledo_filipe?ref_src=twsrc%5Etfw\">@toledo_filipe<\/a> vs. World Number 4 <a href=\"https:\/\/twitter.com\/crcoffin?ref_src=twsrc%5Etfw\">@crcoffin<\/a>. <br>Watch the <a href=\"https:\/\/twitter.com\/hashtag\/ripcurlwslfinals?src=hash&amp;ref_src=twsrc%5Etfw\">#ripcurlwslfinals<\/a> live on <a href=\"https:\/\/t.co\/ie0ZfNdmHw\">https:\/\/t.co\/ie0ZfNdmHw<\/a>. <a href=\"https:\/\/twitter.com\/ripcurl?ref_src=twsrc%5Etfw\">@ripcurl<\/a> <a href=\"https:\/\/t.co\/BxIqOowdl9\">pic.twitter.com\/BxIqOowdl9<\/a><\/p>&mdash; World Surf League (@wsl) <a href=\"https:\/\/twitter.com\/wsl\/status\/1437820572042285058?ref_src=twsrc%5Etfw\">September 14, 2021<\/a><\/blockquote><script async src=\"https:\/\/platform.twitter.com\/widgets.js\" charset=\"utf-8\"><\/script>\n<\/div><\/figure>\n\n\n\n<p>No primeiro confronto entre brasileiros, o atleta natural de Ubatuba venceu o campe\u00e3o ol\u00edmpico \u00cdtalo Ferreira por 15,97 a 12,44 para se garantir na grande decis\u00e3o.<\/p>\n\n\n\n<p><strong><span class=\"has-inline-color has-black-color\">Final emocionante<br><\/span><\/strong>E a final aconteceu em um formato diferente, em uma melhor de tr\u00eas baterias. Na primeira, Medina dominou, inclusive alcan\u00e7ando a maior nota do dia, um 9,00 que veio ap\u00f3s o surfista de S\u00e3o Sebasti\u00e3o dar um belo a\u00e9reo. Com isso, o bicampe\u00e3o mundial venceu a primeira disputa por 16,30 a 15,70.<\/p>\n\n\n\n<figure class=\"wp-block-embed-twitter wp-block-embed is-type-rich is-provider-twitter\"><div class=\"wp-block-embed__wrapper\">\n<blockquote class=\"twitter-tweet\" data-width=\"550\" data-dnt=\"true\"><p lang=\"en\" dir=\"ltr\">.<a href=\"https:\/\/twitter.com\/gabriel1medina?ref_src=twsrc%5Etfw\">@gabriel1medina<\/a> secures a 9.00 ride winning the first heat of a best of 3 World Title Match.<br>Watch the <a href=\"https:\/\/twitter.com\/hashtag\/ripcurlwslfinals?src=hash&amp;ref_src=twsrc%5Etfw\">#ripcurlwslfinals<\/a> live, <a href=\"https:\/\/t.co\/ywDIF6yMAa\">https:\/\/t.co\/ywDIF6yMAa<\/a>. <a href=\"https:\/\/twitter.com\/ripcurl?ref_src=twsrc%5Etfw\">@ripcurl<\/a> <a href=\"https:\/\/t.co\/RpseRvWPbK\">pic.twitter.com\/RpseRvWPbK<\/a><\/p>&mdash; World Surf League (@wsl) <a href=\"https:\/\/twitter.com\/wsl\/status\/1437871457153916928?ref_src=twsrc%5Etfw\">September 14, 2021<\/a><\/blockquote><script async src=\"https:\/\/platform.twitter.com\/widgets.js\" charset=\"utf-8\"><\/script>\n<\/div><\/figure>\n\n\n\n<p>Na segunda bateria Filipe Toledo come\u00e7ou com tudo e conseguiu uma \u00f3tima onda que lhe valeu 7,83 pontos, mas Medina respondeu r\u00e1pido com uma onda na qual mandou dois a\u00e9reos reverse para tirar um 8,50, assumindo a lideran\u00e7a.<br>Quando faltavam 18 minutos para o final, a disputa foi interrompido ap\u00f3s um tubar\u00e3o de cerca de 1,80m de comprimento ser avistado. Os surfistas sa\u00edram da \u00e1gua e a a\u00e7\u00e3o s\u00f3 voltou ap\u00f3s uma parada de 15 minutos, na qual foi constatada que o animal se afastou da regi\u00e3o.<br>Logo no retorno Medina mandou um backflip (manobra a\u00e9rea) que lhe valeu um 9,03 e a partir da\u00ed passou a desfilar toda a sua categoria para fechar a disputa em 17,53 a 16,39.<\/p>\n\n\n\n<p><strong><em>Fonte: <a href=\"https:\/\/agenciabrasil.ebc.com.br\/esportes\/noticia\/2021-09\/gabriel-medina-conquista-titulo-do-circuito-mundial-de-surfe\">Ag\u00eancia Brasil<\/a><\/em><\/strong><\/p>\n","protected":false},"excerpt":{"rendered":"<p>Surfista de Maresias supera Filipe Toledo no WSL Finals Gabriel Medina fez hist\u00f3ria nesta ter\u00e7a-feira (14) ao conquistar o t\u00edtulo do Circuito Mundial de Surfe ao superar Filipe Toledo na final do WSL Finals na praia de Lower Trestles, em San Clemente, Calif\u00f3rnia (EUA). Este \u00e9 o terceiro t\u00edtulo mundial do surfista de S\u00e3o Sebasti\u00e3o, [&hellip;]<\/p>\n","protected":false},"author":2,"featured_media":22835,"comment_status":"open","ping_status":"open","sticky":false,"template":"","format":"standard","meta":{"footnotes":""},"categories":[12],"tags":[10562,43,8923,8600,5287,8604,11161],"class_list":["post-22834","post","type-post","status-publish","format-standard","has-post-thumbnail","hentry","category-esportes","tag-circuito-mundial-de-surfe","tag-esportes","tag-filipe-toledo","tag-gabriel-medina","tag-surfe","tag-wsl","tag-wsl-finals"],"yoast_head":"<!-- This site is optimized with the Yoast SEO plugin v26.5 - https:\/\/yoast.com\/wordpress\/plugins\/seo\/ -->\n<title>Gabriel Medina conquista t\u00edtulo do Circuito Mundial de Surfe - Jornal Fatos e Not\u00edcias<\/title>\n<meta name=\"robots\" content=\"index, follow, max-snippet:-1, max-image-preview:large, max-video-preview:-1\" \/>\n<link rel=\"canonical\" href=\"https:\/\/jornalfatosenoticias.com.br\/index.php\/2021\/09\/15\/gabriel-medina-conquista-titulo-do-circuito-mundial-de-surfe\/\" \/>\n<meta property=\"og:locale\" content=\"pt_BR\" \/>\n<meta property=\"og:type\" content=\"article\" \/>\n<meta property=\"og:title\" content=\"Gabriel Medina conquista t\u00edtulo do Circuito Mundial de Surfe - Jornal Fatos e Not\u00edcias\" \/>\n<meta property=\"og:description\" content=\"Surfista de Maresias supera Filipe Toledo no WSL Finals Gabriel Medina fez hist\u00f3ria nesta ter\u00e7a-feira (14) ao conquistar o t\u00edtulo do Circuito Mundial de Surfe ao superar Filipe Toledo na final do WSL Finals na praia de Lower Trestles, em San Clemente, Calif\u00f3rnia (EUA). Este \u00e9 o terceiro t\u00edtulo mundial do surfista de S\u00e3o Sebasti\u00e3o, [&hellip;]\" \/>\n<meta property=\"og:url\" content=\"https:\/\/jornalfatosenoticias.com.br\/index.php\/2021\/09\/15\/gabriel-medina-conquista-titulo-do-circuito-mundial-de-surfe\/\" \/>\n<meta property=\"og:site_name\" content=\"Jornal Fatos e Not\u00edcias\" \/>\n<meta property=\"article:published_time\" content=\"2021-09-15T12:10:45+00:00\" \/>\n<meta property=\"article:modified_time\" content=\"2021-09-15T12:10:51+00:00\" \/>\n<meta property=\"og:image\" content=\"https:\/\/jornalfatosenoticias.com.br\/wp-content\/uploads\/2021\/09\/medina_g_21finals_nolan.jpg\" \/>\n\t<meta property=\"og:image:width\" content=\"1000\" \/>\n\t<meta property=\"og:image:height\" content=\"598\" \/>\n\t<meta property=\"og:image:type\" content=\"image\/jpeg\" \/>\n<meta name=\"author\" content=\"Luzimara Fernandes\" \/>\n<meta name=\"twitter:card\" content=\"summary_large_image\" \/>\n<meta name=\"twitter:label1\" content=\"Escrito por\" \/>\n\t<meta name=\"twitter:data1\" content=\"Luzimara Fernandes\" \/>\n\t<meta name=\"twitter:label2\" content=\"Est. tempo de leitura\" \/>\n\t<meta name=\"twitter:data2\" content=\"2 minutos\" \/>\n<script type=\"application\/ld+json\" class=\"yoast-schema-graph\">{\"@context\":\"https:\/\/schema.org\",\"@graph\":[{\"@type\":\"Article\",\"@id\":\"https:\/\/jornalfatosenoticias.com.br\/index.php\/2021\/09\/15\/gabriel-medina-conquista-titulo-do-circuito-mundial-de-surfe\/#article\",\"isPartOf\":{\"@id\":\"https:\/\/jornalfatosenoticias.com.br\/index.php\/2021\/09\/15\/gabriel-medina-conquista-titulo-do-circuito-mundial-de-surfe\/\"},\"author\":{\"name\":\"Luzimara Fernandes\",\"@id\":\"https:\/\/jornalfatosenoticias.com.br\/#\/schema\/person\/d63837fa13ac8666eb9e74e0985d6f81\"},\"headline\":\"Gabriel Medina conquista t\u00edtulo do Circuito Mundial de Surfe\",\"datePublished\":\"2021-09-15T12:10:45+00:00\",\"dateModified\":\"2021-09-15T12:10:51+00:00\",\"mainEntityOfPage\":{\"@id\":\"https:\/\/jornalfatosenoticias.com.br\/index.php\/2021\/09\/15\/gabriel-medina-conquista-titulo-do-circuito-mundial-de-surfe\/\"},\"wordCount\":465,\"commentCount\":0,\"publisher\":{\"@id\":\"https:\/\/jornalfatosenoticias.com.br\/#organization\"},\"image\":{\"@id\":\"https:\/\/jornalfatosenoticias.com.br\/index.php\/2021\/09\/15\/gabriel-medina-conquista-titulo-do-circuito-mundial-de-surfe\/#primaryimage\"},\"thumbnailUrl\":\"https:\/\/jornalfatosenoticias.com.br\/wp-content\/uploads\/2021\/09\/medina_g_21finals_nolan.jpg\",\"keywords\":[\"Circuito Mundial de Surfe\",\"esportes\",\"Filipe Toledo\",\"Gabriel Medina\",\"surfe\",\"WSL\",\"WSL Finals\"],\"articleSection\":[\"Esportes\"],\"inLanguage\":\"pt-BR\",\"potentialAction\":[{\"@type\":\"CommentAction\",\"name\":\"Comment\",\"target\":[\"https:\/\/jornalfatosenoticias.com.br\/index.php\/2021\/09\/15\/gabriel-medina-conquista-titulo-do-circuito-mundial-de-surfe\/#respond\"]}]},{\"@type\":\"WebPage\",\"@id\":\"https:\/\/jornalfatosenoticias.com.br\/index.php\/2021\/09\/15\/gabriel-medina-conquista-titulo-do-circuito-mundial-de-surfe\/\",\"url\":\"https:\/\/jornalfatosenoticias.com.br\/index.php\/2021\/09\/15\/gabriel-medina-conquista-titulo-do-circuito-mundial-de-surfe\/\",\"name\":\"Gabriel Medina conquista t\u00edtulo do Circuito Mundial de Surfe - Jornal Fatos e Not\u00edcias\",\"isPartOf\":{\"@id\":\"https:\/\/jornalfatosenoticias.com.br\/#website\"},\"primaryImageOfPage\":{\"@id\":\"https:\/\/jornalfatosenoticias.com.br\/index.php\/2021\/09\/15\/gabriel-medina-conquista-titulo-do-circuito-mundial-de-surfe\/#primaryimage\"},\"image\":{\"@id\":\"https:\/\/jornalfatosenoticias.com.br\/index.php\/2021\/09\/15\/gabriel-medina-conquista-titulo-do-circuito-mundial-de-surfe\/#primaryimage\"},\"thumbnailUrl\":\"https:\/\/jornalfatosenoticias.com.br\/wp-content\/uploads\/2021\/09\/medina_g_21finals_nolan.jpg\",\"datePublished\":\"2021-09-15T12:10:45+00:00\",\"dateModified\":\"2021-09-15T12:10:51+00:00\",\"breadcrumb\":{\"@id\":\"https:\/\/jornalfatosenoticias.com.br\/index.php\/2021\/09\/15\/gabriel-medina-conquista-titulo-do-circuito-mundial-de-surfe\/#breadcrumb\"},\"inLanguage\":\"pt-BR\",\"potentialAction\":[{\"@type\":\"ReadAction\",\"target\":[\"https:\/\/jornalfatosenoticias.com.br\/index.php\/2021\/09\/15\/gabriel-medina-conquista-titulo-do-circuito-mundial-de-surfe\/\"]}]},{\"@type\":\"ImageObject\",\"inLanguage\":\"pt-BR\",\"@id\":\"https:\/\/jornalfatosenoticias.com.br\/index.php\/2021\/09\/15\/gabriel-medina-conquista-titulo-do-circuito-mundial-de-surfe\/#primaryimage\",\"url\":\"https:\/\/jornalfatosenoticias.com.br\/wp-content\/uploads\/2021\/09\/medina_g_21finals_nolan.jpg\",\"contentUrl\":\"https:\/\/jornalfatosenoticias.com.br\/wp-content\/uploads\/2021\/09\/medina_g_21finals_nolan.jpg\",\"width\":1000,\"height\":598,\"caption\":\"SAN CLEMENTE, CALIFORNIA, USA - SEPTEMBER 14: Two-time WSL Champion Gabriel Medina of Brazil wins the Title Match of the Rip Curl WSL Finals on September 14, 2021 at Lower Trestles, San Clemente, California. (Photo by Pat Nolan\/World Surf League)\"},{\"@type\":\"BreadcrumbList\",\"@id\":\"https:\/\/jornalfatosenoticias.com.br\/index.php\/2021\/09\/15\/gabriel-medina-conquista-titulo-do-circuito-mundial-de-surfe\/#breadcrumb\",\"itemListElement\":[{\"@type\":\"ListItem\",\"position\":1,\"name\":\"In\u00edcio\",\"item\":\"https:\/\/jornalfatosenoticias.com.br\/\"},{\"@type\":\"ListItem\",\"position\":2,\"name\":\"Gabriel Medina conquista t\u00edtulo do Circuito Mundial de Surfe\"}]},{\"@type\":\"WebSite\",\"@id\":\"https:\/\/jornalfatosenoticias.com.br\/#website\",\"url\":\"https:\/\/jornalfatosenoticias.com.br\/\",\"name\":\"Jornal Fatos e Not\u00edcias\",\"description\":\"Not\u00edcias em geral\",\"publisher\":{\"@id\":\"https:\/\/jornalfatosenoticias.com.br\/#organization\"},\"potentialAction\":[{\"@type\":\"SearchAction\",\"target\":{\"@type\":\"EntryPoint\",\"urlTemplate\":\"https:\/\/jornalfatosenoticias.com.br\/?s={search_term_string}\"},\"query-input\":{\"@type\":\"PropertyValueSpecification\",\"valueRequired\":true,\"valueName\":\"search_term_string\"}}],\"inLanguage\":\"pt-BR\"},{\"@type\":\"Organization\",\"@id\":\"https:\/\/jornalfatosenoticias.com.br\/#organization\",\"name\":\"Jornal Fatos e Not\u00edcias\",\"url\":\"https:\/\/jornalfatosenoticias.com.br\/\",\"logo\":{\"@type\":\"ImageObject\",\"inLanguage\":\"pt-BR\",\"@id\":\"https:\/\/jornalfatosenoticias.com.br\/#\/schema\/logo\/image\/\",\"url\":\"https:\/\/jornalfatosenoticias.com.br\/wp-content\/uploads\/2020\/02\/logo120.png\",\"contentUrl\":\"https:\/\/jornalfatosenoticias.com.br\/wp-content\/uploads\/2020\/02\/logo120.png\",\"width\":1227,\"height\":120,\"caption\":\"Jornal Fatos e Not\u00edcias\"},\"image\":{\"@id\":\"https:\/\/jornalfatosenoticias.com.br\/#\/schema\/logo\/image\/\"}},{\"@type\":\"Person\",\"@id\":\"https:\/\/jornalfatosenoticias.com.br\/#\/schema\/person\/d63837fa13ac8666eb9e74e0985d6f81\",\"name\":\"Luzimara Fernandes\",\"image\":{\"@type\":\"ImageObject\",\"inLanguage\":\"pt-BR\",\"@id\":\"https:\/\/jornalfatosenoticias.com.br\/#\/schema\/person\/image\/\",\"url\":\"https:\/\/jornalfatosenoticias.com.br\/wp-content\/uploads\/2025\/05\/EU_portal.jpg\",\"contentUrl\":\"https:\/\/jornalfatosenoticias.com.br\/wp-content\/uploads\/2025\/05\/EU_portal.jpg\",\"caption\":\"Luzimara Fernandes\"},\"description\":\"Jornalista MTB 2358-ES\",\"sameAs\":[\"https:\/\/jornalfatosenoticias.com.br\"],\"url\":\"https:\/\/jornalfatosenoticias.com.br\/index.php\/author\/luzimara\/\"}]}<\/script>\n<!-- \/ Yoast SEO plugin. -->","yoast_head_json":{"title":"Gabriel Medina conquista t\u00edtulo do Circuito Mundial de Surfe - Jornal Fatos e Not\u00edcias","robots":{"index":"index","follow":"follow","max-snippet":"max-snippet:-1","max-image-preview":"max-image-preview:large","max-video-preview":"max-video-preview:-1"},"canonical":"https:\/\/jornalfatosenoticias.com.br\/index.php\/2021\/09\/15\/gabriel-medina-conquista-titulo-do-circuito-mundial-de-surfe\/","og_locale":"pt_BR","og_type":"article","og_title":"Gabriel Medina conquista t\u00edtulo do Circuito Mundial de Surfe - Jornal Fatos e Not\u00edcias","og_description":"Surfista de Maresias supera Filipe Toledo no WSL Finals Gabriel Medina fez hist\u00f3ria nesta ter\u00e7a-feira (14) ao conquistar o t\u00edtulo do Circuito Mundial de Surfe ao superar Filipe Toledo na final do WSL Finals na praia de Lower Trestles, em San Clemente, Calif\u00f3rnia (EUA). Este \u00e9 o terceiro t\u00edtulo mundial do surfista de S\u00e3o Sebasti\u00e3o, [&hellip;]","og_url":"https:\/\/jornalfatosenoticias.com.br\/index.php\/2021\/09\/15\/gabriel-medina-conquista-titulo-do-circuito-mundial-de-surfe\/","og_site_name":"Jornal Fatos e Not\u00edcias","article_published_time":"2021-09-15T12:10:45+00:00","article_modified_time":"2021-09-15T12:10:51+00:00","og_image":[{"width":1000,"height":598,"url":"https:\/\/jornalfatosenoticias.com.br\/wp-content\/uploads\/2021\/09\/medina_g_21finals_nolan.jpg","type":"image\/jpeg"}],"author":"Luzimara Fernandes","twitter_card":"summary_large_image","twitter_misc":{"Escrito por":"Luzimara Fernandes","Est. tempo de leitura":"2 minutos"},"schema":{"@context":"https:\/\/schema.org","@graph":[{"@type":"Article","@id":"https:\/\/jornalfatosenoticias.com.br\/index.php\/2021\/09\/15\/gabriel-medina-conquista-titulo-do-circuito-mundial-de-surfe\/#article","isPartOf":{"@id":"https:\/\/jornalfatosenoticias.com.br\/index.php\/2021\/09\/15\/gabriel-medina-conquista-titulo-do-circuito-mundial-de-surfe\/"},"author":{"name":"Luzimara Fernandes","@id":"https:\/\/jornalfatosenoticias.com.br\/#\/schema\/person\/d63837fa13ac8666eb9e74e0985d6f81"},"headline":"Gabriel Medina conquista t\u00edtulo do Circuito Mundial de Surfe","datePublished":"2021-09-15T12:10:45+00:00","dateModified":"2021-09-15T12:10:51+00:00","mainEntityOfPage":{"@id":"https:\/\/jornalfatosenoticias.com.br\/index.php\/2021\/09\/15\/gabriel-medina-conquista-titulo-do-circuito-mundial-de-surfe\/"},"wordCount":465,"commentCount":0,"publisher":{"@id":"https:\/\/jornalfatosenoticias.com.br\/#organization"},"image":{"@id":"https:\/\/jornalfatosenoticias.com.br\/index.php\/2021\/09\/15\/gabriel-medina-conquista-titulo-do-circuito-mundial-de-surfe\/#primaryimage"},"thumbnailUrl":"https:\/\/jornalfatosenoticias.com.br\/wp-content\/uploads\/2021\/09\/medina_g_21finals_nolan.jpg","keywords":["Circuito Mundial de Surfe","esportes","Filipe Toledo","Gabriel Medina","surfe","WSL","WSL Finals"],"articleSection":["Esportes"],"inLanguage":"pt-BR","potentialAction":[{"@type":"CommentAction","name":"Comment","target":["https:\/\/jornalfatosenoticias.com.br\/index.php\/2021\/09\/15\/gabriel-medina-conquista-titulo-do-circuito-mundial-de-surfe\/#respond"]}]},{"@type":"WebPage","@id":"https:\/\/jornalfatosenoticias.com.br\/index.php\/2021\/09\/15\/gabriel-medina-conquista-titulo-do-circuito-mundial-de-surfe\/","url":"https:\/\/jornalfatosenoticias.com.br\/index.php\/2021\/09\/15\/gabriel-medina-conquista-titulo-do-circuito-mundial-de-surfe\/","name":"Gabriel Medina conquista t\u00edtulo do Circuito Mundial de Surfe - Jornal Fatos e Not\u00edcias","isPartOf":{"@id":"https:\/\/jornalfatosenoticias.com.br\/#website"},"primaryImageOfPage":{"@id":"https:\/\/jornalfatosenoticias.com.br\/index.php\/2021\/09\/15\/gabriel-medina-conquista-titulo-do-circuito-mundial-de-surfe\/#primaryimage"},"image":{"@id":"https:\/\/jornalfatosenoticias.com.br\/index.php\/2021\/09\/15\/gabriel-medina-conquista-titulo-do-circuito-mundial-de-surfe\/#primaryimage"},"thumbnailUrl":"https:\/\/jornalfatosenoticias.com.br\/wp-content\/uploads\/2021\/09\/medina_g_21finals_nolan.jpg","datePublished":"2021-09-15T12:10:45+00:00","dateModified":"2021-09-15T12:10:51+00:00","breadcrumb":{"@id":"https:\/\/jornalfatosenoticias.com.br\/index.php\/2021\/09\/15\/gabriel-medina-conquista-titulo-do-circuito-mundial-de-surfe\/#breadcrumb"},"inLanguage":"pt-BR","potentialAction":[{"@type":"ReadAction","target":["https:\/\/jornalfatosenoticias.com.br\/index.php\/2021\/09\/15\/gabriel-medina-conquista-titulo-do-circuito-mundial-de-surfe\/"]}]},{"@type":"ImageObject","inLanguage":"pt-BR","@id":"https:\/\/jornalfatosenoticias.com.br\/index.php\/2021\/09\/15\/gabriel-medina-conquista-titulo-do-circuito-mundial-de-surfe\/#primaryimage","url":"https:\/\/jornalfatosenoticias.com.br\/wp-content\/uploads\/2021\/09\/medina_g_21finals_nolan.jpg","contentUrl":"https:\/\/jornalfatosenoticias.com.br\/wp-content\/uploads\/2021\/09\/medina_g_21finals_nolan.jpg","width":1000,"height":598,"caption":"SAN CLEMENTE, CALIFORNIA, USA - SEPTEMBER 14: Two-time WSL Champion Gabriel Medina of Brazil wins the Title Match of the Rip Curl WSL Finals on September 14, 2021 at Lower Trestles, San Clemente, California. (Photo by Pat Nolan\/World Surf League)"},{"@type":"BreadcrumbList","@id":"https:\/\/jornalfatosenoticias.com.br\/index.php\/2021\/09\/15\/gabriel-medina-conquista-titulo-do-circuito-mundial-de-surfe\/#breadcrumb","itemListElement":[{"@type":"ListItem","position":1,"name":"In\u00edcio","item":"https:\/\/jornalfatosenoticias.com.br\/"},{"@type":"ListItem","position":2,"name":"Gabriel Medina conquista t\u00edtulo do Circuito Mundial de Surfe"}]},{"@type":"WebSite","@id":"https:\/\/jornalfatosenoticias.com.br\/#website","url":"https:\/\/jornalfatosenoticias.com.br\/","name":"Jornal Fatos e Not\u00edcias","description":"Not\u00edcias em geral","publisher":{"@id":"https:\/\/jornalfatosenoticias.com.br\/#organization"},"potentialAction":[{"@type":"SearchAction","target":{"@type":"EntryPoint","urlTemplate":"https:\/\/jornalfatosenoticias.com.br\/?s={search_term_string}"},"query-input":{"@type":"PropertyValueSpecification","valueRequired":true,"valueName":"search_term_string"}}],"inLanguage":"pt-BR"},{"@type":"Organization","@id":"https:\/\/jornalfatosenoticias.com.br\/#organization","name":"Jornal Fatos e Not\u00edcias","url":"https:\/\/jornalfatosenoticias.com.br\/","logo":{"@type":"ImageObject","inLanguage":"pt-BR","@id":"https:\/\/jornalfatosenoticias.com.br\/#\/schema\/logo\/image\/","url":"https:\/\/jornalfatosenoticias.com.br\/wp-content\/uploads\/2020\/02\/logo120.png","contentUrl":"https:\/\/jornalfatosenoticias.com.br\/wp-content\/uploads\/2020\/02\/logo120.png","width":1227,"height":120,"caption":"Jornal Fatos e Not\u00edcias"},"image":{"@id":"https:\/\/jornalfatosenoticias.com.br\/#\/schema\/logo\/image\/"}},{"@type":"Person","@id":"https:\/\/jornalfatosenoticias.com.br\/#\/schema\/person\/d63837fa13ac8666eb9e74e0985d6f81","name":"Luzimara Fernandes","image":{"@type":"ImageObject","inLanguage":"pt-BR","@id":"https:\/\/jornalfatosenoticias.com.br\/#\/schema\/person\/image\/","url":"https:\/\/jornalfatosenoticias.com.br\/wp-content\/uploads\/2025\/05\/EU_portal.jpg","contentUrl":"https:\/\/jornalfatosenoticias.com.br\/wp-content\/uploads\/2025\/05\/EU_portal.jpg","caption":"Luzimara Fernandes"},"description":"Jornalista MTB 2358-ES","sameAs":["https:\/\/jornalfatosenoticias.com.br"],"url":"https:\/\/jornalfatosenoticias.com.br\/index.php\/author\/luzimara\/"}]}},"cc_featured_image_caption":{"caption_text":"(Foto: WSL\/Nolan\/Direitos Reservados)","source_text":"","source_url":""},"jetpack_featured_media_url":"https:\/\/jornalfatosenoticias.com.br\/wp-content\/uploads\/2021\/09\/medina_g_21finals_nolan.jpg","_links":{"self":[{"href":"https:\/\/jornalfatosenoticias.com.br\/index.php\/wp-json\/wp\/v2\/posts\/22834","targetHints":{"allow":["GET"]}}],"collection":[{"href":"https:\/\/jornalfatosenoticias.com.br\/index.php\/wp-json\/wp\/v2\/posts"}],"about":[{"href":"https:\/\/jornalfatosenoticias.com.br\/index.php\/wp-json\/wp\/v2\/types\/post"}],"author":[{"embeddable":true,"href":"https:\/\/jornalfatosenoticias.com.br\/index.php\/wp-json\/wp\/v2\/users\/2"}],"replies":[{"embeddable":true,"href":"https:\/\/jornalfatosenoticias.com.br\/index.php\/wp-json\/wp\/v2\/comments?post=22834"}],"version-history":[{"count":0,"href":"https:\/\/jornalfatosenoticias.com.br\/index.php\/wp-json\/wp\/v2\/posts\/22834\/revisions"}],"wp:featuredmedia":[{"embeddable":true,"href":"https:\/\/jornalfatosenoticias.com.br\/index.php\/wp-json\/wp\/v2\/media\/22835"}],"wp:attachment":[{"href":"https:\/\/jornalfatosenoticias.com.br\/index.php\/wp-json\/wp\/v2\/media?parent=22834"}],"wp:term":[{"taxonomy":"category","embeddable":true,"href":"https:\/\/jornalfatosenoticias.com.br\/index.php\/wp-json\/wp\/v2\/categories?post=22834"},{"taxonomy":"post_tag","embeddable":true,"href":"https:\/\/jornalfatosenoticias.com.br\/index.php\/wp-json\/wp\/v2\/tags?post=22834"}],"curies":[{"name":"wp","href":"https:\/\/api.w.org\/{rel}","templated":true}]}}