{"id":22896,"date":"2021-09-16T15:41:19","date_gmt":"2021-09-16T18:41:19","guid":{"rendered":"https:\/\/jornalfatosenoticias.com.br\/?p=22896"},"modified":"2021-09-16T15:42:55","modified_gmt":"2021-09-16T18:42:55","slug":"nova-especie-de-sapo-e-encontrada-no-sul-da-amazonia-o-sapo-korekore","status":"publish","type":"post","link":"https:\/\/jornalfatosenoticias.com.br\/index.php\/2021\/09\/16\/nova-especie-de-sapo-e-encontrada-no-sul-da-amazonia-o-sapo-korekore\/","title":{"rendered":"Nova esp\u00e9cie de sapo \u00e9 encontrada no Sul da Amaz\u00f4nia, o Sapo Korekore"},"content":{"rendered":"\n<p><em><span class=\"has-inline-color has-black-color\">A esp\u00e9cie pode ser encontrada na regi\u00e3o do rio Teles Pires, na divisa dos estados do Mato Grosso e do Par\u00e1<\/span><\/em><\/p>\n\n\n\n<p>Pesquisadores do Mapinguari, em parceria com a Universidade Federal de Mato Grosso do Sul (UFMS) e a Universidade Federal da Para\u00edba (UFPB), descobriram e catalogaram uma nova esp\u00e9cie de sapo, o sapo-de-chifre-dos-munduruku ou sapo-korekore. Seu nome \u00e9 uma homenagem aos ind\u00edgenas munduruku e korekore que significa sapo ou r\u00e3 no idioma da etnia.<br>O Proceratophrys korekore pode ser encontrado no sul da Amaz\u00f4nia, na regi\u00e3o do rio Teles Pires, em uma divisa entre os estados do Mato Grosso e do Par\u00e1, nos munic\u00edpios de Jacareacanga (PA) e Parana\u00edta (MT).<br>O coordenador da pesquisa, Diego Santana, explica um pouco mais sobre a nova esp\u00e9cie. &#8220;Ele \u00e9 uma esp\u00e9cie que pertence a um grupo de anf\u00edbios que tem tipo uns chifrezinhos que, na verdade, a gente chama de ap\u00eandice palpebral, que s\u00e3o os famosos sapos-de-chifre, mas esse bicho, especificamente, n\u00e3o tem. Ent\u00e3o, uma das causas caracter\u00edsticas \u00e9 que ele n\u00e3o tem esse ap\u00eandice na p\u00e1lpebra&#8221;, comenta.<br>Outra caracter\u00edstica interessante \u00e9 a sua capacidade de se camuflar com facilidade, se juntando ao chamado folhi\u00e7o da mata. Ele vive em pequenos riachos ou perto de lagoinhas, mas, principalmente, dentro de matas, onde ele se reproduz.<\/p>\n\n\n\n<figure class=\"wp-block-image size-large is-style-default\"><img loading=\"lazy\" decoding=\"async\" width=\"1000\" height=\"750\" src=\"https:\/\/jornalfatosenoticias.com.br\/wp-content\/uploads\/2021\/09\/Sapo-Korekore1.jpeg\" alt=\"\" class=\"wp-image-22897\" srcset=\"https:\/\/jornalfatosenoticias.com.br\/wp-content\/uploads\/2021\/09\/Sapo-Korekore1.jpeg 1000w, https:\/\/jornalfatosenoticias.com.br\/wp-content\/uploads\/2021\/09\/Sapo-Korekore1-300x225.jpeg 300w, https:\/\/jornalfatosenoticias.com.br\/wp-content\/uploads\/2021\/09\/Sapo-Korekore1-768x576.jpeg 768w\" sizes=\"auto, (max-width: 1000px) 100vw, 1000px\" \/><figcaption><em><span class=\"has-inline-color has-black-color\">Sapo korekore (Foto: Leandro Alves da Silva)<\/span><\/em><\/figcaption><\/figure>\n\n\n\n<p>Al\u00e9m disso, o sapo tem tamanho m\u00e9dio, de quatro a cinco cent\u00edmetros, com apar\u00eancia de rugas e verrugas no seu corpo e sua colora\u00e7\u00e3o lembrando um folhi\u00e7o. &#8220;Ele vive basicamente habitando as florestas ombr\u00f3filas, onde chove bastante e florestas bem densas, nos dois lados do rio Teles Pires. Ele basicamente \u00e9 um bicho noturno, assim como a maioria dos anf\u00edbios e coaxa em cima do folhi\u00e7o. Ent\u00e3o, os machos vocalizam para atrair as f\u00eameas&#8221;, explica.<br>Por conta da sua localidade, existe uma preocupa\u00e7\u00e3o maior em rela\u00e7\u00e3o \u00e0 vida do pequeno sapo, j\u00e1 que a regi\u00e3o do rio Teles Pires est\u00e1 no arco do desmatamento da Amaz\u00f4nia. &#8220;As hidrel\u00e9tricas est\u00e3o alagando a regi\u00e3o onde esse bicho vive. Ele \u00e9 quase extinto nesse local e tem muito garimpo naquela regi\u00e3o ali tamb\u00e9m. Sem falar que a regi\u00e3o do Teles Pires est\u00e1 no arco do desmatamento da Amaz\u00f4nia. Ent\u00e3o, ele \u00e9 um bicho de floresta. Acabou a floresta, acabou a esp\u00e9cie tamb\u00e9m&#8221;, alerta o pesquisador.<br>Infelizmente, a esp\u00e9cie se encontra em extin\u00e7\u00e3o por conta da extra\u00e7\u00e3o ilegal de madeira e do desmatamento que ocorre para o pastoreio de gado. Al\u00e9m disso, a minera\u00e7\u00e3o ilegal de ouro dentro das florestas, ou seja, os garimpos, foram observados durante a pesquisa. O rio Teles Pires tamb\u00e9m foi represado por m\u00faltiplas usinas hidrel\u00e9tricas, o que causou consider\u00e1veis perdas de habitat natural e fragmenta\u00e7\u00e3o.<\/p>\n\n\n\n<p><strong><em>Fonte: <a href=\"https:\/\/portalamazonia.com\/amazonia\/nova-especie-de-sapo-e-encontrada-no-sul-da-amazonia-o-sapo-korekore\">Portal Amaz\u00f4nia<\/a><\/em><\/strong><\/p>\n","protected":false},"excerpt":{"rendered":"<p>A esp\u00e9cie pode ser encontrada na regi\u00e3o do rio Teles Pires, na divisa dos estados do Mato Grosso e do Par\u00e1 Pesquisadores do Mapinguari, em parceria com a Universidade Federal de Mato Grosso do Sul (UFMS) e a Universidade Federal da Para\u00edba (UFPB), descobriram e catalogaram uma nova esp\u00e9cie de sapo, o sapo-de-chifre-dos-munduruku ou sapo-korekore. [&hellip;]<\/p>\n","protected":false},"author":2,"featured_media":22898,"comment_status":"open","ping_status":"open","sticky":false,"template":"","format":"standard","meta":{"footnotes":""},"categories":[2],"tags":[123,11183,11181,11185,11184,11182],"class_list":["post-22896","post","type-post","status-publish","format-standard","has-post-thumbnail","hentry","category-ciencia","tag-amazonia","tag-anfibios-na-amazonia","tag-nova-especie-de-sapos-encontrada-na-amazonia","tag-sapo-korekore","tag-sapo-de-chifre-dos-munduruku","tag-sapos-da-amazonia"],"yoast_head":"<!-- This site is optimized with the Yoast SEO plugin v26.5 - https:\/\/yoast.com\/wordpress\/plugins\/seo\/ -->\n<title>Nova esp\u00e9cie de sapo \u00e9 encontrada no Sul da Amaz\u00f4nia, o Sapo Korekore - Jornal Fatos e Not\u00edcias<\/title>\n<meta name=\"robots\" content=\"index, follow, max-snippet:-1, max-image-preview:large, max-video-preview:-1\" \/>\n<link rel=\"canonical\" href=\"https:\/\/jornalfatosenoticias.com.br\/index.php\/2021\/09\/16\/nova-especie-de-sapo-e-encontrada-no-sul-da-amazonia-o-sapo-korekore\/\" \/>\n<meta property=\"og:locale\" content=\"pt_BR\" \/>\n<meta property=\"og:type\" content=\"article\" \/>\n<meta property=\"og:title\" content=\"Nova esp\u00e9cie de sapo \u00e9 encontrada no Sul da Amaz\u00f4nia, o Sapo Korekore - Jornal Fatos e Not\u00edcias\" \/>\n<meta property=\"og:description\" content=\"A esp\u00e9cie pode ser encontrada na regi\u00e3o do rio Teles Pires, na divisa dos estados do Mato Grosso e do Par\u00e1 Pesquisadores do Mapinguari, em parceria com a Universidade Federal de Mato Grosso do Sul (UFMS) e a Universidade Federal da Para\u00edba (UFPB), descobriram e catalogaram uma nova esp\u00e9cie de sapo, o sapo-de-chifre-dos-munduruku ou sapo-korekore. [&hellip;]\" \/>\n<meta property=\"og:url\" content=\"https:\/\/jornalfatosenoticias.com.br\/index.php\/2021\/09\/16\/nova-especie-de-sapo-e-encontrada-no-sul-da-amazonia-o-sapo-korekore\/\" \/>\n<meta property=\"og:site_name\" content=\"Jornal Fatos e Not\u00edcias\" \/>\n<meta property=\"article:published_time\" content=\"2021-09-16T18:41:19+00:00\" \/>\n<meta property=\"article:modified_time\" content=\"2021-09-16T18:42:55+00:00\" \/>\n<meta property=\"og:image\" content=\"https:\/\/jornalfatosenoticias.com.br\/wp-content\/uploads\/2021\/09\/Sapo-Korekore2.jpeg\" \/>\n\t<meta property=\"og:image:width\" content=\"1000\" \/>\n\t<meta property=\"og:image:height\" content=\"750\" \/>\n\t<meta property=\"og:image:type\" content=\"image\/jpeg\" \/>\n<meta name=\"author\" content=\"Luzimara Fernandes\" \/>\n<meta name=\"twitter:card\" content=\"summary_large_image\" \/>\n<meta name=\"twitter:label1\" content=\"Escrito por\" \/>\n\t<meta name=\"twitter:data1\" content=\"Luzimara Fernandes\" \/>\n\t<meta name=\"twitter:label2\" content=\"Est. tempo de leitura\" \/>\n\t<meta name=\"twitter:data2\" content=\"2 minutos\" \/>\n<script type=\"application\/ld+json\" class=\"yoast-schema-graph\">{\"@context\":\"https:\/\/schema.org\",\"@graph\":[{\"@type\":\"Article\",\"@id\":\"https:\/\/jornalfatosenoticias.com.br\/index.php\/2021\/09\/16\/nova-especie-de-sapo-e-encontrada-no-sul-da-amazonia-o-sapo-korekore\/#article\",\"isPartOf\":{\"@id\":\"https:\/\/jornalfatosenoticias.com.br\/index.php\/2021\/09\/16\/nova-especie-de-sapo-e-encontrada-no-sul-da-amazonia-o-sapo-korekore\/\"},\"author\":{\"name\":\"Luzimara Fernandes\",\"@id\":\"https:\/\/jornalfatosenoticias.com.br\/#\/schema\/person\/d63837fa13ac8666eb9e74e0985d6f81\"},\"headline\":\"Nova esp\u00e9cie de sapo \u00e9 encontrada no Sul da Amaz\u00f4nia, o Sapo Korekore\",\"datePublished\":\"2021-09-16T18:41:19+00:00\",\"dateModified\":\"2021-09-16T18:42:55+00:00\",\"mainEntityOfPage\":{\"@id\":\"https:\/\/jornalfatosenoticias.com.br\/index.php\/2021\/09\/16\/nova-especie-de-sapo-e-encontrada-no-sul-da-amazonia-o-sapo-korekore\/\"},\"wordCount\":512,\"commentCount\":0,\"publisher\":{\"@id\":\"https:\/\/jornalfatosenoticias.com.br\/#organization\"},\"image\":{\"@id\":\"https:\/\/jornalfatosenoticias.com.br\/index.php\/2021\/09\/16\/nova-especie-de-sapo-e-encontrada-no-sul-da-amazonia-o-sapo-korekore\/#primaryimage\"},\"thumbnailUrl\":\"https:\/\/jornalfatosenoticias.com.br\/wp-content\/uploads\/2021\/09\/Sapo-Korekore2.jpeg\",\"keywords\":[\"amaz\u00f4nia\",\"anf\u00edbios na Amaz\u00f4nia\",\"nova esp\u00e9cie de sapos encontrada na Amaz\u00f4nia\",\"sapo korekore\",\"sapo-de-chifre-dos-munduruku\",\"sapos da Amaz\u00f4nia\"],\"articleSection\":[\"Ci\u00eancia\"],\"inLanguage\":\"pt-BR\",\"potentialAction\":[{\"@type\":\"CommentAction\",\"name\":\"Comment\",\"target\":[\"https:\/\/jornalfatosenoticias.com.br\/index.php\/2021\/09\/16\/nova-especie-de-sapo-e-encontrada-no-sul-da-amazonia-o-sapo-korekore\/#respond\"]}]},{\"@type\":\"WebPage\",\"@id\":\"https:\/\/jornalfatosenoticias.com.br\/index.php\/2021\/09\/16\/nova-especie-de-sapo-e-encontrada-no-sul-da-amazonia-o-sapo-korekore\/\",\"url\":\"https:\/\/jornalfatosenoticias.com.br\/index.php\/2021\/09\/16\/nova-especie-de-sapo-e-encontrada-no-sul-da-amazonia-o-sapo-korekore\/\",\"name\":\"Nova esp\u00e9cie de sapo \u00e9 encontrada no Sul da Amaz\u00f4nia, o Sapo Korekore - Jornal Fatos e Not\u00edcias\",\"isPartOf\":{\"@id\":\"https:\/\/jornalfatosenoticias.com.br\/#website\"},\"primaryImageOfPage\":{\"@id\":\"https:\/\/jornalfatosenoticias.com.br\/index.php\/2021\/09\/16\/nova-especie-de-sapo-e-encontrada-no-sul-da-amazonia-o-sapo-korekore\/#primaryimage\"},\"image\":{\"@id\":\"https:\/\/jornalfatosenoticias.com.br\/index.php\/2021\/09\/16\/nova-especie-de-sapo-e-encontrada-no-sul-da-amazonia-o-sapo-korekore\/#primaryimage\"},\"thumbnailUrl\":\"https:\/\/jornalfatosenoticias.com.br\/wp-content\/uploads\/2021\/09\/Sapo-Korekore2.jpeg\",\"datePublished\":\"2021-09-16T18:41:19+00:00\",\"dateModified\":\"2021-09-16T18:42:55+00:00\",\"breadcrumb\":{\"@id\":\"https:\/\/jornalfatosenoticias.com.br\/index.php\/2021\/09\/16\/nova-especie-de-sapo-e-encontrada-no-sul-da-amazonia-o-sapo-korekore\/#breadcrumb\"},\"inLanguage\":\"pt-BR\",\"potentialAction\":[{\"@type\":\"ReadAction\",\"target\":[\"https:\/\/jornalfatosenoticias.com.br\/index.php\/2021\/09\/16\/nova-especie-de-sapo-e-encontrada-no-sul-da-amazonia-o-sapo-korekore\/\"]}]},{\"@type\":\"ImageObject\",\"inLanguage\":\"pt-BR\",\"@id\":\"https:\/\/jornalfatosenoticias.com.br\/index.php\/2021\/09\/16\/nova-especie-de-sapo-e-encontrada-no-sul-da-amazonia-o-sapo-korekore\/#primaryimage\",\"url\":\"https:\/\/jornalfatosenoticias.com.br\/wp-content\/uploads\/2021\/09\/Sapo-Korekore2.jpeg\",\"contentUrl\":\"https:\/\/jornalfatosenoticias.com.br\/wp-content\/uploads\/2021\/09\/Sapo-Korekore2.jpeg\",\"width\":1000,\"height\":750},{\"@type\":\"BreadcrumbList\",\"@id\":\"https:\/\/jornalfatosenoticias.com.br\/index.php\/2021\/09\/16\/nova-especie-de-sapo-e-encontrada-no-sul-da-amazonia-o-sapo-korekore\/#breadcrumb\",\"itemListElement\":[{\"@type\":\"ListItem\",\"position\":1,\"name\":\"In\u00edcio\",\"item\":\"https:\/\/jornalfatosenoticias.com.br\/\"},{\"@type\":\"ListItem\",\"position\":2,\"name\":\"Nova esp\u00e9cie de sapo \u00e9 encontrada no Sul da Amaz\u00f4nia, o Sapo Korekore\"}]},{\"@type\":\"WebSite\",\"@id\":\"https:\/\/jornalfatosenoticias.com.br\/#website\",\"url\":\"https:\/\/jornalfatosenoticias.com.br\/\",\"name\":\"Jornal Fatos e Not\u00edcias\",\"description\":\"Not\u00edcias em geral\",\"publisher\":{\"@id\":\"https:\/\/jornalfatosenoticias.com.br\/#organization\"},\"potentialAction\":[{\"@type\":\"SearchAction\",\"target\":{\"@type\":\"EntryPoint\",\"urlTemplate\":\"https:\/\/jornalfatosenoticias.com.br\/?s={search_term_string}\"},\"query-input\":{\"@type\":\"PropertyValueSpecification\",\"valueRequired\":true,\"valueName\":\"search_term_string\"}}],\"inLanguage\":\"pt-BR\"},{\"@type\":\"Organization\",\"@id\":\"https:\/\/jornalfatosenoticias.com.br\/#organization\",\"name\":\"Jornal Fatos e Not\u00edcias\",\"url\":\"https:\/\/jornalfatosenoticias.com.br\/\",\"logo\":{\"@type\":\"ImageObject\",\"inLanguage\":\"pt-BR\",\"@id\":\"https:\/\/jornalfatosenoticias.com.br\/#\/schema\/logo\/image\/\",\"url\":\"https:\/\/jornalfatosenoticias.com.br\/wp-content\/uploads\/2020\/02\/logo120.png\",\"contentUrl\":\"https:\/\/jornalfatosenoticias.com.br\/wp-content\/uploads\/2020\/02\/logo120.png\",\"width\":1227,\"height\":120,\"caption\":\"Jornal Fatos e Not\u00edcias\"},\"image\":{\"@id\":\"https:\/\/jornalfatosenoticias.com.br\/#\/schema\/logo\/image\/\"}},{\"@type\":\"Person\",\"@id\":\"https:\/\/jornalfatosenoticias.com.br\/#\/schema\/person\/d63837fa13ac8666eb9e74e0985d6f81\",\"name\":\"Luzimara Fernandes\",\"image\":{\"@type\":\"ImageObject\",\"inLanguage\":\"pt-BR\",\"@id\":\"https:\/\/jornalfatosenoticias.com.br\/#\/schema\/person\/image\/\",\"url\":\"https:\/\/jornalfatosenoticias.com.br\/wp-content\/uploads\/2025\/05\/EU_portal.jpg\",\"contentUrl\":\"https:\/\/jornalfatosenoticias.com.br\/wp-content\/uploads\/2025\/05\/EU_portal.jpg\",\"caption\":\"Luzimara Fernandes\"},\"description\":\"Jornalista MTB 2358-ES\",\"sameAs\":[\"https:\/\/jornalfatosenoticias.com.br\"],\"url\":\"https:\/\/jornalfatosenoticias.com.br\/index.php\/author\/luzimara\/\"}]}<\/script>\n<!-- \/ Yoast SEO plugin. -->","yoast_head_json":{"title":"Nova esp\u00e9cie de sapo \u00e9 encontrada no Sul da Amaz\u00f4nia, o Sapo Korekore - Jornal Fatos e Not\u00edcias","robots":{"index":"index","follow":"follow","max-snippet":"max-snippet:-1","max-image-preview":"max-image-preview:large","max-video-preview":"max-video-preview:-1"},"canonical":"https:\/\/jornalfatosenoticias.com.br\/index.php\/2021\/09\/16\/nova-especie-de-sapo-e-encontrada-no-sul-da-amazonia-o-sapo-korekore\/","og_locale":"pt_BR","og_type":"article","og_title":"Nova esp\u00e9cie de sapo \u00e9 encontrada no Sul da Amaz\u00f4nia, o Sapo Korekore - Jornal Fatos e Not\u00edcias","og_description":"A esp\u00e9cie pode ser encontrada na regi\u00e3o do rio Teles Pires, na divisa dos estados do Mato Grosso e do Par\u00e1 Pesquisadores do Mapinguari, em parceria com a Universidade Federal de Mato Grosso do Sul (UFMS) e a Universidade Federal da Para\u00edba (UFPB), descobriram e catalogaram uma nova esp\u00e9cie de sapo, o sapo-de-chifre-dos-munduruku ou sapo-korekore. [&hellip;]","og_url":"https:\/\/jornalfatosenoticias.com.br\/index.php\/2021\/09\/16\/nova-especie-de-sapo-e-encontrada-no-sul-da-amazonia-o-sapo-korekore\/","og_site_name":"Jornal Fatos e Not\u00edcias","article_published_time":"2021-09-16T18:41:19+00:00","article_modified_time":"2021-09-16T18:42:55+00:00","og_image":[{"width":1000,"height":750,"url":"https:\/\/jornalfatosenoticias.com.br\/wp-content\/uploads\/2021\/09\/Sapo-Korekore2.jpeg","type":"image\/jpeg"}],"author":"Luzimara Fernandes","twitter_card":"summary_large_image","twitter_misc":{"Escrito por":"Luzimara Fernandes","Est. tempo de leitura":"2 minutos"},"schema":{"@context":"https:\/\/schema.org","@graph":[{"@type":"Article","@id":"https:\/\/jornalfatosenoticias.com.br\/index.php\/2021\/09\/16\/nova-especie-de-sapo-e-encontrada-no-sul-da-amazonia-o-sapo-korekore\/#article","isPartOf":{"@id":"https:\/\/jornalfatosenoticias.com.br\/index.php\/2021\/09\/16\/nova-especie-de-sapo-e-encontrada-no-sul-da-amazonia-o-sapo-korekore\/"},"author":{"name":"Luzimara Fernandes","@id":"https:\/\/jornalfatosenoticias.com.br\/#\/schema\/person\/d63837fa13ac8666eb9e74e0985d6f81"},"headline":"Nova esp\u00e9cie de sapo \u00e9 encontrada no Sul da Amaz\u00f4nia, o Sapo Korekore","datePublished":"2021-09-16T18:41:19+00:00","dateModified":"2021-09-16T18:42:55+00:00","mainEntityOfPage":{"@id":"https:\/\/jornalfatosenoticias.com.br\/index.php\/2021\/09\/16\/nova-especie-de-sapo-e-encontrada-no-sul-da-amazonia-o-sapo-korekore\/"},"wordCount":512,"commentCount":0,"publisher":{"@id":"https:\/\/jornalfatosenoticias.com.br\/#organization"},"image":{"@id":"https:\/\/jornalfatosenoticias.com.br\/index.php\/2021\/09\/16\/nova-especie-de-sapo-e-encontrada-no-sul-da-amazonia-o-sapo-korekore\/#primaryimage"},"thumbnailUrl":"https:\/\/jornalfatosenoticias.com.br\/wp-content\/uploads\/2021\/09\/Sapo-Korekore2.jpeg","keywords":["amaz\u00f4nia","anf\u00edbios na Amaz\u00f4nia","nova esp\u00e9cie de sapos encontrada na Amaz\u00f4nia","sapo korekore","sapo-de-chifre-dos-munduruku","sapos da Amaz\u00f4nia"],"articleSection":["Ci\u00eancia"],"inLanguage":"pt-BR","potentialAction":[{"@type":"CommentAction","name":"Comment","target":["https:\/\/jornalfatosenoticias.com.br\/index.php\/2021\/09\/16\/nova-especie-de-sapo-e-encontrada-no-sul-da-amazonia-o-sapo-korekore\/#respond"]}]},{"@type":"WebPage","@id":"https:\/\/jornalfatosenoticias.com.br\/index.php\/2021\/09\/16\/nova-especie-de-sapo-e-encontrada-no-sul-da-amazonia-o-sapo-korekore\/","url":"https:\/\/jornalfatosenoticias.com.br\/index.php\/2021\/09\/16\/nova-especie-de-sapo-e-encontrada-no-sul-da-amazonia-o-sapo-korekore\/","name":"Nova esp\u00e9cie de sapo \u00e9 encontrada no Sul da Amaz\u00f4nia, o Sapo Korekore - Jornal Fatos e Not\u00edcias","isPartOf":{"@id":"https:\/\/jornalfatosenoticias.com.br\/#website"},"primaryImageOfPage":{"@id":"https:\/\/jornalfatosenoticias.com.br\/index.php\/2021\/09\/16\/nova-especie-de-sapo-e-encontrada-no-sul-da-amazonia-o-sapo-korekore\/#primaryimage"},"image":{"@id":"https:\/\/jornalfatosenoticias.com.br\/index.php\/2021\/09\/16\/nova-especie-de-sapo-e-encontrada-no-sul-da-amazonia-o-sapo-korekore\/#primaryimage"},"thumbnailUrl":"https:\/\/jornalfatosenoticias.com.br\/wp-content\/uploads\/2021\/09\/Sapo-Korekore2.jpeg","datePublished":"2021-09-16T18:41:19+00:00","dateModified":"2021-09-16T18:42:55+00:00","breadcrumb":{"@id":"https:\/\/jornalfatosenoticias.com.br\/index.php\/2021\/09\/16\/nova-especie-de-sapo-e-encontrada-no-sul-da-amazonia-o-sapo-korekore\/#breadcrumb"},"inLanguage":"pt-BR","potentialAction":[{"@type":"ReadAction","target":["https:\/\/jornalfatosenoticias.com.br\/index.php\/2021\/09\/16\/nova-especie-de-sapo-e-encontrada-no-sul-da-amazonia-o-sapo-korekore\/"]}]},{"@type":"ImageObject","inLanguage":"pt-BR","@id":"https:\/\/jornalfatosenoticias.com.br\/index.php\/2021\/09\/16\/nova-especie-de-sapo-e-encontrada-no-sul-da-amazonia-o-sapo-korekore\/#primaryimage","url":"https:\/\/jornalfatosenoticias.com.br\/wp-content\/uploads\/2021\/09\/Sapo-Korekore2.jpeg","contentUrl":"https:\/\/jornalfatosenoticias.com.br\/wp-content\/uploads\/2021\/09\/Sapo-Korekore2.jpeg","width":1000,"height":750},{"@type":"BreadcrumbList","@id":"https:\/\/jornalfatosenoticias.com.br\/index.php\/2021\/09\/16\/nova-especie-de-sapo-e-encontrada-no-sul-da-amazonia-o-sapo-korekore\/#breadcrumb","itemListElement":[{"@type":"ListItem","position":1,"name":"In\u00edcio","item":"https:\/\/jornalfatosenoticias.com.br\/"},{"@type":"ListItem","position":2,"name":"Nova esp\u00e9cie de sapo \u00e9 encontrada no Sul da Amaz\u00f4nia, o Sapo Korekore"}]},{"@type":"WebSite","@id":"https:\/\/jornalfatosenoticias.com.br\/#website","url":"https:\/\/jornalfatosenoticias.com.br\/","name":"Jornal Fatos e Not\u00edcias","description":"Not\u00edcias em geral","publisher":{"@id":"https:\/\/jornalfatosenoticias.com.br\/#organization"},"potentialAction":[{"@type":"SearchAction","target":{"@type":"EntryPoint","urlTemplate":"https:\/\/jornalfatosenoticias.com.br\/?s={search_term_string}"},"query-input":{"@type":"PropertyValueSpecification","valueRequired":true,"valueName":"search_term_string"}}],"inLanguage":"pt-BR"},{"@type":"Organization","@id":"https:\/\/jornalfatosenoticias.com.br\/#organization","name":"Jornal Fatos e Not\u00edcias","url":"https:\/\/jornalfatosenoticias.com.br\/","logo":{"@type":"ImageObject","inLanguage":"pt-BR","@id":"https:\/\/jornalfatosenoticias.com.br\/#\/schema\/logo\/image\/","url":"https:\/\/jornalfatosenoticias.com.br\/wp-content\/uploads\/2020\/02\/logo120.png","contentUrl":"https:\/\/jornalfatosenoticias.com.br\/wp-content\/uploads\/2020\/02\/logo120.png","width":1227,"height":120,"caption":"Jornal Fatos e Not\u00edcias"},"image":{"@id":"https:\/\/jornalfatosenoticias.com.br\/#\/schema\/logo\/image\/"}},{"@type":"Person","@id":"https:\/\/jornalfatosenoticias.com.br\/#\/schema\/person\/d63837fa13ac8666eb9e74e0985d6f81","name":"Luzimara Fernandes","image":{"@type":"ImageObject","inLanguage":"pt-BR","@id":"https:\/\/jornalfatosenoticias.com.br\/#\/schema\/person\/image\/","url":"https:\/\/jornalfatosenoticias.com.br\/wp-content\/uploads\/2025\/05\/EU_portal.jpg","contentUrl":"https:\/\/jornalfatosenoticias.com.br\/wp-content\/uploads\/2025\/05\/EU_portal.jpg","caption":"Luzimara Fernandes"},"description":"Jornalista MTB 2358-ES","sameAs":["https:\/\/jornalfatosenoticias.com.br"],"url":"https:\/\/jornalfatosenoticias.com.br\/index.php\/author\/luzimara\/"}]}},"cc_featured_image_caption":{"caption_text":"(Foto: Leandro Alves da Silva)","source_text":"","source_url":""},"jetpack_featured_media_url":"https:\/\/jornalfatosenoticias.com.br\/wp-content\/uploads\/2021\/09\/Sapo-Korekore2.jpeg","_links":{"self":[{"href":"https:\/\/jornalfatosenoticias.com.br\/index.php\/wp-json\/wp\/v2\/posts\/22896","targetHints":{"allow":["GET"]}}],"collection":[{"href":"https:\/\/jornalfatosenoticias.com.br\/index.php\/wp-json\/wp\/v2\/posts"}],"about":[{"href":"https:\/\/jornalfatosenoticias.com.br\/index.php\/wp-json\/wp\/v2\/types\/post"}],"author":[{"embeddable":true,"href":"https:\/\/jornalfatosenoticias.com.br\/index.php\/wp-json\/wp\/v2\/users\/2"}],"replies":[{"embeddable":true,"href":"https:\/\/jornalfatosenoticias.com.br\/index.php\/wp-json\/wp\/v2\/comments?post=22896"}],"version-history":[{"count":0,"href":"https:\/\/jornalfatosenoticias.com.br\/index.php\/wp-json\/wp\/v2\/posts\/22896\/revisions"}],"wp:featuredmedia":[{"embeddable":true,"href":"https:\/\/jornalfatosenoticias.com.br\/index.php\/wp-json\/wp\/v2\/media\/22898"}],"wp:attachment":[{"href":"https:\/\/jornalfatosenoticias.com.br\/index.php\/wp-json\/wp\/v2\/media?parent=22896"}],"wp:term":[{"taxonomy":"category","embeddable":true,"href":"https:\/\/jornalfatosenoticias.com.br\/index.php\/wp-json\/wp\/v2\/categories?post=22896"},{"taxonomy":"post_tag","embeddable":true,"href":"https:\/\/jornalfatosenoticias.com.br\/index.php\/wp-json\/wp\/v2\/tags?post=22896"}],"curies":[{"name":"wp","href":"https:\/\/api.w.org\/{rel}","templated":true}]}}