{"id":22918,"date":"2021-09-16T16:14:41","date_gmt":"2021-09-16T19:14:41","guid":{"rendered":"https:\/\/jornalfatosenoticias.com.br\/?p=22918"},"modified":"2021-09-16T16:14:45","modified_gmt":"2021-09-16T19:14:45","slug":"pantanal-ganha-dia-mundial-para-celebrar-sua-importancia","status":"publish","type":"post","link":"https:\/\/jornalfatosenoticias.com.br\/index.php\/2021\/09\/16\/pantanal-ganha-dia-mundial-para-celebrar-sua-importancia\/","title":{"rendered":"Pantanal ganha dia mundial para celebrar sua import\u00e2ncia"},"content":{"rendered":"\n<p><em><span class=\"has-inline-color has-black-color\">Bioma \u00e9 respons\u00e1vel pela captura de 30% de todo o CO\u2082 do planeta<\/span><\/em><\/p>\n\n\n\n<p>Demorou, mas o reconhecimento chegou! A partir de 2022, em todo <strong><span class=\"has-inline-color has-black-color\">2 de fevereiro<\/span><\/strong> ser\u00e1 celebrado em todo o planeta o <strong><span class=\"has-inline-color has-black-color\">Dia Mundial dos Pantanais<\/span><\/strong>. A data foi proclamada pela Assembleia Geral das Na\u00e7\u00f5es Unidas nesse segundo semestre de 2021.<br>Respons\u00e1vel por 30% da <strong><span class=\"has-inline-color has-black-color\">captura de CO\u2082<\/span><\/strong> da Terra, o <strong><span class=\"has-inline-color has-black-color\">Pantanal<\/span><\/strong> \u2014 presente na <em>Bol\u00edvia, Paraguai e, sobretudo, no Brasil<\/em> \u2014 presta um servi\u00e7o socioambiental imensur\u00e1vel \u00e0 vida no planeta, sendo a maior plan\u00edcie inund\u00e1vel do mundo. Al\u00e9m de ser lar de in\u00fameras esp\u00e9cies de fauna e flora, o bioma tem papel fundamental na subsist\u00eancia de popula\u00e7\u00f5es locais, por meio do turismo e agricultura sustent\u00e1veis.<br>Apesar disso, desde 1970, 35% das \u00e1reas de pantanais do mundo foram perdidas, tornando esses sistemas um dos mais amea\u00e7ados do planeta, segundo o <strong><span class=\"has-inline-color has-black-color\">Pnuma<\/span><\/strong>, Programa das Na\u00e7\u00f5es Unidas para o Meio Ambiente.<br>Na tentativa de chamar a aten\u00e7\u00e3o para a extrema relev\u00e2ncia do Pantanal e ampliar os debates sobre a import\u00e2ncia de a\u00e7\u00f5es voltadas \u00e0 sua <strong><span class=\"has-inline-color has-black-color\">conserva\u00e7\u00e3o<\/span><\/strong>, os pa\u00edses-membros da ONU votaram a favor da institui\u00e7\u00e3o do seu Dia Mundial.<br>\u201cO mundo est\u00e1 atento para a import\u00e2ncia de ecossistemas que contribuem para o <strong><span class=\"has-inline-color has-black-color\">sequestro de carbono<\/span><\/strong>, incluindo manguezais e pantanais. Precisamos todos lutar para que n\u00e3o acabem!\u201d, disse Audrey Azoulay, diretora-geral da Unesco, Organiza\u00e7\u00e3o das Na\u00e7\u00f5es Unidas para a Educa\u00e7\u00e3o, Ci\u00eancia e Cultura.<\/p>\n\n\n\n<p><strong><em>Fonte: <a href=\"https:\/\/territoriosecreto.com.br\/responsavel-pela-captura-de-30-de-todo-o-co2-do-planeta-pantanal-ganha-dia-mundial-para-celebrar-sua-importancia\/\">Territ\u00f3rio Secreto<\/a><\/em><\/strong><\/p>\n","protected":false},"excerpt":{"rendered":"<p>Bioma \u00e9 respons\u00e1vel pela captura de 30% de todo o CO\u2082 do planeta Demorou, mas o reconhecimento chegou! A partir de 2022, em todo 2 de fevereiro ser\u00e1 celebrado em todo o planeta o Dia Mundial dos Pantanais. A data foi proclamada pela Assembleia Geral das Na\u00e7\u00f5es Unidas nesse segundo semestre de 2021.Respons\u00e1vel por 30% [&hellip;]<\/p>\n","protected":false},"author":2,"featured_media":22919,"comment_status":"open","ping_status":"open","sticky":false,"template":"","format":"standard","meta":{"footnotes":""},"categories":[8],"tags":[47,334,778,11190,11191],"class_list":["post-22918","post","type-post","status-publish","format-standard","has-post-thumbnail","hentry","category-meio-ambiente","tag-ambiente","tag-biodiversidade","tag-pantanal","tag-queimada","tag-sequestro-de-carbono"],"yoast_head":"<!-- This site is optimized with the Yoast SEO plugin v26.5 - https:\/\/yoast.com\/wordpress\/plugins\/seo\/ -->\n<title>Pantanal ganha dia mundial para celebrar sua import\u00e2ncia - Jornal Fatos e Not\u00edcias<\/title>\n<meta name=\"robots\" content=\"index, follow, max-snippet:-1, max-image-preview:large, max-video-preview:-1\" \/>\n<link rel=\"canonical\" href=\"https:\/\/jornalfatosenoticias.com.br\/index.php\/2021\/09\/16\/pantanal-ganha-dia-mundial-para-celebrar-sua-importancia\/\" \/>\n<meta property=\"og:locale\" content=\"pt_BR\" \/>\n<meta property=\"og:type\" content=\"article\" \/>\n<meta property=\"og:title\" content=\"Pantanal ganha dia mundial para celebrar sua import\u00e2ncia - Jornal Fatos e Not\u00edcias\" \/>\n<meta property=\"og:description\" content=\"Bioma \u00e9 respons\u00e1vel pela captura de 30% de todo o CO\u2082 do planeta Demorou, mas o reconhecimento chegou! A partir de 2022, em todo 2 de fevereiro ser\u00e1 celebrado em todo o planeta o Dia Mundial dos Pantanais. A data foi proclamada pela Assembleia Geral das Na\u00e7\u00f5es Unidas nesse segundo semestre de 2021.Respons\u00e1vel por 30% [&hellip;]\" \/>\n<meta property=\"og:url\" content=\"https:\/\/jornalfatosenoticias.com.br\/index.php\/2021\/09\/16\/pantanal-ganha-dia-mundial-para-celebrar-sua-importancia\/\" \/>\n<meta property=\"og:site_name\" content=\"Jornal Fatos e Not\u00edcias\" \/>\n<meta property=\"article:published_time\" content=\"2021-09-16T19:14:41+00:00\" \/>\n<meta property=\"article:modified_time\" content=\"2021-09-16T19:14:45+00:00\" \/>\n<meta property=\"og:image\" content=\"https:\/\/jornalfatosenoticias.com.br\/wp-content\/uploads\/2021\/09\/pantanal-ganha-dia-mundial-celebrar-importancia.jpg\" \/>\n\t<meta property=\"og:image:width\" content=\"1000\" \/>\n\t<meta property=\"og:image:height\" content=\"650\" \/>\n\t<meta property=\"og:image:type\" content=\"image\/jpeg\" \/>\n<meta name=\"author\" content=\"Luzimara Fernandes\" \/>\n<meta name=\"twitter:card\" content=\"summary_large_image\" \/>\n<meta name=\"twitter:label1\" content=\"Escrito por\" \/>\n\t<meta name=\"twitter:data1\" content=\"Luzimara Fernandes\" \/>\n\t<meta name=\"twitter:label2\" content=\"Est. tempo de leitura\" \/>\n\t<meta name=\"twitter:data2\" content=\"1 minuto\" \/>\n<script type=\"application\/ld+json\" class=\"yoast-schema-graph\">{\"@context\":\"https:\/\/schema.org\",\"@graph\":[{\"@type\":\"Article\",\"@id\":\"https:\/\/jornalfatosenoticias.com.br\/index.php\/2021\/09\/16\/pantanal-ganha-dia-mundial-para-celebrar-sua-importancia\/#article\",\"isPartOf\":{\"@id\":\"https:\/\/jornalfatosenoticias.com.br\/index.php\/2021\/09\/16\/pantanal-ganha-dia-mundial-para-celebrar-sua-importancia\/\"},\"author\":{\"name\":\"Luzimara Fernandes\",\"@id\":\"https:\/\/jornalfatosenoticias.com.br\/#\/schema\/person\/d63837fa13ac8666eb9e74e0985d6f81\"},\"headline\":\"Pantanal ganha dia mundial para celebrar sua import\u00e2ncia\",\"datePublished\":\"2021-09-16T19:14:41+00:00\",\"dateModified\":\"2021-09-16T19:14:45+00:00\",\"mainEntityOfPage\":{\"@id\":\"https:\/\/jornalfatosenoticias.com.br\/index.php\/2021\/09\/16\/pantanal-ganha-dia-mundial-para-celebrar-sua-importancia\/\"},\"wordCount\":262,\"commentCount\":0,\"publisher\":{\"@id\":\"https:\/\/jornalfatosenoticias.com.br\/#organization\"},\"image\":{\"@id\":\"https:\/\/jornalfatosenoticias.com.br\/index.php\/2021\/09\/16\/pantanal-ganha-dia-mundial-para-celebrar-sua-importancia\/#primaryimage\"},\"thumbnailUrl\":\"https:\/\/jornalfatosenoticias.com.br\/wp-content\/uploads\/2021\/09\/pantanal-ganha-dia-mundial-celebrar-importancia.jpg\",\"keywords\":[\"ambiente\",\"biodiversidade\",\"Pantanal\",\"queimada\",\"sequestro de carbono\"],\"articleSection\":[\"Meio ambiente\"],\"inLanguage\":\"pt-BR\",\"potentialAction\":[{\"@type\":\"CommentAction\",\"name\":\"Comment\",\"target\":[\"https:\/\/jornalfatosenoticias.com.br\/index.php\/2021\/09\/16\/pantanal-ganha-dia-mundial-para-celebrar-sua-importancia\/#respond\"]}]},{\"@type\":\"WebPage\",\"@id\":\"https:\/\/jornalfatosenoticias.com.br\/index.php\/2021\/09\/16\/pantanal-ganha-dia-mundial-para-celebrar-sua-importancia\/\",\"url\":\"https:\/\/jornalfatosenoticias.com.br\/index.php\/2021\/09\/16\/pantanal-ganha-dia-mundial-para-celebrar-sua-importancia\/\",\"name\":\"Pantanal ganha dia mundial para celebrar sua import\u00e2ncia - Jornal Fatos e Not\u00edcias\",\"isPartOf\":{\"@id\":\"https:\/\/jornalfatosenoticias.com.br\/#website\"},\"primaryImageOfPage\":{\"@id\":\"https:\/\/jornalfatosenoticias.com.br\/index.php\/2021\/09\/16\/pantanal-ganha-dia-mundial-para-celebrar-sua-importancia\/#primaryimage\"},\"image\":{\"@id\":\"https:\/\/jornalfatosenoticias.com.br\/index.php\/2021\/09\/16\/pantanal-ganha-dia-mundial-para-celebrar-sua-importancia\/#primaryimage\"},\"thumbnailUrl\":\"https:\/\/jornalfatosenoticias.com.br\/wp-content\/uploads\/2021\/09\/pantanal-ganha-dia-mundial-celebrar-importancia.jpg\",\"datePublished\":\"2021-09-16T19:14:41+00:00\",\"dateModified\":\"2021-09-16T19:14:45+00:00\",\"breadcrumb\":{\"@id\":\"https:\/\/jornalfatosenoticias.com.br\/index.php\/2021\/09\/16\/pantanal-ganha-dia-mundial-para-celebrar-sua-importancia\/#breadcrumb\"},\"inLanguage\":\"pt-BR\",\"potentialAction\":[{\"@type\":\"ReadAction\",\"target\":[\"https:\/\/jornalfatosenoticias.com.br\/index.php\/2021\/09\/16\/pantanal-ganha-dia-mundial-para-celebrar-sua-importancia\/\"]}]},{\"@type\":\"ImageObject\",\"inLanguage\":\"pt-BR\",\"@id\":\"https:\/\/jornalfatosenoticias.com.br\/index.php\/2021\/09\/16\/pantanal-ganha-dia-mundial-para-celebrar-sua-importancia\/#primaryimage\",\"url\":\"https:\/\/jornalfatosenoticias.com.br\/wp-content\/uploads\/2021\/09\/pantanal-ganha-dia-mundial-celebrar-importancia.jpg\",\"contentUrl\":\"https:\/\/jornalfatosenoticias.com.br\/wp-content\/uploads\/2021\/09\/pantanal-ganha-dia-mundial-celebrar-importancia.jpg\",\"width\":1000,\"height\":650},{\"@type\":\"BreadcrumbList\",\"@id\":\"https:\/\/jornalfatosenoticias.com.br\/index.php\/2021\/09\/16\/pantanal-ganha-dia-mundial-para-celebrar-sua-importancia\/#breadcrumb\",\"itemListElement\":[{\"@type\":\"ListItem\",\"position\":1,\"name\":\"In\u00edcio\",\"item\":\"https:\/\/jornalfatosenoticias.com.br\/\"},{\"@type\":\"ListItem\",\"position\":2,\"name\":\"Pantanal ganha dia mundial para celebrar sua import\u00e2ncia\"}]},{\"@type\":\"WebSite\",\"@id\":\"https:\/\/jornalfatosenoticias.com.br\/#website\",\"url\":\"https:\/\/jornalfatosenoticias.com.br\/\",\"name\":\"Jornal Fatos e Not\u00edcias\",\"description\":\"Not\u00edcias em geral\",\"publisher\":{\"@id\":\"https:\/\/jornalfatosenoticias.com.br\/#organization\"},\"potentialAction\":[{\"@type\":\"SearchAction\",\"target\":{\"@type\":\"EntryPoint\",\"urlTemplate\":\"https:\/\/jornalfatosenoticias.com.br\/?s={search_term_string}\"},\"query-input\":{\"@type\":\"PropertyValueSpecification\",\"valueRequired\":true,\"valueName\":\"search_term_string\"}}],\"inLanguage\":\"pt-BR\"},{\"@type\":\"Organization\",\"@id\":\"https:\/\/jornalfatosenoticias.com.br\/#organization\",\"name\":\"Jornal Fatos e Not\u00edcias\",\"url\":\"https:\/\/jornalfatosenoticias.com.br\/\",\"logo\":{\"@type\":\"ImageObject\",\"inLanguage\":\"pt-BR\",\"@id\":\"https:\/\/jornalfatosenoticias.com.br\/#\/schema\/logo\/image\/\",\"url\":\"https:\/\/jornalfatosenoticias.com.br\/wp-content\/uploads\/2020\/02\/logo120.png\",\"contentUrl\":\"https:\/\/jornalfatosenoticias.com.br\/wp-content\/uploads\/2020\/02\/logo120.png\",\"width\":1227,\"height\":120,\"caption\":\"Jornal Fatos e Not\u00edcias\"},\"image\":{\"@id\":\"https:\/\/jornalfatosenoticias.com.br\/#\/schema\/logo\/image\/\"}},{\"@type\":\"Person\",\"@id\":\"https:\/\/jornalfatosenoticias.com.br\/#\/schema\/person\/d63837fa13ac8666eb9e74e0985d6f81\",\"name\":\"Luzimara Fernandes\",\"image\":{\"@type\":\"ImageObject\",\"inLanguage\":\"pt-BR\",\"@id\":\"https:\/\/jornalfatosenoticias.com.br\/#\/schema\/person\/image\/\",\"url\":\"https:\/\/jornalfatosenoticias.com.br\/wp-content\/uploads\/2025\/05\/EU_portal.jpg\",\"contentUrl\":\"https:\/\/jornalfatosenoticias.com.br\/wp-content\/uploads\/2025\/05\/EU_portal.jpg\",\"caption\":\"Luzimara Fernandes\"},\"description\":\"Jornalista MTB 2358-ES\",\"sameAs\":[\"https:\/\/jornalfatosenoticias.com.br\"],\"url\":\"https:\/\/jornalfatosenoticias.com.br\/index.php\/author\/luzimara\/\"}]}<\/script>\n<!-- \/ Yoast SEO plugin. -->","yoast_head_json":{"title":"Pantanal ganha dia mundial para celebrar sua import\u00e2ncia - Jornal Fatos e Not\u00edcias","robots":{"index":"index","follow":"follow","max-snippet":"max-snippet:-1","max-image-preview":"max-image-preview:large","max-video-preview":"max-video-preview:-1"},"canonical":"https:\/\/jornalfatosenoticias.com.br\/index.php\/2021\/09\/16\/pantanal-ganha-dia-mundial-para-celebrar-sua-importancia\/","og_locale":"pt_BR","og_type":"article","og_title":"Pantanal ganha dia mundial para celebrar sua import\u00e2ncia - Jornal Fatos e Not\u00edcias","og_description":"Bioma \u00e9 respons\u00e1vel pela captura de 30% de todo o CO\u2082 do planeta Demorou, mas o reconhecimento chegou! A partir de 2022, em todo 2 de fevereiro ser\u00e1 celebrado em todo o planeta o Dia Mundial dos Pantanais. A data foi proclamada pela Assembleia Geral das Na\u00e7\u00f5es Unidas nesse segundo semestre de 2021.Respons\u00e1vel por 30% [&hellip;]","og_url":"https:\/\/jornalfatosenoticias.com.br\/index.php\/2021\/09\/16\/pantanal-ganha-dia-mundial-para-celebrar-sua-importancia\/","og_site_name":"Jornal Fatos e Not\u00edcias","article_published_time":"2021-09-16T19:14:41+00:00","article_modified_time":"2021-09-16T19:14:45+00:00","og_image":[{"width":1000,"height":650,"url":"https:\/\/jornalfatosenoticias.com.br\/wp-content\/uploads\/2021\/09\/pantanal-ganha-dia-mundial-celebrar-importancia.jpg","type":"image\/jpeg"}],"author":"Luzimara Fernandes","twitter_card":"summary_large_image","twitter_misc":{"Escrito por":"Luzimara Fernandes","Est. tempo de leitura":"1 minuto"},"schema":{"@context":"https:\/\/schema.org","@graph":[{"@type":"Article","@id":"https:\/\/jornalfatosenoticias.com.br\/index.php\/2021\/09\/16\/pantanal-ganha-dia-mundial-para-celebrar-sua-importancia\/#article","isPartOf":{"@id":"https:\/\/jornalfatosenoticias.com.br\/index.php\/2021\/09\/16\/pantanal-ganha-dia-mundial-para-celebrar-sua-importancia\/"},"author":{"name":"Luzimara Fernandes","@id":"https:\/\/jornalfatosenoticias.com.br\/#\/schema\/person\/d63837fa13ac8666eb9e74e0985d6f81"},"headline":"Pantanal ganha dia mundial para celebrar sua import\u00e2ncia","datePublished":"2021-09-16T19:14:41+00:00","dateModified":"2021-09-16T19:14:45+00:00","mainEntityOfPage":{"@id":"https:\/\/jornalfatosenoticias.com.br\/index.php\/2021\/09\/16\/pantanal-ganha-dia-mundial-para-celebrar-sua-importancia\/"},"wordCount":262,"commentCount":0,"publisher":{"@id":"https:\/\/jornalfatosenoticias.com.br\/#organization"},"image":{"@id":"https:\/\/jornalfatosenoticias.com.br\/index.php\/2021\/09\/16\/pantanal-ganha-dia-mundial-para-celebrar-sua-importancia\/#primaryimage"},"thumbnailUrl":"https:\/\/jornalfatosenoticias.com.br\/wp-content\/uploads\/2021\/09\/pantanal-ganha-dia-mundial-celebrar-importancia.jpg","keywords":["ambiente","biodiversidade","Pantanal","queimada","sequestro de carbono"],"articleSection":["Meio ambiente"],"inLanguage":"pt-BR","potentialAction":[{"@type":"CommentAction","name":"Comment","target":["https:\/\/jornalfatosenoticias.com.br\/index.php\/2021\/09\/16\/pantanal-ganha-dia-mundial-para-celebrar-sua-importancia\/#respond"]}]},{"@type":"WebPage","@id":"https:\/\/jornalfatosenoticias.com.br\/index.php\/2021\/09\/16\/pantanal-ganha-dia-mundial-para-celebrar-sua-importancia\/","url":"https:\/\/jornalfatosenoticias.com.br\/index.php\/2021\/09\/16\/pantanal-ganha-dia-mundial-para-celebrar-sua-importancia\/","name":"Pantanal ganha dia mundial para celebrar sua import\u00e2ncia - Jornal Fatos e Not\u00edcias","isPartOf":{"@id":"https:\/\/jornalfatosenoticias.com.br\/#website"},"primaryImageOfPage":{"@id":"https:\/\/jornalfatosenoticias.com.br\/index.php\/2021\/09\/16\/pantanal-ganha-dia-mundial-para-celebrar-sua-importancia\/#primaryimage"},"image":{"@id":"https:\/\/jornalfatosenoticias.com.br\/index.php\/2021\/09\/16\/pantanal-ganha-dia-mundial-para-celebrar-sua-importancia\/#primaryimage"},"thumbnailUrl":"https:\/\/jornalfatosenoticias.com.br\/wp-content\/uploads\/2021\/09\/pantanal-ganha-dia-mundial-celebrar-importancia.jpg","datePublished":"2021-09-16T19:14:41+00:00","dateModified":"2021-09-16T19:14:45+00:00","breadcrumb":{"@id":"https:\/\/jornalfatosenoticias.com.br\/index.php\/2021\/09\/16\/pantanal-ganha-dia-mundial-para-celebrar-sua-importancia\/#breadcrumb"},"inLanguage":"pt-BR","potentialAction":[{"@type":"ReadAction","target":["https:\/\/jornalfatosenoticias.com.br\/index.php\/2021\/09\/16\/pantanal-ganha-dia-mundial-para-celebrar-sua-importancia\/"]}]},{"@type":"ImageObject","inLanguage":"pt-BR","@id":"https:\/\/jornalfatosenoticias.com.br\/index.php\/2021\/09\/16\/pantanal-ganha-dia-mundial-para-celebrar-sua-importancia\/#primaryimage","url":"https:\/\/jornalfatosenoticias.com.br\/wp-content\/uploads\/2021\/09\/pantanal-ganha-dia-mundial-celebrar-importancia.jpg","contentUrl":"https:\/\/jornalfatosenoticias.com.br\/wp-content\/uploads\/2021\/09\/pantanal-ganha-dia-mundial-celebrar-importancia.jpg","width":1000,"height":650},{"@type":"BreadcrumbList","@id":"https:\/\/jornalfatosenoticias.com.br\/index.php\/2021\/09\/16\/pantanal-ganha-dia-mundial-para-celebrar-sua-importancia\/#breadcrumb","itemListElement":[{"@type":"ListItem","position":1,"name":"In\u00edcio","item":"https:\/\/jornalfatosenoticias.com.br\/"},{"@type":"ListItem","position":2,"name":"Pantanal ganha dia mundial para celebrar sua import\u00e2ncia"}]},{"@type":"WebSite","@id":"https:\/\/jornalfatosenoticias.com.br\/#website","url":"https:\/\/jornalfatosenoticias.com.br\/","name":"Jornal Fatos e Not\u00edcias","description":"Not\u00edcias em geral","publisher":{"@id":"https:\/\/jornalfatosenoticias.com.br\/#organization"},"potentialAction":[{"@type":"SearchAction","target":{"@type":"EntryPoint","urlTemplate":"https:\/\/jornalfatosenoticias.com.br\/?s={search_term_string}"},"query-input":{"@type":"PropertyValueSpecification","valueRequired":true,"valueName":"search_term_string"}}],"inLanguage":"pt-BR"},{"@type":"Organization","@id":"https:\/\/jornalfatosenoticias.com.br\/#organization","name":"Jornal Fatos e Not\u00edcias","url":"https:\/\/jornalfatosenoticias.com.br\/","logo":{"@type":"ImageObject","inLanguage":"pt-BR","@id":"https:\/\/jornalfatosenoticias.com.br\/#\/schema\/logo\/image\/","url":"https:\/\/jornalfatosenoticias.com.br\/wp-content\/uploads\/2020\/02\/logo120.png","contentUrl":"https:\/\/jornalfatosenoticias.com.br\/wp-content\/uploads\/2020\/02\/logo120.png","width":1227,"height":120,"caption":"Jornal Fatos e Not\u00edcias"},"image":{"@id":"https:\/\/jornalfatosenoticias.com.br\/#\/schema\/logo\/image\/"}},{"@type":"Person","@id":"https:\/\/jornalfatosenoticias.com.br\/#\/schema\/person\/d63837fa13ac8666eb9e74e0985d6f81","name":"Luzimara Fernandes","image":{"@type":"ImageObject","inLanguage":"pt-BR","@id":"https:\/\/jornalfatosenoticias.com.br\/#\/schema\/person\/image\/","url":"https:\/\/jornalfatosenoticias.com.br\/wp-content\/uploads\/2025\/05\/EU_portal.jpg","contentUrl":"https:\/\/jornalfatosenoticias.com.br\/wp-content\/uploads\/2025\/05\/EU_portal.jpg","caption":"Luzimara Fernandes"},"description":"Jornalista MTB 2358-ES","sameAs":["https:\/\/jornalfatosenoticias.com.br"],"url":"https:\/\/jornalfatosenoticias.com.br\/index.php\/author\/luzimara\/"}]}},"cc_featured_image_caption":{"caption_text":"(Foto: Divulga\u00e7\u00e3o) \r\n","source_text":"","source_url":""},"jetpack_featured_media_url":"https:\/\/jornalfatosenoticias.com.br\/wp-content\/uploads\/2021\/09\/pantanal-ganha-dia-mundial-celebrar-importancia.jpg","_links":{"self":[{"href":"https:\/\/jornalfatosenoticias.com.br\/index.php\/wp-json\/wp\/v2\/posts\/22918","targetHints":{"allow":["GET"]}}],"collection":[{"href":"https:\/\/jornalfatosenoticias.com.br\/index.php\/wp-json\/wp\/v2\/posts"}],"about":[{"href":"https:\/\/jornalfatosenoticias.com.br\/index.php\/wp-json\/wp\/v2\/types\/post"}],"author":[{"embeddable":true,"href":"https:\/\/jornalfatosenoticias.com.br\/index.php\/wp-json\/wp\/v2\/users\/2"}],"replies":[{"embeddable":true,"href":"https:\/\/jornalfatosenoticias.com.br\/index.php\/wp-json\/wp\/v2\/comments?post=22918"}],"version-history":[{"count":0,"href":"https:\/\/jornalfatosenoticias.com.br\/index.php\/wp-json\/wp\/v2\/posts\/22918\/revisions"}],"wp:featuredmedia":[{"embeddable":true,"href":"https:\/\/jornalfatosenoticias.com.br\/index.php\/wp-json\/wp\/v2\/media\/22919"}],"wp:attachment":[{"href":"https:\/\/jornalfatosenoticias.com.br\/index.php\/wp-json\/wp\/v2\/media?parent=22918"}],"wp:term":[{"taxonomy":"category","embeddable":true,"href":"https:\/\/jornalfatosenoticias.com.br\/index.php\/wp-json\/wp\/v2\/categories?post=22918"},{"taxonomy":"post_tag","embeddable":true,"href":"https:\/\/jornalfatosenoticias.com.br\/index.php\/wp-json\/wp\/v2\/tags?post=22918"}],"curies":[{"name":"wp","href":"https:\/\/api.w.org\/{rel}","templated":true}]}}