{"id":22929,"date":"2021-09-16T16:34:48","date_gmt":"2021-09-16T19:34:48","guid":{"rendered":"https:\/\/jornalfatosenoticias.com.br\/?p=22929"},"modified":"2021-09-16T16:34:48","modified_gmt":"2021-09-16T19:34:48","slug":"curso-abc-atinge-58-milhoes-de-acessos-e-se-torna-o-curso-mais-acessado-do-avamec","status":"publish","type":"post","link":"https:\/\/jornalfatosenoticias.com.br\/index.php\/2021\/09\/16\/curso-abc-atinge-58-milhoes-de-acessos-e-se-torna-o-curso-mais-acessado-do-avamec\/","title":{"rendered":"Curso ABC atinge 5,8 milh\u00f5es de acessos e se torna o curso mais acessado do Avamec"},"content":{"rendered":"\n<p><em><span class=\"has-inline-color has-black-color\">At\u00e9 ent\u00e3o, o curso Pr\u00e1ticas de Alfabetiza\u00e7\u00e3o era l\u00edder do ranking, com 5,6 milh\u00f5es de acessos<\/span><\/em><\/p>\n\n\n\n<p>O curso Alfabetiza\u00e7\u00e3o Baseada na Ci\u00eancia (ABC), disponibilizado pela Secretaria de Alfabetiza\u00e7\u00e3o (Sealf) do Minist\u00e9rio da Educa\u00e7\u00e3o (MEC) no Ambiente Virtual de Aprendizagem do MEC (Avamec), alcan\u00e7ou o marco de 5,8 milh\u00f5es de acessos. At\u00e9 o momento, o l\u00edder do ranking de cursos mais acessados da plataforma era o curso Pr\u00e1ticas de Alfabetiza\u00e7\u00e3o, tamb\u00e9m da Sealf.<br>O ABC foi elaborado com o intuito de atualizar os conhecimentos dos professores alfabetizadores quanto \u00e0s evid\u00eancias cient\u00edficas sobre o ensino da leitura e escrita para crian\u00e7as nos primeiros anos de escolaridade no Brasil. Al\u00e9m disso, identificar as necessidades de forma\u00e7\u00e3o dos professores alfabetizadores relativamente ao ensino da leitura e escrita, a fim de promover as pr\u00e1ticas de alfabetiza\u00e7\u00e3o, que tamb\u00e9m \u00e9 um dos objetivos do curso.<br>O material \u00e9 autoinstrucional e conta com quatro partes te\u00f3ricas e dois programas pr\u00e1ticos. S\u00e3o eles:<\/p>\n\n\n\n<ul class=\"wp-block-list\"><li>Parte A: trata das no\u00e7\u00f5es fundamentais sobre alfabetiza\u00e7\u00e3o;<\/li><li>Parte B: trata da literacia emergente;<\/li><li>Parte C: trata da aprendizagem da leitura e da escrita; e<\/li><li>Parte D: trata das dificuldades e perturba\u00e7\u00f5es na aprendizagem da leitura e escrita.<\/li><li>Programa de Promo\u00e7\u00e3o de Compet\u00eancias Pr\u00e9-Leitoras<\/li><li>Programa de Promo\u00e7\u00e3o Precoce nas Compet\u00eancias de Leitura<\/li><\/ul>\n\n\n\n<p>Todos os professores da educa\u00e7\u00e3o infantil e do ensino fundamental I est\u00e3o convidados a se inscreverem no curso. A forma\u00e7\u00e3o deve ser realizada a dist\u00e2ncia, por meio do Avamec. A carga hor\u00e1ria total do curso \u00e9 de 180 horas, e ao final da forma\u00e7\u00e3o \u00e9 emitido um certificado aos participantes.<\/p>\n\n\n\n<p><a href=\"https:\/\/avamec.mec.gov.br\/#\/instituicao\/sealf\/curso\/12361\/informacoes\">Conhe\u00e7a<\/a>\u00a0o ABC.<\/p>\n\n\n\n<p><strong><em>Fonte: <a href=\"https:\/\/www.gov.br\/mec\/pt-br\/assuntos\/noticias\/curso-abc-atinge-5-8-milhoes-de-acessos-e-se-torna-o-curso-mais-acessado-do-avamec\">MEC<\/a><\/em><\/strong><\/p>\n","protected":false},"excerpt":{"rendered":"<p>At\u00e9 ent\u00e3o, o curso Pr\u00e1ticas de Alfabetiza\u00e7\u00e3o era l\u00edder do ranking, com 5,6 milh\u00f5es de acessos O curso Alfabetiza\u00e7\u00e3o Baseada na Ci\u00eancia (ABC), disponibilizado pela Secretaria de Alfabetiza\u00e7\u00e3o (Sealf) do Minist\u00e9rio da Educa\u00e7\u00e3o (MEC) no Ambiente Virtual de Aprendizagem do MEC (Avamec), alcan\u00e7ou o marco de 5,8 milh\u00f5es de acessos. At\u00e9 o momento, o l\u00edder [&hellip;]<\/p>\n","protected":false},"author":2,"featured_media":22930,"comment_status":"open","ping_status":"open","sticky":false,"template":"","format":"standard","meta":{"footnotes":""},"categories":[7],"tags":[6862,3821,10735,359],"class_list":["post-22929","post","type-post","status-publish","format-standard","has-post-thumbnail","hentry","category-educacao","tag-abc","tag-alfabetizacao","tag-avamec","tag-formacao-continuada"],"yoast_head":"<!-- This site is optimized with the Yoast SEO plugin v26.5 - https:\/\/yoast.com\/wordpress\/plugins\/seo\/ -->\n<title>Curso ABC atinge 5,8 milh\u00f5es de acessos e se torna o curso mais acessado do Avamec - Jornal Fatos e Not\u00edcias<\/title>\n<meta name=\"robots\" content=\"index, follow, max-snippet:-1, max-image-preview:large, max-video-preview:-1\" \/>\n<link rel=\"canonical\" href=\"https:\/\/jornalfatosenoticias.com.br\/index.php\/2021\/09\/16\/curso-abc-atinge-58-milhoes-de-acessos-e-se-torna-o-curso-mais-acessado-do-avamec\/\" \/>\n<meta property=\"og:locale\" content=\"pt_BR\" \/>\n<meta property=\"og:type\" content=\"article\" \/>\n<meta property=\"og:title\" content=\"Curso ABC atinge 5,8 milh\u00f5es de acessos e se torna o curso mais acessado do Avamec - Jornal Fatos e Not\u00edcias\" \/>\n<meta property=\"og:description\" content=\"At\u00e9 ent\u00e3o, o curso Pr\u00e1ticas de Alfabetiza\u00e7\u00e3o era l\u00edder do ranking, com 5,6 milh\u00f5es de acessos O curso Alfabetiza\u00e7\u00e3o Baseada na Ci\u00eancia (ABC), disponibilizado pela Secretaria de Alfabetiza\u00e7\u00e3o (Sealf) do Minist\u00e9rio da Educa\u00e7\u00e3o (MEC) no Ambiente Virtual de Aprendizagem do MEC (Avamec), alcan\u00e7ou o marco de 5,8 milh\u00f5es de acessos. At\u00e9 o momento, o l\u00edder [&hellip;]\" \/>\n<meta property=\"og:url\" content=\"https:\/\/jornalfatosenoticias.com.br\/index.php\/2021\/09\/16\/curso-abc-atinge-58-milhoes-de-acessos-e-se-torna-o-curso-mais-acessado-do-avamec\/\" \/>\n<meta property=\"og:site_name\" content=\"Jornal Fatos e Not\u00edcias\" \/>\n<meta property=\"article:published_time\" content=\"2021-09-16T19:34:48+00:00\" \/>\n<meta property=\"og:image\" content=\"https:\/\/jornalfatosenoticias.com.br\/wp-content\/uploads\/2021\/09\/curso-ABC_sala_de_aula.jpg\" \/>\n\t<meta property=\"og:image:width\" content=\"1000\" \/>\n\t<meta property=\"og:image:height\" content=\"598\" \/>\n\t<meta property=\"og:image:type\" content=\"image\/jpeg\" \/>\n<meta name=\"author\" content=\"Luzimara Fernandes\" \/>\n<meta name=\"twitter:card\" content=\"summary_large_image\" \/>\n<meta name=\"twitter:label1\" content=\"Escrito por\" \/>\n\t<meta name=\"twitter:data1\" content=\"Luzimara Fernandes\" \/>\n\t<meta name=\"twitter:label2\" content=\"Est. tempo de leitura\" \/>\n\t<meta name=\"twitter:data2\" content=\"1 minuto\" \/>\n<script type=\"application\/ld+json\" class=\"yoast-schema-graph\">{\"@context\":\"https:\/\/schema.org\",\"@graph\":[{\"@type\":\"Article\",\"@id\":\"https:\/\/jornalfatosenoticias.com.br\/index.php\/2021\/09\/16\/curso-abc-atinge-58-milhoes-de-acessos-e-se-torna-o-curso-mais-acessado-do-avamec\/#article\",\"isPartOf\":{\"@id\":\"https:\/\/jornalfatosenoticias.com.br\/index.php\/2021\/09\/16\/curso-abc-atinge-58-milhoes-de-acessos-e-se-torna-o-curso-mais-acessado-do-avamec\/\"},\"author\":{\"name\":\"Luzimara Fernandes\",\"@id\":\"https:\/\/jornalfatosenoticias.com.br\/#\/schema\/person\/d63837fa13ac8666eb9e74e0985d6f81\"},\"headline\":\"Curso ABC atinge 5,8 milh\u00f5es de acessos e se torna o curso mais acessado do Avamec\",\"datePublished\":\"2021-09-16T19:34:48+00:00\",\"mainEntityOfPage\":{\"@id\":\"https:\/\/jornalfatosenoticias.com.br\/index.php\/2021\/09\/16\/curso-abc-atinge-58-milhoes-de-acessos-e-se-torna-o-curso-mais-acessado-do-avamec\/\"},\"wordCount\":313,\"commentCount\":0,\"publisher\":{\"@id\":\"https:\/\/jornalfatosenoticias.com.br\/#organization\"},\"image\":{\"@id\":\"https:\/\/jornalfatosenoticias.com.br\/index.php\/2021\/09\/16\/curso-abc-atinge-58-milhoes-de-acessos-e-se-torna-o-curso-mais-acessado-do-avamec\/#primaryimage\"},\"thumbnailUrl\":\"https:\/\/jornalfatosenoticias.com.br\/wp-content\/uploads\/2021\/09\/curso-ABC_sala_de_aula.jpg\",\"keywords\":[\"ABC\",\"alfabetiza\u00e7\u00e3o\",\"Avamec\",\"forma\u00e7\u00e3o continuada\"],\"articleSection\":[\"Educa\u00e7\u00e3o\"],\"inLanguage\":\"pt-BR\",\"potentialAction\":[{\"@type\":\"CommentAction\",\"name\":\"Comment\",\"target\":[\"https:\/\/jornalfatosenoticias.com.br\/index.php\/2021\/09\/16\/curso-abc-atinge-58-milhoes-de-acessos-e-se-torna-o-curso-mais-acessado-do-avamec\/#respond\"]}]},{\"@type\":\"WebPage\",\"@id\":\"https:\/\/jornalfatosenoticias.com.br\/index.php\/2021\/09\/16\/curso-abc-atinge-58-milhoes-de-acessos-e-se-torna-o-curso-mais-acessado-do-avamec\/\",\"url\":\"https:\/\/jornalfatosenoticias.com.br\/index.php\/2021\/09\/16\/curso-abc-atinge-58-milhoes-de-acessos-e-se-torna-o-curso-mais-acessado-do-avamec\/\",\"name\":\"Curso ABC atinge 5,8 milh\u00f5es de acessos e se torna o curso mais acessado do Avamec - Jornal Fatos e Not\u00edcias\",\"isPartOf\":{\"@id\":\"https:\/\/jornalfatosenoticias.com.br\/#website\"},\"primaryImageOfPage\":{\"@id\":\"https:\/\/jornalfatosenoticias.com.br\/index.php\/2021\/09\/16\/curso-abc-atinge-58-milhoes-de-acessos-e-se-torna-o-curso-mais-acessado-do-avamec\/#primaryimage\"},\"image\":{\"@id\":\"https:\/\/jornalfatosenoticias.com.br\/index.php\/2021\/09\/16\/curso-abc-atinge-58-milhoes-de-acessos-e-se-torna-o-curso-mais-acessado-do-avamec\/#primaryimage\"},\"thumbnailUrl\":\"https:\/\/jornalfatosenoticias.com.br\/wp-content\/uploads\/2021\/09\/curso-ABC_sala_de_aula.jpg\",\"datePublished\":\"2021-09-16T19:34:48+00:00\",\"breadcrumb\":{\"@id\":\"https:\/\/jornalfatosenoticias.com.br\/index.php\/2021\/09\/16\/curso-abc-atinge-58-milhoes-de-acessos-e-se-torna-o-curso-mais-acessado-do-avamec\/#breadcrumb\"},\"inLanguage\":\"pt-BR\",\"potentialAction\":[{\"@type\":\"ReadAction\",\"target\":[\"https:\/\/jornalfatosenoticias.com.br\/index.php\/2021\/09\/16\/curso-abc-atinge-58-milhoes-de-acessos-e-se-torna-o-curso-mais-acessado-do-avamec\/\"]}]},{\"@type\":\"ImageObject\",\"inLanguage\":\"pt-BR\",\"@id\":\"https:\/\/jornalfatosenoticias.com.br\/index.php\/2021\/09\/16\/curso-abc-atinge-58-milhoes-de-acessos-e-se-torna-o-curso-mais-acessado-do-avamec\/#primaryimage\",\"url\":\"https:\/\/jornalfatosenoticias.com.br\/wp-content\/uploads\/2021\/09\/curso-ABC_sala_de_aula.jpg\",\"contentUrl\":\"https:\/\/jornalfatosenoticias.com.br\/wp-content\/uploads\/2021\/09\/curso-ABC_sala_de_aula.jpg\",\"width\":1000,\"height\":598,\"caption\":\"Bras\u00edlia \u2013 No quadro-negro da sala de aula da professora Elieth Portilho est\u00e3o fotos de p\u00e1ssaros e frutas do Cerrado. As cartilhas falam de temas rurais e pr\u00e1ticas do campo e foram elaboradas pela professora e os alunos. \u00c9 com esse material que ela alfabetiza as crian\u00e7as no Centro de Ensino Fundamental Pipiripau 2, localizada em um n\u00facleo rural em Bras\u00edlia (Elza Fiuza\/Ag\u00eancia Brasil)\"},{\"@type\":\"BreadcrumbList\",\"@id\":\"https:\/\/jornalfatosenoticias.com.br\/index.php\/2021\/09\/16\/curso-abc-atinge-58-milhoes-de-acessos-e-se-torna-o-curso-mais-acessado-do-avamec\/#breadcrumb\",\"itemListElement\":[{\"@type\":\"ListItem\",\"position\":1,\"name\":\"In\u00edcio\",\"item\":\"https:\/\/jornalfatosenoticias.com.br\/\"},{\"@type\":\"ListItem\",\"position\":2,\"name\":\"Curso ABC atinge 5,8 milh\u00f5es de acessos e se torna o curso mais acessado do Avamec\"}]},{\"@type\":\"WebSite\",\"@id\":\"https:\/\/jornalfatosenoticias.com.br\/#website\",\"url\":\"https:\/\/jornalfatosenoticias.com.br\/\",\"name\":\"Jornal Fatos e Not\u00edcias\",\"description\":\"Not\u00edcias em geral\",\"publisher\":{\"@id\":\"https:\/\/jornalfatosenoticias.com.br\/#organization\"},\"potentialAction\":[{\"@type\":\"SearchAction\",\"target\":{\"@type\":\"EntryPoint\",\"urlTemplate\":\"https:\/\/jornalfatosenoticias.com.br\/?s={search_term_string}\"},\"query-input\":{\"@type\":\"PropertyValueSpecification\",\"valueRequired\":true,\"valueName\":\"search_term_string\"}}],\"inLanguage\":\"pt-BR\"},{\"@type\":\"Organization\",\"@id\":\"https:\/\/jornalfatosenoticias.com.br\/#organization\",\"name\":\"Jornal Fatos e Not\u00edcias\",\"url\":\"https:\/\/jornalfatosenoticias.com.br\/\",\"logo\":{\"@type\":\"ImageObject\",\"inLanguage\":\"pt-BR\",\"@id\":\"https:\/\/jornalfatosenoticias.com.br\/#\/schema\/logo\/image\/\",\"url\":\"https:\/\/jornalfatosenoticias.com.br\/wp-content\/uploads\/2020\/02\/logo120.png\",\"contentUrl\":\"https:\/\/jornalfatosenoticias.com.br\/wp-content\/uploads\/2020\/02\/logo120.png\",\"width\":1227,\"height\":120,\"caption\":\"Jornal Fatos e Not\u00edcias\"},\"image\":{\"@id\":\"https:\/\/jornalfatosenoticias.com.br\/#\/schema\/logo\/image\/\"}},{\"@type\":\"Person\",\"@id\":\"https:\/\/jornalfatosenoticias.com.br\/#\/schema\/person\/d63837fa13ac8666eb9e74e0985d6f81\",\"name\":\"Luzimara Fernandes\",\"image\":{\"@type\":\"ImageObject\",\"inLanguage\":\"pt-BR\",\"@id\":\"https:\/\/jornalfatosenoticias.com.br\/#\/schema\/person\/image\/\",\"url\":\"https:\/\/jornalfatosenoticias.com.br\/wp-content\/uploads\/2025\/05\/EU_portal.jpg\",\"contentUrl\":\"https:\/\/jornalfatosenoticias.com.br\/wp-content\/uploads\/2025\/05\/EU_portal.jpg\",\"caption\":\"Luzimara Fernandes\"},\"description\":\"Jornalista MTB 2358-ES\",\"sameAs\":[\"https:\/\/jornalfatosenoticias.com.br\"],\"url\":\"https:\/\/jornalfatosenoticias.com.br\/index.php\/author\/luzimara\/\"}]}<\/script>\n<!-- \/ Yoast SEO plugin. -->","yoast_head_json":{"title":"Curso ABC atinge 5,8 milh\u00f5es de acessos e se torna o curso mais acessado do Avamec - Jornal Fatos e Not\u00edcias","robots":{"index":"index","follow":"follow","max-snippet":"max-snippet:-1","max-image-preview":"max-image-preview:large","max-video-preview":"max-video-preview:-1"},"canonical":"https:\/\/jornalfatosenoticias.com.br\/index.php\/2021\/09\/16\/curso-abc-atinge-58-milhoes-de-acessos-e-se-torna-o-curso-mais-acessado-do-avamec\/","og_locale":"pt_BR","og_type":"article","og_title":"Curso ABC atinge 5,8 milh\u00f5es de acessos e se torna o curso mais acessado do Avamec - Jornal Fatos e Not\u00edcias","og_description":"At\u00e9 ent\u00e3o, o curso Pr\u00e1ticas de Alfabetiza\u00e7\u00e3o era l\u00edder do ranking, com 5,6 milh\u00f5es de acessos O curso Alfabetiza\u00e7\u00e3o Baseada na Ci\u00eancia (ABC), disponibilizado pela Secretaria de Alfabetiza\u00e7\u00e3o (Sealf) do Minist\u00e9rio da Educa\u00e7\u00e3o (MEC) no Ambiente Virtual de Aprendizagem do MEC (Avamec), alcan\u00e7ou o marco de 5,8 milh\u00f5es de acessos. At\u00e9 o momento, o l\u00edder [&hellip;]","og_url":"https:\/\/jornalfatosenoticias.com.br\/index.php\/2021\/09\/16\/curso-abc-atinge-58-milhoes-de-acessos-e-se-torna-o-curso-mais-acessado-do-avamec\/","og_site_name":"Jornal Fatos e Not\u00edcias","article_published_time":"2021-09-16T19:34:48+00:00","og_image":[{"width":1000,"height":598,"url":"https:\/\/jornalfatosenoticias.com.br\/wp-content\/uploads\/2021\/09\/curso-ABC_sala_de_aula.jpg","type":"image\/jpeg"}],"author":"Luzimara Fernandes","twitter_card":"summary_large_image","twitter_misc":{"Escrito por":"Luzimara Fernandes","Est. tempo de leitura":"1 minuto"},"schema":{"@context":"https:\/\/schema.org","@graph":[{"@type":"Article","@id":"https:\/\/jornalfatosenoticias.com.br\/index.php\/2021\/09\/16\/curso-abc-atinge-58-milhoes-de-acessos-e-se-torna-o-curso-mais-acessado-do-avamec\/#article","isPartOf":{"@id":"https:\/\/jornalfatosenoticias.com.br\/index.php\/2021\/09\/16\/curso-abc-atinge-58-milhoes-de-acessos-e-se-torna-o-curso-mais-acessado-do-avamec\/"},"author":{"name":"Luzimara Fernandes","@id":"https:\/\/jornalfatosenoticias.com.br\/#\/schema\/person\/d63837fa13ac8666eb9e74e0985d6f81"},"headline":"Curso ABC atinge 5,8 milh\u00f5es de acessos e se torna o curso mais acessado do Avamec","datePublished":"2021-09-16T19:34:48+00:00","mainEntityOfPage":{"@id":"https:\/\/jornalfatosenoticias.com.br\/index.php\/2021\/09\/16\/curso-abc-atinge-58-milhoes-de-acessos-e-se-torna-o-curso-mais-acessado-do-avamec\/"},"wordCount":313,"commentCount":0,"publisher":{"@id":"https:\/\/jornalfatosenoticias.com.br\/#organization"},"image":{"@id":"https:\/\/jornalfatosenoticias.com.br\/index.php\/2021\/09\/16\/curso-abc-atinge-58-milhoes-de-acessos-e-se-torna-o-curso-mais-acessado-do-avamec\/#primaryimage"},"thumbnailUrl":"https:\/\/jornalfatosenoticias.com.br\/wp-content\/uploads\/2021\/09\/curso-ABC_sala_de_aula.jpg","keywords":["ABC","alfabetiza\u00e7\u00e3o","Avamec","forma\u00e7\u00e3o continuada"],"articleSection":["Educa\u00e7\u00e3o"],"inLanguage":"pt-BR","potentialAction":[{"@type":"CommentAction","name":"Comment","target":["https:\/\/jornalfatosenoticias.com.br\/index.php\/2021\/09\/16\/curso-abc-atinge-58-milhoes-de-acessos-e-se-torna-o-curso-mais-acessado-do-avamec\/#respond"]}]},{"@type":"WebPage","@id":"https:\/\/jornalfatosenoticias.com.br\/index.php\/2021\/09\/16\/curso-abc-atinge-58-milhoes-de-acessos-e-se-torna-o-curso-mais-acessado-do-avamec\/","url":"https:\/\/jornalfatosenoticias.com.br\/index.php\/2021\/09\/16\/curso-abc-atinge-58-milhoes-de-acessos-e-se-torna-o-curso-mais-acessado-do-avamec\/","name":"Curso ABC atinge 5,8 milh\u00f5es de acessos e se torna o curso mais acessado do Avamec - Jornal Fatos e Not\u00edcias","isPartOf":{"@id":"https:\/\/jornalfatosenoticias.com.br\/#website"},"primaryImageOfPage":{"@id":"https:\/\/jornalfatosenoticias.com.br\/index.php\/2021\/09\/16\/curso-abc-atinge-58-milhoes-de-acessos-e-se-torna-o-curso-mais-acessado-do-avamec\/#primaryimage"},"image":{"@id":"https:\/\/jornalfatosenoticias.com.br\/index.php\/2021\/09\/16\/curso-abc-atinge-58-milhoes-de-acessos-e-se-torna-o-curso-mais-acessado-do-avamec\/#primaryimage"},"thumbnailUrl":"https:\/\/jornalfatosenoticias.com.br\/wp-content\/uploads\/2021\/09\/curso-ABC_sala_de_aula.jpg","datePublished":"2021-09-16T19:34:48+00:00","breadcrumb":{"@id":"https:\/\/jornalfatosenoticias.com.br\/index.php\/2021\/09\/16\/curso-abc-atinge-58-milhoes-de-acessos-e-se-torna-o-curso-mais-acessado-do-avamec\/#breadcrumb"},"inLanguage":"pt-BR","potentialAction":[{"@type":"ReadAction","target":["https:\/\/jornalfatosenoticias.com.br\/index.php\/2021\/09\/16\/curso-abc-atinge-58-milhoes-de-acessos-e-se-torna-o-curso-mais-acessado-do-avamec\/"]}]},{"@type":"ImageObject","inLanguage":"pt-BR","@id":"https:\/\/jornalfatosenoticias.com.br\/index.php\/2021\/09\/16\/curso-abc-atinge-58-milhoes-de-acessos-e-se-torna-o-curso-mais-acessado-do-avamec\/#primaryimage","url":"https:\/\/jornalfatosenoticias.com.br\/wp-content\/uploads\/2021\/09\/curso-ABC_sala_de_aula.jpg","contentUrl":"https:\/\/jornalfatosenoticias.com.br\/wp-content\/uploads\/2021\/09\/curso-ABC_sala_de_aula.jpg","width":1000,"height":598,"caption":"Bras\u00edlia \u2013 No quadro-negro da sala de aula da professora Elieth Portilho est\u00e3o fotos de p\u00e1ssaros e frutas do Cerrado. As cartilhas falam de temas rurais e pr\u00e1ticas do campo e foram elaboradas pela professora e os alunos. \u00c9 com esse material que ela alfabetiza as crian\u00e7as no Centro de Ensino Fundamental Pipiripau 2, localizada em um n\u00facleo rural em Bras\u00edlia (Elza Fiuza\/Ag\u00eancia Brasil)"},{"@type":"BreadcrumbList","@id":"https:\/\/jornalfatosenoticias.com.br\/index.php\/2021\/09\/16\/curso-abc-atinge-58-milhoes-de-acessos-e-se-torna-o-curso-mais-acessado-do-avamec\/#breadcrumb","itemListElement":[{"@type":"ListItem","position":1,"name":"In\u00edcio","item":"https:\/\/jornalfatosenoticias.com.br\/"},{"@type":"ListItem","position":2,"name":"Curso ABC atinge 5,8 milh\u00f5es de acessos e se torna o curso mais acessado do Avamec"}]},{"@type":"WebSite","@id":"https:\/\/jornalfatosenoticias.com.br\/#website","url":"https:\/\/jornalfatosenoticias.com.br\/","name":"Jornal Fatos e Not\u00edcias","description":"Not\u00edcias em geral","publisher":{"@id":"https:\/\/jornalfatosenoticias.com.br\/#organization"},"potentialAction":[{"@type":"SearchAction","target":{"@type":"EntryPoint","urlTemplate":"https:\/\/jornalfatosenoticias.com.br\/?s={search_term_string}"},"query-input":{"@type":"PropertyValueSpecification","valueRequired":true,"valueName":"search_term_string"}}],"inLanguage":"pt-BR"},{"@type":"Organization","@id":"https:\/\/jornalfatosenoticias.com.br\/#organization","name":"Jornal Fatos e Not\u00edcias","url":"https:\/\/jornalfatosenoticias.com.br\/","logo":{"@type":"ImageObject","inLanguage":"pt-BR","@id":"https:\/\/jornalfatosenoticias.com.br\/#\/schema\/logo\/image\/","url":"https:\/\/jornalfatosenoticias.com.br\/wp-content\/uploads\/2020\/02\/logo120.png","contentUrl":"https:\/\/jornalfatosenoticias.com.br\/wp-content\/uploads\/2020\/02\/logo120.png","width":1227,"height":120,"caption":"Jornal Fatos e Not\u00edcias"},"image":{"@id":"https:\/\/jornalfatosenoticias.com.br\/#\/schema\/logo\/image\/"}},{"@type":"Person","@id":"https:\/\/jornalfatosenoticias.com.br\/#\/schema\/person\/d63837fa13ac8666eb9e74e0985d6f81","name":"Luzimara Fernandes","image":{"@type":"ImageObject","inLanguage":"pt-BR","@id":"https:\/\/jornalfatosenoticias.com.br\/#\/schema\/person\/image\/","url":"https:\/\/jornalfatosenoticias.com.br\/wp-content\/uploads\/2025\/05\/EU_portal.jpg","contentUrl":"https:\/\/jornalfatosenoticias.com.br\/wp-content\/uploads\/2025\/05\/EU_portal.jpg","caption":"Luzimara Fernandes"},"description":"Jornalista MTB 2358-ES","sameAs":["https:\/\/jornalfatosenoticias.com.br"],"url":"https:\/\/jornalfatosenoticias.com.br\/index.php\/author\/luzimara\/"}]}},"cc_featured_image_caption":{"caption_text":"(Foto: Ag\u00eancia Brasil) \r\n","source_text":"","source_url":""},"jetpack_featured_media_url":"https:\/\/jornalfatosenoticias.com.br\/wp-content\/uploads\/2021\/09\/curso-ABC_sala_de_aula.jpg","_links":{"self":[{"href":"https:\/\/jornalfatosenoticias.com.br\/index.php\/wp-json\/wp\/v2\/posts\/22929","targetHints":{"allow":["GET"]}}],"collection":[{"href":"https:\/\/jornalfatosenoticias.com.br\/index.php\/wp-json\/wp\/v2\/posts"}],"about":[{"href":"https:\/\/jornalfatosenoticias.com.br\/index.php\/wp-json\/wp\/v2\/types\/post"}],"author":[{"embeddable":true,"href":"https:\/\/jornalfatosenoticias.com.br\/index.php\/wp-json\/wp\/v2\/users\/2"}],"replies":[{"embeddable":true,"href":"https:\/\/jornalfatosenoticias.com.br\/index.php\/wp-json\/wp\/v2\/comments?post=22929"}],"version-history":[{"count":0,"href":"https:\/\/jornalfatosenoticias.com.br\/index.php\/wp-json\/wp\/v2\/posts\/22929\/revisions"}],"wp:featuredmedia":[{"embeddable":true,"href":"https:\/\/jornalfatosenoticias.com.br\/index.php\/wp-json\/wp\/v2\/media\/22930"}],"wp:attachment":[{"href":"https:\/\/jornalfatosenoticias.com.br\/index.php\/wp-json\/wp\/v2\/media?parent=22929"}],"wp:term":[{"taxonomy":"category","embeddable":true,"href":"https:\/\/jornalfatosenoticias.com.br\/index.php\/wp-json\/wp\/v2\/categories?post=22929"},{"taxonomy":"post_tag","embeddable":true,"href":"https:\/\/jornalfatosenoticias.com.br\/index.php\/wp-json\/wp\/v2\/tags?post=22929"}],"curies":[{"name":"wp","href":"https:\/\/api.w.org\/{rel}","templated":true}]}}