{"id":22951,"date":"2021-09-16T17:10:23","date_gmt":"2021-09-16T20:10:23","guid":{"rendered":"https:\/\/jornalfatosenoticias.com.br\/?p=22951"},"modified":"2021-09-16T17:10:25","modified_gmt":"2021-09-16T20:10:25","slug":"conheca-a-sindrome-alcoolica-fetal-causada-pelo-consumo-de-alcool-na-gravidez","status":"publish","type":"post","link":"https:\/\/jornalfatosenoticias.com.br\/index.php\/2021\/09\/16\/conheca-a-sindrome-alcoolica-fetal-causada-pelo-consumo-de-alcool-na-gravidez\/","title":{"rendered":"Conhe\u00e7a a s\u00edndrome alco\u00f3lica fetal, causada pelo consumo de \u00e1lcool na gravidez"},"content":{"rendered":"\n<p>Mais de 15% das gr\u00e1vidas no Brasil mant\u00eam o consumo de <a href=\"https:\/\/olhardigital.com.br\/2021\/08\/31\/medicina-e-saude\/estudo-consumo-de-alcool-pode-causar-disturbio-imediato-no-ritmo-cardiaco\/\" target=\"_blank\" rel=\"noreferrer noopener\">\u00e1lcool<\/a> durante a gesta\u00e7\u00e3o, segundo dados da Ag\u00eancia Brasil. Esse h\u00e1bito pode levar a um quadro de s\u00edndrome alco\u00f3lica fetal, doen\u00e7a sem cura. Na \u00faltima quinta-feira (9), o alerta foi dado durante o Dia Mundial de Preven\u00e7\u00e3o da S\u00edndrome Alco\u00f3lica Fetal.<br>Segundo o Centro de Informa\u00e7\u00f5es sobre Sa\u00fade e \u00c1lcool (Cisa), um estudo feito em S\u00e3o Paulo mostra que a cada mil nascidos, 38 sofrem de algum tipo de transtorno ligado ao \u00e1lcool por conta do consumo da m\u00e3e durante a gesta\u00e7\u00e3o. A entidade ainda diz que o n\u00famero pode ser maior j\u00e1 que muitos casos demoram para serem diagnosticados.<br>A S\u00edndrome Alco\u00f3lica Fetal pode causar problemas na forma\u00e7\u00e3o de \u00f3rg\u00e3os, no sistema nervoso e nas caracter\u00edsticas faciais da crian\u00e7a. A doen\u00e7a tamb\u00e9m n\u00e3o possui cura. Em entrevista \u00e0 R\u00e1dio Senado, Concei\u00e7\u00e3o Segre, especialista em pediatria neonatal e conselheira cient\u00edfica do Cisa, falou sobre o assunto.<\/p>\n\n\n\n<p><strong><span class=\"has-inline-color has-black-color\">S\u00edndrome alco\u00f3lica fetal<br><\/span><\/strong>\u201cO beb\u00ea pode apresentar v\u00e1rias m\u00e1s-forma\u00e7\u00f5es, incluindo faciais, card\u00edacas e do esqueleto. Ou seja, o \u00e1lcool pode atingir todos os tecidos do feto em desenvolvimento e principalmente o sistema nervoso central, com problemas graves para a crian\u00e7a\u201d, disse.<br>A especialista ainda refor\u00e7a que n\u00e3o existe uma quantidade segura para o consumo de \u00e1lcool durante a gravidez, por isso, a toler\u00e2ncia \u00e9 zero, j\u00e1 que doses baixas de bebidas tamb\u00e9m podem causar danos. Segundo Concei\u00e7\u00e3o, n\u00e3o h\u00e1 cura para a s\u00edndrome alco\u00f3lica fetal, mas h\u00e1 tratamentos para tentar reduzir os sintomas. \u201cN\u00e3o h\u00e1 nenhuma forma de cura ou tratamento curativo para a doen\u00e7a\u201d, explicou ainda.<\/p>\n\n\n\n<p><strong><em>Fonte: <a href=\"https:\/\/olhardigital.com.br\/2021\/09\/10\/medicina-e-saude\/conheca-a-sindrome-alcoolica-fetal-causada-pelo-consumo-de-alcool-na-gravidez\/\">Olhar Digital<\/a><\/em><\/strong><\/p>\n","protected":false},"excerpt":{"rendered":"<p>Mais de 15% das gr\u00e1vidas no Brasil mant\u00eam o consumo de \u00e1lcool durante a gesta\u00e7\u00e3o, segundo dados da Ag\u00eancia Brasil. Esse h\u00e1bito pode levar a um quadro de s\u00edndrome alco\u00f3lica fetal, doen\u00e7a sem cura. Na \u00faltima quinta-feira (9), o alerta foi dado durante o Dia Mundial de Preven\u00e7\u00e3o da S\u00edndrome Alco\u00f3lica Fetal.Segundo o Centro de [&hellip;]<\/p>\n","protected":false},"author":2,"featured_media":22952,"comment_status":"open","ping_status":"open","sticky":false,"template":"","format":"standard","meta":{"footnotes":""},"categories":[11],"tags":[139,11018,3013,1705],"class_list":["post-22951","post","type-post","status-publish","format-standard","has-post-thumbnail","hentry","category-saude","tag-alcool","tag-bebida-alcoolica","tag-gestantes","tag-gravidez"],"yoast_head":"<!-- This site is optimized with the Yoast SEO plugin v26.5 - https:\/\/yoast.com\/wordpress\/plugins\/seo\/ -->\n<title>Conhe\u00e7a a s\u00edndrome alco\u00f3lica fetal, causada pelo consumo de \u00e1lcool na gravidez - Jornal Fatos e Not\u00edcias<\/title>\n<meta name=\"robots\" content=\"index, follow, max-snippet:-1, max-image-preview:large, max-video-preview:-1\" \/>\n<link rel=\"canonical\" href=\"https:\/\/jornalfatosenoticias.com.br\/index.php\/2021\/09\/16\/conheca-a-sindrome-alcoolica-fetal-causada-pelo-consumo-de-alcool-na-gravidez\/\" \/>\n<meta property=\"og:locale\" content=\"pt_BR\" \/>\n<meta property=\"og:type\" content=\"article\" \/>\n<meta property=\"og:title\" content=\"Conhe\u00e7a a s\u00edndrome alco\u00f3lica fetal, causada pelo consumo de \u00e1lcool na gravidez - Jornal Fatos e Not\u00edcias\" \/>\n<meta property=\"og:description\" content=\"Mais de 15% das gr\u00e1vidas no Brasil mant\u00eam o consumo de \u00e1lcool durante a gesta\u00e7\u00e3o, segundo dados da Ag\u00eancia Brasil. Esse h\u00e1bito pode levar a um quadro de s\u00edndrome alco\u00f3lica fetal, doen\u00e7a sem cura. Na \u00faltima quinta-feira (9), o alerta foi dado durante o Dia Mundial de Preven\u00e7\u00e3o da S\u00edndrome Alco\u00f3lica Fetal.Segundo o Centro de [&hellip;]\" \/>\n<meta property=\"og:url\" content=\"https:\/\/jornalfatosenoticias.com.br\/index.php\/2021\/09\/16\/conheca-a-sindrome-alcoolica-fetal-causada-pelo-consumo-de-alcool-na-gravidez\/\" \/>\n<meta property=\"og:site_name\" content=\"Jornal Fatos e Not\u00edcias\" \/>\n<meta property=\"article:published_time\" content=\"2021-09-16T20:10:23+00:00\" \/>\n<meta property=\"article:modified_time\" content=\"2021-09-16T20:10:25+00:00\" \/>\n<meta property=\"og:image\" content=\"https:\/\/jornalfatosenoticias.com.br\/wp-content\/uploads\/2021\/09\/alcool-na-gravidez_gettyimages.jpg\" \/>\n\t<meta property=\"og:image:width\" content=\"1000\" \/>\n\t<meta property=\"og:image:height\" content=\"666\" \/>\n\t<meta property=\"og:image:type\" content=\"image\/jpeg\" \/>\n<meta name=\"author\" content=\"Luzimara Fernandes\" \/>\n<meta name=\"twitter:card\" content=\"summary_large_image\" \/>\n<meta name=\"twitter:label1\" content=\"Escrito por\" \/>\n\t<meta name=\"twitter:data1\" content=\"Luzimara Fernandes\" \/>\n\t<meta name=\"twitter:label2\" content=\"Est. tempo de leitura\" \/>\n\t<meta name=\"twitter:data2\" content=\"2 minutos\" \/>\n<script type=\"application\/ld+json\" class=\"yoast-schema-graph\">{\"@context\":\"https:\/\/schema.org\",\"@graph\":[{\"@type\":\"Article\",\"@id\":\"https:\/\/jornalfatosenoticias.com.br\/index.php\/2021\/09\/16\/conheca-a-sindrome-alcoolica-fetal-causada-pelo-consumo-de-alcool-na-gravidez\/#article\",\"isPartOf\":{\"@id\":\"https:\/\/jornalfatosenoticias.com.br\/index.php\/2021\/09\/16\/conheca-a-sindrome-alcoolica-fetal-causada-pelo-consumo-de-alcool-na-gravidez\/\"},\"author\":{\"name\":\"Luzimara Fernandes\",\"@id\":\"https:\/\/jornalfatosenoticias.com.br\/#\/schema\/person\/d63837fa13ac8666eb9e74e0985d6f81\"},\"headline\":\"Conhe\u00e7a a s\u00edndrome alco\u00f3lica fetal, causada pelo consumo de \u00e1lcool na gravidez\",\"datePublished\":\"2021-09-16T20:10:23+00:00\",\"dateModified\":\"2021-09-16T20:10:25+00:00\",\"mainEntityOfPage\":{\"@id\":\"https:\/\/jornalfatosenoticias.com.br\/index.php\/2021\/09\/16\/conheca-a-sindrome-alcoolica-fetal-causada-pelo-consumo-de-alcool-na-gravidez\/\"},\"wordCount\":323,\"commentCount\":0,\"publisher\":{\"@id\":\"https:\/\/jornalfatosenoticias.com.br\/#organization\"},\"image\":{\"@id\":\"https:\/\/jornalfatosenoticias.com.br\/index.php\/2021\/09\/16\/conheca-a-sindrome-alcoolica-fetal-causada-pelo-consumo-de-alcool-na-gravidez\/#primaryimage\"},\"thumbnailUrl\":\"https:\/\/jornalfatosenoticias.com.br\/wp-content\/uploads\/2021\/09\/alcool-na-gravidez_gettyimages.jpg\",\"keywords\":[\"\u00e1lcool\",\"bebida alco\u00f3lica\",\"gestantes\",\"gravidez\"],\"articleSection\":[\"Sa\u00fade\"],\"inLanguage\":\"pt-BR\",\"potentialAction\":[{\"@type\":\"CommentAction\",\"name\":\"Comment\",\"target\":[\"https:\/\/jornalfatosenoticias.com.br\/index.php\/2021\/09\/16\/conheca-a-sindrome-alcoolica-fetal-causada-pelo-consumo-de-alcool-na-gravidez\/#respond\"]}]},{\"@type\":\"WebPage\",\"@id\":\"https:\/\/jornalfatosenoticias.com.br\/index.php\/2021\/09\/16\/conheca-a-sindrome-alcoolica-fetal-causada-pelo-consumo-de-alcool-na-gravidez\/\",\"url\":\"https:\/\/jornalfatosenoticias.com.br\/index.php\/2021\/09\/16\/conheca-a-sindrome-alcoolica-fetal-causada-pelo-consumo-de-alcool-na-gravidez\/\",\"name\":\"Conhe\u00e7a a s\u00edndrome alco\u00f3lica fetal, causada pelo consumo de \u00e1lcool na gravidez - Jornal Fatos e Not\u00edcias\",\"isPartOf\":{\"@id\":\"https:\/\/jornalfatosenoticias.com.br\/#website\"},\"primaryImageOfPage\":{\"@id\":\"https:\/\/jornalfatosenoticias.com.br\/index.php\/2021\/09\/16\/conheca-a-sindrome-alcoolica-fetal-causada-pelo-consumo-de-alcool-na-gravidez\/#primaryimage\"},\"image\":{\"@id\":\"https:\/\/jornalfatosenoticias.com.br\/index.php\/2021\/09\/16\/conheca-a-sindrome-alcoolica-fetal-causada-pelo-consumo-de-alcool-na-gravidez\/#primaryimage\"},\"thumbnailUrl\":\"https:\/\/jornalfatosenoticias.com.br\/wp-content\/uploads\/2021\/09\/alcool-na-gravidez_gettyimages.jpg\",\"datePublished\":\"2021-09-16T20:10:23+00:00\",\"dateModified\":\"2021-09-16T20:10:25+00:00\",\"breadcrumb\":{\"@id\":\"https:\/\/jornalfatosenoticias.com.br\/index.php\/2021\/09\/16\/conheca-a-sindrome-alcoolica-fetal-causada-pelo-consumo-de-alcool-na-gravidez\/#breadcrumb\"},\"inLanguage\":\"pt-BR\",\"potentialAction\":[{\"@type\":\"ReadAction\",\"target\":[\"https:\/\/jornalfatosenoticias.com.br\/index.php\/2021\/09\/16\/conheca-a-sindrome-alcoolica-fetal-causada-pelo-consumo-de-alcool-na-gravidez\/\"]}]},{\"@type\":\"ImageObject\",\"inLanguage\":\"pt-BR\",\"@id\":\"https:\/\/jornalfatosenoticias.com.br\/index.php\/2021\/09\/16\/conheca-a-sindrome-alcoolica-fetal-causada-pelo-consumo-de-alcool-na-gravidez\/#primaryimage\",\"url\":\"https:\/\/jornalfatosenoticias.com.br\/wp-content\/uploads\/2021\/09\/alcool-na-gravidez_gettyimages.jpg\",\"contentUrl\":\"https:\/\/jornalfatosenoticias.com.br\/wp-content\/uploads\/2021\/09\/alcool-na-gravidez_gettyimages.jpg\",\"width\":1000,\"height\":666,\"caption\":\"Pregnant woman smoking a cigarette and drinking red wine. Unhealthy living. Hand with a cigarette near ashtray and a wineglass in the background. Sitting outdoors in a floral dress. (Woman is in real life a healthy and not smoking or drinking model.) Black and white image.\"},{\"@type\":\"BreadcrumbList\",\"@id\":\"https:\/\/jornalfatosenoticias.com.br\/index.php\/2021\/09\/16\/conheca-a-sindrome-alcoolica-fetal-causada-pelo-consumo-de-alcool-na-gravidez\/#breadcrumb\",\"itemListElement\":[{\"@type\":\"ListItem\",\"position\":1,\"name\":\"In\u00edcio\",\"item\":\"https:\/\/jornalfatosenoticias.com.br\/\"},{\"@type\":\"ListItem\",\"position\":2,\"name\":\"Conhe\u00e7a a s\u00edndrome alco\u00f3lica fetal, causada pelo consumo de \u00e1lcool na gravidez\"}]},{\"@type\":\"WebSite\",\"@id\":\"https:\/\/jornalfatosenoticias.com.br\/#website\",\"url\":\"https:\/\/jornalfatosenoticias.com.br\/\",\"name\":\"Jornal Fatos e Not\u00edcias\",\"description\":\"Not\u00edcias em geral\",\"publisher\":{\"@id\":\"https:\/\/jornalfatosenoticias.com.br\/#organization\"},\"potentialAction\":[{\"@type\":\"SearchAction\",\"target\":{\"@type\":\"EntryPoint\",\"urlTemplate\":\"https:\/\/jornalfatosenoticias.com.br\/?s={search_term_string}\"},\"query-input\":{\"@type\":\"PropertyValueSpecification\",\"valueRequired\":true,\"valueName\":\"search_term_string\"}}],\"inLanguage\":\"pt-BR\"},{\"@type\":\"Organization\",\"@id\":\"https:\/\/jornalfatosenoticias.com.br\/#organization\",\"name\":\"Jornal Fatos e Not\u00edcias\",\"url\":\"https:\/\/jornalfatosenoticias.com.br\/\",\"logo\":{\"@type\":\"ImageObject\",\"inLanguage\":\"pt-BR\",\"@id\":\"https:\/\/jornalfatosenoticias.com.br\/#\/schema\/logo\/image\/\",\"url\":\"https:\/\/jornalfatosenoticias.com.br\/wp-content\/uploads\/2020\/02\/logo120.png\",\"contentUrl\":\"https:\/\/jornalfatosenoticias.com.br\/wp-content\/uploads\/2020\/02\/logo120.png\",\"width\":1227,\"height\":120,\"caption\":\"Jornal Fatos e Not\u00edcias\"},\"image\":{\"@id\":\"https:\/\/jornalfatosenoticias.com.br\/#\/schema\/logo\/image\/\"}},{\"@type\":\"Person\",\"@id\":\"https:\/\/jornalfatosenoticias.com.br\/#\/schema\/person\/d63837fa13ac8666eb9e74e0985d6f81\",\"name\":\"Luzimara Fernandes\",\"image\":{\"@type\":\"ImageObject\",\"inLanguage\":\"pt-BR\",\"@id\":\"https:\/\/jornalfatosenoticias.com.br\/#\/schema\/person\/image\/\",\"url\":\"https:\/\/jornalfatosenoticias.com.br\/wp-content\/uploads\/2025\/05\/EU_portal.jpg\",\"contentUrl\":\"https:\/\/jornalfatosenoticias.com.br\/wp-content\/uploads\/2025\/05\/EU_portal.jpg\",\"caption\":\"Luzimara Fernandes\"},\"description\":\"Jornalista MTB 2358-ES\",\"sameAs\":[\"https:\/\/jornalfatosenoticias.com.br\"],\"url\":\"https:\/\/jornalfatosenoticias.com.br\/index.php\/author\/luzimara\/\"}]}<\/script>\n<!-- \/ Yoast SEO plugin. -->","yoast_head_json":{"title":"Conhe\u00e7a a s\u00edndrome alco\u00f3lica fetal, causada pelo consumo de \u00e1lcool na gravidez - Jornal Fatos e Not\u00edcias","robots":{"index":"index","follow":"follow","max-snippet":"max-snippet:-1","max-image-preview":"max-image-preview:large","max-video-preview":"max-video-preview:-1"},"canonical":"https:\/\/jornalfatosenoticias.com.br\/index.php\/2021\/09\/16\/conheca-a-sindrome-alcoolica-fetal-causada-pelo-consumo-de-alcool-na-gravidez\/","og_locale":"pt_BR","og_type":"article","og_title":"Conhe\u00e7a a s\u00edndrome alco\u00f3lica fetal, causada pelo consumo de \u00e1lcool na gravidez - Jornal Fatos e Not\u00edcias","og_description":"Mais de 15% das gr\u00e1vidas no Brasil mant\u00eam o consumo de \u00e1lcool durante a gesta\u00e7\u00e3o, segundo dados da Ag\u00eancia Brasil. Esse h\u00e1bito pode levar a um quadro de s\u00edndrome alco\u00f3lica fetal, doen\u00e7a sem cura. Na \u00faltima quinta-feira (9), o alerta foi dado durante o Dia Mundial de Preven\u00e7\u00e3o da S\u00edndrome Alco\u00f3lica Fetal.Segundo o Centro de [&hellip;]","og_url":"https:\/\/jornalfatosenoticias.com.br\/index.php\/2021\/09\/16\/conheca-a-sindrome-alcoolica-fetal-causada-pelo-consumo-de-alcool-na-gravidez\/","og_site_name":"Jornal Fatos e Not\u00edcias","article_published_time":"2021-09-16T20:10:23+00:00","article_modified_time":"2021-09-16T20:10:25+00:00","og_image":[{"width":1000,"height":666,"url":"https:\/\/jornalfatosenoticias.com.br\/wp-content\/uploads\/2021\/09\/alcool-na-gravidez_gettyimages.jpg","type":"image\/jpeg"}],"author":"Luzimara Fernandes","twitter_card":"summary_large_image","twitter_misc":{"Escrito por":"Luzimara Fernandes","Est. tempo de leitura":"2 minutos"},"schema":{"@context":"https:\/\/schema.org","@graph":[{"@type":"Article","@id":"https:\/\/jornalfatosenoticias.com.br\/index.php\/2021\/09\/16\/conheca-a-sindrome-alcoolica-fetal-causada-pelo-consumo-de-alcool-na-gravidez\/#article","isPartOf":{"@id":"https:\/\/jornalfatosenoticias.com.br\/index.php\/2021\/09\/16\/conheca-a-sindrome-alcoolica-fetal-causada-pelo-consumo-de-alcool-na-gravidez\/"},"author":{"name":"Luzimara Fernandes","@id":"https:\/\/jornalfatosenoticias.com.br\/#\/schema\/person\/d63837fa13ac8666eb9e74e0985d6f81"},"headline":"Conhe\u00e7a a s\u00edndrome alco\u00f3lica fetal, causada pelo consumo de \u00e1lcool na gravidez","datePublished":"2021-09-16T20:10:23+00:00","dateModified":"2021-09-16T20:10:25+00:00","mainEntityOfPage":{"@id":"https:\/\/jornalfatosenoticias.com.br\/index.php\/2021\/09\/16\/conheca-a-sindrome-alcoolica-fetal-causada-pelo-consumo-de-alcool-na-gravidez\/"},"wordCount":323,"commentCount":0,"publisher":{"@id":"https:\/\/jornalfatosenoticias.com.br\/#organization"},"image":{"@id":"https:\/\/jornalfatosenoticias.com.br\/index.php\/2021\/09\/16\/conheca-a-sindrome-alcoolica-fetal-causada-pelo-consumo-de-alcool-na-gravidez\/#primaryimage"},"thumbnailUrl":"https:\/\/jornalfatosenoticias.com.br\/wp-content\/uploads\/2021\/09\/alcool-na-gravidez_gettyimages.jpg","keywords":["\u00e1lcool","bebida alco\u00f3lica","gestantes","gravidez"],"articleSection":["Sa\u00fade"],"inLanguage":"pt-BR","potentialAction":[{"@type":"CommentAction","name":"Comment","target":["https:\/\/jornalfatosenoticias.com.br\/index.php\/2021\/09\/16\/conheca-a-sindrome-alcoolica-fetal-causada-pelo-consumo-de-alcool-na-gravidez\/#respond"]}]},{"@type":"WebPage","@id":"https:\/\/jornalfatosenoticias.com.br\/index.php\/2021\/09\/16\/conheca-a-sindrome-alcoolica-fetal-causada-pelo-consumo-de-alcool-na-gravidez\/","url":"https:\/\/jornalfatosenoticias.com.br\/index.php\/2021\/09\/16\/conheca-a-sindrome-alcoolica-fetal-causada-pelo-consumo-de-alcool-na-gravidez\/","name":"Conhe\u00e7a a s\u00edndrome alco\u00f3lica fetal, causada pelo consumo de \u00e1lcool na gravidez - Jornal Fatos e Not\u00edcias","isPartOf":{"@id":"https:\/\/jornalfatosenoticias.com.br\/#website"},"primaryImageOfPage":{"@id":"https:\/\/jornalfatosenoticias.com.br\/index.php\/2021\/09\/16\/conheca-a-sindrome-alcoolica-fetal-causada-pelo-consumo-de-alcool-na-gravidez\/#primaryimage"},"image":{"@id":"https:\/\/jornalfatosenoticias.com.br\/index.php\/2021\/09\/16\/conheca-a-sindrome-alcoolica-fetal-causada-pelo-consumo-de-alcool-na-gravidez\/#primaryimage"},"thumbnailUrl":"https:\/\/jornalfatosenoticias.com.br\/wp-content\/uploads\/2021\/09\/alcool-na-gravidez_gettyimages.jpg","datePublished":"2021-09-16T20:10:23+00:00","dateModified":"2021-09-16T20:10:25+00:00","breadcrumb":{"@id":"https:\/\/jornalfatosenoticias.com.br\/index.php\/2021\/09\/16\/conheca-a-sindrome-alcoolica-fetal-causada-pelo-consumo-de-alcool-na-gravidez\/#breadcrumb"},"inLanguage":"pt-BR","potentialAction":[{"@type":"ReadAction","target":["https:\/\/jornalfatosenoticias.com.br\/index.php\/2021\/09\/16\/conheca-a-sindrome-alcoolica-fetal-causada-pelo-consumo-de-alcool-na-gravidez\/"]}]},{"@type":"ImageObject","inLanguage":"pt-BR","@id":"https:\/\/jornalfatosenoticias.com.br\/index.php\/2021\/09\/16\/conheca-a-sindrome-alcoolica-fetal-causada-pelo-consumo-de-alcool-na-gravidez\/#primaryimage","url":"https:\/\/jornalfatosenoticias.com.br\/wp-content\/uploads\/2021\/09\/alcool-na-gravidez_gettyimages.jpg","contentUrl":"https:\/\/jornalfatosenoticias.com.br\/wp-content\/uploads\/2021\/09\/alcool-na-gravidez_gettyimages.jpg","width":1000,"height":666,"caption":"Pregnant woman smoking a cigarette and drinking red wine. Unhealthy living. Hand with a cigarette near ashtray and a wineglass in the background. Sitting outdoors in a floral dress. (Woman is in real life a healthy and not smoking or drinking model.) Black and white image."},{"@type":"BreadcrumbList","@id":"https:\/\/jornalfatosenoticias.com.br\/index.php\/2021\/09\/16\/conheca-a-sindrome-alcoolica-fetal-causada-pelo-consumo-de-alcool-na-gravidez\/#breadcrumb","itemListElement":[{"@type":"ListItem","position":1,"name":"In\u00edcio","item":"https:\/\/jornalfatosenoticias.com.br\/"},{"@type":"ListItem","position":2,"name":"Conhe\u00e7a a s\u00edndrome alco\u00f3lica fetal, causada pelo consumo de \u00e1lcool na gravidez"}]},{"@type":"WebSite","@id":"https:\/\/jornalfatosenoticias.com.br\/#website","url":"https:\/\/jornalfatosenoticias.com.br\/","name":"Jornal Fatos e Not\u00edcias","description":"Not\u00edcias em geral","publisher":{"@id":"https:\/\/jornalfatosenoticias.com.br\/#organization"},"potentialAction":[{"@type":"SearchAction","target":{"@type":"EntryPoint","urlTemplate":"https:\/\/jornalfatosenoticias.com.br\/?s={search_term_string}"},"query-input":{"@type":"PropertyValueSpecification","valueRequired":true,"valueName":"search_term_string"}}],"inLanguage":"pt-BR"},{"@type":"Organization","@id":"https:\/\/jornalfatosenoticias.com.br\/#organization","name":"Jornal Fatos e Not\u00edcias","url":"https:\/\/jornalfatosenoticias.com.br\/","logo":{"@type":"ImageObject","inLanguage":"pt-BR","@id":"https:\/\/jornalfatosenoticias.com.br\/#\/schema\/logo\/image\/","url":"https:\/\/jornalfatosenoticias.com.br\/wp-content\/uploads\/2020\/02\/logo120.png","contentUrl":"https:\/\/jornalfatosenoticias.com.br\/wp-content\/uploads\/2020\/02\/logo120.png","width":1227,"height":120,"caption":"Jornal Fatos e Not\u00edcias"},"image":{"@id":"https:\/\/jornalfatosenoticias.com.br\/#\/schema\/logo\/image\/"}},{"@type":"Person","@id":"https:\/\/jornalfatosenoticias.com.br\/#\/schema\/person\/d63837fa13ac8666eb9e74e0985d6f81","name":"Luzimara Fernandes","image":{"@type":"ImageObject","inLanguage":"pt-BR","@id":"https:\/\/jornalfatosenoticias.com.br\/#\/schema\/person\/image\/","url":"https:\/\/jornalfatosenoticias.com.br\/wp-content\/uploads\/2025\/05\/EU_portal.jpg","contentUrl":"https:\/\/jornalfatosenoticias.com.br\/wp-content\/uploads\/2025\/05\/EU_portal.jpg","caption":"Luzimara Fernandes"},"description":"Jornalista MTB 2358-ES","sameAs":["https:\/\/jornalfatosenoticias.com.br"],"url":"https:\/\/jornalfatosenoticias.com.br\/index.php\/author\/luzimara\/"}]}},"cc_featured_image_caption":{"caption_text":"(Foto: Getty Images\/iStock) ","source_text":"","source_url":""},"jetpack_featured_media_url":"https:\/\/jornalfatosenoticias.com.br\/wp-content\/uploads\/2021\/09\/alcool-na-gravidez_gettyimages.jpg","_links":{"self":[{"href":"https:\/\/jornalfatosenoticias.com.br\/index.php\/wp-json\/wp\/v2\/posts\/22951","targetHints":{"allow":["GET"]}}],"collection":[{"href":"https:\/\/jornalfatosenoticias.com.br\/index.php\/wp-json\/wp\/v2\/posts"}],"about":[{"href":"https:\/\/jornalfatosenoticias.com.br\/index.php\/wp-json\/wp\/v2\/types\/post"}],"author":[{"embeddable":true,"href":"https:\/\/jornalfatosenoticias.com.br\/index.php\/wp-json\/wp\/v2\/users\/2"}],"replies":[{"embeddable":true,"href":"https:\/\/jornalfatosenoticias.com.br\/index.php\/wp-json\/wp\/v2\/comments?post=22951"}],"version-history":[{"count":0,"href":"https:\/\/jornalfatosenoticias.com.br\/index.php\/wp-json\/wp\/v2\/posts\/22951\/revisions"}],"wp:featuredmedia":[{"embeddable":true,"href":"https:\/\/jornalfatosenoticias.com.br\/index.php\/wp-json\/wp\/v2\/media\/22952"}],"wp:attachment":[{"href":"https:\/\/jornalfatosenoticias.com.br\/index.php\/wp-json\/wp\/v2\/media?parent=22951"}],"wp:term":[{"taxonomy":"category","embeddable":true,"href":"https:\/\/jornalfatosenoticias.com.br\/index.php\/wp-json\/wp\/v2\/categories?post=22951"},{"taxonomy":"post_tag","embeddable":true,"href":"https:\/\/jornalfatosenoticias.com.br\/index.php\/wp-json\/wp\/v2\/tags?post=22951"}],"curies":[{"name":"wp","href":"https:\/\/api.w.org\/{rel}","templated":true}]}}