{"id":22963,"date":"2021-09-17T10:24:54","date_gmt":"2021-09-17T13:24:54","guid":{"rendered":"https:\/\/jornalfatosenoticias.com.br\/?p=22963"},"modified":"2021-09-17T10:24:55","modified_gmt":"2021-09-17T13:24:55","slug":"governo-cria-programa-para-melhorar-qualidade-das-aguas-dos-rios","status":"publish","type":"post","link":"https:\/\/jornalfatosenoticias.com.br\/index.php\/2021\/09\/17\/governo-cria-programa-para-melhorar-qualidade-das-aguas-dos-rios\/","title":{"rendered":"Governo cria programa para melhorar qualidade das \u00e1guas dos rios"},"content":{"rendered":"\n<p><em><span class=\"has-inline-color has-black-color\">Programa Rios + Limpos \u00e9 o \u00faltimo eixo da agenda ambiental urbana<\/span><\/em><\/p>\n\n\n\n<p>Foi publicada no <strong><a href=\"https:\/\/www.in.gov.br\/en\/web\/dou\/-\/portaria-n-439-de-16-de-setembro-de-2021-345464472\" target=\"_blank\" rel=\"noreferrer noopener\"><em>Di\u00e1rio Oficial da Uni\u00e3o<\/em><\/a><\/strong> desta sexta-feira (17), a Portaria 439\/21, do <em>Minist\u00e9rio do Meio Ambiente<\/em>, que cria o <em><span class=\"has-inline-color has-black-color\">Programa Rios + Limpos,<\/span><\/em> \u00faltimo eixo da <em>Agenda Ambiental Urbana<\/em>. A partir da disponibiliza\u00e7\u00e3o de dados sobre a qualidade das \u00e1guas e efluentes em uma plataforma digital, o objetivo do programa \u00e9 contribuir para a melhoria da gest\u00e3o de efluentes e saneamento b\u00e1sico em todo o pa\u00eds.<br>Segundo o Minist\u00e9rio do Meio Ambiente, que lan\u00e7ou a iniciativa ontem no Mato Grosso, esse sistema vai oferecer mais transpar\u00eancia para os usu\u00e1rios e gerar incentivo a melhorias operacionais, al\u00e9m de aprimorar a orienta\u00e7\u00e3o de a\u00e7\u00f5es de fiscaliza\u00e7\u00e3o pelos \u00f3rg\u00e3os ambientais e ag\u00eancias reguladoras, com instrumentos para verifica\u00e7\u00e3o das metas de desempenho.<br>A iniciativa vai permitir a\u00e7\u00f5es de despolui\u00e7\u00e3o dos rios, incentivar a limpeza e coleta de lixo em rios, lagos, lagoas e praias fluviais, al\u00e9m da implementa\u00e7\u00e3o de sistemas de tratamento descentralizado de efluentes em \u00e1reas n\u00e3o atendidas pelos sistemas tradicionais, bem como a promo\u00e7\u00e3o de projetos que visem o reuso de efluentes no pa\u00eds.<br>Ainda segundo o MMA, a plataforma para informatiza\u00e7\u00e3o dos dados de saneamento, inserida entre as a\u00e7\u00f5es do <em>Marco Legal do Saneamento B\u00e1sico<\/em>, permitir\u00e1 uma regula\u00e7\u00e3o mais robusta e fiscaliza\u00e7\u00e3o mais \u00e1gil e, com isso, melhores servi\u00e7os prestados aos cidad\u00e3os. O <em><a href=\"https:\/\/www.gov.br\/pt-br\/noticias\/transito-e-transportes\/2020\/07\/novo-marco-de-saneamento-e-sancionado-e-garante-avancos-para-o-pais\">novo Marco do Saneamento<\/a><\/em> prev\u00ea atra\u00e7\u00e3o de investimentos de R$ 700 bilh\u00f5es e gera\u00e7\u00e3o de mais de 700 mil postos de trabalho.<\/p>\n\n\n\n<p><strong><span class=\"has-inline-color has-vivid-green-cyan-color\">Hist\u00f3rico<br><\/span><\/strong>A Agenda Ambiental Urbana se divide em seis eixos, contemplando desde \u00e1reas verdes nas cidades at\u00e9 a qualidade da \u00e1gua em rios, lagos e no mar, buscando solu\u00e7\u00f5es para o meio ambiente nos centros urbanos de todo o Pa\u00eds, onde vivem 85% dos brasileiros.<\/p>\n\n\n\n<p><a href=\"https:\/\/www.gov.br\/mma\/pt-br\/assuntos\/agendaambientalurbana\" target=\"_blank\" rel=\"noreferrer noopener\">Saiba mais sobre a Agenda Ambiental Urbana<\/a><\/p>\n\n\n\n<p><strong><em>Fonte: <a href=\"https:\/\/agenciabrasil.ebc.com.br\/geral\/noticia\/2021-09\/governo-cria-programa-para-melhorar-qualidade-das-aguas-dos-rios\">Ag\u00eancia Brasil<\/a><\/em><\/strong><\/p>\n","protected":false},"excerpt":{"rendered":"<p>Programa Rios + Limpos \u00e9 o \u00faltimo eixo da agenda ambiental urbana Foi publicada no Di\u00e1rio Oficial da Uni\u00e3o desta sexta-feira (17), a Portaria 439\/21, do Minist\u00e9rio do Meio Ambiente, que cria o Programa Rios + Limpos, \u00faltimo eixo da Agenda Ambiental Urbana. A partir da disponibiliza\u00e7\u00e3o de dados sobre a qualidade das \u00e1guas e [&hellip;]<\/p>\n","protected":false},"author":2,"featured_media":22964,"comment_status":"open","ping_status":"open","sticky":false,"template":"","format":"standard","meta":{"footnotes":""},"categories":[8],"tags":[11207,72,8671,945,5765,11208,659,1166],"class_list":["post-22963","post","type-post","status-publish","format-standard","has-post-thumbnail","hentry","category-meio-ambiente","tag-agenda-urbana","tag-clima","tag-efluentes","tag-meio-ambiente","tag-mma","tag-programa-rios-limpos","tag-rios","tag-saneamento-basico"],"yoast_head":"<!-- This site is optimized with the Yoast SEO plugin v26.5 - https:\/\/yoast.com\/wordpress\/plugins\/seo\/ -->\n<title>Governo cria programa para melhorar qualidade das \u00e1guas dos rios - Jornal Fatos e Not\u00edcias<\/title>\n<meta name=\"robots\" content=\"index, follow, max-snippet:-1, max-image-preview:large, max-video-preview:-1\" \/>\n<link rel=\"canonical\" href=\"https:\/\/jornalfatosenoticias.com.br\/index.php\/2021\/09\/17\/governo-cria-programa-para-melhorar-qualidade-das-aguas-dos-rios\/\" \/>\n<meta property=\"og:locale\" content=\"pt_BR\" \/>\n<meta property=\"og:type\" content=\"article\" \/>\n<meta property=\"og:title\" content=\"Governo cria programa para melhorar qualidade das \u00e1guas dos rios - Jornal Fatos e Not\u00edcias\" \/>\n<meta property=\"og:description\" content=\"Programa Rios + Limpos \u00e9 o \u00faltimo eixo da agenda ambiental urbana Foi publicada no Di\u00e1rio Oficial da Uni\u00e3o desta sexta-feira (17), a Portaria 439\/21, do Minist\u00e9rio do Meio Ambiente, que cria o Programa Rios + Limpos, \u00faltimo eixo da Agenda Ambiental Urbana. A partir da disponibiliza\u00e7\u00e3o de dados sobre a qualidade das \u00e1guas e [&hellip;]\" \/>\n<meta property=\"og:url\" content=\"https:\/\/jornalfatosenoticias.com.br\/index.php\/2021\/09\/17\/governo-cria-programa-para-melhorar-qualidade-das-aguas-dos-rios\/\" \/>\n<meta property=\"og:site_name\" content=\"Jornal Fatos e Not\u00edcias\" \/>\n<meta property=\"article:published_time\" content=\"2021-09-17T13:24:54+00:00\" \/>\n<meta property=\"article:modified_time\" content=\"2021-09-17T13:24:55+00:00\" \/>\n<meta property=\"og:image\" content=\"https:\/\/jornalfatosenoticias.com.br\/wp-content\/uploads\/2021\/09\/rios-limpos.jpeg\" \/>\n\t<meta property=\"og:image:width\" content=\"1000\" \/>\n\t<meta property=\"og:image:height\" content=\"433\" \/>\n\t<meta property=\"og:image:type\" content=\"image\/jpeg\" \/>\n<meta name=\"author\" content=\"Luzimara Fernandes\" \/>\n<meta name=\"twitter:card\" content=\"summary_large_image\" \/>\n<meta name=\"twitter:label1\" content=\"Escrito por\" \/>\n\t<meta name=\"twitter:data1\" content=\"Luzimara Fernandes\" \/>\n\t<meta name=\"twitter:label2\" content=\"Est. tempo de leitura\" \/>\n\t<meta name=\"twitter:data2\" content=\"2 minutos\" \/>\n<script type=\"application\/ld+json\" class=\"yoast-schema-graph\">{\"@context\":\"https:\/\/schema.org\",\"@graph\":[{\"@type\":\"Article\",\"@id\":\"https:\/\/jornalfatosenoticias.com.br\/index.php\/2021\/09\/17\/governo-cria-programa-para-melhorar-qualidade-das-aguas-dos-rios\/#article\",\"isPartOf\":{\"@id\":\"https:\/\/jornalfatosenoticias.com.br\/index.php\/2021\/09\/17\/governo-cria-programa-para-melhorar-qualidade-das-aguas-dos-rios\/\"},\"author\":{\"name\":\"Luzimara Fernandes\",\"@id\":\"https:\/\/jornalfatosenoticias.com.br\/#\/schema\/person\/d63837fa13ac8666eb9e74e0985d6f81\"},\"headline\":\"Governo cria programa para melhorar qualidade das \u00e1guas dos rios\",\"datePublished\":\"2021-09-17T13:24:54+00:00\",\"dateModified\":\"2021-09-17T13:24:55+00:00\",\"mainEntityOfPage\":{\"@id\":\"https:\/\/jornalfatosenoticias.com.br\/index.php\/2021\/09\/17\/governo-cria-programa-para-melhorar-qualidade-das-aguas-dos-rios\/\"},\"wordCount\":343,\"commentCount\":0,\"publisher\":{\"@id\":\"https:\/\/jornalfatosenoticias.com.br\/#organization\"},\"image\":{\"@id\":\"https:\/\/jornalfatosenoticias.com.br\/index.php\/2021\/09\/17\/governo-cria-programa-para-melhorar-qualidade-das-aguas-dos-rios\/#primaryimage\"},\"thumbnailUrl\":\"https:\/\/jornalfatosenoticias.com.br\/wp-content\/uploads\/2021\/09\/rios-limpos.jpeg\",\"keywords\":[\"Agenda Urbana\",\"clima\",\"efluentes\",\"meio ambiente\",\"MMA\",\"Programa Rios + Limpos\",\"rios\",\"saneamento b\u00e1sico\"],\"articleSection\":[\"Meio ambiente\"],\"inLanguage\":\"pt-BR\",\"potentialAction\":[{\"@type\":\"CommentAction\",\"name\":\"Comment\",\"target\":[\"https:\/\/jornalfatosenoticias.com.br\/index.php\/2021\/09\/17\/governo-cria-programa-para-melhorar-qualidade-das-aguas-dos-rios\/#respond\"]}]},{\"@type\":\"WebPage\",\"@id\":\"https:\/\/jornalfatosenoticias.com.br\/index.php\/2021\/09\/17\/governo-cria-programa-para-melhorar-qualidade-das-aguas-dos-rios\/\",\"url\":\"https:\/\/jornalfatosenoticias.com.br\/index.php\/2021\/09\/17\/governo-cria-programa-para-melhorar-qualidade-das-aguas-dos-rios\/\",\"name\":\"Governo cria programa para melhorar qualidade das \u00e1guas dos rios - Jornal Fatos e Not\u00edcias\",\"isPartOf\":{\"@id\":\"https:\/\/jornalfatosenoticias.com.br\/#website\"},\"primaryImageOfPage\":{\"@id\":\"https:\/\/jornalfatosenoticias.com.br\/index.php\/2021\/09\/17\/governo-cria-programa-para-melhorar-qualidade-das-aguas-dos-rios\/#primaryimage\"},\"image\":{\"@id\":\"https:\/\/jornalfatosenoticias.com.br\/index.php\/2021\/09\/17\/governo-cria-programa-para-melhorar-qualidade-das-aguas-dos-rios\/#primaryimage\"},\"thumbnailUrl\":\"https:\/\/jornalfatosenoticias.com.br\/wp-content\/uploads\/2021\/09\/rios-limpos.jpeg\",\"datePublished\":\"2021-09-17T13:24:54+00:00\",\"dateModified\":\"2021-09-17T13:24:55+00:00\",\"breadcrumb\":{\"@id\":\"https:\/\/jornalfatosenoticias.com.br\/index.php\/2021\/09\/17\/governo-cria-programa-para-melhorar-qualidade-das-aguas-dos-rios\/#breadcrumb\"},\"inLanguage\":\"pt-BR\",\"potentialAction\":[{\"@type\":\"ReadAction\",\"target\":[\"https:\/\/jornalfatosenoticias.com.br\/index.php\/2021\/09\/17\/governo-cria-programa-para-melhorar-qualidade-das-aguas-dos-rios\/\"]}]},{\"@type\":\"ImageObject\",\"inLanguage\":\"pt-BR\",\"@id\":\"https:\/\/jornalfatosenoticias.com.br\/index.php\/2021\/09\/17\/governo-cria-programa-para-melhorar-qualidade-das-aguas-dos-rios\/#primaryimage\",\"url\":\"https:\/\/jornalfatosenoticias.com.br\/wp-content\/uploads\/2021\/09\/rios-limpos.jpeg\",\"contentUrl\":\"https:\/\/jornalfatosenoticias.com.br\/wp-content\/uploads\/2021\/09\/rios-limpos.jpeg\",\"width\":1000,\"height\":433},{\"@type\":\"BreadcrumbList\",\"@id\":\"https:\/\/jornalfatosenoticias.com.br\/index.php\/2021\/09\/17\/governo-cria-programa-para-melhorar-qualidade-das-aguas-dos-rios\/#breadcrumb\",\"itemListElement\":[{\"@type\":\"ListItem\",\"position\":1,\"name\":\"In\u00edcio\",\"item\":\"https:\/\/jornalfatosenoticias.com.br\/\"},{\"@type\":\"ListItem\",\"position\":2,\"name\":\"Governo cria programa para melhorar qualidade das \u00e1guas dos rios\"}]},{\"@type\":\"WebSite\",\"@id\":\"https:\/\/jornalfatosenoticias.com.br\/#website\",\"url\":\"https:\/\/jornalfatosenoticias.com.br\/\",\"name\":\"Jornal Fatos e Not\u00edcias\",\"description\":\"Not\u00edcias em geral\",\"publisher\":{\"@id\":\"https:\/\/jornalfatosenoticias.com.br\/#organization\"},\"potentialAction\":[{\"@type\":\"SearchAction\",\"target\":{\"@type\":\"EntryPoint\",\"urlTemplate\":\"https:\/\/jornalfatosenoticias.com.br\/?s={search_term_string}\"},\"query-input\":{\"@type\":\"PropertyValueSpecification\",\"valueRequired\":true,\"valueName\":\"search_term_string\"}}],\"inLanguage\":\"pt-BR\"},{\"@type\":\"Organization\",\"@id\":\"https:\/\/jornalfatosenoticias.com.br\/#organization\",\"name\":\"Jornal Fatos e Not\u00edcias\",\"url\":\"https:\/\/jornalfatosenoticias.com.br\/\",\"logo\":{\"@type\":\"ImageObject\",\"inLanguage\":\"pt-BR\",\"@id\":\"https:\/\/jornalfatosenoticias.com.br\/#\/schema\/logo\/image\/\",\"url\":\"https:\/\/jornalfatosenoticias.com.br\/wp-content\/uploads\/2020\/02\/logo120.png\",\"contentUrl\":\"https:\/\/jornalfatosenoticias.com.br\/wp-content\/uploads\/2020\/02\/logo120.png\",\"width\":1227,\"height\":120,\"caption\":\"Jornal Fatos e Not\u00edcias\"},\"image\":{\"@id\":\"https:\/\/jornalfatosenoticias.com.br\/#\/schema\/logo\/image\/\"}},{\"@type\":\"Person\",\"@id\":\"https:\/\/jornalfatosenoticias.com.br\/#\/schema\/person\/d63837fa13ac8666eb9e74e0985d6f81\",\"name\":\"Luzimara Fernandes\",\"image\":{\"@type\":\"ImageObject\",\"inLanguage\":\"pt-BR\",\"@id\":\"https:\/\/jornalfatosenoticias.com.br\/#\/schema\/person\/image\/\",\"url\":\"https:\/\/jornalfatosenoticias.com.br\/wp-content\/uploads\/2025\/05\/EU_portal.jpg\",\"contentUrl\":\"https:\/\/jornalfatosenoticias.com.br\/wp-content\/uploads\/2025\/05\/EU_portal.jpg\",\"caption\":\"Luzimara Fernandes\"},\"description\":\"Jornalista MTB 2358-ES\",\"sameAs\":[\"https:\/\/jornalfatosenoticias.com.br\"],\"url\":\"https:\/\/jornalfatosenoticias.com.br\/index.php\/author\/luzimara\/\"}]}<\/script>\n<!-- \/ Yoast SEO plugin. -->","yoast_head_json":{"title":"Governo cria programa para melhorar qualidade das \u00e1guas dos rios - Jornal Fatos e Not\u00edcias","robots":{"index":"index","follow":"follow","max-snippet":"max-snippet:-1","max-image-preview":"max-image-preview:large","max-video-preview":"max-video-preview:-1"},"canonical":"https:\/\/jornalfatosenoticias.com.br\/index.php\/2021\/09\/17\/governo-cria-programa-para-melhorar-qualidade-das-aguas-dos-rios\/","og_locale":"pt_BR","og_type":"article","og_title":"Governo cria programa para melhorar qualidade das \u00e1guas dos rios - Jornal Fatos e Not\u00edcias","og_description":"Programa Rios + Limpos \u00e9 o \u00faltimo eixo da agenda ambiental urbana Foi publicada no Di\u00e1rio Oficial da Uni\u00e3o desta sexta-feira (17), a Portaria 439\/21, do Minist\u00e9rio do Meio Ambiente, que cria o Programa Rios + Limpos, \u00faltimo eixo da Agenda Ambiental Urbana. A partir da disponibiliza\u00e7\u00e3o de dados sobre a qualidade das \u00e1guas e [&hellip;]","og_url":"https:\/\/jornalfatosenoticias.com.br\/index.php\/2021\/09\/17\/governo-cria-programa-para-melhorar-qualidade-das-aguas-dos-rios\/","og_site_name":"Jornal Fatos e Not\u00edcias","article_published_time":"2021-09-17T13:24:54+00:00","article_modified_time":"2021-09-17T13:24:55+00:00","og_image":[{"width":1000,"height":433,"url":"https:\/\/jornalfatosenoticias.com.br\/wp-content\/uploads\/2021\/09\/rios-limpos.jpeg","type":"image\/jpeg"}],"author":"Luzimara Fernandes","twitter_card":"summary_large_image","twitter_misc":{"Escrito por":"Luzimara Fernandes","Est. tempo de leitura":"2 minutos"},"schema":{"@context":"https:\/\/schema.org","@graph":[{"@type":"Article","@id":"https:\/\/jornalfatosenoticias.com.br\/index.php\/2021\/09\/17\/governo-cria-programa-para-melhorar-qualidade-das-aguas-dos-rios\/#article","isPartOf":{"@id":"https:\/\/jornalfatosenoticias.com.br\/index.php\/2021\/09\/17\/governo-cria-programa-para-melhorar-qualidade-das-aguas-dos-rios\/"},"author":{"name":"Luzimara Fernandes","@id":"https:\/\/jornalfatosenoticias.com.br\/#\/schema\/person\/d63837fa13ac8666eb9e74e0985d6f81"},"headline":"Governo cria programa para melhorar qualidade das \u00e1guas dos rios","datePublished":"2021-09-17T13:24:54+00:00","dateModified":"2021-09-17T13:24:55+00:00","mainEntityOfPage":{"@id":"https:\/\/jornalfatosenoticias.com.br\/index.php\/2021\/09\/17\/governo-cria-programa-para-melhorar-qualidade-das-aguas-dos-rios\/"},"wordCount":343,"commentCount":0,"publisher":{"@id":"https:\/\/jornalfatosenoticias.com.br\/#organization"},"image":{"@id":"https:\/\/jornalfatosenoticias.com.br\/index.php\/2021\/09\/17\/governo-cria-programa-para-melhorar-qualidade-das-aguas-dos-rios\/#primaryimage"},"thumbnailUrl":"https:\/\/jornalfatosenoticias.com.br\/wp-content\/uploads\/2021\/09\/rios-limpos.jpeg","keywords":["Agenda Urbana","clima","efluentes","meio ambiente","MMA","Programa Rios + Limpos","rios","saneamento b\u00e1sico"],"articleSection":["Meio ambiente"],"inLanguage":"pt-BR","potentialAction":[{"@type":"CommentAction","name":"Comment","target":["https:\/\/jornalfatosenoticias.com.br\/index.php\/2021\/09\/17\/governo-cria-programa-para-melhorar-qualidade-das-aguas-dos-rios\/#respond"]}]},{"@type":"WebPage","@id":"https:\/\/jornalfatosenoticias.com.br\/index.php\/2021\/09\/17\/governo-cria-programa-para-melhorar-qualidade-das-aguas-dos-rios\/","url":"https:\/\/jornalfatosenoticias.com.br\/index.php\/2021\/09\/17\/governo-cria-programa-para-melhorar-qualidade-das-aguas-dos-rios\/","name":"Governo cria programa para melhorar qualidade das \u00e1guas dos rios - Jornal Fatos e Not\u00edcias","isPartOf":{"@id":"https:\/\/jornalfatosenoticias.com.br\/#website"},"primaryImageOfPage":{"@id":"https:\/\/jornalfatosenoticias.com.br\/index.php\/2021\/09\/17\/governo-cria-programa-para-melhorar-qualidade-das-aguas-dos-rios\/#primaryimage"},"image":{"@id":"https:\/\/jornalfatosenoticias.com.br\/index.php\/2021\/09\/17\/governo-cria-programa-para-melhorar-qualidade-das-aguas-dos-rios\/#primaryimage"},"thumbnailUrl":"https:\/\/jornalfatosenoticias.com.br\/wp-content\/uploads\/2021\/09\/rios-limpos.jpeg","datePublished":"2021-09-17T13:24:54+00:00","dateModified":"2021-09-17T13:24:55+00:00","breadcrumb":{"@id":"https:\/\/jornalfatosenoticias.com.br\/index.php\/2021\/09\/17\/governo-cria-programa-para-melhorar-qualidade-das-aguas-dos-rios\/#breadcrumb"},"inLanguage":"pt-BR","potentialAction":[{"@type":"ReadAction","target":["https:\/\/jornalfatosenoticias.com.br\/index.php\/2021\/09\/17\/governo-cria-programa-para-melhorar-qualidade-das-aguas-dos-rios\/"]}]},{"@type":"ImageObject","inLanguage":"pt-BR","@id":"https:\/\/jornalfatosenoticias.com.br\/index.php\/2021\/09\/17\/governo-cria-programa-para-melhorar-qualidade-das-aguas-dos-rios\/#primaryimage","url":"https:\/\/jornalfatosenoticias.com.br\/wp-content\/uploads\/2021\/09\/rios-limpos.jpeg","contentUrl":"https:\/\/jornalfatosenoticias.com.br\/wp-content\/uploads\/2021\/09\/rios-limpos.jpeg","width":1000,"height":433},{"@type":"BreadcrumbList","@id":"https:\/\/jornalfatosenoticias.com.br\/index.php\/2021\/09\/17\/governo-cria-programa-para-melhorar-qualidade-das-aguas-dos-rios\/#breadcrumb","itemListElement":[{"@type":"ListItem","position":1,"name":"In\u00edcio","item":"https:\/\/jornalfatosenoticias.com.br\/"},{"@type":"ListItem","position":2,"name":"Governo cria programa para melhorar qualidade das \u00e1guas dos rios"}]},{"@type":"WebSite","@id":"https:\/\/jornalfatosenoticias.com.br\/#website","url":"https:\/\/jornalfatosenoticias.com.br\/","name":"Jornal Fatos e Not\u00edcias","description":"Not\u00edcias em geral","publisher":{"@id":"https:\/\/jornalfatosenoticias.com.br\/#organization"},"potentialAction":[{"@type":"SearchAction","target":{"@type":"EntryPoint","urlTemplate":"https:\/\/jornalfatosenoticias.com.br\/?s={search_term_string}"},"query-input":{"@type":"PropertyValueSpecification","valueRequired":true,"valueName":"search_term_string"}}],"inLanguage":"pt-BR"},{"@type":"Organization","@id":"https:\/\/jornalfatosenoticias.com.br\/#organization","name":"Jornal Fatos e Not\u00edcias","url":"https:\/\/jornalfatosenoticias.com.br\/","logo":{"@type":"ImageObject","inLanguage":"pt-BR","@id":"https:\/\/jornalfatosenoticias.com.br\/#\/schema\/logo\/image\/","url":"https:\/\/jornalfatosenoticias.com.br\/wp-content\/uploads\/2020\/02\/logo120.png","contentUrl":"https:\/\/jornalfatosenoticias.com.br\/wp-content\/uploads\/2020\/02\/logo120.png","width":1227,"height":120,"caption":"Jornal Fatos e Not\u00edcias"},"image":{"@id":"https:\/\/jornalfatosenoticias.com.br\/#\/schema\/logo\/image\/"}},{"@type":"Person","@id":"https:\/\/jornalfatosenoticias.com.br\/#\/schema\/person\/d63837fa13ac8666eb9e74e0985d6f81","name":"Luzimara Fernandes","image":{"@type":"ImageObject","inLanguage":"pt-BR","@id":"https:\/\/jornalfatosenoticias.com.br\/#\/schema\/person\/image\/","url":"https:\/\/jornalfatosenoticias.com.br\/wp-content\/uploads\/2025\/05\/EU_portal.jpg","contentUrl":"https:\/\/jornalfatosenoticias.com.br\/wp-content\/uploads\/2025\/05\/EU_portal.jpg","caption":"Luzimara Fernandes"},"description":"Jornalista MTB 2358-ES","sameAs":["https:\/\/jornalfatosenoticias.com.br"],"url":"https:\/\/jornalfatosenoticias.com.br\/index.php\/author\/luzimara\/"}]}},"cc_featured_image_caption":{"caption_text":"(Foto: Zack\/MMA) ","source_text":"","source_url":""},"jetpack_featured_media_url":"https:\/\/jornalfatosenoticias.com.br\/wp-content\/uploads\/2021\/09\/rios-limpos.jpeg","_links":{"self":[{"href":"https:\/\/jornalfatosenoticias.com.br\/index.php\/wp-json\/wp\/v2\/posts\/22963","targetHints":{"allow":["GET"]}}],"collection":[{"href":"https:\/\/jornalfatosenoticias.com.br\/index.php\/wp-json\/wp\/v2\/posts"}],"about":[{"href":"https:\/\/jornalfatosenoticias.com.br\/index.php\/wp-json\/wp\/v2\/types\/post"}],"author":[{"embeddable":true,"href":"https:\/\/jornalfatosenoticias.com.br\/index.php\/wp-json\/wp\/v2\/users\/2"}],"replies":[{"embeddable":true,"href":"https:\/\/jornalfatosenoticias.com.br\/index.php\/wp-json\/wp\/v2\/comments?post=22963"}],"version-history":[{"count":0,"href":"https:\/\/jornalfatosenoticias.com.br\/index.php\/wp-json\/wp\/v2\/posts\/22963\/revisions"}],"wp:featuredmedia":[{"embeddable":true,"href":"https:\/\/jornalfatosenoticias.com.br\/index.php\/wp-json\/wp\/v2\/media\/22964"}],"wp:attachment":[{"href":"https:\/\/jornalfatosenoticias.com.br\/index.php\/wp-json\/wp\/v2\/media?parent=22963"}],"wp:term":[{"taxonomy":"category","embeddable":true,"href":"https:\/\/jornalfatosenoticias.com.br\/index.php\/wp-json\/wp\/v2\/categories?post=22963"},{"taxonomy":"post_tag","embeddable":true,"href":"https:\/\/jornalfatosenoticias.com.br\/index.php\/wp-json\/wp\/v2\/tags?post=22963"}],"curies":[{"name":"wp","href":"https:\/\/api.w.org\/{rel}","templated":true}]}}