{"id":22966,"date":"2021-09-17T10:31:34","date_gmt":"2021-09-17T13:31:34","guid":{"rendered":"https:\/\/jornalfatosenoticias.com.br\/?p=22966"},"modified":"2021-09-17T10:31:44","modified_gmt":"2021-09-17T13:31:44","slug":"senado-aprova-prorrogacao-de-medidas-excepcionais-na-educacao","status":"publish","type":"post","link":"https:\/\/jornalfatosenoticias.com.br\/index.php\/2021\/09\/17\/senado-aprova-prorrogacao-de-medidas-excepcionais-na-educacao\/","title":{"rendered":"Senado aprova prorroga\u00e7\u00e3o de medidas excepcionais na educa\u00e7\u00e3o"},"content":{"rendered":"\n<p><em><span class=\"has-inline-color has-black-color\">Medidas valem at\u00e9 o fim do ano<\/span><\/em><\/p>\n\n\n\n<p>O Senado aprovou, ontem (16), o projeto de lei (PL) que amplia para at\u00e9 o fim do ano letivo deste ano as normas excepcionais na \u00e1rea de educa\u00e7\u00e3o previstas durante a pandemia. O texto, de autoria da deputada Professora Dorinha (DEM-TO) j\u00e1 havia passado pela C\u00e2mara dos Deputados e agora vai \u00e0 san\u00e7\u00e3o presidencial.<br>As normas constam no decreto de calamidade p\u00fablica, editado em virtude da pandemia da covid-19, que alterou a rotina de v\u00e1rios setores em virtude das medidas de isolamento social. O decreto, no entanto, perdeu a vig\u00eancia em 31 de dezembro de 2020. No primeiro dia de 2021, as normas sobre educa\u00e7\u00e3o deixaram de valer, mas a situa\u00e7\u00e3o nas escolas do pa\u00eds n\u00e3o retomaram sua normalidade. Por isso, o PL aprovado hoje garante a validade das \u201cnormas excepcionais\u201d.<br>Entre essas normas, est\u00e3o a suspens\u00e3o da obrigatoriedade de escolas e universidades cumprirem a quantidade m\u00ednima de dias letivos; a aglutina\u00e7\u00e3o de duas s\u00e9ries ou anos escolares; a permiss\u00e3o para o ensino remoto; e a antecipa\u00e7\u00e3o da conclus\u00e3o de cursos de medicina ou cursos t\u00e9cnicos relacionados ao combate \u00e0 covid-19, se cumpridos 75% da carga hor\u00e1ria.<br>De acordo com o relator do projeto no Senado, Izalci Lucas (PSDB-DF), a aprova\u00e7\u00e3o do PL \u00e9 importante pois n\u00e3o deixar\u00e1 os gestores p\u00fablicos, como prefeitos, governadores e secret\u00e1rios de Educa\u00e7\u00e3o de estados e munic\u00edpios, por exemplo, expostos a questionamentos sobre uma atua\u00e7\u00e3o mais cautelosa na volta \u00e0s aulas. Segundo Izalci, isso \u201credundar\u00e1 na ado\u00e7\u00e3o de medidas que s\u00e3o cruciais para a prepara\u00e7\u00e3o do ambiente escolar para a retomada das atividades letivas presenciais com seguran\u00e7a e sem qualquer receio de judicializa\u00e7\u00e3o\u201d.<br>Mesmo ap\u00f3s sancionada, a lei n\u00e3o proteger\u00e1 os gestores p\u00fablicos que responderam a a\u00e7\u00f5es judiciais, j\u00e1 conclu\u00eddas, destinadas a garantir o direito de acesso \u00e0 educa\u00e7\u00e3o. Isso porque seu efeito n\u00e3o \u00e9 retroativo.<\/p>\n\n\n\n<p><em><span class=\"has-inline-color has-black-color\"><strong>Foto:<\/strong> Reuters\/Amanda Perobelli\/Direitos Resevados<\/span><\/em><\/p>\n\n\n\n<p><strong><em>Fonte: <a href=\"https:\/\/agenciabrasil.ebc.com.br\/educacao\/noticia\/2021-09\/senado-aprova-prorrogacao-de-medidas-excepcionais-na-educacao\">Ag\u00eancia Brasil<\/a><\/em><\/strong><\/p>\n","protected":false},"excerpt":{"rendered":"<p>Medidas valem at\u00e9 o fim do ano O Senado aprovou, ontem (16), o projeto de lei (PL) que amplia para at\u00e9 o fim do ano letivo deste ano as normas excepcionais na \u00e1rea de educa\u00e7\u00e3o previstas durante a pandemia. O texto, de autoria da deputada Professora Dorinha (DEM-TO) j\u00e1 havia passado pela C\u00e2mara dos Deputados [&hellip;]<\/p>\n","protected":false},"author":2,"featured_media":22967,"comment_status":"open","ping_status":"open","sticky":false,"template":"","format":"standard","meta":{"footnotes":""},"categories":[7,10],"tags":[2204,73,273,1787,862,11209,330,486],"class_list":["post-22966","post","type-post","status-publish","format-standard","has-post-thumbnail","hentry","category-educacao","category-politica","tag-ano-letivo","tag-coronavirus","tag-covid-19","tag-ensino","tag-isolamento-social","tag-normas-excepcionais","tag-pandemia","tag-senado"],"yoast_head":"<!-- This site is optimized with the Yoast SEO plugin v26.5 - https:\/\/yoast.com\/wordpress\/plugins\/seo\/ -->\n<title>Senado aprova prorroga\u00e7\u00e3o de medidas excepcionais na educa\u00e7\u00e3o - Jornal Fatos e Not\u00edcias<\/title>\n<meta name=\"robots\" content=\"index, follow, max-snippet:-1, max-image-preview:large, max-video-preview:-1\" \/>\n<link rel=\"canonical\" href=\"https:\/\/jornalfatosenoticias.com.br\/index.php\/2021\/09\/17\/senado-aprova-prorrogacao-de-medidas-excepcionais-na-educacao\/\" \/>\n<meta property=\"og:locale\" content=\"pt_BR\" \/>\n<meta property=\"og:type\" content=\"article\" \/>\n<meta property=\"og:title\" content=\"Senado aprova prorroga\u00e7\u00e3o de medidas excepcionais na educa\u00e7\u00e3o - Jornal Fatos e Not\u00edcias\" \/>\n<meta property=\"og:description\" content=\"Medidas valem at\u00e9 o fim do ano O Senado aprovou, ontem (16), o projeto de lei (PL) que amplia para at\u00e9 o fim do ano letivo deste ano as normas excepcionais na \u00e1rea de educa\u00e7\u00e3o previstas durante a pandemia. O texto, de autoria da deputada Professora Dorinha (DEM-TO) j\u00e1 havia passado pela C\u00e2mara dos Deputados [&hellip;]\" \/>\n<meta property=\"og:url\" content=\"https:\/\/jornalfatosenoticias.com.br\/index.php\/2021\/09\/17\/senado-aprova-prorrogacao-de-medidas-excepcionais-na-educacao\/\" \/>\n<meta property=\"og:site_name\" content=\"Jornal Fatos e Not\u00edcias\" \/>\n<meta property=\"article:published_time\" content=\"2021-09-17T13:31:34+00:00\" \/>\n<meta property=\"article:modified_time\" content=\"2021-09-17T13:31:44+00:00\" \/>\n<meta property=\"og:image\" content=\"https:\/\/jornalfatosenoticias.com.br\/wp-content\/uploads\/2021\/09\/medidas-excepcionais-na-educacao.jpg\" \/>\n\t<meta property=\"og:image:width\" content=\"1000\" \/>\n\t<meta property=\"og:image:height\" content=\"598\" \/>\n\t<meta property=\"og:image:type\" content=\"image\/jpeg\" \/>\n<meta name=\"author\" content=\"Luzimara Fernandes\" \/>\n<meta name=\"twitter:card\" content=\"summary_large_image\" \/>\n<meta name=\"twitter:label1\" content=\"Escrito por\" \/>\n\t<meta name=\"twitter:data1\" content=\"Luzimara Fernandes\" \/>\n\t<meta name=\"twitter:label2\" content=\"Est. tempo de leitura\" \/>\n\t<meta name=\"twitter:data2\" content=\"2 minutos\" \/>\n<script type=\"application\/ld+json\" class=\"yoast-schema-graph\">{\"@context\":\"https:\/\/schema.org\",\"@graph\":[{\"@type\":\"Article\",\"@id\":\"https:\/\/jornalfatosenoticias.com.br\/index.php\/2021\/09\/17\/senado-aprova-prorrogacao-de-medidas-excepcionais-na-educacao\/#article\",\"isPartOf\":{\"@id\":\"https:\/\/jornalfatosenoticias.com.br\/index.php\/2021\/09\/17\/senado-aprova-prorrogacao-de-medidas-excepcionais-na-educacao\/\"},\"author\":{\"name\":\"Luzimara Fernandes\",\"@id\":\"https:\/\/jornalfatosenoticias.com.br\/#\/schema\/person\/d63837fa13ac8666eb9e74e0985d6f81\"},\"headline\":\"Senado aprova prorroga\u00e7\u00e3o de medidas excepcionais na educa\u00e7\u00e3o\",\"datePublished\":\"2021-09-17T13:31:34+00:00\",\"dateModified\":\"2021-09-17T13:31:44+00:00\",\"mainEntityOfPage\":{\"@id\":\"https:\/\/jornalfatosenoticias.com.br\/index.php\/2021\/09\/17\/senado-aprova-prorrogacao-de-medidas-excepcionais-na-educacao\/\"},\"wordCount\":357,\"commentCount\":0,\"publisher\":{\"@id\":\"https:\/\/jornalfatosenoticias.com.br\/#organization\"},\"image\":{\"@id\":\"https:\/\/jornalfatosenoticias.com.br\/index.php\/2021\/09\/17\/senado-aprova-prorrogacao-de-medidas-excepcionais-na-educacao\/#primaryimage\"},\"thumbnailUrl\":\"https:\/\/jornalfatosenoticias.com.br\/wp-content\/uploads\/2021\/09\/medidas-excepcionais-na-educacao.jpg\",\"keywords\":[\"ano letivo\",\"coronav\u00edrus\",\"covid-19\",\"ensino\",\"isolamento social\",\"normas excepcionais\",\"pandemia\",\"Senado\"],\"articleSection\":[\"Educa\u00e7\u00e3o\",\"Pol\u00edtica\"],\"inLanguage\":\"pt-BR\",\"potentialAction\":[{\"@type\":\"CommentAction\",\"name\":\"Comment\",\"target\":[\"https:\/\/jornalfatosenoticias.com.br\/index.php\/2021\/09\/17\/senado-aprova-prorrogacao-de-medidas-excepcionais-na-educacao\/#respond\"]}]},{\"@type\":\"WebPage\",\"@id\":\"https:\/\/jornalfatosenoticias.com.br\/index.php\/2021\/09\/17\/senado-aprova-prorrogacao-de-medidas-excepcionais-na-educacao\/\",\"url\":\"https:\/\/jornalfatosenoticias.com.br\/index.php\/2021\/09\/17\/senado-aprova-prorrogacao-de-medidas-excepcionais-na-educacao\/\",\"name\":\"Senado aprova prorroga\u00e7\u00e3o de medidas excepcionais na educa\u00e7\u00e3o - Jornal Fatos e Not\u00edcias\",\"isPartOf\":{\"@id\":\"https:\/\/jornalfatosenoticias.com.br\/#website\"},\"primaryImageOfPage\":{\"@id\":\"https:\/\/jornalfatosenoticias.com.br\/index.php\/2021\/09\/17\/senado-aprova-prorrogacao-de-medidas-excepcionais-na-educacao\/#primaryimage\"},\"image\":{\"@id\":\"https:\/\/jornalfatosenoticias.com.br\/index.php\/2021\/09\/17\/senado-aprova-prorrogacao-de-medidas-excepcionais-na-educacao\/#primaryimage\"},\"thumbnailUrl\":\"https:\/\/jornalfatosenoticias.com.br\/wp-content\/uploads\/2021\/09\/medidas-excepcionais-na-educacao.jpg\",\"datePublished\":\"2021-09-17T13:31:34+00:00\",\"dateModified\":\"2021-09-17T13:31:44+00:00\",\"breadcrumb\":{\"@id\":\"https:\/\/jornalfatosenoticias.com.br\/index.php\/2021\/09\/17\/senado-aprova-prorrogacao-de-medidas-excepcionais-na-educacao\/#breadcrumb\"},\"inLanguage\":\"pt-BR\",\"potentialAction\":[{\"@type\":\"ReadAction\",\"target\":[\"https:\/\/jornalfatosenoticias.com.br\/index.php\/2021\/09\/17\/senado-aprova-prorrogacao-de-medidas-excepcionais-na-educacao\/\"]}]},{\"@type\":\"ImageObject\",\"inLanguage\":\"pt-BR\",\"@id\":\"https:\/\/jornalfatosenoticias.com.br\/index.php\/2021\/09\/17\/senado-aprova-prorrogacao-de-medidas-excepcionais-na-educacao\/#primaryimage\",\"url\":\"https:\/\/jornalfatosenoticias.com.br\/wp-content\/uploads\/2021\/09\/medidas-excepcionais-na-educacao.jpg\",\"contentUrl\":\"https:\/\/jornalfatosenoticias.com.br\/wp-content\/uploads\/2021\/09\/medidas-excepcionais-na-educacao.jpg\",\"width\":1000,\"height\":598,\"caption\":\"Crian\u00e7a levanta a m\u00e3o ao lado de outros alunos em sala de aula da escola Thomaz Rodrigues Alckmin, no primeiro dia de retorno das escolas do estado de S\u00e3o Paulo para atividades extracurriculares em meio ao surto de coronav\u00edrus (COVID-19) em S\u00e3o Paulo, Brasil Outubro 7, 2020. REUTERS \/ Amanda Perobelli\"},{\"@type\":\"BreadcrumbList\",\"@id\":\"https:\/\/jornalfatosenoticias.com.br\/index.php\/2021\/09\/17\/senado-aprova-prorrogacao-de-medidas-excepcionais-na-educacao\/#breadcrumb\",\"itemListElement\":[{\"@type\":\"ListItem\",\"position\":1,\"name\":\"In\u00edcio\",\"item\":\"https:\/\/jornalfatosenoticias.com.br\/\"},{\"@type\":\"ListItem\",\"position\":2,\"name\":\"Senado aprova prorroga\u00e7\u00e3o de medidas excepcionais na educa\u00e7\u00e3o\"}]},{\"@type\":\"WebSite\",\"@id\":\"https:\/\/jornalfatosenoticias.com.br\/#website\",\"url\":\"https:\/\/jornalfatosenoticias.com.br\/\",\"name\":\"Jornal Fatos e Not\u00edcias\",\"description\":\"Not\u00edcias em geral\",\"publisher\":{\"@id\":\"https:\/\/jornalfatosenoticias.com.br\/#organization\"},\"potentialAction\":[{\"@type\":\"SearchAction\",\"target\":{\"@type\":\"EntryPoint\",\"urlTemplate\":\"https:\/\/jornalfatosenoticias.com.br\/?s={search_term_string}\"},\"query-input\":{\"@type\":\"PropertyValueSpecification\",\"valueRequired\":true,\"valueName\":\"search_term_string\"}}],\"inLanguage\":\"pt-BR\"},{\"@type\":\"Organization\",\"@id\":\"https:\/\/jornalfatosenoticias.com.br\/#organization\",\"name\":\"Jornal Fatos e Not\u00edcias\",\"url\":\"https:\/\/jornalfatosenoticias.com.br\/\",\"logo\":{\"@type\":\"ImageObject\",\"inLanguage\":\"pt-BR\",\"@id\":\"https:\/\/jornalfatosenoticias.com.br\/#\/schema\/logo\/image\/\",\"url\":\"https:\/\/jornalfatosenoticias.com.br\/wp-content\/uploads\/2020\/02\/logo120.png\",\"contentUrl\":\"https:\/\/jornalfatosenoticias.com.br\/wp-content\/uploads\/2020\/02\/logo120.png\",\"width\":1227,\"height\":120,\"caption\":\"Jornal Fatos e Not\u00edcias\"},\"image\":{\"@id\":\"https:\/\/jornalfatosenoticias.com.br\/#\/schema\/logo\/image\/\"}},{\"@type\":\"Person\",\"@id\":\"https:\/\/jornalfatosenoticias.com.br\/#\/schema\/person\/d63837fa13ac8666eb9e74e0985d6f81\",\"name\":\"Luzimara Fernandes\",\"image\":{\"@type\":\"ImageObject\",\"inLanguage\":\"pt-BR\",\"@id\":\"https:\/\/jornalfatosenoticias.com.br\/#\/schema\/person\/image\/\",\"url\":\"https:\/\/jornalfatosenoticias.com.br\/wp-content\/uploads\/2025\/05\/EU_portal.jpg\",\"contentUrl\":\"https:\/\/jornalfatosenoticias.com.br\/wp-content\/uploads\/2025\/05\/EU_portal.jpg\",\"caption\":\"Luzimara Fernandes\"},\"description\":\"Jornalista MTB 2358-ES\",\"sameAs\":[\"https:\/\/jornalfatosenoticias.com.br\"],\"url\":\"https:\/\/jornalfatosenoticias.com.br\/index.php\/author\/luzimara\/\"}]}<\/script>\n<!-- \/ Yoast SEO plugin. -->","yoast_head_json":{"title":"Senado aprova prorroga\u00e7\u00e3o de medidas excepcionais na educa\u00e7\u00e3o - Jornal Fatos e Not\u00edcias","robots":{"index":"index","follow":"follow","max-snippet":"max-snippet:-1","max-image-preview":"max-image-preview:large","max-video-preview":"max-video-preview:-1"},"canonical":"https:\/\/jornalfatosenoticias.com.br\/index.php\/2021\/09\/17\/senado-aprova-prorrogacao-de-medidas-excepcionais-na-educacao\/","og_locale":"pt_BR","og_type":"article","og_title":"Senado aprova prorroga\u00e7\u00e3o de medidas excepcionais na educa\u00e7\u00e3o - Jornal Fatos e Not\u00edcias","og_description":"Medidas valem at\u00e9 o fim do ano O Senado aprovou, ontem (16), o projeto de lei (PL) que amplia para at\u00e9 o fim do ano letivo deste ano as normas excepcionais na \u00e1rea de educa\u00e7\u00e3o previstas durante a pandemia. O texto, de autoria da deputada Professora Dorinha (DEM-TO) j\u00e1 havia passado pela C\u00e2mara dos Deputados [&hellip;]","og_url":"https:\/\/jornalfatosenoticias.com.br\/index.php\/2021\/09\/17\/senado-aprova-prorrogacao-de-medidas-excepcionais-na-educacao\/","og_site_name":"Jornal Fatos e Not\u00edcias","article_published_time":"2021-09-17T13:31:34+00:00","article_modified_time":"2021-09-17T13:31:44+00:00","og_image":[{"width":1000,"height":598,"url":"https:\/\/jornalfatosenoticias.com.br\/wp-content\/uploads\/2021\/09\/medidas-excepcionais-na-educacao.jpg","type":"image\/jpeg"}],"author":"Luzimara Fernandes","twitter_card":"summary_large_image","twitter_misc":{"Escrito por":"Luzimara Fernandes","Est. tempo de leitura":"2 minutos"},"schema":{"@context":"https:\/\/schema.org","@graph":[{"@type":"Article","@id":"https:\/\/jornalfatosenoticias.com.br\/index.php\/2021\/09\/17\/senado-aprova-prorrogacao-de-medidas-excepcionais-na-educacao\/#article","isPartOf":{"@id":"https:\/\/jornalfatosenoticias.com.br\/index.php\/2021\/09\/17\/senado-aprova-prorrogacao-de-medidas-excepcionais-na-educacao\/"},"author":{"name":"Luzimara Fernandes","@id":"https:\/\/jornalfatosenoticias.com.br\/#\/schema\/person\/d63837fa13ac8666eb9e74e0985d6f81"},"headline":"Senado aprova prorroga\u00e7\u00e3o de medidas excepcionais na educa\u00e7\u00e3o","datePublished":"2021-09-17T13:31:34+00:00","dateModified":"2021-09-17T13:31:44+00:00","mainEntityOfPage":{"@id":"https:\/\/jornalfatosenoticias.com.br\/index.php\/2021\/09\/17\/senado-aprova-prorrogacao-de-medidas-excepcionais-na-educacao\/"},"wordCount":357,"commentCount":0,"publisher":{"@id":"https:\/\/jornalfatosenoticias.com.br\/#organization"},"image":{"@id":"https:\/\/jornalfatosenoticias.com.br\/index.php\/2021\/09\/17\/senado-aprova-prorrogacao-de-medidas-excepcionais-na-educacao\/#primaryimage"},"thumbnailUrl":"https:\/\/jornalfatosenoticias.com.br\/wp-content\/uploads\/2021\/09\/medidas-excepcionais-na-educacao.jpg","keywords":["ano letivo","coronav\u00edrus","covid-19","ensino","isolamento social","normas excepcionais","pandemia","Senado"],"articleSection":["Educa\u00e7\u00e3o","Pol\u00edtica"],"inLanguage":"pt-BR","potentialAction":[{"@type":"CommentAction","name":"Comment","target":["https:\/\/jornalfatosenoticias.com.br\/index.php\/2021\/09\/17\/senado-aprova-prorrogacao-de-medidas-excepcionais-na-educacao\/#respond"]}]},{"@type":"WebPage","@id":"https:\/\/jornalfatosenoticias.com.br\/index.php\/2021\/09\/17\/senado-aprova-prorrogacao-de-medidas-excepcionais-na-educacao\/","url":"https:\/\/jornalfatosenoticias.com.br\/index.php\/2021\/09\/17\/senado-aprova-prorrogacao-de-medidas-excepcionais-na-educacao\/","name":"Senado aprova prorroga\u00e7\u00e3o de medidas excepcionais na educa\u00e7\u00e3o - Jornal Fatos e Not\u00edcias","isPartOf":{"@id":"https:\/\/jornalfatosenoticias.com.br\/#website"},"primaryImageOfPage":{"@id":"https:\/\/jornalfatosenoticias.com.br\/index.php\/2021\/09\/17\/senado-aprova-prorrogacao-de-medidas-excepcionais-na-educacao\/#primaryimage"},"image":{"@id":"https:\/\/jornalfatosenoticias.com.br\/index.php\/2021\/09\/17\/senado-aprova-prorrogacao-de-medidas-excepcionais-na-educacao\/#primaryimage"},"thumbnailUrl":"https:\/\/jornalfatosenoticias.com.br\/wp-content\/uploads\/2021\/09\/medidas-excepcionais-na-educacao.jpg","datePublished":"2021-09-17T13:31:34+00:00","dateModified":"2021-09-17T13:31:44+00:00","breadcrumb":{"@id":"https:\/\/jornalfatosenoticias.com.br\/index.php\/2021\/09\/17\/senado-aprova-prorrogacao-de-medidas-excepcionais-na-educacao\/#breadcrumb"},"inLanguage":"pt-BR","potentialAction":[{"@type":"ReadAction","target":["https:\/\/jornalfatosenoticias.com.br\/index.php\/2021\/09\/17\/senado-aprova-prorrogacao-de-medidas-excepcionais-na-educacao\/"]}]},{"@type":"ImageObject","inLanguage":"pt-BR","@id":"https:\/\/jornalfatosenoticias.com.br\/index.php\/2021\/09\/17\/senado-aprova-prorrogacao-de-medidas-excepcionais-na-educacao\/#primaryimage","url":"https:\/\/jornalfatosenoticias.com.br\/wp-content\/uploads\/2021\/09\/medidas-excepcionais-na-educacao.jpg","contentUrl":"https:\/\/jornalfatosenoticias.com.br\/wp-content\/uploads\/2021\/09\/medidas-excepcionais-na-educacao.jpg","width":1000,"height":598,"caption":"Crian\u00e7a levanta a m\u00e3o ao lado de outros alunos em sala de aula da escola Thomaz Rodrigues Alckmin, no primeiro dia de retorno das escolas do estado de S\u00e3o Paulo para atividades extracurriculares em meio ao surto de coronav\u00edrus (COVID-19) em S\u00e3o Paulo, Brasil Outubro 7, 2020. REUTERS \/ Amanda Perobelli"},{"@type":"BreadcrumbList","@id":"https:\/\/jornalfatosenoticias.com.br\/index.php\/2021\/09\/17\/senado-aprova-prorrogacao-de-medidas-excepcionais-na-educacao\/#breadcrumb","itemListElement":[{"@type":"ListItem","position":1,"name":"In\u00edcio","item":"https:\/\/jornalfatosenoticias.com.br\/"},{"@type":"ListItem","position":2,"name":"Senado aprova prorroga\u00e7\u00e3o de medidas excepcionais na educa\u00e7\u00e3o"}]},{"@type":"WebSite","@id":"https:\/\/jornalfatosenoticias.com.br\/#website","url":"https:\/\/jornalfatosenoticias.com.br\/","name":"Jornal Fatos e Not\u00edcias","description":"Not\u00edcias em geral","publisher":{"@id":"https:\/\/jornalfatosenoticias.com.br\/#organization"},"potentialAction":[{"@type":"SearchAction","target":{"@type":"EntryPoint","urlTemplate":"https:\/\/jornalfatosenoticias.com.br\/?s={search_term_string}"},"query-input":{"@type":"PropertyValueSpecification","valueRequired":true,"valueName":"search_term_string"}}],"inLanguage":"pt-BR"},{"@type":"Organization","@id":"https:\/\/jornalfatosenoticias.com.br\/#organization","name":"Jornal Fatos e Not\u00edcias","url":"https:\/\/jornalfatosenoticias.com.br\/","logo":{"@type":"ImageObject","inLanguage":"pt-BR","@id":"https:\/\/jornalfatosenoticias.com.br\/#\/schema\/logo\/image\/","url":"https:\/\/jornalfatosenoticias.com.br\/wp-content\/uploads\/2020\/02\/logo120.png","contentUrl":"https:\/\/jornalfatosenoticias.com.br\/wp-content\/uploads\/2020\/02\/logo120.png","width":1227,"height":120,"caption":"Jornal Fatos e Not\u00edcias"},"image":{"@id":"https:\/\/jornalfatosenoticias.com.br\/#\/schema\/logo\/image\/"}},{"@type":"Person","@id":"https:\/\/jornalfatosenoticias.com.br\/#\/schema\/person\/d63837fa13ac8666eb9e74e0985d6f81","name":"Luzimara Fernandes","image":{"@type":"ImageObject","inLanguage":"pt-BR","@id":"https:\/\/jornalfatosenoticias.com.br\/#\/schema\/person\/image\/","url":"https:\/\/jornalfatosenoticias.com.br\/wp-content\/uploads\/2025\/05\/EU_portal.jpg","contentUrl":"https:\/\/jornalfatosenoticias.com.br\/wp-content\/uploads\/2025\/05\/EU_portal.jpg","caption":"Luzimara Fernandes"},"description":"Jornalista MTB 2358-ES","sameAs":["https:\/\/jornalfatosenoticias.com.br"],"url":"https:\/\/jornalfatosenoticias.com.br\/index.php\/author\/luzimara\/"}]}},"cc_featured_image_caption":{"caption_text":"","source_text":"","source_url":""},"jetpack_featured_media_url":"https:\/\/jornalfatosenoticias.com.br\/wp-content\/uploads\/2021\/09\/medidas-excepcionais-na-educacao.jpg","_links":{"self":[{"href":"https:\/\/jornalfatosenoticias.com.br\/index.php\/wp-json\/wp\/v2\/posts\/22966","targetHints":{"allow":["GET"]}}],"collection":[{"href":"https:\/\/jornalfatosenoticias.com.br\/index.php\/wp-json\/wp\/v2\/posts"}],"about":[{"href":"https:\/\/jornalfatosenoticias.com.br\/index.php\/wp-json\/wp\/v2\/types\/post"}],"author":[{"embeddable":true,"href":"https:\/\/jornalfatosenoticias.com.br\/index.php\/wp-json\/wp\/v2\/users\/2"}],"replies":[{"embeddable":true,"href":"https:\/\/jornalfatosenoticias.com.br\/index.php\/wp-json\/wp\/v2\/comments?post=22966"}],"version-history":[{"count":0,"href":"https:\/\/jornalfatosenoticias.com.br\/index.php\/wp-json\/wp\/v2\/posts\/22966\/revisions"}],"wp:featuredmedia":[{"embeddable":true,"href":"https:\/\/jornalfatosenoticias.com.br\/index.php\/wp-json\/wp\/v2\/media\/22967"}],"wp:attachment":[{"href":"https:\/\/jornalfatosenoticias.com.br\/index.php\/wp-json\/wp\/v2\/media?parent=22966"}],"wp:term":[{"taxonomy":"category","embeddable":true,"href":"https:\/\/jornalfatosenoticias.com.br\/index.php\/wp-json\/wp\/v2\/categories?post=22966"},{"taxonomy":"post_tag","embeddable":true,"href":"https:\/\/jornalfatosenoticias.com.br\/index.php\/wp-json\/wp\/v2\/tags?post=22966"}],"curies":[{"name":"wp","href":"https:\/\/api.w.org\/{rel}","templated":true}]}}