{"id":22970,"date":"2021-09-17T10:44:26","date_gmt":"2021-09-17T13:44:26","guid":{"rendered":"https:\/\/jornalfatosenoticias.com.br\/?p=22970"},"modified":"2021-09-17T10:44:30","modified_gmt":"2021-09-17T13:44:30","slug":"engenheiros-da-usp-criam-tecnologia-de-energia-eolica-inedita-no-brasil","status":"publish","type":"post","link":"https:\/\/jornalfatosenoticias.com.br\/index.php\/2021\/09\/17\/engenheiros-da-usp-criam-tecnologia-de-energia-eolica-inedita-no-brasil\/","title":{"rendered":"Engenheiros da USP criam tecnologia de energia e\u00f3lica in\u00e9dita no Brasil"},"content":{"rendered":"\n<p><em><span class=\"has-inline-color has-black-color\">A Airborne Wind Energy (AWE) tem potencial de ser mais barata, compacta e produzir mais energia que outras alternativas renov\u00e1veis<\/span><\/em><\/p>\n\n\n\n<p>Uma equipe de cientistas est\u00e1 desenvolvendo um prot\u00f3tipo de gerador de energia e\u00f3lica in\u00e9dito no Brasil, chamado Airborne Wind Energy (AWE). Os engenheiros Roberto Crepaldi e Leonardo Papais, formados na Escola Polit\u00e9cnica da USP, atuam desde junho de 2021 no projeto <a href=\"https:\/\/ufsckite.gitlab.io\/\" target=\"_blank\" rel=\"noreferrer noopener\">UFSCkite<\/a>, da Universidade Federal de Santa Catarina (UFSC), que pesquisa essa tecnologia desde 2012. Al\u00e9m dos dois, o projeto tamb\u00e9m conta com os professores Alexandre Trofino e Marcelo De Lellis, da pr\u00f3pria UFSC.<br>O equipamento \u00e9 composto de duas partes: uma unidade de solo e uma unidade de voo, que fica acoplada \u00e0 vela. As duas s\u00e3o conectadas por um cabo, que vai sendo puxado pela vela \u00e0 medida que ela \u00e9 propelida pelo vento. Guiada pelos motores da unidade de voo, ela voa em trajet\u00f3ria de oito at\u00e9 levar o cabo ao seu limite. Em seguida, \u00e9 puxada de volta e o ciclo se repete. Como a energia necess\u00e1ria pelo motor da unidade de solo para puxar o cabo \u00e9 s\u00f3 uma fra\u00e7\u00e3o da produzida, cada ciclo termina acumulando energia, explica Crepaldi.<\/p>\n\n\n\n<figure class=\"wp-block-image size-large is-style-default\"><img loading=\"lazy\" decoding=\"async\" width=\"1000\" height=\"367\" src=\"https:\/\/jornalfatosenoticias.com.br\/wp-content\/uploads\/2021\/09\/turbinas-eolicas2.jpg\" alt=\"\" class=\"wp-image-22971\" srcset=\"https:\/\/jornalfatosenoticias.com.br\/wp-content\/uploads\/2021\/09\/turbinas-eolicas2.jpg 1000w, https:\/\/jornalfatosenoticias.com.br\/wp-content\/uploads\/2021\/09\/turbinas-eolicas2-300x110.jpg 300w, https:\/\/jornalfatosenoticias.com.br\/wp-content\/uploads\/2021\/09\/turbinas-eolicas2-768x282.jpg 768w\" sizes=\"auto, (max-width: 1000px) 100vw, 1000px\" \/><figcaption><em><span class=\"has-inline-color has-black-color\">Da esquerda para a direita: unidade de voo e unidade de solo (Foto: Roberto Crepaldi)<\/span><\/em><\/figcaption><\/figure>\n\n\n\n<p>Seus principais diferenciais em rela\u00e7\u00e3o \u00e0s turbinas e\u00f3licas convencionais s\u00e3o que usa s\u00f3 uma fra\u00e7\u00e3o dos materiais e consegue alcan\u00e7ar altitudes onde o vento \u00e9 mais forte e consistente (enquanto a altura m\u00e9dia de uma turbina e\u00f3lica \u00e9 de 120 metros, o kite alcan\u00e7a entre 600 e 800 metros). Al\u00e9m disso, \u00e9 muito menor e pode ser facilmente transportado. Mais barato, mais poderoso e menos espa\u00e7oso.<br>Vers\u00f5es mais avan\u00e7adas dessa tecnologia j\u00e1 est\u00e3o sendo testadas por empresas europeias, como a <a href=\"https:\/\/thekitepower.com\/\" target=\"_blank\" rel=\"noreferrer noopener\">Kitepower<\/a>\u00a0e a\u00a0<a href=\"https:\/\/skysails-power.com\/\" target=\"_blank\" rel=\"noreferrer noopener\">Skysails Power<\/a>, com as quais Roberto e Leonardo tiveram reuni\u00f5es durante avalia\u00e7\u00f5es pr\u00e9vias da viabilidade de trazer a AWE para o Brasil.<br>O grupo de cientistas pretende ter um prot\u00f3tipo funcional at\u00e9 o fim do ano, com o qual buscam conseguir investimento para iniciar uma empresa, expandir os testes e futuramente produzir um modelo comercializ\u00e1vel. As especificidades da transi\u00e7\u00e3o do projeto da universidade, onde nasceu, para iniciativa privada ainda ser\u00e3o tratadas com a UFSC oportunamente, afirma Crepaldi.<\/p>\n\n\n\n<p><strong>Mais informa\u00e7\u00f5es podem ser obtidas com Roberto Crepaldi, pelo e-mail\u00a0<a href=\"mailto:rscrepaldi@gmail.com\" target=\"_blank\" rel=\"noreferrer noopener\">rscrepaldi@gmail.com<\/a>, e no Instagram @awebrasil8.<\/strong><\/p>\n\n\n\n<p><strong><em>Fonte: <a href=\"https:\/\/ciclovivo.com.br\/planeta\/energia\/engenheiros-da-usp-criam-tecnologia-de-energia-eolica-inedita-no-brasil\/\">CicloVivo<\/a><\/em><\/strong><\/p>\n","protected":false},"excerpt":{"rendered":"<p>A Airborne Wind Energy (AWE) tem potencial de ser mais barata, compacta e produzir mais energia que outras alternativas renov\u00e1veis Uma equipe de cientistas est\u00e1 desenvolvendo um prot\u00f3tipo de gerador de energia e\u00f3lica in\u00e9dito no Brasil, chamado Airborne Wind Energy (AWE). Os engenheiros Roberto Crepaldi e Leonardo Papais, formados na Escola Polit\u00e9cnica da USP, atuam [&hellip;]<\/p>\n","protected":false},"author":2,"featured_media":22972,"comment_status":"open","ping_status":"open","sticky":false,"template":"","format":"standard","meta":{"footnotes":""},"categories":[3],"tags":[11211,11210,11212,1093,9482],"class_list":["post-22970","post","type-post","status-publish","format-standard","has-post-thumbnail","hentry","category-tecnologia","tag-airborne-wind-energy","tag-alternativas-renovaveis","tag-gerador-de-energia-eolica","tag-turbinas-eolicas","tag-ufscar"],"yoast_head":"<!-- This site is optimized with the Yoast SEO plugin v26.5 - https:\/\/yoast.com\/wordpress\/plugins\/seo\/ -->\n<title>Engenheiros da USP criam tecnologia de energia e\u00f3lica in\u00e9dita no Brasil - Jornal Fatos e Not\u00edcias<\/title>\n<meta name=\"robots\" content=\"index, follow, max-snippet:-1, max-image-preview:large, max-video-preview:-1\" \/>\n<link rel=\"canonical\" href=\"https:\/\/jornalfatosenoticias.com.br\/index.php\/2021\/09\/17\/engenheiros-da-usp-criam-tecnologia-de-energia-eolica-inedita-no-brasil\/\" \/>\n<meta property=\"og:locale\" content=\"pt_BR\" \/>\n<meta property=\"og:type\" content=\"article\" \/>\n<meta property=\"og:title\" content=\"Engenheiros da USP criam tecnologia de energia e\u00f3lica in\u00e9dita no Brasil - Jornal Fatos e Not\u00edcias\" \/>\n<meta property=\"og:description\" content=\"A Airborne Wind Energy (AWE) tem potencial de ser mais barata, compacta e produzir mais energia que outras alternativas renov\u00e1veis Uma equipe de cientistas est\u00e1 desenvolvendo um prot\u00f3tipo de gerador de energia e\u00f3lica in\u00e9dito no Brasil, chamado Airborne Wind Energy (AWE). Os engenheiros Roberto Crepaldi e Leonardo Papais, formados na Escola Polit\u00e9cnica da USP, atuam [&hellip;]\" \/>\n<meta property=\"og:url\" content=\"https:\/\/jornalfatosenoticias.com.br\/index.php\/2021\/09\/17\/engenheiros-da-usp-criam-tecnologia-de-energia-eolica-inedita-no-brasil\/\" \/>\n<meta property=\"og:site_name\" content=\"Jornal Fatos e Not\u00edcias\" \/>\n<meta property=\"article:published_time\" content=\"2021-09-17T13:44:26+00:00\" \/>\n<meta property=\"article:modified_time\" content=\"2021-09-17T13:44:30+00:00\" \/>\n<meta property=\"og:image\" content=\"https:\/\/jornalfatosenoticias.com.br\/wp-content\/uploads\/2021\/09\/iStock-turbinas-eolicas.jpg\" \/>\n\t<meta property=\"og:image:width\" content=\"1000\" \/>\n\t<meta property=\"og:image:height\" content=\"562\" \/>\n\t<meta property=\"og:image:type\" content=\"image\/jpeg\" \/>\n<meta name=\"author\" content=\"Luzimara Fernandes\" \/>\n<meta name=\"twitter:card\" content=\"summary_large_image\" \/>\n<meta name=\"twitter:label1\" content=\"Escrito por\" \/>\n\t<meta name=\"twitter:data1\" content=\"Luzimara Fernandes\" \/>\n\t<meta name=\"twitter:label2\" content=\"Est. tempo de leitura\" \/>\n\t<meta name=\"twitter:data2\" content=\"2 minutos\" \/>\n<script type=\"application\/ld+json\" class=\"yoast-schema-graph\">{\"@context\":\"https:\/\/schema.org\",\"@graph\":[{\"@type\":\"Article\",\"@id\":\"https:\/\/jornalfatosenoticias.com.br\/index.php\/2021\/09\/17\/engenheiros-da-usp-criam-tecnologia-de-energia-eolica-inedita-no-brasil\/#article\",\"isPartOf\":{\"@id\":\"https:\/\/jornalfatosenoticias.com.br\/index.php\/2021\/09\/17\/engenheiros-da-usp-criam-tecnologia-de-energia-eolica-inedita-no-brasil\/\"},\"author\":{\"name\":\"Luzimara Fernandes\",\"@id\":\"https:\/\/jornalfatosenoticias.com.br\/#\/schema\/person\/d63837fa13ac8666eb9e74e0985d6f81\"},\"headline\":\"Engenheiros da USP criam tecnologia de energia e\u00f3lica in\u00e9dita no Brasil\",\"datePublished\":\"2021-09-17T13:44:26+00:00\",\"dateModified\":\"2021-09-17T13:44:30+00:00\",\"mainEntityOfPage\":{\"@id\":\"https:\/\/jornalfatosenoticias.com.br\/index.php\/2021\/09\/17\/engenheiros-da-usp-criam-tecnologia-de-energia-eolica-inedita-no-brasil\/\"},\"wordCount\":420,\"commentCount\":0,\"publisher\":{\"@id\":\"https:\/\/jornalfatosenoticias.com.br\/#organization\"},\"image\":{\"@id\":\"https:\/\/jornalfatosenoticias.com.br\/index.php\/2021\/09\/17\/engenheiros-da-usp-criam-tecnologia-de-energia-eolica-inedita-no-brasil\/#primaryimage\"},\"thumbnailUrl\":\"https:\/\/jornalfatosenoticias.com.br\/wp-content\/uploads\/2021\/09\/iStock-turbinas-eolicas.jpg\",\"keywords\":[\"Airborne Wind Energy\",\"alternativas renov\u00e1veis\",\"gerador de energia e\u00f3lica\",\"turbinas e\u00f3licas\",\"UFScar\"],\"articleSection\":[\"Tecnologia &amp; Inova\u00e7\u00e3o\"],\"inLanguage\":\"pt-BR\",\"potentialAction\":[{\"@type\":\"CommentAction\",\"name\":\"Comment\",\"target\":[\"https:\/\/jornalfatosenoticias.com.br\/index.php\/2021\/09\/17\/engenheiros-da-usp-criam-tecnologia-de-energia-eolica-inedita-no-brasil\/#respond\"]}]},{\"@type\":\"WebPage\",\"@id\":\"https:\/\/jornalfatosenoticias.com.br\/index.php\/2021\/09\/17\/engenheiros-da-usp-criam-tecnologia-de-energia-eolica-inedita-no-brasil\/\",\"url\":\"https:\/\/jornalfatosenoticias.com.br\/index.php\/2021\/09\/17\/engenheiros-da-usp-criam-tecnologia-de-energia-eolica-inedita-no-brasil\/\",\"name\":\"Engenheiros da USP criam tecnologia de energia e\u00f3lica in\u00e9dita no Brasil - Jornal Fatos e Not\u00edcias\",\"isPartOf\":{\"@id\":\"https:\/\/jornalfatosenoticias.com.br\/#website\"},\"primaryImageOfPage\":{\"@id\":\"https:\/\/jornalfatosenoticias.com.br\/index.php\/2021\/09\/17\/engenheiros-da-usp-criam-tecnologia-de-energia-eolica-inedita-no-brasil\/#primaryimage\"},\"image\":{\"@id\":\"https:\/\/jornalfatosenoticias.com.br\/index.php\/2021\/09\/17\/engenheiros-da-usp-criam-tecnologia-de-energia-eolica-inedita-no-brasil\/#primaryimage\"},\"thumbnailUrl\":\"https:\/\/jornalfatosenoticias.com.br\/wp-content\/uploads\/2021\/09\/iStock-turbinas-eolicas.jpg\",\"datePublished\":\"2021-09-17T13:44:26+00:00\",\"dateModified\":\"2021-09-17T13:44:30+00:00\",\"breadcrumb\":{\"@id\":\"https:\/\/jornalfatosenoticias.com.br\/index.php\/2021\/09\/17\/engenheiros-da-usp-criam-tecnologia-de-energia-eolica-inedita-no-brasil\/#breadcrumb\"},\"inLanguage\":\"pt-BR\",\"potentialAction\":[{\"@type\":\"ReadAction\",\"target\":[\"https:\/\/jornalfatosenoticias.com.br\/index.php\/2021\/09\/17\/engenheiros-da-usp-criam-tecnologia-de-energia-eolica-inedita-no-brasil\/\"]}]},{\"@type\":\"ImageObject\",\"inLanguage\":\"pt-BR\",\"@id\":\"https:\/\/jornalfatosenoticias.com.br\/index.php\/2021\/09\/17\/engenheiros-da-usp-criam-tecnologia-de-energia-eolica-inedita-no-brasil\/#primaryimage\",\"url\":\"https:\/\/jornalfatosenoticias.com.br\/wp-content\/uploads\/2021\/09\/iStock-turbinas-eolicas.jpg\",\"contentUrl\":\"https:\/\/jornalfatosenoticias.com.br\/wp-content\/uploads\/2021\/09\/iStock-turbinas-eolicas.jpg\",\"width\":1000,\"height\":562,\"caption\":\"Eolic Generator with Clipping Path Isolated on clean sky\"},{\"@type\":\"BreadcrumbList\",\"@id\":\"https:\/\/jornalfatosenoticias.com.br\/index.php\/2021\/09\/17\/engenheiros-da-usp-criam-tecnologia-de-energia-eolica-inedita-no-brasil\/#breadcrumb\",\"itemListElement\":[{\"@type\":\"ListItem\",\"position\":1,\"name\":\"In\u00edcio\",\"item\":\"https:\/\/jornalfatosenoticias.com.br\/\"},{\"@type\":\"ListItem\",\"position\":2,\"name\":\"Engenheiros da USP criam tecnologia de energia e\u00f3lica in\u00e9dita no Brasil\"}]},{\"@type\":\"WebSite\",\"@id\":\"https:\/\/jornalfatosenoticias.com.br\/#website\",\"url\":\"https:\/\/jornalfatosenoticias.com.br\/\",\"name\":\"Jornal Fatos e Not\u00edcias\",\"description\":\"Not\u00edcias em geral\",\"publisher\":{\"@id\":\"https:\/\/jornalfatosenoticias.com.br\/#organization\"},\"potentialAction\":[{\"@type\":\"SearchAction\",\"target\":{\"@type\":\"EntryPoint\",\"urlTemplate\":\"https:\/\/jornalfatosenoticias.com.br\/?s={search_term_string}\"},\"query-input\":{\"@type\":\"PropertyValueSpecification\",\"valueRequired\":true,\"valueName\":\"search_term_string\"}}],\"inLanguage\":\"pt-BR\"},{\"@type\":\"Organization\",\"@id\":\"https:\/\/jornalfatosenoticias.com.br\/#organization\",\"name\":\"Jornal Fatos e Not\u00edcias\",\"url\":\"https:\/\/jornalfatosenoticias.com.br\/\",\"logo\":{\"@type\":\"ImageObject\",\"inLanguage\":\"pt-BR\",\"@id\":\"https:\/\/jornalfatosenoticias.com.br\/#\/schema\/logo\/image\/\",\"url\":\"https:\/\/jornalfatosenoticias.com.br\/wp-content\/uploads\/2020\/02\/logo120.png\",\"contentUrl\":\"https:\/\/jornalfatosenoticias.com.br\/wp-content\/uploads\/2020\/02\/logo120.png\",\"width\":1227,\"height\":120,\"caption\":\"Jornal Fatos e Not\u00edcias\"},\"image\":{\"@id\":\"https:\/\/jornalfatosenoticias.com.br\/#\/schema\/logo\/image\/\"}},{\"@type\":\"Person\",\"@id\":\"https:\/\/jornalfatosenoticias.com.br\/#\/schema\/person\/d63837fa13ac8666eb9e74e0985d6f81\",\"name\":\"Luzimara Fernandes\",\"image\":{\"@type\":\"ImageObject\",\"inLanguage\":\"pt-BR\",\"@id\":\"https:\/\/jornalfatosenoticias.com.br\/#\/schema\/person\/image\/\",\"url\":\"https:\/\/jornalfatosenoticias.com.br\/wp-content\/uploads\/2025\/05\/EU_portal.jpg\",\"contentUrl\":\"https:\/\/jornalfatosenoticias.com.br\/wp-content\/uploads\/2025\/05\/EU_portal.jpg\",\"caption\":\"Luzimara Fernandes\"},\"description\":\"Jornalista MTB 2358-ES\",\"sameAs\":[\"https:\/\/jornalfatosenoticias.com.br\"],\"url\":\"https:\/\/jornalfatosenoticias.com.br\/index.php\/author\/luzimara\/\"}]}<\/script>\n<!-- \/ Yoast SEO plugin. -->","yoast_head_json":{"title":"Engenheiros da USP criam tecnologia de energia e\u00f3lica in\u00e9dita no Brasil - Jornal Fatos e Not\u00edcias","robots":{"index":"index","follow":"follow","max-snippet":"max-snippet:-1","max-image-preview":"max-image-preview:large","max-video-preview":"max-video-preview:-1"},"canonical":"https:\/\/jornalfatosenoticias.com.br\/index.php\/2021\/09\/17\/engenheiros-da-usp-criam-tecnologia-de-energia-eolica-inedita-no-brasil\/","og_locale":"pt_BR","og_type":"article","og_title":"Engenheiros da USP criam tecnologia de energia e\u00f3lica in\u00e9dita no Brasil - Jornal Fatos e Not\u00edcias","og_description":"A Airborne Wind Energy (AWE) tem potencial de ser mais barata, compacta e produzir mais energia que outras alternativas renov\u00e1veis Uma equipe de cientistas est\u00e1 desenvolvendo um prot\u00f3tipo de gerador de energia e\u00f3lica in\u00e9dito no Brasil, chamado Airborne Wind Energy (AWE). Os engenheiros Roberto Crepaldi e Leonardo Papais, formados na Escola Polit\u00e9cnica da USP, atuam [&hellip;]","og_url":"https:\/\/jornalfatosenoticias.com.br\/index.php\/2021\/09\/17\/engenheiros-da-usp-criam-tecnologia-de-energia-eolica-inedita-no-brasil\/","og_site_name":"Jornal Fatos e Not\u00edcias","article_published_time":"2021-09-17T13:44:26+00:00","article_modified_time":"2021-09-17T13:44:30+00:00","og_image":[{"width":1000,"height":562,"url":"https:\/\/jornalfatosenoticias.com.br\/wp-content\/uploads\/2021\/09\/iStock-turbinas-eolicas.jpg","type":"image\/jpeg"}],"author":"Luzimara Fernandes","twitter_card":"summary_large_image","twitter_misc":{"Escrito por":"Luzimara Fernandes","Est. tempo de leitura":"2 minutos"},"schema":{"@context":"https:\/\/schema.org","@graph":[{"@type":"Article","@id":"https:\/\/jornalfatosenoticias.com.br\/index.php\/2021\/09\/17\/engenheiros-da-usp-criam-tecnologia-de-energia-eolica-inedita-no-brasil\/#article","isPartOf":{"@id":"https:\/\/jornalfatosenoticias.com.br\/index.php\/2021\/09\/17\/engenheiros-da-usp-criam-tecnologia-de-energia-eolica-inedita-no-brasil\/"},"author":{"name":"Luzimara Fernandes","@id":"https:\/\/jornalfatosenoticias.com.br\/#\/schema\/person\/d63837fa13ac8666eb9e74e0985d6f81"},"headline":"Engenheiros da USP criam tecnologia de energia e\u00f3lica in\u00e9dita no Brasil","datePublished":"2021-09-17T13:44:26+00:00","dateModified":"2021-09-17T13:44:30+00:00","mainEntityOfPage":{"@id":"https:\/\/jornalfatosenoticias.com.br\/index.php\/2021\/09\/17\/engenheiros-da-usp-criam-tecnologia-de-energia-eolica-inedita-no-brasil\/"},"wordCount":420,"commentCount":0,"publisher":{"@id":"https:\/\/jornalfatosenoticias.com.br\/#organization"},"image":{"@id":"https:\/\/jornalfatosenoticias.com.br\/index.php\/2021\/09\/17\/engenheiros-da-usp-criam-tecnologia-de-energia-eolica-inedita-no-brasil\/#primaryimage"},"thumbnailUrl":"https:\/\/jornalfatosenoticias.com.br\/wp-content\/uploads\/2021\/09\/iStock-turbinas-eolicas.jpg","keywords":["Airborne Wind Energy","alternativas renov\u00e1veis","gerador de energia e\u00f3lica","turbinas e\u00f3licas","UFScar"],"articleSection":["Tecnologia &amp; Inova\u00e7\u00e3o"],"inLanguage":"pt-BR","potentialAction":[{"@type":"CommentAction","name":"Comment","target":["https:\/\/jornalfatosenoticias.com.br\/index.php\/2021\/09\/17\/engenheiros-da-usp-criam-tecnologia-de-energia-eolica-inedita-no-brasil\/#respond"]}]},{"@type":"WebPage","@id":"https:\/\/jornalfatosenoticias.com.br\/index.php\/2021\/09\/17\/engenheiros-da-usp-criam-tecnologia-de-energia-eolica-inedita-no-brasil\/","url":"https:\/\/jornalfatosenoticias.com.br\/index.php\/2021\/09\/17\/engenheiros-da-usp-criam-tecnologia-de-energia-eolica-inedita-no-brasil\/","name":"Engenheiros da USP criam tecnologia de energia e\u00f3lica in\u00e9dita no Brasil - Jornal Fatos e Not\u00edcias","isPartOf":{"@id":"https:\/\/jornalfatosenoticias.com.br\/#website"},"primaryImageOfPage":{"@id":"https:\/\/jornalfatosenoticias.com.br\/index.php\/2021\/09\/17\/engenheiros-da-usp-criam-tecnologia-de-energia-eolica-inedita-no-brasil\/#primaryimage"},"image":{"@id":"https:\/\/jornalfatosenoticias.com.br\/index.php\/2021\/09\/17\/engenheiros-da-usp-criam-tecnologia-de-energia-eolica-inedita-no-brasil\/#primaryimage"},"thumbnailUrl":"https:\/\/jornalfatosenoticias.com.br\/wp-content\/uploads\/2021\/09\/iStock-turbinas-eolicas.jpg","datePublished":"2021-09-17T13:44:26+00:00","dateModified":"2021-09-17T13:44:30+00:00","breadcrumb":{"@id":"https:\/\/jornalfatosenoticias.com.br\/index.php\/2021\/09\/17\/engenheiros-da-usp-criam-tecnologia-de-energia-eolica-inedita-no-brasil\/#breadcrumb"},"inLanguage":"pt-BR","potentialAction":[{"@type":"ReadAction","target":["https:\/\/jornalfatosenoticias.com.br\/index.php\/2021\/09\/17\/engenheiros-da-usp-criam-tecnologia-de-energia-eolica-inedita-no-brasil\/"]}]},{"@type":"ImageObject","inLanguage":"pt-BR","@id":"https:\/\/jornalfatosenoticias.com.br\/index.php\/2021\/09\/17\/engenheiros-da-usp-criam-tecnologia-de-energia-eolica-inedita-no-brasil\/#primaryimage","url":"https:\/\/jornalfatosenoticias.com.br\/wp-content\/uploads\/2021\/09\/iStock-turbinas-eolicas.jpg","contentUrl":"https:\/\/jornalfatosenoticias.com.br\/wp-content\/uploads\/2021\/09\/iStock-turbinas-eolicas.jpg","width":1000,"height":562,"caption":"Eolic Generator with Clipping Path Isolated on clean sky"},{"@type":"BreadcrumbList","@id":"https:\/\/jornalfatosenoticias.com.br\/index.php\/2021\/09\/17\/engenheiros-da-usp-criam-tecnologia-de-energia-eolica-inedita-no-brasil\/#breadcrumb","itemListElement":[{"@type":"ListItem","position":1,"name":"In\u00edcio","item":"https:\/\/jornalfatosenoticias.com.br\/"},{"@type":"ListItem","position":2,"name":"Engenheiros da USP criam tecnologia de energia e\u00f3lica in\u00e9dita no Brasil"}]},{"@type":"WebSite","@id":"https:\/\/jornalfatosenoticias.com.br\/#website","url":"https:\/\/jornalfatosenoticias.com.br\/","name":"Jornal Fatos e Not\u00edcias","description":"Not\u00edcias em geral","publisher":{"@id":"https:\/\/jornalfatosenoticias.com.br\/#organization"},"potentialAction":[{"@type":"SearchAction","target":{"@type":"EntryPoint","urlTemplate":"https:\/\/jornalfatosenoticias.com.br\/?s={search_term_string}"},"query-input":{"@type":"PropertyValueSpecification","valueRequired":true,"valueName":"search_term_string"}}],"inLanguage":"pt-BR"},{"@type":"Organization","@id":"https:\/\/jornalfatosenoticias.com.br\/#organization","name":"Jornal Fatos e Not\u00edcias","url":"https:\/\/jornalfatosenoticias.com.br\/","logo":{"@type":"ImageObject","inLanguage":"pt-BR","@id":"https:\/\/jornalfatosenoticias.com.br\/#\/schema\/logo\/image\/","url":"https:\/\/jornalfatosenoticias.com.br\/wp-content\/uploads\/2020\/02\/logo120.png","contentUrl":"https:\/\/jornalfatosenoticias.com.br\/wp-content\/uploads\/2020\/02\/logo120.png","width":1227,"height":120,"caption":"Jornal Fatos e Not\u00edcias"},"image":{"@id":"https:\/\/jornalfatosenoticias.com.br\/#\/schema\/logo\/image\/"}},{"@type":"Person","@id":"https:\/\/jornalfatosenoticias.com.br\/#\/schema\/person\/d63837fa13ac8666eb9e74e0985d6f81","name":"Luzimara Fernandes","image":{"@type":"ImageObject","inLanguage":"pt-BR","@id":"https:\/\/jornalfatosenoticias.com.br\/#\/schema\/person\/image\/","url":"https:\/\/jornalfatosenoticias.com.br\/wp-content\/uploads\/2025\/05\/EU_portal.jpg","contentUrl":"https:\/\/jornalfatosenoticias.com.br\/wp-content\/uploads\/2025\/05\/EU_portal.jpg","caption":"Luzimara Fernandes"},"description":"Jornalista MTB 2358-ES","sameAs":["https:\/\/jornalfatosenoticias.com.br"],"url":"https:\/\/jornalfatosenoticias.com.br\/index.php\/author\/luzimara\/"}]}},"cc_featured_image_caption":{"caption_text":"(Foto: iStock) ","source_text":"","source_url":""},"jetpack_featured_media_url":"https:\/\/jornalfatosenoticias.com.br\/wp-content\/uploads\/2021\/09\/iStock-turbinas-eolicas.jpg","_links":{"self":[{"href":"https:\/\/jornalfatosenoticias.com.br\/index.php\/wp-json\/wp\/v2\/posts\/22970","targetHints":{"allow":["GET"]}}],"collection":[{"href":"https:\/\/jornalfatosenoticias.com.br\/index.php\/wp-json\/wp\/v2\/posts"}],"about":[{"href":"https:\/\/jornalfatosenoticias.com.br\/index.php\/wp-json\/wp\/v2\/types\/post"}],"author":[{"embeddable":true,"href":"https:\/\/jornalfatosenoticias.com.br\/index.php\/wp-json\/wp\/v2\/users\/2"}],"replies":[{"embeddable":true,"href":"https:\/\/jornalfatosenoticias.com.br\/index.php\/wp-json\/wp\/v2\/comments?post=22970"}],"version-history":[{"count":0,"href":"https:\/\/jornalfatosenoticias.com.br\/index.php\/wp-json\/wp\/v2\/posts\/22970\/revisions"}],"wp:featuredmedia":[{"embeddable":true,"href":"https:\/\/jornalfatosenoticias.com.br\/index.php\/wp-json\/wp\/v2\/media\/22972"}],"wp:attachment":[{"href":"https:\/\/jornalfatosenoticias.com.br\/index.php\/wp-json\/wp\/v2\/media?parent=22970"}],"wp:term":[{"taxonomy":"category","embeddable":true,"href":"https:\/\/jornalfatosenoticias.com.br\/index.php\/wp-json\/wp\/v2\/categories?post=22970"},{"taxonomy":"post_tag","embeddable":true,"href":"https:\/\/jornalfatosenoticias.com.br\/index.php\/wp-json\/wp\/v2\/tags?post=22970"}],"curies":[{"name":"wp","href":"https:\/\/api.w.org\/{rel}","templated":true}]}}