{"id":22974,"date":"2021-09-17T11:00:49","date_gmt":"2021-09-17T14:00:49","guid":{"rendered":"https:\/\/jornalfatosenoticias.com.br\/?p=22974"},"modified":"2021-09-17T11:00:52","modified_gmt":"2021-09-17T14:00:52","slug":"estudo-revela-quanto-se-exercitar-para-compensar-as-horas-sentado","status":"publish","type":"post","link":"https:\/\/jornalfatosenoticias.com.br\/index.php\/2021\/09\/17\/estudo-revela-quanto-se-exercitar-para-compensar-as-horas-sentado\/","title":{"rendered":"Estudo revela quanto se exercitar para compensar as horas sentado"},"content":{"rendered":"\n<p><em><span class=\"has-inline-color has-black-color\">Trabalha o dia inteiro sentado? Nova pesquisa indica o que voc\u00ea pode fazer para reduzir os danos<\/span><\/em><\/p>\n\n\n\n<p>Muitos empregos exigem horas a fio de trabalho sentado em frente ao computador. Com a pandemia e o aumento do home office, muitos trabalhadores passaram a ficar ainda mais tempo em casa: da cadeira do escrit\u00f3rio para o sof\u00e1, do sof\u00e1 para a cama. Um ciclo sedent\u00e1rio altamente prejudicial \u00e0 sa\u00fade. Mas, o que \u00e9 poss\u00edvel fazer para amenizar esta quest\u00e3o? Um novo estudo revela que \u00e9 poss\u00edvel \u201cneutralizar\u201d o tempo sentado com exerc\u00edcios f\u00edsicos.<br>Publicado no jornal acad\u00eamico <em><a href=\"https:\/\/bjsm.bmj.com\/content\/54\/24\/1499\" target=\"_blank\" rel=\"noreferrer noopener\">British Journal of Sports Medicine<\/a><\/em>, que cobre ci\u00eancia e medicina esportiva, o estudo aponta especificamente que \u00e9 preciso de 30 a 40 minutos de atividade f\u00edsica moderada a vigorosa. Incluir essa mudan\u00e7a na rotina pode prolongar a expectativa de vida.<br>A pesquisa buscou examinar a associa\u00e7\u00e3o entre atividade f\u00edsica, tempo sedent\u00e1rio e mortalidade. Para isso, realizou uma meta-an\u00e1lise de nove estudos anteriores de quatro pa\u00edses. Foram acompanhados 44.370 meninos e meninas, de quatro a 14 anos, sendo que 3.451 participantes morreram ao longo deste tempo.<br>Todos os indiv\u00edduos registraram suas atividades em rastreadores de condicionamento f\u00edsico, eliminando parte do risco de parcialidade ou erros por meio de autorrelato. Em todos os dados, a atividade moderada a vigorosa foi inversamente correlacionada com o risco de morte para aqueles que levaram uma vida mais sedent\u00e1ria. Ou seja, este \u00e9 mais um estudo que confirma que pessoas que se exercitam menos correm mais risco de morte.<\/p>\n\n\n\n<figure class=\"wp-block-image size-large is-resized is-style-default\"><img loading=\"lazy\" decoding=\"async\" src=\"https:\/\/jornalfatosenoticias.com.br\/wp-content\/uploads\/2021\/09\/exercicio-fisico-2.jpg\" alt=\"\" class=\"wp-image-22975\" width=\"706\" height=\"470\" srcset=\"https:\/\/jornalfatosenoticias.com.br\/wp-content\/uploads\/2021\/09\/exercicio-fisico-2.jpg 1000w, https:\/\/jornalfatosenoticias.com.br\/wp-content\/uploads\/2021\/09\/exercicio-fisico-2-300x200.jpg 300w, https:\/\/jornalfatosenoticias.com.br\/wp-content\/uploads\/2021\/09\/exercicio-fisico-2-768x512.jpg 768w\" sizes=\"auto, (max-width: 706px) 100vw, 706px\" \/><figcaption><em><span class=\"has-inline-color has-black-color\">(Foto: Minna Hamalainen\/Unsplash)<\/span><\/em><\/figcaption><\/figure>\n\n\n\n<blockquote class=\"wp-block-quote is-layout-flow wp-block-quote-is-layout-flow\"><p><span class=\"has-inline-color has-luminous-vivid-orange-color\">\u201cMaior tempo de sedentarismo est\u00e1 associado a maior mortalidade em indiv\u00edduos menos ativos. Cerca de 30 a 40 minutos por dia atenuam a associa\u00e7\u00e3o entre o tempo sedent\u00e1rio e o risco de morte, que \u00e9 menor do que as estimativas anteriores\u201d, conclui o estudo.<\/span><\/p><\/blockquote>\n\n\n\n<h4 class=\"wp-block-heading\"><span class=\"has-inline-color has-black-color\">Mais tempo em casa = mais sedentarismo<\/span><\/h4>\n\n\n\n<p>O home office eliminou uma parte importante do trabalho no escrit\u00f3rio: levantar para tomar um caf\u00e9, uma \u00e1gua e at\u00e9 bater papo com o colega. Entretanto, tem contribu\u00eddo para trabalhadores se manterem seguros em casa, em meio \u00e0 pandemia, sem perderem suas fontes de renda. De forma que a melhor alternativa \u00e9 buscar o equil\u00edbrio. Fazer paradas ao longo do trabalho para se movimentar \u00e9 importante assim como encaixar na rotina um tempo para se exercitar fora de casa, seja andando de bicicleta, corrida ou mesmo uma simples caminhada. Dentro de casa, as tarefas dom\u00e9sticas de limpeza e o cuidado com a horta tamb\u00e9m contam como atividades. Al\u00e9m da sa\u00fade do corpo, a atividade f\u00edsica \u00e9 essencial para a sa\u00fade mental.<\/p>\n\n\n\n<figure class=\"wp-block-image size-large is-style-default\"><img loading=\"lazy\" decoding=\"async\" width=\"1000\" height=\"666\" src=\"https:\/\/jornalfatosenoticias.com.br\/wp-content\/uploads\/2021\/09\/exercicio-fisico-3.jpg\" alt=\"\" class=\"wp-image-22976\" srcset=\"https:\/\/jornalfatosenoticias.com.br\/wp-content\/uploads\/2021\/09\/exercicio-fisico-3.jpg 1000w, https:\/\/jornalfatosenoticias.com.br\/wp-content\/uploads\/2021\/09\/exercicio-fisico-3-300x200.jpg 300w, https:\/\/jornalfatosenoticias.com.br\/wp-content\/uploads\/2021\/09\/exercicio-fisico-3-768x511.jpg 768w\" sizes=\"auto, (max-width: 1000px) 100vw, 1000px\" \/><figcaption><em><span class=\"has-inline-color has-black-color\">(Foto: Bruno Nascimento\/Unsplash)<\/span><\/em><\/figcaption><\/figure>\n\n\n\n<p>Segundo a Organiza\u00e7\u00e3o Mundial da Sa\u00fade (OMS), at\u00e9 cinco milh\u00f5es de mortes por ano poderiam ser evitadas se a popula\u00e7\u00e3o em todo o mundo fosse mais ativa. \u201cA atividade f\u00edsica regular \u00e9 fundamental para prevenir e controlar doen\u00e7as card\u00edacas, diabetes tipo 2 e c\u00e2ncer, bem como para reduzir os sintomas de depress\u00e3o e ansiedade, reduzir o decl\u00ednio cognitivo, melhorar a mem\u00f3ria e exercitar a sa\u00fade do c\u00e9rebro\u201d, afirma o \u00f3rg\u00e3o da ONU.<br>Atenta aos efeitos da popula\u00e7\u00e3o passar mais tempo em casa, a OMS lan\u00e7ou em 2020 novas diretrizes sobre atividade f\u00edsica. A recomenda\u00e7\u00e3o \u00e9 de pelo menos 150 a 300 minutos de atividade aer\u00f3bica moderada a vigorosa por semana para todos os adultos e uma m\u00e9dia de 60 minutos por dia para crian\u00e7as e adolescentes.<\/p>\n\n\n\n<p><strong><em>Fonte: <a href=\"https:\/\/ciclovivo.com.br\/vida-sustentavel\/bem-estar\/estudo-exercitar-compensar-horas-sentado\/\">CicloVivo<\/a><\/em><\/strong><\/p>\n","protected":false},"excerpt":{"rendered":"<p>Trabalha o dia inteiro sentado? Nova pesquisa indica o que voc\u00ea pode fazer para reduzir os danos Muitos empregos exigem horas a fio de trabalho sentado em frente ao computador. Com a pandemia e o aumento do home office, muitos trabalhadores passaram a ficar ainda mais tempo em casa: da cadeira do escrit\u00f3rio para o [&hellip;]<\/p>\n","protected":false},"author":2,"featured_media":22977,"comment_status":"open","ping_status":"open","sticky":false,"template":"","format":"standard","meta":{"footnotes":""},"categories":[42],"tags":[6913,1056,965,7832],"class_list":["post-22974","post","type-post","status-publish","format-standard","has-post-thumbnail","hentry","category-bem-estar","tag-atividade-fisica","tag-exercicios-fisicos","tag-home-office","tag-sedentarismo"],"yoast_head":"<!-- This site is optimized with the Yoast SEO plugin v26.5 - https:\/\/yoast.com\/wordpress\/plugins\/seo\/ -->\n<title>Estudo revela quanto se exercitar para compensar as horas sentado - Jornal Fatos e Not\u00edcias<\/title>\n<meta name=\"robots\" content=\"index, follow, max-snippet:-1, max-image-preview:large, max-video-preview:-1\" \/>\n<link rel=\"canonical\" href=\"https:\/\/jornalfatosenoticias.com.br\/index.php\/2021\/09\/17\/estudo-revela-quanto-se-exercitar-para-compensar-as-horas-sentado\/\" \/>\n<meta property=\"og:locale\" content=\"pt_BR\" \/>\n<meta property=\"og:type\" content=\"article\" \/>\n<meta property=\"og:title\" content=\"Estudo revela quanto se exercitar para compensar as horas sentado - Jornal Fatos e Not\u00edcias\" \/>\n<meta property=\"og:description\" content=\"Trabalha o dia inteiro sentado? Nova pesquisa indica o que voc\u00ea pode fazer para reduzir os danos Muitos empregos exigem horas a fio de trabalho sentado em frente ao computador. Com a pandemia e o aumento do home office, muitos trabalhadores passaram a ficar ainda mais tempo em casa: da cadeira do escrit\u00f3rio para o [&hellip;]\" \/>\n<meta property=\"og:url\" content=\"https:\/\/jornalfatosenoticias.com.br\/index.php\/2021\/09\/17\/estudo-revela-quanto-se-exercitar-para-compensar-as-horas-sentado\/\" \/>\n<meta property=\"og:site_name\" content=\"Jornal Fatos e Not\u00edcias\" \/>\n<meta property=\"article:published_time\" content=\"2021-09-17T14:00:49+00:00\" \/>\n<meta property=\"article:modified_time\" content=\"2021-09-17T14:00:52+00:00\" \/>\n<meta property=\"og:image\" content=\"https:\/\/jornalfatosenoticias.com.br\/wp-content\/uploads\/2021\/09\/exercicio-fisico.jpg\" \/>\n\t<meta property=\"og:image:width\" content=\"1000\" \/>\n\t<meta property=\"og:image:height\" content=\"666\" \/>\n\t<meta property=\"og:image:type\" content=\"image\/jpeg\" \/>\n<meta name=\"author\" content=\"Luzimara Fernandes\" \/>\n<meta name=\"twitter:card\" content=\"summary_large_image\" \/>\n<meta name=\"twitter:label1\" content=\"Escrito por\" \/>\n\t<meta name=\"twitter:data1\" content=\"Luzimara Fernandes\" \/>\n\t<meta name=\"twitter:label2\" content=\"Est. tempo de leitura\" \/>\n\t<meta name=\"twitter:data2\" content=\"3 minutos\" \/>\n<script type=\"application\/ld+json\" class=\"yoast-schema-graph\">{\"@context\":\"https:\/\/schema.org\",\"@graph\":[{\"@type\":\"Article\",\"@id\":\"https:\/\/jornalfatosenoticias.com.br\/index.php\/2021\/09\/17\/estudo-revela-quanto-se-exercitar-para-compensar-as-horas-sentado\/#article\",\"isPartOf\":{\"@id\":\"https:\/\/jornalfatosenoticias.com.br\/index.php\/2021\/09\/17\/estudo-revela-quanto-se-exercitar-para-compensar-as-horas-sentado\/\"},\"author\":{\"name\":\"Luzimara Fernandes\",\"@id\":\"https:\/\/jornalfatosenoticias.com.br\/#\/schema\/person\/d63837fa13ac8666eb9e74e0985d6f81\"},\"headline\":\"Estudo revela quanto se exercitar para compensar as horas sentado\",\"datePublished\":\"2021-09-17T14:00:49+00:00\",\"dateModified\":\"2021-09-17T14:00:52+00:00\",\"mainEntityOfPage\":{\"@id\":\"https:\/\/jornalfatosenoticias.com.br\/index.php\/2021\/09\/17\/estudo-revela-quanto-se-exercitar-para-compensar-as-horas-sentado\/\"},\"wordCount\":595,\"commentCount\":0,\"publisher\":{\"@id\":\"https:\/\/jornalfatosenoticias.com.br\/#organization\"},\"image\":{\"@id\":\"https:\/\/jornalfatosenoticias.com.br\/index.php\/2021\/09\/17\/estudo-revela-quanto-se-exercitar-para-compensar-as-horas-sentado\/#primaryimage\"},\"thumbnailUrl\":\"https:\/\/jornalfatosenoticias.com.br\/wp-content\/uploads\/2021\/09\/exercicio-fisico.jpg\",\"keywords\":[\"atividade f\u00edsica\",\"exerc\u00edcios f\u00edsicos\",\"home office\",\"sedentarismo\"],\"articleSection\":[\"Bem-estar\"],\"inLanguage\":\"pt-BR\",\"potentialAction\":[{\"@type\":\"CommentAction\",\"name\":\"Comment\",\"target\":[\"https:\/\/jornalfatosenoticias.com.br\/index.php\/2021\/09\/17\/estudo-revela-quanto-se-exercitar-para-compensar-as-horas-sentado\/#respond\"]}]},{\"@type\":\"WebPage\",\"@id\":\"https:\/\/jornalfatosenoticias.com.br\/index.php\/2021\/09\/17\/estudo-revela-quanto-se-exercitar-para-compensar-as-horas-sentado\/\",\"url\":\"https:\/\/jornalfatosenoticias.com.br\/index.php\/2021\/09\/17\/estudo-revela-quanto-se-exercitar-para-compensar-as-horas-sentado\/\",\"name\":\"Estudo revela quanto se exercitar para compensar as horas sentado - Jornal Fatos e Not\u00edcias\",\"isPartOf\":{\"@id\":\"https:\/\/jornalfatosenoticias.com.br\/#website\"},\"primaryImageOfPage\":{\"@id\":\"https:\/\/jornalfatosenoticias.com.br\/index.php\/2021\/09\/17\/estudo-revela-quanto-se-exercitar-para-compensar-as-horas-sentado\/#primaryimage\"},\"image\":{\"@id\":\"https:\/\/jornalfatosenoticias.com.br\/index.php\/2021\/09\/17\/estudo-revela-quanto-se-exercitar-para-compensar-as-horas-sentado\/#primaryimage\"},\"thumbnailUrl\":\"https:\/\/jornalfatosenoticias.com.br\/wp-content\/uploads\/2021\/09\/exercicio-fisico.jpg\",\"datePublished\":\"2021-09-17T14:00:49+00:00\",\"dateModified\":\"2021-09-17T14:00:52+00:00\",\"breadcrumb\":{\"@id\":\"https:\/\/jornalfatosenoticias.com.br\/index.php\/2021\/09\/17\/estudo-revela-quanto-se-exercitar-para-compensar-as-horas-sentado\/#breadcrumb\"},\"inLanguage\":\"pt-BR\",\"potentialAction\":[{\"@type\":\"ReadAction\",\"target\":[\"https:\/\/jornalfatosenoticias.com.br\/index.php\/2021\/09\/17\/estudo-revela-quanto-se-exercitar-para-compensar-as-horas-sentado\/\"]}]},{\"@type\":\"ImageObject\",\"inLanguage\":\"pt-BR\",\"@id\":\"https:\/\/jornalfatosenoticias.com.br\/index.php\/2021\/09\/17\/estudo-revela-quanto-se-exercitar-para-compensar-as-horas-sentado\/#primaryimage\",\"url\":\"https:\/\/jornalfatosenoticias.com.br\/wp-content\/uploads\/2021\/09\/exercicio-fisico.jpg\",\"contentUrl\":\"https:\/\/jornalfatosenoticias.com.br\/wp-content\/uploads\/2021\/09\/exercicio-fisico.jpg\",\"width\":1000,\"height\":666},{\"@type\":\"BreadcrumbList\",\"@id\":\"https:\/\/jornalfatosenoticias.com.br\/index.php\/2021\/09\/17\/estudo-revela-quanto-se-exercitar-para-compensar-as-horas-sentado\/#breadcrumb\",\"itemListElement\":[{\"@type\":\"ListItem\",\"position\":1,\"name\":\"In\u00edcio\",\"item\":\"https:\/\/jornalfatosenoticias.com.br\/\"},{\"@type\":\"ListItem\",\"position\":2,\"name\":\"Estudo revela quanto se exercitar para compensar as horas sentado\"}]},{\"@type\":\"WebSite\",\"@id\":\"https:\/\/jornalfatosenoticias.com.br\/#website\",\"url\":\"https:\/\/jornalfatosenoticias.com.br\/\",\"name\":\"Jornal Fatos e Not\u00edcias\",\"description\":\"Not\u00edcias em geral\",\"publisher\":{\"@id\":\"https:\/\/jornalfatosenoticias.com.br\/#organization\"},\"potentialAction\":[{\"@type\":\"SearchAction\",\"target\":{\"@type\":\"EntryPoint\",\"urlTemplate\":\"https:\/\/jornalfatosenoticias.com.br\/?s={search_term_string}\"},\"query-input\":{\"@type\":\"PropertyValueSpecification\",\"valueRequired\":true,\"valueName\":\"search_term_string\"}}],\"inLanguage\":\"pt-BR\"},{\"@type\":\"Organization\",\"@id\":\"https:\/\/jornalfatosenoticias.com.br\/#organization\",\"name\":\"Jornal Fatos e Not\u00edcias\",\"url\":\"https:\/\/jornalfatosenoticias.com.br\/\",\"logo\":{\"@type\":\"ImageObject\",\"inLanguage\":\"pt-BR\",\"@id\":\"https:\/\/jornalfatosenoticias.com.br\/#\/schema\/logo\/image\/\",\"url\":\"https:\/\/jornalfatosenoticias.com.br\/wp-content\/uploads\/2020\/02\/logo120.png\",\"contentUrl\":\"https:\/\/jornalfatosenoticias.com.br\/wp-content\/uploads\/2020\/02\/logo120.png\",\"width\":1227,\"height\":120,\"caption\":\"Jornal Fatos e Not\u00edcias\"},\"image\":{\"@id\":\"https:\/\/jornalfatosenoticias.com.br\/#\/schema\/logo\/image\/\"}},{\"@type\":\"Person\",\"@id\":\"https:\/\/jornalfatosenoticias.com.br\/#\/schema\/person\/d63837fa13ac8666eb9e74e0985d6f81\",\"name\":\"Luzimara Fernandes\",\"image\":{\"@type\":\"ImageObject\",\"inLanguage\":\"pt-BR\",\"@id\":\"https:\/\/jornalfatosenoticias.com.br\/#\/schema\/person\/image\/\",\"url\":\"https:\/\/jornalfatosenoticias.com.br\/wp-content\/uploads\/2025\/05\/EU_portal.jpg\",\"contentUrl\":\"https:\/\/jornalfatosenoticias.com.br\/wp-content\/uploads\/2025\/05\/EU_portal.jpg\",\"caption\":\"Luzimara Fernandes\"},\"description\":\"Jornalista MTB 2358-ES\",\"sameAs\":[\"https:\/\/jornalfatosenoticias.com.br\"],\"url\":\"https:\/\/jornalfatosenoticias.com.br\/index.php\/author\/luzimara\/\"}]}<\/script>\n<!-- \/ Yoast SEO plugin. -->","yoast_head_json":{"title":"Estudo revela quanto se exercitar para compensar as horas sentado - Jornal Fatos e Not\u00edcias","robots":{"index":"index","follow":"follow","max-snippet":"max-snippet:-1","max-image-preview":"max-image-preview:large","max-video-preview":"max-video-preview:-1"},"canonical":"https:\/\/jornalfatosenoticias.com.br\/index.php\/2021\/09\/17\/estudo-revela-quanto-se-exercitar-para-compensar-as-horas-sentado\/","og_locale":"pt_BR","og_type":"article","og_title":"Estudo revela quanto se exercitar para compensar as horas sentado - Jornal Fatos e Not\u00edcias","og_description":"Trabalha o dia inteiro sentado? Nova pesquisa indica o que voc\u00ea pode fazer para reduzir os danos Muitos empregos exigem horas a fio de trabalho sentado em frente ao computador. Com a pandemia e o aumento do home office, muitos trabalhadores passaram a ficar ainda mais tempo em casa: da cadeira do escrit\u00f3rio para o [&hellip;]","og_url":"https:\/\/jornalfatosenoticias.com.br\/index.php\/2021\/09\/17\/estudo-revela-quanto-se-exercitar-para-compensar-as-horas-sentado\/","og_site_name":"Jornal Fatos e Not\u00edcias","article_published_time":"2021-09-17T14:00:49+00:00","article_modified_time":"2021-09-17T14:00:52+00:00","og_image":[{"width":1000,"height":666,"url":"https:\/\/jornalfatosenoticias.com.br\/wp-content\/uploads\/2021\/09\/exercicio-fisico.jpg","type":"image\/jpeg"}],"author":"Luzimara Fernandes","twitter_card":"summary_large_image","twitter_misc":{"Escrito por":"Luzimara Fernandes","Est. tempo de leitura":"3 minutos"},"schema":{"@context":"https:\/\/schema.org","@graph":[{"@type":"Article","@id":"https:\/\/jornalfatosenoticias.com.br\/index.php\/2021\/09\/17\/estudo-revela-quanto-se-exercitar-para-compensar-as-horas-sentado\/#article","isPartOf":{"@id":"https:\/\/jornalfatosenoticias.com.br\/index.php\/2021\/09\/17\/estudo-revela-quanto-se-exercitar-para-compensar-as-horas-sentado\/"},"author":{"name":"Luzimara Fernandes","@id":"https:\/\/jornalfatosenoticias.com.br\/#\/schema\/person\/d63837fa13ac8666eb9e74e0985d6f81"},"headline":"Estudo revela quanto se exercitar para compensar as horas sentado","datePublished":"2021-09-17T14:00:49+00:00","dateModified":"2021-09-17T14:00:52+00:00","mainEntityOfPage":{"@id":"https:\/\/jornalfatosenoticias.com.br\/index.php\/2021\/09\/17\/estudo-revela-quanto-se-exercitar-para-compensar-as-horas-sentado\/"},"wordCount":595,"commentCount":0,"publisher":{"@id":"https:\/\/jornalfatosenoticias.com.br\/#organization"},"image":{"@id":"https:\/\/jornalfatosenoticias.com.br\/index.php\/2021\/09\/17\/estudo-revela-quanto-se-exercitar-para-compensar-as-horas-sentado\/#primaryimage"},"thumbnailUrl":"https:\/\/jornalfatosenoticias.com.br\/wp-content\/uploads\/2021\/09\/exercicio-fisico.jpg","keywords":["atividade f\u00edsica","exerc\u00edcios f\u00edsicos","home office","sedentarismo"],"articleSection":["Bem-estar"],"inLanguage":"pt-BR","potentialAction":[{"@type":"CommentAction","name":"Comment","target":["https:\/\/jornalfatosenoticias.com.br\/index.php\/2021\/09\/17\/estudo-revela-quanto-se-exercitar-para-compensar-as-horas-sentado\/#respond"]}]},{"@type":"WebPage","@id":"https:\/\/jornalfatosenoticias.com.br\/index.php\/2021\/09\/17\/estudo-revela-quanto-se-exercitar-para-compensar-as-horas-sentado\/","url":"https:\/\/jornalfatosenoticias.com.br\/index.php\/2021\/09\/17\/estudo-revela-quanto-se-exercitar-para-compensar-as-horas-sentado\/","name":"Estudo revela quanto se exercitar para compensar as horas sentado - Jornal Fatos e Not\u00edcias","isPartOf":{"@id":"https:\/\/jornalfatosenoticias.com.br\/#website"},"primaryImageOfPage":{"@id":"https:\/\/jornalfatosenoticias.com.br\/index.php\/2021\/09\/17\/estudo-revela-quanto-se-exercitar-para-compensar-as-horas-sentado\/#primaryimage"},"image":{"@id":"https:\/\/jornalfatosenoticias.com.br\/index.php\/2021\/09\/17\/estudo-revela-quanto-se-exercitar-para-compensar-as-horas-sentado\/#primaryimage"},"thumbnailUrl":"https:\/\/jornalfatosenoticias.com.br\/wp-content\/uploads\/2021\/09\/exercicio-fisico.jpg","datePublished":"2021-09-17T14:00:49+00:00","dateModified":"2021-09-17T14:00:52+00:00","breadcrumb":{"@id":"https:\/\/jornalfatosenoticias.com.br\/index.php\/2021\/09\/17\/estudo-revela-quanto-se-exercitar-para-compensar-as-horas-sentado\/#breadcrumb"},"inLanguage":"pt-BR","potentialAction":[{"@type":"ReadAction","target":["https:\/\/jornalfatosenoticias.com.br\/index.php\/2021\/09\/17\/estudo-revela-quanto-se-exercitar-para-compensar-as-horas-sentado\/"]}]},{"@type":"ImageObject","inLanguage":"pt-BR","@id":"https:\/\/jornalfatosenoticias.com.br\/index.php\/2021\/09\/17\/estudo-revela-quanto-se-exercitar-para-compensar-as-horas-sentado\/#primaryimage","url":"https:\/\/jornalfatosenoticias.com.br\/wp-content\/uploads\/2021\/09\/exercicio-fisico.jpg","contentUrl":"https:\/\/jornalfatosenoticias.com.br\/wp-content\/uploads\/2021\/09\/exercicio-fisico.jpg","width":1000,"height":666},{"@type":"BreadcrumbList","@id":"https:\/\/jornalfatosenoticias.com.br\/index.php\/2021\/09\/17\/estudo-revela-quanto-se-exercitar-para-compensar-as-horas-sentado\/#breadcrumb","itemListElement":[{"@type":"ListItem","position":1,"name":"In\u00edcio","item":"https:\/\/jornalfatosenoticias.com.br\/"},{"@type":"ListItem","position":2,"name":"Estudo revela quanto se exercitar para compensar as horas sentado"}]},{"@type":"WebSite","@id":"https:\/\/jornalfatosenoticias.com.br\/#website","url":"https:\/\/jornalfatosenoticias.com.br\/","name":"Jornal Fatos e Not\u00edcias","description":"Not\u00edcias em geral","publisher":{"@id":"https:\/\/jornalfatosenoticias.com.br\/#organization"},"potentialAction":[{"@type":"SearchAction","target":{"@type":"EntryPoint","urlTemplate":"https:\/\/jornalfatosenoticias.com.br\/?s={search_term_string}"},"query-input":{"@type":"PropertyValueSpecification","valueRequired":true,"valueName":"search_term_string"}}],"inLanguage":"pt-BR"},{"@type":"Organization","@id":"https:\/\/jornalfatosenoticias.com.br\/#organization","name":"Jornal Fatos e Not\u00edcias","url":"https:\/\/jornalfatosenoticias.com.br\/","logo":{"@type":"ImageObject","inLanguage":"pt-BR","@id":"https:\/\/jornalfatosenoticias.com.br\/#\/schema\/logo\/image\/","url":"https:\/\/jornalfatosenoticias.com.br\/wp-content\/uploads\/2020\/02\/logo120.png","contentUrl":"https:\/\/jornalfatosenoticias.com.br\/wp-content\/uploads\/2020\/02\/logo120.png","width":1227,"height":120,"caption":"Jornal Fatos e Not\u00edcias"},"image":{"@id":"https:\/\/jornalfatosenoticias.com.br\/#\/schema\/logo\/image\/"}},{"@type":"Person","@id":"https:\/\/jornalfatosenoticias.com.br\/#\/schema\/person\/d63837fa13ac8666eb9e74e0985d6f81","name":"Luzimara Fernandes","image":{"@type":"ImageObject","inLanguage":"pt-BR","@id":"https:\/\/jornalfatosenoticias.com.br\/#\/schema\/person\/image\/","url":"https:\/\/jornalfatosenoticias.com.br\/wp-content\/uploads\/2025\/05\/EU_portal.jpg","contentUrl":"https:\/\/jornalfatosenoticias.com.br\/wp-content\/uploads\/2025\/05\/EU_portal.jpg","caption":"Luzimara Fernandes"},"description":"Jornalista MTB 2358-ES","sameAs":["https:\/\/jornalfatosenoticias.com.br"],"url":"https:\/\/jornalfatosenoticias.com.br\/index.php\/author\/luzimara\/"}]}},"cc_featured_image_caption":{"caption_text":"(Foto: Ginny Rose Stewart\/Unsplash) ","source_text":"","source_url":""},"jetpack_featured_media_url":"https:\/\/jornalfatosenoticias.com.br\/wp-content\/uploads\/2021\/09\/exercicio-fisico.jpg","_links":{"self":[{"href":"https:\/\/jornalfatosenoticias.com.br\/index.php\/wp-json\/wp\/v2\/posts\/22974","targetHints":{"allow":["GET"]}}],"collection":[{"href":"https:\/\/jornalfatosenoticias.com.br\/index.php\/wp-json\/wp\/v2\/posts"}],"about":[{"href":"https:\/\/jornalfatosenoticias.com.br\/index.php\/wp-json\/wp\/v2\/types\/post"}],"author":[{"embeddable":true,"href":"https:\/\/jornalfatosenoticias.com.br\/index.php\/wp-json\/wp\/v2\/users\/2"}],"replies":[{"embeddable":true,"href":"https:\/\/jornalfatosenoticias.com.br\/index.php\/wp-json\/wp\/v2\/comments?post=22974"}],"version-history":[{"count":0,"href":"https:\/\/jornalfatosenoticias.com.br\/index.php\/wp-json\/wp\/v2\/posts\/22974\/revisions"}],"wp:featuredmedia":[{"embeddable":true,"href":"https:\/\/jornalfatosenoticias.com.br\/index.php\/wp-json\/wp\/v2\/media\/22977"}],"wp:attachment":[{"href":"https:\/\/jornalfatosenoticias.com.br\/index.php\/wp-json\/wp\/v2\/media?parent=22974"}],"wp:term":[{"taxonomy":"category","embeddable":true,"href":"https:\/\/jornalfatosenoticias.com.br\/index.php\/wp-json\/wp\/v2\/categories?post=22974"},{"taxonomy":"post_tag","embeddable":true,"href":"https:\/\/jornalfatosenoticias.com.br\/index.php\/wp-json\/wp\/v2\/tags?post=22974"}],"curies":[{"name":"wp","href":"https:\/\/api.w.org\/{rel}","templated":true}]}}