{"id":22979,"date":"2021-09-17T11:14:01","date_gmt":"2021-09-17T14:14:01","guid":{"rendered":"https:\/\/jornalfatosenoticias.com.br\/?p=22979"},"modified":"2021-09-17T11:14:05","modified_gmt":"2021-09-17T14:14:05","slug":"amazoniativa-chega-a-americanas-para-impulsionar-vendas-de-artesaos","status":"publish","type":"post","link":"https:\/\/jornalfatosenoticias.com.br\/index.php\/2021\/09\/17\/amazoniativa-chega-a-americanas-para-impulsionar-vendas-de-artesaos\/","title":{"rendered":"AmazoniAtiva chega \u00e0 Americanas para impulsionar vendas de artes\u00e3os"},"content":{"rendered":"\n<p><em><span class=\"has-inline-color has-black-color\">100% do lucro ser\u00e1 revertido para as institui\u00e7\u00f5es parceiras<\/span><\/em><\/p>\n\n\n\n<p>A AmazoniAtiva inaugurou, no \u00faltimo dia 2 de setembro, a sua loja na Americanas Social, plataforma de marketplace social da Americanas que re\u00fane produtos de institui\u00e7\u00f5es sociais no site e app da marca, com todo o lucro revertido revertido para as causas. A AmazoniAtiva \u00e9 uma plataforma de produtos e ativos da Amaz\u00f4nia Brasileira e foi idealizada como um dos mecanismos de mercado para reduzir o desmatamento.<br>Criada em 2019, a AmazoniAtiva foi projetada como parte da estrat\u00e9gia de governan\u00e7a clim\u00e1tica para o estado de Rond\u00f4nia e cresce para se tornar um hub digital de solu\u00e7\u00f5es em comercializa\u00e7\u00e3o, log\u00edstica, planejamento e gest\u00e3o da bioeconomia. Atualmente, re\u00fane cerca de 70 parceiros e j\u00e1 beneficia mais de seis mil pessoas nos nove estados que comp\u00f5em a Amaz\u00f4nia.<br>Para a estreia na Americanas, foram eleitos sete parceiros: Acre Biojoias; Cacau River; Coomflona; Ekilibre; Saboaria Rond\u00f4nia; Farofa da Amaz\u00f4nia e Gaia Artesanato. S\u00e3o produtores de caf\u00e9s, farofas, chocolates, cosm\u00e9ticos, biojoias e artesanatos em madeira certificada. Os protagonistas da AmazoniAtiva s\u00e3o os povos ind\u00edgenas, os quilombolas, os extrativistas, os pequenos e m\u00e9dios empreendedores, os agricultores familiares e as lideran\u00e7as femininas, que representam a diversidade da Amaz\u00f4nia brasileira.<br>\u201cO prop\u00f3sito da AmazoniAtiva \u00e9 promover o desenvolvimento da bioeconomia, criando uma conex\u00e3o entre empreendedores locais, investidores e consumidores. Orientada pelos Objetivos de Desenvolvimento Sustent\u00e1vel, a iniciativa valoriza o manejo florestal, a criatividade e a capacidade de produ\u00e7\u00e3o das comunidades extrativistas\u201d, destaca o diretor de Florestas e Pol\u00edticas P\u00fablicas da BVRio, Beto Mesquita.<\/p>\n\n\n\n<blockquote class=\"wp-block-quote is-layout-flow wp-block-quote-is-layout-flow\"><p><span class=\"has-inline-color has-luminous-vivid-orange-color\">\u201cUm dos crit\u00e9rios da curadoria \u00e9 o compromisso do parceiro com um modelo de produ\u00e7\u00e3o inclusivo e respons\u00e1vel, que promova o respeito \u00e0 diversidade cultural e \u00e0 sustentabilidade na regi\u00e3o\u201d, Renato Castro, gerente de Design e Madeira da BVRio<\/span><\/p><\/blockquote>\n\n\n\n<figure class=\"wp-block-image size-large is-style-default\"><img loading=\"lazy\" decoding=\"async\" width=\"1000\" height=\"597\" src=\"https:\/\/jornalfatosenoticias.com.br\/wp-content\/uploads\/2021\/09\/amazoniativa-sabonetes.jpg\" alt=\"\" class=\"wp-image-22980\" srcset=\"https:\/\/jornalfatosenoticias.com.br\/wp-content\/uploads\/2021\/09\/amazoniativa-sabonetes.jpg 1000w, https:\/\/jornalfatosenoticias.com.br\/wp-content\/uploads\/2021\/09\/amazoniativa-sabonetes-300x179.jpg 300w, https:\/\/jornalfatosenoticias.com.br\/wp-content\/uploads\/2021\/09\/amazoniativa-sabonetes-768x458.jpg 768w\" sizes=\"auto, (max-width: 1000px) 100vw, 1000px\" \/><figcaption><em><span class=\"has-inline-color has-black-color\">Sabonetes da Saboaria Rond\u00f4nia, um dos produtores que est\u00e1 na plataforma AmazoniAtiva (Foto: Divulga\u00e7\u00e3o)<\/span><\/em><\/figcaption><\/figure>\n\n\n\n<p>Segundo documento publicado pelo governo do Amazonas, a bioeconomia se refere a estruturas de mercado pautadas em produtos e processos que partem de quatro princ\u00edpios norteadores: conserva\u00e7\u00e3o da biodiversidade; ci\u00eancia e tecnologia voltadas ao uso sustent\u00e1vel da sociobiodiversidade; diminui\u00e7\u00e3o das desigualdades sociais e territoriais; expans\u00e3o das \u00e1reas florestadas biodiversas e sustent\u00e1veis.<\/p>\n\n\n\n<blockquote class=\"wp-block-quote is-layout-flow wp-block-quote-is-layout-flow\"><p><span class=\"has-inline-color has-luminous-vivid-orange-color\">\u201cValorizar as redes de conhecimento produtivo na regi\u00e3o e promov\u00ea-las na Americanas dar\u00e1 ainda mais visibilidade para acelerar o fomento da economia dos nove estados da Amaz\u00f4nia Legal\u201d, complementa Beto Mesquita.<\/span><\/p><\/blockquote>\n\n\n\n<p><strong><span class=\"has-inline-color has-black-color\">Americanas Social<br><\/span><\/strong>Ampliando esta visibilidade de causas e trabalhos de ONGs parceiras, como a Amaz\u00f4niAtiva, o marketplace social da Americanas d\u00e1 protagonismo a micro e pequenos empreendedores.<br>Na Americanas Social, 100% do lucro \u00e9 revertido para as institui\u00e7\u00f5es. \u201cEstamos incluindo estes artes\u00f5es e comunidades no mapa do e-commerce, com uma gama de conte\u00fados, solu\u00e7\u00f5es e tecnologias que contribuem para o desenvolvimento dos seus neg\u00f3cios. Com isso, fortalecemos tamb\u00e9m o nosso prop\u00f3sito de somar o que o mundo tem de bom para melhorar a vida das pessoas\u201d, comenta Jean Lessa.<\/p>\n\n\n\n<p><strong><em>Fonte: <a href=\"https:\/\/ciclovivo.com.br\/inovacao\/negocios\/amazoniativa-americanas-artesaos\/\">CicloVivo<\/a><\/em><\/strong><\/p>\n","protected":false},"excerpt":{"rendered":"<p>100% do lucro ser\u00e1 revertido para as institui\u00e7\u00f5es parceiras A AmazoniAtiva inaugurou, no \u00faltimo dia 2 de setembro, a sua loja na Americanas Social, plataforma de marketplace social da Americanas que re\u00fane produtos de institui\u00e7\u00f5es sociais no site e app da marca, com todo o lucro revertido revertido para as causas. A AmazoniAtiva \u00e9 uma [&hellip;]<\/p>\n","protected":false},"author":2,"featured_media":22980,"comment_status":"open","ping_status":"open","sticky":false,"template":"","format":"standard","meta":{"footnotes":""},"categories":[9],"tags":[123,11214,5712,6696,11215,734],"class_list":["post-22979","post","type-post","status-publish","format-standard","has-post-thumbnail","hentry","category-economia","tag-amazonia","tag-amazoniativa","tag-bioeconomia","tag-e-commerce","tag-marketplace-social","tag-sustentabilidade"],"yoast_head":"<!-- This site is optimized with the Yoast SEO plugin v26.5 - https:\/\/yoast.com\/wordpress\/plugins\/seo\/ -->\n<title>AmazoniAtiva chega \u00e0 Americanas para impulsionar vendas de artes\u00e3os - Jornal Fatos e Not\u00edcias<\/title>\n<meta name=\"robots\" content=\"index, follow, max-snippet:-1, max-image-preview:large, max-video-preview:-1\" \/>\n<link rel=\"canonical\" href=\"https:\/\/jornalfatosenoticias.com.br\/index.php\/2021\/09\/17\/amazoniativa-chega-a-americanas-para-impulsionar-vendas-de-artesaos\/\" \/>\n<meta property=\"og:locale\" content=\"pt_BR\" \/>\n<meta property=\"og:type\" content=\"article\" \/>\n<meta property=\"og:title\" content=\"AmazoniAtiva chega \u00e0 Americanas para impulsionar vendas de artes\u00e3os - Jornal Fatos e Not\u00edcias\" \/>\n<meta property=\"og:description\" content=\"100% do lucro ser\u00e1 revertido para as institui\u00e7\u00f5es parceiras A AmazoniAtiva inaugurou, no \u00faltimo dia 2 de setembro, a sua loja na Americanas Social, plataforma de marketplace social da Americanas que re\u00fane produtos de institui\u00e7\u00f5es sociais no site e app da marca, com todo o lucro revertido revertido para as causas. A AmazoniAtiva \u00e9 uma [&hellip;]\" \/>\n<meta property=\"og:url\" content=\"https:\/\/jornalfatosenoticias.com.br\/index.php\/2021\/09\/17\/amazoniativa-chega-a-americanas-para-impulsionar-vendas-de-artesaos\/\" \/>\n<meta property=\"og:site_name\" content=\"Jornal Fatos e Not\u00edcias\" \/>\n<meta property=\"article:published_time\" content=\"2021-09-17T14:14:01+00:00\" \/>\n<meta property=\"article:modified_time\" content=\"2021-09-17T14:14:05+00:00\" \/>\n<meta property=\"og:image\" content=\"https:\/\/jornalfatosenoticias.com.br\/wp-content\/uploads\/2021\/09\/amazoniativa-sabonetes.jpg\" \/>\n\t<meta property=\"og:image:width\" content=\"1000\" \/>\n\t<meta property=\"og:image:height\" content=\"597\" \/>\n\t<meta property=\"og:image:type\" content=\"image\/jpeg\" \/>\n<meta name=\"author\" content=\"Luzimara Fernandes\" \/>\n<meta name=\"twitter:card\" content=\"summary_large_image\" \/>\n<meta name=\"twitter:label1\" content=\"Escrito por\" \/>\n\t<meta name=\"twitter:data1\" content=\"Luzimara Fernandes\" \/>\n\t<meta name=\"twitter:label2\" content=\"Est. tempo de leitura\" \/>\n\t<meta name=\"twitter:data2\" content=\"3 minutos\" \/>\n<script type=\"application\/ld+json\" class=\"yoast-schema-graph\">{\"@context\":\"https:\/\/schema.org\",\"@graph\":[{\"@type\":\"Article\",\"@id\":\"https:\/\/jornalfatosenoticias.com.br\/index.php\/2021\/09\/17\/amazoniativa-chega-a-americanas-para-impulsionar-vendas-de-artesaos\/#article\",\"isPartOf\":{\"@id\":\"https:\/\/jornalfatosenoticias.com.br\/index.php\/2021\/09\/17\/amazoniativa-chega-a-americanas-para-impulsionar-vendas-de-artesaos\/\"},\"author\":{\"name\":\"Luzimara Fernandes\",\"@id\":\"https:\/\/jornalfatosenoticias.com.br\/#\/schema\/person\/d63837fa13ac8666eb9e74e0985d6f81\"},\"headline\":\"AmazoniAtiva chega \u00e0 Americanas para impulsionar vendas de artes\u00e3os\",\"datePublished\":\"2021-09-17T14:14:01+00:00\",\"dateModified\":\"2021-09-17T14:14:05+00:00\",\"mainEntityOfPage\":{\"@id\":\"https:\/\/jornalfatosenoticias.com.br\/index.php\/2021\/09\/17\/amazoniativa-chega-a-americanas-para-impulsionar-vendas-de-artesaos\/\"},\"wordCount\":533,\"commentCount\":0,\"publisher\":{\"@id\":\"https:\/\/jornalfatosenoticias.com.br\/#organization\"},\"image\":{\"@id\":\"https:\/\/jornalfatosenoticias.com.br\/index.php\/2021\/09\/17\/amazoniativa-chega-a-americanas-para-impulsionar-vendas-de-artesaos\/#primaryimage\"},\"thumbnailUrl\":\"https:\/\/jornalfatosenoticias.com.br\/wp-content\/uploads\/2021\/09\/amazoniativa-sabonetes.jpg\",\"keywords\":[\"amaz\u00f4nia\",\"Amaz\u00f4niAtiva\",\"bioeconomia\",\"e-commerce\",\"marketplace social\",\"sustentabilidade\"],\"articleSection\":[\"Economia\"],\"inLanguage\":\"pt-BR\",\"potentialAction\":[{\"@type\":\"CommentAction\",\"name\":\"Comment\",\"target\":[\"https:\/\/jornalfatosenoticias.com.br\/index.php\/2021\/09\/17\/amazoniativa-chega-a-americanas-para-impulsionar-vendas-de-artesaos\/#respond\"]}]},{\"@type\":\"WebPage\",\"@id\":\"https:\/\/jornalfatosenoticias.com.br\/index.php\/2021\/09\/17\/amazoniativa-chega-a-americanas-para-impulsionar-vendas-de-artesaos\/\",\"url\":\"https:\/\/jornalfatosenoticias.com.br\/index.php\/2021\/09\/17\/amazoniativa-chega-a-americanas-para-impulsionar-vendas-de-artesaos\/\",\"name\":\"AmazoniAtiva chega \u00e0 Americanas para impulsionar vendas de artes\u00e3os - Jornal Fatos e Not\u00edcias\",\"isPartOf\":{\"@id\":\"https:\/\/jornalfatosenoticias.com.br\/#website\"},\"primaryImageOfPage\":{\"@id\":\"https:\/\/jornalfatosenoticias.com.br\/index.php\/2021\/09\/17\/amazoniativa-chega-a-americanas-para-impulsionar-vendas-de-artesaos\/#primaryimage\"},\"image\":{\"@id\":\"https:\/\/jornalfatosenoticias.com.br\/index.php\/2021\/09\/17\/amazoniativa-chega-a-americanas-para-impulsionar-vendas-de-artesaos\/#primaryimage\"},\"thumbnailUrl\":\"https:\/\/jornalfatosenoticias.com.br\/wp-content\/uploads\/2021\/09\/amazoniativa-sabonetes.jpg\",\"datePublished\":\"2021-09-17T14:14:01+00:00\",\"dateModified\":\"2021-09-17T14:14:05+00:00\",\"breadcrumb\":{\"@id\":\"https:\/\/jornalfatosenoticias.com.br\/index.php\/2021\/09\/17\/amazoniativa-chega-a-americanas-para-impulsionar-vendas-de-artesaos\/#breadcrumb\"},\"inLanguage\":\"pt-BR\",\"potentialAction\":[{\"@type\":\"ReadAction\",\"target\":[\"https:\/\/jornalfatosenoticias.com.br\/index.php\/2021\/09\/17\/amazoniativa-chega-a-americanas-para-impulsionar-vendas-de-artesaos\/\"]}]},{\"@type\":\"ImageObject\",\"inLanguage\":\"pt-BR\",\"@id\":\"https:\/\/jornalfatosenoticias.com.br\/index.php\/2021\/09\/17\/amazoniativa-chega-a-americanas-para-impulsionar-vendas-de-artesaos\/#primaryimage\",\"url\":\"https:\/\/jornalfatosenoticias.com.br\/wp-content\/uploads\/2021\/09\/amazoniativa-sabonetes.jpg\",\"contentUrl\":\"https:\/\/jornalfatosenoticias.com.br\/wp-content\/uploads\/2021\/09\/amazoniativa-sabonetes.jpg\",\"width\":1000,\"height\":597},{\"@type\":\"BreadcrumbList\",\"@id\":\"https:\/\/jornalfatosenoticias.com.br\/index.php\/2021\/09\/17\/amazoniativa-chega-a-americanas-para-impulsionar-vendas-de-artesaos\/#breadcrumb\",\"itemListElement\":[{\"@type\":\"ListItem\",\"position\":1,\"name\":\"In\u00edcio\",\"item\":\"https:\/\/jornalfatosenoticias.com.br\/\"},{\"@type\":\"ListItem\",\"position\":2,\"name\":\"AmazoniAtiva chega \u00e0 Americanas para impulsionar vendas de artes\u00e3os\"}]},{\"@type\":\"WebSite\",\"@id\":\"https:\/\/jornalfatosenoticias.com.br\/#website\",\"url\":\"https:\/\/jornalfatosenoticias.com.br\/\",\"name\":\"Jornal Fatos e Not\u00edcias\",\"description\":\"Not\u00edcias em geral\",\"publisher\":{\"@id\":\"https:\/\/jornalfatosenoticias.com.br\/#organization\"},\"potentialAction\":[{\"@type\":\"SearchAction\",\"target\":{\"@type\":\"EntryPoint\",\"urlTemplate\":\"https:\/\/jornalfatosenoticias.com.br\/?s={search_term_string}\"},\"query-input\":{\"@type\":\"PropertyValueSpecification\",\"valueRequired\":true,\"valueName\":\"search_term_string\"}}],\"inLanguage\":\"pt-BR\"},{\"@type\":\"Organization\",\"@id\":\"https:\/\/jornalfatosenoticias.com.br\/#organization\",\"name\":\"Jornal Fatos e Not\u00edcias\",\"url\":\"https:\/\/jornalfatosenoticias.com.br\/\",\"logo\":{\"@type\":\"ImageObject\",\"inLanguage\":\"pt-BR\",\"@id\":\"https:\/\/jornalfatosenoticias.com.br\/#\/schema\/logo\/image\/\",\"url\":\"https:\/\/jornalfatosenoticias.com.br\/wp-content\/uploads\/2020\/02\/logo120.png\",\"contentUrl\":\"https:\/\/jornalfatosenoticias.com.br\/wp-content\/uploads\/2020\/02\/logo120.png\",\"width\":1227,\"height\":120,\"caption\":\"Jornal Fatos e Not\u00edcias\"},\"image\":{\"@id\":\"https:\/\/jornalfatosenoticias.com.br\/#\/schema\/logo\/image\/\"}},{\"@type\":\"Person\",\"@id\":\"https:\/\/jornalfatosenoticias.com.br\/#\/schema\/person\/d63837fa13ac8666eb9e74e0985d6f81\",\"name\":\"Luzimara Fernandes\",\"image\":{\"@type\":\"ImageObject\",\"inLanguage\":\"pt-BR\",\"@id\":\"https:\/\/jornalfatosenoticias.com.br\/#\/schema\/person\/image\/\",\"url\":\"https:\/\/jornalfatosenoticias.com.br\/wp-content\/uploads\/2025\/05\/EU_portal.jpg\",\"contentUrl\":\"https:\/\/jornalfatosenoticias.com.br\/wp-content\/uploads\/2025\/05\/EU_portal.jpg\",\"caption\":\"Luzimara Fernandes\"},\"description\":\"Jornalista MTB 2358-ES\",\"sameAs\":[\"https:\/\/jornalfatosenoticias.com.br\"],\"url\":\"https:\/\/jornalfatosenoticias.com.br\/index.php\/author\/luzimara\/\"}]}<\/script>\n<!-- \/ Yoast SEO plugin. -->","yoast_head_json":{"title":"AmazoniAtiva chega \u00e0 Americanas para impulsionar vendas de artes\u00e3os - Jornal Fatos e Not\u00edcias","robots":{"index":"index","follow":"follow","max-snippet":"max-snippet:-1","max-image-preview":"max-image-preview:large","max-video-preview":"max-video-preview:-1"},"canonical":"https:\/\/jornalfatosenoticias.com.br\/index.php\/2021\/09\/17\/amazoniativa-chega-a-americanas-para-impulsionar-vendas-de-artesaos\/","og_locale":"pt_BR","og_type":"article","og_title":"AmazoniAtiva chega \u00e0 Americanas para impulsionar vendas de artes\u00e3os - Jornal Fatos e Not\u00edcias","og_description":"100% do lucro ser\u00e1 revertido para as institui\u00e7\u00f5es parceiras A AmazoniAtiva inaugurou, no \u00faltimo dia 2 de setembro, a sua loja na Americanas Social, plataforma de marketplace social da Americanas que re\u00fane produtos de institui\u00e7\u00f5es sociais no site e app da marca, com todo o lucro revertido revertido para as causas. A AmazoniAtiva \u00e9 uma [&hellip;]","og_url":"https:\/\/jornalfatosenoticias.com.br\/index.php\/2021\/09\/17\/amazoniativa-chega-a-americanas-para-impulsionar-vendas-de-artesaos\/","og_site_name":"Jornal Fatos e Not\u00edcias","article_published_time":"2021-09-17T14:14:01+00:00","article_modified_time":"2021-09-17T14:14:05+00:00","og_image":[{"width":1000,"height":597,"url":"https:\/\/jornalfatosenoticias.com.br\/wp-content\/uploads\/2021\/09\/amazoniativa-sabonetes.jpg","type":"image\/jpeg"}],"author":"Luzimara Fernandes","twitter_card":"summary_large_image","twitter_misc":{"Escrito por":"Luzimara Fernandes","Est. tempo de leitura":"3 minutos"},"schema":{"@context":"https:\/\/schema.org","@graph":[{"@type":"Article","@id":"https:\/\/jornalfatosenoticias.com.br\/index.php\/2021\/09\/17\/amazoniativa-chega-a-americanas-para-impulsionar-vendas-de-artesaos\/#article","isPartOf":{"@id":"https:\/\/jornalfatosenoticias.com.br\/index.php\/2021\/09\/17\/amazoniativa-chega-a-americanas-para-impulsionar-vendas-de-artesaos\/"},"author":{"name":"Luzimara Fernandes","@id":"https:\/\/jornalfatosenoticias.com.br\/#\/schema\/person\/d63837fa13ac8666eb9e74e0985d6f81"},"headline":"AmazoniAtiva chega \u00e0 Americanas para impulsionar vendas de artes\u00e3os","datePublished":"2021-09-17T14:14:01+00:00","dateModified":"2021-09-17T14:14:05+00:00","mainEntityOfPage":{"@id":"https:\/\/jornalfatosenoticias.com.br\/index.php\/2021\/09\/17\/amazoniativa-chega-a-americanas-para-impulsionar-vendas-de-artesaos\/"},"wordCount":533,"commentCount":0,"publisher":{"@id":"https:\/\/jornalfatosenoticias.com.br\/#organization"},"image":{"@id":"https:\/\/jornalfatosenoticias.com.br\/index.php\/2021\/09\/17\/amazoniativa-chega-a-americanas-para-impulsionar-vendas-de-artesaos\/#primaryimage"},"thumbnailUrl":"https:\/\/jornalfatosenoticias.com.br\/wp-content\/uploads\/2021\/09\/amazoniativa-sabonetes.jpg","keywords":["amaz\u00f4nia","Amaz\u00f4niAtiva","bioeconomia","e-commerce","marketplace social","sustentabilidade"],"articleSection":["Economia"],"inLanguage":"pt-BR","potentialAction":[{"@type":"CommentAction","name":"Comment","target":["https:\/\/jornalfatosenoticias.com.br\/index.php\/2021\/09\/17\/amazoniativa-chega-a-americanas-para-impulsionar-vendas-de-artesaos\/#respond"]}]},{"@type":"WebPage","@id":"https:\/\/jornalfatosenoticias.com.br\/index.php\/2021\/09\/17\/amazoniativa-chega-a-americanas-para-impulsionar-vendas-de-artesaos\/","url":"https:\/\/jornalfatosenoticias.com.br\/index.php\/2021\/09\/17\/amazoniativa-chega-a-americanas-para-impulsionar-vendas-de-artesaos\/","name":"AmazoniAtiva chega \u00e0 Americanas para impulsionar vendas de artes\u00e3os - Jornal Fatos e Not\u00edcias","isPartOf":{"@id":"https:\/\/jornalfatosenoticias.com.br\/#website"},"primaryImageOfPage":{"@id":"https:\/\/jornalfatosenoticias.com.br\/index.php\/2021\/09\/17\/amazoniativa-chega-a-americanas-para-impulsionar-vendas-de-artesaos\/#primaryimage"},"image":{"@id":"https:\/\/jornalfatosenoticias.com.br\/index.php\/2021\/09\/17\/amazoniativa-chega-a-americanas-para-impulsionar-vendas-de-artesaos\/#primaryimage"},"thumbnailUrl":"https:\/\/jornalfatosenoticias.com.br\/wp-content\/uploads\/2021\/09\/amazoniativa-sabonetes.jpg","datePublished":"2021-09-17T14:14:01+00:00","dateModified":"2021-09-17T14:14:05+00:00","breadcrumb":{"@id":"https:\/\/jornalfatosenoticias.com.br\/index.php\/2021\/09\/17\/amazoniativa-chega-a-americanas-para-impulsionar-vendas-de-artesaos\/#breadcrumb"},"inLanguage":"pt-BR","potentialAction":[{"@type":"ReadAction","target":["https:\/\/jornalfatosenoticias.com.br\/index.php\/2021\/09\/17\/amazoniativa-chega-a-americanas-para-impulsionar-vendas-de-artesaos\/"]}]},{"@type":"ImageObject","inLanguage":"pt-BR","@id":"https:\/\/jornalfatosenoticias.com.br\/index.php\/2021\/09\/17\/amazoniativa-chega-a-americanas-para-impulsionar-vendas-de-artesaos\/#primaryimage","url":"https:\/\/jornalfatosenoticias.com.br\/wp-content\/uploads\/2021\/09\/amazoniativa-sabonetes.jpg","contentUrl":"https:\/\/jornalfatosenoticias.com.br\/wp-content\/uploads\/2021\/09\/amazoniativa-sabonetes.jpg","width":1000,"height":597},{"@type":"BreadcrumbList","@id":"https:\/\/jornalfatosenoticias.com.br\/index.php\/2021\/09\/17\/amazoniativa-chega-a-americanas-para-impulsionar-vendas-de-artesaos\/#breadcrumb","itemListElement":[{"@type":"ListItem","position":1,"name":"In\u00edcio","item":"https:\/\/jornalfatosenoticias.com.br\/"},{"@type":"ListItem","position":2,"name":"AmazoniAtiva chega \u00e0 Americanas para impulsionar vendas de artes\u00e3os"}]},{"@type":"WebSite","@id":"https:\/\/jornalfatosenoticias.com.br\/#website","url":"https:\/\/jornalfatosenoticias.com.br\/","name":"Jornal Fatos e Not\u00edcias","description":"Not\u00edcias em geral","publisher":{"@id":"https:\/\/jornalfatosenoticias.com.br\/#organization"},"potentialAction":[{"@type":"SearchAction","target":{"@type":"EntryPoint","urlTemplate":"https:\/\/jornalfatosenoticias.com.br\/?s={search_term_string}"},"query-input":{"@type":"PropertyValueSpecification","valueRequired":true,"valueName":"search_term_string"}}],"inLanguage":"pt-BR"},{"@type":"Organization","@id":"https:\/\/jornalfatosenoticias.com.br\/#organization","name":"Jornal Fatos e Not\u00edcias","url":"https:\/\/jornalfatosenoticias.com.br\/","logo":{"@type":"ImageObject","inLanguage":"pt-BR","@id":"https:\/\/jornalfatosenoticias.com.br\/#\/schema\/logo\/image\/","url":"https:\/\/jornalfatosenoticias.com.br\/wp-content\/uploads\/2020\/02\/logo120.png","contentUrl":"https:\/\/jornalfatosenoticias.com.br\/wp-content\/uploads\/2020\/02\/logo120.png","width":1227,"height":120,"caption":"Jornal Fatos e Not\u00edcias"},"image":{"@id":"https:\/\/jornalfatosenoticias.com.br\/#\/schema\/logo\/image\/"}},{"@type":"Person","@id":"https:\/\/jornalfatosenoticias.com.br\/#\/schema\/person\/d63837fa13ac8666eb9e74e0985d6f81","name":"Luzimara Fernandes","image":{"@type":"ImageObject","inLanguage":"pt-BR","@id":"https:\/\/jornalfatosenoticias.com.br\/#\/schema\/person\/image\/","url":"https:\/\/jornalfatosenoticias.com.br\/wp-content\/uploads\/2025\/05\/EU_portal.jpg","contentUrl":"https:\/\/jornalfatosenoticias.com.br\/wp-content\/uploads\/2025\/05\/EU_portal.jpg","caption":"Luzimara Fernandes"},"description":"Jornalista MTB 2358-ES","sameAs":["https:\/\/jornalfatosenoticias.com.br"],"url":"https:\/\/jornalfatosenoticias.com.br\/index.php\/author\/luzimara\/"}]}},"cc_featured_image_caption":{"caption_text":"","source_text":"","source_url":""},"jetpack_featured_media_url":"https:\/\/jornalfatosenoticias.com.br\/wp-content\/uploads\/2021\/09\/amazoniativa-sabonetes.jpg","_links":{"self":[{"href":"https:\/\/jornalfatosenoticias.com.br\/index.php\/wp-json\/wp\/v2\/posts\/22979","targetHints":{"allow":["GET"]}}],"collection":[{"href":"https:\/\/jornalfatosenoticias.com.br\/index.php\/wp-json\/wp\/v2\/posts"}],"about":[{"href":"https:\/\/jornalfatosenoticias.com.br\/index.php\/wp-json\/wp\/v2\/types\/post"}],"author":[{"embeddable":true,"href":"https:\/\/jornalfatosenoticias.com.br\/index.php\/wp-json\/wp\/v2\/users\/2"}],"replies":[{"embeddable":true,"href":"https:\/\/jornalfatosenoticias.com.br\/index.php\/wp-json\/wp\/v2\/comments?post=22979"}],"version-history":[{"count":0,"href":"https:\/\/jornalfatosenoticias.com.br\/index.php\/wp-json\/wp\/v2\/posts\/22979\/revisions"}],"wp:featuredmedia":[{"embeddable":true,"href":"https:\/\/jornalfatosenoticias.com.br\/index.php\/wp-json\/wp\/v2\/media\/22980"}],"wp:attachment":[{"href":"https:\/\/jornalfatosenoticias.com.br\/index.php\/wp-json\/wp\/v2\/media?parent=22979"}],"wp:term":[{"taxonomy":"category","embeddable":true,"href":"https:\/\/jornalfatosenoticias.com.br\/index.php\/wp-json\/wp\/v2\/categories?post=22979"},{"taxonomy":"post_tag","embeddable":true,"href":"https:\/\/jornalfatosenoticias.com.br\/index.php\/wp-json\/wp\/v2\/tags?post=22979"}],"curies":[{"name":"wp","href":"https:\/\/api.w.org\/{rel}","templated":true}]}}