{"id":23000,"date":"2021-09-17T14:46:30","date_gmt":"2021-09-17T17:46:30","guid":{"rendered":"https:\/\/jornalfatosenoticias.com.br\/?p=23000"},"modified":"2021-09-17T14:46:34","modified_gmt":"2021-09-17T17:46:34","slug":"seringueiro-que-vive-isolado-em-floresta-e-localizado-por-imagens-de-satelite","status":"publish","type":"post","link":"https:\/\/jornalfatosenoticias.com.br\/index.php\/2021\/09\/17\/seringueiro-que-vive-isolado-em-floresta-e-localizado-por-imagens-de-satelite\/","title":{"rendered":"Seringueiro que vive isolado em floresta \u00e9 localizado por imagens de sat\u00e9lite"},"content":{"rendered":"\n<p><em><span class=\"has-inline-color has-black-color\">Seringueiro, isolado h\u00e1 25 anos, foi achado por imagens de sat\u00e9lite por equipes do governo<\/span><\/em><\/p>\n\n\n\n<p>Isolado h\u00e1 25 anos no Complexo de Florestas Estaduais do Rio Greg\u00f3rio (CFERG), que fica entre as cidades acreanas de Tarauac\u00e1 e Cruzeiro do Sul, interior do estado, o seringueiro e extrativista Gildo da Silva Concei\u00e7\u00e3o, de 54 anos, recebeu, esta semana, doa\u00e7\u00f5es das equipes da Secretaria de Meio Ambiente e das Pol\u00edticas Ind\u00edgenas do Acre (Semapi) e do Centro Integrado de Opera\u00e7\u00f5es A\u00e9reas do Acre (Ciopaer).<br>Ele s\u00f3 foi localizado pelas equipes em 2019, quando faziam levantamentos na \u00e1rea. Sem condi\u00e7\u00f5es de ir at\u00e9 o local, as equipes do governo conseguiram, h\u00e1 cerca de tr\u00eas meses, o primeiro contato com o morador com ajuda do helic\u00f3ptero harpia 03, do governo do estado.<br>O extrativista mora em uma clareira, de cerca de tr\u00eas hectares, aberta no meio da floresta sem energia el\u00e9trica e \u00e1gua encanada. Segundo o gestor do complexo de florestas, Victor Melo de Lima, em um raio de 27km da casa do morador \u00e9 apenas floresta. No local h\u00e1 a casa de Gildo e uma casa de seringa.<br>Gildo tira o sustento da seringa que retira da floresta. Uma vez por ano, o seringueiro vai at\u00e9 a cidade de Tarauac\u00e1 vender sua produ\u00e7\u00e3o e comprar mantimentos.<\/p>\n\n\n\n<p><strong><span class=\"has-inline-color has-black-color\">Infec\u00e7\u00e3o pela covid<br><\/span><\/strong>Mesmo isolado, em maio deste ano, quando a equipe do governo fez o primeiro contato com o seringueiro, os servidores o encontraram doente, fraco e com sintomas da covid-19. Ele contou que tinha ido at\u00e9 o munic\u00edpio de Tarauac\u00e1 dias antes comprar mantimentos e quando retornou come\u00e7ou a ficar doente.<\/p>\n\n\n\n<blockquote class=\"wp-block-quote is-layout-flow wp-block-quote-is-layout-flow\"><p><span class=\"has-inline-color has-luminous-vivid-orange-color\">&#8220;H\u00e1 tr\u00eas meses fomos fazer um levantamento dos dados dele, pois ainda n\u00e3o t\u00ednhamos tido contato com ele e, quando chegamos l\u00e1, ele apresentava sintomas de covid, estava bem fraco. Retornamos no dia seguinte para lev\u00e1-lo para o hospital. Ele sai uma vez por ano da localidade&#8221;, complementou Lima.<\/span><\/p><\/blockquote>\n\n\n\n<p>Gildo foi levado de helic\u00f3ptero at\u00e9 a pista de pouso de Tarauac\u00e1, onde uma equipe do Servi\u00e7o de Atendimento M\u00f3vel de Urg\u00eancia (Samu) aguardava por ele. Da pista de pouso, o seringueiro foi levado para o hospital da cidade e ficou quatro dias internado.<br>&#8220;Fizeram um exame nele e deu positivo para covid. Fez o tratamento e voltou para a casa dele&#8221;, destacou.<br>Nessa semana, as equipes do Ciopaer e da Semapi estavam em uma regi\u00e3o pr\u00f3xima \u00e0 casa de Gildo e resolveram pousar para saber como ele estava. Segundo o gestor Victor de Lima, o seringueiro estava no meio da mata trabalhando e bem de sa\u00fade.<br>&#8220;L\u00e1 n\u00e3o tem contato, est\u00e1vamos em outra miss\u00e3o pr\u00f3ximo \u00e0 \u00e1rea dele, pousamos para ver como estava. Levamos algumas cestas b\u00e1sicas, algumas coisas porque quando ele vai na cidade que volta n\u00e3o tem como levar muita coisa. Se recuperou bem, quando chegamos l\u00e1 estava cortando seringa&#8221;, disse.<br>O gestor acrescentou tamb\u00e9m que foi feito o cadastro do seringueiro no Instituto de Terras do Acre (Iteracre). Ap\u00f3s o primeiro contato, Lima disse que o seringueiro passou a cogitar adquirir um propriedade mais pr\u00f3xima da rodovia.<br>&#8220;Ele demonstrou interesse de adquiri um lote perto da BR, mas dentro da floresta ainda. Ou tamb\u00e9m perto do Rio Greg\u00f3rio, que s\u00e3o \u00e1reas destinadas \u00e0 moradia. Vamos levar ele para olhar um lote, e vai avaliar. Ele tem um irm\u00e3o que mora perto da floresta, mas os demais parentes n\u00e3o temos conhecimento&#8221;, concluiu.<\/p>\n\n\n\n<p><strong><em>Fonte: <a href=\"https:\/\/portalamazonia.com\/amazonia\/seringueiro-que-vive-isolado-ha-25-anos-em-floresta-e-localizado-por-imagens-de-satelite\">Portal Amaz\u00f4nia<\/a><\/em><\/strong><\/p>\n","protected":false},"excerpt":{"rendered":"<p>Seringueiro, isolado h\u00e1 25 anos, foi achado por imagens de sat\u00e9lite por equipes do governo Isolado h\u00e1 25 anos no Complexo de Florestas Estaduais do Rio Greg\u00f3rio (CFERG), que fica entre as cidades acreanas de Tarauac\u00e1 e Cruzeiro do Sul, interior do estado, o seringueiro e extrativista Gildo da Silva Concei\u00e7\u00e3o, de 54 anos, recebeu, [&hellip;]<\/p>\n","protected":false},"author":2,"featured_media":23001,"comment_status":"open","ping_status":"open","sticky":false,"template":"","format":"standard","meta":{"footnotes":""},"categories":[2522],"tags":[3886,123,1065,11221,11222],"class_list":["post-23000","post","type-post","status-publish","format-standard","has-post-thumbnail","hentry","category-comportamento","tag-acre","tag-amazonia","tag-floresta","tag-isolado","tag-seringueiro"],"yoast_head":"<!-- This site is optimized with the Yoast SEO plugin v26.5 - https:\/\/yoast.com\/wordpress\/plugins\/seo\/ -->\n<title>Seringueiro que vive isolado em floresta \u00e9 localizado por imagens de sat\u00e9lite - Jornal Fatos e Not\u00edcias<\/title>\n<meta name=\"robots\" content=\"index, follow, max-snippet:-1, max-image-preview:large, max-video-preview:-1\" \/>\n<link rel=\"canonical\" href=\"https:\/\/jornalfatosenoticias.com.br\/index.php\/2021\/09\/17\/seringueiro-que-vive-isolado-em-floresta-e-localizado-por-imagens-de-satelite\/\" \/>\n<meta property=\"og:locale\" content=\"pt_BR\" \/>\n<meta property=\"og:type\" content=\"article\" \/>\n<meta property=\"og:title\" content=\"Seringueiro que vive isolado em floresta \u00e9 localizado por imagens de sat\u00e9lite - Jornal Fatos e Not\u00edcias\" \/>\n<meta property=\"og:description\" content=\"Seringueiro, isolado h\u00e1 25 anos, foi achado por imagens de sat\u00e9lite por equipes do governo Isolado h\u00e1 25 anos no Complexo de Florestas Estaduais do Rio Greg\u00f3rio (CFERG), que fica entre as cidades acreanas de Tarauac\u00e1 e Cruzeiro do Sul, interior do estado, o seringueiro e extrativista Gildo da Silva Concei\u00e7\u00e3o, de 54 anos, recebeu, [&hellip;]\" \/>\n<meta property=\"og:url\" content=\"https:\/\/jornalfatosenoticias.com.br\/index.php\/2021\/09\/17\/seringueiro-que-vive-isolado-em-floresta-e-localizado-por-imagens-de-satelite\/\" \/>\n<meta property=\"og:site_name\" content=\"Jornal Fatos e Not\u00edcias\" \/>\n<meta property=\"article:published_time\" content=\"2021-09-17T17:46:30+00:00\" \/>\n<meta property=\"article:modified_time\" content=\"2021-09-17T17:46:34+00:00\" \/>\n<meta property=\"og:image\" content=\"https:\/\/jornalfatosenoticias.com.br\/wp-content\/uploads\/2021\/09\/seringueiro-isolado.jpg\" \/>\n\t<meta property=\"og:image:width\" content=\"1000\" \/>\n\t<meta property=\"og:image:height\" content=\"705\" \/>\n\t<meta property=\"og:image:type\" content=\"image\/jpeg\" \/>\n<meta name=\"author\" content=\"Luzimara Fernandes\" \/>\n<meta name=\"twitter:card\" content=\"summary_large_image\" \/>\n<meta name=\"twitter:label1\" content=\"Escrito por\" \/>\n\t<meta name=\"twitter:data1\" content=\"Luzimara Fernandes\" \/>\n\t<meta name=\"twitter:label2\" content=\"Est. tempo de leitura\" \/>\n\t<meta name=\"twitter:data2\" content=\"3 minutos\" \/>\n<script type=\"application\/ld+json\" class=\"yoast-schema-graph\">{\"@context\":\"https:\/\/schema.org\",\"@graph\":[{\"@type\":\"Article\",\"@id\":\"https:\/\/jornalfatosenoticias.com.br\/index.php\/2021\/09\/17\/seringueiro-que-vive-isolado-em-floresta-e-localizado-por-imagens-de-satelite\/#article\",\"isPartOf\":{\"@id\":\"https:\/\/jornalfatosenoticias.com.br\/index.php\/2021\/09\/17\/seringueiro-que-vive-isolado-em-floresta-e-localizado-por-imagens-de-satelite\/\"},\"author\":{\"name\":\"Luzimara Fernandes\",\"@id\":\"https:\/\/jornalfatosenoticias.com.br\/#\/schema\/person\/d63837fa13ac8666eb9e74e0985d6f81\"},\"headline\":\"Seringueiro que vive isolado em floresta \u00e9 localizado por imagens de sat\u00e9lite\",\"datePublished\":\"2021-09-17T17:46:30+00:00\",\"dateModified\":\"2021-09-17T17:46:34+00:00\",\"mainEntityOfPage\":{\"@id\":\"https:\/\/jornalfatosenoticias.com.br\/index.php\/2021\/09\/17\/seringueiro-que-vive-isolado-em-floresta-e-localizado-por-imagens-de-satelite\/\"},\"wordCount\":609,\"commentCount\":0,\"publisher\":{\"@id\":\"https:\/\/jornalfatosenoticias.com.br\/#organization\"},\"image\":{\"@id\":\"https:\/\/jornalfatosenoticias.com.br\/index.php\/2021\/09\/17\/seringueiro-que-vive-isolado-em-floresta-e-localizado-por-imagens-de-satelite\/#primaryimage\"},\"thumbnailUrl\":\"https:\/\/jornalfatosenoticias.com.br\/wp-content\/uploads\/2021\/09\/seringueiro-isolado.jpg\",\"keywords\":[\"Acre\",\"amaz\u00f4nia\",\"floresta\",\"isolado\",\"seringueiro\"],\"articleSection\":[\"Comportamento &amp; Equil\u00edbrio\"],\"inLanguage\":\"pt-BR\",\"potentialAction\":[{\"@type\":\"CommentAction\",\"name\":\"Comment\",\"target\":[\"https:\/\/jornalfatosenoticias.com.br\/index.php\/2021\/09\/17\/seringueiro-que-vive-isolado-em-floresta-e-localizado-por-imagens-de-satelite\/#respond\"]}]},{\"@type\":\"WebPage\",\"@id\":\"https:\/\/jornalfatosenoticias.com.br\/index.php\/2021\/09\/17\/seringueiro-que-vive-isolado-em-floresta-e-localizado-por-imagens-de-satelite\/\",\"url\":\"https:\/\/jornalfatosenoticias.com.br\/index.php\/2021\/09\/17\/seringueiro-que-vive-isolado-em-floresta-e-localizado-por-imagens-de-satelite\/\",\"name\":\"Seringueiro que vive isolado em floresta \u00e9 localizado por imagens de sat\u00e9lite - Jornal Fatos e Not\u00edcias\",\"isPartOf\":{\"@id\":\"https:\/\/jornalfatosenoticias.com.br\/#website\"},\"primaryImageOfPage\":{\"@id\":\"https:\/\/jornalfatosenoticias.com.br\/index.php\/2021\/09\/17\/seringueiro-que-vive-isolado-em-floresta-e-localizado-por-imagens-de-satelite\/#primaryimage\"},\"image\":{\"@id\":\"https:\/\/jornalfatosenoticias.com.br\/index.php\/2021\/09\/17\/seringueiro-que-vive-isolado-em-floresta-e-localizado-por-imagens-de-satelite\/#primaryimage\"},\"thumbnailUrl\":\"https:\/\/jornalfatosenoticias.com.br\/wp-content\/uploads\/2021\/09\/seringueiro-isolado.jpg\",\"datePublished\":\"2021-09-17T17:46:30+00:00\",\"dateModified\":\"2021-09-17T17:46:34+00:00\",\"breadcrumb\":{\"@id\":\"https:\/\/jornalfatosenoticias.com.br\/index.php\/2021\/09\/17\/seringueiro-que-vive-isolado-em-floresta-e-localizado-por-imagens-de-satelite\/#breadcrumb\"},\"inLanguage\":\"pt-BR\",\"potentialAction\":[{\"@type\":\"ReadAction\",\"target\":[\"https:\/\/jornalfatosenoticias.com.br\/index.php\/2021\/09\/17\/seringueiro-que-vive-isolado-em-floresta-e-localizado-por-imagens-de-satelite\/\"]}]},{\"@type\":\"ImageObject\",\"inLanguage\":\"pt-BR\",\"@id\":\"https:\/\/jornalfatosenoticias.com.br\/index.php\/2021\/09\/17\/seringueiro-que-vive-isolado-em-floresta-e-localizado-por-imagens-de-satelite\/#primaryimage\",\"url\":\"https:\/\/jornalfatosenoticias.com.br\/wp-content\/uploads\/2021\/09\/seringueiro-isolado.jpg\",\"contentUrl\":\"https:\/\/jornalfatosenoticias.com.br\/wp-content\/uploads\/2021\/09\/seringueiro-isolado.jpg\",\"width\":1000,\"height\":705},{\"@type\":\"BreadcrumbList\",\"@id\":\"https:\/\/jornalfatosenoticias.com.br\/index.php\/2021\/09\/17\/seringueiro-que-vive-isolado-em-floresta-e-localizado-por-imagens-de-satelite\/#breadcrumb\",\"itemListElement\":[{\"@type\":\"ListItem\",\"position\":1,\"name\":\"In\u00edcio\",\"item\":\"https:\/\/jornalfatosenoticias.com.br\/\"},{\"@type\":\"ListItem\",\"position\":2,\"name\":\"Seringueiro que vive isolado em floresta \u00e9 localizado por imagens de sat\u00e9lite\"}]},{\"@type\":\"WebSite\",\"@id\":\"https:\/\/jornalfatosenoticias.com.br\/#website\",\"url\":\"https:\/\/jornalfatosenoticias.com.br\/\",\"name\":\"Jornal Fatos e Not\u00edcias\",\"description\":\"Not\u00edcias em geral\",\"publisher\":{\"@id\":\"https:\/\/jornalfatosenoticias.com.br\/#organization\"},\"potentialAction\":[{\"@type\":\"SearchAction\",\"target\":{\"@type\":\"EntryPoint\",\"urlTemplate\":\"https:\/\/jornalfatosenoticias.com.br\/?s={search_term_string}\"},\"query-input\":{\"@type\":\"PropertyValueSpecification\",\"valueRequired\":true,\"valueName\":\"search_term_string\"}}],\"inLanguage\":\"pt-BR\"},{\"@type\":\"Organization\",\"@id\":\"https:\/\/jornalfatosenoticias.com.br\/#organization\",\"name\":\"Jornal Fatos e Not\u00edcias\",\"url\":\"https:\/\/jornalfatosenoticias.com.br\/\",\"logo\":{\"@type\":\"ImageObject\",\"inLanguage\":\"pt-BR\",\"@id\":\"https:\/\/jornalfatosenoticias.com.br\/#\/schema\/logo\/image\/\",\"url\":\"https:\/\/jornalfatosenoticias.com.br\/wp-content\/uploads\/2020\/02\/logo120.png\",\"contentUrl\":\"https:\/\/jornalfatosenoticias.com.br\/wp-content\/uploads\/2020\/02\/logo120.png\",\"width\":1227,\"height\":120,\"caption\":\"Jornal Fatos e Not\u00edcias\"},\"image\":{\"@id\":\"https:\/\/jornalfatosenoticias.com.br\/#\/schema\/logo\/image\/\"}},{\"@type\":\"Person\",\"@id\":\"https:\/\/jornalfatosenoticias.com.br\/#\/schema\/person\/d63837fa13ac8666eb9e74e0985d6f81\",\"name\":\"Luzimara Fernandes\",\"image\":{\"@type\":\"ImageObject\",\"inLanguage\":\"pt-BR\",\"@id\":\"https:\/\/jornalfatosenoticias.com.br\/#\/schema\/person\/image\/\",\"url\":\"https:\/\/jornalfatosenoticias.com.br\/wp-content\/uploads\/2025\/05\/EU_portal.jpg\",\"contentUrl\":\"https:\/\/jornalfatosenoticias.com.br\/wp-content\/uploads\/2025\/05\/EU_portal.jpg\",\"caption\":\"Luzimara Fernandes\"},\"description\":\"Jornalista MTB 2358-ES\",\"sameAs\":[\"https:\/\/jornalfatosenoticias.com.br\"],\"url\":\"https:\/\/jornalfatosenoticias.com.br\/index.php\/author\/luzimara\/\"}]}<\/script>\n<!-- \/ Yoast SEO plugin. -->","yoast_head_json":{"title":"Seringueiro que vive isolado em floresta \u00e9 localizado por imagens de sat\u00e9lite - Jornal Fatos e Not\u00edcias","robots":{"index":"index","follow":"follow","max-snippet":"max-snippet:-1","max-image-preview":"max-image-preview:large","max-video-preview":"max-video-preview:-1"},"canonical":"https:\/\/jornalfatosenoticias.com.br\/index.php\/2021\/09\/17\/seringueiro-que-vive-isolado-em-floresta-e-localizado-por-imagens-de-satelite\/","og_locale":"pt_BR","og_type":"article","og_title":"Seringueiro que vive isolado em floresta \u00e9 localizado por imagens de sat\u00e9lite - Jornal Fatos e Not\u00edcias","og_description":"Seringueiro, isolado h\u00e1 25 anos, foi achado por imagens de sat\u00e9lite por equipes do governo Isolado h\u00e1 25 anos no Complexo de Florestas Estaduais do Rio Greg\u00f3rio (CFERG), que fica entre as cidades acreanas de Tarauac\u00e1 e Cruzeiro do Sul, interior do estado, o seringueiro e extrativista Gildo da Silva Concei\u00e7\u00e3o, de 54 anos, recebeu, [&hellip;]","og_url":"https:\/\/jornalfatosenoticias.com.br\/index.php\/2021\/09\/17\/seringueiro-que-vive-isolado-em-floresta-e-localizado-por-imagens-de-satelite\/","og_site_name":"Jornal Fatos e Not\u00edcias","article_published_time":"2021-09-17T17:46:30+00:00","article_modified_time":"2021-09-17T17:46:34+00:00","og_image":[{"width":1000,"height":705,"url":"https:\/\/jornalfatosenoticias.com.br\/wp-content\/uploads\/2021\/09\/seringueiro-isolado.jpg","type":"image\/jpeg"}],"author":"Luzimara Fernandes","twitter_card":"summary_large_image","twitter_misc":{"Escrito por":"Luzimara Fernandes","Est. tempo de leitura":"3 minutos"},"schema":{"@context":"https:\/\/schema.org","@graph":[{"@type":"Article","@id":"https:\/\/jornalfatosenoticias.com.br\/index.php\/2021\/09\/17\/seringueiro-que-vive-isolado-em-floresta-e-localizado-por-imagens-de-satelite\/#article","isPartOf":{"@id":"https:\/\/jornalfatosenoticias.com.br\/index.php\/2021\/09\/17\/seringueiro-que-vive-isolado-em-floresta-e-localizado-por-imagens-de-satelite\/"},"author":{"name":"Luzimara Fernandes","@id":"https:\/\/jornalfatosenoticias.com.br\/#\/schema\/person\/d63837fa13ac8666eb9e74e0985d6f81"},"headline":"Seringueiro que vive isolado em floresta \u00e9 localizado por imagens de sat\u00e9lite","datePublished":"2021-09-17T17:46:30+00:00","dateModified":"2021-09-17T17:46:34+00:00","mainEntityOfPage":{"@id":"https:\/\/jornalfatosenoticias.com.br\/index.php\/2021\/09\/17\/seringueiro-que-vive-isolado-em-floresta-e-localizado-por-imagens-de-satelite\/"},"wordCount":609,"commentCount":0,"publisher":{"@id":"https:\/\/jornalfatosenoticias.com.br\/#organization"},"image":{"@id":"https:\/\/jornalfatosenoticias.com.br\/index.php\/2021\/09\/17\/seringueiro-que-vive-isolado-em-floresta-e-localizado-por-imagens-de-satelite\/#primaryimage"},"thumbnailUrl":"https:\/\/jornalfatosenoticias.com.br\/wp-content\/uploads\/2021\/09\/seringueiro-isolado.jpg","keywords":["Acre","amaz\u00f4nia","floresta","isolado","seringueiro"],"articleSection":["Comportamento &amp; Equil\u00edbrio"],"inLanguage":"pt-BR","potentialAction":[{"@type":"CommentAction","name":"Comment","target":["https:\/\/jornalfatosenoticias.com.br\/index.php\/2021\/09\/17\/seringueiro-que-vive-isolado-em-floresta-e-localizado-por-imagens-de-satelite\/#respond"]}]},{"@type":"WebPage","@id":"https:\/\/jornalfatosenoticias.com.br\/index.php\/2021\/09\/17\/seringueiro-que-vive-isolado-em-floresta-e-localizado-por-imagens-de-satelite\/","url":"https:\/\/jornalfatosenoticias.com.br\/index.php\/2021\/09\/17\/seringueiro-que-vive-isolado-em-floresta-e-localizado-por-imagens-de-satelite\/","name":"Seringueiro que vive isolado em floresta \u00e9 localizado por imagens de sat\u00e9lite - Jornal Fatos e Not\u00edcias","isPartOf":{"@id":"https:\/\/jornalfatosenoticias.com.br\/#website"},"primaryImageOfPage":{"@id":"https:\/\/jornalfatosenoticias.com.br\/index.php\/2021\/09\/17\/seringueiro-que-vive-isolado-em-floresta-e-localizado-por-imagens-de-satelite\/#primaryimage"},"image":{"@id":"https:\/\/jornalfatosenoticias.com.br\/index.php\/2021\/09\/17\/seringueiro-que-vive-isolado-em-floresta-e-localizado-por-imagens-de-satelite\/#primaryimage"},"thumbnailUrl":"https:\/\/jornalfatosenoticias.com.br\/wp-content\/uploads\/2021\/09\/seringueiro-isolado.jpg","datePublished":"2021-09-17T17:46:30+00:00","dateModified":"2021-09-17T17:46:34+00:00","breadcrumb":{"@id":"https:\/\/jornalfatosenoticias.com.br\/index.php\/2021\/09\/17\/seringueiro-que-vive-isolado-em-floresta-e-localizado-por-imagens-de-satelite\/#breadcrumb"},"inLanguage":"pt-BR","potentialAction":[{"@type":"ReadAction","target":["https:\/\/jornalfatosenoticias.com.br\/index.php\/2021\/09\/17\/seringueiro-que-vive-isolado-em-floresta-e-localizado-por-imagens-de-satelite\/"]}]},{"@type":"ImageObject","inLanguage":"pt-BR","@id":"https:\/\/jornalfatosenoticias.com.br\/index.php\/2021\/09\/17\/seringueiro-que-vive-isolado-em-floresta-e-localizado-por-imagens-de-satelite\/#primaryimage","url":"https:\/\/jornalfatosenoticias.com.br\/wp-content\/uploads\/2021\/09\/seringueiro-isolado.jpg","contentUrl":"https:\/\/jornalfatosenoticias.com.br\/wp-content\/uploads\/2021\/09\/seringueiro-isolado.jpg","width":1000,"height":705},{"@type":"BreadcrumbList","@id":"https:\/\/jornalfatosenoticias.com.br\/index.php\/2021\/09\/17\/seringueiro-que-vive-isolado-em-floresta-e-localizado-por-imagens-de-satelite\/#breadcrumb","itemListElement":[{"@type":"ListItem","position":1,"name":"In\u00edcio","item":"https:\/\/jornalfatosenoticias.com.br\/"},{"@type":"ListItem","position":2,"name":"Seringueiro que vive isolado em floresta \u00e9 localizado por imagens de sat\u00e9lite"}]},{"@type":"WebSite","@id":"https:\/\/jornalfatosenoticias.com.br\/#website","url":"https:\/\/jornalfatosenoticias.com.br\/","name":"Jornal Fatos e Not\u00edcias","description":"Not\u00edcias em geral","publisher":{"@id":"https:\/\/jornalfatosenoticias.com.br\/#organization"},"potentialAction":[{"@type":"SearchAction","target":{"@type":"EntryPoint","urlTemplate":"https:\/\/jornalfatosenoticias.com.br\/?s={search_term_string}"},"query-input":{"@type":"PropertyValueSpecification","valueRequired":true,"valueName":"search_term_string"}}],"inLanguage":"pt-BR"},{"@type":"Organization","@id":"https:\/\/jornalfatosenoticias.com.br\/#organization","name":"Jornal Fatos e Not\u00edcias","url":"https:\/\/jornalfatosenoticias.com.br\/","logo":{"@type":"ImageObject","inLanguage":"pt-BR","@id":"https:\/\/jornalfatosenoticias.com.br\/#\/schema\/logo\/image\/","url":"https:\/\/jornalfatosenoticias.com.br\/wp-content\/uploads\/2020\/02\/logo120.png","contentUrl":"https:\/\/jornalfatosenoticias.com.br\/wp-content\/uploads\/2020\/02\/logo120.png","width":1227,"height":120,"caption":"Jornal Fatos e Not\u00edcias"},"image":{"@id":"https:\/\/jornalfatosenoticias.com.br\/#\/schema\/logo\/image\/"}},{"@type":"Person","@id":"https:\/\/jornalfatosenoticias.com.br\/#\/schema\/person\/d63837fa13ac8666eb9e74e0985d6f81","name":"Luzimara Fernandes","image":{"@type":"ImageObject","inLanguage":"pt-BR","@id":"https:\/\/jornalfatosenoticias.com.br\/#\/schema\/person\/image\/","url":"https:\/\/jornalfatosenoticias.com.br\/wp-content\/uploads\/2025\/05\/EU_portal.jpg","contentUrl":"https:\/\/jornalfatosenoticias.com.br\/wp-content\/uploads\/2025\/05\/EU_portal.jpg","caption":"Luzimara Fernandes"},"description":"Jornalista MTB 2358-ES","sameAs":["https:\/\/jornalfatosenoticias.com.br"],"url":"https:\/\/jornalfatosenoticias.com.br\/index.php\/author\/luzimara\/"}]}},"cc_featured_image_caption":{"caption_text":"(Foto: Arquivo\/Ciopaer)","source_text":"","source_url":""},"jetpack_featured_media_url":"https:\/\/jornalfatosenoticias.com.br\/wp-content\/uploads\/2021\/09\/seringueiro-isolado.jpg","_links":{"self":[{"href":"https:\/\/jornalfatosenoticias.com.br\/index.php\/wp-json\/wp\/v2\/posts\/23000","targetHints":{"allow":["GET"]}}],"collection":[{"href":"https:\/\/jornalfatosenoticias.com.br\/index.php\/wp-json\/wp\/v2\/posts"}],"about":[{"href":"https:\/\/jornalfatosenoticias.com.br\/index.php\/wp-json\/wp\/v2\/types\/post"}],"author":[{"embeddable":true,"href":"https:\/\/jornalfatosenoticias.com.br\/index.php\/wp-json\/wp\/v2\/users\/2"}],"replies":[{"embeddable":true,"href":"https:\/\/jornalfatosenoticias.com.br\/index.php\/wp-json\/wp\/v2\/comments?post=23000"}],"version-history":[{"count":0,"href":"https:\/\/jornalfatosenoticias.com.br\/index.php\/wp-json\/wp\/v2\/posts\/23000\/revisions"}],"wp:featuredmedia":[{"embeddable":true,"href":"https:\/\/jornalfatosenoticias.com.br\/index.php\/wp-json\/wp\/v2\/media\/23001"}],"wp:attachment":[{"href":"https:\/\/jornalfatosenoticias.com.br\/index.php\/wp-json\/wp\/v2\/media?parent=23000"}],"wp:term":[{"taxonomy":"category","embeddable":true,"href":"https:\/\/jornalfatosenoticias.com.br\/index.php\/wp-json\/wp\/v2\/categories?post=23000"},{"taxonomy":"post_tag","embeddable":true,"href":"https:\/\/jornalfatosenoticias.com.br\/index.php\/wp-json\/wp\/v2\/tags?post=23000"}],"curies":[{"name":"wp","href":"https:\/\/api.w.org\/{rel}","templated":true}]}}