{"id":23004,"date":"2021-09-17T15:05:21","date_gmt":"2021-09-17T18:05:21","guid":{"rendered":"https:\/\/jornalfatosenoticias.com.br\/?p=23004"},"modified":"2021-09-17T15:05:22","modified_gmt":"2021-09-17T18:05:22","slug":"brasileiro-cria-primeira-bicicleta-de-plastico-reciclado-do-mundo","status":"publish","type":"post","link":"https:\/\/jornalfatosenoticias.com.br\/index.php\/2021\/09\/17\/brasileiro-cria-primeira-bicicleta-de-plastico-reciclado-do-mundo\/","title":{"rendered":"Brasileiro cria primeira bicicleta de pl\u00e1stico reciclado do mundo"},"content":{"rendered":"\n<p><em><span class=\"has-inline-color has-black-color\">Primeira bike do mundo feita com pl\u00e1stico reciclado \u00e9 brasileira e j\u00e1 faz sucesso no exterior<\/span><\/em><\/p>\n\n\n\n<p>Garrafas PET, embalagens de shampoo, pe\u00e7as de geladeira\u2026 Na m\u00e3o do <strong><a href=\"https:\/\/revistacasaejardim.globo.com\/Casa-e-Jardim\/Decoracao\/noticia\/2018\/11\/artista-plastico-goiano-vive-em-apartamento-com-clima-de-galeria.html\" target=\"_blank\" rel=\"noreferrer noopener\">artista pl\u00e1stico<\/a><\/strong> uruguaio <strong>Juan Muzzi<\/strong>, radicado no Brasil, todo tipo de res\u00edduo pl\u00e1stico vira mat\u00e9ria-prima para a produ\u00e7\u00e3o de bikes. Ele \u00e9 dono da patente da primeira <strong><a href=\"https:\/\/revistacasaejardim.globo.com\/Casa-e-Jardim\/Dicas\/Organizacao\/fotos\/2013\/05\/bicicleta-em-casa.html\" target=\"_blank\" rel=\"noreferrer noopener\">bicicleta<\/a><\/strong> do mundo feita com <a href=\"https:\/\/revistacasaejardim.globo.com\/Casa-e-Jardim\/Dicas\/Sustentabilidade\/noticia\/2018\/11\/primeiro-supermercado-sem-plastico-do-mundo-tem-mais-de-1300-itens-venda.html\" target=\"_blank\" rel=\"noreferrer noopener\"><strong>pl\u00e1stico<\/strong><\/a> <strong><a href=\"https:\/\/revistacasaejardim.globo.com\/Casa-e-Jardim\/Dicas\/Reciclagem\/noticia\/2013\/04\/cinco-ideias-com-materiais-reaproveitados.html\" target=\"_blank\" rel=\"noreferrer noopener\">reciclado<\/a><\/strong>. O modelo foi desenvolvido e fabricado no Brasil, mais especificamente em S\u00e3o Paulo, ap\u00f3s doze anos de pesquisa.<br>Patenteada em 2012 pelo artista, as bicicletas pl\u00e1sticas da Muzzi Cycles ganharam o mundo e j\u00e1 podem ser encontradas em 20 pa\u00edses. O sucesso \u00e9 tanto que a companhia j\u00e1 possui at\u00e9 filial na Holanda e na Argentina.<br>Para fabric\u00e1-las, a empresa conta com o <a href=\"http:\/\/revistacasaejardim.globo.com\/Casa-e-Comida\/noticia\/2019\/02\/8-lanches-para-espantar-o-estresse-durante-o-trabalho.html\" target=\"_blank\" rel=\"noreferrer noopener\"><strong>trabalho<\/strong><\/a>\u00a0de algumas ONGs que recolhem sucata e vendem para a granula\u00e7\u00e3o. Na produ\u00e7\u00e3o, o pl\u00e1stico granulado entra em uma m\u00e1quina e \u00e9 injetado no molde de a\u00e7o. Cada quadro deste demora tr\u00eas minutos e meio para ser fabricado e, se for feito s\u00f3 de PET, utiliza 200\u00a0<a href=\"https:\/\/revistacasaejardim.globo.com\/Casa-e-Jardim\/Decoracao\/noticia\/2018\/10\/11-maneiras-criativas-de-decorar-casa-com-vidros-e-garrafas.html\" target=\"_blank\" rel=\"noreferrer noopener\"><strong>garrafas<\/strong><\/a>.<br>Tanto esfor\u00e7o valeu a pena! Atualmente a empresa de Muzzi, a MuzziCycle, produz dez mil unidades da bike de pl\u00e1stico reciclado por m\u00eas e est\u00e1, inclusive, com lista de espera de compradores.<br>Al\u00e9m de amiga do <a href=\"https:\/\/revistacasaejardim.globo.com\/Casa-e-Jardim\/Reportagem\/noticia\/2018\/07\/entenda-o-impacto-do-plastico-nos-oceanos-e-no-meio-ambiente.html\" target=\"_blank\" rel=\"noreferrer noopener\"><strong>meio ambiente<\/strong><\/a>\u00a0e de barata produ\u00e7\u00e3o, a bicicleta promete ser mais resistente e flex\u00edvel que as comuns. Isso porque o pl\u00e1stico \u00e9 um material que n\u00e3o enferruja e que amortece naturalmente os impactos. As encomendas podem ser feitas pelo\u00a0<a href=\"http:\/\/www.muzzicycles.com.br\/\" target=\"_blank\" rel=\"noreferrer noopener\"><strong>site<\/strong><\/a>, a partir de R$ 784 \u00e0 vista, ou R$ 980 parcelados. O prazo de entrega \u00e9 de 30 dias ap\u00f3s a compra (http:\/\/www.muzzicycles.com.br).<\/p>\n\n\n\n<p><strong><em>Fonte: <a href=\"https:\/\/revistacasaejardim.globo.com\/Curiosidades\/noticia\/2019\/01\/brasileiro-cria-primeira-bicicleta-de-plastico-reciclado-do-mundo.html\">Revista Casa e Jardim<\/a><\/em><\/strong><\/p>\n","protected":false},"excerpt":{"rendered":"<p>Primeira bike do mundo feita com pl\u00e1stico reciclado \u00e9 brasileira e j\u00e1 faz sucesso no exterior Garrafas PET, embalagens de shampoo, pe\u00e7as de geladeira\u2026 Na m\u00e3o do artista pl\u00e1stico uruguaio Juan Muzzi, radicado no Brasil, todo tipo de res\u00edduo pl\u00e1stico vira mat\u00e9ria-prima para a produ\u00e7\u00e3o de bikes. Ele \u00e9 dono da patente da primeira bicicleta [&hellip;]<\/p>\n","protected":false},"author":2,"featured_media":23005,"comment_status":"open","ping_status":"open","sticky":false,"template":"","format":"standard","meta":{"footnotes":""},"categories":[9923],"tags":[4335,3052,11224,3706,7119,11223,2851],"class_list":["post-23004","post","type-post","status-publish","format-standard","has-post-thumbnail","hentry","category-mobilidade","tag-bike","tag-garrafas-pet","tag-juan-muzzi","tag-mobilidade-urbana","tag-plastico-reciclavel","tag-reciclado","tag-reciclagem"],"yoast_head":"<!-- This site is optimized with the Yoast SEO plugin v26.5 - https:\/\/yoast.com\/wordpress\/plugins\/seo\/ -->\n<title>Brasileiro cria primeira bicicleta de pl\u00e1stico reciclado do mundo - Jornal Fatos e Not\u00edcias<\/title>\n<meta name=\"robots\" content=\"index, follow, max-snippet:-1, max-image-preview:large, max-video-preview:-1\" \/>\n<link rel=\"canonical\" href=\"https:\/\/jornalfatosenoticias.com.br\/index.php\/2021\/09\/17\/brasileiro-cria-primeira-bicicleta-de-plastico-reciclado-do-mundo\/\" \/>\n<meta property=\"og:locale\" content=\"pt_BR\" \/>\n<meta property=\"og:type\" content=\"article\" \/>\n<meta property=\"og:title\" content=\"Brasileiro cria primeira bicicleta de pl\u00e1stico reciclado do mundo - Jornal Fatos e Not\u00edcias\" \/>\n<meta property=\"og:description\" content=\"Primeira bike do mundo feita com pl\u00e1stico reciclado \u00e9 brasileira e j\u00e1 faz sucesso no exterior Garrafas PET, embalagens de shampoo, pe\u00e7as de geladeira\u2026 Na m\u00e3o do artista pl\u00e1stico uruguaio Juan Muzzi, radicado no Brasil, todo tipo de res\u00edduo pl\u00e1stico vira mat\u00e9ria-prima para a produ\u00e7\u00e3o de bikes. Ele \u00e9 dono da patente da primeira bicicleta [&hellip;]\" \/>\n<meta property=\"og:url\" content=\"https:\/\/jornalfatosenoticias.com.br\/index.php\/2021\/09\/17\/brasileiro-cria-primeira-bicicleta-de-plastico-reciclado-do-mundo\/\" \/>\n<meta property=\"og:site_name\" content=\"Jornal Fatos e Not\u00edcias\" \/>\n<meta property=\"article:published_time\" content=\"2021-09-17T18:05:21+00:00\" \/>\n<meta property=\"article:modified_time\" content=\"2021-09-17T18:05:22+00:00\" \/>\n<meta property=\"og:image\" content=\"https:\/\/jornalfatosenoticias.com.br\/wp-content\/uploads\/2021\/09\/primeira-bike-mundo-feita-plastico-reciclado-brasileira.jpg\" \/>\n\t<meta property=\"og:image:width\" content=\"1000\" \/>\n\t<meta property=\"og:image:height\" content=\"666\" \/>\n\t<meta property=\"og:image:type\" content=\"image\/jpeg\" \/>\n<meta name=\"author\" content=\"Luzimara Fernandes\" \/>\n<meta name=\"twitter:card\" content=\"summary_large_image\" \/>\n<meta name=\"twitter:label1\" content=\"Escrito por\" \/>\n\t<meta name=\"twitter:data1\" content=\"Luzimara Fernandes\" \/>\n\t<meta name=\"twitter:label2\" content=\"Est. tempo de leitura\" \/>\n\t<meta name=\"twitter:data2\" content=\"1 minuto\" \/>\n<script type=\"application\/ld+json\" class=\"yoast-schema-graph\">{\"@context\":\"https:\/\/schema.org\",\"@graph\":[{\"@type\":\"Article\",\"@id\":\"https:\/\/jornalfatosenoticias.com.br\/index.php\/2021\/09\/17\/brasileiro-cria-primeira-bicicleta-de-plastico-reciclado-do-mundo\/#article\",\"isPartOf\":{\"@id\":\"https:\/\/jornalfatosenoticias.com.br\/index.php\/2021\/09\/17\/brasileiro-cria-primeira-bicicleta-de-plastico-reciclado-do-mundo\/\"},\"author\":{\"name\":\"Luzimara Fernandes\",\"@id\":\"https:\/\/jornalfatosenoticias.com.br\/#\/schema\/person\/d63837fa13ac8666eb9e74e0985d6f81\"},\"headline\":\"Brasileiro cria primeira bicicleta de pl\u00e1stico reciclado do mundo\",\"datePublished\":\"2021-09-17T18:05:21+00:00\",\"dateModified\":\"2021-09-17T18:05:22+00:00\",\"mainEntityOfPage\":{\"@id\":\"https:\/\/jornalfatosenoticias.com.br\/index.php\/2021\/09\/17\/brasileiro-cria-primeira-bicicleta-de-plastico-reciclado-do-mundo\/\"},\"wordCount\":307,\"commentCount\":0,\"publisher\":{\"@id\":\"https:\/\/jornalfatosenoticias.com.br\/#organization\"},\"image\":{\"@id\":\"https:\/\/jornalfatosenoticias.com.br\/index.php\/2021\/09\/17\/brasileiro-cria-primeira-bicicleta-de-plastico-reciclado-do-mundo\/#primaryimage\"},\"thumbnailUrl\":\"https:\/\/jornalfatosenoticias.com.br\/wp-content\/uploads\/2021\/09\/primeira-bike-mundo-feita-plastico-reciclado-brasileira.jpg\",\"keywords\":[\"bike\",\"garrafas PET\",\"Juan Muzzi\",\"mobilidade urbana\",\"pl\u00e1stico recicl\u00e1vel\",\"reciclado\",\"reciclagem\"],\"articleSection\":[\"Mobilidade\"],\"inLanguage\":\"pt-BR\",\"potentialAction\":[{\"@type\":\"CommentAction\",\"name\":\"Comment\",\"target\":[\"https:\/\/jornalfatosenoticias.com.br\/index.php\/2021\/09\/17\/brasileiro-cria-primeira-bicicleta-de-plastico-reciclado-do-mundo\/#respond\"]}]},{\"@type\":\"WebPage\",\"@id\":\"https:\/\/jornalfatosenoticias.com.br\/index.php\/2021\/09\/17\/brasileiro-cria-primeira-bicicleta-de-plastico-reciclado-do-mundo\/\",\"url\":\"https:\/\/jornalfatosenoticias.com.br\/index.php\/2021\/09\/17\/brasileiro-cria-primeira-bicicleta-de-plastico-reciclado-do-mundo\/\",\"name\":\"Brasileiro cria primeira bicicleta de pl\u00e1stico reciclado do mundo - Jornal Fatos e Not\u00edcias\",\"isPartOf\":{\"@id\":\"https:\/\/jornalfatosenoticias.com.br\/#website\"},\"primaryImageOfPage\":{\"@id\":\"https:\/\/jornalfatosenoticias.com.br\/index.php\/2021\/09\/17\/brasileiro-cria-primeira-bicicleta-de-plastico-reciclado-do-mundo\/#primaryimage\"},\"image\":{\"@id\":\"https:\/\/jornalfatosenoticias.com.br\/index.php\/2021\/09\/17\/brasileiro-cria-primeira-bicicleta-de-plastico-reciclado-do-mundo\/#primaryimage\"},\"thumbnailUrl\":\"https:\/\/jornalfatosenoticias.com.br\/wp-content\/uploads\/2021\/09\/primeira-bike-mundo-feita-plastico-reciclado-brasileira.jpg\",\"datePublished\":\"2021-09-17T18:05:21+00:00\",\"dateModified\":\"2021-09-17T18:05:22+00:00\",\"breadcrumb\":{\"@id\":\"https:\/\/jornalfatosenoticias.com.br\/index.php\/2021\/09\/17\/brasileiro-cria-primeira-bicicleta-de-plastico-reciclado-do-mundo\/#breadcrumb\"},\"inLanguage\":\"pt-BR\",\"potentialAction\":[{\"@type\":\"ReadAction\",\"target\":[\"https:\/\/jornalfatosenoticias.com.br\/index.php\/2021\/09\/17\/brasileiro-cria-primeira-bicicleta-de-plastico-reciclado-do-mundo\/\"]}]},{\"@type\":\"ImageObject\",\"inLanguage\":\"pt-BR\",\"@id\":\"https:\/\/jornalfatosenoticias.com.br\/index.php\/2021\/09\/17\/brasileiro-cria-primeira-bicicleta-de-plastico-reciclado-do-mundo\/#primaryimage\",\"url\":\"https:\/\/jornalfatosenoticias.com.br\/wp-content\/uploads\/2021\/09\/primeira-bike-mundo-feita-plastico-reciclado-brasileira.jpg\",\"contentUrl\":\"https:\/\/jornalfatosenoticias.com.br\/wp-content\/uploads\/2021\/09\/primeira-bike-mundo-feita-plastico-reciclado-brasileira.jpg\",\"width\":1000,\"height\":666},{\"@type\":\"BreadcrumbList\",\"@id\":\"https:\/\/jornalfatosenoticias.com.br\/index.php\/2021\/09\/17\/brasileiro-cria-primeira-bicicleta-de-plastico-reciclado-do-mundo\/#breadcrumb\",\"itemListElement\":[{\"@type\":\"ListItem\",\"position\":1,\"name\":\"In\u00edcio\",\"item\":\"https:\/\/jornalfatosenoticias.com.br\/\"},{\"@type\":\"ListItem\",\"position\":2,\"name\":\"Brasileiro cria primeira bicicleta de pl\u00e1stico reciclado do mundo\"}]},{\"@type\":\"WebSite\",\"@id\":\"https:\/\/jornalfatosenoticias.com.br\/#website\",\"url\":\"https:\/\/jornalfatosenoticias.com.br\/\",\"name\":\"Jornal Fatos e Not\u00edcias\",\"description\":\"Not\u00edcias em geral\",\"publisher\":{\"@id\":\"https:\/\/jornalfatosenoticias.com.br\/#organization\"},\"potentialAction\":[{\"@type\":\"SearchAction\",\"target\":{\"@type\":\"EntryPoint\",\"urlTemplate\":\"https:\/\/jornalfatosenoticias.com.br\/?s={search_term_string}\"},\"query-input\":{\"@type\":\"PropertyValueSpecification\",\"valueRequired\":true,\"valueName\":\"search_term_string\"}}],\"inLanguage\":\"pt-BR\"},{\"@type\":\"Organization\",\"@id\":\"https:\/\/jornalfatosenoticias.com.br\/#organization\",\"name\":\"Jornal Fatos e Not\u00edcias\",\"url\":\"https:\/\/jornalfatosenoticias.com.br\/\",\"logo\":{\"@type\":\"ImageObject\",\"inLanguage\":\"pt-BR\",\"@id\":\"https:\/\/jornalfatosenoticias.com.br\/#\/schema\/logo\/image\/\",\"url\":\"https:\/\/jornalfatosenoticias.com.br\/wp-content\/uploads\/2020\/02\/logo120.png\",\"contentUrl\":\"https:\/\/jornalfatosenoticias.com.br\/wp-content\/uploads\/2020\/02\/logo120.png\",\"width\":1227,\"height\":120,\"caption\":\"Jornal Fatos e Not\u00edcias\"},\"image\":{\"@id\":\"https:\/\/jornalfatosenoticias.com.br\/#\/schema\/logo\/image\/\"}},{\"@type\":\"Person\",\"@id\":\"https:\/\/jornalfatosenoticias.com.br\/#\/schema\/person\/d63837fa13ac8666eb9e74e0985d6f81\",\"name\":\"Luzimara Fernandes\",\"image\":{\"@type\":\"ImageObject\",\"inLanguage\":\"pt-BR\",\"@id\":\"https:\/\/jornalfatosenoticias.com.br\/#\/schema\/person\/image\/\",\"url\":\"https:\/\/jornalfatosenoticias.com.br\/wp-content\/uploads\/2025\/05\/EU_portal.jpg\",\"contentUrl\":\"https:\/\/jornalfatosenoticias.com.br\/wp-content\/uploads\/2025\/05\/EU_portal.jpg\",\"caption\":\"Luzimara Fernandes\"},\"description\":\"Jornalista MTB 2358-ES\",\"sameAs\":[\"https:\/\/jornalfatosenoticias.com.br\"],\"url\":\"https:\/\/jornalfatosenoticias.com.br\/index.php\/author\/luzimara\/\"}]}<\/script>\n<!-- \/ Yoast SEO plugin. -->","yoast_head_json":{"title":"Brasileiro cria primeira bicicleta de pl\u00e1stico reciclado do mundo - Jornal Fatos e Not\u00edcias","robots":{"index":"index","follow":"follow","max-snippet":"max-snippet:-1","max-image-preview":"max-image-preview:large","max-video-preview":"max-video-preview:-1"},"canonical":"https:\/\/jornalfatosenoticias.com.br\/index.php\/2021\/09\/17\/brasileiro-cria-primeira-bicicleta-de-plastico-reciclado-do-mundo\/","og_locale":"pt_BR","og_type":"article","og_title":"Brasileiro cria primeira bicicleta de pl\u00e1stico reciclado do mundo - Jornal Fatos e Not\u00edcias","og_description":"Primeira bike do mundo feita com pl\u00e1stico reciclado \u00e9 brasileira e j\u00e1 faz sucesso no exterior Garrafas PET, embalagens de shampoo, pe\u00e7as de geladeira\u2026 Na m\u00e3o do artista pl\u00e1stico uruguaio Juan Muzzi, radicado no Brasil, todo tipo de res\u00edduo pl\u00e1stico vira mat\u00e9ria-prima para a produ\u00e7\u00e3o de bikes. Ele \u00e9 dono da patente da primeira bicicleta [&hellip;]","og_url":"https:\/\/jornalfatosenoticias.com.br\/index.php\/2021\/09\/17\/brasileiro-cria-primeira-bicicleta-de-plastico-reciclado-do-mundo\/","og_site_name":"Jornal Fatos e Not\u00edcias","article_published_time":"2021-09-17T18:05:21+00:00","article_modified_time":"2021-09-17T18:05:22+00:00","og_image":[{"width":1000,"height":666,"url":"https:\/\/jornalfatosenoticias.com.br\/wp-content\/uploads\/2021\/09\/primeira-bike-mundo-feita-plastico-reciclado-brasileira.jpg","type":"image\/jpeg"}],"author":"Luzimara Fernandes","twitter_card":"summary_large_image","twitter_misc":{"Escrito por":"Luzimara Fernandes","Est. tempo de leitura":"1 minuto"},"schema":{"@context":"https:\/\/schema.org","@graph":[{"@type":"Article","@id":"https:\/\/jornalfatosenoticias.com.br\/index.php\/2021\/09\/17\/brasileiro-cria-primeira-bicicleta-de-plastico-reciclado-do-mundo\/#article","isPartOf":{"@id":"https:\/\/jornalfatosenoticias.com.br\/index.php\/2021\/09\/17\/brasileiro-cria-primeira-bicicleta-de-plastico-reciclado-do-mundo\/"},"author":{"name":"Luzimara Fernandes","@id":"https:\/\/jornalfatosenoticias.com.br\/#\/schema\/person\/d63837fa13ac8666eb9e74e0985d6f81"},"headline":"Brasileiro cria primeira bicicleta de pl\u00e1stico reciclado do mundo","datePublished":"2021-09-17T18:05:21+00:00","dateModified":"2021-09-17T18:05:22+00:00","mainEntityOfPage":{"@id":"https:\/\/jornalfatosenoticias.com.br\/index.php\/2021\/09\/17\/brasileiro-cria-primeira-bicicleta-de-plastico-reciclado-do-mundo\/"},"wordCount":307,"commentCount":0,"publisher":{"@id":"https:\/\/jornalfatosenoticias.com.br\/#organization"},"image":{"@id":"https:\/\/jornalfatosenoticias.com.br\/index.php\/2021\/09\/17\/brasileiro-cria-primeira-bicicleta-de-plastico-reciclado-do-mundo\/#primaryimage"},"thumbnailUrl":"https:\/\/jornalfatosenoticias.com.br\/wp-content\/uploads\/2021\/09\/primeira-bike-mundo-feita-plastico-reciclado-brasileira.jpg","keywords":["bike","garrafas PET","Juan Muzzi","mobilidade urbana","pl\u00e1stico recicl\u00e1vel","reciclado","reciclagem"],"articleSection":["Mobilidade"],"inLanguage":"pt-BR","potentialAction":[{"@type":"CommentAction","name":"Comment","target":["https:\/\/jornalfatosenoticias.com.br\/index.php\/2021\/09\/17\/brasileiro-cria-primeira-bicicleta-de-plastico-reciclado-do-mundo\/#respond"]}]},{"@type":"WebPage","@id":"https:\/\/jornalfatosenoticias.com.br\/index.php\/2021\/09\/17\/brasileiro-cria-primeira-bicicleta-de-plastico-reciclado-do-mundo\/","url":"https:\/\/jornalfatosenoticias.com.br\/index.php\/2021\/09\/17\/brasileiro-cria-primeira-bicicleta-de-plastico-reciclado-do-mundo\/","name":"Brasileiro cria primeira bicicleta de pl\u00e1stico reciclado do mundo - Jornal Fatos e Not\u00edcias","isPartOf":{"@id":"https:\/\/jornalfatosenoticias.com.br\/#website"},"primaryImageOfPage":{"@id":"https:\/\/jornalfatosenoticias.com.br\/index.php\/2021\/09\/17\/brasileiro-cria-primeira-bicicleta-de-plastico-reciclado-do-mundo\/#primaryimage"},"image":{"@id":"https:\/\/jornalfatosenoticias.com.br\/index.php\/2021\/09\/17\/brasileiro-cria-primeira-bicicleta-de-plastico-reciclado-do-mundo\/#primaryimage"},"thumbnailUrl":"https:\/\/jornalfatosenoticias.com.br\/wp-content\/uploads\/2021\/09\/primeira-bike-mundo-feita-plastico-reciclado-brasileira.jpg","datePublished":"2021-09-17T18:05:21+00:00","dateModified":"2021-09-17T18:05:22+00:00","breadcrumb":{"@id":"https:\/\/jornalfatosenoticias.com.br\/index.php\/2021\/09\/17\/brasileiro-cria-primeira-bicicleta-de-plastico-reciclado-do-mundo\/#breadcrumb"},"inLanguage":"pt-BR","potentialAction":[{"@type":"ReadAction","target":["https:\/\/jornalfatosenoticias.com.br\/index.php\/2021\/09\/17\/brasileiro-cria-primeira-bicicleta-de-plastico-reciclado-do-mundo\/"]}]},{"@type":"ImageObject","inLanguage":"pt-BR","@id":"https:\/\/jornalfatosenoticias.com.br\/index.php\/2021\/09\/17\/brasileiro-cria-primeira-bicicleta-de-plastico-reciclado-do-mundo\/#primaryimage","url":"https:\/\/jornalfatosenoticias.com.br\/wp-content\/uploads\/2021\/09\/primeira-bike-mundo-feita-plastico-reciclado-brasileira.jpg","contentUrl":"https:\/\/jornalfatosenoticias.com.br\/wp-content\/uploads\/2021\/09\/primeira-bike-mundo-feita-plastico-reciclado-brasileira.jpg","width":1000,"height":666},{"@type":"BreadcrumbList","@id":"https:\/\/jornalfatosenoticias.com.br\/index.php\/2021\/09\/17\/brasileiro-cria-primeira-bicicleta-de-plastico-reciclado-do-mundo\/#breadcrumb","itemListElement":[{"@type":"ListItem","position":1,"name":"In\u00edcio","item":"https:\/\/jornalfatosenoticias.com.br\/"},{"@type":"ListItem","position":2,"name":"Brasileiro cria primeira bicicleta de pl\u00e1stico reciclado do mundo"}]},{"@type":"WebSite","@id":"https:\/\/jornalfatosenoticias.com.br\/#website","url":"https:\/\/jornalfatosenoticias.com.br\/","name":"Jornal Fatos e Not\u00edcias","description":"Not\u00edcias em geral","publisher":{"@id":"https:\/\/jornalfatosenoticias.com.br\/#organization"},"potentialAction":[{"@type":"SearchAction","target":{"@type":"EntryPoint","urlTemplate":"https:\/\/jornalfatosenoticias.com.br\/?s={search_term_string}"},"query-input":{"@type":"PropertyValueSpecification","valueRequired":true,"valueName":"search_term_string"}}],"inLanguage":"pt-BR"},{"@type":"Organization","@id":"https:\/\/jornalfatosenoticias.com.br\/#organization","name":"Jornal Fatos e Not\u00edcias","url":"https:\/\/jornalfatosenoticias.com.br\/","logo":{"@type":"ImageObject","inLanguage":"pt-BR","@id":"https:\/\/jornalfatosenoticias.com.br\/#\/schema\/logo\/image\/","url":"https:\/\/jornalfatosenoticias.com.br\/wp-content\/uploads\/2020\/02\/logo120.png","contentUrl":"https:\/\/jornalfatosenoticias.com.br\/wp-content\/uploads\/2020\/02\/logo120.png","width":1227,"height":120,"caption":"Jornal Fatos e Not\u00edcias"},"image":{"@id":"https:\/\/jornalfatosenoticias.com.br\/#\/schema\/logo\/image\/"}},{"@type":"Person","@id":"https:\/\/jornalfatosenoticias.com.br\/#\/schema\/person\/d63837fa13ac8666eb9e74e0985d6f81","name":"Luzimara Fernandes","image":{"@type":"ImageObject","inLanguage":"pt-BR","@id":"https:\/\/jornalfatosenoticias.com.br\/#\/schema\/person\/image\/","url":"https:\/\/jornalfatosenoticias.com.br\/wp-content\/uploads\/2025\/05\/EU_portal.jpg","contentUrl":"https:\/\/jornalfatosenoticias.com.br\/wp-content\/uploads\/2025\/05\/EU_portal.jpg","caption":"Luzimara Fernandes"},"description":"Jornalista MTB 2358-ES","sameAs":["https:\/\/jornalfatosenoticias.com.br"],"url":"https:\/\/jornalfatosenoticias.com.br\/index.php\/author\/luzimara\/"}]}},"cc_featured_image_caption":{"caption_text":"(Foto: Muzzi Cycles\/Reprodu\u00e7\u00e3o)","source_text":"","source_url":""},"jetpack_featured_media_url":"https:\/\/jornalfatosenoticias.com.br\/wp-content\/uploads\/2021\/09\/primeira-bike-mundo-feita-plastico-reciclado-brasileira.jpg","_links":{"self":[{"href":"https:\/\/jornalfatosenoticias.com.br\/index.php\/wp-json\/wp\/v2\/posts\/23004","targetHints":{"allow":["GET"]}}],"collection":[{"href":"https:\/\/jornalfatosenoticias.com.br\/index.php\/wp-json\/wp\/v2\/posts"}],"about":[{"href":"https:\/\/jornalfatosenoticias.com.br\/index.php\/wp-json\/wp\/v2\/types\/post"}],"author":[{"embeddable":true,"href":"https:\/\/jornalfatosenoticias.com.br\/index.php\/wp-json\/wp\/v2\/users\/2"}],"replies":[{"embeddable":true,"href":"https:\/\/jornalfatosenoticias.com.br\/index.php\/wp-json\/wp\/v2\/comments?post=23004"}],"version-history":[{"count":0,"href":"https:\/\/jornalfatosenoticias.com.br\/index.php\/wp-json\/wp\/v2\/posts\/23004\/revisions"}],"wp:featuredmedia":[{"embeddable":true,"href":"https:\/\/jornalfatosenoticias.com.br\/index.php\/wp-json\/wp\/v2\/media\/23005"}],"wp:attachment":[{"href":"https:\/\/jornalfatosenoticias.com.br\/index.php\/wp-json\/wp\/v2\/media?parent=23004"}],"wp:term":[{"taxonomy":"category","embeddable":true,"href":"https:\/\/jornalfatosenoticias.com.br\/index.php\/wp-json\/wp\/v2\/categories?post=23004"},{"taxonomy":"post_tag","embeddable":true,"href":"https:\/\/jornalfatosenoticias.com.br\/index.php\/wp-json\/wp\/v2\/tags?post=23004"}],"curies":[{"name":"wp","href":"https:\/\/api.w.org\/{rel}","templated":true}]}}