{"id":2301,"date":"2020-03-23T09:08:00","date_gmt":"2020-03-23T12:08:00","guid":{"rendered":"https:\/\/jornalfatosenoticias.com.br\/?p=2301"},"modified":"2020-03-23T09:08:05","modified_gmt":"2020-03-23T12:08:05","slug":"sebrae-lanca-guia-com-dicas-de-gestao-financeira","status":"publish","type":"post","link":"https:\/\/jornalfatosenoticias.com.br\/index.php\/2020\/03\/23\/sebrae-lanca-guia-com-dicas-de-gestao-financeira\/","title":{"rendered":"Sebrae lan\u00e7a guia com dicas de gest\u00e3o financeira"},"content":{"rendered":"\n<h6 class=\"wp-block-heading\"><em>\u00c9 para apoiar donos de pequenos neg\u00f3cios em raz\u00e3o da instabilidade<\/em><\/h6>\n\n\n\n<p>Como forma de apoiar os donos de pequenos neg\u00f3cios em raz\u00e3o da instabilidade econ\u00f4mica causada pela pandemia do novo coronav\u00edrus (Covid-19), o Servi\u00e7o Brasileiro de Apoio \u00e0s Micro e Pequenas Empresas (Sebrae) lan\u00e7ou um guia com dicas de gest\u00e3o financeira. O <a rel=\"noreferrer noopener\" href=\"http:\/\/www.agenciasebrae.com.br\/\/asn\/Estados\/NA\/Anexos\/Guia%20Gest%C3%A3o%20Financeira.jpg\" target=\"_blank\">documento<\/a> traz orienta\u00e7\u00f5es sobre como os donos de pequenas empresas podem fazer o controle das finan\u00e7as mais preciso diante de complica\u00e7\u00f5es nos neg\u00f3cios no atual cen\u00e1rio.<br> Com o avan\u00e7o do coronav\u00edrus no Pa\u00eds, os pequenos neg\u00f3cios t\u00eam sofrido com a redu\u00e7\u00e3o na produ\u00e7\u00e3o, no n\u00famero de clientes e tamb\u00e9m com o faturamento menor. Segundo o Sebrae, o guia traz algumas dicas para acelerar o &#8220;enfrentamento do problema e, assim, possibilitar a retomada da agenda de desenvolvimento da economia&#8221;.<br> Entre as dicas est\u00e3o fazer uma previs\u00e3o das despesas para um per\u00edodo de dois ou tr\u00eas meses. Se poss\u00edvel, identificando os valores de acordo com o tipo de despesas; evitar fazer alguma despesa que n\u00e3o seja extremamente necess\u00e1ria para a continuidade dos neg\u00f3cios; negociar as despesas com maior impacto no neg\u00f3cio, bem como negociar tamb\u00e9m as despesas banc\u00e1rias, buscando um prazo maior para o pagamento dos seus compromissos.<br> O Sebrae disse ainda que vai informar a empres\u00e1rios e funcion\u00e1rios dos segmentos mais afetados pela pandemia sobre medidas de preven\u00e7\u00e3o e oferecer orienta\u00e7\u00e3o gerencial e financeira.<\/p>\n\n\n\n<blockquote class=\"wp-block-quote is-layout-flow wp-block-quote-is-layout-flow\"><p><\/p><cite>Entre as dicas est\u00e3o fazer uma previs\u00e3o das despesas para um per\u00edodo de dois ou tr\u00eas meses<\/cite><\/blockquote>\n\n\n\n<p>&#8220;O Sebrae tamb\u00e9m pretende atuar junto aos entes p\u00fablicos para negociar a prorroga\u00e7\u00e3o do prazo para pagamento de tributos, amplia\u00e7\u00e3o da garantia de opera\u00e7\u00f5es de cr\u00e9dito e libera\u00e7\u00e3o de linhas de cr\u00e9dito especiais para mitigar os efeitos negativos da pandemia sobre os neg\u00f3cios&#8221;, informou a assessoria.<\/p>\n\n\n\n<p><strong><em>Fonte: <a href=\"https:\/\/agenciabrasil.ebc.com.br\/economia\/noticia\/2020-03\/sebrae-lanca-guia-com-dicas-de-gestao-financeira\">Ag\u00eancia Brasil<\/a><\/em><\/strong><\/p>\n","protected":false},"excerpt":{"rendered":"<p>\u00c9 para apoiar donos de pequenos neg\u00f3cios em raz\u00e3o da instabilidade Como forma de apoiar os donos de pequenos neg\u00f3cios em raz\u00e3o da instabilidade econ\u00f4mica causada pela pandemia do novo coronav\u00edrus (Covid-19), o Servi\u00e7o Brasileiro de Apoio \u00e0s Micro e Pequenas Empresas (Sebrae) lan\u00e7ou um guia com dicas de gest\u00e3o financeira. O documento traz orienta\u00e7\u00f5es [&hellip;]<\/p>\n","protected":false},"author":2,"featured_media":2302,"comment_status":"open","ping_status":"open","sticky":false,"template":"","format":"standard","meta":{"footnotes":""},"categories":[9],"tags":[273,391,859,857,858,856,855],"class_list":["post-2301","post","type-post","status-publish","format-standard","has-post-thumbnail","hentry","category-economia","tag-covid-19","tag-empresas","tag-financas","tag-instabilidade-economica","tag-orientacoes","tag-pequenos-negocios","tag-sebrae"],"yoast_head":"<!-- This site is optimized with the Yoast SEO plugin v26.5 - https:\/\/yoast.com\/wordpress\/plugins\/seo\/ -->\n<title>Sebrae lan\u00e7a guia com dicas de gest\u00e3o financeira - Jornal Fatos e Not\u00edcias<\/title>\n<meta name=\"robots\" content=\"index, follow, max-snippet:-1, max-image-preview:large, max-video-preview:-1\" \/>\n<link rel=\"canonical\" href=\"https:\/\/jornalfatosenoticias.com.br\/index.php\/2020\/03\/23\/sebrae-lanca-guia-com-dicas-de-gestao-financeira\/\" \/>\n<meta property=\"og:locale\" content=\"pt_BR\" \/>\n<meta property=\"og:type\" content=\"article\" \/>\n<meta property=\"og:title\" content=\"Sebrae lan\u00e7a guia com dicas de gest\u00e3o financeira - Jornal Fatos e Not\u00edcias\" \/>\n<meta property=\"og:description\" content=\"\u00c9 para apoiar donos de pequenos neg\u00f3cios em raz\u00e3o da instabilidade Como forma de apoiar os donos de pequenos neg\u00f3cios em raz\u00e3o da instabilidade econ\u00f4mica causada pela pandemia do novo coronav\u00edrus (Covid-19), o Servi\u00e7o Brasileiro de Apoio \u00e0s Micro e Pequenas Empresas (Sebrae) lan\u00e7ou um guia com dicas de gest\u00e3o financeira. O documento traz orienta\u00e7\u00f5es [&hellip;]\" \/>\n<meta property=\"og:url\" content=\"https:\/\/jornalfatosenoticias.com.br\/index.php\/2020\/03\/23\/sebrae-lanca-guia-com-dicas-de-gestao-financeira\/\" \/>\n<meta property=\"og:site_name\" content=\"Jornal Fatos e Not\u00edcias\" \/>\n<meta property=\"article:published_time\" content=\"2020-03-23T12:08:00+00:00\" \/>\n<meta property=\"article:modified_time\" content=\"2020-03-23T12:08:05+00:00\" \/>\n<meta property=\"og:image\" content=\"https:\/\/jornalfatosenoticias.com.br\/wp-content\/uploads\/2020\/03\/gestao-pequenos-negocios.jpg\" \/>\n\t<meta property=\"og:image:width\" content=\"1170\" \/>\n\t<meta property=\"og:image:height\" content=\"700\" \/>\n\t<meta property=\"og:image:type\" content=\"image\/jpeg\" \/>\n<meta name=\"author\" content=\"Luzimara Fernandes\" \/>\n<meta name=\"twitter:card\" content=\"summary_large_image\" \/>\n<meta name=\"twitter:label1\" content=\"Escrito por\" \/>\n\t<meta name=\"twitter:data1\" content=\"Luzimara Fernandes\" \/>\n\t<meta name=\"twitter:label2\" content=\"Est. tempo de leitura\" \/>\n\t<meta name=\"twitter:data2\" content=\"2 minutos\" \/>\n<script type=\"application\/ld+json\" class=\"yoast-schema-graph\">{\"@context\":\"https:\/\/schema.org\",\"@graph\":[{\"@type\":\"Article\",\"@id\":\"https:\/\/jornalfatosenoticias.com.br\/index.php\/2020\/03\/23\/sebrae-lanca-guia-com-dicas-de-gestao-financeira\/#article\",\"isPartOf\":{\"@id\":\"https:\/\/jornalfatosenoticias.com.br\/index.php\/2020\/03\/23\/sebrae-lanca-guia-com-dicas-de-gestao-financeira\/\"},\"author\":{\"name\":\"Luzimara Fernandes\",\"@id\":\"https:\/\/jornalfatosenoticias.com.br\/#\/schema\/person\/d63837fa13ac8666eb9e74e0985d6f81\"},\"headline\":\"Sebrae lan\u00e7a guia com dicas de gest\u00e3o financeira\",\"datePublished\":\"2020-03-23T12:08:00+00:00\",\"dateModified\":\"2020-03-23T12:08:05+00:00\",\"mainEntityOfPage\":{\"@id\":\"https:\/\/jornalfatosenoticias.com.br\/index.php\/2020\/03\/23\/sebrae-lanca-guia-com-dicas-de-gestao-financeira\/\"},\"wordCount\":352,\"commentCount\":0,\"publisher\":{\"@id\":\"https:\/\/jornalfatosenoticias.com.br\/#organization\"},\"image\":{\"@id\":\"https:\/\/jornalfatosenoticias.com.br\/index.php\/2020\/03\/23\/sebrae-lanca-guia-com-dicas-de-gestao-financeira\/#primaryimage\"},\"thumbnailUrl\":\"https:\/\/jornalfatosenoticias.com.br\/wp-content\/uploads\/2020\/03\/gestao-pequenos-negocios.jpg\",\"keywords\":[\"covid-19\",\"empresas\",\"finan\u00e7as\",\"instabilidade econ\u00f4mica\",\"orienta\u00e7\u00f5es\",\"pequenos neg\u00f3cios\",\"Sebrae\"],\"articleSection\":[\"Economia\"],\"inLanguage\":\"pt-BR\",\"potentialAction\":[{\"@type\":\"CommentAction\",\"name\":\"Comment\",\"target\":[\"https:\/\/jornalfatosenoticias.com.br\/index.php\/2020\/03\/23\/sebrae-lanca-guia-com-dicas-de-gestao-financeira\/#respond\"]}]},{\"@type\":\"WebPage\",\"@id\":\"https:\/\/jornalfatosenoticias.com.br\/index.php\/2020\/03\/23\/sebrae-lanca-guia-com-dicas-de-gestao-financeira\/\",\"url\":\"https:\/\/jornalfatosenoticias.com.br\/index.php\/2020\/03\/23\/sebrae-lanca-guia-com-dicas-de-gestao-financeira\/\",\"name\":\"Sebrae lan\u00e7a guia com dicas de gest\u00e3o financeira - Jornal Fatos e Not\u00edcias\",\"isPartOf\":{\"@id\":\"https:\/\/jornalfatosenoticias.com.br\/#website\"},\"primaryImageOfPage\":{\"@id\":\"https:\/\/jornalfatosenoticias.com.br\/index.php\/2020\/03\/23\/sebrae-lanca-guia-com-dicas-de-gestao-financeira\/#primaryimage\"},\"image\":{\"@id\":\"https:\/\/jornalfatosenoticias.com.br\/index.php\/2020\/03\/23\/sebrae-lanca-guia-com-dicas-de-gestao-financeira\/#primaryimage\"},\"thumbnailUrl\":\"https:\/\/jornalfatosenoticias.com.br\/wp-content\/uploads\/2020\/03\/gestao-pequenos-negocios.jpg\",\"datePublished\":\"2020-03-23T12:08:00+00:00\",\"dateModified\":\"2020-03-23T12:08:05+00:00\",\"breadcrumb\":{\"@id\":\"https:\/\/jornalfatosenoticias.com.br\/index.php\/2020\/03\/23\/sebrae-lanca-guia-com-dicas-de-gestao-financeira\/#breadcrumb\"},\"inLanguage\":\"pt-BR\",\"potentialAction\":[{\"@type\":\"ReadAction\",\"target\":[\"https:\/\/jornalfatosenoticias.com.br\/index.php\/2020\/03\/23\/sebrae-lanca-guia-com-dicas-de-gestao-financeira\/\"]}]},{\"@type\":\"ImageObject\",\"inLanguage\":\"pt-BR\",\"@id\":\"https:\/\/jornalfatosenoticias.com.br\/index.php\/2020\/03\/23\/sebrae-lanca-guia-com-dicas-de-gestao-financeira\/#primaryimage\",\"url\":\"https:\/\/jornalfatosenoticias.com.br\/wp-content\/uploads\/2020\/03\/gestao-pequenos-negocios.jpg\",\"contentUrl\":\"https:\/\/jornalfatosenoticias.com.br\/wp-content\/uploads\/2020\/03\/gestao-pequenos-negocios.jpg\",\"width\":1170,\"height\":700,\"caption\":\"S\u00e3o Paulo - Sebrae-SP promove a sexta edi\u00e7\u00e3o da Feira do Empreendedor, no Parque do Anhembi (Rovena Rosa\/Ag\u00eancia Brasil)\"},{\"@type\":\"BreadcrumbList\",\"@id\":\"https:\/\/jornalfatosenoticias.com.br\/index.php\/2020\/03\/23\/sebrae-lanca-guia-com-dicas-de-gestao-financeira\/#breadcrumb\",\"itemListElement\":[{\"@type\":\"ListItem\",\"position\":1,\"name\":\"In\u00edcio\",\"item\":\"https:\/\/jornalfatosenoticias.com.br\/\"},{\"@type\":\"ListItem\",\"position\":2,\"name\":\"Sebrae lan\u00e7a guia com dicas de gest\u00e3o financeira\"}]},{\"@type\":\"WebSite\",\"@id\":\"https:\/\/jornalfatosenoticias.com.br\/#website\",\"url\":\"https:\/\/jornalfatosenoticias.com.br\/\",\"name\":\"Jornal Fatos e Not\u00edcias\",\"description\":\"Not\u00edcias em geral\",\"publisher\":{\"@id\":\"https:\/\/jornalfatosenoticias.com.br\/#organization\"},\"potentialAction\":[{\"@type\":\"SearchAction\",\"target\":{\"@type\":\"EntryPoint\",\"urlTemplate\":\"https:\/\/jornalfatosenoticias.com.br\/?s={search_term_string}\"},\"query-input\":{\"@type\":\"PropertyValueSpecification\",\"valueRequired\":true,\"valueName\":\"search_term_string\"}}],\"inLanguage\":\"pt-BR\"},{\"@type\":\"Organization\",\"@id\":\"https:\/\/jornalfatosenoticias.com.br\/#organization\",\"name\":\"Jornal Fatos e Not\u00edcias\",\"url\":\"https:\/\/jornalfatosenoticias.com.br\/\",\"logo\":{\"@type\":\"ImageObject\",\"inLanguage\":\"pt-BR\",\"@id\":\"https:\/\/jornalfatosenoticias.com.br\/#\/schema\/logo\/image\/\",\"url\":\"https:\/\/jornalfatosenoticias.com.br\/wp-content\/uploads\/2020\/02\/logo120.png\",\"contentUrl\":\"https:\/\/jornalfatosenoticias.com.br\/wp-content\/uploads\/2020\/02\/logo120.png\",\"width\":1227,\"height\":120,\"caption\":\"Jornal Fatos e Not\u00edcias\"},\"image\":{\"@id\":\"https:\/\/jornalfatosenoticias.com.br\/#\/schema\/logo\/image\/\"}},{\"@type\":\"Person\",\"@id\":\"https:\/\/jornalfatosenoticias.com.br\/#\/schema\/person\/d63837fa13ac8666eb9e74e0985d6f81\",\"name\":\"Luzimara Fernandes\",\"image\":{\"@type\":\"ImageObject\",\"inLanguage\":\"pt-BR\",\"@id\":\"https:\/\/jornalfatosenoticias.com.br\/#\/schema\/person\/image\/\",\"url\":\"https:\/\/jornalfatosenoticias.com.br\/wp-content\/uploads\/2025\/05\/EU_portal.jpg\",\"contentUrl\":\"https:\/\/jornalfatosenoticias.com.br\/wp-content\/uploads\/2025\/05\/EU_portal.jpg\",\"caption\":\"Luzimara Fernandes\"},\"description\":\"Jornalista MTB 2358-ES\",\"sameAs\":[\"https:\/\/jornalfatosenoticias.com.br\"],\"url\":\"https:\/\/jornalfatosenoticias.com.br\/index.php\/author\/luzimara\/\"}]}<\/script>\n<!-- \/ Yoast SEO plugin. -->","yoast_head_json":{"title":"Sebrae lan\u00e7a guia com dicas de gest\u00e3o financeira - Jornal Fatos e Not\u00edcias","robots":{"index":"index","follow":"follow","max-snippet":"max-snippet:-1","max-image-preview":"max-image-preview:large","max-video-preview":"max-video-preview:-1"},"canonical":"https:\/\/jornalfatosenoticias.com.br\/index.php\/2020\/03\/23\/sebrae-lanca-guia-com-dicas-de-gestao-financeira\/","og_locale":"pt_BR","og_type":"article","og_title":"Sebrae lan\u00e7a guia com dicas de gest\u00e3o financeira - Jornal Fatos e Not\u00edcias","og_description":"\u00c9 para apoiar donos de pequenos neg\u00f3cios em raz\u00e3o da instabilidade Como forma de apoiar os donos de pequenos neg\u00f3cios em raz\u00e3o da instabilidade econ\u00f4mica causada pela pandemia do novo coronav\u00edrus (Covid-19), o Servi\u00e7o Brasileiro de Apoio \u00e0s Micro e Pequenas Empresas (Sebrae) lan\u00e7ou um guia com dicas de gest\u00e3o financeira. O documento traz orienta\u00e7\u00f5es [&hellip;]","og_url":"https:\/\/jornalfatosenoticias.com.br\/index.php\/2020\/03\/23\/sebrae-lanca-guia-com-dicas-de-gestao-financeira\/","og_site_name":"Jornal Fatos e Not\u00edcias","article_published_time":"2020-03-23T12:08:00+00:00","article_modified_time":"2020-03-23T12:08:05+00:00","og_image":[{"width":1170,"height":700,"url":"https:\/\/jornalfatosenoticias.com.br\/wp-content\/uploads\/2020\/03\/gestao-pequenos-negocios.jpg","type":"image\/jpeg"}],"author":"Luzimara Fernandes","twitter_card":"summary_large_image","twitter_misc":{"Escrito por":"Luzimara Fernandes","Est. tempo de leitura":"2 minutos"},"schema":{"@context":"https:\/\/schema.org","@graph":[{"@type":"Article","@id":"https:\/\/jornalfatosenoticias.com.br\/index.php\/2020\/03\/23\/sebrae-lanca-guia-com-dicas-de-gestao-financeira\/#article","isPartOf":{"@id":"https:\/\/jornalfatosenoticias.com.br\/index.php\/2020\/03\/23\/sebrae-lanca-guia-com-dicas-de-gestao-financeira\/"},"author":{"name":"Luzimara Fernandes","@id":"https:\/\/jornalfatosenoticias.com.br\/#\/schema\/person\/d63837fa13ac8666eb9e74e0985d6f81"},"headline":"Sebrae lan\u00e7a guia com dicas de gest\u00e3o financeira","datePublished":"2020-03-23T12:08:00+00:00","dateModified":"2020-03-23T12:08:05+00:00","mainEntityOfPage":{"@id":"https:\/\/jornalfatosenoticias.com.br\/index.php\/2020\/03\/23\/sebrae-lanca-guia-com-dicas-de-gestao-financeira\/"},"wordCount":352,"commentCount":0,"publisher":{"@id":"https:\/\/jornalfatosenoticias.com.br\/#organization"},"image":{"@id":"https:\/\/jornalfatosenoticias.com.br\/index.php\/2020\/03\/23\/sebrae-lanca-guia-com-dicas-de-gestao-financeira\/#primaryimage"},"thumbnailUrl":"https:\/\/jornalfatosenoticias.com.br\/wp-content\/uploads\/2020\/03\/gestao-pequenos-negocios.jpg","keywords":["covid-19","empresas","finan\u00e7as","instabilidade econ\u00f4mica","orienta\u00e7\u00f5es","pequenos neg\u00f3cios","Sebrae"],"articleSection":["Economia"],"inLanguage":"pt-BR","potentialAction":[{"@type":"CommentAction","name":"Comment","target":["https:\/\/jornalfatosenoticias.com.br\/index.php\/2020\/03\/23\/sebrae-lanca-guia-com-dicas-de-gestao-financeira\/#respond"]}]},{"@type":"WebPage","@id":"https:\/\/jornalfatosenoticias.com.br\/index.php\/2020\/03\/23\/sebrae-lanca-guia-com-dicas-de-gestao-financeira\/","url":"https:\/\/jornalfatosenoticias.com.br\/index.php\/2020\/03\/23\/sebrae-lanca-guia-com-dicas-de-gestao-financeira\/","name":"Sebrae lan\u00e7a guia com dicas de gest\u00e3o financeira - Jornal Fatos e Not\u00edcias","isPartOf":{"@id":"https:\/\/jornalfatosenoticias.com.br\/#website"},"primaryImageOfPage":{"@id":"https:\/\/jornalfatosenoticias.com.br\/index.php\/2020\/03\/23\/sebrae-lanca-guia-com-dicas-de-gestao-financeira\/#primaryimage"},"image":{"@id":"https:\/\/jornalfatosenoticias.com.br\/index.php\/2020\/03\/23\/sebrae-lanca-guia-com-dicas-de-gestao-financeira\/#primaryimage"},"thumbnailUrl":"https:\/\/jornalfatosenoticias.com.br\/wp-content\/uploads\/2020\/03\/gestao-pequenos-negocios.jpg","datePublished":"2020-03-23T12:08:00+00:00","dateModified":"2020-03-23T12:08:05+00:00","breadcrumb":{"@id":"https:\/\/jornalfatosenoticias.com.br\/index.php\/2020\/03\/23\/sebrae-lanca-guia-com-dicas-de-gestao-financeira\/#breadcrumb"},"inLanguage":"pt-BR","potentialAction":[{"@type":"ReadAction","target":["https:\/\/jornalfatosenoticias.com.br\/index.php\/2020\/03\/23\/sebrae-lanca-guia-com-dicas-de-gestao-financeira\/"]}]},{"@type":"ImageObject","inLanguage":"pt-BR","@id":"https:\/\/jornalfatosenoticias.com.br\/index.php\/2020\/03\/23\/sebrae-lanca-guia-com-dicas-de-gestao-financeira\/#primaryimage","url":"https:\/\/jornalfatosenoticias.com.br\/wp-content\/uploads\/2020\/03\/gestao-pequenos-negocios.jpg","contentUrl":"https:\/\/jornalfatosenoticias.com.br\/wp-content\/uploads\/2020\/03\/gestao-pequenos-negocios.jpg","width":1170,"height":700,"caption":"S\u00e3o Paulo - Sebrae-SP promove a sexta edi\u00e7\u00e3o da Feira do Empreendedor, no Parque do Anhembi (Rovena Rosa\/Ag\u00eancia Brasil)"},{"@type":"BreadcrumbList","@id":"https:\/\/jornalfatosenoticias.com.br\/index.php\/2020\/03\/23\/sebrae-lanca-guia-com-dicas-de-gestao-financeira\/#breadcrumb","itemListElement":[{"@type":"ListItem","position":1,"name":"In\u00edcio","item":"https:\/\/jornalfatosenoticias.com.br\/"},{"@type":"ListItem","position":2,"name":"Sebrae lan\u00e7a guia com dicas de gest\u00e3o financeira"}]},{"@type":"WebSite","@id":"https:\/\/jornalfatosenoticias.com.br\/#website","url":"https:\/\/jornalfatosenoticias.com.br\/","name":"Jornal Fatos e Not\u00edcias","description":"Not\u00edcias em geral","publisher":{"@id":"https:\/\/jornalfatosenoticias.com.br\/#organization"},"potentialAction":[{"@type":"SearchAction","target":{"@type":"EntryPoint","urlTemplate":"https:\/\/jornalfatosenoticias.com.br\/?s={search_term_string}"},"query-input":{"@type":"PropertyValueSpecification","valueRequired":true,"valueName":"search_term_string"}}],"inLanguage":"pt-BR"},{"@type":"Organization","@id":"https:\/\/jornalfatosenoticias.com.br\/#organization","name":"Jornal Fatos e Not\u00edcias","url":"https:\/\/jornalfatosenoticias.com.br\/","logo":{"@type":"ImageObject","inLanguage":"pt-BR","@id":"https:\/\/jornalfatosenoticias.com.br\/#\/schema\/logo\/image\/","url":"https:\/\/jornalfatosenoticias.com.br\/wp-content\/uploads\/2020\/02\/logo120.png","contentUrl":"https:\/\/jornalfatosenoticias.com.br\/wp-content\/uploads\/2020\/02\/logo120.png","width":1227,"height":120,"caption":"Jornal Fatos e Not\u00edcias"},"image":{"@id":"https:\/\/jornalfatosenoticias.com.br\/#\/schema\/logo\/image\/"}},{"@type":"Person","@id":"https:\/\/jornalfatosenoticias.com.br\/#\/schema\/person\/d63837fa13ac8666eb9e74e0985d6f81","name":"Luzimara Fernandes","image":{"@type":"ImageObject","inLanguage":"pt-BR","@id":"https:\/\/jornalfatosenoticias.com.br\/#\/schema\/person\/image\/","url":"https:\/\/jornalfatosenoticias.com.br\/wp-content\/uploads\/2025\/05\/EU_portal.jpg","contentUrl":"https:\/\/jornalfatosenoticias.com.br\/wp-content\/uploads\/2025\/05\/EU_portal.jpg","caption":"Luzimara Fernandes"},"description":"Jornalista MTB 2358-ES","sameAs":["https:\/\/jornalfatosenoticias.com.br"],"url":"https:\/\/jornalfatosenoticias.com.br\/index.php\/author\/luzimara\/"}]}},"cc_featured_image_caption":{"caption_text":"(Foto: Rovena Rosa\/Ag\u00eancia Brasil)","source_text":"","source_url":""},"jetpack_featured_media_url":"https:\/\/jornalfatosenoticias.com.br\/wp-content\/uploads\/2020\/03\/gestao-pequenos-negocios.jpg","_links":{"self":[{"href":"https:\/\/jornalfatosenoticias.com.br\/index.php\/wp-json\/wp\/v2\/posts\/2301","targetHints":{"allow":["GET"]}}],"collection":[{"href":"https:\/\/jornalfatosenoticias.com.br\/index.php\/wp-json\/wp\/v2\/posts"}],"about":[{"href":"https:\/\/jornalfatosenoticias.com.br\/index.php\/wp-json\/wp\/v2\/types\/post"}],"author":[{"embeddable":true,"href":"https:\/\/jornalfatosenoticias.com.br\/index.php\/wp-json\/wp\/v2\/users\/2"}],"replies":[{"embeddable":true,"href":"https:\/\/jornalfatosenoticias.com.br\/index.php\/wp-json\/wp\/v2\/comments?post=2301"}],"version-history":[{"count":0,"href":"https:\/\/jornalfatosenoticias.com.br\/index.php\/wp-json\/wp\/v2\/posts\/2301\/revisions"}],"wp:featuredmedia":[{"embeddable":true,"href":"https:\/\/jornalfatosenoticias.com.br\/index.php\/wp-json\/wp\/v2\/media\/2302"}],"wp:attachment":[{"href":"https:\/\/jornalfatosenoticias.com.br\/index.php\/wp-json\/wp\/v2\/media?parent=2301"}],"wp:term":[{"taxonomy":"category","embeddable":true,"href":"https:\/\/jornalfatosenoticias.com.br\/index.php\/wp-json\/wp\/v2\/categories?post=2301"},{"taxonomy":"post_tag","embeddable":true,"href":"https:\/\/jornalfatosenoticias.com.br\/index.php\/wp-json\/wp\/v2\/tags?post=2301"}],"curies":[{"name":"wp","href":"https:\/\/api.w.org\/{rel}","templated":true}]}}