{"id":23058,"date":"2021-09-21T16:01:47","date_gmt":"2021-09-21T19:01:47","guid":{"rendered":"https:\/\/jornalfatosenoticias.com.br\/?p=23058"},"modified":"2021-09-21T16:01:49","modified_gmt":"2021-09-21T19:01:49","slug":"dia-da-arvore-ou-festa-anual-das-arvores","status":"publish","type":"post","link":"https:\/\/jornalfatosenoticias.com.br\/index.php\/2021\/09\/21\/dia-da-arvore-ou-festa-anual-das-arvores\/","title":{"rendered":"Dia da \u00c1rvore ou Festa Anual das \u00c1rvores?"},"content":{"rendered":"\n<p><em><span class=\"has-inline-color has-black-color\">Objetivo do Dia da \u00c1rvore \u00e9 sensibilizar para a import\u00e2ncia da preserva\u00e7\u00e3o das \u00e1rvores para o equil\u00edbrio do ambiente<\/span><\/em><\/p>\n\n\n\n<p>No Brasil, o <strong>Dia da \u00c1rvore<\/strong> \u00e9 comemorado em 21 de setembro, data que marca o in\u00edcio da primavera do hemisf\u00e9rio sul. Em sintonia com a data, a Festa Anual das \u00c1rvores foi institu\u00edda em todo o territ\u00f3rio nacional pelo Decreto Federal n\u00ba 55.795, de 24 de fevereiro de 1965, para criar uma vers\u00e3o nacional do <strong>&#8220;Dia da \u00c1rvore&#8221;<\/strong>, que \u00e9 comemorado mundialmente em 21 de mar\u00e7o (o <a href=\"https:\/\/www.ecycle.com.br\/equinocio\/\">equin\u00f3cio<\/a> de primavera do hemisf\u00e9rio norte).<br>Devido \u00e0s diferen\u00e7as fisiogr\u00e1ficas-clim\u00e1ticas do Brasil, a Festa Anual das \u00c1rvores \u00e9 comemorada em datas distintas em diferentes estados. Nos estados do Acre, Amazonas, Par\u00e1, Maranh\u00e3o, Piau\u00ed, Cear\u00e1, Rio Grande do Norte, Para\u00edba, Pernambuco, Alagoas, Sergipe e Bahia e Territ\u00f3rios Federais do Amap\u00e1, Roraima, Fernando de Noronha e Rond\u00f4nia, a Festa Anual da \u00c1rvore \u00e9 comemorada na primeira semana do m\u00eas de mar\u00e7o.<br>Nos estados do Esp\u00edrito Santo, Rio de Janeiro, Guanabara; Minas Gerais, Goi\u00e1s, Mato Grosso, S\u00e3o Paulo, Paran\u00e1, Santa Catarina, Rio Grande do Sul e Distrito Federal, a comemora\u00e7\u00e3o \u00e9 no dia 21 de setembro.<br>Ainda assim, a comemora\u00e7\u00e3o do <strong>Dia da \u00c1rvore<\/strong> em 21 de setembro se manteve com certa autonomia com rela\u00e7\u00e3o \u00e0 data oficialmente estabelecida. Por se tratar de um assunto importante, um dia s\u00f3 para lembrar das \u00e1rvores parece se fazer cada vez mais necess\u00e1rio.<\/p>\n\n\n\n<figure class=\"wp-block-image size-large is-style-default\"><img loading=\"lazy\" decoding=\"async\" width=\"1000\" height=\"666\" src=\"https:\/\/jornalfatosenoticias.com.br\/wp-content\/uploads\/2021\/09\/Dia-da-Arore2_arnaud-mesureur-unsplash.jpg\" alt=\"\" class=\"wp-image-23059\" srcset=\"https:\/\/jornalfatosenoticias.com.br\/wp-content\/uploads\/2021\/09\/Dia-da-Arore2_arnaud-mesureur-unsplash.jpg 1000w, https:\/\/jornalfatosenoticias.com.br\/wp-content\/uploads\/2021\/09\/Dia-da-Arore2_arnaud-mesureur-unsplash-300x200.jpg 300w, https:\/\/jornalfatosenoticias.com.br\/wp-content\/uploads\/2021\/09\/Dia-da-Arore2_arnaud-mesureur-unsplash-768x511.jpg 768w\" sizes=\"auto, (max-width: 1000px) 100vw, 1000px\" \/><figcaption><em><span class=\"has-inline-color has-black-color\">(Foto: Arnaud Mesureur\/Unsplash)<\/span><\/em><\/figcaption><\/figure>\n\n\n\n<p><strong><span class=\"has-inline-color has-vivid-green-cyan-color\">Objetivo<br><\/span><\/strong>A Festa Anual das \u00c1rvores tem como objetivo sensibilizar a popula\u00e7\u00e3o para a import\u00e2ncia da preserva\u00e7\u00e3o das \u00e1rvores para o equil\u00edbrio do ambiente, incluindo seus servi\u00e7os ecossist\u00eamicos. Para saber o que s\u00e3o servi\u00e7os ecossist\u00eamicos, d\u00ea uma olhada na mat\u00e9ria: &#8220;<a href=\"http:\/\/ecycle.com.br\/4787-servicos-ecossistemicos.html\" target=\"_blank\" rel=\"noreferrer noopener\">O que s\u00e3o servi\u00e7os ecossist\u00eamicos?<\/a>&#8220;. Para conhecer os benef\u00edcios das \u00e1rvores, d\u00ea uma olhada na mat\u00e9ria: &#8220;<a href=\"http:\/\/ecycle.com.br\/4844-arvores.html\" target=\"_blank\" rel=\"noreferrer noopener\">Benef\u00edcios das \u00e1rvores e seu valor<\/a>&#8220;.<\/p>\n\n\n\n<p><em><strong>Fonte: <a href=\"https:\/\/www.ecycle.com.br\/dia-da-arvore\/\">eCycle<\/a><\/strong><\/em><\/p>\n","protected":false},"excerpt":{"rendered":"<p>Objetivo do Dia da \u00c1rvore \u00e9 sensibilizar para a import\u00e2ncia da preserva\u00e7\u00e3o das \u00e1rvores para o equil\u00edbrio do ambiente No Brasil, o Dia da \u00c1rvore \u00e9 comemorado em 21 de setembro, data que marca o in\u00edcio da primavera do hemisf\u00e9rio sul. Em sintonia com a data, a Festa Anual das \u00c1rvores foi institu\u00edda em todo [&hellip;]<\/p>\n","protected":false},"author":2,"featured_media":23060,"comment_status":"open","ping_status":"open","sticky":false,"template":"","format":"standard","meta":{"footnotes":""},"categories":[8],"tags":[5011,11240,6611,11239],"class_list":["post-23058","post","type-post","status-publish","format-standard","has-post-thumbnail","hentry","category-meio-ambiente","tag-dia-da-arvore","tag-equilibrio-do-ambiente","tag-equinocio","tag-preservacao-das-arvores"],"yoast_head":"<!-- This site is optimized with the Yoast SEO plugin v26.5 - https:\/\/yoast.com\/wordpress\/plugins\/seo\/ -->\n<title>Dia da \u00c1rvore ou Festa Anual das \u00c1rvores? - Jornal Fatos e Not\u00edcias<\/title>\n<meta name=\"robots\" content=\"index, follow, max-snippet:-1, max-image-preview:large, max-video-preview:-1\" \/>\n<link rel=\"canonical\" href=\"https:\/\/jornalfatosenoticias.com.br\/index.php\/2021\/09\/21\/dia-da-arvore-ou-festa-anual-das-arvores\/\" \/>\n<meta property=\"og:locale\" content=\"pt_BR\" \/>\n<meta property=\"og:type\" content=\"article\" \/>\n<meta property=\"og:title\" content=\"Dia da \u00c1rvore ou Festa Anual das \u00c1rvores? - Jornal Fatos e Not\u00edcias\" \/>\n<meta property=\"og:description\" content=\"Objetivo do Dia da \u00c1rvore \u00e9 sensibilizar para a import\u00e2ncia da preserva\u00e7\u00e3o das \u00e1rvores para o equil\u00edbrio do ambiente No Brasil, o Dia da \u00c1rvore \u00e9 comemorado em 21 de setembro, data que marca o in\u00edcio da primavera do hemisf\u00e9rio sul. Em sintonia com a data, a Festa Anual das \u00c1rvores foi institu\u00edda em todo [&hellip;]\" \/>\n<meta property=\"og:url\" content=\"https:\/\/jornalfatosenoticias.com.br\/index.php\/2021\/09\/21\/dia-da-arvore-ou-festa-anual-das-arvores\/\" \/>\n<meta property=\"og:site_name\" content=\"Jornal Fatos e Not\u00edcias\" \/>\n<meta property=\"article:published_time\" content=\"2021-09-21T19:01:47+00:00\" \/>\n<meta property=\"article:modified_time\" content=\"2021-09-21T19:01:49+00:00\" \/>\n<meta property=\"og:image\" content=\"https:\/\/jornalfatosenoticias.com.br\/wp-content\/uploads\/2021\/09\/Dia-da-Arvore_pexels-johannes-plenio.jpg\" \/>\n\t<meta property=\"og:image:width\" content=\"1000\" \/>\n\t<meta property=\"og:image:height\" content=\"665\" \/>\n\t<meta property=\"og:image:type\" content=\"image\/jpeg\" \/>\n<meta name=\"author\" content=\"Luzimara Fernandes\" \/>\n<meta name=\"twitter:card\" content=\"summary_large_image\" \/>\n<meta name=\"twitter:label1\" content=\"Escrito por\" \/>\n\t<meta name=\"twitter:data1\" content=\"Luzimara Fernandes\" \/>\n\t<meta name=\"twitter:label2\" content=\"Est. tempo de leitura\" \/>\n\t<meta name=\"twitter:data2\" content=\"2 minutos\" \/>\n<script type=\"application\/ld+json\" class=\"yoast-schema-graph\">{\"@context\":\"https:\/\/schema.org\",\"@graph\":[{\"@type\":\"Article\",\"@id\":\"https:\/\/jornalfatosenoticias.com.br\/index.php\/2021\/09\/21\/dia-da-arvore-ou-festa-anual-das-arvores\/#article\",\"isPartOf\":{\"@id\":\"https:\/\/jornalfatosenoticias.com.br\/index.php\/2021\/09\/21\/dia-da-arvore-ou-festa-anual-das-arvores\/\"},\"author\":{\"name\":\"Luzimara Fernandes\",\"@id\":\"https:\/\/jornalfatosenoticias.com.br\/#\/schema\/person\/d63837fa13ac8666eb9e74e0985d6f81\"},\"headline\":\"Dia da \u00c1rvore ou Festa Anual das \u00c1rvores?\",\"datePublished\":\"2021-09-21T19:01:47+00:00\",\"dateModified\":\"2021-09-21T19:01:49+00:00\",\"mainEntityOfPage\":{\"@id\":\"https:\/\/jornalfatosenoticias.com.br\/index.php\/2021\/09\/21\/dia-da-arvore-ou-festa-anual-das-arvores\/\"},\"wordCount\":339,\"commentCount\":0,\"publisher\":{\"@id\":\"https:\/\/jornalfatosenoticias.com.br\/#organization\"},\"image\":{\"@id\":\"https:\/\/jornalfatosenoticias.com.br\/index.php\/2021\/09\/21\/dia-da-arvore-ou-festa-anual-das-arvores\/#primaryimage\"},\"thumbnailUrl\":\"https:\/\/jornalfatosenoticias.com.br\/wp-content\/uploads\/2021\/09\/Dia-da-Arvore_pexels-johannes-plenio.jpg\",\"keywords\":[\"Dia da \u00c1rvore\",\"equil\u00edbrio do ambiente\",\"equin\u00f3cio\",\"preserva\u00e7\u00e3o das \u00e1rvores\"],\"articleSection\":[\"Meio ambiente\"],\"inLanguage\":\"pt-BR\",\"potentialAction\":[{\"@type\":\"CommentAction\",\"name\":\"Comment\",\"target\":[\"https:\/\/jornalfatosenoticias.com.br\/index.php\/2021\/09\/21\/dia-da-arvore-ou-festa-anual-das-arvores\/#respond\"]}]},{\"@type\":\"WebPage\",\"@id\":\"https:\/\/jornalfatosenoticias.com.br\/index.php\/2021\/09\/21\/dia-da-arvore-ou-festa-anual-das-arvores\/\",\"url\":\"https:\/\/jornalfatosenoticias.com.br\/index.php\/2021\/09\/21\/dia-da-arvore-ou-festa-anual-das-arvores\/\",\"name\":\"Dia da \u00c1rvore ou Festa Anual das \u00c1rvores? - Jornal Fatos e Not\u00edcias\",\"isPartOf\":{\"@id\":\"https:\/\/jornalfatosenoticias.com.br\/#website\"},\"primaryImageOfPage\":{\"@id\":\"https:\/\/jornalfatosenoticias.com.br\/index.php\/2021\/09\/21\/dia-da-arvore-ou-festa-anual-das-arvores\/#primaryimage\"},\"image\":{\"@id\":\"https:\/\/jornalfatosenoticias.com.br\/index.php\/2021\/09\/21\/dia-da-arvore-ou-festa-anual-das-arvores\/#primaryimage\"},\"thumbnailUrl\":\"https:\/\/jornalfatosenoticias.com.br\/wp-content\/uploads\/2021\/09\/Dia-da-Arvore_pexels-johannes-plenio.jpg\",\"datePublished\":\"2021-09-21T19:01:47+00:00\",\"dateModified\":\"2021-09-21T19:01:49+00:00\",\"breadcrumb\":{\"@id\":\"https:\/\/jornalfatosenoticias.com.br\/index.php\/2021\/09\/21\/dia-da-arvore-ou-festa-anual-das-arvores\/#breadcrumb\"},\"inLanguage\":\"pt-BR\",\"potentialAction\":[{\"@type\":\"ReadAction\",\"target\":[\"https:\/\/jornalfatosenoticias.com.br\/index.php\/2021\/09\/21\/dia-da-arvore-ou-festa-anual-das-arvores\/\"]}]},{\"@type\":\"ImageObject\",\"inLanguage\":\"pt-BR\",\"@id\":\"https:\/\/jornalfatosenoticias.com.br\/index.php\/2021\/09\/21\/dia-da-arvore-ou-festa-anual-das-arvores\/#primaryimage\",\"url\":\"https:\/\/jornalfatosenoticias.com.br\/wp-content\/uploads\/2021\/09\/Dia-da-Arvore_pexels-johannes-plenio.jpg\",\"contentUrl\":\"https:\/\/jornalfatosenoticias.com.br\/wp-content\/uploads\/2021\/09\/Dia-da-Arvore_pexels-johannes-plenio.jpg\",\"width\":1000,\"height\":665},{\"@type\":\"BreadcrumbList\",\"@id\":\"https:\/\/jornalfatosenoticias.com.br\/index.php\/2021\/09\/21\/dia-da-arvore-ou-festa-anual-das-arvores\/#breadcrumb\",\"itemListElement\":[{\"@type\":\"ListItem\",\"position\":1,\"name\":\"In\u00edcio\",\"item\":\"https:\/\/jornalfatosenoticias.com.br\/\"},{\"@type\":\"ListItem\",\"position\":2,\"name\":\"Dia da \u00c1rvore ou Festa Anual das \u00c1rvores?\"}]},{\"@type\":\"WebSite\",\"@id\":\"https:\/\/jornalfatosenoticias.com.br\/#website\",\"url\":\"https:\/\/jornalfatosenoticias.com.br\/\",\"name\":\"Jornal Fatos e Not\u00edcias\",\"description\":\"Not\u00edcias em geral\",\"publisher\":{\"@id\":\"https:\/\/jornalfatosenoticias.com.br\/#organization\"},\"potentialAction\":[{\"@type\":\"SearchAction\",\"target\":{\"@type\":\"EntryPoint\",\"urlTemplate\":\"https:\/\/jornalfatosenoticias.com.br\/?s={search_term_string}\"},\"query-input\":{\"@type\":\"PropertyValueSpecification\",\"valueRequired\":true,\"valueName\":\"search_term_string\"}}],\"inLanguage\":\"pt-BR\"},{\"@type\":\"Organization\",\"@id\":\"https:\/\/jornalfatosenoticias.com.br\/#organization\",\"name\":\"Jornal Fatos e Not\u00edcias\",\"url\":\"https:\/\/jornalfatosenoticias.com.br\/\",\"logo\":{\"@type\":\"ImageObject\",\"inLanguage\":\"pt-BR\",\"@id\":\"https:\/\/jornalfatosenoticias.com.br\/#\/schema\/logo\/image\/\",\"url\":\"https:\/\/jornalfatosenoticias.com.br\/wp-content\/uploads\/2020\/02\/logo120.png\",\"contentUrl\":\"https:\/\/jornalfatosenoticias.com.br\/wp-content\/uploads\/2020\/02\/logo120.png\",\"width\":1227,\"height\":120,\"caption\":\"Jornal Fatos e Not\u00edcias\"},\"image\":{\"@id\":\"https:\/\/jornalfatosenoticias.com.br\/#\/schema\/logo\/image\/\"}},{\"@type\":\"Person\",\"@id\":\"https:\/\/jornalfatosenoticias.com.br\/#\/schema\/person\/d63837fa13ac8666eb9e74e0985d6f81\",\"name\":\"Luzimara Fernandes\",\"image\":{\"@type\":\"ImageObject\",\"inLanguage\":\"pt-BR\",\"@id\":\"https:\/\/jornalfatosenoticias.com.br\/#\/schema\/person\/image\/\",\"url\":\"https:\/\/jornalfatosenoticias.com.br\/wp-content\/uploads\/2025\/05\/EU_portal.jpg\",\"contentUrl\":\"https:\/\/jornalfatosenoticias.com.br\/wp-content\/uploads\/2025\/05\/EU_portal.jpg\",\"caption\":\"Luzimara Fernandes\"},\"description\":\"Jornalista MTB 2358-ES\",\"sameAs\":[\"https:\/\/jornalfatosenoticias.com.br\"],\"url\":\"https:\/\/jornalfatosenoticias.com.br\/index.php\/author\/luzimara\/\"}]}<\/script>\n<!-- \/ Yoast SEO plugin. -->","yoast_head_json":{"title":"Dia da \u00c1rvore ou Festa Anual das \u00c1rvores? - Jornal Fatos e Not\u00edcias","robots":{"index":"index","follow":"follow","max-snippet":"max-snippet:-1","max-image-preview":"max-image-preview:large","max-video-preview":"max-video-preview:-1"},"canonical":"https:\/\/jornalfatosenoticias.com.br\/index.php\/2021\/09\/21\/dia-da-arvore-ou-festa-anual-das-arvores\/","og_locale":"pt_BR","og_type":"article","og_title":"Dia da \u00c1rvore ou Festa Anual das \u00c1rvores? - Jornal Fatos e Not\u00edcias","og_description":"Objetivo do Dia da \u00c1rvore \u00e9 sensibilizar para a import\u00e2ncia da preserva\u00e7\u00e3o das \u00e1rvores para o equil\u00edbrio do ambiente No Brasil, o Dia da \u00c1rvore \u00e9 comemorado em 21 de setembro, data que marca o in\u00edcio da primavera do hemisf\u00e9rio sul. Em sintonia com a data, a Festa Anual das \u00c1rvores foi institu\u00edda em todo [&hellip;]","og_url":"https:\/\/jornalfatosenoticias.com.br\/index.php\/2021\/09\/21\/dia-da-arvore-ou-festa-anual-das-arvores\/","og_site_name":"Jornal Fatos e Not\u00edcias","article_published_time":"2021-09-21T19:01:47+00:00","article_modified_time":"2021-09-21T19:01:49+00:00","og_image":[{"width":1000,"height":665,"url":"https:\/\/jornalfatosenoticias.com.br\/wp-content\/uploads\/2021\/09\/Dia-da-Arvore_pexels-johannes-plenio.jpg","type":"image\/jpeg"}],"author":"Luzimara Fernandes","twitter_card":"summary_large_image","twitter_misc":{"Escrito por":"Luzimara Fernandes","Est. tempo de leitura":"2 minutos"},"schema":{"@context":"https:\/\/schema.org","@graph":[{"@type":"Article","@id":"https:\/\/jornalfatosenoticias.com.br\/index.php\/2021\/09\/21\/dia-da-arvore-ou-festa-anual-das-arvores\/#article","isPartOf":{"@id":"https:\/\/jornalfatosenoticias.com.br\/index.php\/2021\/09\/21\/dia-da-arvore-ou-festa-anual-das-arvores\/"},"author":{"name":"Luzimara Fernandes","@id":"https:\/\/jornalfatosenoticias.com.br\/#\/schema\/person\/d63837fa13ac8666eb9e74e0985d6f81"},"headline":"Dia da \u00c1rvore ou Festa Anual das \u00c1rvores?","datePublished":"2021-09-21T19:01:47+00:00","dateModified":"2021-09-21T19:01:49+00:00","mainEntityOfPage":{"@id":"https:\/\/jornalfatosenoticias.com.br\/index.php\/2021\/09\/21\/dia-da-arvore-ou-festa-anual-das-arvores\/"},"wordCount":339,"commentCount":0,"publisher":{"@id":"https:\/\/jornalfatosenoticias.com.br\/#organization"},"image":{"@id":"https:\/\/jornalfatosenoticias.com.br\/index.php\/2021\/09\/21\/dia-da-arvore-ou-festa-anual-das-arvores\/#primaryimage"},"thumbnailUrl":"https:\/\/jornalfatosenoticias.com.br\/wp-content\/uploads\/2021\/09\/Dia-da-Arvore_pexels-johannes-plenio.jpg","keywords":["Dia da \u00c1rvore","equil\u00edbrio do ambiente","equin\u00f3cio","preserva\u00e7\u00e3o das \u00e1rvores"],"articleSection":["Meio ambiente"],"inLanguage":"pt-BR","potentialAction":[{"@type":"CommentAction","name":"Comment","target":["https:\/\/jornalfatosenoticias.com.br\/index.php\/2021\/09\/21\/dia-da-arvore-ou-festa-anual-das-arvores\/#respond"]}]},{"@type":"WebPage","@id":"https:\/\/jornalfatosenoticias.com.br\/index.php\/2021\/09\/21\/dia-da-arvore-ou-festa-anual-das-arvores\/","url":"https:\/\/jornalfatosenoticias.com.br\/index.php\/2021\/09\/21\/dia-da-arvore-ou-festa-anual-das-arvores\/","name":"Dia da \u00c1rvore ou Festa Anual das \u00c1rvores? - Jornal Fatos e Not\u00edcias","isPartOf":{"@id":"https:\/\/jornalfatosenoticias.com.br\/#website"},"primaryImageOfPage":{"@id":"https:\/\/jornalfatosenoticias.com.br\/index.php\/2021\/09\/21\/dia-da-arvore-ou-festa-anual-das-arvores\/#primaryimage"},"image":{"@id":"https:\/\/jornalfatosenoticias.com.br\/index.php\/2021\/09\/21\/dia-da-arvore-ou-festa-anual-das-arvores\/#primaryimage"},"thumbnailUrl":"https:\/\/jornalfatosenoticias.com.br\/wp-content\/uploads\/2021\/09\/Dia-da-Arvore_pexels-johannes-plenio.jpg","datePublished":"2021-09-21T19:01:47+00:00","dateModified":"2021-09-21T19:01:49+00:00","breadcrumb":{"@id":"https:\/\/jornalfatosenoticias.com.br\/index.php\/2021\/09\/21\/dia-da-arvore-ou-festa-anual-das-arvores\/#breadcrumb"},"inLanguage":"pt-BR","potentialAction":[{"@type":"ReadAction","target":["https:\/\/jornalfatosenoticias.com.br\/index.php\/2021\/09\/21\/dia-da-arvore-ou-festa-anual-das-arvores\/"]}]},{"@type":"ImageObject","inLanguage":"pt-BR","@id":"https:\/\/jornalfatosenoticias.com.br\/index.php\/2021\/09\/21\/dia-da-arvore-ou-festa-anual-das-arvores\/#primaryimage","url":"https:\/\/jornalfatosenoticias.com.br\/wp-content\/uploads\/2021\/09\/Dia-da-Arvore_pexels-johannes-plenio.jpg","contentUrl":"https:\/\/jornalfatosenoticias.com.br\/wp-content\/uploads\/2021\/09\/Dia-da-Arvore_pexels-johannes-plenio.jpg","width":1000,"height":665},{"@type":"BreadcrumbList","@id":"https:\/\/jornalfatosenoticias.com.br\/index.php\/2021\/09\/21\/dia-da-arvore-ou-festa-anual-das-arvores\/#breadcrumb","itemListElement":[{"@type":"ListItem","position":1,"name":"In\u00edcio","item":"https:\/\/jornalfatosenoticias.com.br\/"},{"@type":"ListItem","position":2,"name":"Dia da \u00c1rvore ou Festa Anual das \u00c1rvores?"}]},{"@type":"WebSite","@id":"https:\/\/jornalfatosenoticias.com.br\/#website","url":"https:\/\/jornalfatosenoticias.com.br\/","name":"Jornal Fatos e Not\u00edcias","description":"Not\u00edcias em geral","publisher":{"@id":"https:\/\/jornalfatosenoticias.com.br\/#organization"},"potentialAction":[{"@type":"SearchAction","target":{"@type":"EntryPoint","urlTemplate":"https:\/\/jornalfatosenoticias.com.br\/?s={search_term_string}"},"query-input":{"@type":"PropertyValueSpecification","valueRequired":true,"valueName":"search_term_string"}}],"inLanguage":"pt-BR"},{"@type":"Organization","@id":"https:\/\/jornalfatosenoticias.com.br\/#organization","name":"Jornal Fatos e Not\u00edcias","url":"https:\/\/jornalfatosenoticias.com.br\/","logo":{"@type":"ImageObject","inLanguage":"pt-BR","@id":"https:\/\/jornalfatosenoticias.com.br\/#\/schema\/logo\/image\/","url":"https:\/\/jornalfatosenoticias.com.br\/wp-content\/uploads\/2020\/02\/logo120.png","contentUrl":"https:\/\/jornalfatosenoticias.com.br\/wp-content\/uploads\/2020\/02\/logo120.png","width":1227,"height":120,"caption":"Jornal Fatos e Not\u00edcias"},"image":{"@id":"https:\/\/jornalfatosenoticias.com.br\/#\/schema\/logo\/image\/"}},{"@type":"Person","@id":"https:\/\/jornalfatosenoticias.com.br\/#\/schema\/person\/d63837fa13ac8666eb9e74e0985d6f81","name":"Luzimara Fernandes","image":{"@type":"ImageObject","inLanguage":"pt-BR","@id":"https:\/\/jornalfatosenoticias.com.br\/#\/schema\/person\/image\/","url":"https:\/\/jornalfatosenoticias.com.br\/wp-content\/uploads\/2025\/05\/EU_portal.jpg","contentUrl":"https:\/\/jornalfatosenoticias.com.br\/wp-content\/uploads\/2025\/05\/EU_portal.jpg","caption":"Luzimara Fernandes"},"description":"Jornalista MTB 2358-ES","sameAs":["https:\/\/jornalfatosenoticias.com.br"],"url":"https:\/\/jornalfatosenoticias.com.br\/index.php\/author\/luzimara\/"}]}},"cc_featured_image_caption":{"caption_text":"(Foto: Johannes Plenio\/Pexels)","source_text":"","source_url":""},"jetpack_featured_media_url":"https:\/\/jornalfatosenoticias.com.br\/wp-content\/uploads\/2021\/09\/Dia-da-Arvore_pexels-johannes-plenio.jpg","_links":{"self":[{"href":"https:\/\/jornalfatosenoticias.com.br\/index.php\/wp-json\/wp\/v2\/posts\/23058","targetHints":{"allow":["GET"]}}],"collection":[{"href":"https:\/\/jornalfatosenoticias.com.br\/index.php\/wp-json\/wp\/v2\/posts"}],"about":[{"href":"https:\/\/jornalfatosenoticias.com.br\/index.php\/wp-json\/wp\/v2\/types\/post"}],"author":[{"embeddable":true,"href":"https:\/\/jornalfatosenoticias.com.br\/index.php\/wp-json\/wp\/v2\/users\/2"}],"replies":[{"embeddable":true,"href":"https:\/\/jornalfatosenoticias.com.br\/index.php\/wp-json\/wp\/v2\/comments?post=23058"}],"version-history":[{"count":0,"href":"https:\/\/jornalfatosenoticias.com.br\/index.php\/wp-json\/wp\/v2\/posts\/23058\/revisions"}],"wp:featuredmedia":[{"embeddable":true,"href":"https:\/\/jornalfatosenoticias.com.br\/index.php\/wp-json\/wp\/v2\/media\/23060"}],"wp:attachment":[{"href":"https:\/\/jornalfatosenoticias.com.br\/index.php\/wp-json\/wp\/v2\/media?parent=23058"}],"wp:term":[{"taxonomy":"category","embeddable":true,"href":"https:\/\/jornalfatosenoticias.com.br\/index.php\/wp-json\/wp\/v2\/categories?post=23058"},{"taxonomy":"post_tag","embeddable":true,"href":"https:\/\/jornalfatosenoticias.com.br\/index.php\/wp-json\/wp\/v2\/tags?post=23058"}],"curies":[{"name":"wp","href":"https:\/\/api.w.org\/{rel}","templated":true}]}}