{"id":2311,"date":"2020-03-23T09:39:23","date_gmt":"2020-03-23T12:39:23","guid":{"rendered":"https:\/\/jornalfatosenoticias.com.br\/?p=2311"},"modified":"2020-03-23T09:39:28","modified_gmt":"2020-03-23T12:39:28","slug":"antartica-uma-viagem-ao-continente-gelado","status":"publish","type":"post","link":"https:\/\/jornalfatosenoticias.com.br\/index.php\/2020\/03\/23\/antartica-uma-viagem-ao-continente-gelado\/","title":{"rendered":"Ant\u00e1rtica: uma viagem ao continente gelado"},"content":{"rendered":"\n<h6 class=\"wp-block-heading\"><em>\u201cA Ant\u00e1rtica representa quase como um planeta dentro de um planeta&#8221;<\/em><\/h6>\n\n\n\n<p>Uma regi\u00e3o isolada do restante do planeta, de dif\u00edcil acesso e com um clima extremamente frio. \u201cA Ant\u00e1rtica representa quase como um planeta dentro de um planeta. Um planeta \u00e0 parte. O fato de ser um continente praticamente inabitado a torna ainda mais fascinante\u201d, comenta o embaixador Alessandro Warley Candeas, diretor do departamento de defesa do Itamaraty.<br>\nE foi \u00e0 convite da Marinha do Brasil que o rep\u00f3rter Maur\u00edcio de Almeida viajou duas vezes para a Ant\u00e1rtica, uma regi\u00e3o ainda cercada de mist\u00e9rios. Na primeira, a equipe do Caminhos da Reportagem foi de avi\u00e3o, num H\u00e9rcules C-130 \u2013 uma aeronave de guerra que consegue pousar em pistas pequenas e improvisadas. Por estas caracter\u00edsticas, o H\u00e9rcules \u00e9 o \u00fanico avi\u00e3o da For\u00e7a A\u00e9rea Brasileira que aterrissa no continente.<br>\nNa segunda vez, a produ\u00e7\u00e3o viajou no navio polar \u201cAlmirante Maximiano\u201d que funciona como uma esp\u00e9cie de laborat\u00f3rio flutuante. Cerca de 40% das pesquisas brasileiras no continente s\u00e3o produzidas na embarca\u00e7\u00e3o, onde cientistas fazem levantamento oceanogr\u00e1fico, coletam amostras de esp\u00e9cies marinhas e estudam o clima da regi\u00e3o. Durante o trajeto, o rep\u00f3rter Maur\u00edcio de Almeida teve a oportunidade de conversar com Moacyr Ara\u00fajo, vice-reitor da Universidade Federal de Pernambuco. O pesquisador e sua equipe estudam o impacto das correntes mar\u00edtimas da Ant\u00e1rtica no clima brasileiro: \u201cUm dos principais objetivos do nosso projeto \u00e9 justamente entender como se passa a troca de gases entre o oceano e atmosfera\u201d.<br>\nAs pesquisas realizadas no continente s\u00f3 s\u00e3o poss\u00edveis gra\u00e7as ao Tratado Ant\u00e1rtico \u2013 um acordo firmado em 1959, por 12 pa\u00edses, que definiram as regras de ocupa\u00e7\u00e3o da regi\u00e3o. Desde ent\u00e3o, o local \u00e9 considerado um territ\u00f3rio neutro. A especialista em Rela\u00e7\u00f5es Internacionais da Universidade Federal de Bras\u00edlia, Ana Fl\u00e1via Barros-Platiau, explica que \u201cest\u00e1 estabelecido no tratado a constru\u00e7\u00e3o de bases permanentes ou sazonais na Ant\u00e1rtica, \u00e0 condi\u00e7\u00e3o que os pa\u00edses interessados comprovem pesquisa cient\u00edfica substancial\u201d.<br>\nO Brasil possui bases na regi\u00e3o desde 1982, quando deu in\u00edcio ao Programa Ant\u00e1rtico Brasileiro (Proantar). A paleont\u00f3loga da Universidade Federal do Rio de Janeiro, Juliana Say\u00e3o, \u00e9 uma das pesquisadoras que investiga o continente. Ela ressalta que no passado a regi\u00e3o era colada na Am\u00e9rica do Sul e o clima era quente: \u201ctinha uma diversidade absurda tanto de animais invertebrados quanto de vertebrados.\u201d A equipe dela foi a respons\u00e1vel por encontrar os primeiros registros de pterossauros em solo ant\u00e1rtico.<br>\nEm 2012, a base brasileira sofreu um inc\u00eandio e destruiu 70% das instala\u00e7\u00f5es. No \u00faltimo m\u00eas de janeiro, sete anos depois, a Esta\u00e7\u00e3o Comandante Ferraz foi reinaugurada. Entre os laborat\u00f3rios est\u00e3o o da Fiocruz. L\u00e1, ser\u00e3o desenvolvidos, entre outros estudos, pesquisas com microrganismos ant\u00e1rticos. Win Degrave, coordenador do projeto, explica que o objetivo \u00e9 descobrir novas subst\u00e2ncias para a produ\u00e7\u00e3o de rem\u00e9dios: \u201ccomo eles tem que viver num ambiente muito extremo eles geralmente tem muitas mol\u00e9culas qu\u00edmicas diferentes dentro das c\u00e9lulas que podem ser desenvolvidos como novos antibi\u00f3ticos, no tratamento para c\u00e2ncer, por exemplo\u201d.<\/p>\n\n\n\n<p><strong><em>Fonte: <a href=\"https:\/\/agenciabrasil.ebc.com.br\/geral\/noticia\/2020-03\/antartica-uma-viagem-ao-continente-gelado\">Ag\u00eancia Brasil<\/a><\/em><\/strong><\/p>\n","protected":false},"excerpt":{"rendered":"<p>\u201cA Ant\u00e1rtica representa quase como um planeta dentro de um planeta&#8221; Uma regi\u00e3o isolada do restante do planeta, de dif\u00edcil acesso e com um clima extremamente frio. \u201cA Ant\u00e1rtica representa quase como um planeta dentro de um planeta. Um planeta \u00e0 parte. O fato de ser um continente praticamente inabitado a torna ainda mais fascinante\u201d, [&hellip;]<\/p>\n","protected":false},"author":2,"featured_media":2312,"comment_status":"open","ping_status":"open","sticky":false,"template":"","format":"standard","meta":{"footnotes":""},"categories":[2],"tags":[872,427,873,875,874,50,876,165,871],"class_list":["post-2311","post","type-post","status-publish","format-standard","has-post-thumbnail","hentry","category-ciencia","tag-antartica","tag-atmosfera","tag-continente-gelado","tag-especies-marinhas","tag-forca-aerea-brasileira","tag-oceano","tag-pesquisas","tag-planeta","tag-producao-de-remedios"],"yoast_head":"<!-- This site is optimized with the Yoast SEO plugin v26.5 - https:\/\/yoast.com\/wordpress\/plugins\/seo\/ -->\n<title>Ant\u00e1rtica: uma viagem ao continente gelado - Jornal Fatos e Not\u00edcias<\/title>\n<meta name=\"robots\" content=\"index, follow, max-snippet:-1, max-image-preview:large, max-video-preview:-1\" \/>\n<link rel=\"canonical\" href=\"https:\/\/jornalfatosenoticias.com.br\/index.php\/2020\/03\/23\/antartica-uma-viagem-ao-continente-gelado\/\" \/>\n<meta property=\"og:locale\" content=\"pt_BR\" \/>\n<meta property=\"og:type\" content=\"article\" \/>\n<meta property=\"og:title\" content=\"Ant\u00e1rtica: uma viagem ao continente gelado - Jornal Fatos e Not\u00edcias\" \/>\n<meta property=\"og:description\" content=\"\u201cA Ant\u00e1rtica representa quase como um planeta dentro de um planeta&#8221; Uma regi\u00e3o isolada do restante do planeta, de dif\u00edcil acesso e com um clima extremamente frio. \u201cA Ant\u00e1rtica representa quase como um planeta dentro de um planeta. Um planeta \u00e0 parte. O fato de ser um continente praticamente inabitado a torna ainda mais fascinante\u201d, [&hellip;]\" \/>\n<meta property=\"og:url\" content=\"https:\/\/jornalfatosenoticias.com.br\/index.php\/2020\/03\/23\/antartica-uma-viagem-ao-continente-gelado\/\" \/>\n<meta property=\"og:site_name\" content=\"Jornal Fatos e Not\u00edcias\" \/>\n<meta property=\"article:published_time\" content=\"2020-03-23T12:39:23+00:00\" \/>\n<meta property=\"article:modified_time\" content=\"2020-03-23T12:39:28+00:00\" \/>\n<meta property=\"og:image\" content=\"https:\/\/jornalfatosenoticias.com.br\/wp-content\/uploads\/2020\/03\/estacao_comandante_ferraz_antartica.jpg\" \/>\n\t<meta property=\"og:image:width\" content=\"1170\" \/>\n\t<meta property=\"og:image:height\" content=\"700\" \/>\n\t<meta property=\"og:image:type\" content=\"image\/jpeg\" \/>\n<meta name=\"author\" content=\"Luzimara Fernandes\" \/>\n<meta name=\"twitter:card\" content=\"summary_large_image\" \/>\n<meta name=\"twitter:label1\" content=\"Escrito por\" \/>\n\t<meta name=\"twitter:data1\" content=\"Luzimara Fernandes\" \/>\n\t<meta name=\"twitter:label2\" content=\"Est. tempo de leitura\" \/>\n\t<meta name=\"twitter:data2\" content=\"3 minutos\" \/>\n<script type=\"application\/ld+json\" class=\"yoast-schema-graph\">{\"@context\":\"https:\/\/schema.org\",\"@graph\":[{\"@type\":\"Article\",\"@id\":\"https:\/\/jornalfatosenoticias.com.br\/index.php\/2020\/03\/23\/antartica-uma-viagem-ao-continente-gelado\/#article\",\"isPartOf\":{\"@id\":\"https:\/\/jornalfatosenoticias.com.br\/index.php\/2020\/03\/23\/antartica-uma-viagem-ao-continente-gelado\/\"},\"author\":{\"name\":\"Luzimara Fernandes\",\"@id\":\"https:\/\/jornalfatosenoticias.com.br\/#\/schema\/person\/d63837fa13ac8666eb9e74e0985d6f81\"},\"headline\":\"Ant\u00e1rtica: uma viagem ao continente gelado\",\"datePublished\":\"2020-03-23T12:39:23+00:00\",\"dateModified\":\"2020-03-23T12:39:28+00:00\",\"mainEntityOfPage\":{\"@id\":\"https:\/\/jornalfatosenoticias.com.br\/index.php\/2020\/03\/23\/antartica-uma-viagem-ao-continente-gelado\/\"},\"wordCount\":561,\"commentCount\":0,\"publisher\":{\"@id\":\"https:\/\/jornalfatosenoticias.com.br\/#organization\"},\"image\":{\"@id\":\"https:\/\/jornalfatosenoticias.com.br\/index.php\/2020\/03\/23\/antartica-uma-viagem-ao-continente-gelado\/#primaryimage\"},\"thumbnailUrl\":\"https:\/\/jornalfatosenoticias.com.br\/wp-content\/uploads\/2020\/03\/estacao_comandante_ferraz_antartica.jpg\",\"keywords\":[\"Ant\u00e1rtica\",\"atmosfera\",\"continente gelado\",\"esp\u00e9cies marinhas\",\"For\u00e7a A\u00e9rea Brasileira\",\"oceano\",\"pesquisas\",\"planeta\",\"produ\u00e7\u00e3o de rem\u00e9dios\"],\"articleSection\":[\"Ci\u00eancia\"],\"inLanguage\":\"pt-BR\",\"potentialAction\":[{\"@type\":\"CommentAction\",\"name\":\"Comment\",\"target\":[\"https:\/\/jornalfatosenoticias.com.br\/index.php\/2020\/03\/23\/antartica-uma-viagem-ao-continente-gelado\/#respond\"]}]},{\"@type\":\"WebPage\",\"@id\":\"https:\/\/jornalfatosenoticias.com.br\/index.php\/2020\/03\/23\/antartica-uma-viagem-ao-continente-gelado\/\",\"url\":\"https:\/\/jornalfatosenoticias.com.br\/index.php\/2020\/03\/23\/antartica-uma-viagem-ao-continente-gelado\/\",\"name\":\"Ant\u00e1rtica: uma viagem ao continente gelado - Jornal Fatos e Not\u00edcias\",\"isPartOf\":{\"@id\":\"https:\/\/jornalfatosenoticias.com.br\/#website\"},\"primaryImageOfPage\":{\"@id\":\"https:\/\/jornalfatosenoticias.com.br\/index.php\/2020\/03\/23\/antartica-uma-viagem-ao-continente-gelado\/#primaryimage\"},\"image\":{\"@id\":\"https:\/\/jornalfatosenoticias.com.br\/index.php\/2020\/03\/23\/antartica-uma-viagem-ao-continente-gelado\/#primaryimage\"},\"thumbnailUrl\":\"https:\/\/jornalfatosenoticias.com.br\/wp-content\/uploads\/2020\/03\/estacao_comandante_ferraz_antartica.jpg\",\"datePublished\":\"2020-03-23T12:39:23+00:00\",\"dateModified\":\"2020-03-23T12:39:28+00:00\",\"breadcrumb\":{\"@id\":\"https:\/\/jornalfatosenoticias.com.br\/index.php\/2020\/03\/23\/antartica-uma-viagem-ao-continente-gelado\/#breadcrumb\"},\"inLanguage\":\"pt-BR\",\"potentialAction\":[{\"@type\":\"ReadAction\",\"target\":[\"https:\/\/jornalfatosenoticias.com.br\/index.php\/2020\/03\/23\/antartica-uma-viagem-ao-continente-gelado\/\"]}]},{\"@type\":\"ImageObject\",\"inLanguage\":\"pt-BR\",\"@id\":\"https:\/\/jornalfatosenoticias.com.br\/index.php\/2020\/03\/23\/antartica-uma-viagem-ao-continente-gelado\/#primaryimage\",\"url\":\"https:\/\/jornalfatosenoticias.com.br\/wp-content\/uploads\/2020\/03\/estacao_comandante_ferraz_antartica.jpg\",\"contentUrl\":\"https:\/\/jornalfatosenoticias.com.br\/wp-content\/uploads\/2020\/03\/estacao_comandante_ferraz_antartica.jpg\",\"width\":1170,\"height\":700,\"caption\":\"Esta\u00e7\u00e3o Comandante Ferraz, base de pesquisa do Brasil na Ant\u00e1rtica\"},{\"@type\":\"BreadcrumbList\",\"@id\":\"https:\/\/jornalfatosenoticias.com.br\/index.php\/2020\/03\/23\/antartica-uma-viagem-ao-continente-gelado\/#breadcrumb\",\"itemListElement\":[{\"@type\":\"ListItem\",\"position\":1,\"name\":\"In\u00edcio\",\"item\":\"https:\/\/jornalfatosenoticias.com.br\/\"},{\"@type\":\"ListItem\",\"position\":2,\"name\":\"Ant\u00e1rtica: uma viagem ao continente gelado\"}]},{\"@type\":\"WebSite\",\"@id\":\"https:\/\/jornalfatosenoticias.com.br\/#website\",\"url\":\"https:\/\/jornalfatosenoticias.com.br\/\",\"name\":\"Jornal Fatos e Not\u00edcias\",\"description\":\"Not\u00edcias em geral\",\"publisher\":{\"@id\":\"https:\/\/jornalfatosenoticias.com.br\/#organization\"},\"potentialAction\":[{\"@type\":\"SearchAction\",\"target\":{\"@type\":\"EntryPoint\",\"urlTemplate\":\"https:\/\/jornalfatosenoticias.com.br\/?s={search_term_string}\"},\"query-input\":{\"@type\":\"PropertyValueSpecification\",\"valueRequired\":true,\"valueName\":\"search_term_string\"}}],\"inLanguage\":\"pt-BR\"},{\"@type\":\"Organization\",\"@id\":\"https:\/\/jornalfatosenoticias.com.br\/#organization\",\"name\":\"Jornal Fatos e Not\u00edcias\",\"url\":\"https:\/\/jornalfatosenoticias.com.br\/\",\"logo\":{\"@type\":\"ImageObject\",\"inLanguage\":\"pt-BR\",\"@id\":\"https:\/\/jornalfatosenoticias.com.br\/#\/schema\/logo\/image\/\",\"url\":\"https:\/\/jornalfatosenoticias.com.br\/wp-content\/uploads\/2020\/02\/logo120.png\",\"contentUrl\":\"https:\/\/jornalfatosenoticias.com.br\/wp-content\/uploads\/2020\/02\/logo120.png\",\"width\":1227,\"height\":120,\"caption\":\"Jornal Fatos e Not\u00edcias\"},\"image\":{\"@id\":\"https:\/\/jornalfatosenoticias.com.br\/#\/schema\/logo\/image\/\"}},{\"@type\":\"Person\",\"@id\":\"https:\/\/jornalfatosenoticias.com.br\/#\/schema\/person\/d63837fa13ac8666eb9e74e0985d6f81\",\"name\":\"Luzimara Fernandes\",\"image\":{\"@type\":\"ImageObject\",\"inLanguage\":\"pt-BR\",\"@id\":\"https:\/\/jornalfatosenoticias.com.br\/#\/schema\/person\/image\/\",\"url\":\"https:\/\/jornalfatosenoticias.com.br\/wp-content\/uploads\/2025\/05\/EU_portal.jpg\",\"contentUrl\":\"https:\/\/jornalfatosenoticias.com.br\/wp-content\/uploads\/2025\/05\/EU_portal.jpg\",\"caption\":\"Luzimara Fernandes\"},\"description\":\"Jornalista MTB 2358-ES\",\"sameAs\":[\"https:\/\/jornalfatosenoticias.com.br\"],\"url\":\"https:\/\/jornalfatosenoticias.com.br\/index.php\/author\/luzimara\/\"}]}<\/script>\n<!-- \/ Yoast SEO plugin. -->","yoast_head_json":{"title":"Ant\u00e1rtica: uma viagem ao continente gelado - Jornal Fatos e Not\u00edcias","robots":{"index":"index","follow":"follow","max-snippet":"max-snippet:-1","max-image-preview":"max-image-preview:large","max-video-preview":"max-video-preview:-1"},"canonical":"https:\/\/jornalfatosenoticias.com.br\/index.php\/2020\/03\/23\/antartica-uma-viagem-ao-continente-gelado\/","og_locale":"pt_BR","og_type":"article","og_title":"Ant\u00e1rtica: uma viagem ao continente gelado - Jornal Fatos e Not\u00edcias","og_description":"\u201cA Ant\u00e1rtica representa quase como um planeta dentro de um planeta&#8221; Uma regi\u00e3o isolada do restante do planeta, de dif\u00edcil acesso e com um clima extremamente frio. \u201cA Ant\u00e1rtica representa quase como um planeta dentro de um planeta. Um planeta \u00e0 parte. O fato de ser um continente praticamente inabitado a torna ainda mais fascinante\u201d, [&hellip;]","og_url":"https:\/\/jornalfatosenoticias.com.br\/index.php\/2020\/03\/23\/antartica-uma-viagem-ao-continente-gelado\/","og_site_name":"Jornal Fatos e Not\u00edcias","article_published_time":"2020-03-23T12:39:23+00:00","article_modified_time":"2020-03-23T12:39:28+00:00","og_image":[{"width":1170,"height":700,"url":"https:\/\/jornalfatosenoticias.com.br\/wp-content\/uploads\/2020\/03\/estacao_comandante_ferraz_antartica.jpg","type":"image\/jpeg"}],"author":"Luzimara Fernandes","twitter_card":"summary_large_image","twitter_misc":{"Escrito por":"Luzimara Fernandes","Est. tempo de leitura":"3 minutos"},"schema":{"@context":"https:\/\/schema.org","@graph":[{"@type":"Article","@id":"https:\/\/jornalfatosenoticias.com.br\/index.php\/2020\/03\/23\/antartica-uma-viagem-ao-continente-gelado\/#article","isPartOf":{"@id":"https:\/\/jornalfatosenoticias.com.br\/index.php\/2020\/03\/23\/antartica-uma-viagem-ao-continente-gelado\/"},"author":{"name":"Luzimara Fernandes","@id":"https:\/\/jornalfatosenoticias.com.br\/#\/schema\/person\/d63837fa13ac8666eb9e74e0985d6f81"},"headline":"Ant\u00e1rtica: uma viagem ao continente gelado","datePublished":"2020-03-23T12:39:23+00:00","dateModified":"2020-03-23T12:39:28+00:00","mainEntityOfPage":{"@id":"https:\/\/jornalfatosenoticias.com.br\/index.php\/2020\/03\/23\/antartica-uma-viagem-ao-continente-gelado\/"},"wordCount":561,"commentCount":0,"publisher":{"@id":"https:\/\/jornalfatosenoticias.com.br\/#organization"},"image":{"@id":"https:\/\/jornalfatosenoticias.com.br\/index.php\/2020\/03\/23\/antartica-uma-viagem-ao-continente-gelado\/#primaryimage"},"thumbnailUrl":"https:\/\/jornalfatosenoticias.com.br\/wp-content\/uploads\/2020\/03\/estacao_comandante_ferraz_antartica.jpg","keywords":["Ant\u00e1rtica","atmosfera","continente gelado","esp\u00e9cies marinhas","For\u00e7a A\u00e9rea Brasileira","oceano","pesquisas","planeta","produ\u00e7\u00e3o de rem\u00e9dios"],"articleSection":["Ci\u00eancia"],"inLanguage":"pt-BR","potentialAction":[{"@type":"CommentAction","name":"Comment","target":["https:\/\/jornalfatosenoticias.com.br\/index.php\/2020\/03\/23\/antartica-uma-viagem-ao-continente-gelado\/#respond"]}]},{"@type":"WebPage","@id":"https:\/\/jornalfatosenoticias.com.br\/index.php\/2020\/03\/23\/antartica-uma-viagem-ao-continente-gelado\/","url":"https:\/\/jornalfatosenoticias.com.br\/index.php\/2020\/03\/23\/antartica-uma-viagem-ao-continente-gelado\/","name":"Ant\u00e1rtica: uma viagem ao continente gelado - Jornal Fatos e Not\u00edcias","isPartOf":{"@id":"https:\/\/jornalfatosenoticias.com.br\/#website"},"primaryImageOfPage":{"@id":"https:\/\/jornalfatosenoticias.com.br\/index.php\/2020\/03\/23\/antartica-uma-viagem-ao-continente-gelado\/#primaryimage"},"image":{"@id":"https:\/\/jornalfatosenoticias.com.br\/index.php\/2020\/03\/23\/antartica-uma-viagem-ao-continente-gelado\/#primaryimage"},"thumbnailUrl":"https:\/\/jornalfatosenoticias.com.br\/wp-content\/uploads\/2020\/03\/estacao_comandante_ferraz_antartica.jpg","datePublished":"2020-03-23T12:39:23+00:00","dateModified":"2020-03-23T12:39:28+00:00","breadcrumb":{"@id":"https:\/\/jornalfatosenoticias.com.br\/index.php\/2020\/03\/23\/antartica-uma-viagem-ao-continente-gelado\/#breadcrumb"},"inLanguage":"pt-BR","potentialAction":[{"@type":"ReadAction","target":["https:\/\/jornalfatosenoticias.com.br\/index.php\/2020\/03\/23\/antartica-uma-viagem-ao-continente-gelado\/"]}]},{"@type":"ImageObject","inLanguage":"pt-BR","@id":"https:\/\/jornalfatosenoticias.com.br\/index.php\/2020\/03\/23\/antartica-uma-viagem-ao-continente-gelado\/#primaryimage","url":"https:\/\/jornalfatosenoticias.com.br\/wp-content\/uploads\/2020\/03\/estacao_comandante_ferraz_antartica.jpg","contentUrl":"https:\/\/jornalfatosenoticias.com.br\/wp-content\/uploads\/2020\/03\/estacao_comandante_ferraz_antartica.jpg","width":1170,"height":700,"caption":"Esta\u00e7\u00e3o Comandante Ferraz, base de pesquisa do Brasil na Ant\u00e1rtica"},{"@type":"BreadcrumbList","@id":"https:\/\/jornalfatosenoticias.com.br\/index.php\/2020\/03\/23\/antartica-uma-viagem-ao-continente-gelado\/#breadcrumb","itemListElement":[{"@type":"ListItem","position":1,"name":"In\u00edcio","item":"https:\/\/jornalfatosenoticias.com.br\/"},{"@type":"ListItem","position":2,"name":"Ant\u00e1rtica: uma viagem ao continente gelado"}]},{"@type":"WebSite","@id":"https:\/\/jornalfatosenoticias.com.br\/#website","url":"https:\/\/jornalfatosenoticias.com.br\/","name":"Jornal Fatos e Not\u00edcias","description":"Not\u00edcias em geral","publisher":{"@id":"https:\/\/jornalfatosenoticias.com.br\/#organization"},"potentialAction":[{"@type":"SearchAction","target":{"@type":"EntryPoint","urlTemplate":"https:\/\/jornalfatosenoticias.com.br\/?s={search_term_string}"},"query-input":{"@type":"PropertyValueSpecification","valueRequired":true,"valueName":"search_term_string"}}],"inLanguage":"pt-BR"},{"@type":"Organization","@id":"https:\/\/jornalfatosenoticias.com.br\/#organization","name":"Jornal Fatos e Not\u00edcias","url":"https:\/\/jornalfatosenoticias.com.br\/","logo":{"@type":"ImageObject","inLanguage":"pt-BR","@id":"https:\/\/jornalfatosenoticias.com.br\/#\/schema\/logo\/image\/","url":"https:\/\/jornalfatosenoticias.com.br\/wp-content\/uploads\/2020\/02\/logo120.png","contentUrl":"https:\/\/jornalfatosenoticias.com.br\/wp-content\/uploads\/2020\/02\/logo120.png","width":1227,"height":120,"caption":"Jornal Fatos e Not\u00edcias"},"image":{"@id":"https:\/\/jornalfatosenoticias.com.br\/#\/schema\/logo\/image\/"}},{"@type":"Person","@id":"https:\/\/jornalfatosenoticias.com.br\/#\/schema\/person\/d63837fa13ac8666eb9e74e0985d6f81","name":"Luzimara Fernandes","image":{"@type":"ImageObject","inLanguage":"pt-BR","@id":"https:\/\/jornalfatosenoticias.com.br\/#\/schema\/person\/image\/","url":"https:\/\/jornalfatosenoticias.com.br\/wp-content\/uploads\/2025\/05\/EU_portal.jpg","contentUrl":"https:\/\/jornalfatosenoticias.com.br\/wp-content\/uploads\/2025\/05\/EU_portal.jpg","caption":"Luzimara Fernandes"},"description":"Jornalista MTB 2358-ES","sameAs":["https:\/\/jornalfatosenoticias.com.br"],"url":"https:\/\/jornalfatosenoticias.com.br\/index.php\/author\/luzimara\/"}]}},"cc_featured_image_caption":{"caption_text":"(Foto: Maur\u00edcio de Almeida\/TV Brasil)","source_text":"","source_url":""},"jetpack_featured_media_url":"https:\/\/jornalfatosenoticias.com.br\/wp-content\/uploads\/2020\/03\/estacao_comandante_ferraz_antartica.jpg","_links":{"self":[{"href":"https:\/\/jornalfatosenoticias.com.br\/index.php\/wp-json\/wp\/v2\/posts\/2311","targetHints":{"allow":["GET"]}}],"collection":[{"href":"https:\/\/jornalfatosenoticias.com.br\/index.php\/wp-json\/wp\/v2\/posts"}],"about":[{"href":"https:\/\/jornalfatosenoticias.com.br\/index.php\/wp-json\/wp\/v2\/types\/post"}],"author":[{"embeddable":true,"href":"https:\/\/jornalfatosenoticias.com.br\/index.php\/wp-json\/wp\/v2\/users\/2"}],"replies":[{"embeddable":true,"href":"https:\/\/jornalfatosenoticias.com.br\/index.php\/wp-json\/wp\/v2\/comments?post=2311"}],"version-history":[{"count":0,"href":"https:\/\/jornalfatosenoticias.com.br\/index.php\/wp-json\/wp\/v2\/posts\/2311\/revisions"}],"wp:featuredmedia":[{"embeddable":true,"href":"https:\/\/jornalfatosenoticias.com.br\/index.php\/wp-json\/wp\/v2\/media\/2312"}],"wp:attachment":[{"href":"https:\/\/jornalfatosenoticias.com.br\/index.php\/wp-json\/wp\/v2\/media?parent=2311"}],"wp:term":[{"taxonomy":"category","embeddable":true,"href":"https:\/\/jornalfatosenoticias.com.br\/index.php\/wp-json\/wp\/v2\/categories?post=2311"},{"taxonomy":"post_tag","embeddable":true,"href":"https:\/\/jornalfatosenoticias.com.br\/index.php\/wp-json\/wp\/v2\/tags?post=2311"}],"curies":[{"name":"wp","href":"https:\/\/api.w.org\/{rel}","templated":true}]}}