{"id":2318,"date":"2020-03-23T10:04:59","date_gmt":"2020-03-23T13:04:59","guid":{"rendered":"https:\/\/jornalfatosenoticias.com.br\/?p=2318"},"modified":"2020-03-23T10:05:04","modified_gmt":"2020-03-23T13:05:04","slug":"parques-urbanos-e-naturais-de-vitoria-estao-fechados","status":"publish","type":"post","link":"https:\/\/jornalfatosenoticias.com.br\/index.php\/2020\/03\/23\/parques-urbanos-e-naturais-de-vitoria-estao-fechados\/","title":{"rendered":"Parques urbanos e naturais de Vit\u00f3ria est\u00e3o fechados"},"content":{"rendered":"\n<h6 class=\"wp-block-heading\"><em>Os parques urbanos e naturais de Vit\u00f3ria est\u00e3o fechados ao p\u00fablico<\/em><\/h6>\n\n\n\n<p>Atendendo a determina\u00e7\u00e3o do Decreto 18.044, publicado na \u00faltima quarta (18) no Di\u00e1rio Oficial, todos os parques de Vit\u00f3ria, sejam eles urbanos ou naturais, est\u00e3o fechados ao p\u00fablico desde quinta-feira (19).<br> O artigo 5\u00ba do referido decreto diz que \u201cFica suspenso o acesso do p\u00fablico aos parques municipais e aos demais bens p\u00fablicos de uso comum, destinados \u00e0 pr\u00e1tica de atividades esportivas ou cultura\u201d.<br> <\/p>\n\n\n\n<figure class=\"wp-block-image size-large\"><img loading=\"lazy\" decoding=\"async\" width=\"1000\" height=\"656\" src=\"https:\/\/jornalfatosenoticias.com.br\/wp-content\/uploads\/2020\/03\/pedra-da-cebola.jpg\" alt=\"\" class=\"wp-image-2320\" srcset=\"https:\/\/jornalfatosenoticias.com.br\/wp-content\/uploads\/2020\/03\/pedra-da-cebola.jpg 1000w, https:\/\/jornalfatosenoticias.com.br\/wp-content\/uploads\/2020\/03\/pedra-da-cebola-300x197.jpg 300w, https:\/\/jornalfatosenoticias.com.br\/wp-content\/uploads\/2020\/03\/pedra-da-cebola-768x504.jpg 768w\" sizes=\"auto, (max-width: 1000px) 100vw, 1000px\" \/><figcaption><em>Parque Pedra da Cebola (Foto: V\u00edtor Nogueira)<\/em><\/figcaption><\/figure>\n\n\n\n<p>O secret\u00e1rio de Meio Ambiente de Vit\u00f3ria, Luiz Emanuel Zouain, informa que essa \u00e9 uma medida de preven\u00e7\u00e3o. \u201cA medida \u00e9 necess\u00e1ria para evitar que o v\u00edrus se propague, uma vez que tem uma capacidade muito grande de dissemina\u00e7\u00e3o e pode aumentar com a aglomera\u00e7\u00e3o de pessoas em espa\u00e7os comuns\u201d.<\/p>\n\n\n\n<p><strong><em>Fonte: <a href=\"https:\/\/www.vitoria.es.gov.br\/noticia\/coronavirus-parques-urbanos-e-naturais-de-vitoria-fechados-40157\">PMV<\/a><\/em><\/strong><\/p>\n","protected":false},"excerpt":{"rendered":"<p>Os parques urbanos e naturais de Vit\u00f3ria est\u00e3o fechados ao p\u00fablico Atendendo a determina\u00e7\u00e3o do Decreto 18.044, publicado na \u00faltima quarta (18) no Di\u00e1rio Oficial, todos os parques de Vit\u00f3ria, sejam eles urbanos ou naturais, est\u00e3o fechados ao p\u00fablico desde quinta-feira (19). O artigo 5\u00ba do referido decreto diz que \u201cFica suspenso o acesso do [&hellip;]<\/p>\n","protected":false},"author":2,"featured_media":2321,"comment_status":"open","ping_status":"open","sticky":false,"template":"","format":"standard","meta":{"footnotes":""},"categories":[5],"tags":[883,73,881,265,882],"class_list":["post-2318","post","type-post","status-publish","format-standard","has-post-thumbnail","hentry","category-geral","tag-aglomeracao","tag-coronavirus","tag-parques","tag-prevencao","tag-vitoria"],"yoast_head":"<!-- This site is optimized with the Yoast SEO plugin v26.5 - https:\/\/yoast.com\/wordpress\/plugins\/seo\/ -->\n<title>Parques urbanos e naturais de Vit\u00f3ria est\u00e3o fechados - Jornal Fatos e Not\u00edcias<\/title>\n<meta name=\"robots\" content=\"index, follow, max-snippet:-1, max-image-preview:large, max-video-preview:-1\" \/>\n<link rel=\"canonical\" href=\"https:\/\/jornalfatosenoticias.com.br\/index.php\/2020\/03\/23\/parques-urbanos-e-naturais-de-vitoria-estao-fechados\/\" \/>\n<meta property=\"og:locale\" content=\"pt_BR\" \/>\n<meta property=\"og:type\" content=\"article\" \/>\n<meta property=\"og:title\" content=\"Parques urbanos e naturais de Vit\u00f3ria est\u00e3o fechados - Jornal Fatos e Not\u00edcias\" \/>\n<meta property=\"og:description\" content=\"Os parques urbanos e naturais de Vit\u00f3ria est\u00e3o fechados ao p\u00fablico Atendendo a determina\u00e7\u00e3o do Decreto 18.044, publicado na \u00faltima quarta (18) no Di\u00e1rio Oficial, todos os parques de Vit\u00f3ria, sejam eles urbanos ou naturais, est\u00e3o fechados ao p\u00fablico desde quinta-feira (19). O artigo 5\u00ba do referido decreto diz que \u201cFica suspenso o acesso do [&hellip;]\" \/>\n<meta property=\"og:url\" content=\"https:\/\/jornalfatosenoticias.com.br\/index.php\/2020\/03\/23\/parques-urbanos-e-naturais-de-vitoria-estao-fechados\/\" \/>\n<meta property=\"og:site_name\" content=\"Jornal Fatos e Not\u00edcias\" \/>\n<meta property=\"article:published_time\" content=\"2020-03-23T13:04:59+00:00\" \/>\n<meta property=\"article:modified_time\" content=\"2020-03-23T13:05:04+00:00\" \/>\n<meta property=\"og:image\" content=\"https:\/\/jornalfatosenoticias.com.br\/wp-content\/uploads\/2020\/03\/banner_parque-vitoria.jpg\" \/>\n\t<meta property=\"og:image:width\" content=\"980\" \/>\n\t<meta property=\"og:image:height\" content=\"354\" \/>\n\t<meta property=\"og:image:type\" content=\"image\/jpeg\" \/>\n<meta name=\"author\" content=\"Luzimara Fernandes\" \/>\n<meta name=\"twitter:card\" content=\"summary_large_image\" \/>\n<meta name=\"twitter:label1\" content=\"Escrito por\" \/>\n\t<meta name=\"twitter:data1\" content=\"Luzimara Fernandes\" \/>\n\t<meta name=\"twitter:label2\" content=\"Est. tempo de leitura\" \/>\n\t<meta name=\"twitter:data2\" content=\"1 minuto\" \/>\n<script type=\"application\/ld+json\" class=\"yoast-schema-graph\">{\"@context\":\"https:\/\/schema.org\",\"@graph\":[{\"@type\":\"Article\",\"@id\":\"https:\/\/jornalfatosenoticias.com.br\/index.php\/2020\/03\/23\/parques-urbanos-e-naturais-de-vitoria-estao-fechados\/#article\",\"isPartOf\":{\"@id\":\"https:\/\/jornalfatosenoticias.com.br\/index.php\/2020\/03\/23\/parques-urbanos-e-naturais-de-vitoria-estao-fechados\/\"},\"author\":{\"name\":\"Luzimara Fernandes\",\"@id\":\"https:\/\/jornalfatosenoticias.com.br\/#\/schema\/person\/d63837fa13ac8666eb9e74e0985d6f81\"},\"headline\":\"Parques urbanos e naturais de Vit\u00f3ria est\u00e3o fechados\",\"datePublished\":\"2020-03-23T13:04:59+00:00\",\"dateModified\":\"2020-03-23T13:05:04+00:00\",\"mainEntityOfPage\":{\"@id\":\"https:\/\/jornalfatosenoticias.com.br\/index.php\/2020\/03\/23\/parques-urbanos-e-naturais-de-vitoria-estao-fechados\/\"},\"wordCount\":157,\"commentCount\":0,\"publisher\":{\"@id\":\"https:\/\/jornalfatosenoticias.com.br\/#organization\"},\"image\":{\"@id\":\"https:\/\/jornalfatosenoticias.com.br\/index.php\/2020\/03\/23\/parques-urbanos-e-naturais-de-vitoria-estao-fechados\/#primaryimage\"},\"thumbnailUrl\":\"https:\/\/jornalfatosenoticias.com.br\/wp-content\/uploads\/2020\/03\/banner_parque-vitoria.jpg\",\"keywords\":[\"aglomera\u00e7\u00e3o\",\"coronav\u00edrus\",\"parques\",\"preven\u00e7\u00e3o\",\"Vit\u00f3ria\"],\"articleSection\":[\"Geral\"],\"inLanguage\":\"pt-BR\",\"potentialAction\":[{\"@type\":\"CommentAction\",\"name\":\"Comment\",\"target\":[\"https:\/\/jornalfatosenoticias.com.br\/index.php\/2020\/03\/23\/parques-urbanos-e-naturais-de-vitoria-estao-fechados\/#respond\"]}]},{\"@type\":\"WebPage\",\"@id\":\"https:\/\/jornalfatosenoticias.com.br\/index.php\/2020\/03\/23\/parques-urbanos-e-naturais-de-vitoria-estao-fechados\/\",\"url\":\"https:\/\/jornalfatosenoticias.com.br\/index.php\/2020\/03\/23\/parques-urbanos-e-naturais-de-vitoria-estao-fechados\/\",\"name\":\"Parques urbanos e naturais de Vit\u00f3ria est\u00e3o fechados - Jornal Fatos e Not\u00edcias\",\"isPartOf\":{\"@id\":\"https:\/\/jornalfatosenoticias.com.br\/#website\"},\"primaryImageOfPage\":{\"@id\":\"https:\/\/jornalfatosenoticias.com.br\/index.php\/2020\/03\/23\/parques-urbanos-e-naturais-de-vitoria-estao-fechados\/#primaryimage\"},\"image\":{\"@id\":\"https:\/\/jornalfatosenoticias.com.br\/index.php\/2020\/03\/23\/parques-urbanos-e-naturais-de-vitoria-estao-fechados\/#primaryimage\"},\"thumbnailUrl\":\"https:\/\/jornalfatosenoticias.com.br\/wp-content\/uploads\/2020\/03\/banner_parque-vitoria.jpg\",\"datePublished\":\"2020-03-23T13:04:59+00:00\",\"dateModified\":\"2020-03-23T13:05:04+00:00\",\"breadcrumb\":{\"@id\":\"https:\/\/jornalfatosenoticias.com.br\/index.php\/2020\/03\/23\/parques-urbanos-e-naturais-de-vitoria-estao-fechados\/#breadcrumb\"},\"inLanguage\":\"pt-BR\",\"potentialAction\":[{\"@type\":\"ReadAction\",\"target\":[\"https:\/\/jornalfatosenoticias.com.br\/index.php\/2020\/03\/23\/parques-urbanos-e-naturais-de-vitoria-estao-fechados\/\"]}]},{\"@type\":\"ImageObject\",\"inLanguage\":\"pt-BR\",\"@id\":\"https:\/\/jornalfatosenoticias.com.br\/index.php\/2020\/03\/23\/parques-urbanos-e-naturais-de-vitoria-estao-fechados\/#primaryimage\",\"url\":\"https:\/\/jornalfatosenoticias.com.br\/wp-content\/uploads\/2020\/03\/banner_parque-vitoria.jpg\",\"contentUrl\":\"https:\/\/jornalfatosenoticias.com.br\/wp-content\/uploads\/2020\/03\/banner_parque-vitoria.jpg\",\"width\":980,\"height\":354},{\"@type\":\"BreadcrumbList\",\"@id\":\"https:\/\/jornalfatosenoticias.com.br\/index.php\/2020\/03\/23\/parques-urbanos-e-naturais-de-vitoria-estao-fechados\/#breadcrumb\",\"itemListElement\":[{\"@type\":\"ListItem\",\"position\":1,\"name\":\"In\u00edcio\",\"item\":\"https:\/\/jornalfatosenoticias.com.br\/\"},{\"@type\":\"ListItem\",\"position\":2,\"name\":\"Parques urbanos e naturais de Vit\u00f3ria est\u00e3o fechados\"}]},{\"@type\":\"WebSite\",\"@id\":\"https:\/\/jornalfatosenoticias.com.br\/#website\",\"url\":\"https:\/\/jornalfatosenoticias.com.br\/\",\"name\":\"Jornal Fatos e Not\u00edcias\",\"description\":\"Not\u00edcias em geral\",\"publisher\":{\"@id\":\"https:\/\/jornalfatosenoticias.com.br\/#organization\"},\"potentialAction\":[{\"@type\":\"SearchAction\",\"target\":{\"@type\":\"EntryPoint\",\"urlTemplate\":\"https:\/\/jornalfatosenoticias.com.br\/?s={search_term_string}\"},\"query-input\":{\"@type\":\"PropertyValueSpecification\",\"valueRequired\":true,\"valueName\":\"search_term_string\"}}],\"inLanguage\":\"pt-BR\"},{\"@type\":\"Organization\",\"@id\":\"https:\/\/jornalfatosenoticias.com.br\/#organization\",\"name\":\"Jornal Fatos e Not\u00edcias\",\"url\":\"https:\/\/jornalfatosenoticias.com.br\/\",\"logo\":{\"@type\":\"ImageObject\",\"inLanguage\":\"pt-BR\",\"@id\":\"https:\/\/jornalfatosenoticias.com.br\/#\/schema\/logo\/image\/\",\"url\":\"https:\/\/jornalfatosenoticias.com.br\/wp-content\/uploads\/2020\/02\/logo120.png\",\"contentUrl\":\"https:\/\/jornalfatosenoticias.com.br\/wp-content\/uploads\/2020\/02\/logo120.png\",\"width\":1227,\"height\":120,\"caption\":\"Jornal Fatos e Not\u00edcias\"},\"image\":{\"@id\":\"https:\/\/jornalfatosenoticias.com.br\/#\/schema\/logo\/image\/\"}},{\"@type\":\"Person\",\"@id\":\"https:\/\/jornalfatosenoticias.com.br\/#\/schema\/person\/d63837fa13ac8666eb9e74e0985d6f81\",\"name\":\"Luzimara Fernandes\",\"image\":{\"@type\":\"ImageObject\",\"inLanguage\":\"pt-BR\",\"@id\":\"https:\/\/jornalfatosenoticias.com.br\/#\/schema\/person\/image\/\",\"url\":\"https:\/\/jornalfatosenoticias.com.br\/wp-content\/uploads\/2025\/05\/EU_portal.jpg\",\"contentUrl\":\"https:\/\/jornalfatosenoticias.com.br\/wp-content\/uploads\/2025\/05\/EU_portal.jpg\",\"caption\":\"Luzimara Fernandes\"},\"description\":\"Jornalista MTB 2358-ES\",\"sameAs\":[\"https:\/\/jornalfatosenoticias.com.br\"],\"url\":\"https:\/\/jornalfatosenoticias.com.br\/index.php\/author\/luzimara\/\"}]}<\/script>\n<!-- \/ Yoast SEO plugin. -->","yoast_head_json":{"title":"Parques urbanos e naturais de Vit\u00f3ria est\u00e3o fechados - Jornal Fatos e Not\u00edcias","robots":{"index":"index","follow":"follow","max-snippet":"max-snippet:-1","max-image-preview":"max-image-preview:large","max-video-preview":"max-video-preview:-1"},"canonical":"https:\/\/jornalfatosenoticias.com.br\/index.php\/2020\/03\/23\/parques-urbanos-e-naturais-de-vitoria-estao-fechados\/","og_locale":"pt_BR","og_type":"article","og_title":"Parques urbanos e naturais de Vit\u00f3ria est\u00e3o fechados - Jornal Fatos e Not\u00edcias","og_description":"Os parques urbanos e naturais de Vit\u00f3ria est\u00e3o fechados ao p\u00fablico Atendendo a determina\u00e7\u00e3o do Decreto 18.044, publicado na \u00faltima quarta (18) no Di\u00e1rio Oficial, todos os parques de Vit\u00f3ria, sejam eles urbanos ou naturais, est\u00e3o fechados ao p\u00fablico desde quinta-feira (19). O artigo 5\u00ba do referido decreto diz que \u201cFica suspenso o acesso do [&hellip;]","og_url":"https:\/\/jornalfatosenoticias.com.br\/index.php\/2020\/03\/23\/parques-urbanos-e-naturais-de-vitoria-estao-fechados\/","og_site_name":"Jornal Fatos e Not\u00edcias","article_published_time":"2020-03-23T13:04:59+00:00","article_modified_time":"2020-03-23T13:05:04+00:00","og_image":[{"width":980,"height":354,"url":"https:\/\/jornalfatosenoticias.com.br\/wp-content\/uploads\/2020\/03\/banner_parque-vitoria.jpg","type":"image\/jpeg"}],"author":"Luzimara Fernandes","twitter_card":"summary_large_image","twitter_misc":{"Escrito por":"Luzimara Fernandes","Est. tempo de leitura":"1 minuto"},"schema":{"@context":"https:\/\/schema.org","@graph":[{"@type":"Article","@id":"https:\/\/jornalfatosenoticias.com.br\/index.php\/2020\/03\/23\/parques-urbanos-e-naturais-de-vitoria-estao-fechados\/#article","isPartOf":{"@id":"https:\/\/jornalfatosenoticias.com.br\/index.php\/2020\/03\/23\/parques-urbanos-e-naturais-de-vitoria-estao-fechados\/"},"author":{"name":"Luzimara Fernandes","@id":"https:\/\/jornalfatosenoticias.com.br\/#\/schema\/person\/d63837fa13ac8666eb9e74e0985d6f81"},"headline":"Parques urbanos e naturais de Vit\u00f3ria est\u00e3o fechados","datePublished":"2020-03-23T13:04:59+00:00","dateModified":"2020-03-23T13:05:04+00:00","mainEntityOfPage":{"@id":"https:\/\/jornalfatosenoticias.com.br\/index.php\/2020\/03\/23\/parques-urbanos-e-naturais-de-vitoria-estao-fechados\/"},"wordCount":157,"commentCount":0,"publisher":{"@id":"https:\/\/jornalfatosenoticias.com.br\/#organization"},"image":{"@id":"https:\/\/jornalfatosenoticias.com.br\/index.php\/2020\/03\/23\/parques-urbanos-e-naturais-de-vitoria-estao-fechados\/#primaryimage"},"thumbnailUrl":"https:\/\/jornalfatosenoticias.com.br\/wp-content\/uploads\/2020\/03\/banner_parque-vitoria.jpg","keywords":["aglomera\u00e7\u00e3o","coronav\u00edrus","parques","preven\u00e7\u00e3o","Vit\u00f3ria"],"articleSection":["Geral"],"inLanguage":"pt-BR","potentialAction":[{"@type":"CommentAction","name":"Comment","target":["https:\/\/jornalfatosenoticias.com.br\/index.php\/2020\/03\/23\/parques-urbanos-e-naturais-de-vitoria-estao-fechados\/#respond"]}]},{"@type":"WebPage","@id":"https:\/\/jornalfatosenoticias.com.br\/index.php\/2020\/03\/23\/parques-urbanos-e-naturais-de-vitoria-estao-fechados\/","url":"https:\/\/jornalfatosenoticias.com.br\/index.php\/2020\/03\/23\/parques-urbanos-e-naturais-de-vitoria-estao-fechados\/","name":"Parques urbanos e naturais de Vit\u00f3ria est\u00e3o fechados - Jornal Fatos e Not\u00edcias","isPartOf":{"@id":"https:\/\/jornalfatosenoticias.com.br\/#website"},"primaryImageOfPage":{"@id":"https:\/\/jornalfatosenoticias.com.br\/index.php\/2020\/03\/23\/parques-urbanos-e-naturais-de-vitoria-estao-fechados\/#primaryimage"},"image":{"@id":"https:\/\/jornalfatosenoticias.com.br\/index.php\/2020\/03\/23\/parques-urbanos-e-naturais-de-vitoria-estao-fechados\/#primaryimage"},"thumbnailUrl":"https:\/\/jornalfatosenoticias.com.br\/wp-content\/uploads\/2020\/03\/banner_parque-vitoria.jpg","datePublished":"2020-03-23T13:04:59+00:00","dateModified":"2020-03-23T13:05:04+00:00","breadcrumb":{"@id":"https:\/\/jornalfatosenoticias.com.br\/index.php\/2020\/03\/23\/parques-urbanos-e-naturais-de-vitoria-estao-fechados\/#breadcrumb"},"inLanguage":"pt-BR","potentialAction":[{"@type":"ReadAction","target":["https:\/\/jornalfatosenoticias.com.br\/index.php\/2020\/03\/23\/parques-urbanos-e-naturais-de-vitoria-estao-fechados\/"]}]},{"@type":"ImageObject","inLanguage":"pt-BR","@id":"https:\/\/jornalfatosenoticias.com.br\/index.php\/2020\/03\/23\/parques-urbanos-e-naturais-de-vitoria-estao-fechados\/#primaryimage","url":"https:\/\/jornalfatosenoticias.com.br\/wp-content\/uploads\/2020\/03\/banner_parque-vitoria.jpg","contentUrl":"https:\/\/jornalfatosenoticias.com.br\/wp-content\/uploads\/2020\/03\/banner_parque-vitoria.jpg","width":980,"height":354},{"@type":"BreadcrumbList","@id":"https:\/\/jornalfatosenoticias.com.br\/index.php\/2020\/03\/23\/parques-urbanos-e-naturais-de-vitoria-estao-fechados\/#breadcrumb","itemListElement":[{"@type":"ListItem","position":1,"name":"In\u00edcio","item":"https:\/\/jornalfatosenoticias.com.br\/"},{"@type":"ListItem","position":2,"name":"Parques urbanos e naturais de Vit\u00f3ria est\u00e3o fechados"}]},{"@type":"WebSite","@id":"https:\/\/jornalfatosenoticias.com.br\/#website","url":"https:\/\/jornalfatosenoticias.com.br\/","name":"Jornal Fatos e Not\u00edcias","description":"Not\u00edcias em geral","publisher":{"@id":"https:\/\/jornalfatosenoticias.com.br\/#organization"},"potentialAction":[{"@type":"SearchAction","target":{"@type":"EntryPoint","urlTemplate":"https:\/\/jornalfatosenoticias.com.br\/?s={search_term_string}"},"query-input":{"@type":"PropertyValueSpecification","valueRequired":true,"valueName":"search_term_string"}}],"inLanguage":"pt-BR"},{"@type":"Organization","@id":"https:\/\/jornalfatosenoticias.com.br\/#organization","name":"Jornal Fatos e Not\u00edcias","url":"https:\/\/jornalfatosenoticias.com.br\/","logo":{"@type":"ImageObject","inLanguage":"pt-BR","@id":"https:\/\/jornalfatosenoticias.com.br\/#\/schema\/logo\/image\/","url":"https:\/\/jornalfatosenoticias.com.br\/wp-content\/uploads\/2020\/02\/logo120.png","contentUrl":"https:\/\/jornalfatosenoticias.com.br\/wp-content\/uploads\/2020\/02\/logo120.png","width":1227,"height":120,"caption":"Jornal Fatos e Not\u00edcias"},"image":{"@id":"https:\/\/jornalfatosenoticias.com.br\/#\/schema\/logo\/image\/"}},{"@type":"Person","@id":"https:\/\/jornalfatosenoticias.com.br\/#\/schema\/person\/d63837fa13ac8666eb9e74e0985d6f81","name":"Luzimara Fernandes","image":{"@type":"ImageObject","inLanguage":"pt-BR","@id":"https:\/\/jornalfatosenoticias.com.br\/#\/schema\/person\/image\/","url":"https:\/\/jornalfatosenoticias.com.br\/wp-content\/uploads\/2025\/05\/EU_portal.jpg","contentUrl":"https:\/\/jornalfatosenoticias.com.br\/wp-content\/uploads\/2025\/05\/EU_portal.jpg","caption":"Luzimara Fernandes"},"description":"Jornalista MTB 2358-ES","sameAs":["https:\/\/jornalfatosenoticias.com.br"],"url":"https:\/\/jornalfatosenoticias.com.br\/index.php\/author\/luzimara\/"}]}},"cc_featured_image_caption":{"caption_text":"Parque (Foto: Divulga\u00e7\u00e3o PMV)","source_text":"","source_url":""},"jetpack_featured_media_url":"https:\/\/jornalfatosenoticias.com.br\/wp-content\/uploads\/2020\/03\/banner_parque-vitoria.jpg","_links":{"self":[{"href":"https:\/\/jornalfatosenoticias.com.br\/index.php\/wp-json\/wp\/v2\/posts\/2318","targetHints":{"allow":["GET"]}}],"collection":[{"href":"https:\/\/jornalfatosenoticias.com.br\/index.php\/wp-json\/wp\/v2\/posts"}],"about":[{"href":"https:\/\/jornalfatosenoticias.com.br\/index.php\/wp-json\/wp\/v2\/types\/post"}],"author":[{"embeddable":true,"href":"https:\/\/jornalfatosenoticias.com.br\/index.php\/wp-json\/wp\/v2\/users\/2"}],"replies":[{"embeddable":true,"href":"https:\/\/jornalfatosenoticias.com.br\/index.php\/wp-json\/wp\/v2\/comments?post=2318"}],"version-history":[{"count":0,"href":"https:\/\/jornalfatosenoticias.com.br\/index.php\/wp-json\/wp\/v2\/posts\/2318\/revisions"}],"wp:featuredmedia":[{"embeddable":true,"href":"https:\/\/jornalfatosenoticias.com.br\/index.php\/wp-json\/wp\/v2\/media\/2321"}],"wp:attachment":[{"href":"https:\/\/jornalfatosenoticias.com.br\/index.php\/wp-json\/wp\/v2\/media?parent=2318"}],"wp:term":[{"taxonomy":"category","embeddable":true,"href":"https:\/\/jornalfatosenoticias.com.br\/index.php\/wp-json\/wp\/v2\/categories?post=2318"},{"taxonomy":"post_tag","embeddable":true,"href":"https:\/\/jornalfatosenoticias.com.br\/index.php\/wp-json\/wp\/v2\/tags?post=2318"}],"curies":[{"name":"wp","href":"https:\/\/api.w.org\/{rel}","templated":true}]}}