{"id":23205,"date":"2021-09-24T11:24:51","date_gmt":"2021-09-24T14:24:51","guid":{"rendered":"https:\/\/jornalfatosenoticias.com.br\/?p=23205"},"modified":"2021-09-24T19:21:44","modified_gmt":"2021-09-24T22:21:44","slug":"oms-faz-alerta-sobre-as-novas-diretrizes-globais-de-qualidade-do-ar","status":"publish","type":"post","link":"https:\/\/jornalfatosenoticias.com.br\/index.php\/2021\/09\/24\/oms-faz-alerta-sobre-as-novas-diretrizes-globais-de-qualidade-do-ar\/","title":{"rendered":"OMS faz alerta sobre as novas Diretrizes Globais de Qualidade do Ar"},"content":{"rendered":"\n<p><em><span class=\"has-inline-color has-black-color\">No Esp\u00edrito Santo, presidente da ONG Juntos SOS Esp\u00edrito Santo Ambiental, Eraylton Moreschi, trabalha h\u00e1 anos no combate \u00e0 polui\u00e7\u00e3o do ar<\/span><\/em><\/p>\n\n\n\n<p>A <em>ONG Juntos SOS Esp\u00edrito Santo Ambiental<\/em> requereu, nesta quarta-feira (22), ao Minist\u00e9rio P\u00fablico Estadual (N\u00famero: OUV2021089239) que determine a realiza\u00e7\u00e3o de processo revis\u00f3rio por empresas isentas e certificadas de todas as metas e diretrizes estabelecidas nos TCAs 035 da VALE e 36 da ArcelorMittal objetivando corre\u00e7\u00f5es necess\u00e1rias nestas metas e diretrizes a fim de que se mitigue suas emiss\u00f5es dos poluentes especificados nas diretrizes da <strong>Organiza\u00e7\u00e3o Mundial da Sa\u00fade<\/strong> (OMS) com as Melhores Tecnologias Dispon\u00edveis em n\u00edvel mundial objetivando o atendimento <em>\u201cDas novas Diretrizes Globais de Qualidade do Ar da OMS visando salvar vidas Capixabas da polui\u00e7\u00e3o do ar\u201d<\/em>.<br>Em entrevista, por telefone, ao <strong><span class=\"has-inline-color has-black-color\">Fatos &amp; Not\u00edcias<\/span><\/strong>, Eraylton Moreschi, presidente da institui\u00e7\u00e3o, lembrou que a OMS fez um comunicado \u00e0 imprensa em seu site oficial onde menciona n\u00fameros que evidenciam danos que a polui\u00e7\u00e3o do ar aflige \u00e0 sa\u00fade humana e da import\u00e2ncia das empresas se adequarem \u00e0s novas Diretrizes Globais de Qualidade do Ar, que visam salvar milh\u00f5es de vidas.<br>O presidente aproveitou ainda para lembrar que o artigo 225 da Constitui\u00e7\u00e3o Federal \u00e9 muito clara quando diz que \u201cTodos t\u00eam direito ao meio ambiente ecologicamente equilibrado, bem de uso comum do povo e essencial \u00e0 sadia qualidade de vida, impondo-se ao poder p\u00fablico e \u00e0 coletividade o dever de defend\u00ea-lo e preserv\u00e1-lo para as presentes e futuras gera\u00e7\u00f5es\u201d.<\/p>\n\n\n\n<figure class=\"wp-block-image size-large is-style-default\"><img loading=\"lazy\" decoding=\"async\" width=\"1000\" height=\"562\" src=\"https:\/\/jornalfatosenoticias.com.br\/wp-content\/uploads\/2021\/09\/IMG-20210201-WA0108.jpg\" alt=\"\" class=\"wp-image-23206\" srcset=\"https:\/\/jornalfatosenoticias.com.br\/wp-content\/uploads\/2021\/09\/IMG-20210201-WA0108.jpg 1000w, https:\/\/jornalfatosenoticias.com.br\/wp-content\/uploads\/2021\/09\/IMG-20210201-WA0108-300x169.jpg 300w, https:\/\/jornalfatosenoticias.com.br\/wp-content\/uploads\/2021\/09\/IMG-20210201-WA0108-768x432.jpg 768w\" sizes=\"auto, (max-width: 1000px) 100vw, 1000px\" \/><figcaption><em><span class=\"has-inline-color has-black-color\">Eraylton Moreschi, presidente da ONG Juntos SOS Esp\u00edrito Santo Ambiental<\/span><\/em> <em><span class=\"has-inline-color has-black-color\">(Foto: Arquivo Pessoal)<\/span><\/em><\/figcaption><\/figure>\n\n\n\n<h4 class=\"wp-block-heading\"><span class=\"has-inline-color has-black-color\">Nota \u00e0 imprensa da Organiza\u00e7\u00e3o Mundial da Sa\u00fade<\/span><\/h4>\n\n\n\n<p><span class=\"has-inline-color has-black-color\">As novas Diretrizes Globais de Qualidade do Ar da OMS visam salvar milh\u00f5es de vidas da polui\u00e7\u00e3o do ar<\/span><\/p>\n\n\n\n<p><em><span class=\"has-inline-color has-black-color\">Copenhague, Genebra, 22 de setembro de 2021<br><\/span><\/em>A polui\u00e7\u00e3o do ar \u00e9 uma das maiores amea\u00e7as ambientais \u00e0 sa\u00fade humana, juntamente com as mudan\u00e7as clim\u00e1ticas. As novas Diretrizes Globais de Qualidade do Ar (AQGs) da Organiza\u00e7\u00e3o Mundial da Sa\u00fade (OMS) fornecem evid\u00eancias claras dos danos que a polui\u00e7\u00e3o do ar inflige \u00e0 sa\u00fade humana, em concentra\u00e7\u00f5es ainda mais baixas do que as previamente compreendidas. As diretrizes recomendam novos n\u00edveis de qualidade do ar para proteger a sa\u00fade das popula\u00e7\u00f5es, reduzindo os n\u00edveis dos principais poluentes atmosf\u00e9ricos, alguns dos quais tamb\u00e9m contribuem para as mudan\u00e7as clim\u00e1ticas.<br>Desde a \u00faltima atualiza\u00e7\u00e3o global da OMS, de 2005, tem havido um aumento acentuado de evid\u00eancias que mostram como a polui\u00e7\u00e3o do ar afeta diferentes aspectos da sa\u00fade. Por esse motivo, e ap\u00f3s uma revis\u00e3o sistem\u00e1tica das evid\u00eancias acumuladas, a OMS ajustou quase todos os n\u00edveis de AQGs para baixo, alertando<br>que exceder os novos n\u00edveis das diretrizes de qualidade do ar est\u00e1 associado a riscos significativos para a sa\u00fade. Ao mesmo tempo, por\u00e9m, aderir a eles pode salvar milh\u00f5es de vidas.<br>A cada ano, estima-se que a exposi\u00e7\u00e3o \u00e0 polui\u00e7\u00e3o do ar cause sete milh\u00f5es de mortes prematuras e resulte na perda de milh\u00f5es de anos de vida saud\u00e1veis. Em crian\u00e7as, isso pode incluir redu\u00e7\u00e3o do crescimento e fun\u00e7\u00e3o pulmonar, infec\u00e7\u00f5es respirat\u00f3rias e asma agravada. Em adultos, a doen\u00e7a card\u00edaca isqu\u00eamica e o derrame cerebral s\u00e3o as causas mais comuns de morte prematura atribu\u00edveis \u00e0 polui\u00e7\u00e3o do ar externo, e tamb\u00e9m est\u00e3o surgindo evid\u00eancias de outros efeitos, como diabetes e doen\u00e7as neurodegenerativas. Isso coloca o fardo das doen\u00e7as atribu\u00edveis \u00e0 polui\u00e7\u00e3o do ar em p\u00e9 de igualdade com outros grandes riscos globais \u00e0 sa\u00fade, como dieta n\u00e3o saud\u00e1vel e tabagismo.<br>A polui\u00e7\u00e3o do ar \u00e9 uma das maiores amea\u00e7as ambientais \u00e0 sa\u00fade humana, juntamente com as mudan\u00e7as clim\u00e1ticas. Melhorar a qualidade do ar pode aumentar os esfor\u00e7os de mitiga\u00e7\u00e3o das mudan\u00e7as clim\u00e1ticas, enquanto a redu\u00e7\u00e3o das emiss\u00f5es, por sua vez, melhorar\u00e1 a qualidade do ar. Ao se esfor\u00e7ar para atingir esses n\u00edveis de diretrizes, os pa\u00edses estar\u00e3o tanto protegendo a sa\u00fade quanto mitigando as mudan\u00e7as clim\u00e1ticas globais.<br>As novas diretrizes da OMS recomendam n\u00edveis de qualidade do ar para seis poluentes, onde as evid\u00eancias avan\u00e7aram mais sobre os efeitos da exposi\u00e7\u00e3o \u00e0 sa\u00fade. Quando s\u00e3o tomadas medidas sobre esses poluentes chamados cl\u00e1ssicos \u2014 part\u00edculas (PM), oz\u00f4nio (O\u2083), di\u00f3xido de nitrog\u00eanio (NO\u2082), di\u00f3xido de enxofre (SO\u2082) e mon\u00f3xido de carbono (CO), tamb\u00e9m t\u00eam impacto sobre outros poluentes prejudiciais.<br>Os riscos \u00e0 sa\u00fade associados a part\u00edculas iguais ou menores que 10 e 2,5 m\u00edcrons (\u00b5m) de di\u00e2metro (PM\u2081\u2080 e PM\u2082.\u2085, respectivamente) s\u00e3o de particular relev\u00e2ncia para a sa\u00fade p\u00fablica. Tanto o PM\u2082.\u2085 quanto o PM\u2081\u2080 s\u00e3o capazes de penetrar profundamente nos pulm\u00f5es, mas o PM\u2082.\u2085 pode at\u00e9 entrar na corrente sangu\u00ednea, resultando principalmente em impactos cardiovasculares e respirat\u00f3rios, e tamb\u00e9m afetando outros \u00f3rg\u00e3os. PM \u00e9 gerado principalmente pela combust\u00e3o de combust\u00edvel em diferentes setores, incluindo transporte, energia, resid\u00eancias, ind\u00fastria e agricultura. Em 2013, a polui\u00e7\u00e3o do ar exterior e part\u00edculas em suspens\u00e3o foram classificados como cancer\u00edgenos pela Ag\u00eancia Internacional de Pesquisa do C\u00e2ncer da OMS (IARC).<br>As diretrizes tamb\u00e9m destacam boas pr\u00e1ticas para o gerenciamento de certos tipos de material particulado (por exemplo, carbono negro\/carbono elementar, part\u00edculas ultrafinas, part\u00edculas originadas de tempestades de areia e poeira) para os quais atualmente n\u00e3o h\u00e1 evid\u00eancias quantitativas suficientes para definir os n\u00edveis de diretrizes de qualidade do ar. Eles s\u00e3o aplic\u00e1veis a ambientes internos e externos globalmente e cobrem todas as configura\u00e7\u00f5es.<\/p>\n\n\n\n<blockquote class=\"wp-block-quote is-layout-flow wp-block-quote-is-layout-flow\"><p><span class=\"has-inline-color has-luminous-vivid-orange-color\">\u201cA polui\u00e7\u00e3o do ar \u00e9 uma amea\u00e7a \u00e0 sa\u00fade em todos os pa\u00edses, mas atinge com mais for\u00e7a as pessoas nos pa\u00edses de renda baixa e m\u00e9dia\u201d, disse o Diretor-Geral da OMS, Dr. Tedros Adhanom Ghebreyesus. \u201cAs novas Diretrizes de Qualidade do Ar da OMS s\u00e3o uma ferramenta pr\u00e1tica e baseada em evid\u00eancias para melhorar a qualidade do ar do qual toda a vida depende. Exorto todos os pa\u00edses e todos aqueles que lutam para proteger nosso meio ambiente a coloc\u00e1-los em uso para reduzir o sofrimento e salvar vidas\u201d.<\/span><\/p><\/blockquote>\n\n\n\n<h4 class=\"wp-block-heading\"><strong><span class=\"has-inline-color has-black-color\">Uma carga desigual de doen\u00e7as<\/span><\/strong><\/h4>\n\n\n\n<figure class=\"wp-block-image size-large is-style-default\"><img loading=\"lazy\" decoding=\"async\" width=\"1000\" height=\"709\" src=\"https:\/\/jornalfatosenoticias.com.br\/wp-content\/uploads\/2021\/09\/IMG-20210924-WA0045.jpg\" alt=\"\" class=\"wp-image-23208\" srcset=\"https:\/\/jornalfatosenoticias.com.br\/wp-content\/uploads\/2021\/09\/IMG-20210924-WA0045.jpg 1000w, https:\/\/jornalfatosenoticias.com.br\/wp-content\/uploads\/2021\/09\/IMG-20210924-WA0045-300x213.jpg 300w, https:\/\/jornalfatosenoticias.com.br\/wp-content\/uploads\/2021\/09\/IMG-20210924-WA0045-768x545.jpg 768w\" sizes=\"auto, (max-width: 1000px) 100vw, 1000px\" \/><\/figure>\n\n\n\n<p>As disparidades na exposi\u00e7\u00e3o \u00e0 polui\u00e7\u00e3o do ar est\u00e3o aumentando em todo o mundo, especialmente porque os pa\u00edses de baixa e m\u00e9dia renda est\u00e3o enfrentando n\u00edveis crescentes de polui\u00e7\u00e3o do ar por causa da urbaniza\u00e7\u00e3o em grande escala e do desenvolvimento econ\u00f4mico que depende amplamente da queima de combust\u00edveis f\u00f3sseis.<br>\u201cAnualmente, a OMS estima que milh\u00f5es de mortes s\u00e3o causadas pelos efeitos da polui\u00e7\u00e3o do ar, principalmente por doen\u00e7as n\u00e3o transmiss\u00edveis. O ar puro deve ser um direito humano fundamental e uma condi\u00e7\u00e3o necess\u00e1ria para sociedades saud\u00e1veis e produtivas. No entanto, apesar de algumas melhorias na qualidade do ar nas \u00faltimas tr\u00eas d\u00e9cadas, milh\u00f5es de pessoas continuam a morrer prematuramente, frequentemente afetando as popula\u00e7\u00f5es mais vulner\u00e1veis e marginalizadas\u201d, disse o Diretor Regional da OMS para a Europa, Dr. Hans Henri P. Kluge.<\/p>\n\n\n\n<blockquote class=\"wp-block-quote is-layout-flow wp-block-quote-is-layout-flow\"><p><span class=\"has-inline-color has-luminous-vivid-orange-color\">\u201cSabemos a magnitude do problema e sabemos como resolv\u00ea-lo. Essas diretrizes atualizadas fornecem aos formuladores de pol\u00edticas evid\u00eancias s\u00f3lidas e a ferramenta necess\u00e1ria para lidar com esse problema de sa\u00fade de longo prazo\u201d.<\/span><\/p><\/blockquote>\n\n\n\n<p>Avalia\u00e7\u00f5es globais da polui\u00e7\u00e3o do ar ambiente por si s\u00f3 sugerem centenas de milh\u00f5es de anos de vida saud\u00e1veis perdidos, com a maior carga de doen\u00e7as atribu\u00edvel observada em pa\u00edses de baixa e m\u00e9dia renda. Quanto mais expostos \u00e0 polui\u00e7\u00e3o do ar, maior o impacto na sa\u00fade, principalmente em indiv\u00edduos com doen\u00e7as cr\u00f4nicas (como asma, doen\u00e7a pulmonar obstrutiva cr\u00f4nica e doen\u00e7as card\u00edacas), bem como em idosos, crian\u00e7as e mulheres gr\u00e1vidas.<br>Em 2019, mais de 90% da popula\u00e7\u00e3o global vivia em \u00e1reas onde as concentra\u00e7\u00f5es excediam a diretriz de qualidade do ar da OMS de 2005 para exposi\u00e7\u00e3o de longo prazo a PM\u2082.\u2085. Os pa\u00edses com fortes melhorias na qualidade do ar impulsionadas por pol\u00edticas p\u00fablicas t\u00eam visto frequentemente uma redu\u00e7\u00e3o acentuada na polui\u00e7\u00e3o do ar, ao passo que os decl\u00ednios nos \u00faltimos 30 anos foram menos percept\u00edveis em regi\u00f5es com uma qualidade do ar j\u00e1 boa.<\/p>\n\n\n\n<div class=\"wp-block-jetpack-slideshow aligncenter\" data-effect=\"slide\"><div class=\"wp-block-jetpack-slideshow_container swiper-container\"><ul class=\"wp-block-jetpack-slideshow_swiper-wrapper swiper-wrapper\"><li class=\"wp-block-jetpack-slideshow_slide swiper-slide\"><figure><img loading=\"lazy\" decoding=\"async\" width=\"1000\" height=\"503\" alt=\"\" class=\"wp-block-jetpack-slideshow_image wp-image-23209\" data-id=\"23209\" src=\"https:\/\/jornalfatosenoticias.com.br\/wp-content\/uploads\/2021\/09\/IMG-20210924-WA0039.jpg\" srcset=\"https:\/\/jornalfatosenoticias.com.br\/wp-content\/uploads\/2021\/09\/IMG-20210924-WA0039.jpg 1000w, https:\/\/jornalfatosenoticias.com.br\/wp-content\/uploads\/2021\/09\/IMG-20210924-WA0039-300x151.jpg 300w, https:\/\/jornalfatosenoticias.com.br\/wp-content\/uploads\/2021\/09\/IMG-20210924-WA0039-768x386.jpg 768w\" sizes=\"auto, (max-width: 1000px) 100vw, 1000px\" \/><figcaption class=\"wp-block-jetpack-slideshow_caption gallery-caption\">Domus \u2013 Tecnologica de enclausuramento mais eficiente do mundo (Foto: Divulga\u00e7\u00e3o)<\/figcaption><\/figure><\/li><li class=\"wp-block-jetpack-slideshow_slide swiper-slide\"><figure><img loading=\"lazy\" decoding=\"async\" width=\"1000\" height=\"829\" alt=\"\" class=\"wp-block-jetpack-slideshow_image wp-image-23210\" data-id=\"23210\" src=\"https:\/\/jornalfatosenoticias.com.br\/wp-content\/uploads\/2021\/09\/IMG-20210924-WA0040.jpg\" srcset=\"https:\/\/jornalfatosenoticias.com.br\/wp-content\/uploads\/2021\/09\/IMG-20210924-WA0040.jpg 1000w, https:\/\/jornalfatosenoticias.com.br\/wp-content\/uploads\/2021\/09\/IMG-20210924-WA0040-300x249.jpg 300w, https:\/\/jornalfatosenoticias.com.br\/wp-content\/uploads\/2021\/09\/IMG-20210924-WA0040-768x637.jpg 768w\" sizes=\"auto, (max-width: 1000px) 100vw, 1000px\" \/><figcaption class=\"wp-block-jetpack-slideshow_caption gallery-caption\">P\u00f3 preto coletado em telhado de resid\u00eancia (Foto: ONG Juntos SOS Esp\u00edrito Santo Ambiental)<\/figcaption><\/figure><\/li><li class=\"wp-block-jetpack-slideshow_slide swiper-slide\"><figure><img loading=\"lazy\" decoding=\"async\" width=\"1000\" height=\"818\" alt=\"\" class=\"wp-block-jetpack-slideshow_image wp-image-23211\" data-id=\"23211\" src=\"https:\/\/jornalfatosenoticias.com.br\/wp-content\/uploads\/2021\/09\/IMG-20210924-WA0044.jpg\" srcset=\"https:\/\/jornalfatosenoticias.com.br\/wp-content\/uploads\/2021\/09\/IMG-20210924-WA0044.jpg 1000w, https:\/\/jornalfatosenoticias.com.br\/wp-content\/uploads\/2021\/09\/IMG-20210924-WA0044-300x245.jpg 300w, https:\/\/jornalfatosenoticias.com.br\/wp-content\/uploads\/2021\/09\/IMG-20210924-WA0044-768x628.jpg 768w\" sizes=\"auto, (max-width: 1000px) 100vw, 1000px\" \/><figcaption class=\"wp-block-jetpack-slideshow_caption gallery-caption\">P\u00f3 preto coletado de mesa residencial (Foto: ONG Juntos SOS Esp\u00edrito Santo Ambiental)<\/figcaption><\/figure><\/li><\/ul><a class=\"wp-block-jetpack-slideshow_button-prev swiper-button-prev swiper-button-white\" role=\"button\"><\/a><a class=\"wp-block-jetpack-slideshow_button-next swiper-button-next swiper-button-white\" role=\"button\"><\/a><a aria-label=\"Pause Slideshow\" class=\"wp-block-jetpack-slideshow_button-pause\" role=\"button\"><\/a><div class=\"wp-block-jetpack-slideshow_pagination swiper-pagination swiper-pagination-white\"><\/div><\/div><\/div>\n\n\n\n<p>O caminho para alcan\u00e7ar os n\u00edveis de diretriz de qualidade do ar recomendados<br>O objetivo da diretriz \u00e9 que todos os pa\u00edses atinjam os n\u00edveis de qualidade do ar recomendados. Consciente de que essa ser\u00e1 uma tarefa dif\u00edcil para muitos pa\u00edses e regi\u00f5es que lutam com altos n\u00edveis de polui\u00e7\u00e3o do ar, a OMS prop\u00f4s metas provis\u00f3rias para facilitar a melhoria gradual da qualidade do ar e, assim, benef\u00edcios graduais, mas significativos, para a sa\u00fade da popula\u00e7\u00e3o.<br>Quase 80% das mortes relacionadas ao PM\u2082.\u2085 poderiam ser evitadas no mundo se os n\u00edveis atuais de polui\u00e7\u00e3o do ar fossem reduzidos aos propostos na diretriz atualizada, de acordo com uma r\u00e1pida an\u00e1lise de cen\u00e1rio realizada pela OMS. Ao mesmo tempo, o cumprimento das metas provis\u00f3rias resultaria na redu\u00e7\u00e3o da carga de doen\u00e7as, da qual o maior benef\u00edcio seria observado em pa\u00edses com altas concentra\u00e7\u00f5es de part\u00edculas finas (PM\u2082.\u2085) e grandes popula\u00e7\u00f5es.<\/p>\n\n\n\n<div class=\"wp-block-jetpack-slideshow aligncenter\" data-effect=\"slide\"><div class=\"wp-block-jetpack-slideshow_container swiper-container\"><ul class=\"wp-block-jetpack-slideshow_swiper-wrapper swiper-wrapper\"><li class=\"wp-block-jetpack-slideshow_slide swiper-slide\"><figure><img loading=\"lazy\" decoding=\"async\" width=\"1000\" height=\"860\" alt=\"\" class=\"wp-block-jetpack-slideshow_image wp-image-23212\" data-id=\"23212\" src=\"https:\/\/jornalfatosenoticias.com.br\/wp-content\/uploads\/2021\/09\/IMG-20210924-WA0043.jpg\" srcset=\"https:\/\/jornalfatosenoticias.com.br\/wp-content\/uploads\/2021\/09\/IMG-20210924-WA0043.jpg 1000w, https:\/\/jornalfatosenoticias.com.br\/wp-content\/uploads\/2021\/09\/IMG-20210924-WA0043-300x258.jpg 300w, https:\/\/jornalfatosenoticias.com.br\/wp-content\/uploads\/2021\/09\/IMG-20210924-WA0043-768x660.jpg 768w\" sizes=\"auto, (max-width: 1000px) 100vw, 1000px\" \/><\/figure><\/li><li class=\"wp-block-jetpack-slideshow_slide swiper-slide\"><figure><img loading=\"lazy\" decoding=\"async\" width=\"1000\" height=\"464\" alt=\"\" class=\"wp-block-jetpack-slideshow_image wp-image-23213\" data-id=\"23213\" src=\"https:\/\/jornalfatosenoticias.com.br\/wp-content\/uploads\/2021\/09\/OMS-1.jpg\" srcset=\"https:\/\/jornalfatosenoticias.com.br\/wp-content\/uploads\/2021\/09\/OMS-1.jpg 1000w, https:\/\/jornalfatosenoticias.com.br\/wp-content\/uploads\/2021\/09\/OMS-1-300x139.jpg 300w, https:\/\/jornalfatosenoticias.com.br\/wp-content\/uploads\/2021\/09\/OMS-1-768x356.jpg 768w\" sizes=\"auto, (max-width: 1000px) 100vw, 1000px\" \/><\/figure><\/li><\/ul><a class=\"wp-block-jetpack-slideshow_button-prev swiper-button-prev swiper-button-white\" role=\"button\"><\/a><a class=\"wp-block-jetpack-slideshow_button-next swiper-button-next swiper-button-white\" role=\"button\"><\/a><a aria-label=\"Pause Slideshow\" class=\"wp-block-jetpack-slideshow_button-pause\" role=\"button\"><\/a><div class=\"wp-block-jetpack-slideshow_pagination swiper-pagination swiper-pagination-white\"><\/div><\/div><\/div>\n","protected":false},"excerpt":{"rendered":"<p>No Esp\u00edrito Santo, presidente da ONG Juntos SOS Esp\u00edrito Santo Ambiental, Eraylton Moreschi, trabalha h\u00e1 anos no combate \u00e0 polui\u00e7\u00e3o do ar A ONG Juntos SOS Esp\u00edrito Santo Ambiental requereu, nesta quarta-feira (22), ao Minist\u00e9rio P\u00fablico Estadual (N\u00famero: OUV2021089239) que determine a realiza\u00e7\u00e3o de processo revis\u00f3rio por empresas isentas e certificadas de todas as metas [&hellip;]<\/p>\n","protected":false},"author":3,"featured_media":23214,"comment_status":"open","ping_status":"open","sticky":false,"template":"","format":"standard","meta":{"footnotes":""},"categories":[8,11],"tags":[9769,360,89,8871,4024,1856],"class_list":["post-23205","post","type-post","status-publish","format-standard","has-post-thumbnail","hentry","category-meio-ambiente","category-saude","tag-juntos-sos-es-ambiental-3","tag-mudancas-climaticas","tag-oms","tag-po-preto","tag-poluicao-do-ar","tag-qualidade-do-ar"],"yoast_head":"<!-- This site is optimized with the Yoast SEO plugin v26.5 - https:\/\/yoast.com\/wordpress\/plugins\/seo\/ -->\n<title>OMS faz alerta sobre as novas Diretrizes Globais de Qualidade do Ar - Jornal Fatos e Not\u00edcias<\/title>\n<meta name=\"robots\" content=\"index, follow, max-snippet:-1, max-image-preview:large, max-video-preview:-1\" \/>\n<link rel=\"canonical\" href=\"https:\/\/jornalfatosenoticias.com.br\/index.php\/2021\/09\/24\/oms-faz-alerta-sobre-as-novas-diretrizes-globais-de-qualidade-do-ar\/\" \/>\n<meta property=\"og:locale\" content=\"pt_BR\" \/>\n<meta property=\"og:type\" content=\"article\" \/>\n<meta property=\"og:title\" content=\"OMS faz alerta sobre as novas Diretrizes Globais de Qualidade do Ar - Jornal Fatos e Not\u00edcias\" \/>\n<meta property=\"og:description\" content=\"No Esp\u00edrito Santo, presidente da ONG Juntos SOS Esp\u00edrito Santo Ambiental, Eraylton Moreschi, trabalha h\u00e1 anos no combate \u00e0 polui\u00e7\u00e3o do ar A ONG Juntos SOS Esp\u00edrito Santo Ambiental requereu, nesta quarta-feira (22), ao Minist\u00e9rio P\u00fablico Estadual (N\u00famero: OUV2021089239) que determine a realiza\u00e7\u00e3o de processo revis\u00f3rio por empresas isentas e certificadas de todas as metas [&hellip;]\" \/>\n<meta property=\"og:url\" content=\"https:\/\/jornalfatosenoticias.com.br\/index.php\/2021\/09\/24\/oms-faz-alerta-sobre-as-novas-diretrizes-globais-de-qualidade-do-ar\/\" \/>\n<meta property=\"og:site_name\" content=\"Jornal Fatos e Not\u00edcias\" \/>\n<meta property=\"article:published_time\" content=\"2021-09-24T14:24:51+00:00\" \/>\n<meta property=\"article:modified_time\" content=\"2021-09-24T22:21:44+00:00\" \/>\n<meta property=\"og:image\" content=\"https:\/\/jornalfatosenoticias.com.br\/wp-content\/uploads\/2021\/09\/poluicao-do-ar.jpg\" \/>\n\t<meta property=\"og:image:width\" content=\"1000\" \/>\n\t<meta property=\"og:image:height\" content=\"666\" \/>\n\t<meta property=\"og:image:type\" content=\"image\/jpeg\" \/>\n<meta name=\"author\" content=\"Haroldo Filho\" \/>\n<meta name=\"twitter:card\" content=\"summary_large_image\" \/>\n<meta name=\"twitter:label1\" content=\"Escrito por\" \/>\n\t<meta name=\"twitter:data1\" content=\"Haroldo Filho\" \/>\n\t<meta name=\"twitter:label2\" content=\"Est. tempo de leitura\" \/>\n\t<meta name=\"twitter:data2\" content=\"8 minutos\" \/>\n<script type=\"application\/ld+json\" class=\"yoast-schema-graph\">{\"@context\":\"https:\/\/schema.org\",\"@graph\":[{\"@type\":\"Article\",\"@id\":\"https:\/\/jornalfatosenoticias.com.br\/index.php\/2021\/09\/24\/oms-faz-alerta-sobre-as-novas-diretrizes-globais-de-qualidade-do-ar\/#article\",\"isPartOf\":{\"@id\":\"https:\/\/jornalfatosenoticias.com.br\/index.php\/2021\/09\/24\/oms-faz-alerta-sobre-as-novas-diretrizes-globais-de-qualidade-do-ar\/\"},\"author\":{\"name\":\"Haroldo Filho\",\"@id\":\"https:\/\/jornalfatosenoticias.com.br\/#\/schema\/person\/05c46cc25b42a5c27e004fb0fa6b4965\"},\"headline\":\"OMS faz alerta sobre as novas Diretrizes Globais de Qualidade do Ar\",\"datePublished\":\"2021-09-24T14:24:51+00:00\",\"dateModified\":\"2021-09-24T22:21:44+00:00\",\"mainEntityOfPage\":{\"@id\":\"https:\/\/jornalfatosenoticias.com.br\/index.php\/2021\/09\/24\/oms-faz-alerta-sobre-as-novas-diretrizes-globais-de-qualidade-do-ar\/\"},\"wordCount\":1696,\"commentCount\":0,\"publisher\":{\"@id\":\"https:\/\/jornalfatosenoticias.com.br\/#organization\"},\"image\":{\"@id\":\"https:\/\/jornalfatosenoticias.com.br\/index.php\/2021\/09\/24\/oms-faz-alerta-sobre-as-novas-diretrizes-globais-de-qualidade-do-ar\/#primaryimage\"},\"thumbnailUrl\":\"https:\/\/jornalfatosenoticias.com.br\/wp-content\/uploads\/2021\/09\/poluicao-do-ar.jpg\",\"keywords\":[\"Juntos SOS ES Ambiental\",\"mudan\u00e7as clim\u00e1ticas\",\"oms\",\"p\u00f3 preto\",\"polui\u00e7\u00e3o do ar\",\"qualidade do ar\"],\"articleSection\":[\"Meio ambiente\",\"Sa\u00fade\"],\"inLanguage\":\"pt-BR\",\"potentialAction\":[{\"@type\":\"CommentAction\",\"name\":\"Comment\",\"target\":[\"https:\/\/jornalfatosenoticias.com.br\/index.php\/2021\/09\/24\/oms-faz-alerta-sobre-as-novas-diretrizes-globais-de-qualidade-do-ar\/#respond\"]}]},{\"@type\":\"WebPage\",\"@id\":\"https:\/\/jornalfatosenoticias.com.br\/index.php\/2021\/09\/24\/oms-faz-alerta-sobre-as-novas-diretrizes-globais-de-qualidade-do-ar\/\",\"url\":\"https:\/\/jornalfatosenoticias.com.br\/index.php\/2021\/09\/24\/oms-faz-alerta-sobre-as-novas-diretrizes-globais-de-qualidade-do-ar\/\",\"name\":\"OMS faz alerta sobre as novas Diretrizes Globais de Qualidade do Ar - Jornal Fatos e Not\u00edcias\",\"isPartOf\":{\"@id\":\"https:\/\/jornalfatosenoticias.com.br\/#website\"},\"primaryImageOfPage\":{\"@id\":\"https:\/\/jornalfatosenoticias.com.br\/index.php\/2021\/09\/24\/oms-faz-alerta-sobre-as-novas-diretrizes-globais-de-qualidade-do-ar\/#primaryimage\"},\"image\":{\"@id\":\"https:\/\/jornalfatosenoticias.com.br\/index.php\/2021\/09\/24\/oms-faz-alerta-sobre-as-novas-diretrizes-globais-de-qualidade-do-ar\/#primaryimage\"},\"thumbnailUrl\":\"https:\/\/jornalfatosenoticias.com.br\/wp-content\/uploads\/2021\/09\/poluicao-do-ar.jpg\",\"datePublished\":\"2021-09-24T14:24:51+00:00\",\"dateModified\":\"2021-09-24T22:21:44+00:00\",\"breadcrumb\":{\"@id\":\"https:\/\/jornalfatosenoticias.com.br\/index.php\/2021\/09\/24\/oms-faz-alerta-sobre-as-novas-diretrizes-globais-de-qualidade-do-ar\/#breadcrumb\"},\"inLanguage\":\"pt-BR\",\"potentialAction\":[{\"@type\":\"ReadAction\",\"target\":[\"https:\/\/jornalfatosenoticias.com.br\/index.php\/2021\/09\/24\/oms-faz-alerta-sobre-as-novas-diretrizes-globais-de-qualidade-do-ar\/\"]}]},{\"@type\":\"ImageObject\",\"inLanguage\":\"pt-BR\",\"@id\":\"https:\/\/jornalfatosenoticias.com.br\/index.php\/2021\/09\/24\/oms-faz-alerta-sobre-as-novas-diretrizes-globais-de-qualidade-do-ar\/#primaryimage\",\"url\":\"https:\/\/jornalfatosenoticias.com.br\/wp-content\/uploads\/2021\/09\/poluicao-do-ar.jpg\",\"contentUrl\":\"https:\/\/jornalfatosenoticias.com.br\/wp-content\/uploads\/2021\/09\/poluicao-do-ar.jpg\",\"width\":1000,\"height\":666},{\"@type\":\"BreadcrumbList\",\"@id\":\"https:\/\/jornalfatosenoticias.com.br\/index.php\/2021\/09\/24\/oms-faz-alerta-sobre-as-novas-diretrizes-globais-de-qualidade-do-ar\/#breadcrumb\",\"itemListElement\":[{\"@type\":\"ListItem\",\"position\":1,\"name\":\"In\u00edcio\",\"item\":\"https:\/\/jornalfatosenoticias.com.br\/\"},{\"@type\":\"ListItem\",\"position\":2,\"name\":\"OMS faz alerta sobre as novas Diretrizes Globais de Qualidade do Ar\"}]},{\"@type\":\"WebSite\",\"@id\":\"https:\/\/jornalfatosenoticias.com.br\/#website\",\"url\":\"https:\/\/jornalfatosenoticias.com.br\/\",\"name\":\"Jornal Fatos e Not\u00edcias\",\"description\":\"Not\u00edcias em geral\",\"publisher\":{\"@id\":\"https:\/\/jornalfatosenoticias.com.br\/#organization\"},\"potentialAction\":[{\"@type\":\"SearchAction\",\"target\":{\"@type\":\"EntryPoint\",\"urlTemplate\":\"https:\/\/jornalfatosenoticias.com.br\/?s={search_term_string}\"},\"query-input\":{\"@type\":\"PropertyValueSpecification\",\"valueRequired\":true,\"valueName\":\"search_term_string\"}}],\"inLanguage\":\"pt-BR\"},{\"@type\":\"Organization\",\"@id\":\"https:\/\/jornalfatosenoticias.com.br\/#organization\",\"name\":\"Jornal Fatos e Not\u00edcias\",\"url\":\"https:\/\/jornalfatosenoticias.com.br\/\",\"logo\":{\"@type\":\"ImageObject\",\"inLanguage\":\"pt-BR\",\"@id\":\"https:\/\/jornalfatosenoticias.com.br\/#\/schema\/logo\/image\/\",\"url\":\"https:\/\/jornalfatosenoticias.com.br\/wp-content\/uploads\/2020\/02\/logo120.png\",\"contentUrl\":\"https:\/\/jornalfatosenoticias.com.br\/wp-content\/uploads\/2020\/02\/logo120.png\",\"width\":1227,\"height\":120,\"caption\":\"Jornal Fatos e Not\u00edcias\"},\"image\":{\"@id\":\"https:\/\/jornalfatosenoticias.com.br\/#\/schema\/logo\/image\/\"}},{\"@type\":\"Person\",\"@id\":\"https:\/\/jornalfatosenoticias.com.br\/#\/schema\/person\/05c46cc25b42a5c27e004fb0fa6b4965\",\"name\":\"Haroldo Filho\",\"image\":{\"@type\":\"ImageObject\",\"inLanguage\":\"pt-BR\",\"@id\":\"https:\/\/jornalfatosenoticias.com.br\/#\/schema\/person\/image\/\",\"url\":\"https:\/\/jornalfatosenoticias.com.br\/wp-content\/uploads\/2025\/08\/WhatsApp-Image-2025-08-18-at-15.30.28-150x150.jpeg\",\"contentUrl\":\"https:\/\/jornalfatosenoticias.com.br\/wp-content\/uploads\/2025\/08\/WhatsApp-Image-2025-08-18-at-15.30.28-150x150.jpeg\",\"caption\":\"Haroldo Filho\"},\"description\":\"Jornalista \u2013 DRT: 0003818\/ES Coordenador-geral da ONG Educar para Crescer\",\"url\":\"https:\/\/jornalfatosenoticias.com.br\/index.php\/author\/haroldo\/\"}]}<\/script>\n<!-- \/ Yoast SEO plugin. -->","yoast_head_json":{"title":"OMS faz alerta sobre as novas Diretrizes Globais de Qualidade do Ar - Jornal Fatos e Not\u00edcias","robots":{"index":"index","follow":"follow","max-snippet":"max-snippet:-1","max-image-preview":"max-image-preview:large","max-video-preview":"max-video-preview:-1"},"canonical":"https:\/\/jornalfatosenoticias.com.br\/index.php\/2021\/09\/24\/oms-faz-alerta-sobre-as-novas-diretrizes-globais-de-qualidade-do-ar\/","og_locale":"pt_BR","og_type":"article","og_title":"OMS faz alerta sobre as novas Diretrizes Globais de Qualidade do Ar - Jornal Fatos e Not\u00edcias","og_description":"No Esp\u00edrito Santo, presidente da ONG Juntos SOS Esp\u00edrito Santo Ambiental, Eraylton Moreschi, trabalha h\u00e1 anos no combate \u00e0 polui\u00e7\u00e3o do ar A ONG Juntos SOS Esp\u00edrito Santo Ambiental requereu, nesta quarta-feira (22), ao Minist\u00e9rio P\u00fablico Estadual (N\u00famero: OUV2021089239) que determine a realiza\u00e7\u00e3o de processo revis\u00f3rio por empresas isentas e certificadas de todas as metas [&hellip;]","og_url":"https:\/\/jornalfatosenoticias.com.br\/index.php\/2021\/09\/24\/oms-faz-alerta-sobre-as-novas-diretrizes-globais-de-qualidade-do-ar\/","og_site_name":"Jornal Fatos e Not\u00edcias","article_published_time":"2021-09-24T14:24:51+00:00","article_modified_time":"2021-09-24T22:21:44+00:00","og_image":[{"width":1000,"height":666,"url":"https:\/\/jornalfatosenoticias.com.br\/wp-content\/uploads\/2021\/09\/poluicao-do-ar.jpg","type":"image\/jpeg"}],"author":"Haroldo Filho","twitter_card":"summary_large_image","twitter_misc":{"Escrito por":"Haroldo Filho","Est. tempo de leitura":"8 minutos"},"schema":{"@context":"https:\/\/schema.org","@graph":[{"@type":"Article","@id":"https:\/\/jornalfatosenoticias.com.br\/index.php\/2021\/09\/24\/oms-faz-alerta-sobre-as-novas-diretrizes-globais-de-qualidade-do-ar\/#article","isPartOf":{"@id":"https:\/\/jornalfatosenoticias.com.br\/index.php\/2021\/09\/24\/oms-faz-alerta-sobre-as-novas-diretrizes-globais-de-qualidade-do-ar\/"},"author":{"name":"Haroldo Filho","@id":"https:\/\/jornalfatosenoticias.com.br\/#\/schema\/person\/05c46cc25b42a5c27e004fb0fa6b4965"},"headline":"OMS faz alerta sobre as novas Diretrizes Globais de Qualidade do Ar","datePublished":"2021-09-24T14:24:51+00:00","dateModified":"2021-09-24T22:21:44+00:00","mainEntityOfPage":{"@id":"https:\/\/jornalfatosenoticias.com.br\/index.php\/2021\/09\/24\/oms-faz-alerta-sobre-as-novas-diretrizes-globais-de-qualidade-do-ar\/"},"wordCount":1696,"commentCount":0,"publisher":{"@id":"https:\/\/jornalfatosenoticias.com.br\/#organization"},"image":{"@id":"https:\/\/jornalfatosenoticias.com.br\/index.php\/2021\/09\/24\/oms-faz-alerta-sobre-as-novas-diretrizes-globais-de-qualidade-do-ar\/#primaryimage"},"thumbnailUrl":"https:\/\/jornalfatosenoticias.com.br\/wp-content\/uploads\/2021\/09\/poluicao-do-ar.jpg","keywords":["Juntos SOS ES Ambiental","mudan\u00e7as clim\u00e1ticas","oms","p\u00f3 preto","polui\u00e7\u00e3o do ar","qualidade do ar"],"articleSection":["Meio ambiente","Sa\u00fade"],"inLanguage":"pt-BR","potentialAction":[{"@type":"CommentAction","name":"Comment","target":["https:\/\/jornalfatosenoticias.com.br\/index.php\/2021\/09\/24\/oms-faz-alerta-sobre-as-novas-diretrizes-globais-de-qualidade-do-ar\/#respond"]}]},{"@type":"WebPage","@id":"https:\/\/jornalfatosenoticias.com.br\/index.php\/2021\/09\/24\/oms-faz-alerta-sobre-as-novas-diretrizes-globais-de-qualidade-do-ar\/","url":"https:\/\/jornalfatosenoticias.com.br\/index.php\/2021\/09\/24\/oms-faz-alerta-sobre-as-novas-diretrizes-globais-de-qualidade-do-ar\/","name":"OMS faz alerta sobre as novas Diretrizes Globais de Qualidade do Ar - Jornal Fatos e Not\u00edcias","isPartOf":{"@id":"https:\/\/jornalfatosenoticias.com.br\/#website"},"primaryImageOfPage":{"@id":"https:\/\/jornalfatosenoticias.com.br\/index.php\/2021\/09\/24\/oms-faz-alerta-sobre-as-novas-diretrizes-globais-de-qualidade-do-ar\/#primaryimage"},"image":{"@id":"https:\/\/jornalfatosenoticias.com.br\/index.php\/2021\/09\/24\/oms-faz-alerta-sobre-as-novas-diretrizes-globais-de-qualidade-do-ar\/#primaryimage"},"thumbnailUrl":"https:\/\/jornalfatosenoticias.com.br\/wp-content\/uploads\/2021\/09\/poluicao-do-ar.jpg","datePublished":"2021-09-24T14:24:51+00:00","dateModified":"2021-09-24T22:21:44+00:00","breadcrumb":{"@id":"https:\/\/jornalfatosenoticias.com.br\/index.php\/2021\/09\/24\/oms-faz-alerta-sobre-as-novas-diretrizes-globais-de-qualidade-do-ar\/#breadcrumb"},"inLanguage":"pt-BR","potentialAction":[{"@type":"ReadAction","target":["https:\/\/jornalfatosenoticias.com.br\/index.php\/2021\/09\/24\/oms-faz-alerta-sobre-as-novas-diretrizes-globais-de-qualidade-do-ar\/"]}]},{"@type":"ImageObject","inLanguage":"pt-BR","@id":"https:\/\/jornalfatosenoticias.com.br\/index.php\/2021\/09\/24\/oms-faz-alerta-sobre-as-novas-diretrizes-globais-de-qualidade-do-ar\/#primaryimage","url":"https:\/\/jornalfatosenoticias.com.br\/wp-content\/uploads\/2021\/09\/poluicao-do-ar.jpg","contentUrl":"https:\/\/jornalfatosenoticias.com.br\/wp-content\/uploads\/2021\/09\/poluicao-do-ar.jpg","width":1000,"height":666},{"@type":"BreadcrumbList","@id":"https:\/\/jornalfatosenoticias.com.br\/index.php\/2021\/09\/24\/oms-faz-alerta-sobre-as-novas-diretrizes-globais-de-qualidade-do-ar\/#breadcrumb","itemListElement":[{"@type":"ListItem","position":1,"name":"In\u00edcio","item":"https:\/\/jornalfatosenoticias.com.br\/"},{"@type":"ListItem","position":2,"name":"OMS faz alerta sobre as novas Diretrizes Globais de Qualidade do Ar"}]},{"@type":"WebSite","@id":"https:\/\/jornalfatosenoticias.com.br\/#website","url":"https:\/\/jornalfatosenoticias.com.br\/","name":"Jornal Fatos e Not\u00edcias","description":"Not\u00edcias em geral","publisher":{"@id":"https:\/\/jornalfatosenoticias.com.br\/#organization"},"potentialAction":[{"@type":"SearchAction","target":{"@type":"EntryPoint","urlTemplate":"https:\/\/jornalfatosenoticias.com.br\/?s={search_term_string}"},"query-input":{"@type":"PropertyValueSpecification","valueRequired":true,"valueName":"search_term_string"}}],"inLanguage":"pt-BR"},{"@type":"Organization","@id":"https:\/\/jornalfatosenoticias.com.br\/#organization","name":"Jornal Fatos e Not\u00edcias","url":"https:\/\/jornalfatosenoticias.com.br\/","logo":{"@type":"ImageObject","inLanguage":"pt-BR","@id":"https:\/\/jornalfatosenoticias.com.br\/#\/schema\/logo\/image\/","url":"https:\/\/jornalfatosenoticias.com.br\/wp-content\/uploads\/2020\/02\/logo120.png","contentUrl":"https:\/\/jornalfatosenoticias.com.br\/wp-content\/uploads\/2020\/02\/logo120.png","width":1227,"height":120,"caption":"Jornal Fatos e Not\u00edcias"},"image":{"@id":"https:\/\/jornalfatosenoticias.com.br\/#\/schema\/logo\/image\/"}},{"@type":"Person","@id":"https:\/\/jornalfatosenoticias.com.br\/#\/schema\/person\/05c46cc25b42a5c27e004fb0fa6b4965","name":"Haroldo Filho","image":{"@type":"ImageObject","inLanguage":"pt-BR","@id":"https:\/\/jornalfatosenoticias.com.br\/#\/schema\/person\/image\/","url":"https:\/\/jornalfatosenoticias.com.br\/wp-content\/uploads\/2025\/08\/WhatsApp-Image-2025-08-18-at-15.30.28-150x150.jpeg","contentUrl":"https:\/\/jornalfatosenoticias.com.br\/wp-content\/uploads\/2025\/08\/WhatsApp-Image-2025-08-18-at-15.30.28-150x150.jpeg","caption":"Haroldo Filho"},"description":"Jornalista \u2013 DRT: 0003818\/ES Coordenador-geral da ONG Educar para Crescer","url":"https:\/\/jornalfatosenoticias.com.br\/index.php\/author\/haroldo\/"}]}},"cc_featured_image_caption":{"caption_text":"Polui\u00e7\u00e3o do ar (Foto: iStock)","source_text":"","source_url":""},"jetpack_featured_media_url":"https:\/\/jornalfatosenoticias.com.br\/wp-content\/uploads\/2021\/09\/poluicao-do-ar.jpg","_links":{"self":[{"href":"https:\/\/jornalfatosenoticias.com.br\/index.php\/wp-json\/wp\/v2\/posts\/23205","targetHints":{"allow":["GET"]}}],"collection":[{"href":"https:\/\/jornalfatosenoticias.com.br\/index.php\/wp-json\/wp\/v2\/posts"}],"about":[{"href":"https:\/\/jornalfatosenoticias.com.br\/index.php\/wp-json\/wp\/v2\/types\/post"}],"author":[{"embeddable":true,"href":"https:\/\/jornalfatosenoticias.com.br\/index.php\/wp-json\/wp\/v2\/users\/3"}],"replies":[{"embeddable":true,"href":"https:\/\/jornalfatosenoticias.com.br\/index.php\/wp-json\/wp\/v2\/comments?post=23205"}],"version-history":[{"count":0,"href":"https:\/\/jornalfatosenoticias.com.br\/index.php\/wp-json\/wp\/v2\/posts\/23205\/revisions"}],"wp:featuredmedia":[{"embeddable":true,"href":"https:\/\/jornalfatosenoticias.com.br\/index.php\/wp-json\/wp\/v2\/media\/23214"}],"wp:attachment":[{"href":"https:\/\/jornalfatosenoticias.com.br\/index.php\/wp-json\/wp\/v2\/media?parent=23205"}],"wp:term":[{"taxonomy":"category","embeddable":true,"href":"https:\/\/jornalfatosenoticias.com.br\/index.php\/wp-json\/wp\/v2\/categories?post=23205"},{"taxonomy":"post_tag","embeddable":true,"href":"https:\/\/jornalfatosenoticias.com.br\/index.php\/wp-json\/wp\/v2\/tags?post=23205"}],"curies":[{"name":"wp","href":"https:\/\/api.w.org\/{rel}","templated":true}]}}